{"id":1167,"date":"2016-06-07T13:01:13","date_gmt":"2016-06-07T13:01:13","guid":{"rendered":"http:\/\/skoda-rowery.pl\/?p=1167"},"modified":"2016-12-05T08:52:42","modified_gmt":"2016-12-05T08:52:42","slug":"znamy-wyniki-letape-du-tour-2016","status":"publish","type":"post","link":"https:\/\/www.welovecycling.com\/pl\/2016\/06\/07\/znamy-wyniki-letape-du-tour-2016\/","title":{"rendered":"Znamy wyniki L\u2019\u00c9tape du Tour 2016!"},"content":{"rendered":"<p style=\"text-align: justify\">Do tegorocznej edycji konkursu L\u2019\u00c9tape du Tour zg\u0142osi\u0142o si\u0119 mn\u00f3stwo uczestnik\u00f3w. Ka\u017cdy z nich marzy\u0142, by sta\u0107 si\u0119 cz\u0119\u015bci\u0105 teamu \u0160koda We Love Cycling. Z rado\u015bci\u0105 og\u0142aszamy zwyci\u0119sk\u0105 si\u00f3demk\u0119, kt\u00f3ra swoj\u0105 pasj\u0105 i zapa\u0142em udowodni\u0142a, \u017ce jak nikt inny zas\u0142uguje na wygran\u0105. Szczeg\u00f3lnie mi\u0142o jest nam powita\u0107 w dru\u017cynie Paw\u0142a Pir\u00f3ga. Gratulacje!<!--more--><\/p>\n<p style=\"text-align: justify\">Witamy w dru\u017cynie:<\/p>\n<ul style=\"text-align: justify\">\n<li>SK \u2013 Tom\u00e1\u0161 Me\u0148u\u0161<\/li>\n<li>DE \u2013 Ulf G\u00f6sse<\/li>\n<li>FR \u2013 Liudmila Cordier<\/li>\n<li>PL \u2013 Pawe\u0142 Pir\u00f3g<\/li>\n<li>CZ \u2013 Lud\u011bk Hrdina<\/li>\n<li>UK \u2013 Kyle Abrahams<\/li>\n<li>ES \u2013 Buenaventura Mendoza Chinea<\/li>\n<\/ul>\n<p style=\"text-align: justify\">Je\u015bli jeste\u015b na li\u015bcie sprawd\u017a koniecznie swoj\u0105 skrzynk\u0119 mailow\u0105! Organizatorzy skontaktowali si\u0119 z Wami, by przekaza\u0107 dalsze wskaz\u00f3wki. Zwyci\u0119zcy do\u0142\u0105cz\u0105 do naszej ekipy na 146- kilometrowej trasie z Meg\u00e8ve to Morzine w niedziel\u0119 10 lipca. Trasa jest jednocze\u015bnie 20 etapem Tour de France.<\/p>\n<p style=\"text-align: justify\">Zobaczcie jak wygl\u0105da\u0142o jedno ze zg\u0142osze\u0144:<\/p>\n<p style=\"text-align: justify\">\n<p style=\"text-align: justify\"><img loading=\"lazy\" decoding=\"async\" class=\"alignnone size-large wp-image-1169\" src=\"http:\/\/skoda-rowery.pl\/wp-content\/uploads\/2016\/06\/Buenaventura-Mendoza-Chinea_scr-1024x1011-1024x1011.png\" alt=\"Buenaventura-Mendoza-Chinea_scr-1024x1011\" width=\"1024\" height=\"1011\" srcset=\"https:\/\/d2p6e6u75xmxt8.cloudfront.net\/5\/2016\/06\/Buenaventura-Mendoza-Chinea_scr-1024x1011.png 1024w, https:\/\/d2p6e6u75xmxt8.cloudfront.net\/5\/2016\/06\/Buenaventura-Mendoza-Chinea_scr-1024x1011-300x296.png 300w, https:\/\/d2p6e6u75xmxt8.cloudfront.net\/5\/2016\/06\/Buenaventura-Mendoza-Chinea_scr-1024x1011-768x758.png 768w\" sizes=\"auto, (max-width: 1024px) 100vw, 1024px\" \/><\/p>\n","protected":false},"excerpt":{"rendered":"<p>Do tegorocznej edycji konkursu L\u2019\u00c9tape du Tour zg\u0142osi\u0142o si\u0119 mn\u00f3stwo uczestnik\u00f3w. Ka\u017cdy z nich marzy\u0142, by sta\u0107 si\u0119 cz\u0119\u015bci\u0105 teamu [&hellip;]<\/p>\n","protected":false},"author":1,"featured_media":1168,"comment_status":"open","ping_status":"closed","sticky":false,"template":"","format":"standard","meta":{"footnotes":""},"categories":[1],"tags":[41,77],"global-categories":[],"class_list":["post-1167","post","type-post","status-publish","format-standard","has-post-thumbnail","hentry","category-uncategorized","tag-cycling","tag-tour-de-france"],"yoast_head":"<!-- This site is optimized with the Yoast SEO Premium plugin v25.3 (Yoast SEO v25.9) - https:\/\/yoast.com\/wordpress\/plugins\/seo\/ -->\n<title>Znamy wyniki L\u2019\u00c9tape du Tour 2016! - \u0160koda We Love Cycling - Poland<\/title>\n<meta name=\"robots\" content=\"index, follow, max-snippet:-1, max-image-preview:large, max-video-preview:-1\" \/>\n<link rel=\"canonical\" href=\"https:\/\/www.welovecycling.com\/pl\/2016\/06\/07\/znamy-wyniki-letape-du-tour-2016\/\" \/>\n<meta property=\"og:locale\" content=\"pl_PL\" \/>\n<meta property=\"og:type\" content=\"article\" \/>\n<meta property=\"og:title\" content=\"Znamy wyniki L\u2019\u00c9tape du Tour 2016!\" \/>\n<meta property=\"og:description\" content=\"Do tegorocznej edycji konkursu L\u2019\u00c9tape du Tour zg\u0142osi\u0142o si\u0119 mn\u00f3stwo uczestnik\u00f3w. Ka\u017cdy z nich marzy\u0142, by sta\u0107 si\u0119 cz\u0119\u015bci\u0105 teamu [&hellip;]\" \/>\n<meta property=\"og:url\" content=\"https:\/\/www.welovecycling.com\/pl\/2016\/06\/07\/znamy-wyniki-letape-du-tour-2016\/\" \/>\n<meta property=\"og:site_name\" content=\"\u0160koda We Love Cycling - Poland\" \/>\n<meta property=\"article:published_time\" content=\"2016-06-07T13:01:13+00:00\" \/>\n<meta property=\"article:modified_time\" content=\"2016-12-05T08:52:42+00:00\" \/>\n<meta property=\"og:image\" content=\"https:\/\/d2p6e6u75xmxt8.cloudfront.net\/5\/2016\/06\/martin_letape.jpg\" \/>\n\t<meta property=\"og:image:width\" content=\"900\" \/>\n\t<meta property=\"og:image:height\" content=\"600\" \/>\n\t<meta property=\"og:image:type\" content=\"image\/jpeg\" \/>\n<meta name=\"author\" content=\"WeLoveCycling\" \/>\n<meta name=\"twitter:card\" content=\"summary_large_image\" \/>\n<meta name=\"twitter:label1\" content=\"Written by\" \/>\n\t<meta name=\"twitter:data1\" content=\"WeLoveCycling\" \/>\n\t<meta name=\"twitter:label2\" content=\"Est. reading time\" \/>\n\t<meta name=\"twitter:data2\" content=\"1 minute\" \/>\n<script type=\"application\/ld+json\" class=\"yoast-schema-graph\">{\"@context\":\"https:\/\/schema.org\",\"@graph\":[{\"@type\":\"WebPage\",\"@id\":\"https:\/\/www.welovecycling.com\/pl\/2016\/06\/07\/znamy-wyniki-letape-du-tour-2016\/\",\"url\":\"https:\/\/www.welovecycling.com\/pl\/2016\/06\/07\/znamy-wyniki-letape-du-tour-2016\/\",\"name\":\"Znamy wyniki L\u2019\u00c9tape du Tour 2016! - \u0160koda We Love Cycling - Poland\",\"isPartOf\":{\"@id\":\"https:\/\/www.welovecycling.com\/pl\/#website\"},\"primaryImageOfPage\":{\"@id\":\"https:\/\/www.welovecycling.com\/pl\/2016\/06\/07\/znamy-wyniki-letape-du-tour-2016\/#primaryimage\"},\"image\":{\"@id\":\"https:\/\/www.welovecycling.com\/pl\/2016\/06\/07\/znamy-wyniki-letape-du-tour-2016\/#primaryimage\"},\"thumbnailUrl\":\"https:\/\/d2p6e6u75xmxt8.cloudfront.net\/5\/2016\/06\/martin_letape.jpg\",\"datePublished\":\"2016-06-07T13:01:13+00:00\",\"dateModified\":\"2016-12-05T08:52:42+00:00\",\"author\":{\"@id\":\"https:\/\/www.welovecycling.com\/pl\/#\/schema\/person\/e5187c9cac8dd619ebc7b41bd73c2fd9\"},\"breadcrumb\":{\"@id\":\"https:\/\/www.welovecycling.com\/pl\/2016\/06\/07\/znamy-wyniki-letape-du-tour-2016\/#breadcrumb\"},\"inLanguage\":\"pl-PL\",\"potentialAction\":[{\"@type\":\"ReadAction\",\"target\":[\"https:\/\/www.welovecycling.com\/pl\/2016\/06\/07\/znamy-wyniki-letape-du-tour-2016\/\"]}]},{\"@type\":\"ImageObject\",\"inLanguage\":\"pl-PL\",\"@id\":\"https:\/\/www.welovecycling.com\/pl\/2016\/06\/07\/znamy-wyniki-letape-du-tour-2016\/#primaryimage\",\"url\":\"https:\/\/d2p6e6u75xmxt8.cloudfront.net\/5\/2016\/06\/martin_letape.jpg\",\"contentUrl\":\"https:\/\/d2p6e6u75xmxt8.cloudfront.net\/5\/2016\/06\/martin_letape.jpg\",\"width\":900,\"height\":600},{\"@type\":\"BreadcrumbList\",\"@id\":\"https:\/\/www.welovecycling.com\/pl\/2016\/06\/07\/znamy-wyniki-letape-du-tour-2016\/#breadcrumb\",\"itemListElement\":[{\"@type\":\"ListItem\",\"position\":1,\"name\":\"Home\",\"item\":\"https:\/\/www.welovecycling.com\/pl\/\"},{\"@type\":\"ListItem\",\"position\":2,\"name\":\"Znamy wyniki L\u2019\u00c9tape du Tour 2016!\"}]},{\"@type\":\"WebSite\",\"@id\":\"https:\/\/www.welovecycling.com\/pl\/#website\",\"url\":\"https:\/\/www.welovecycling.com\/pl\/\",\"name\":\"\u0160koda We Love Cycling - Poland\",\"description\":\"\",\"potentialAction\":[{\"@type\":\"SearchAction\",\"target\":{\"@type\":\"EntryPoint\",\"urlTemplate\":\"https:\/\/www.welovecycling.com\/pl\/?s={search_term_string}\"},\"query-input\":{\"@type\":\"PropertyValueSpecification\",\"valueRequired\":true,\"valueName\":\"search_term_string\"}}],\"inLanguage\":\"pl-PL\"},{\"@type\":\"Person\",\"@id\":\"https:\/\/www.welovecycling.com\/pl\/#\/schema\/person\/e5187c9cac8dd619ebc7b41bd73c2fd9\",\"name\":\"WeLoveCycling\",\"image\":{\"@type\":\"ImageObject\",\"inLanguage\":\"pl-PL\",\"@id\":\"https:\/\/www.welovecycling.com\/pl\/#\/schema\/person\/image\/\",\"url\":\"https:\/\/secure.gravatar.com\/avatar\/7e1ee0ecc5e294b19ef32b9f6086e0afbb9da00c3cb0d465ba4695331f4a9187?s=96&d=mm&r=g\",\"contentUrl\":\"https:\/\/secure.gravatar.com\/avatar\/7e1ee0ecc5e294b19ef32b9f6086e0afbb9da00c3cb0d465ba4695331f4a9187?s=96&d=mm&r=g\",\"caption\":\"WeLoveCycling\"},\"url\":\"https:\/\/www.welovecycling.com\/pl\/author\/lukascech\/\"}]}<\/script>\n<!-- \/ Yoast SEO Premium plugin. -->","yoast_head_json":{"title":"Znamy wyniki L\u2019\u00c9tape du Tour 2016! - \u0160koda We Love Cycling - Poland","robots":{"index":"index","follow":"follow","max-snippet":"max-snippet:-1","max-image-preview":"max-image-preview:large","max-video-preview":"max-video-preview:-1"},"canonical":"https:\/\/www.welovecycling.com\/pl\/2016\/06\/07\/znamy-wyniki-letape-du-tour-2016\/","og_locale":"pl_PL","og_type":"article","og_title":"Znamy wyniki L\u2019\u00c9tape du Tour 2016!","og_description":"Do tegorocznej edycji konkursu L\u2019\u00c9tape du Tour zg\u0142osi\u0142o si\u0119 mn\u00f3stwo uczestnik\u00f3w. Ka\u017cdy z nich marzy\u0142, by sta\u0107 si\u0119 cz\u0119\u015bci\u0105 teamu [&hellip;]","og_url":"https:\/\/www.welovecycling.com\/pl\/2016\/06\/07\/znamy-wyniki-letape-du-tour-2016\/","og_site_name":"\u0160koda We Love Cycling - Poland","article_published_time":"2016-06-07T13:01:13+00:00","article_modified_time":"2016-12-05T08:52:42+00:00","og_image":[{"width":900,"height":600,"url":"https:\/\/d2p6e6u75xmxt8.cloudfront.net\/5\/2016\/06\/martin_letape.jpg","type":"image\/jpeg"}],"author":"WeLoveCycling","twitter_card":"summary_large_image","twitter_misc":{"Written by":"WeLoveCycling","Est. reading time":"1 minute"},"schema":{"@context":"https:\/\/schema.org","@graph":[{"@type":"WebPage","@id":"https:\/\/www.welovecycling.com\/pl\/2016\/06\/07\/znamy-wyniki-letape-du-tour-2016\/","url":"https:\/\/www.welovecycling.com\/pl\/2016\/06\/07\/znamy-wyniki-letape-du-tour-2016\/","name":"Znamy wyniki L\u2019\u00c9tape du Tour 2016! - \u0160koda We Love Cycling - Poland","isPartOf":{"@id":"https:\/\/www.welovecycling.com\/pl\/#website"},"primaryImageOfPage":{"@id":"https:\/\/www.welovecycling.com\/pl\/2016\/06\/07\/znamy-wyniki-letape-du-tour-2016\/#primaryimage"},"image":{"@id":"https:\/\/www.welovecycling.com\/pl\/2016\/06\/07\/znamy-wyniki-letape-du-tour-2016\/#primaryimage"},"thumbnailUrl":"https:\/\/d2p6e6u75xmxt8.cloudfront.net\/5\/2016\/06\/martin_letape.jpg","datePublished":"2016-06-07T13:01:13+00:00","dateModified":"2016-12-05T08:52:42+00:00","author":{"@id":"https:\/\/www.welovecycling.com\/pl\/#\/schema\/person\/e5187c9cac8dd619ebc7b41bd73c2fd9"},"breadcrumb":{"@id":"https:\/\/www.welovecycling.com\/pl\/2016\/06\/07\/znamy-wyniki-letape-du-tour-2016\/#breadcrumb"},"inLanguage":"pl-PL","potentialAction":[{"@type":"ReadAction","target":["https:\/\/www.welovecycling.com\/pl\/2016\/06\/07\/znamy-wyniki-letape-du-tour-2016\/"]}]},{"@type":"ImageObject","inLanguage":"pl-PL","@id":"https:\/\/www.welovecycling.com\/pl\/2016\/06\/07\/znamy-wyniki-letape-du-tour-2016\/#primaryimage","url":"https:\/\/d2p6e6u75xmxt8.cloudfront.net\/5\/2016\/06\/martin_letape.jpg","contentUrl":"https:\/\/d2p6e6u75xmxt8.cloudfront.net\/5\/2016\/06\/martin_letape.jpg","width":900,"height":600},{"@type":"BreadcrumbList","@id":"https:\/\/www.welovecycling.com\/pl\/2016\/06\/07\/znamy-wyniki-letape-du-tour-2016\/#breadcrumb","itemListElement":[{"@type":"ListItem","position":1,"name":"Home","item":"https:\/\/www.welovecycling.com\/pl\/"},{"@type":"ListItem","position":2,"name":"Znamy wyniki L\u2019\u00c9tape du Tour 2016!"}]},{"@type":"WebSite","@id":"https:\/\/www.welovecycling.com\/pl\/#website","url":"https:\/\/www.welovecycling.com\/pl\/","name":"\u0160koda We Love Cycling - Poland","description":"","potentialAction":[{"@type":"SearchAction","target":{"@type":"EntryPoint","urlTemplate":"https:\/\/www.welovecycling.com\/pl\/?s={search_term_string}"},"query-input":{"@type":"PropertyValueSpecification","valueRequired":true,"valueName":"search_term_string"}}],"inLanguage":"pl-PL"},{"@type":"Person","@id":"https:\/\/www.welovecycling.com\/pl\/#\/schema\/person\/e5187c9cac8dd619ebc7b41bd73c2fd9","name":"WeLoveCycling","image":{"@type":"ImageObject","inLanguage":"pl-PL","@id":"https:\/\/www.welovecycling.com\/pl\/#\/schema\/person\/image\/","url":"https:\/\/secure.gravatar.com\/avatar\/7e1ee0ecc5e294b19ef32b9f6086e0afbb9da00c3cb0d465ba4695331f4a9187?s=96&d=mm&r=g","contentUrl":"https:\/\/secure.gravatar.com\/avatar\/7e1ee0ecc5e294b19ef32b9f6086e0afbb9da00c3cb0d465ba4695331f4a9187?s=96&d=mm&r=g","caption":"WeLoveCycling"},"url":"https:\/\/www.welovecycling.com\/pl\/author\/lukascech\/"}]}},"_links":{"self":[{"href":"https:\/\/www.welovecycling.com\/pl\/wp-json\/wp\/v2\/posts\/1167","targetHints":{"allow":["GET"]}}],"collection":[{"href":"https:\/\/www.welovecycling.com\/pl\/wp-json\/wp\/v2\/posts"}],"about":[{"href":"https:\/\/www.welovecycling.com\/pl\/wp-json\/wp\/v2\/types\/post"}],"author":[{"embeddable":true,"href":"https:\/\/www.welovecycling.com\/pl\/wp-json\/wp\/v2\/users\/1"}],"replies":[{"embeddable":true,"href":"https:\/\/www.welovecycling.com\/pl\/wp-json\/wp\/v2\/comments?post=1167"}],"version-history":[{"count":1,"href":"https:\/\/www.welovecycling.com\/pl\/wp-json\/wp\/v2\/posts\/1167\/revisions"}],"predecessor-version":[{"id":2454,"href":"https:\/\/www.welovecycling.com\/pl\/wp-json\/wp\/v2\/posts\/1167\/revisions\/2454"}],"wp:featuredmedia":[{"embeddable":true,"href":"https:\/\/www.welovecycling.com\/pl\/wp-json\/wp\/v2\/media\/1168"}],"wp:attachment":[{"href":"https:\/\/www.welovecycling.com\/pl\/wp-json\/wp\/v2\/media?parent=1167"}],"wp:term":[{"taxonomy":"category","embeddable":true,"href":"https:\/\/www.welovecycling.com\/pl\/wp-json\/wp\/v2\/categories?post=1167"},{"taxonomy":"post_tag","embeddable":true,"href":"https:\/\/www.welovecycling.com\/pl\/wp-json\/wp\/v2\/tags?post=1167"},{"taxonomy":"global-categories","embeddable":true,"href":"https:\/\/www.welovecycling.com\/pl\/wp-json\/wp\/v2\/global-categories?post=1167"}],"curies":[{"name":"wp","href":"https:\/\/api.w.org\/{rel}","templated":true}]}}