{"id":11648,"date":"2021-04-12T15:41:07","date_gmt":"2021-04-12T15:41:07","guid":{"rendered":"https:\/\/www.welovecycling.com\/pl\/?p=11648"},"modified":"2021-04-12T15:41:07","modified_gmt":"2021-04-12T15:41:07","slug":"codzienne-dojazdy-rowerem-do-pracy-zmniejszaja-emisje-co2-o-pol-tony-rocznie","status":"publish","type":"post","link":"https:\/\/www.welovecycling.com\/pl\/2021\/04\/12\/codzienne-dojazdy-rowerem-do-pracy-zmniejszaja-emisje-co2-o-pol-tony-rocznie\/","title":{"rendered":"Codzienne dojazdy rowerem do pracy zmniejszaj\u0105 emisj\u0119 CO2 o p\u00f3\u0142 tony rocznie"},"content":{"rendered":"<p><strong>Mo\u017ce si\u0119 wydawa\u0107, \u017ce dojazdy do pracy raz w tygodniu na rowerze niewiele daj\u0105. Nowe badanie pokazuje jednak co\u015b przeciwnego! Nawet niewielkie zmiany mog\u0105 mie\u0107 du\u017cy wp\u0142yw na nasz klimat. Przyjrzyjmy si\u0119 bli\u017cej temu, jaki wk\u0142ad w dbanie o \u015brodowisko mo\u017ce mie\u0107 pojedynczy rowerzysta.<\/strong><\/p>\n<h2><strong>Dojazd do pracy na rowerze pomaga zredukowa\u0107 osobist\u0105 emisj\u0119 CO<sub>2 <\/sub>o jedn\u0105 czwart\u0105<\/strong><\/h2>\n<p>Nowe badanie, opublikowane w czasopi\u015bmie \u201eGlobal Environmental Change\u201d, wykaza\u0142o, \u017ce przej\u015bcie na aktywny transport rowerowy pozwala zredukowa\u0107 nawet jedn\u0105 czwart\u0105 osobistych emisji CO<sub>2<\/sub> pochodz\u0105cych z transportu. Sugeruje te\u017c, \u017ce wzrost aktywnego transportu znacznie obni\u017ca \u015blad w\u0119glowy \u2013 r\u00f3wnie\u017c w europejskich miastach, w kt\u00f3rych ludzie cz\u0119\u015bciej decyduj\u0105 si\u0119 na spacer, czy jazd\u0119 na rowerze.<\/p>\n<figure id=\"attachment_182188\" aria-describedby=\"caption-attachment-182188\" style=\"width: 1024px\" class=\"wp-caption alignnone\"><img loading=\"lazy\" decoding=\"async\" class=\"loading wp-image-182188 size-large\" src=\"https:\/\/d2p6e6u75xmxt8.cloudfront.net\/2\/2021\/03\/Barcelona-profimedia-0516524467-1024x682.jpg\" sizes=\"auto, (max-width: 1024px) 100vw, 1024px\" srcset=\"https:\/\/d2p6e6u75xmxt8.cloudfront.net\/2\/2021\/03\/Barcelona-profimedia-0516524467-1024x682.jpg 1024w, https:\/\/d2p6e6u75xmxt8.cloudfront.net\/2\/2021\/03\/Barcelona-profimedia-0516524467-300x200.jpg 300w, https:\/\/d2p6e6u75xmxt8.cloudfront.net\/2\/2021\/03\/Barcelona-profimedia-0516524467-768x512.jpg 768w, https:\/\/d2p6e6u75xmxt8.cloudfront.net\/2\/2021\/03\/Barcelona-profimedia-0516524467-272x182.jpg 272w, https:\/\/d2p6e6u75xmxt8.cloudfront.net\/2\/2021\/03\/Barcelona-profimedia-0516524467.jpg 1250w\" alt=\"Barcelona cycling\" width=\"1024\" height=\"682\" data-was-processed=\"true\" \/><figcaption id=\"caption-attachment-182188\" class=\"wp-caption-text\">Jazda na rowerze redukuje emisj\u0119 CO2 o p\u00f3\u0142 tony rocznie. \u00a9 Profimedia<\/figcaption><\/figure>\n<p>Wsp\u00f3\u0142autorka badania, dr Audrey de Nazelle z Centrum Polityki \u015arodowiskowej w Imperial, powiedzia\u0142a: \u201eNasze odkrycia sugeruj\u0105, \u017ce nawet je\u015bli nie wszystkie wycieczki samochodowe mo\u017cna zast\u0105pi\u0107 rowerowymi, to potencja\u0142 do zmniejszenia emisji CO<sub>2<\/sub> jest ogromny\u201d.<\/p>\n<h2><strong>Licz\u0105 si\u0119 nawet drobne zmiany<\/strong><\/h2>\n<p>Naukowcy zebrali dane dotycz\u0105ce zachowa\u0144 zwi\u0105zanych z podr\u00f3\u017cowaniem od prawie 2000 os\u00f3b mieszkaj\u0105cych w siedmiu europejskich miastach: Antwerpii, Barcelonie, Londynie, Orebro, Rzymie, Wiedniu i Zurychu. G\u0142\u00f3wny badacz, dr Christian Brand z Uniwersytetu Oksfordzkiego, stwierdzi\u0142: \u201eOkaza\u0142o si\u0119, \u017ce osoby, kt\u00f3re decyduj\u0105 si\u0119 na jazd\u0119 rowerem zamiast samochodem, zmniejszaj\u0105 sw\u00f3j \u015blad w\u0119glowy o oko\u0142o p\u00f3\u0142 tony w ci\u0105gu roku\u201d.<\/p>\n<figure id=\"attachment_182184\" aria-describedby=\"caption-attachment-182184\" style=\"width: 1024px\" class=\"wp-caption alignnone\"><img loading=\"lazy\" decoding=\"async\" class=\"loaded wp-image-182184 size-large\" src=\"https:\/\/d2p6e6u75xmxt8.cloudfront.net\/2\/2021\/03\/Rome-cycling-profimedia-0570390154-1024x683.jpg\" sizes=\"auto, (max-width: 1024px) 100vw, 1024px\" srcset=\"https:\/\/d2p6e6u75xmxt8.cloudfront.net\/2\/2021\/03\/Rome-cycling-profimedia-0570390154-1024x683.jpg 1024w, https:\/\/d2p6e6u75xmxt8.cloudfront.net\/2\/2021\/03\/Rome-cycling-profimedia-0570390154-300x200.jpg 300w, https:\/\/d2p6e6u75xmxt8.cloudfront.net\/2\/2021\/03\/Rome-cycling-profimedia-0570390154-768x512.jpg 768w, https:\/\/d2p6e6u75xmxt8.cloudfront.net\/2\/2021\/03\/Rome-cycling-profimedia-0570390154-272x182.jpg 272w, https:\/\/d2p6e6u75xmxt8.cloudfront.net\/2\/2021\/03\/Rome-cycling-profimedia-0570390154.jpg 1250w\" alt=\"Cycling in Rome\" width=\"1024\" height=\"683\" data-was-processed=\"true\" \/><figcaption id=\"caption-attachment-182184\" class=\"wp-caption-text\">Jazda na rowerze do pracy raz w tygodniu robi r\u00f3\u017cnic\u0119. \u00a9 Profimedia<\/figcaption><\/figure>\n<p>W miastach obj\u0119tych tym badaniem \u015bredni roczny poziom emisji CO<sub>2<\/sub> na osob\u0119 korzystaj\u0105c\u0105 z transportu waha\u0142 si\u0119 od 1,8 tony w Wielkiej Brytanii do 2,7 tony w Austrii. Redukcja o p\u00f3\u0142 tony by\u0142aby wi\u0119c bardzo znacz\u0105ca. \u201eGdyby tylko 10% populacji zmieni\u0142o spos\u00f3b podr\u00f3\u017cowania, oszcz\u0119dno\u015bci wynios\u0142yby oko\u0142o 4% emisji CO<sub>2<\/sub> z wszystkich podr\u00f3\u017cy samochodem\u201d \u2013 doda\u0142 dr Brand.<\/p>\n<h2><strong>Rowerzy\u015bci emituj\u0105 o 84% mniej CO<sub>2<\/sub> ni\u017c osoby nieje\u017cd\u017c\u0105ce na rowerach<\/strong><\/h2>\n<p>Wyniki badania pokaza\u0142y, \u017ce ci, kt\u00f3rzy ju\u017c je\u017adzili na rowerze, mieli o 84% ni\u017csz\u0105 emisj\u0119 CO<sub>2<\/sub> ze wszystkich codziennych podr\u00f3\u017cy ni\u017c osoby, kt\u00f3re nie je\u017cd\u017c\u0105 na rowerze. Badanie wykaza\u0142o r\u00f3wnie\u017c, \u017ce przej\u015bcie z samochodu na rower przynios\u0142o najwi\u0119ksze korzy\u015bci w przypadku podr\u00f3\u017cy s\u0142u\u017cbowych, wyjazd\u00f3w towarzyskich i rekreacyjnych oraz dojazd\u00f3w do pracy lub szko\u0142y.<\/p>\n<figure id=\"attachment_182187\" aria-describedby=\"caption-attachment-182187\" style=\"width: 1024px\" class=\"wp-caption alignnone\"><img loading=\"lazy\" decoding=\"async\" class=\"loaded wp-image-182187 size-large\" src=\"https:\/\/d2p6e6u75xmxt8.cloudfront.net\/2\/2021\/03\/profimedia-0585646100-1024x682.jpg\" sizes=\"auto, (max-width: 1024px) 100vw, 1024px\" srcset=\"https:\/\/d2p6e6u75xmxt8.cloudfront.net\/2\/2021\/03\/profimedia-0585646100-1024x682.jpg 1024w, https:\/\/d2p6e6u75xmxt8.cloudfront.net\/2\/2021\/03\/profimedia-0585646100-300x200.jpg 300w, https:\/\/d2p6e6u75xmxt8.cloudfront.net\/2\/2021\/03\/profimedia-0585646100-768x512.jpg 768w, https:\/\/d2p6e6u75xmxt8.cloudfront.net\/2\/2021\/03\/profimedia-0585646100-272x182.jpg 272w, https:\/\/d2p6e6u75xmxt8.cloudfront.net\/2\/2021\/03\/profimedia-0585646100.jpg 1250w\" alt=\"Cycling in a city\" width=\"1024\" height=\"682\" data-was-processed=\"true\" \/><figcaption id=\"caption-attachment-182187\" class=\"wp-caption-text\">Mieszka\u0144cy je\u017cd\u017c\u0105 na rowerze ulic\u0105 Wiednia. \u00a9 Profimedia<\/figcaption><\/figure>\n<h2><strong>Jazda na rowerze jest dobra dla klimatu, r\u00f3wno\u015bci spo\u0142ecznej i zdrowia publicznego<\/strong><\/h2>\n<p>Naukowcy zauwa\u017cyli, \u017ce jazda na rowerze jest nie tylko dobra dla klimatu, ale tak\u017ce dla zmniejszania nier\u00f3wno\u015bci spo\u0142ecznych oraz poprawy zdrowia publicznego i jako\u015bci \u017cycia w mie\u015bcie.<\/p>\n<p>\u201eInwestycje w wysokiej jako\u015bci infrastruktur\u0119 dla pieszych i rowerzyst\u00f3w prawdopodobnie zmniejsz\u0105 nier\u00f3wno\u015bci, poniewa\u017c ich koncepcje obejmuj\u0105 mieszanie ze sob\u0105 r\u00f3\u017cnych grup ludno\u015bci, a nie utrzymywanie modelu podzia\u0142u na strefy mieszkaniowe wed\u0142ug obecnie stosowanego statusu spo\u0142eczno-ekonomicznego. To kolejny dow\u00f3d na liczne korzy\u015bci p\u0142yn\u0105ce z aktywnego podr\u00f3\u017cowania, obok naszych wcze\u015bniejszych bada\u0144 pokazuj\u0105cych, \u017ce jazda na rowerze jest najlepszym sposobem poruszania si\u0119 po miastach zar\u00f3wno dla zdrowia fizycznego, jak i psychicznego, a promowanie jazdy na rowerze pomaga w walce z oty\u0142o\u015bci\u0105. Powinno to zach\u0119ci\u0107 r\u00f3\u017cne sektory do wsp\u00f3\u0142pracy, aby przysz\u0142o\u015b\u0107 by\u0142a lepsza pod wzgl\u0119dem zdrowotnym, \u015brodowiskowym i spo\u0142ecznym\u201d \u2013 powiedzia\u0142a dr Nazelle.<\/p>\n<p><span data-sheets-value=\"{&quot;1&quot;:2,&quot;2&quot;:&quot;Artyku\u0142 powsta\u0142 we wsp\u00f3\u0142pracy ze skoda-auto.pl&quot;}\" data-sheets-userformat=\"{&quot;2&quot;:1,&quot;3&quot;:{&quot;1&quot;:0}}\" data-sheets-hyperlink=\"http:\/\/www.skoda-auto.pl\/\"><a class=\"in-cell-link\" href=\"http:\/\/www.skoda-auto.pl\/\" target=\"_blank\" rel=\"noopener noreferrer\">Artyku\u0142 powsta\u0142 we wsp\u00f3\u0142pracy ze skoda-auto.pl<\/a><\/span><\/p>\n<p><a href=\"https:\/\/www.skoda-auto.pl\/modele\/nowa-octavia\"><img loading=\"lazy\" decoding=\"async\" class=\"alignnone size-full wp-image-11630 aligncenter\" src=\"https:\/\/d2p6e6u75xmxt8.cloudfront.net\/5\/2021\/12\/640x350-1.jpg\" alt=\"\" width=\"640\" height=\"350\" srcset=\"https:\/\/d2p6e6u75xmxt8.cloudfront.net\/5\/2021\/12\/640x350-1.jpg 640w, https:\/\/d2p6e6u75xmxt8.cloudfront.net\/5\/2021\/12\/640x350-1-300x164.jpg 300w\" sizes=\"auto, (max-width: 640px) 100vw, 640px\" \/><\/a><\/p>\n<p>&nbsp;<\/p>\n","protected":false},"excerpt":{"rendered":"<p>Mo\u017ce si\u0119 wydawa\u0107, \u017ce dojazdy do pracy raz w tygodniu na rowerze niewiele daj\u0105. Nowe badanie pokazuje jednak co\u015b przeciwnego! [&hellip;]<\/p>\n","protected":false},"author":125,"featured_media":11649,"comment_status":"open","ping_status":"open","sticky":false,"template":"","format":"standard","meta":{"footnotes":""},"categories":[332],"tags":[],"global-categories":[303],"class_list":["post-11648","post","type-post","status-publish","format-standard","has-post-thumbnail","hentry","category-lifestyle","global-categories-cycling"],"yoast_head":"<!-- This site is optimized with the Yoast SEO Premium plugin v25.3 (Yoast SEO v25.9) - https:\/\/yoast.com\/wordpress\/plugins\/seo\/ -->\n<title>Codzienne dojazdy rowerem do pracy zmniejszaj\u0105 emisj\u0119 CO2 o p\u00f3\u0142 tony rocznie - \u0160koda We Love Cycling - Poland<\/title>\n<meta name=\"description\" content=\"Mo\u017ce si\u0119 wydawa\u0107, \u017ce dojazdy do pracy raz w tygodniu na rowerze niewiele daj\u0105. Nowe badanie pokazuje jednak co\u015b przeciwnego! Nawet niewielkie zmiany mog\u0105 mie\u0107 du\u017cy wp\u0142yw na nasz klimat. Przyjrzyjmy si\u0119 bli\u017cej temu, jaki wk\u0142ad w dbanie o \u015brodowisko mo\u017ce mie\u0107 pojedynczy rowerzysta.\" \/>\n<meta name=\"robots\" content=\"index, follow, max-snippet:-1, max-image-preview:large, max-video-preview:-1\" \/>\n<link rel=\"canonical\" href=\"https:\/\/www.welovecycling.com\/pl\/2021\/04\/12\/codzienne-dojazdy-rowerem-do-pracy-zmniejszaja-emisje-co2-o-pol-tony-rocznie\/\" \/>\n<meta property=\"og:locale\" content=\"pl_PL\" \/>\n<meta property=\"og:type\" content=\"article\" \/>\n<meta property=\"og:title\" content=\"Codzienne dojazdy rowerem do pracy zmniejszaj\u0105 emisj\u0119 CO2 o p\u00f3\u0142 tony rocznie\" \/>\n<meta property=\"og:description\" content=\"Mo\u017ce si\u0119 wydawa\u0107, \u017ce dojazdy do pracy raz w tygodniu na rowerze niewiele daj\u0105. Nowe badanie pokazuje jednak co\u015b przeciwnego! Nawet niewielkie zmiany mog\u0105 mie\u0107 du\u017cy wp\u0142yw na nasz klimat. Przyjrzyjmy si\u0119 bli\u017cej temu, jaki wk\u0142ad w dbanie o \u015brodowisko mo\u017ce mie\u0107 pojedynczy rowerzysta.\" \/>\n<meta property=\"og:url\" content=\"https:\/\/www.welovecycling.com\/pl\/2021\/04\/12\/codzienne-dojazdy-rowerem-do-pracy-zmniejszaja-emisje-co2-o-pol-tony-rocznie\/\" \/>\n<meta property=\"og:site_name\" content=\"\u0160koda We Love Cycling - Poland\" \/>\n<meta property=\"article:published_time\" content=\"2021-04-12T15:41:07+00:00\" \/>\n<meta property=\"og:image\" content=\"https:\/\/d2p6e6u75xmxt8.cloudfront.net\/5\/2021\/04\/Vienna-cycling-profimedia-0585646090-CVR-1024x450-1.jpg\" \/>\n\t<meta property=\"og:image:width\" content=\"1024\" \/>\n\t<meta property=\"og:image:height\" content=\"450\" \/>\n\t<meta property=\"og:image:type\" content=\"image\/jpeg\" \/>\n<meta name=\"author\" content=\"oktawiamikulska\" \/>\n<meta name=\"twitter:card\" content=\"summary_large_image\" \/>\n<meta name=\"twitter:label1\" content=\"Written by\" \/>\n\t<meta name=\"twitter:data1\" content=\"Jiri Kaloc\" \/>\n\t<meta name=\"twitter:label2\" content=\"Est. reading time\" \/>\n\t<meta name=\"twitter:data2\" content=\"3 minutes\" \/>\n<script type=\"application\/ld+json\" class=\"yoast-schema-graph\">{\"@context\":\"https:\/\/schema.org\",\"@graph\":[{\"@type\":\"WebPage\",\"@id\":\"https:\/\/www.welovecycling.com\/pl\/2021\/04\/12\/codzienne-dojazdy-rowerem-do-pracy-zmniejszaja-emisje-co2-o-pol-tony-rocznie\/\",\"url\":\"https:\/\/www.welovecycling.com\/pl\/2021\/04\/12\/codzienne-dojazdy-rowerem-do-pracy-zmniejszaja-emisje-co2-o-pol-tony-rocznie\/\",\"name\":\"Codzienne dojazdy rowerem do pracy zmniejszaj\u0105 emisj\u0119 CO2 o p\u00f3\u0142 tony rocznie - \u0160koda We Love Cycling - Poland\",\"isPartOf\":{\"@id\":\"https:\/\/www.welovecycling.com\/pl\/#website\"},\"primaryImageOfPage\":{\"@id\":\"https:\/\/www.welovecycling.com\/pl\/2021\/04\/12\/codzienne-dojazdy-rowerem-do-pracy-zmniejszaja-emisje-co2-o-pol-tony-rocznie\/#primaryimage\"},\"image\":{\"@id\":\"https:\/\/www.welovecycling.com\/pl\/2021\/04\/12\/codzienne-dojazdy-rowerem-do-pracy-zmniejszaja-emisje-co2-o-pol-tony-rocznie\/#primaryimage\"},\"thumbnailUrl\":\"https:\/\/d2p6e6u75xmxt8.cloudfront.net\/5\/2021\/04\/Vienna-cycling-profimedia-0585646090-CVR-1024x450-1.jpg\",\"datePublished\":\"2021-04-12T15:41:07+00:00\",\"author\":{\"@id\":\"https:\/\/www.welovecycling.com\/pl\/#\/schema\/person\/4a79bac7bd265aa6a35a1079d36648be\"},\"description\":\"Mo\u017ce si\u0119 wydawa\u0107, \u017ce dojazdy do pracy raz w tygodniu na rowerze niewiele daj\u0105. Nowe badanie pokazuje jednak co\u015b przeciwnego! Nawet niewielkie zmiany mog\u0105 mie\u0107 du\u017cy wp\u0142yw na nasz klimat. Przyjrzyjmy si\u0119 bli\u017cej temu, jaki wk\u0142ad w dbanie o \u015brodowisko mo\u017ce mie\u0107 pojedynczy rowerzysta.\",\"breadcrumb\":{\"@id\":\"https:\/\/www.welovecycling.com\/pl\/2021\/04\/12\/codzienne-dojazdy-rowerem-do-pracy-zmniejszaja-emisje-co2-o-pol-tony-rocznie\/#breadcrumb\"},\"inLanguage\":\"pl-PL\",\"potentialAction\":[{\"@type\":\"ReadAction\",\"target\":[\"https:\/\/www.welovecycling.com\/pl\/2021\/04\/12\/codzienne-dojazdy-rowerem-do-pracy-zmniejszaja-emisje-co2-o-pol-tony-rocznie\/\"]}]},{\"@type\":\"ImageObject\",\"inLanguage\":\"pl-PL\",\"@id\":\"https:\/\/www.welovecycling.com\/pl\/2021\/04\/12\/codzienne-dojazdy-rowerem-do-pracy-zmniejszaja-emisje-co2-o-pol-tony-rocznie\/#primaryimage\",\"url\":\"https:\/\/d2p6e6u75xmxt8.cloudfront.net\/5\/2021\/04\/Vienna-cycling-profimedia-0585646090-CVR-1024x450-1.jpg\",\"contentUrl\":\"https:\/\/d2p6e6u75xmxt8.cloudfront.net\/5\/2021\/04\/Vienna-cycling-profimedia-0585646090-CVR-1024x450-1.jpg\",\"width\":1024,\"height\":450},{\"@type\":\"BreadcrumbList\",\"@id\":\"https:\/\/www.welovecycling.com\/pl\/2021\/04\/12\/codzienne-dojazdy-rowerem-do-pracy-zmniejszaja-emisje-co2-o-pol-tony-rocznie\/#breadcrumb\",\"itemListElement\":[{\"@type\":\"ListItem\",\"position\":1,\"name\":\"Home\",\"item\":\"https:\/\/www.welovecycling.com\/pl\/\"},{\"@type\":\"ListItem\",\"position\":2,\"name\":\"Codzienne dojazdy rowerem do pracy zmniejszaj\u0105 emisj\u0119 CO2 o p\u00f3\u0142 tony rocznie\"}]},{\"@type\":\"WebSite\",\"@id\":\"https:\/\/www.welovecycling.com\/pl\/#website\",\"url\":\"https:\/\/www.welovecycling.com\/pl\/\",\"name\":\"\u0160koda We Love Cycling - Poland\",\"description\":\"\",\"potentialAction\":[{\"@type\":\"SearchAction\",\"target\":{\"@type\":\"EntryPoint\",\"urlTemplate\":\"https:\/\/www.welovecycling.com\/pl\/?s={search_term_string}\"},\"query-input\":{\"@type\":\"PropertyValueSpecification\",\"valueRequired\":true,\"valueName\":\"search_term_string\"}}],\"inLanguage\":\"pl-PL\"},{\"@type\":\"Person\",\"@id\":\"https:\/\/www.welovecycling.com\/pl\/#\/schema\/person\/4a79bac7bd265aa6a35a1079d36648be\",\"name\":\"oktawiamikulska\",\"image\":{\"@type\":\"ImageObject\",\"inLanguage\":\"pl-PL\",\"@id\":\"https:\/\/www.welovecycling.com\/pl\/#\/schema\/person\/image\/\",\"url\":\"https:\/\/secure.gravatar.com\/avatar\/b97a3f44e2de6d2f8dd358975937e49823662e12cbd810b9d1a2bff1c149e8a7?s=96&d=mm&r=g\",\"contentUrl\":\"https:\/\/secure.gravatar.com\/avatar\/b97a3f44e2de6d2f8dd358975937e49823662e12cbd810b9d1a2bff1c149e8a7?s=96&d=mm&r=g\",\"caption\":\"oktawiamikulska\"},\"url\":\"https:\/\/www.welovecycling.com\/pl\/author\/oktawiamikulska\/\"}]}<\/script>\n<!-- \/ Yoast SEO Premium plugin. -->","yoast_head_json":{"title":"Codzienne dojazdy rowerem do pracy zmniejszaj\u0105 emisj\u0119 CO2 o p\u00f3\u0142 tony rocznie - \u0160koda We Love Cycling - Poland","description":"Mo\u017ce si\u0119 wydawa\u0107, \u017ce dojazdy do pracy raz w tygodniu na rowerze niewiele daj\u0105. Nowe badanie pokazuje jednak co\u015b przeciwnego! Nawet niewielkie zmiany mog\u0105 mie\u0107 du\u017cy wp\u0142yw na nasz klimat. Przyjrzyjmy si\u0119 bli\u017cej temu, jaki wk\u0142ad w dbanie o \u015brodowisko mo\u017ce mie\u0107 pojedynczy rowerzysta.","robots":{"index":"index","follow":"follow","max-snippet":"max-snippet:-1","max-image-preview":"max-image-preview:large","max-video-preview":"max-video-preview:-1"},"canonical":"https:\/\/www.welovecycling.com\/pl\/2021\/04\/12\/codzienne-dojazdy-rowerem-do-pracy-zmniejszaja-emisje-co2-o-pol-tony-rocznie\/","og_locale":"pl_PL","og_type":"article","og_title":"Codzienne dojazdy rowerem do pracy zmniejszaj\u0105 emisj\u0119 CO2 o p\u00f3\u0142 tony rocznie","og_description":"Mo\u017ce si\u0119 wydawa\u0107, \u017ce dojazdy do pracy raz w tygodniu na rowerze niewiele daj\u0105. Nowe badanie pokazuje jednak co\u015b przeciwnego! Nawet niewielkie zmiany mog\u0105 mie\u0107 du\u017cy wp\u0142yw na nasz klimat. Przyjrzyjmy si\u0119 bli\u017cej temu, jaki wk\u0142ad w dbanie o \u015brodowisko mo\u017ce mie\u0107 pojedynczy rowerzysta.","og_url":"https:\/\/www.welovecycling.com\/pl\/2021\/04\/12\/codzienne-dojazdy-rowerem-do-pracy-zmniejszaja-emisje-co2-o-pol-tony-rocznie\/","og_site_name":"\u0160koda We Love Cycling - Poland","article_published_time":"2021-04-12T15:41:07+00:00","og_image":[{"width":1024,"height":450,"url":"https:\/\/d2p6e6u75xmxt8.cloudfront.net\/5\/2021\/04\/Vienna-cycling-profimedia-0585646090-CVR-1024x450-1.jpg","type":"image\/jpeg"}],"author":"oktawiamikulska","twitter_card":"summary_large_image","twitter_misc":{"Written by":"Jiri Kaloc","Est. reading time":"3 minutes"},"schema":{"@context":"https:\/\/schema.org","@graph":[{"@type":"WebPage","@id":"https:\/\/www.welovecycling.com\/pl\/2021\/04\/12\/codzienne-dojazdy-rowerem-do-pracy-zmniejszaja-emisje-co2-o-pol-tony-rocznie\/","url":"https:\/\/www.welovecycling.com\/pl\/2021\/04\/12\/codzienne-dojazdy-rowerem-do-pracy-zmniejszaja-emisje-co2-o-pol-tony-rocznie\/","name":"Codzienne dojazdy rowerem do pracy zmniejszaj\u0105 emisj\u0119 CO2 o p\u00f3\u0142 tony rocznie - \u0160koda We Love Cycling - Poland","isPartOf":{"@id":"https:\/\/www.welovecycling.com\/pl\/#website"},"primaryImageOfPage":{"@id":"https:\/\/www.welovecycling.com\/pl\/2021\/04\/12\/codzienne-dojazdy-rowerem-do-pracy-zmniejszaja-emisje-co2-o-pol-tony-rocznie\/#primaryimage"},"image":{"@id":"https:\/\/www.welovecycling.com\/pl\/2021\/04\/12\/codzienne-dojazdy-rowerem-do-pracy-zmniejszaja-emisje-co2-o-pol-tony-rocznie\/#primaryimage"},"thumbnailUrl":"https:\/\/d2p6e6u75xmxt8.cloudfront.net\/5\/2021\/04\/Vienna-cycling-profimedia-0585646090-CVR-1024x450-1.jpg","datePublished":"2021-04-12T15:41:07+00:00","author":{"@id":"https:\/\/www.welovecycling.com\/pl\/#\/schema\/person\/4a79bac7bd265aa6a35a1079d36648be"},"description":"Mo\u017ce si\u0119 wydawa\u0107, \u017ce dojazdy do pracy raz w tygodniu na rowerze niewiele daj\u0105. Nowe badanie pokazuje jednak co\u015b przeciwnego! Nawet niewielkie zmiany mog\u0105 mie\u0107 du\u017cy wp\u0142yw na nasz klimat. Przyjrzyjmy si\u0119 bli\u017cej temu, jaki wk\u0142ad w dbanie o \u015brodowisko mo\u017ce mie\u0107 pojedynczy rowerzysta.","breadcrumb":{"@id":"https:\/\/www.welovecycling.com\/pl\/2021\/04\/12\/codzienne-dojazdy-rowerem-do-pracy-zmniejszaja-emisje-co2-o-pol-tony-rocznie\/#breadcrumb"},"inLanguage":"pl-PL","potentialAction":[{"@type":"ReadAction","target":["https:\/\/www.welovecycling.com\/pl\/2021\/04\/12\/codzienne-dojazdy-rowerem-do-pracy-zmniejszaja-emisje-co2-o-pol-tony-rocznie\/"]}]},{"@type":"ImageObject","inLanguage":"pl-PL","@id":"https:\/\/www.welovecycling.com\/pl\/2021\/04\/12\/codzienne-dojazdy-rowerem-do-pracy-zmniejszaja-emisje-co2-o-pol-tony-rocznie\/#primaryimage","url":"https:\/\/d2p6e6u75xmxt8.cloudfront.net\/5\/2021\/04\/Vienna-cycling-profimedia-0585646090-CVR-1024x450-1.jpg","contentUrl":"https:\/\/d2p6e6u75xmxt8.cloudfront.net\/5\/2021\/04\/Vienna-cycling-profimedia-0585646090-CVR-1024x450-1.jpg","width":1024,"height":450},{"@type":"BreadcrumbList","@id":"https:\/\/www.welovecycling.com\/pl\/2021\/04\/12\/codzienne-dojazdy-rowerem-do-pracy-zmniejszaja-emisje-co2-o-pol-tony-rocznie\/#breadcrumb","itemListElement":[{"@type":"ListItem","position":1,"name":"Home","item":"https:\/\/www.welovecycling.com\/pl\/"},{"@type":"ListItem","position":2,"name":"Codzienne dojazdy rowerem do pracy zmniejszaj\u0105 emisj\u0119 CO2 o p\u00f3\u0142 tony rocznie"}]},{"@type":"WebSite","@id":"https:\/\/www.welovecycling.com\/pl\/#website","url":"https:\/\/www.welovecycling.com\/pl\/","name":"\u0160koda We Love Cycling - Poland","description":"","potentialAction":[{"@type":"SearchAction","target":{"@type":"EntryPoint","urlTemplate":"https:\/\/www.welovecycling.com\/pl\/?s={search_term_string}"},"query-input":{"@type":"PropertyValueSpecification","valueRequired":true,"valueName":"search_term_string"}}],"inLanguage":"pl-PL"},{"@type":"Person","@id":"https:\/\/www.welovecycling.com\/pl\/#\/schema\/person\/4a79bac7bd265aa6a35a1079d36648be","name":"oktawiamikulska","image":{"@type":"ImageObject","inLanguage":"pl-PL","@id":"https:\/\/www.welovecycling.com\/pl\/#\/schema\/person\/image\/","url":"https:\/\/secure.gravatar.com\/avatar\/b97a3f44e2de6d2f8dd358975937e49823662e12cbd810b9d1a2bff1c149e8a7?s=96&d=mm&r=g","contentUrl":"https:\/\/secure.gravatar.com\/avatar\/b97a3f44e2de6d2f8dd358975937e49823662e12cbd810b9d1a2bff1c149e8a7?s=96&d=mm&r=g","caption":"oktawiamikulska"},"url":"https:\/\/www.welovecycling.com\/pl\/author\/oktawiamikulska\/"}]}},"_links":{"self":[{"href":"https:\/\/www.welovecycling.com\/pl\/wp-json\/wp\/v2\/posts\/11648","targetHints":{"allow":["GET"]}}],"collection":[{"href":"https:\/\/www.welovecycling.com\/pl\/wp-json\/wp\/v2\/posts"}],"about":[{"href":"https:\/\/www.welovecycling.com\/pl\/wp-json\/wp\/v2\/types\/post"}],"author":[{"embeddable":true,"href":"https:\/\/www.welovecycling.com\/pl\/wp-json\/wp\/v2\/users\/125"}],"replies":[{"embeddable":true,"href":"https:\/\/www.welovecycling.com\/pl\/wp-json\/wp\/v2\/comments?post=11648"}],"version-history":[{"count":1,"href":"https:\/\/www.welovecycling.com\/pl\/wp-json\/wp\/v2\/posts\/11648\/revisions"}],"predecessor-version":[{"id":11650,"href":"https:\/\/www.welovecycling.com\/pl\/wp-json\/wp\/v2\/posts\/11648\/revisions\/11650"}],"wp:featuredmedia":[{"embeddable":true,"href":"https:\/\/www.welovecycling.com\/pl\/wp-json\/wp\/v2\/media\/11649"}],"wp:attachment":[{"href":"https:\/\/www.welovecycling.com\/pl\/wp-json\/wp\/v2\/media?parent=11648"}],"wp:term":[{"taxonomy":"category","embeddable":true,"href":"https:\/\/www.welovecycling.com\/pl\/wp-json\/wp\/v2\/categories?post=11648"},{"taxonomy":"post_tag","embeddable":true,"href":"https:\/\/www.welovecycling.com\/pl\/wp-json\/wp\/v2\/tags?post=11648"},{"taxonomy":"global-categories","embeddable":true,"href":"https:\/\/www.welovecycling.com\/pl\/wp-json\/wp\/v2\/global-categories?post=11648"}],"curies":[{"name":"wp","href":"https:\/\/api.w.org\/{rel}","templated":true}]}}