{"id":11634,"date":"2021-04-07T14:38:00","date_gmt":"2021-04-07T14:38:00","guid":{"rendered":"https:\/\/www.welovecycling.com\/pl\/?p=11634"},"modified":"2021-04-14T14:18:44","modified_gmt":"2021-04-14T14:18:44","slug":"najszczesliwszy-kolarz-na-swiecie-nie-spodziewal-sie-co-bedzie-tydzien-pozniej","status":"publish","type":"post","link":"https:\/\/www.welovecycling.com\/pl\/2021\/04\/07\/najszczesliwszy-kolarz-na-swiecie-nie-spodziewal-sie-co-bedzie-tydzien-pozniej\/","title":{"rendered":"Najszcz\u0119\u015bliwszy kolarz na \u015bwiecie? Nie spodziewa\u0142 si\u0119, co b\u0119dzie tydzie\u0144 p\u00f3\u017aniej\u2026"},"content":{"rendered":"<p><strong>By\u0142a walka, niespodzianki, du\u017co emocji i zaskakuj\u0105ce rozstrzygni\u0119cia. Za nami prawdziwe \u015bwi\u0119to fan\u00f3w jednodniowych wy\u015bcig\u00f3w. Niestety, z peletonu nap\u0142yn\u0119\u0142y r\u00f3wnie\u017c z\u0142e wiadomo\u015bci.<\/strong><\/p>\n<p>Przez ostatnie dwa tygodnie Belgia sta\u0142a si\u0119 stolic\u0105 \u015bwiatowego kolarstwa, bo kalendarz UCI World Tour na prze\u0142omie marca i kwietnia zosta\u0142 naszpikowany wy\u015bcigami w\u0142a\u015bnie w tym kraju.<\/p>\n<p>Zacz\u0119\u0142o si\u0119 24 marca \u015bciganiem na trasie Driedaagse Brugge &#8211; De Panne.\u00a0 Na starcie ponad 200-kilometrowej trasy stan\u0119\u0142y wszystkie najwa\u017cniejsze ekipy na \u015bwiecie, a 4 godziny i 27 minut p\u00f3\u017aniej jako pierwszy po emocjonuj\u0105cym finiszu na met\u0119 wpad\u0142 Sam Bennett z\u00a0 Deceuninck-Quick-Step.<\/p>\n<p>Bardzo dobrze spisa\u0142 si\u0119 mistrz Polski Stanis\u0142aw Anio\u0142kowski (Bingoal-Wallonie Bruxelles), kt\u00f3ry w tym wy\u015bcigu zaj\u0105\u0142 10. miejsce.<\/p>\n<p>Dwa dni p\u00f3\u017aniej w ekipie Deceuninck-Quick-Step zn\u00f3w pola\u0142 si\u0119 szampan, a to za spraw\u0105 Kaspera Asgreena, kt\u00f3ry wygra\u0142 wy\u015bcig E3 Saxo Bank Classic. \u2013 Jestem bardzo szcz\u0119\u015bliwy, zwyci\u0119stwo to co\u015b niesamowitego. Da\u0142em z siebie wszystko i uda\u0142o si\u0119. To by\u0142 perfekcyjny dzie\u0144 \u2013 m\u00f3wi\u0142 na mecie 26-letni Du\u0144czyk, kt\u00f3ry w\u00f3wczas wygl\u0105da\u0142 na najszcz\u0119\u015bliwszego kolarza na \u015bwiecie. Wtedy jednak nie spodziewa\u0142 si\u0119, \u017ce \u015bwi\u0119towa\u0142 b\u0119dzie r\u00f3wnie\u017c tydzie\u0144 p\u00f3\u017aniej\u2026<\/p>\n<div class=\"embed-controller-wrapper\">\n<blockquote class=\"twitter-tweet\" data-width=\"500\" data-dnt=\"true\">\n<p lang=\"en\" dir=\"ltr\">On Saturday, we take you behind the scenes at <a href=\"https:\/\/twitter.com\/hashtag\/E3SaxoBankClassic?src=hash&amp;ref_src=twsrc%5Etfw\">#E3SaxoBankClassic<\/a> \ud83d\ude03 <a href=\"https:\/\/t.co\/eI4JLuvQLc\">pic.twitter.com\/eI4JLuvQLc<\/a><\/p>\n<p>&mdash; Soudal Quick-Step Pro Cycling Team (@soudalquickstep) <a href=\"https:\/\/twitter.com\/soudalquickstep\/status\/1375568909189939201?ref_src=twsrc%5Etfw\">March 26, 2021<\/a><\/p><\/blockquote>\n<p><script async data-src=\"https:\/\/platform.twitter.com\/widgets.js\" charset=\"utf-8\"><\/script><\/div>\n<p>Z kolei w wy\u015bcigu\u00a0 Gandawa-Wevelgem powody do satysfakcji w ko\u0144cu mieli gospodarze, bo pierwszy na mecie zameldowa\u0142 si\u0119 Belg Wout Van Aert (Jumbo-Visma).<\/p>\n<p>https:\/\/www.instagram.com\/p\/CNAJEn2r4_w\/?utm_source=ig_web_copy_link<\/p>\n<p>Kibice i zawodnicy jeszcze dobrze nie z\u0142apali oddechu, a ju\u017c czeka\u0142 ich kolejny jednodniowy belgijski wy\u015bcig. Tym razem kolarze mieli do przejechania ponad 184 kilometry z Roeselare do Waregem.\u00a0 By\u0142o ciekawie i emocjonuj\u0105co, a to za spraw\u0105 urozmaiconej trasy, a tak\u017ce bardzo odwa\u017cnego ataku Dylana van Baarle. Zawodnik Ineos Grenadiers na ucieczk\u0119 zdecydowa\u0142 si\u0119 ok. 50 km przed met\u0105, a co jaki\u015b czas za jego plecami tworzy\u0142y si\u0119 kolejne grupki po\u015bcigowe. Holender dzielnie jednak odpiera\u0142 wszystkie ataki i do mety m\u00f3g\u0142 doje\u017cd\u017ca\u0107 z podniesionymi r\u0119kami.<\/p>\n<div class=\"embed-controller-wrapper\">\n<blockquote class=\"twitter-tweet\" data-width=\"500\" data-dnt=\"true\">\n<p lang=\"en\" dir=\"ltr\">The Dutchman <a href=\"https:\/\/twitter.com\/DylanvanBaarle?ref_src=twsrc%5Etfw\">@dylanvanbaarle<\/a> finished off a solo of 50km! \ud83d\udca5 Congrats \ud83d\udcaa\ud83c\udffc <a href=\"https:\/\/twitter.com\/hashtag\/DDV21?src=hash&amp;ref_src=twsrc%5Etfw\">#DDV21<\/a> <a href=\"https:\/\/t.co\/yVLFxBDjGR\">pic.twitter.com\/yVLFxBDjGR<\/a><\/p>\n<p>&mdash; Dwars door Vlaanderen (@DwarsdrVlaander) <a href=\"https:\/\/twitter.com\/DwarsdrVlaander\/status\/1377272133705990150?ref_src=twsrc%5Etfw\">March 31, 2021<\/a><\/p><\/blockquote>\n<p><script async data-src=\"https:\/\/platform.twitter.com\/widgets.js\" charset=\"utf-8\"><\/script><\/div>\n<p>Seri\u0119 jednodniowych wy\u015bcig\u00f3w ko\u0144czy\u0142o sobotnie \u015bciganie w Ronde van Vlaanderen. To jeden z najs\u0142ynniejszych klasycznych wy\u015bcig\u00f3w, kt\u00f3ry jest zaliczany do pi\u0119ciu tzw. kolarskich monument\u00f3w. Rozgrywany jest od 108 lat i wci\u0105\u017c uznaje si\u0119 go za jeden z najtrudniejszych wy\u015bcig\u00f3w. Niekt\u00f3rzy nazywaj\u0105 go nawet kolarsk\u0105 drog\u0105 krzy\u017cow\u0105.<\/p>\n<p>W tym roku 254 kilometry najszybciej przejecha\u0142 Kasper Asgreen, tym samym ko\u0144cz\u0105c najpi\u0119kniejszy tydzie\u0144 w swojej karierze.<\/p>\n<p>\u0141atwo jednak nie by\u0142o, bo na finiszu Du\u0144czyk stoczy\u0142 pasjonuj\u0105c\u0105 walk\u0119 z Mathieu van der Poelem (Alpecin-Fenix). W pewnym momencie Holender powiedzia\u0142 jednak \u201epas\u201d i Asgreen ju\u017c wiedzia\u0142, \u017ce nic nie odbierze mu wygranej.<\/p>\n<div class=\"embed-controller-wrapper\">\n<blockquote class=\"twitter-tweet\" data-width=\"500\" data-dnt=\"true\">\n<p lang=\"en\" dir=\"ltr\">Relive the 1\ufe0f\u20e30\ufe0f\u20e35\ufe0f\u20e3th edition of the elite men&#39;s Tour of Flanders! \ud83e\udd2f What a rock-solid race!<br \/>\ud83e\udd47 <a href=\"https:\/\/twitter.com\/k_asgreen?ref_src=twsrc%5Etfw\">@k_asgreen<\/a><br \/>\ud83e\udd48 <a href=\"https:\/\/twitter.com\/mathieuvdpoel?ref_src=twsrc%5Etfw\">@mathieuvdpoel<\/a><br \/>\ud83e\udd49 <a href=\"https:\/\/twitter.com\/GregVanAvermaet?ref_src=twsrc%5Etfw\">@GregVanAvermaet<\/a><a href=\"https:\/\/twitter.com\/hashtag\/RVV21?src=hash&amp;ref_src=twsrc%5Etfw\">#RVV21<\/a> <a href=\"https:\/\/t.co\/KX3m3lDayH\">pic.twitter.com\/KX3m3lDayH<\/a><\/p>\n<p>&mdash; Ronde van Vlaanderen (@RondeVlaanderen) <a href=\"https:\/\/twitter.com\/RondeVlaanderen\/status\/1378761786271223814?ref_src=twsrc%5Etfw\">April 4, 2021<\/a><\/p><\/blockquote>\n<p><script async data-src=\"https:\/\/platform.twitter.com\/widgets.js\" charset=\"utf-8\"><\/script><\/div>\n<p>Teraz oczy kibic\u00f3w zwr\u00f3cone s\u0105 na Hiszpani\u0119, gdzie do 10 kwietnia zawodnicy rywalizuj\u0105 w Itzulia Basque Country. Kolejnym wy\u015bcigiem w kalendarzu mia\u0142 by\u0107 natomiast s\u0142ynny Pary\u017c-Roubaix, ale z powodu pandemii koronawirusa Mi\u0119dzynarodowa Unia Kolarska musia\u0142 niestety przenie\u015b\u0107 go na pa\u017adziernik.<\/p>\n<p><a href=\"https:\/\/www.skoda-auto.pl\/modele\/nowa-octavia\"><img loading=\"lazy\" decoding=\"async\" class=\"alignnone size-full wp-image-11630 aligncenter\" src=\"https:\/\/d2p6e6u75xmxt8.cloudfront.net\/5\/2021\/12\/640x350-1.jpg\" alt=\"\" width=\"640\" height=\"350\" srcset=\"https:\/\/d2p6e6u75xmxt8.cloudfront.net\/5\/2021\/12\/640x350-1.jpg 640w, https:\/\/d2p6e6u75xmxt8.cloudfront.net\/5\/2021\/12\/640x350-1-300x164.jpg 300w\" sizes=\"auto, (max-width: 640px) 100vw, 640px\" \/><\/a><\/p>\n","protected":false},"excerpt":{"rendered":"<p>By\u0142a walka, niespodzianki, du\u017co emocji i zaskakuj\u0105ce rozstrzygni\u0119cia. Za nami prawdziwe \u015bwi\u0119to fan\u00f3w jednodniowych wy\u015bcig\u00f3w. Niestety, z peletonu nap\u0142yn\u0119\u0142y r\u00f3wnie\u017c [&hellip;]<\/p>\n","protected":false},"author":125,"featured_media":11639,"comment_status":"open","ping_status":"open","sticky":false,"template":"","format":"standard","meta":{"footnotes":""},"categories":[6,295],"tags":[],"global-categories":[303],"class_list":["post-11634","post","type-post","status-publish","format-standard","has-post-thumbnail","hentry","category-kolarstwo-szosowe","category-zawody","global-categories-cycling"],"yoast_head":"<!-- This site is optimized with the Yoast SEO Premium plugin v25.3 (Yoast SEO v25.9) - https:\/\/yoast.com\/wordpress\/plugins\/seo\/ -->\n<title>Najszcz\u0119\u015bliwszy kolarz na \u015bwiecie? Nie spodziewa\u0142 si\u0119, co b\u0119dzie tydzie\u0144 p\u00f3\u017aniej\u2026 - \u0160koda We Love Cycling - Poland<\/title>\n<meta name=\"description\" content=\"By\u0142a walka, niespodzianki, du\u017co emocji i zaskakuj\u0105ce rozstrzygni\u0119cia. Za nami prawdziwe \u015bwi\u0119to fan\u00f3w jednodniowych wy\u015bcig\u00f3w. Niestety, z peletonu nap\u0142yn\u0119\u0142y r\u00f3wnie\u017c z\u0142e wiadomo\u015bci.\" \/>\n<meta name=\"robots\" content=\"index, follow, max-snippet:-1, max-image-preview:large, max-video-preview:-1\" \/>\n<link rel=\"canonical\" href=\"https:\/\/www.welovecycling.com\/pl\/2021\/04\/07\/najszczesliwszy-kolarz-na-swiecie-nie-spodziewal-sie-co-bedzie-tydzien-pozniej\/\" \/>\n<meta property=\"og:locale\" content=\"pl_PL\" \/>\n<meta property=\"og:type\" content=\"article\" \/>\n<meta property=\"og:title\" content=\"Najszcz\u0119\u015bliwszy kolarz na \u015bwiecie? Nie spodziewa\u0142 si\u0119, co b\u0119dzie tydzie\u0144 p\u00f3\u017aniej\u2026\" \/>\n<meta property=\"og:description\" content=\"By\u0142a walka, niespodzianki, du\u017co emocji i zaskakuj\u0105ce rozstrzygni\u0119cia. Za nami prawdziwe \u015bwi\u0119to fan\u00f3w jednodniowych wy\u015bcig\u00f3w. Niestety, z peletonu nap\u0142yn\u0119\u0142y r\u00f3wnie\u017c z\u0142e wiadomo\u015bci.\" \/>\n<meta property=\"og:url\" content=\"https:\/\/www.welovecycling.com\/pl\/2021\/04\/07\/najszczesliwszy-kolarz-na-swiecie-nie-spodziewal-sie-co-bedzie-tydzien-pozniej\/\" \/>\n<meta property=\"og:site_name\" content=\"\u0160koda We Love Cycling - Poland\" \/>\n<meta property=\"article:published_time\" content=\"2021-04-07T14:38:00+00:00\" \/>\n<meta property=\"article:modified_time\" content=\"2021-04-14T14:18:44+00:00\" \/>\n<meta property=\"og:image\" content=\"https:\/\/d2p6e6u75xmxt8.cloudfront.net\/5\/2021\/04\/Kasper-Asgreen-profimedia-0603339615-CVR-1024x450-1.jpg\" \/>\n\t<meta property=\"og:image:width\" content=\"1024\" \/>\n\t<meta property=\"og:image:height\" content=\"450\" \/>\n\t<meta property=\"og:image:type\" content=\"image\/jpeg\" \/>\n<meta name=\"author\" content=\"oktawiamikulska\" \/>\n<meta name=\"twitter:card\" content=\"summary_large_image\" \/>\n<meta name=\"twitter:label1\" content=\"Written by\" \/>\n\t<meta name=\"twitter:data1\" content=\"Piotr Jawor\" \/>\n\t<meta name=\"twitter:label2\" content=\"Est. reading time\" \/>\n\t<meta name=\"twitter:data2\" content=\"3 minutes\" \/>\n<script type=\"application\/ld+json\" class=\"yoast-schema-graph\">{\"@context\":\"https:\/\/schema.org\",\"@graph\":[{\"@type\":\"WebPage\",\"@id\":\"https:\/\/www.welovecycling.com\/pl\/2021\/04\/07\/najszczesliwszy-kolarz-na-swiecie-nie-spodziewal-sie-co-bedzie-tydzien-pozniej\/\",\"url\":\"https:\/\/www.welovecycling.com\/pl\/2021\/04\/07\/najszczesliwszy-kolarz-na-swiecie-nie-spodziewal-sie-co-bedzie-tydzien-pozniej\/\",\"name\":\"Najszcz\u0119\u015bliwszy kolarz na \u015bwiecie? Nie spodziewa\u0142 si\u0119, co b\u0119dzie tydzie\u0144 p\u00f3\u017aniej\u2026 - \u0160koda We Love Cycling - Poland\",\"isPartOf\":{\"@id\":\"https:\/\/www.welovecycling.com\/pl\/#website\"},\"primaryImageOfPage\":{\"@id\":\"https:\/\/www.welovecycling.com\/pl\/2021\/04\/07\/najszczesliwszy-kolarz-na-swiecie-nie-spodziewal-sie-co-bedzie-tydzien-pozniej\/#primaryimage\"},\"image\":{\"@id\":\"https:\/\/www.welovecycling.com\/pl\/2021\/04\/07\/najszczesliwszy-kolarz-na-swiecie-nie-spodziewal-sie-co-bedzie-tydzien-pozniej\/#primaryimage\"},\"thumbnailUrl\":\"https:\/\/d2p6e6u75xmxt8.cloudfront.net\/5\/2021\/04\/Kasper-Asgreen-profimedia-0603339615-CVR-1024x450-1.jpg\",\"datePublished\":\"2021-04-07T14:38:00+00:00\",\"dateModified\":\"2021-04-14T14:18:44+00:00\",\"author\":{\"@id\":\"https:\/\/www.welovecycling.com\/pl\/#\/schema\/person\/4a79bac7bd265aa6a35a1079d36648be\"},\"description\":\"By\u0142a walka, niespodzianki, du\u017co emocji i zaskakuj\u0105ce rozstrzygni\u0119cia. Za nami prawdziwe \u015bwi\u0119to fan\u00f3w jednodniowych wy\u015bcig\u00f3w. Niestety, z peletonu nap\u0142yn\u0119\u0142y r\u00f3wnie\u017c z\u0142e wiadomo\u015bci.\",\"breadcrumb\":{\"@id\":\"https:\/\/www.welovecycling.com\/pl\/2021\/04\/07\/najszczesliwszy-kolarz-na-swiecie-nie-spodziewal-sie-co-bedzie-tydzien-pozniej\/#breadcrumb\"},\"inLanguage\":\"pl-PL\",\"potentialAction\":[{\"@type\":\"ReadAction\",\"target\":[\"https:\/\/www.welovecycling.com\/pl\/2021\/04\/07\/najszczesliwszy-kolarz-na-swiecie-nie-spodziewal-sie-co-bedzie-tydzien-pozniej\/\"]}]},{\"@type\":\"ImageObject\",\"inLanguage\":\"pl-PL\",\"@id\":\"https:\/\/www.welovecycling.com\/pl\/2021\/04\/07\/najszczesliwszy-kolarz-na-swiecie-nie-spodziewal-sie-co-bedzie-tydzien-pozniej\/#primaryimage\",\"url\":\"https:\/\/d2p6e6u75xmxt8.cloudfront.net\/5\/2021\/04\/Kasper-Asgreen-profimedia-0603339615-CVR-1024x450-1.jpg\",\"contentUrl\":\"https:\/\/d2p6e6u75xmxt8.cloudfront.net\/5\/2021\/04\/Kasper-Asgreen-profimedia-0603339615-CVR-1024x450-1.jpg\",\"width\":1024,\"height\":450},{\"@type\":\"BreadcrumbList\",\"@id\":\"https:\/\/www.welovecycling.com\/pl\/2021\/04\/07\/najszczesliwszy-kolarz-na-swiecie-nie-spodziewal-sie-co-bedzie-tydzien-pozniej\/#breadcrumb\",\"itemListElement\":[{\"@type\":\"ListItem\",\"position\":1,\"name\":\"Home\",\"item\":\"https:\/\/www.welovecycling.com\/pl\/\"},{\"@type\":\"ListItem\",\"position\":2,\"name\":\"Najszcz\u0119\u015bliwszy kolarz na \u015bwiecie? Nie spodziewa\u0142 si\u0119, co b\u0119dzie tydzie\u0144 p\u00f3\u017aniej\u2026\"}]},{\"@type\":\"WebSite\",\"@id\":\"https:\/\/www.welovecycling.com\/pl\/#website\",\"url\":\"https:\/\/www.welovecycling.com\/pl\/\",\"name\":\"\u0160koda We Love Cycling - Poland\",\"description\":\"\",\"potentialAction\":[{\"@type\":\"SearchAction\",\"target\":{\"@type\":\"EntryPoint\",\"urlTemplate\":\"https:\/\/www.welovecycling.com\/pl\/?s={search_term_string}\"},\"query-input\":{\"@type\":\"PropertyValueSpecification\",\"valueRequired\":true,\"valueName\":\"search_term_string\"}}],\"inLanguage\":\"pl-PL\"},{\"@type\":\"Person\",\"@id\":\"https:\/\/www.welovecycling.com\/pl\/#\/schema\/person\/4a79bac7bd265aa6a35a1079d36648be\",\"name\":\"oktawiamikulska\",\"image\":{\"@type\":\"ImageObject\",\"inLanguage\":\"pl-PL\",\"@id\":\"https:\/\/www.welovecycling.com\/pl\/#\/schema\/person\/image\/\",\"url\":\"https:\/\/secure.gravatar.com\/avatar\/b97a3f44e2de6d2f8dd358975937e49823662e12cbd810b9d1a2bff1c149e8a7?s=96&d=mm&r=g\",\"contentUrl\":\"https:\/\/secure.gravatar.com\/avatar\/b97a3f44e2de6d2f8dd358975937e49823662e12cbd810b9d1a2bff1c149e8a7?s=96&d=mm&r=g\",\"caption\":\"oktawiamikulska\"},\"url\":\"https:\/\/www.welovecycling.com\/pl\/author\/oktawiamikulska\/\"}]}<\/script>\n<!-- \/ Yoast SEO Premium plugin. -->","yoast_head_json":{"title":"Najszcz\u0119\u015bliwszy kolarz na \u015bwiecie? Nie spodziewa\u0142 si\u0119, co b\u0119dzie tydzie\u0144 p\u00f3\u017aniej\u2026 - \u0160koda We Love Cycling - Poland","description":"By\u0142a walka, niespodzianki, du\u017co emocji i zaskakuj\u0105ce rozstrzygni\u0119cia. Za nami prawdziwe \u015bwi\u0119to fan\u00f3w jednodniowych wy\u015bcig\u00f3w. Niestety, z peletonu nap\u0142yn\u0119\u0142y r\u00f3wnie\u017c z\u0142e wiadomo\u015bci.","robots":{"index":"index","follow":"follow","max-snippet":"max-snippet:-1","max-image-preview":"max-image-preview:large","max-video-preview":"max-video-preview:-1"},"canonical":"https:\/\/www.welovecycling.com\/pl\/2021\/04\/07\/najszczesliwszy-kolarz-na-swiecie-nie-spodziewal-sie-co-bedzie-tydzien-pozniej\/","og_locale":"pl_PL","og_type":"article","og_title":"Najszcz\u0119\u015bliwszy kolarz na \u015bwiecie? Nie spodziewa\u0142 si\u0119, co b\u0119dzie tydzie\u0144 p\u00f3\u017aniej\u2026","og_description":"By\u0142a walka, niespodzianki, du\u017co emocji i zaskakuj\u0105ce rozstrzygni\u0119cia. Za nami prawdziwe \u015bwi\u0119to fan\u00f3w jednodniowych wy\u015bcig\u00f3w. Niestety, z peletonu nap\u0142yn\u0119\u0142y r\u00f3wnie\u017c z\u0142e wiadomo\u015bci.","og_url":"https:\/\/www.welovecycling.com\/pl\/2021\/04\/07\/najszczesliwszy-kolarz-na-swiecie-nie-spodziewal-sie-co-bedzie-tydzien-pozniej\/","og_site_name":"\u0160koda We Love Cycling - Poland","article_published_time":"2021-04-07T14:38:00+00:00","article_modified_time":"2021-04-14T14:18:44+00:00","og_image":[{"width":1024,"height":450,"url":"https:\/\/d2p6e6u75xmxt8.cloudfront.net\/5\/2021\/04\/Kasper-Asgreen-profimedia-0603339615-CVR-1024x450-1.jpg","type":"image\/jpeg"}],"author":"oktawiamikulska","twitter_card":"summary_large_image","twitter_misc":{"Written by":"Piotr Jawor","Est. reading time":"3 minutes"},"schema":{"@context":"https:\/\/schema.org","@graph":[{"@type":"WebPage","@id":"https:\/\/www.welovecycling.com\/pl\/2021\/04\/07\/najszczesliwszy-kolarz-na-swiecie-nie-spodziewal-sie-co-bedzie-tydzien-pozniej\/","url":"https:\/\/www.welovecycling.com\/pl\/2021\/04\/07\/najszczesliwszy-kolarz-na-swiecie-nie-spodziewal-sie-co-bedzie-tydzien-pozniej\/","name":"Najszcz\u0119\u015bliwszy kolarz na \u015bwiecie? Nie spodziewa\u0142 si\u0119, co b\u0119dzie tydzie\u0144 p\u00f3\u017aniej\u2026 - \u0160koda We Love Cycling - Poland","isPartOf":{"@id":"https:\/\/www.welovecycling.com\/pl\/#website"},"primaryImageOfPage":{"@id":"https:\/\/www.welovecycling.com\/pl\/2021\/04\/07\/najszczesliwszy-kolarz-na-swiecie-nie-spodziewal-sie-co-bedzie-tydzien-pozniej\/#primaryimage"},"image":{"@id":"https:\/\/www.welovecycling.com\/pl\/2021\/04\/07\/najszczesliwszy-kolarz-na-swiecie-nie-spodziewal-sie-co-bedzie-tydzien-pozniej\/#primaryimage"},"thumbnailUrl":"https:\/\/d2p6e6u75xmxt8.cloudfront.net\/5\/2021\/04\/Kasper-Asgreen-profimedia-0603339615-CVR-1024x450-1.jpg","datePublished":"2021-04-07T14:38:00+00:00","dateModified":"2021-04-14T14:18:44+00:00","author":{"@id":"https:\/\/www.welovecycling.com\/pl\/#\/schema\/person\/4a79bac7bd265aa6a35a1079d36648be"},"description":"By\u0142a walka, niespodzianki, du\u017co emocji i zaskakuj\u0105ce rozstrzygni\u0119cia. Za nami prawdziwe \u015bwi\u0119to fan\u00f3w jednodniowych wy\u015bcig\u00f3w. Niestety, z peletonu nap\u0142yn\u0119\u0142y r\u00f3wnie\u017c z\u0142e wiadomo\u015bci.","breadcrumb":{"@id":"https:\/\/www.welovecycling.com\/pl\/2021\/04\/07\/najszczesliwszy-kolarz-na-swiecie-nie-spodziewal-sie-co-bedzie-tydzien-pozniej\/#breadcrumb"},"inLanguage":"pl-PL","potentialAction":[{"@type":"ReadAction","target":["https:\/\/www.welovecycling.com\/pl\/2021\/04\/07\/najszczesliwszy-kolarz-na-swiecie-nie-spodziewal-sie-co-bedzie-tydzien-pozniej\/"]}]},{"@type":"ImageObject","inLanguage":"pl-PL","@id":"https:\/\/www.welovecycling.com\/pl\/2021\/04\/07\/najszczesliwszy-kolarz-na-swiecie-nie-spodziewal-sie-co-bedzie-tydzien-pozniej\/#primaryimage","url":"https:\/\/d2p6e6u75xmxt8.cloudfront.net\/5\/2021\/04\/Kasper-Asgreen-profimedia-0603339615-CVR-1024x450-1.jpg","contentUrl":"https:\/\/d2p6e6u75xmxt8.cloudfront.net\/5\/2021\/04\/Kasper-Asgreen-profimedia-0603339615-CVR-1024x450-1.jpg","width":1024,"height":450},{"@type":"BreadcrumbList","@id":"https:\/\/www.welovecycling.com\/pl\/2021\/04\/07\/najszczesliwszy-kolarz-na-swiecie-nie-spodziewal-sie-co-bedzie-tydzien-pozniej\/#breadcrumb","itemListElement":[{"@type":"ListItem","position":1,"name":"Home","item":"https:\/\/www.welovecycling.com\/pl\/"},{"@type":"ListItem","position":2,"name":"Najszcz\u0119\u015bliwszy kolarz na \u015bwiecie? Nie spodziewa\u0142 si\u0119, co b\u0119dzie tydzie\u0144 p\u00f3\u017aniej\u2026"}]},{"@type":"WebSite","@id":"https:\/\/www.welovecycling.com\/pl\/#website","url":"https:\/\/www.welovecycling.com\/pl\/","name":"\u0160koda We Love Cycling - Poland","description":"","potentialAction":[{"@type":"SearchAction","target":{"@type":"EntryPoint","urlTemplate":"https:\/\/www.welovecycling.com\/pl\/?s={search_term_string}"},"query-input":{"@type":"PropertyValueSpecification","valueRequired":true,"valueName":"search_term_string"}}],"inLanguage":"pl-PL"},{"@type":"Person","@id":"https:\/\/www.welovecycling.com\/pl\/#\/schema\/person\/4a79bac7bd265aa6a35a1079d36648be","name":"oktawiamikulska","image":{"@type":"ImageObject","inLanguage":"pl-PL","@id":"https:\/\/www.welovecycling.com\/pl\/#\/schema\/person\/image\/","url":"https:\/\/secure.gravatar.com\/avatar\/b97a3f44e2de6d2f8dd358975937e49823662e12cbd810b9d1a2bff1c149e8a7?s=96&d=mm&r=g","contentUrl":"https:\/\/secure.gravatar.com\/avatar\/b97a3f44e2de6d2f8dd358975937e49823662e12cbd810b9d1a2bff1c149e8a7?s=96&d=mm&r=g","caption":"oktawiamikulska"},"url":"https:\/\/www.welovecycling.com\/pl\/author\/oktawiamikulska\/"}]}},"_links":{"self":[{"href":"https:\/\/www.welovecycling.com\/pl\/wp-json\/wp\/v2\/posts\/11634","targetHints":{"allow":["GET"]}}],"collection":[{"href":"https:\/\/www.welovecycling.com\/pl\/wp-json\/wp\/v2\/posts"}],"about":[{"href":"https:\/\/www.welovecycling.com\/pl\/wp-json\/wp\/v2\/types\/post"}],"author":[{"embeddable":true,"href":"https:\/\/www.welovecycling.com\/pl\/wp-json\/wp\/v2\/users\/125"}],"replies":[{"embeddable":true,"href":"https:\/\/www.welovecycling.com\/pl\/wp-json\/wp\/v2\/comments?post=11634"}],"version-history":[{"count":1,"href":"https:\/\/www.welovecycling.com\/pl\/wp-json\/wp\/v2\/posts\/11634\/revisions"}],"predecessor-version":[{"id":11640,"href":"https:\/\/www.welovecycling.com\/pl\/wp-json\/wp\/v2\/posts\/11634\/revisions\/11640"}],"wp:featuredmedia":[{"embeddable":true,"href":"https:\/\/www.welovecycling.com\/pl\/wp-json\/wp\/v2\/media\/11639"}],"wp:attachment":[{"href":"https:\/\/www.welovecycling.com\/pl\/wp-json\/wp\/v2\/media?parent=11634"}],"wp:term":[{"taxonomy":"category","embeddable":true,"href":"https:\/\/www.welovecycling.com\/pl\/wp-json\/wp\/v2\/categories?post=11634"},{"taxonomy":"post_tag","embeddable":true,"href":"https:\/\/www.welovecycling.com\/pl\/wp-json\/wp\/v2\/tags?post=11634"},{"taxonomy":"global-categories","embeddable":true,"href":"https:\/\/www.welovecycling.com\/pl\/wp-json\/wp\/v2\/global-categories?post=11634"}],"curies":[{"name":"wp","href":"https:\/\/api.w.org\/{rel}","templated":true}]}}