{"id":11621,"date":"2021-04-02T10:45:30","date_gmt":"2021-04-02T10:45:30","guid":{"rendered":"https:\/\/www.welovecycling.com\/pl\/?p=11621"},"modified":"2023-07-19T07:25:47","modified_gmt":"2023-07-19T07:25:47","slug":"dzieci-wchodza-do-gry-tak-pomaga-i-promuje-sie-tour-de-france","status":"publish","type":"post","link":"https:\/\/www.welovecycling.com\/pl\/2021\/04\/02\/dzieci-wchodza-do-gry-tak-pomaga-i-promuje-sie-tour-de-france\/","title":{"rendered":"Dzieci wchodz\u0105 do gry! Tak pomaga i promuje si\u0119 Tour de France"},"content":{"rendered":"<p><strong>Tysi\u0105ce dzieciak\u00f3w, niesamowite skupienie, a tak\u017ce wielkie emocje. Okazuje si\u0119, \u017ce aby poczu\u0107 adrenalin\u0119 Tour de France, wcale nie trzeba wsiada\u0107 na rower. Wystarczy\u2026 przeprowadzi\u0107 dyktando<\/strong>.<\/p>\n<p>Organizatorzy Wielkiej P\u0119tli od lat udowadniaj\u0105, \u017ce ich impreza to co\u015b znacznie wi\u0119cej ni\u017c trzy tygodnie \u015bcigania si\u0119 najlepszych zawodnik\u00f3w \u015bwiata. Przez ca\u0142y rok prowadzone s\u0105 warsztaty ekologiczne, imprezy rowerowe, akcje charytatywne, a teraz miasta-gospodarze stawiaj\u0105 czo\u0142a\u2026 dyktandu Tour de France.<\/p>\n<p>Pierwsze przeprowadzono w 2017 r. Jego celem by\u0142o edukowanie dzieci, ale tak\u017ce przybli\u017ca\u0107 im histori\u0119 i ide\u0119 Wielkiej P\u0119tli. No i uda\u0142o si\u0119. Z roku na rok, szko\u0142y coraz ch\u0119tniej zg\u0142asza\u0142y si\u0119 do dyktanda, a w tym roku pad\u0142 rekord \u2013 z kolarskim tekstem zmierzy\u0142o si\u0119 26 tys. uczni\u00f3w szk\u00f3\u0142 podstawowych i \u015brednich.<\/p>\n<div class=\"embed-controller-wrapper\">\n<blockquote class=\"twitter-tweet\" data-width=\"500\" data-dnt=\"true\">\n<p lang=\"fr\" dir=\"ltr\">Retour en images sur \ud835\udcf5\ud835\udcea \ud835\udcd3\ud835\udcf2\ud835\udcec\ud835\udcfd\ud835\udcee\u0301\ud835\udcee \ud835\udced\ud835\udcfe \ud835\udce3\ud835\udcf8\ud835\udcfe\ud835\udcfb du 19 mars qui s\u2019est d\u00e9roul\u00e9e dans 10 <a href=\"https:\/\/twitter.com\/hashtag\/coll%C3%A8ges?src=hash&amp;ref_src=twsrc%5Etfw\">#coll\u00e8ges<\/a> du <a href=\"https:\/\/twitter.com\/hashtag\/D%C3%A9partementDuCher?src=hash&amp;ref_src=twsrc%5Etfw\">#D\u00e9partementDuCher<\/a> r\u00e9partis sur le trac\u00e9 de l\u2019<a href=\"https:\/\/twitter.com\/hashtag\/%C3%A9tape?src=hash&amp;ref_src=twsrc%5Etfw\">#\u00e9tape<\/a> avec la participation de 645 de nos <a href=\"https:\/\/twitter.com\/hashtag\/coll%C3%A9giens?src=hash&amp;ref_src=twsrc%5Etfw\">#coll\u00e9giens<\/a> et 2 &quot;guest-stars&quot; ! <a href=\"https:\/\/twitter.com\/Sarreau?ref_src=twsrc%5Etfw\">@Sarreau<\/a> <a href=\"https:\/\/twitter.com\/alafpolak1?ref_src=twsrc%5Etfw\">@alafpolak1<\/a> <a href=\"https:\/\/twitter.com\/LeTour?ref_src=twsrc%5Etfw\">@LeTour<\/a> <a href=\"https:\/\/twitter.com\/ADepartementsF?ref_src=twsrc%5Etfw\">@ADepartementsF<\/a> <a href=\"https:\/\/t.co\/VoVMv7qCU4\">pic.twitter.com\/VoVMv7qCU4<\/a><\/p>\n<p>&mdash; D\u00e9partement du Cher (@departement_18) <a href=\"https:\/\/twitter.com\/departement_18\/status\/1375499790276915200?ref_src=twsrc%5Etfw\">March 26, 2021<\/a><\/p><\/blockquote>\n<p><script async data-src=\"https:\/\/platform.twitter.com\/widgets.js\" charset=\"utf-8\"><\/script><\/div>\n<p>Niekt\u00f3rzy uczniowie zak\u0142adali \u017c\u00f3\u0142te koszulki lider\u00f3w klasyfikacji generalnej Tour de France, inni przynosili kolarskie gad\u017cety. Wi\u0119kszo\u015b\u0107 szk\u00f3\u0142 organizowa\u0142a dyktanda na miejscu, ale zdarza\u0142o si\u0119, \u017ce niekt\u00f3rzy musieli odby\u0107 specjaln\u0105 wycieczk\u0119.<\/p>\n<p>Przybywali r\u00f3wnie\u017c specjalni go\u015bcie. W niekt\u00f3rych miastach pojawi\u0142 si\u0119 sam Christian Prudhomme, wieloletni dyrektor generalny wy\u015bcigu. Z kolei inne dzieciaki odwiedzi\u0142\u2026 Maxoo, maskotka tegorocznej Wielkiej P\u0119tli.<\/p>\n<div class=\"embed-controller-wrapper\">\n<blockquote class=\"twitter-tweet\" data-width=\"500\" data-dnt=\"true\">\n<p lang=\"fr\" dir=\"ltr\">\u2712 Aujourd&#39;hui, 26.000 \u00e9l\u00e8ves des \u00e9coles et coll\u00e8ges situ\u00e9s sur le parcours du <a href=\"https:\/\/twitter.com\/hashtag\/TDF2021?src=hash&amp;ref_src=twsrc%5Etfw\">#TDF2021<\/a> ont planch\u00e9 sur la dict\u00e9e du Tour. <\/p>\n<p>\ud83e\udd29 Les meilleurs \u00e9l\u00e8ves pourront d\u00e9couvrir les coulisses du Tour de France cet \u00e9t\u00e9 !<\/p>\n<p>\ud83d\ude4f De tr\u00e8s nombreuses personnalit\u00e9s ont particip\u00e9. Merci \u00e0 tous ! <a href=\"https:\/\/t.co\/060RoqJkGM\">pic.twitter.com\/060RoqJkGM<\/a><\/p>\n<p>&mdash; Tour de France\u2122 (@LeTour) <a href=\"https:\/\/twitter.com\/LeTour\/status\/1372939952191901698?ref_src=twsrc%5Etfw\">March 19, 2021<\/a><\/p><\/blockquote>\n<p><script async data-src=\"https:\/\/platform.twitter.com\/widgets.js\" charset=\"utf-8\"><\/script><\/div>\n<p>Organizatorzy dyktanda starali si\u0119 r\u00f3wnie\u017c, by mia\u0142o ono troch\u0119 inny charakter, wi\u0119c cz\u0119sto tre\u015b\u0107 przekazywali nie nauczyciele, ale sportowcy. Czasem udawa\u0142o si\u0119 to zrobi\u0107 osobi\u015bcie, a czasem wirtualnie.<\/p>\n<div class=\"embed-controller-wrapper\">\n<blockquote class=\"twitter-tweet\" data-width=\"500\" data-dnt=\"true\">\n<p lang=\"fr\" dir=\"ltr\">Il y a quelques ann\u00e9es je n&#39;aurais sans doute  pas appr\u00e9ci\u00e9 l&#39;exercice \ud83e\udd23.<br \/>Mais je souhaite bon courage \u00e0 tous les \u00e9l\u00e8ves qui participent aujourd&#39;hui \u00e0 la Dict\u00e9e du <a href=\"https:\/\/twitter.com\/LeTour?ref_src=twsrc%5Etfw\">@LeTour<\/a>.<br \/>Et je salue cette belle initiative. <a href=\"https:\/\/t.co\/HSwbzoEhKX\">https:\/\/t.co\/HSwbzoEhKX<\/a><\/p>\n<p>&mdash; SarreauMarc (@Sarreau) <a href=\"https:\/\/twitter.com\/Sarreau\/status\/1372872490633023489?ref_src=twsrc%5Etfw\">March 19, 2021<\/a><\/p><\/blockquote>\n<p><script async data-src=\"https:\/\/platform.twitter.com\/widgets.js\" charset=\"utf-8\"><\/script><\/div>\n<p>&#8211; Jeszcze kilka lat temu prawdopodobnie nie cieszy\u0142bym si\u0119 z takiego wyzwania \u2013 \u017cartowa\u0142 w mediach spo\u0142eczno\u015bciowych zaanga\u017cowany w akcj\u0119 Marc Sarreau. \u2013 Ale \u017cycz\u0119 wszystkim uczniom powodzenia i kibicuj\u0119 tej wspania\u0142ej inicjatywie \u2013 doda\u0142 zawodnik AG2R Team.<\/p>\n<p>W dyktandzie wzi\u0119\u0142y udzia\u0142 niemal wszystkie gminy, kt\u00f3re b\u0119d\u0105 go\u015bci\u0142y etapy Tour de France. Najwi\u0119cej uczni\u00f3w zaanga\u017cowa\u0142o si\u0119 w Chatou (890), nast\u0119pnie w Nimes (700) i Ceret (633). \u201eDyktando to jedna z inicjatyw prowadzonych z lokalnymi w\u0142adzami, kt\u00f3re zach\u0119caj\u0105 do poznawania i korzystania z alternatywnych \u015brodk\u00f3w transportu, takich jak rower\u201d \u2013 informuje oficjalna strona Tour de France.<\/p>\n<p>Jednym z ambasador\u00f3w programu jest \u015bwietny francuski kolarz &#8211; Julian Alaphilippe, a na pami\u0105tk\u0119 dzieci dostaj\u0105 specjalne broszury oraz pi\u00f3rniki z logo Tour de France. To jednak nie koniec, bo uczniowie, kt\u00f3rzy najlepiej poradzili sobie z rowerowym dyktandem, zostan\u0105 zaproszeni do sp\u0119dzenia dnia za kulisami Wielkiej P\u0119tli.<\/p>\n<p>Teraz jednak wszystko ju\u017c w r\u0119kach doros\u0142ych, kt\u00f3rzy musz\u0105 sprawdzi\u0107 26 tys. prac\u2026<\/p>\n<div class=\"embed-controller-wrapper\">\n<blockquote class=\"twitter-tweet\" data-width=\"500\" data-dnt=\"true\">\n<p lang=\"fr\" dir=\"ltr\">25 \u00e9lus et agents du D\u00e9partement de l&#39;<a href=\"https:\/\/twitter.com\/hashtag\/Indre?src=hash&amp;ref_src=twsrc%5Etfw\">#Indre<\/a> d\u00e9butent la correction des 1889 copies de la <a href=\"https:\/\/twitter.com\/hashtag\/Dict%C3%A9eduTour?src=hash&amp;ref_src=twsrc%5Etfw\">#Dict\u00e9eduTour<\/a>  <br \/>\ud83c\udfc6Les 4 vainqueurs seront invit\u00e9s par A.S.O. dans les coulisses de <a href=\"https:\/\/twitter.com\/LeTour?ref_src=twsrc%5Etfw\">@LeTour<\/a> cet \u00e9t\u00e9. Les 50 meilleurs r\u00e9sultats suivants seront r\u00e9compens\u00e9s par <a href=\"https:\/\/twitter.com\/Indre36?ref_src=twsrc%5Etfw\">@Indre36<\/a> Bravo aux coll\u00e9giens ! <a href=\"https:\/\/t.co\/6yBbmTA8Qj\">pic.twitter.com\/6yBbmTA8Qj<\/a><\/p>\n<p>&mdash; D\u00e9partement de l&#39;Indre (@Indre36) <a href=\"https:\/\/twitter.com\/Indre36\/status\/1376826327756640265?ref_src=twsrc%5Etfw\">March 30, 2021<\/a><\/p><\/blockquote>\n<p><script async data-src=\"https:\/\/platform.twitter.com\/widgets.js\" charset=\"utf-8\"><\/script><\/div>\n<p>Dyktanda odby\u0142y si\u0119 mniej wi\u0119cej 100 dni przed startem tegorocznej Wielkiej P\u0119tli. Wielkie odliczanie rozpocz\u0119li nie tylko uczniowie szk\u00f3\u0142, ale tak\u017ce doro\u015bli, kt\u00f3rzy przeprowadzili akcj\u0119 w mediach spo\u0142eczno\u015bciowych przypominaj\u0105c\u0105, \u017ce wielkimi krokami zbli\u017ca si\u0119 najwi\u0119ksza kolarska impreza na \u015bwiecie.<\/p>\n<p>https:\/\/twitter.com\/VillePontivy\/status\/1373308721443569666?s=20<\/p>\n<p>Przypomnijmy, \u017ce tegoroczny Tour de France startuje 26 czerwca, a zako\u0144czy si\u0119 18 lipca.<\/p>\n<p><a href=\"https:\/\/www.skoda-auto.pl\/modele\/superb\"><img loading=\"lazy\" decoding=\"async\" class=\"alignnone size-full wp-image-11628 aligncenter\" src=\"https:\/\/d2p6e6u75xmxt8.cloudfront.net\/5\/2021\/12\/640x350-2-1.jpg\" alt=\"\" width=\"640\" height=\"350\" srcset=\"https:\/\/d2p6e6u75xmxt8.cloudfront.net\/5\/2021\/12\/640x350-2-1.jpg 640w, https:\/\/d2p6e6u75xmxt8.cloudfront.net\/5\/2021\/12\/640x350-2-1-300x164.jpg 300w\" sizes=\"auto, (max-width: 640px) 100vw, 640px\" \/><\/a><\/p>\n","protected":false},"excerpt":{"rendered":"<p>Tysi\u0105ce dzieciak\u00f3w, niesamowite skupienie, a tak\u017ce wielkie emocje. Okazuje si\u0119, \u017ce aby poczu\u0107 adrenalin\u0119 Tour de France, wcale nie trzeba [&hellip;]<\/p>\n","protected":false},"author":125,"featured_media":11627,"comment_status":"open","ping_status":"open","sticky":false,"template":"","format":"standard","meta":{"footnotes":""},"categories":[337],"tags":[176,77,146],"global-categories":[303],"class_list":["post-11621","post","type-post","status-publish","format-standard","has-post-thumbnail","hentry","category-tour-de-france","tag-kolarstwo","tag-tour-de-france","tag-wyscig","global-categories-cycling"],"yoast_head":"<!-- This site is optimized with the Yoast SEO Premium plugin v25.3 (Yoast SEO v25.9) - https:\/\/yoast.com\/wordpress\/plugins\/seo\/ -->\n<title>Dzieci wchodz\u0105 do gry! Tak pomaga i promuje si\u0119 Tour de France - \u0160koda We Love Cycling - Poland<\/title>\n<meta name=\"description\" content=\"Tysi\u0105ce dzieciak\u00f3w, niesamowite skupienie, a tak\u017ce wielkie emocje. Okazuje si\u0119, \u017ce aby poczu\u0107 adrenalin\u0119 Tour de France, wcale nie trzeba wsiada\u0107 na rower. Wystarczy\u2026 przeprowadzi\u0107 dyktando\" \/>\n<meta name=\"robots\" content=\"index, follow, max-snippet:-1, max-image-preview:large, max-video-preview:-1\" \/>\n<link rel=\"canonical\" href=\"https:\/\/www.welovecycling.com\/pl\/2021\/04\/02\/dzieci-wchodza-do-gry-tak-pomaga-i-promuje-sie-tour-de-france\/\" \/>\n<meta property=\"og:locale\" content=\"pl_PL\" \/>\n<meta property=\"og:type\" content=\"article\" \/>\n<meta property=\"og:title\" content=\"Dzieci wchodz\u0105 do gry! Tak pomaga i promuje si\u0119 Tour de France\" \/>\n<meta property=\"og:description\" content=\"Tysi\u0105ce dzieciak\u00f3w, niesamowite skupienie, a tak\u017ce wielkie emocje. Okazuje si\u0119, \u017ce aby poczu\u0107 adrenalin\u0119 Tour de France, wcale nie trzeba wsiada\u0107 na rower. Wystarczy\u2026 przeprowadzi\u0107 dyktando\" \/>\n<meta property=\"og:url\" content=\"https:\/\/www.welovecycling.com\/pl\/2021\/04\/02\/dzieci-wchodza-do-gry-tak-pomaga-i-promuje-sie-tour-de-france\/\" \/>\n<meta property=\"og:site_name\" content=\"\u0160koda We Love Cycling - Poland\" \/>\n<meta property=\"article:published_time\" content=\"2021-04-02T10:45:30+00:00\" \/>\n<meta property=\"article:modified_time\" content=\"2023-07-19T07:25:47+00:00\" \/>\n<meta property=\"og:image\" content=\"https:\/\/d2p6e6u75xmxt8.cloudfront.net\/5\/2021\/04\/opener5.jpg\" \/>\n\t<meta property=\"og:image:width\" content=\"950\" \/>\n\t<meta property=\"og:image:height\" content=\"350\" \/>\n\t<meta property=\"og:image:type\" content=\"image\/jpeg\" \/>\n<meta name=\"author\" content=\"oktawiamikulska\" \/>\n<meta name=\"twitter:card\" content=\"summary_large_image\" \/>\n<meta name=\"twitter:label1\" content=\"Written by\" \/>\n\t<meta name=\"twitter:data1\" content=\"Piotr Jawor\" \/>\n\t<meta name=\"twitter:label2\" content=\"Est. reading time\" \/>\n\t<meta name=\"twitter:data2\" content=\"3 minutes\" \/>\n<script type=\"application\/ld+json\" class=\"yoast-schema-graph\">{\"@context\":\"https:\/\/schema.org\",\"@graph\":[{\"@type\":\"WebPage\",\"@id\":\"https:\/\/www.welovecycling.com\/pl\/2021\/04\/02\/dzieci-wchodza-do-gry-tak-pomaga-i-promuje-sie-tour-de-france\/\",\"url\":\"https:\/\/www.welovecycling.com\/pl\/2021\/04\/02\/dzieci-wchodza-do-gry-tak-pomaga-i-promuje-sie-tour-de-france\/\",\"name\":\"Dzieci wchodz\u0105 do gry! Tak pomaga i promuje si\u0119 Tour de France - \u0160koda We Love Cycling - Poland\",\"isPartOf\":{\"@id\":\"https:\/\/www.welovecycling.com\/pl\/#website\"},\"primaryImageOfPage\":{\"@id\":\"https:\/\/www.welovecycling.com\/pl\/2021\/04\/02\/dzieci-wchodza-do-gry-tak-pomaga-i-promuje-sie-tour-de-france\/#primaryimage\"},\"image\":{\"@id\":\"https:\/\/www.welovecycling.com\/pl\/2021\/04\/02\/dzieci-wchodza-do-gry-tak-pomaga-i-promuje-sie-tour-de-france\/#primaryimage\"},\"thumbnailUrl\":\"https:\/\/d2p6e6u75xmxt8.cloudfront.net\/5\/2021\/04\/opener5.jpg\",\"datePublished\":\"2021-04-02T10:45:30+00:00\",\"dateModified\":\"2023-07-19T07:25:47+00:00\",\"author\":{\"@id\":\"https:\/\/www.welovecycling.com\/pl\/#\/schema\/person\/4a79bac7bd265aa6a35a1079d36648be\"},\"description\":\"Tysi\u0105ce dzieciak\u00f3w, niesamowite skupienie, a tak\u017ce wielkie emocje. Okazuje si\u0119, \u017ce aby poczu\u0107 adrenalin\u0119 Tour de France, wcale nie trzeba wsiada\u0107 na rower. Wystarczy\u2026 przeprowadzi\u0107 dyktando\",\"breadcrumb\":{\"@id\":\"https:\/\/www.welovecycling.com\/pl\/2021\/04\/02\/dzieci-wchodza-do-gry-tak-pomaga-i-promuje-sie-tour-de-france\/#breadcrumb\"},\"inLanguage\":\"pl-PL\",\"potentialAction\":[{\"@type\":\"ReadAction\",\"target\":[\"https:\/\/www.welovecycling.com\/pl\/2021\/04\/02\/dzieci-wchodza-do-gry-tak-pomaga-i-promuje-sie-tour-de-france\/\"]}]},{\"@type\":\"ImageObject\",\"inLanguage\":\"pl-PL\",\"@id\":\"https:\/\/www.welovecycling.com\/pl\/2021\/04\/02\/dzieci-wchodza-do-gry-tak-pomaga-i-promuje-sie-tour-de-france\/#primaryimage\",\"url\":\"https:\/\/d2p6e6u75xmxt8.cloudfront.net\/5\/2021\/04\/opener5.jpg\",\"contentUrl\":\"https:\/\/d2p6e6u75xmxt8.cloudfront.net\/5\/2021\/04\/opener5.jpg\",\"width\":950,\"height\":350},{\"@type\":\"BreadcrumbList\",\"@id\":\"https:\/\/www.welovecycling.com\/pl\/2021\/04\/02\/dzieci-wchodza-do-gry-tak-pomaga-i-promuje-sie-tour-de-france\/#breadcrumb\",\"itemListElement\":[{\"@type\":\"ListItem\",\"position\":1,\"name\":\"Home\",\"item\":\"https:\/\/www.welovecycling.com\/pl\/\"},{\"@type\":\"ListItem\",\"position\":2,\"name\":\"Dzieci wchodz\u0105 do gry! Tak pomaga i promuje si\u0119 Tour de France\"}]},{\"@type\":\"WebSite\",\"@id\":\"https:\/\/www.welovecycling.com\/pl\/#website\",\"url\":\"https:\/\/www.welovecycling.com\/pl\/\",\"name\":\"\u0160koda We Love Cycling - Poland\",\"description\":\"\",\"potentialAction\":[{\"@type\":\"SearchAction\",\"target\":{\"@type\":\"EntryPoint\",\"urlTemplate\":\"https:\/\/www.welovecycling.com\/pl\/?s={search_term_string}\"},\"query-input\":{\"@type\":\"PropertyValueSpecification\",\"valueRequired\":true,\"valueName\":\"search_term_string\"}}],\"inLanguage\":\"pl-PL\"},{\"@type\":\"Person\",\"@id\":\"https:\/\/www.welovecycling.com\/pl\/#\/schema\/person\/4a79bac7bd265aa6a35a1079d36648be\",\"name\":\"oktawiamikulska\",\"image\":{\"@type\":\"ImageObject\",\"inLanguage\":\"pl-PL\",\"@id\":\"https:\/\/www.welovecycling.com\/pl\/#\/schema\/person\/image\/\",\"url\":\"https:\/\/secure.gravatar.com\/avatar\/b97a3f44e2de6d2f8dd358975937e49823662e12cbd810b9d1a2bff1c149e8a7?s=96&d=mm&r=g\",\"contentUrl\":\"https:\/\/secure.gravatar.com\/avatar\/b97a3f44e2de6d2f8dd358975937e49823662e12cbd810b9d1a2bff1c149e8a7?s=96&d=mm&r=g\",\"caption\":\"oktawiamikulska\"},\"url\":\"https:\/\/www.welovecycling.com\/pl\/author\/oktawiamikulska\/\"}]}<\/script>\n<!-- \/ Yoast SEO Premium plugin. -->","yoast_head_json":{"title":"Dzieci wchodz\u0105 do gry! Tak pomaga i promuje si\u0119 Tour de France - \u0160koda We Love Cycling - Poland","description":"Tysi\u0105ce dzieciak\u00f3w, niesamowite skupienie, a tak\u017ce wielkie emocje. Okazuje si\u0119, \u017ce aby poczu\u0107 adrenalin\u0119 Tour de France, wcale nie trzeba wsiada\u0107 na rower. Wystarczy\u2026 przeprowadzi\u0107 dyktando","robots":{"index":"index","follow":"follow","max-snippet":"max-snippet:-1","max-image-preview":"max-image-preview:large","max-video-preview":"max-video-preview:-1"},"canonical":"https:\/\/www.welovecycling.com\/pl\/2021\/04\/02\/dzieci-wchodza-do-gry-tak-pomaga-i-promuje-sie-tour-de-france\/","og_locale":"pl_PL","og_type":"article","og_title":"Dzieci wchodz\u0105 do gry! Tak pomaga i promuje si\u0119 Tour de France","og_description":"Tysi\u0105ce dzieciak\u00f3w, niesamowite skupienie, a tak\u017ce wielkie emocje. Okazuje si\u0119, \u017ce aby poczu\u0107 adrenalin\u0119 Tour de France, wcale nie trzeba wsiada\u0107 na rower. Wystarczy\u2026 przeprowadzi\u0107 dyktando","og_url":"https:\/\/www.welovecycling.com\/pl\/2021\/04\/02\/dzieci-wchodza-do-gry-tak-pomaga-i-promuje-sie-tour-de-france\/","og_site_name":"\u0160koda We Love Cycling - Poland","article_published_time":"2021-04-02T10:45:30+00:00","article_modified_time":"2023-07-19T07:25:47+00:00","og_image":[{"width":950,"height":350,"url":"https:\/\/d2p6e6u75xmxt8.cloudfront.net\/5\/2021\/04\/opener5.jpg","type":"image\/jpeg"}],"author":"oktawiamikulska","twitter_card":"summary_large_image","twitter_misc":{"Written by":"Piotr Jawor","Est. reading time":"3 minutes"},"schema":{"@context":"https:\/\/schema.org","@graph":[{"@type":"WebPage","@id":"https:\/\/www.welovecycling.com\/pl\/2021\/04\/02\/dzieci-wchodza-do-gry-tak-pomaga-i-promuje-sie-tour-de-france\/","url":"https:\/\/www.welovecycling.com\/pl\/2021\/04\/02\/dzieci-wchodza-do-gry-tak-pomaga-i-promuje-sie-tour-de-france\/","name":"Dzieci wchodz\u0105 do gry! Tak pomaga i promuje si\u0119 Tour de France - \u0160koda We Love Cycling - Poland","isPartOf":{"@id":"https:\/\/www.welovecycling.com\/pl\/#website"},"primaryImageOfPage":{"@id":"https:\/\/www.welovecycling.com\/pl\/2021\/04\/02\/dzieci-wchodza-do-gry-tak-pomaga-i-promuje-sie-tour-de-france\/#primaryimage"},"image":{"@id":"https:\/\/www.welovecycling.com\/pl\/2021\/04\/02\/dzieci-wchodza-do-gry-tak-pomaga-i-promuje-sie-tour-de-france\/#primaryimage"},"thumbnailUrl":"https:\/\/d2p6e6u75xmxt8.cloudfront.net\/5\/2021\/04\/opener5.jpg","datePublished":"2021-04-02T10:45:30+00:00","dateModified":"2023-07-19T07:25:47+00:00","author":{"@id":"https:\/\/www.welovecycling.com\/pl\/#\/schema\/person\/4a79bac7bd265aa6a35a1079d36648be"},"description":"Tysi\u0105ce dzieciak\u00f3w, niesamowite skupienie, a tak\u017ce wielkie emocje. Okazuje si\u0119, \u017ce aby poczu\u0107 adrenalin\u0119 Tour de France, wcale nie trzeba wsiada\u0107 na rower. Wystarczy\u2026 przeprowadzi\u0107 dyktando","breadcrumb":{"@id":"https:\/\/www.welovecycling.com\/pl\/2021\/04\/02\/dzieci-wchodza-do-gry-tak-pomaga-i-promuje-sie-tour-de-france\/#breadcrumb"},"inLanguage":"pl-PL","potentialAction":[{"@type":"ReadAction","target":["https:\/\/www.welovecycling.com\/pl\/2021\/04\/02\/dzieci-wchodza-do-gry-tak-pomaga-i-promuje-sie-tour-de-france\/"]}]},{"@type":"ImageObject","inLanguage":"pl-PL","@id":"https:\/\/www.welovecycling.com\/pl\/2021\/04\/02\/dzieci-wchodza-do-gry-tak-pomaga-i-promuje-sie-tour-de-france\/#primaryimage","url":"https:\/\/d2p6e6u75xmxt8.cloudfront.net\/5\/2021\/04\/opener5.jpg","contentUrl":"https:\/\/d2p6e6u75xmxt8.cloudfront.net\/5\/2021\/04\/opener5.jpg","width":950,"height":350},{"@type":"BreadcrumbList","@id":"https:\/\/www.welovecycling.com\/pl\/2021\/04\/02\/dzieci-wchodza-do-gry-tak-pomaga-i-promuje-sie-tour-de-france\/#breadcrumb","itemListElement":[{"@type":"ListItem","position":1,"name":"Home","item":"https:\/\/www.welovecycling.com\/pl\/"},{"@type":"ListItem","position":2,"name":"Dzieci wchodz\u0105 do gry! Tak pomaga i promuje si\u0119 Tour de France"}]},{"@type":"WebSite","@id":"https:\/\/www.welovecycling.com\/pl\/#website","url":"https:\/\/www.welovecycling.com\/pl\/","name":"\u0160koda We Love Cycling - Poland","description":"","potentialAction":[{"@type":"SearchAction","target":{"@type":"EntryPoint","urlTemplate":"https:\/\/www.welovecycling.com\/pl\/?s={search_term_string}"},"query-input":{"@type":"PropertyValueSpecification","valueRequired":true,"valueName":"search_term_string"}}],"inLanguage":"pl-PL"},{"@type":"Person","@id":"https:\/\/www.welovecycling.com\/pl\/#\/schema\/person\/4a79bac7bd265aa6a35a1079d36648be","name":"oktawiamikulska","image":{"@type":"ImageObject","inLanguage":"pl-PL","@id":"https:\/\/www.welovecycling.com\/pl\/#\/schema\/person\/image\/","url":"https:\/\/secure.gravatar.com\/avatar\/b97a3f44e2de6d2f8dd358975937e49823662e12cbd810b9d1a2bff1c149e8a7?s=96&d=mm&r=g","contentUrl":"https:\/\/secure.gravatar.com\/avatar\/b97a3f44e2de6d2f8dd358975937e49823662e12cbd810b9d1a2bff1c149e8a7?s=96&d=mm&r=g","caption":"oktawiamikulska"},"url":"https:\/\/www.welovecycling.com\/pl\/author\/oktawiamikulska\/"}]}},"_links":{"self":[{"href":"https:\/\/www.welovecycling.com\/pl\/wp-json\/wp\/v2\/posts\/11621","targetHints":{"allow":["GET"]}}],"collection":[{"href":"https:\/\/www.welovecycling.com\/pl\/wp-json\/wp\/v2\/posts"}],"about":[{"href":"https:\/\/www.welovecycling.com\/pl\/wp-json\/wp\/v2\/types\/post"}],"author":[{"embeddable":true,"href":"https:\/\/www.welovecycling.com\/pl\/wp-json\/wp\/v2\/users\/125"}],"replies":[{"embeddable":true,"href":"https:\/\/www.welovecycling.com\/pl\/wp-json\/wp\/v2\/comments?post=11621"}],"version-history":[{"count":1,"href":"https:\/\/www.welovecycling.com\/pl\/wp-json\/wp\/v2\/posts\/11621\/revisions"}],"predecessor-version":[{"id":11632,"href":"https:\/\/www.welovecycling.com\/pl\/wp-json\/wp\/v2\/posts\/11621\/revisions\/11632"}],"wp:featuredmedia":[{"embeddable":true,"href":"https:\/\/www.welovecycling.com\/pl\/wp-json\/wp\/v2\/media\/11627"}],"wp:attachment":[{"href":"https:\/\/www.welovecycling.com\/pl\/wp-json\/wp\/v2\/media?parent=11621"}],"wp:term":[{"taxonomy":"category","embeddable":true,"href":"https:\/\/www.welovecycling.com\/pl\/wp-json\/wp\/v2\/categories?post=11621"},{"taxonomy":"post_tag","embeddable":true,"href":"https:\/\/www.welovecycling.com\/pl\/wp-json\/wp\/v2\/tags?post=11621"},{"taxonomy":"global-categories","embeddable":true,"href":"https:\/\/www.welovecycling.com\/pl\/wp-json\/wp\/v2\/global-categories?post=11621"}],"curies":[{"name":"wp","href":"https:\/\/api.w.org\/{rel}","templated":true}]}}