{"id":11610,"date":"2021-03-31T13:40:43","date_gmt":"2021-03-31T13:40:43","guid":{"rendered":"https:\/\/www.welovecycling.com\/pl\/?p=11610"},"modified":"2021-03-31T13:40:43","modified_gmt":"2021-03-31T13:40:43","slug":"co-by-tu-jeszcze-wymyslic-taka-trasa-to-piekno-kolarstwa","status":"publish","type":"post","link":"https:\/\/www.welovecycling.com\/pl\/2021\/03\/31\/co-by-tu-jeszcze-wymyslic-taka-trasa-to-piekno-kolarstwa\/","title":{"rendered":"Co by tu jeszcze wymy\u015bli\u0107? Taka trasa to pi\u0119kno kolarstwa!"},"content":{"rendered":"<p><strong>Wn\u0119trze katedry, uroki Pary\u017ca, szczyty dost\u0119pne g\u0142\u00f3wnie dla narciarzy, a nawet czynny wulkan. Organizatorzy wielkich wy\u015bcig\u00f3w prze\u015bcigaj\u0105 si\u0119 w pomys\u0142ach na urozmaicanie tras, a ogranicza ich g\u0142\u00f3wnie wyobra\u017ania.<\/strong><\/p>\n<p>W tym roku spektakularnie zapowiada si\u0119 start Vuelta a Espana. 14 sierpnia w 21-etapowy b\u00f3j zawodnicy maj\u0105 wyruszy\u0107 z\u2026 wn\u0119trza katedry \u015bw. Marii w Burgos. Budowa gotyckiego ko\u015bcio\u0142a rozpocz\u0119\u0142a si\u0119 w 1221 r., a zako\u0144czy\u0142a blisko 350 lat p\u00f3\u017aniej. Dzi\u015b to jeden z najwa\u017cniejszych zabytk\u00f3w Hiszpanii, znajduj\u0105cy si\u0119 na li\u015bcie \u015bwiatowego dziedzictwa UNESCO. I to w\u0142a\u015bnie z przedsionka tej katedry kolarze zaczn\u0105 8-kilometrow\u0105 jazd\u0119 na czas.<\/p>\n<div class=\"embed-controller-wrapper\">\n<blockquote class=\"twitter-tweet\" data-width=\"500\" data-dnt=\"true\">\n<p lang=\"es\" dir=\"ltr\">\u26ea\ufe0f <a href=\"https:\/\/twitter.com\/hashtag\/LaVuelta21?src=hash&amp;ref_src=twsrc%5Etfw\">#LaVuelta21<\/a> saldr\u00e1 desde el interior de la Catedral de Burgos en el VIII Centenario del templo<\/p>\n<p>\u26ea\ufe0f <a href=\"https:\/\/twitter.com\/hashtag\/LaVuelta21?src=hash&amp;ref_src=twsrc%5Etfw\">#LaVuelta21<\/a> will start from inside the Burgos Cathedral to celebrate its 800th anniversary<\/p>\n<p>\ud83d\udd17\u27ab <a href=\"https:\/\/t.co\/1mNh0FhNLk\">https:\/\/t.co\/1mNh0FhNLk<\/a><\/p>\n<p>\ud83d\udcf8 @baixaulistudio <a href=\"https:\/\/t.co\/sFWSCrLq3U\">pic.twitter.com\/sFWSCrLq3U<\/a><\/p>\n<p>&mdash; La Vuelta (@lavuelta) <a href=\"https:\/\/twitter.com\/lavuelta\/status\/1321897591966064640?ref_src=twsrc%5Etfw\">October 29, 2020<\/a><\/p><\/blockquote>\n<p><script async data-src=\"https:\/\/platform.twitter.com\/widgets.js\" charset=\"utf-8\"><\/script><\/div>\n<p>Niekt\u00f3rzy w takiej formie rozpocz\u0119cia wy\u015bcigu dopatrywali si\u0119 znamion \u015bwi\u0119tokradztwa, ale zamys\u0142 startu z katedry jest zupe\u0142nie inny. \u2013 To b\u0119dzie co\u015b symbolicznego, bo katedra le\u017cy na s\u0142ynnym szlaku pielgrzymkowym do Santiago de Compostela \u2013 podkre\u015bla\u0142 Javier Guillen, dyrektor generalny Vuelty.<\/p>\n<p>Zreszt\u0105 uczestnicy tego wy\u015bcigu w poprzednim roku r\u00f3wnie\u017c planowali odwiedzi\u0107 \u015bwi\u0105tyni\u0119. Bowiem jeden z etap\u00f3w mia\u0142 prowadzi\u0107 przez ko\u015bci\u00f3\u0142 Naj\u015bwi\u0119tszej Marii Panny w Bredzie, ale pandemia koronawirusa pokrzy\u017cowa\u0142a te plany.<\/p>\n<p>Hiszpanie lubi\u0105 wyr\u00f3\u017cnia\u0107 si\u0119 oryginalno\u015bci\u0105. Vuelta zaczyna\u0142a si\u0119 ju\u017c m.in. w okolicach niesamowitych salin w Torrevieja, gdzie nieopodal tury\u015bci urz\u0105dzaj\u0105 sobie k\u0105piele b\u0142otne. Innym razem znowu zawodnicy przeje\u017cd\u017cali przez sam \u015brodek areny do corridy.<\/p>\n<p>Troch\u0119 inaczej etapy konstruuj\u0105 organizatorzy Tour de France. Tu zabytkowe k\u0105ski zostawione s\u0105 g\u0142\u00f3wnie na ostatni etap, gdy zawodnicy \u015bcigaj\u0105 si\u0119 po Polach Elizejskich, kr\u0119c\u0105c si\u0119 tak\u017ce w okolicach Luwru\u2026<\/p>\n<lite-youtube videoid=TErkJxvcBh4 params=\"enablejsapi=1\" style=\"background-image: url('https:\/\/i.ytimg.com\/vi_webp\/TErkJxvcBh4\/maxresdefault.webp');\"><\/lite-youtube>\n<p>\u2026 324-metrowej Wie\u017cy Eiffla\u2026<\/p>\n<div class=\"embed-controller-wrapper\">\n<blockquote class=\"twitter-tweet\" data-width=\"500\" data-dnt=\"true\">\n<p lang=\"en\" dir=\"ltr\">Chris Froome and Sky team first to circle the Eiffel Tower in the final stage of <a href=\"https:\/\/twitter.com\/hashtag\/TDF2015?src=hash&amp;ref_src=twsrc%5Etfw\">#TDF2015<\/a>. <a href=\"https:\/\/twitter.com\/hashtag\/9News?src=hash&amp;ref_src=twsrc%5Etfw\">#9News<\/a> <a href=\"http:\/\/t.co\/fdlhCFgxGA\">pic.twitter.com\/fdlhCFgxGA<\/a><\/p>\n<p>&mdash; 9News Australia (@9NewsAUS) <a href=\"https:\/\/twitter.com\/9NewsAUS\/status\/625334804003880960?ref_src=twsrc%5Etfw\">July 26, 2015<\/a><\/p><\/blockquote>\n<p><script async data-src=\"https:\/\/platform.twitter.com\/widgets.js\" charset=\"utf-8\"><\/script><\/div>\n<p>\u2026 czy \u0141uku Triumfalnego.<\/p>\n<div class=\"embed-controller-wrapper\">\n<blockquote class=\"twitter-tweet\" data-width=\"500\" data-dnt=\"true\">\n<p lang=\"en\" dir=\"ltr\">Hello everyone!<br \/>Today, September 20, Sunday,<br \/>The last stage 21 of the Tour de France 2020 !<br \/>  \ud83d\udea9Mantes-La-Jolie \u23e9 Paris Champs -Elysees\ud83c\udfc1<br \/>122km.\ud83d\udeb4\ud83d\udeb4\ud83d\udeb4<br \/>\u23f0 15:40 \ud83c\uddeb\ud83c\uddf7<br \/>\ud83d\udcfa Eurosport 1<a href=\"https:\/\/twitter.com\/hashtag\/TDF2020?src=hash&amp;ref_src=twsrc%5Etfw\">#TDF2020<\/a> <a href=\"https:\/\/twitter.com\/hashtag\/TDFunited?src=hash&amp;ref_src=twsrc%5Etfw\">#TDFunited<\/a> <a href=\"https:\/\/twitter.com\/hashtag\/TourdeFrance?src=hash&amp;ref_src=twsrc%5Etfw\">#TourdeFrance<\/a> <a href=\"https:\/\/twitter.com\/hashtag\/cycling?src=hash&amp;ref_src=twsrc%5Etfw\">#cycling<\/a> <a href=\"https:\/\/twitter.com\/hashtag\/TourDeFrancia2020?src=hash&amp;ref_src=twsrc%5Etfw\">#TourDeFrancia2020<\/a> <a href=\"https:\/\/t.co\/wMTyOOHXPT\">pic.twitter.com\/wMTyOOHXPT<\/a><\/p>\n<p>&mdash; JulietA J (@52fe2588ad4c42e) <a href=\"https:\/\/twitter.com\/52fe2588ad4c42e\/status\/1307638633139236864?ref_src=twsrc%5Etfw\">September 20, 2020<\/a><\/p><\/blockquote>\n<p><script async data-src=\"https:\/\/platform.twitter.com\/widgets.js\" charset=\"utf-8\"><\/script><\/div>\n<p>Etapy Tour de France prowadz\u0105 jednak g\u0142\u00f3wnie przez trasy, kt\u00f3re doskonale s\u0105 znane fanom narciarstwa. Tam, gdzie na og\u00f3\u0142 ludzie dostaj\u0105 si\u0119 wyci\u0105gami, kolarze musz\u0105 przetransportowa\u0107 si\u0119 si\u0142\u0105 w\u0142asnych n\u00f3g. Alpe d\u2019Huez, La Mongie, La Mongie, Les 2 Alpes,\u00a0 Villard-de-Lans to tylko niekt\u00f3re z wielu stacji narciarskich, kt\u00f3re zawodnicy zdobywaj\u0105 podczas g\u00f3rskich odcink\u00f3w Wielkiej P\u0119tli.<\/p>\n<p>Co wi\u0119cej, bardzo ciekawie te trasy wygl\u0105daj\u0105 tak\u017ce na kr\u00f3tko przed wy\u015bcigiem<\/p>\n<div class=\"embed-controller-wrapper\">\n<blockquote class=\"twitter-tweet\" data-width=\"500\" data-dnt=\"true\">\n<p lang=\"en\" dir=\"ltr\">Alpe d\u2019Huez today. Only 75 days until the Tour de France will be racing up here. \u2744\ufe0f \u2744\ufe0f\u2744\ufe0f <a href=\"https:\/\/twitter.com\/hashtag\/blackinc?src=hash&amp;ref_src=twsrc%5Etfw\">#blackinc<\/a> <a href=\"https:\/\/twitter.com\/hashtag\/TourdeFrance?src=hash&amp;ref_src=twsrc%5Etfw\">#TourdeFrance<\/a> <a href=\"https:\/\/twitter.com\/hashtag\/allezalm?src=hash&amp;ref_src=twsrc%5Etfw\">#allezalm<\/a> <a href=\"https:\/\/t.co\/S4z35ubGXd\">pic.twitter.com\/S4z35ubGXd<\/a><\/p>\n<p>&mdash; Black Inc (@BlackInc_) <a href=\"https:\/\/twitter.com\/BlackInc_\/status\/993055865212096512?ref_src=twsrc%5Etfw\">May 6, 2018<\/a><\/p><\/blockquote>\n<p><script async data-src=\"https:\/\/platform.twitter.com\/widgets.js\" charset=\"utf-8\"><\/script><\/div>\n<p>Zaskakiwa\u0107 potrafi\u0105 r\u00f3wnie\u017c organizatorzy Giro d\u2019Italia i kilka miesi\u0119cy temu urz\u0105dzili zawodnikom wspinaczk\u0119 na\u2026 Etn\u0119. Ten wci\u0105\u017c czynny wulkan by\u0142 jednym z cel\u00f3w etapowych i punktem kulminacyjnym \u015bcigania po Sycylii. Wysz\u0142o bardzo atrakcyjnie, poniewa\u017c wulkaniczny krajobraz znacznie r\u00f3\u017cni si\u0119 od tego znanego z Alp czy Pirenej\u00f3w<\/p>\n<div class=\"embed-controller-wrapper\">\n<blockquote class=\"twitter-tweet\" data-width=\"500\" data-dnt=\"true\">\n<p lang=\"en\" dir=\"ltr\">.<a href=\"https:\/\/twitter.com\/PelloBilbao1990?ref_src=twsrc%5Etfw\">@PelloBilbao1990<\/a> sits in 3rd place GC <a href=\"https:\/\/twitter.com\/giroditalia?ref_src=twsrc%5Etfw\">@giroditalia<\/a>, after finishing with the group of favourites on Mount Etna. \ud83c\udf0b <a href=\"https:\/\/twitter.com\/hashtag\/RideAsOne?src=hash&amp;ref_src=twsrc%5Etfw\">#RideAsOne<\/a> <a href=\"https:\/\/twitter.com\/hashtag\/Giro?src=hash&amp;ref_src=twsrc%5Etfw\">#Giro<\/a><\/p>\n<p>\ud83d\udcf8 <a href=\"https:\/\/twitter.com\/bettiniphoto?ref_src=twsrc%5Etfw\">@bettiniphoto<\/a> <a href=\"https:\/\/t.co\/JutCIEBKBu\">pic.twitter.com\/JutCIEBKBu<\/a><\/p>\n<p>&mdash; Team Bahrain Victorious (@BHRVictorious) <a href=\"https:\/\/twitter.com\/BHRVictorious\/status\/1313145260428623872?ref_src=twsrc%5Etfw\">October 5, 2020<\/a><\/p><\/blockquote>\n<p><script async data-src=\"https:\/\/platform.twitter.com\/widgets.js\" charset=\"utf-8\"><\/script><\/div>\n<p>Ale W\u0142osi potrafi\u0105 r\u00f3wnie\u017c wykorzysta\u0107 i pi\u0119knie prezentowa\u0107 swoje zabytki. Na przyk\u0142ad Richard Carapaz w 2019 r. cieszy\u0142 si\u0119 z wygrania wy\u015bcigu na mecie, kt\u00f3ra usytuowana by\u0142a w pi\u0119knym staro\u017cytnym amfiteatrze w Weronie<\/p>\n<div class=\"embed-controller-wrapper\">\n<blockquote class=\"twitter-tweet\" data-width=\"500\" data-dnt=\"true\">\n<p lang=\"nl\" dir=\"ltr\">Richard Carapaz wint de <a href=\"https:\/\/twitter.com\/hashtag\/Giro?src=hash&amp;ref_src=twsrc%5Etfw\">#Giro<\/a> <a href=\"https:\/\/twitter.com\/hashtag\/Giro102?src=hash&amp;ref_src=twsrc%5Etfw\">#Giro102<\/a> <a href=\"https:\/\/twitter.com\/hashtag\/Giro2019?src=hash&amp;ref_src=twsrc%5Etfw\">#Giro2019<\/a><br \/>Mooi &#8230;. <a href=\"https:\/\/twitter.com\/hashtag\/Verona?src=hash&amp;ref_src=twsrc%5Etfw\">#Verona<\/a> <a href=\"https:\/\/t.co\/ggUwHbzxiS\">pic.twitter.com\/ggUwHbzxiS<\/a><\/p>\n<p>&mdash; Martin van Stuijvenberg (@MvStuijvenberg1) <a href=\"https:\/\/twitter.com\/MvStuijvenberg1\/status\/1135202768073973761?ref_src=twsrc%5Etfw\">June 2, 2019<\/a><\/p><\/blockquote>\n<p><script async data-src=\"https:\/\/platform.twitter.com\/widgets.js\" charset=\"utf-8\"><\/script><\/div>\n<p>Jakie niespodzianki organizatorzy wy\u015bcig\u00f3w przygotowuj\u0105 w tym roku? Przekonamy si\u0119 ju\u017c za niewiele ponad miesi\u0105c, gdy rozpocznie si\u0119 Giro d\u2019Italia (8 &#8211; 30 maja). Nast\u0119pnie odb\u0119dzie si\u0119 Tour de France (26 czerwca \u2013 18 lipca), a p\u00f3\u017aniej Vuelta a Espana (14 sierpnia \u2013 5 wrze\u015bnia).<\/p>\n<p><a href=\"https:\/\/www.skoda-auto.pl\/modele\/karoq\"><img loading=\"lazy\" decoding=\"async\" class=\"aligncenter wp-image-9609 size-full loading\" src=\"https:\/\/d2p6e6u75xmxt8.cloudfront.net\/5\/2019\/08\/baner_WLC_640x350_4.png\" sizes=\"auto, (max-width: 640px) 100vw, 640px\" srcset=\"https:\/\/d2p6e6u75xmxt8.cloudfront.net\/5\/2019\/08\/baner_WLC_640x350_4.png 640w, https:\/\/d2p6e6u75xmxt8.cloudfront.net\/5\/2019\/08\/baner_WLC_640x350_4-300x164.png 300w\" alt=\"\" width=\"640\" height=\"350\" data-was-processed=\"true\" \/><\/a><\/p>\n","protected":false},"excerpt":{"rendered":"<p>Wn\u0119trze katedry, uroki Pary\u017ca, szczyty dost\u0119pne g\u0142\u00f3wnie dla narciarzy, a nawet czynny wulkan. Organizatorzy wielkich wy\u015bcig\u00f3w prze\u015bcigaj\u0105 si\u0119 w pomys\u0142ach [&hellip;]<\/p>\n","protected":false},"author":125,"featured_media":11618,"comment_status":"open","ping_status":"open","sticky":false,"template":"","format":"standard","meta":{"footnotes":""},"categories":[6,295],"tags":[],"global-categories":[303],"class_list":["post-11610","post","type-post","status-publish","format-standard","has-post-thumbnail","hentry","category-kolarstwo-szosowe","category-zawody","global-categories-cycling"],"yoast_head":"<!-- This site is optimized with the Yoast SEO Premium plugin v25.3 (Yoast SEO v25.9) - https:\/\/yoast.com\/wordpress\/plugins\/seo\/ -->\n<title>Co by tu jeszcze wymy\u015bli\u0107? Taka trasa to pi\u0119kno kolarstwa! - \u0160koda We Love Cycling - Poland<\/title>\n<meta name=\"description\" content=\"Wn\u0119trze katedry, uroki Pary\u017ca, szczyty dost\u0119pne g\u0142\u00f3wnie dla narciarzy, a nawet czynny wulkan. Organizatorzy wielkich wy\u015bcig\u00f3w prze\u015bcigaj\u0105 si\u0119 w pomys\u0142ach na urozmaicanie tras, a ogranicza ich g\u0142\u00f3wnie wyobra\u017ania.\" \/>\n<meta name=\"robots\" content=\"index, follow, max-snippet:-1, max-image-preview:large, max-video-preview:-1\" \/>\n<link rel=\"canonical\" href=\"https:\/\/www.welovecycling.com\/pl\/2021\/03\/31\/co-by-tu-jeszcze-wymyslic-taka-trasa-to-piekno-kolarstwa\/\" \/>\n<meta property=\"og:locale\" content=\"pl_PL\" \/>\n<meta property=\"og:type\" content=\"article\" \/>\n<meta property=\"og:title\" content=\"Co by tu jeszcze wymy\u015bli\u0107? Taka trasa to pi\u0119kno kolarstwa!\" \/>\n<meta property=\"og:description\" content=\"Wn\u0119trze katedry, uroki Pary\u017ca, szczyty dost\u0119pne g\u0142\u00f3wnie dla narciarzy, a nawet czynny wulkan. Organizatorzy wielkich wy\u015bcig\u00f3w prze\u015bcigaj\u0105 si\u0119 w pomys\u0142ach na urozmaicanie tras, a ogranicza ich g\u0142\u00f3wnie wyobra\u017ania.\" \/>\n<meta property=\"og:url\" content=\"https:\/\/www.welovecycling.com\/pl\/2021\/03\/31\/co-by-tu-jeszcze-wymyslic-taka-trasa-to-piekno-kolarstwa\/\" \/>\n<meta property=\"og:site_name\" content=\"\u0160koda We Love Cycling - Poland\" \/>\n<meta property=\"article:published_time\" content=\"2021-03-31T13:40:43+00:00\" \/>\n<meta property=\"og:image\" content=\"https:\/\/d2p6e6u75xmxt8.cloudfront.net\/5\/2021\/03\/Women-Cycling-Race-profimedia-0601170396-CVR-1024x450-1.jpg\" \/>\n\t<meta property=\"og:image:width\" content=\"1024\" \/>\n\t<meta property=\"og:image:height\" content=\"450\" \/>\n\t<meta property=\"og:image:type\" content=\"image\/jpeg\" \/>\n<meta name=\"author\" content=\"oktawiamikulska\" \/>\n<meta name=\"twitter:card\" content=\"summary_large_image\" \/>\n<meta name=\"twitter:label1\" content=\"Written by\" \/>\n\t<meta name=\"twitter:data1\" content=\"Piotr Jawor\" \/>\n\t<meta name=\"twitter:label2\" content=\"Est. reading time\" \/>\n\t<meta name=\"twitter:data2\" content=\"3 minutes\" \/>\n<script type=\"application\/ld+json\" class=\"yoast-schema-graph\">{\"@context\":\"https:\/\/schema.org\",\"@graph\":[{\"@type\":\"WebPage\",\"@id\":\"https:\/\/www.welovecycling.com\/pl\/2021\/03\/31\/co-by-tu-jeszcze-wymyslic-taka-trasa-to-piekno-kolarstwa\/\",\"url\":\"https:\/\/www.welovecycling.com\/pl\/2021\/03\/31\/co-by-tu-jeszcze-wymyslic-taka-trasa-to-piekno-kolarstwa\/\",\"name\":\"Co by tu jeszcze wymy\u015bli\u0107? Taka trasa to pi\u0119kno kolarstwa! - \u0160koda We Love Cycling - Poland\",\"isPartOf\":{\"@id\":\"https:\/\/www.welovecycling.com\/pl\/#website\"},\"primaryImageOfPage\":{\"@id\":\"https:\/\/www.welovecycling.com\/pl\/2021\/03\/31\/co-by-tu-jeszcze-wymyslic-taka-trasa-to-piekno-kolarstwa\/#primaryimage\"},\"image\":{\"@id\":\"https:\/\/www.welovecycling.com\/pl\/2021\/03\/31\/co-by-tu-jeszcze-wymyslic-taka-trasa-to-piekno-kolarstwa\/#primaryimage\"},\"thumbnailUrl\":\"https:\/\/d2p6e6u75xmxt8.cloudfront.net\/5\/2021\/03\/Women-Cycling-Race-profimedia-0601170396-CVR-1024x450-1.jpg\",\"datePublished\":\"2021-03-31T13:40:43+00:00\",\"author\":{\"@id\":\"https:\/\/www.welovecycling.com\/pl\/#\/schema\/person\/4a79bac7bd265aa6a35a1079d36648be\"},\"description\":\"Wn\u0119trze katedry, uroki Pary\u017ca, szczyty dost\u0119pne g\u0142\u00f3wnie dla narciarzy, a nawet czynny wulkan. Organizatorzy wielkich wy\u015bcig\u00f3w prze\u015bcigaj\u0105 si\u0119 w pomys\u0142ach na urozmaicanie tras, a ogranicza ich g\u0142\u00f3wnie wyobra\u017ania.\",\"breadcrumb\":{\"@id\":\"https:\/\/www.welovecycling.com\/pl\/2021\/03\/31\/co-by-tu-jeszcze-wymyslic-taka-trasa-to-piekno-kolarstwa\/#breadcrumb\"},\"inLanguage\":\"pl-PL\",\"potentialAction\":[{\"@type\":\"ReadAction\",\"target\":[\"https:\/\/www.welovecycling.com\/pl\/2021\/03\/31\/co-by-tu-jeszcze-wymyslic-taka-trasa-to-piekno-kolarstwa\/\"]}]},{\"@type\":\"ImageObject\",\"inLanguage\":\"pl-PL\",\"@id\":\"https:\/\/www.welovecycling.com\/pl\/2021\/03\/31\/co-by-tu-jeszcze-wymyslic-taka-trasa-to-piekno-kolarstwa\/#primaryimage\",\"url\":\"https:\/\/d2p6e6u75xmxt8.cloudfront.net\/5\/2021\/03\/Women-Cycling-Race-profimedia-0601170396-CVR-1024x450-1.jpg\",\"contentUrl\":\"https:\/\/d2p6e6u75xmxt8.cloudfront.net\/5\/2021\/03\/Women-Cycling-Race-profimedia-0601170396-CVR-1024x450-1.jpg\",\"width\":1024,\"height\":450},{\"@type\":\"BreadcrumbList\",\"@id\":\"https:\/\/www.welovecycling.com\/pl\/2021\/03\/31\/co-by-tu-jeszcze-wymyslic-taka-trasa-to-piekno-kolarstwa\/#breadcrumb\",\"itemListElement\":[{\"@type\":\"ListItem\",\"position\":1,\"name\":\"Home\",\"item\":\"https:\/\/www.welovecycling.com\/pl\/\"},{\"@type\":\"ListItem\",\"position\":2,\"name\":\"Co by tu jeszcze wymy\u015bli\u0107? Taka trasa to pi\u0119kno kolarstwa!\"}]},{\"@type\":\"WebSite\",\"@id\":\"https:\/\/www.welovecycling.com\/pl\/#website\",\"url\":\"https:\/\/www.welovecycling.com\/pl\/\",\"name\":\"\u0160koda We Love Cycling - Poland\",\"description\":\"\",\"potentialAction\":[{\"@type\":\"SearchAction\",\"target\":{\"@type\":\"EntryPoint\",\"urlTemplate\":\"https:\/\/www.welovecycling.com\/pl\/?s={search_term_string}\"},\"query-input\":{\"@type\":\"PropertyValueSpecification\",\"valueRequired\":true,\"valueName\":\"search_term_string\"}}],\"inLanguage\":\"pl-PL\"},{\"@type\":\"Person\",\"@id\":\"https:\/\/www.welovecycling.com\/pl\/#\/schema\/person\/4a79bac7bd265aa6a35a1079d36648be\",\"name\":\"oktawiamikulska\",\"image\":{\"@type\":\"ImageObject\",\"inLanguage\":\"pl-PL\",\"@id\":\"https:\/\/www.welovecycling.com\/pl\/#\/schema\/person\/image\/\",\"url\":\"https:\/\/secure.gravatar.com\/avatar\/b97a3f44e2de6d2f8dd358975937e49823662e12cbd810b9d1a2bff1c149e8a7?s=96&d=mm&r=g\",\"contentUrl\":\"https:\/\/secure.gravatar.com\/avatar\/b97a3f44e2de6d2f8dd358975937e49823662e12cbd810b9d1a2bff1c149e8a7?s=96&d=mm&r=g\",\"caption\":\"oktawiamikulska\"},\"url\":\"https:\/\/www.welovecycling.com\/pl\/author\/oktawiamikulska\/\"}]}<\/script>\n<!-- \/ Yoast SEO Premium plugin. -->","yoast_head_json":{"title":"Co by tu jeszcze wymy\u015bli\u0107? Taka trasa to pi\u0119kno kolarstwa! - \u0160koda We Love Cycling - Poland","description":"Wn\u0119trze katedry, uroki Pary\u017ca, szczyty dost\u0119pne g\u0142\u00f3wnie dla narciarzy, a nawet czynny wulkan. Organizatorzy wielkich wy\u015bcig\u00f3w prze\u015bcigaj\u0105 si\u0119 w pomys\u0142ach na urozmaicanie tras, a ogranicza ich g\u0142\u00f3wnie wyobra\u017ania.","robots":{"index":"index","follow":"follow","max-snippet":"max-snippet:-1","max-image-preview":"max-image-preview:large","max-video-preview":"max-video-preview:-1"},"canonical":"https:\/\/www.welovecycling.com\/pl\/2021\/03\/31\/co-by-tu-jeszcze-wymyslic-taka-trasa-to-piekno-kolarstwa\/","og_locale":"pl_PL","og_type":"article","og_title":"Co by tu jeszcze wymy\u015bli\u0107? Taka trasa to pi\u0119kno kolarstwa!","og_description":"Wn\u0119trze katedry, uroki Pary\u017ca, szczyty dost\u0119pne g\u0142\u00f3wnie dla narciarzy, a nawet czynny wulkan. Organizatorzy wielkich wy\u015bcig\u00f3w prze\u015bcigaj\u0105 si\u0119 w pomys\u0142ach na urozmaicanie tras, a ogranicza ich g\u0142\u00f3wnie wyobra\u017ania.","og_url":"https:\/\/www.welovecycling.com\/pl\/2021\/03\/31\/co-by-tu-jeszcze-wymyslic-taka-trasa-to-piekno-kolarstwa\/","og_site_name":"\u0160koda We Love Cycling - Poland","article_published_time":"2021-03-31T13:40:43+00:00","og_image":[{"width":1024,"height":450,"url":"https:\/\/d2p6e6u75xmxt8.cloudfront.net\/5\/2021\/03\/Women-Cycling-Race-profimedia-0601170396-CVR-1024x450-1.jpg","type":"image\/jpeg"}],"author":"oktawiamikulska","twitter_card":"summary_large_image","twitter_misc":{"Written by":"Piotr Jawor","Est. reading time":"3 minutes"},"schema":{"@context":"https:\/\/schema.org","@graph":[{"@type":"WebPage","@id":"https:\/\/www.welovecycling.com\/pl\/2021\/03\/31\/co-by-tu-jeszcze-wymyslic-taka-trasa-to-piekno-kolarstwa\/","url":"https:\/\/www.welovecycling.com\/pl\/2021\/03\/31\/co-by-tu-jeszcze-wymyslic-taka-trasa-to-piekno-kolarstwa\/","name":"Co by tu jeszcze wymy\u015bli\u0107? Taka trasa to pi\u0119kno kolarstwa! - \u0160koda We Love Cycling - Poland","isPartOf":{"@id":"https:\/\/www.welovecycling.com\/pl\/#website"},"primaryImageOfPage":{"@id":"https:\/\/www.welovecycling.com\/pl\/2021\/03\/31\/co-by-tu-jeszcze-wymyslic-taka-trasa-to-piekno-kolarstwa\/#primaryimage"},"image":{"@id":"https:\/\/www.welovecycling.com\/pl\/2021\/03\/31\/co-by-tu-jeszcze-wymyslic-taka-trasa-to-piekno-kolarstwa\/#primaryimage"},"thumbnailUrl":"https:\/\/d2p6e6u75xmxt8.cloudfront.net\/5\/2021\/03\/Women-Cycling-Race-profimedia-0601170396-CVR-1024x450-1.jpg","datePublished":"2021-03-31T13:40:43+00:00","author":{"@id":"https:\/\/www.welovecycling.com\/pl\/#\/schema\/person\/4a79bac7bd265aa6a35a1079d36648be"},"description":"Wn\u0119trze katedry, uroki Pary\u017ca, szczyty dost\u0119pne g\u0142\u00f3wnie dla narciarzy, a nawet czynny wulkan. Organizatorzy wielkich wy\u015bcig\u00f3w prze\u015bcigaj\u0105 si\u0119 w pomys\u0142ach na urozmaicanie tras, a ogranicza ich g\u0142\u00f3wnie wyobra\u017ania.","breadcrumb":{"@id":"https:\/\/www.welovecycling.com\/pl\/2021\/03\/31\/co-by-tu-jeszcze-wymyslic-taka-trasa-to-piekno-kolarstwa\/#breadcrumb"},"inLanguage":"pl-PL","potentialAction":[{"@type":"ReadAction","target":["https:\/\/www.welovecycling.com\/pl\/2021\/03\/31\/co-by-tu-jeszcze-wymyslic-taka-trasa-to-piekno-kolarstwa\/"]}]},{"@type":"ImageObject","inLanguage":"pl-PL","@id":"https:\/\/www.welovecycling.com\/pl\/2021\/03\/31\/co-by-tu-jeszcze-wymyslic-taka-trasa-to-piekno-kolarstwa\/#primaryimage","url":"https:\/\/d2p6e6u75xmxt8.cloudfront.net\/5\/2021\/03\/Women-Cycling-Race-profimedia-0601170396-CVR-1024x450-1.jpg","contentUrl":"https:\/\/d2p6e6u75xmxt8.cloudfront.net\/5\/2021\/03\/Women-Cycling-Race-profimedia-0601170396-CVR-1024x450-1.jpg","width":1024,"height":450},{"@type":"BreadcrumbList","@id":"https:\/\/www.welovecycling.com\/pl\/2021\/03\/31\/co-by-tu-jeszcze-wymyslic-taka-trasa-to-piekno-kolarstwa\/#breadcrumb","itemListElement":[{"@type":"ListItem","position":1,"name":"Home","item":"https:\/\/www.welovecycling.com\/pl\/"},{"@type":"ListItem","position":2,"name":"Co by tu jeszcze wymy\u015bli\u0107? Taka trasa to pi\u0119kno kolarstwa!"}]},{"@type":"WebSite","@id":"https:\/\/www.welovecycling.com\/pl\/#website","url":"https:\/\/www.welovecycling.com\/pl\/","name":"\u0160koda We Love Cycling - Poland","description":"","potentialAction":[{"@type":"SearchAction","target":{"@type":"EntryPoint","urlTemplate":"https:\/\/www.welovecycling.com\/pl\/?s={search_term_string}"},"query-input":{"@type":"PropertyValueSpecification","valueRequired":true,"valueName":"search_term_string"}}],"inLanguage":"pl-PL"},{"@type":"Person","@id":"https:\/\/www.welovecycling.com\/pl\/#\/schema\/person\/4a79bac7bd265aa6a35a1079d36648be","name":"oktawiamikulska","image":{"@type":"ImageObject","inLanguage":"pl-PL","@id":"https:\/\/www.welovecycling.com\/pl\/#\/schema\/person\/image\/","url":"https:\/\/secure.gravatar.com\/avatar\/b97a3f44e2de6d2f8dd358975937e49823662e12cbd810b9d1a2bff1c149e8a7?s=96&d=mm&r=g","contentUrl":"https:\/\/secure.gravatar.com\/avatar\/b97a3f44e2de6d2f8dd358975937e49823662e12cbd810b9d1a2bff1c149e8a7?s=96&d=mm&r=g","caption":"oktawiamikulska"},"url":"https:\/\/www.welovecycling.com\/pl\/author\/oktawiamikulska\/"}]}},"_links":{"self":[{"href":"https:\/\/www.welovecycling.com\/pl\/wp-json\/wp\/v2\/posts\/11610","targetHints":{"allow":["GET"]}}],"collection":[{"href":"https:\/\/www.welovecycling.com\/pl\/wp-json\/wp\/v2\/posts"}],"about":[{"href":"https:\/\/www.welovecycling.com\/pl\/wp-json\/wp\/v2\/types\/post"}],"author":[{"embeddable":true,"href":"https:\/\/www.welovecycling.com\/pl\/wp-json\/wp\/v2\/users\/125"}],"replies":[{"embeddable":true,"href":"https:\/\/www.welovecycling.com\/pl\/wp-json\/wp\/v2\/comments?post=11610"}],"version-history":[{"count":1,"href":"https:\/\/www.welovecycling.com\/pl\/wp-json\/wp\/v2\/posts\/11610\/revisions"}],"predecessor-version":[{"id":11619,"href":"https:\/\/www.welovecycling.com\/pl\/wp-json\/wp\/v2\/posts\/11610\/revisions\/11619"}],"wp:featuredmedia":[{"embeddable":true,"href":"https:\/\/www.welovecycling.com\/pl\/wp-json\/wp\/v2\/media\/11618"}],"wp:attachment":[{"href":"https:\/\/www.welovecycling.com\/pl\/wp-json\/wp\/v2\/media?parent=11610"}],"wp:term":[{"taxonomy":"category","embeddable":true,"href":"https:\/\/www.welovecycling.com\/pl\/wp-json\/wp\/v2\/categories?post=11610"},{"taxonomy":"post_tag","embeddable":true,"href":"https:\/\/www.welovecycling.com\/pl\/wp-json\/wp\/v2\/tags?post=11610"},{"taxonomy":"global-categories","embeddable":true,"href":"https:\/\/www.welovecycling.com\/pl\/wp-json\/wp\/v2\/global-categories?post=11610"}],"curies":[{"name":"wp","href":"https:\/\/api.w.org\/{rel}","templated":true}]}}