{"id":11607,"date":"2021-03-29T13:51:40","date_gmt":"2021-03-29T13:51:40","guid":{"rendered":"https:\/\/www.welovecycling.com\/pl\/?p=11607"},"modified":"2021-03-29T13:51:40","modified_gmt":"2021-03-29T13:51:40","slug":"jak-byc-szczesliwszym-jako-rowerzysta-w-tym-roku","status":"publish","type":"post","link":"https:\/\/www.welovecycling.com\/pl\/2021\/03\/29\/jak-byc-szczesliwszym-jako-rowerzysta-w-tym-roku\/","title":{"rendered":"Jak by\u0107 szcz\u0119\u015bliwszym (jako rowerzysta) w tym roku"},"content":{"rendered":"<p><strong>Pocz\u0105tek wiosny to dobry czas na refleksj\u0119 nad postanowieniami noworocznymi. Czy si\u0119 ich trzyma\u0142e\u015b? I czy pomog\u0142y Ci poczu\u0107 si\u0119 szcz\u0119\u015bliwszym? Je\u015bli jeste\u015b jak wi\u0119kszo\u015b\u0107 ludzi, odpowied\u017a na oba pytania prawdopodobnie brzmi: nie. Powodem nie jest to, \u017ce utrata wagi lub poprawa swojej szybko\u015bci to z\u0142e cele. Problem tkwi raczej w tym, \u017ce niezbyt dobrze oceniamy, co nas uszcz\u0119\u015bliwia. Zobaczmy, jak mog\u0105 nam pom\u00f3c eksperci w dziedzinie psychologii i motywacji.<\/strong><\/p>\n<h2><strong>Trzy podstawowe potrzeby<\/strong><\/h2>\n<p><img loading=\"lazy\" decoding=\"async\" class=\"alignnone size-large wp-image-182036 initial loaded\" src=\"https:\/\/d2p6e6u75xmxt8.cloudfront.net\/2\/2021\/03\/Women-friends-cycling-profimedia-0580438388-1024x682.jpg\" sizes=\"auto, (max-width: 1024px) 100vw, 1024px\" srcset=\"https:\/\/d2p6e6u75xmxt8.cloudfront.net\/2\/2021\/03\/Women-friends-cycling-profimedia-0580438388-1024x682.jpg 1024w, https:\/\/d2p6e6u75xmxt8.cloudfront.net\/2\/2021\/03\/Women-friends-cycling-profimedia-0580438388-300x200.jpg 300w, https:\/\/d2p6e6u75xmxt8.cloudfront.net\/2\/2021\/03\/Women-friends-cycling-profimedia-0580438388-768x512.jpg 768w, https:\/\/d2p6e6u75xmxt8.cloudfront.net\/2\/2021\/03\/Women-friends-cycling-profimedia-0580438388-272x182.jpg 272w, https:\/\/d2p6e6u75xmxt8.cloudfront.net\/2\/2021\/03\/Women-friends-cycling-profimedia-0580438388.jpg 1250w\" alt=\"Happy cyclists\" width=\"1024\" height=\"682\" data-was-processed=\"true\" \/><\/p>\n<p>Jedna z najpowszechniej akceptowanych ram motywacyjnych cz\u0142owieka w naukach behawioralnych, czyli teoria samostanowienia (SDT). Sugeruje ona bowiem, \u017ce je\u015bli brakuje nam motywacji lub jeste\u015bmy nieszcz\u0119\u015bliwi, mo\u017ce to by\u0107 spowodowane tym, \u017ce nie spe\u0142niamy jednej z trzech podstawowych potrzeb.<\/p>\n<p><strong>Pokrewie\u0144stwo<\/strong> \u2013 to potrzeba interakcji, pracy, poczucia wi\u0119zi i do\u015bwiadczania troski o innych.<\/p>\n<p><strong>Kompetencja<\/strong> \u2013 to potrzeba kontroli nad wynikiem, poczucia w\u0142asnej skuteczno\u015bci, spe\u0142nienia i do\u015bwiadczenia mistrzostwa.<\/p>\n<p><strong>Autonomia<\/strong> \u2013 to potrzeba poczucia og\u00f3lnej wolno\u015bci psychologicznej i mo\u017cliwo\u015bci anga\u017cowania si\u0119 w dzia\u0142ania, kt\u00f3re Ci\u0119 prawdziwie interesuj\u0105 i w kt\u00f3rych odnajdujesz warto\u015b\u0107 osobist\u0105.<\/p>\n<h2><strong>Pomaganie innym zaspokaja te trzy potrzeby<\/strong><\/h2>\n<p><img loading=\"lazy\" decoding=\"async\" class=\"alignnone size-large wp-image-182037 loading\" src=\"https:\/\/d2p6e6u75xmxt8.cloudfront.net\/2\/2021\/03\/Tour-Moscow-profimedia-0556434988-1024x682.jpg\" sizes=\"auto, (max-width: 1024px) 100vw, 1024px\" srcset=\"https:\/\/d2p6e6u75xmxt8.cloudfront.net\/2\/2021\/03\/Tour-Moscow-profimedia-0556434988-1024x682.jpg 1024w, https:\/\/d2p6e6u75xmxt8.cloudfront.net\/2\/2021\/03\/Tour-Moscow-profimedia-0556434988-300x200.jpg 300w, https:\/\/d2p6e6u75xmxt8.cloudfront.net\/2\/2021\/03\/Tour-Moscow-profimedia-0556434988-768x512.jpg 768w, https:\/\/d2p6e6u75xmxt8.cloudfront.net\/2\/2021\/03\/Tour-Moscow-profimedia-0556434988-272x182.jpg 272w, https:\/\/d2p6e6u75xmxt8.cloudfront.net\/2\/2021\/03\/Tour-Moscow-profimedia-0556434988.jpg 1250w\" alt=\"Help\" width=\"1024\" height=\"682\" data-was-processed=\"true\" \/><\/p>\n<p>Richard Ryan, emerytowany profesor psychologii na University of Rochester, kt\u00f3ry pom\u00f3g\u0142 rozwin\u0105\u0107 teori\u0119 SDT oko\u0142o 40 lat temu, m\u00f3wi: \u201ePomy\u015bl, jak mo\u017cesz pom\u00f3c. Na \u015bwiecie jest wiele potrzebuj\u0105cych. Je\u015bli wyznaczymy sobie cele, kt\u00f3re maj\u0105 pom\u00f3c innym, to z kolei przyczyni si\u0119 do naszego lepszego samopoczucia\u201d.<\/p>\n<p>Razem z Edwardem Decim, wsp\u00f3\u0142autorem teorii SDT, twierdz\u0105, \u017ce wszyscy ludzie maj\u0105 naturaln\u0105 sk\u0142onno\u015b\u0107 do skutecznego i zdrowego zachowania. Ale to nie jest automatyczne i musi by\u0107 aktywowane. \u201eJe\u015bli chcesz podj\u0105\u0107 noworoczne postanowienie, kt\u00f3re naprawd\u0119 Ci\u0119 uszcz\u0119\u015bliwi, zastan\u00f3w si\u0119, w jaki spos\u00f3b mo\u017cesz wnie\u015b\u0107 sw\u00f3j wk\u0142ad w otaczaj\u0105cy Ci\u0119 \u015bwiat. Wtedy wszystkie trzy podstawowe potrzeby zastan\u0105 spe\u0142nione. Badania pokazuj\u0105, \u017ce jest to nie tylko dobre dla \u015bwiata, ale tak\u017ce dla Ciebie\u201d \u2013 m\u00f3wi Ryan.<\/p>\n<h2><strong>Zaoferuj pomoc innym rowerzystom<\/strong><\/h2>\n<p><img loading=\"lazy\" decoding=\"async\" class=\"alignnone size-large wp-image-182038 loading\" src=\"https:\/\/d2p6e6u75xmxt8.cloudfront.net\/2\/2021\/03\/Cycling-in-park-profimedia-0518593475-1024x663.jpg\" sizes=\"auto, (max-width: 1024px) 100vw, 1024px\" srcset=\"https:\/\/d2p6e6u75xmxt8.cloudfront.net\/2\/2021\/03\/Cycling-in-park-profimedia-0518593475-1024x663.jpg 1024w, https:\/\/d2p6e6u75xmxt8.cloudfront.net\/2\/2021\/03\/Cycling-in-park-profimedia-0518593475-300x194.jpg 300w, https:\/\/d2p6e6u75xmxt8.cloudfront.net\/2\/2021\/03\/Cycling-in-park-profimedia-0518593475-768x497.jpg 768w, https:\/\/d2p6e6u75xmxt8.cloudfront.net\/2\/2021\/03\/Cycling-in-park-profimedia-0518593475.jpg 1250w\" alt=\"Friends cycling\" width=\"1024\" height=\"663\" data-was-processed=\"true\" \/><\/p>\n<p>Je\u015bli wiesz ju\u017c, \u017ce pomaganie \u015bwiatu i innym to niezawodny spos\u00f3b, aby poczu\u0107 si\u0119 szcz\u0119\u015bliwszym i bardziej zmotywowanym, co mo\u017cesz z tym zrobi\u0107? Oto kilka pomys\u0142\u00f3w:<\/p>\n<ul>\n<li>Doje\u017cd\u017caj na rowerze do pracy. Pom\u00f3\u017c zmniejszy\u0107 emisje spalin i korki.<\/li>\n<li>Zapro\u015b znajomego do jazdy na rowerze. Pom\u00f3\u017c mu naprawi\u0107 rower i zabierz go na przeja\u017cd\u017ck\u0119.<\/li>\n<li>Zosta\u0144 wolontariuszem, aby pom\u00f3c w organizacji lokalnego wy\u015bcigu kolarskiego, triathlonu lub przeja\u017cd\u017cki grupowej.<\/li>\n<li>Doradzaj mniej do\u015bwiadczonym rowerzystom w swojej spo\u0142eczno\u015bci w trybie offline i online.<\/li>\n<li>Zatrzymaj si\u0119 i zaoferuj pomoc, je\u015bli zobaczysz rowerzyst\u0119 (lub kogokolwiek innego) potrzebuj\u0105cego pomocy na poboczu drogi lub szlaku.<\/li>\n<\/ul>\n<p>&nbsp;<\/p>\n<p>Zawsze jest kto\u015b, kto mo\u017ce skorzysta\u0107 z Twojej pomocy. B\u0105d\u017a uwa\u017cny i sta\u0144 si\u0119 szcz\u0119\u015bliwszym rowerzyst\u0105 w tym roku!<\/p>\n<p><span data-sheets-value=\"{&quot;1&quot;:2,&quot;2&quot;:&quot;Artyku\u0142 powsta\u0142 we wsp\u00f3\u0142pracy ze skoda-auto.pl&quot;}\" data-sheets-userformat=\"{&quot;2&quot;:1,&quot;3&quot;:{&quot;1&quot;:0}}\" data-sheets-hyperlink=\"http:\/\/www.skoda-auto.pl\/\"><a class=\"in-cell-link\" href=\"http:\/\/www.skoda-auto.pl\/\" target=\"_blank\" rel=\"noopener noreferrer\">Artyku\u0142 powsta\u0142 we wsp\u00f3\u0142pracy ze skoda-auto.pl<\/a><\/span><\/p>\n<p><a href=\"https:\/\/sklep.skoda.pl\/pl\/sklep\/b\/331\/rowery-i-akcesoria-rowery.html\"><img loading=\"lazy\" decoding=\"async\" class=\"aligncenter wp-image-9608 size-full loading\" src=\"https:\/\/d2p6e6u75xmxt8.cloudfront.net\/5\/2019\/08\/baner_WLC_640x350_3.png\" sizes=\"auto, (max-width: 640px) 100vw, 640px\" srcset=\"https:\/\/d2p6e6u75xmxt8.cloudfront.net\/5\/2019\/08\/baner_WLC_640x350_3.png 640w, https:\/\/d2p6e6u75xmxt8.cloudfront.net\/5\/2019\/08\/baner_WLC_640x350_3-300x164.png 300w\" alt=\"\" width=\"640\" height=\"350\" data-was-processed=\"true\" \/><\/a><\/p>\n","protected":false},"excerpt":{"rendered":"<p>Pocz\u0105tek wiosny to dobry czas na refleksj\u0119 nad postanowieniami noworocznymi. Czy si\u0119 ich trzyma\u0142e\u015b? I czy pomog\u0142y Ci poczu\u0107 si\u0119 [&hellip;]<\/p>\n","protected":false},"author":125,"featured_media":11608,"comment_status":"open","ping_status":"open","sticky":false,"template":"","format":"standard","meta":{"footnotes":""},"categories":[4],"tags":[],"global-categories":[303],"class_list":["post-11607","post","type-post","status-publish","format-standard","has-post-thumbnail","hentry","category-zdrowie-i-trening","global-categories-cycling"],"yoast_head":"<!-- This site is optimized with the Yoast SEO Premium plugin v25.3 (Yoast SEO v25.9) - https:\/\/yoast.com\/wordpress\/plugins\/seo\/ -->\n<title>Jak by\u0107 szcz\u0119\u015bliwszym (jako rowerzysta) w tym roku - \u0160koda We Love Cycling - Poland<\/title>\n<meta name=\"description\" content=\"Pocz\u0105tek wiosny to dobry czas na refleksj\u0119 nad postanowieniami noworocznymi. Czy si\u0119 ich trzyma\u0142e\u015b? I czy pomog\u0142y Ci poczu\u0107 si\u0119 szcz\u0119\u015bliwszym? Je\u015bli jeste\u015b jak wi\u0119kszo\u015b\u0107 ludzi, odpowied\u017a na oba pytania prawdopodobnie brzmi: nie. Powodem nie jest to, \u017ce utrata wagi lub poprawa swojej szybko\u015bci to z\u0142e cele. Problem tkwi raczej w tym, \u017ce niezbyt dobrze oceniamy, co nas uszcz\u0119\u015bliwia. Zobaczmy, jak mog\u0105 nam pom\u00f3c eksperci w dziedzinie psychologii i motywacji.\" \/>\n<meta name=\"robots\" content=\"index, follow, max-snippet:-1, max-image-preview:large, max-video-preview:-1\" \/>\n<link rel=\"canonical\" href=\"https:\/\/www.welovecycling.com\/pl\/2021\/03\/29\/jak-byc-szczesliwszym-jako-rowerzysta-w-tym-roku\/\" \/>\n<meta property=\"og:locale\" content=\"pl_PL\" \/>\n<meta property=\"og:type\" content=\"article\" \/>\n<meta property=\"og:title\" content=\"Jak by\u0107 szcz\u0119\u015bliwszym (jako rowerzysta) w tym roku\" \/>\n<meta property=\"og:description\" content=\"Pocz\u0105tek wiosny to dobry czas na refleksj\u0119 nad postanowieniami noworocznymi. Czy si\u0119 ich trzyma\u0142e\u015b? I czy pomog\u0142y Ci poczu\u0107 si\u0119 szcz\u0119\u015bliwszym? Je\u015bli jeste\u015b jak wi\u0119kszo\u015b\u0107 ludzi, odpowied\u017a na oba pytania prawdopodobnie brzmi: nie. Powodem nie jest to, \u017ce utrata wagi lub poprawa swojej szybko\u015bci to z\u0142e cele. Problem tkwi raczej w tym, \u017ce niezbyt dobrze oceniamy, co nas uszcz\u0119\u015bliwia. Zobaczmy, jak mog\u0105 nam pom\u00f3c eksperci w dziedzinie psychologii i motywacji.\" \/>\n<meta property=\"og:url\" content=\"https:\/\/www.welovecycling.com\/pl\/2021\/03\/29\/jak-byc-szczesliwszym-jako-rowerzysta-w-tym-roku\/\" \/>\n<meta property=\"og:site_name\" content=\"\u0160koda We Love Cycling - Poland\" \/>\n<meta property=\"article:published_time\" content=\"2021-03-29T13:51:40+00:00\" \/>\n<meta property=\"og:image\" content=\"https:\/\/d2p6e6u75xmxt8.cloudfront.net\/5\/2021\/03\/Tour-Down-Under-profimedia-0494341297-CVR-1024x450-1.jpg\" \/>\n\t<meta property=\"og:image:width\" content=\"1024\" \/>\n\t<meta property=\"og:image:height\" content=\"450\" \/>\n\t<meta property=\"og:image:type\" content=\"image\/jpeg\" \/>\n<meta name=\"author\" content=\"oktawiamikulska\" \/>\n<meta name=\"twitter:card\" content=\"summary_large_image\" \/>\n<meta name=\"twitter:label1\" content=\"Written by\" \/>\n\t<meta name=\"twitter:data1\" content=\"Jiri Kaloc\" \/>\n\t<meta name=\"twitter:label2\" content=\"Est. reading time\" \/>\n\t<meta name=\"twitter:data2\" content=\"2 minutes\" \/>\n<script type=\"application\/ld+json\" class=\"yoast-schema-graph\">{\"@context\":\"https:\/\/schema.org\",\"@graph\":[{\"@type\":\"WebPage\",\"@id\":\"https:\/\/www.welovecycling.com\/pl\/2021\/03\/29\/jak-byc-szczesliwszym-jako-rowerzysta-w-tym-roku\/\",\"url\":\"https:\/\/www.welovecycling.com\/pl\/2021\/03\/29\/jak-byc-szczesliwszym-jako-rowerzysta-w-tym-roku\/\",\"name\":\"Jak by\u0107 szcz\u0119\u015bliwszym (jako rowerzysta) w tym roku - \u0160koda We Love Cycling - Poland\",\"isPartOf\":{\"@id\":\"https:\/\/www.welovecycling.com\/pl\/#website\"},\"primaryImageOfPage\":{\"@id\":\"https:\/\/www.welovecycling.com\/pl\/2021\/03\/29\/jak-byc-szczesliwszym-jako-rowerzysta-w-tym-roku\/#primaryimage\"},\"image\":{\"@id\":\"https:\/\/www.welovecycling.com\/pl\/2021\/03\/29\/jak-byc-szczesliwszym-jako-rowerzysta-w-tym-roku\/#primaryimage\"},\"thumbnailUrl\":\"https:\/\/d2p6e6u75xmxt8.cloudfront.net\/5\/2021\/03\/Tour-Down-Under-profimedia-0494341297-CVR-1024x450-1.jpg\",\"datePublished\":\"2021-03-29T13:51:40+00:00\",\"author\":{\"@id\":\"https:\/\/www.welovecycling.com\/pl\/#\/schema\/person\/4a79bac7bd265aa6a35a1079d36648be\"},\"description\":\"Pocz\u0105tek wiosny to dobry czas na refleksj\u0119 nad postanowieniami noworocznymi. Czy si\u0119 ich trzyma\u0142e\u015b? I czy pomog\u0142y Ci poczu\u0107 si\u0119 szcz\u0119\u015bliwszym? Je\u015bli jeste\u015b jak wi\u0119kszo\u015b\u0107 ludzi, odpowied\u017a na oba pytania prawdopodobnie brzmi: nie. Powodem nie jest to, \u017ce utrata wagi lub poprawa swojej szybko\u015bci to z\u0142e cele. Problem tkwi raczej w tym, \u017ce niezbyt dobrze oceniamy, co nas uszcz\u0119\u015bliwia. Zobaczmy, jak mog\u0105 nam pom\u00f3c eksperci w dziedzinie psychologii i motywacji.\",\"breadcrumb\":{\"@id\":\"https:\/\/www.welovecycling.com\/pl\/2021\/03\/29\/jak-byc-szczesliwszym-jako-rowerzysta-w-tym-roku\/#breadcrumb\"},\"inLanguage\":\"pl-PL\",\"potentialAction\":[{\"@type\":\"ReadAction\",\"target\":[\"https:\/\/www.welovecycling.com\/pl\/2021\/03\/29\/jak-byc-szczesliwszym-jako-rowerzysta-w-tym-roku\/\"]}]},{\"@type\":\"ImageObject\",\"inLanguage\":\"pl-PL\",\"@id\":\"https:\/\/www.welovecycling.com\/pl\/2021\/03\/29\/jak-byc-szczesliwszym-jako-rowerzysta-w-tym-roku\/#primaryimage\",\"url\":\"https:\/\/d2p6e6u75xmxt8.cloudfront.net\/5\/2021\/03\/Tour-Down-Under-profimedia-0494341297-CVR-1024x450-1.jpg\",\"contentUrl\":\"https:\/\/d2p6e6u75xmxt8.cloudfront.net\/5\/2021\/03\/Tour-Down-Under-profimedia-0494341297-CVR-1024x450-1.jpg\",\"width\":1024,\"height\":450},{\"@type\":\"BreadcrumbList\",\"@id\":\"https:\/\/www.welovecycling.com\/pl\/2021\/03\/29\/jak-byc-szczesliwszym-jako-rowerzysta-w-tym-roku\/#breadcrumb\",\"itemListElement\":[{\"@type\":\"ListItem\",\"position\":1,\"name\":\"Home\",\"item\":\"https:\/\/www.welovecycling.com\/pl\/\"},{\"@type\":\"ListItem\",\"position\":2,\"name\":\"Jak by\u0107 szcz\u0119\u015bliwszym (jako rowerzysta) w tym roku\"}]},{\"@type\":\"WebSite\",\"@id\":\"https:\/\/www.welovecycling.com\/pl\/#website\",\"url\":\"https:\/\/www.welovecycling.com\/pl\/\",\"name\":\"\u0160koda We Love Cycling - Poland\",\"description\":\"\",\"potentialAction\":[{\"@type\":\"SearchAction\",\"target\":{\"@type\":\"EntryPoint\",\"urlTemplate\":\"https:\/\/www.welovecycling.com\/pl\/?s={search_term_string}\"},\"query-input\":{\"@type\":\"PropertyValueSpecification\",\"valueRequired\":true,\"valueName\":\"search_term_string\"}}],\"inLanguage\":\"pl-PL\"},{\"@type\":\"Person\",\"@id\":\"https:\/\/www.welovecycling.com\/pl\/#\/schema\/person\/4a79bac7bd265aa6a35a1079d36648be\",\"name\":\"oktawiamikulska\",\"image\":{\"@type\":\"ImageObject\",\"inLanguage\":\"pl-PL\",\"@id\":\"https:\/\/www.welovecycling.com\/pl\/#\/schema\/person\/image\/\",\"url\":\"https:\/\/secure.gravatar.com\/avatar\/b97a3f44e2de6d2f8dd358975937e49823662e12cbd810b9d1a2bff1c149e8a7?s=96&d=mm&r=g\",\"contentUrl\":\"https:\/\/secure.gravatar.com\/avatar\/b97a3f44e2de6d2f8dd358975937e49823662e12cbd810b9d1a2bff1c149e8a7?s=96&d=mm&r=g\",\"caption\":\"oktawiamikulska\"},\"url\":\"https:\/\/www.welovecycling.com\/pl\/author\/oktawiamikulska\/\"}]}<\/script>\n<!-- \/ Yoast SEO Premium plugin. -->","yoast_head_json":{"title":"Jak by\u0107 szcz\u0119\u015bliwszym (jako rowerzysta) w tym roku - \u0160koda We Love Cycling - Poland","description":"Pocz\u0105tek wiosny to dobry czas na refleksj\u0119 nad postanowieniami noworocznymi. Czy si\u0119 ich trzyma\u0142e\u015b? I czy pomog\u0142y Ci poczu\u0107 si\u0119 szcz\u0119\u015bliwszym? Je\u015bli jeste\u015b jak wi\u0119kszo\u015b\u0107 ludzi, odpowied\u017a na oba pytania prawdopodobnie brzmi: nie. Powodem nie jest to, \u017ce utrata wagi lub poprawa swojej szybko\u015bci to z\u0142e cele. Problem tkwi raczej w tym, \u017ce niezbyt dobrze oceniamy, co nas uszcz\u0119\u015bliwia. Zobaczmy, jak mog\u0105 nam pom\u00f3c eksperci w dziedzinie psychologii i motywacji.","robots":{"index":"index","follow":"follow","max-snippet":"max-snippet:-1","max-image-preview":"max-image-preview:large","max-video-preview":"max-video-preview:-1"},"canonical":"https:\/\/www.welovecycling.com\/pl\/2021\/03\/29\/jak-byc-szczesliwszym-jako-rowerzysta-w-tym-roku\/","og_locale":"pl_PL","og_type":"article","og_title":"Jak by\u0107 szcz\u0119\u015bliwszym (jako rowerzysta) w tym roku","og_description":"Pocz\u0105tek wiosny to dobry czas na refleksj\u0119 nad postanowieniami noworocznymi. Czy si\u0119 ich trzyma\u0142e\u015b? I czy pomog\u0142y Ci poczu\u0107 si\u0119 szcz\u0119\u015bliwszym? Je\u015bli jeste\u015b jak wi\u0119kszo\u015b\u0107 ludzi, odpowied\u017a na oba pytania prawdopodobnie brzmi: nie. Powodem nie jest to, \u017ce utrata wagi lub poprawa swojej szybko\u015bci to z\u0142e cele. Problem tkwi raczej w tym, \u017ce niezbyt dobrze oceniamy, co nas uszcz\u0119\u015bliwia. Zobaczmy, jak mog\u0105 nam pom\u00f3c eksperci w dziedzinie psychologii i motywacji.","og_url":"https:\/\/www.welovecycling.com\/pl\/2021\/03\/29\/jak-byc-szczesliwszym-jako-rowerzysta-w-tym-roku\/","og_site_name":"\u0160koda We Love Cycling - Poland","article_published_time":"2021-03-29T13:51:40+00:00","og_image":[{"width":1024,"height":450,"url":"https:\/\/d2p6e6u75xmxt8.cloudfront.net\/5\/2021\/03\/Tour-Down-Under-profimedia-0494341297-CVR-1024x450-1.jpg","type":"image\/jpeg"}],"author":"oktawiamikulska","twitter_card":"summary_large_image","twitter_misc":{"Written by":"Jiri Kaloc","Est. reading time":"2 minutes"},"schema":{"@context":"https:\/\/schema.org","@graph":[{"@type":"WebPage","@id":"https:\/\/www.welovecycling.com\/pl\/2021\/03\/29\/jak-byc-szczesliwszym-jako-rowerzysta-w-tym-roku\/","url":"https:\/\/www.welovecycling.com\/pl\/2021\/03\/29\/jak-byc-szczesliwszym-jako-rowerzysta-w-tym-roku\/","name":"Jak by\u0107 szcz\u0119\u015bliwszym (jako rowerzysta) w tym roku - \u0160koda We Love Cycling - Poland","isPartOf":{"@id":"https:\/\/www.welovecycling.com\/pl\/#website"},"primaryImageOfPage":{"@id":"https:\/\/www.welovecycling.com\/pl\/2021\/03\/29\/jak-byc-szczesliwszym-jako-rowerzysta-w-tym-roku\/#primaryimage"},"image":{"@id":"https:\/\/www.welovecycling.com\/pl\/2021\/03\/29\/jak-byc-szczesliwszym-jako-rowerzysta-w-tym-roku\/#primaryimage"},"thumbnailUrl":"https:\/\/d2p6e6u75xmxt8.cloudfront.net\/5\/2021\/03\/Tour-Down-Under-profimedia-0494341297-CVR-1024x450-1.jpg","datePublished":"2021-03-29T13:51:40+00:00","author":{"@id":"https:\/\/www.welovecycling.com\/pl\/#\/schema\/person\/4a79bac7bd265aa6a35a1079d36648be"},"description":"Pocz\u0105tek wiosny to dobry czas na refleksj\u0119 nad postanowieniami noworocznymi. Czy si\u0119 ich trzyma\u0142e\u015b? I czy pomog\u0142y Ci poczu\u0107 si\u0119 szcz\u0119\u015bliwszym? Je\u015bli jeste\u015b jak wi\u0119kszo\u015b\u0107 ludzi, odpowied\u017a na oba pytania prawdopodobnie brzmi: nie. Powodem nie jest to, \u017ce utrata wagi lub poprawa swojej szybko\u015bci to z\u0142e cele. Problem tkwi raczej w tym, \u017ce niezbyt dobrze oceniamy, co nas uszcz\u0119\u015bliwia. Zobaczmy, jak mog\u0105 nam pom\u00f3c eksperci w dziedzinie psychologii i motywacji.","breadcrumb":{"@id":"https:\/\/www.welovecycling.com\/pl\/2021\/03\/29\/jak-byc-szczesliwszym-jako-rowerzysta-w-tym-roku\/#breadcrumb"},"inLanguage":"pl-PL","potentialAction":[{"@type":"ReadAction","target":["https:\/\/www.welovecycling.com\/pl\/2021\/03\/29\/jak-byc-szczesliwszym-jako-rowerzysta-w-tym-roku\/"]}]},{"@type":"ImageObject","inLanguage":"pl-PL","@id":"https:\/\/www.welovecycling.com\/pl\/2021\/03\/29\/jak-byc-szczesliwszym-jako-rowerzysta-w-tym-roku\/#primaryimage","url":"https:\/\/d2p6e6u75xmxt8.cloudfront.net\/5\/2021\/03\/Tour-Down-Under-profimedia-0494341297-CVR-1024x450-1.jpg","contentUrl":"https:\/\/d2p6e6u75xmxt8.cloudfront.net\/5\/2021\/03\/Tour-Down-Under-profimedia-0494341297-CVR-1024x450-1.jpg","width":1024,"height":450},{"@type":"BreadcrumbList","@id":"https:\/\/www.welovecycling.com\/pl\/2021\/03\/29\/jak-byc-szczesliwszym-jako-rowerzysta-w-tym-roku\/#breadcrumb","itemListElement":[{"@type":"ListItem","position":1,"name":"Home","item":"https:\/\/www.welovecycling.com\/pl\/"},{"@type":"ListItem","position":2,"name":"Jak by\u0107 szcz\u0119\u015bliwszym (jako rowerzysta) w tym roku"}]},{"@type":"WebSite","@id":"https:\/\/www.welovecycling.com\/pl\/#website","url":"https:\/\/www.welovecycling.com\/pl\/","name":"\u0160koda We Love Cycling - Poland","description":"","potentialAction":[{"@type":"SearchAction","target":{"@type":"EntryPoint","urlTemplate":"https:\/\/www.welovecycling.com\/pl\/?s={search_term_string}"},"query-input":{"@type":"PropertyValueSpecification","valueRequired":true,"valueName":"search_term_string"}}],"inLanguage":"pl-PL"},{"@type":"Person","@id":"https:\/\/www.welovecycling.com\/pl\/#\/schema\/person\/4a79bac7bd265aa6a35a1079d36648be","name":"oktawiamikulska","image":{"@type":"ImageObject","inLanguage":"pl-PL","@id":"https:\/\/www.welovecycling.com\/pl\/#\/schema\/person\/image\/","url":"https:\/\/secure.gravatar.com\/avatar\/b97a3f44e2de6d2f8dd358975937e49823662e12cbd810b9d1a2bff1c149e8a7?s=96&d=mm&r=g","contentUrl":"https:\/\/secure.gravatar.com\/avatar\/b97a3f44e2de6d2f8dd358975937e49823662e12cbd810b9d1a2bff1c149e8a7?s=96&d=mm&r=g","caption":"oktawiamikulska"},"url":"https:\/\/www.welovecycling.com\/pl\/author\/oktawiamikulska\/"}]}},"_links":{"self":[{"href":"https:\/\/www.welovecycling.com\/pl\/wp-json\/wp\/v2\/posts\/11607","targetHints":{"allow":["GET"]}}],"collection":[{"href":"https:\/\/www.welovecycling.com\/pl\/wp-json\/wp\/v2\/posts"}],"about":[{"href":"https:\/\/www.welovecycling.com\/pl\/wp-json\/wp\/v2\/types\/post"}],"author":[{"embeddable":true,"href":"https:\/\/www.welovecycling.com\/pl\/wp-json\/wp\/v2\/users\/125"}],"replies":[{"embeddable":true,"href":"https:\/\/www.welovecycling.com\/pl\/wp-json\/wp\/v2\/comments?post=11607"}],"version-history":[{"count":1,"href":"https:\/\/www.welovecycling.com\/pl\/wp-json\/wp\/v2\/posts\/11607\/revisions"}],"predecessor-version":[{"id":11609,"href":"https:\/\/www.welovecycling.com\/pl\/wp-json\/wp\/v2\/posts\/11607\/revisions\/11609"}],"wp:featuredmedia":[{"embeddable":true,"href":"https:\/\/www.welovecycling.com\/pl\/wp-json\/wp\/v2\/media\/11608"}],"wp:attachment":[{"href":"https:\/\/www.welovecycling.com\/pl\/wp-json\/wp\/v2\/media?parent=11607"}],"wp:term":[{"taxonomy":"category","embeddable":true,"href":"https:\/\/www.welovecycling.com\/pl\/wp-json\/wp\/v2\/categories?post=11607"},{"taxonomy":"post_tag","embeddable":true,"href":"https:\/\/www.welovecycling.com\/pl\/wp-json\/wp\/v2\/tags?post=11607"},{"taxonomy":"global-categories","embeddable":true,"href":"https:\/\/www.welovecycling.com\/pl\/wp-json\/wp\/v2\/global-categories?post=11607"}],"curies":[{"name":"wp","href":"https:\/\/api.w.org\/{rel}","templated":true}]}}