{"id":11586,"date":"2021-03-24T18:04:33","date_gmt":"2021-03-24T18:04:33","guid":{"rendered":"https:\/\/www.welovecycling.com\/pl\/?p=11586"},"modified":"2023-07-19T07:26:05","modified_gmt":"2023-07-19T07:26:05","slug":"blisko-coraz-blizej-odkrywaja-karty-przed-tour-de-france","status":"publish","type":"post","link":"https:\/\/www.welovecycling.com\/pl\/2021\/03\/24\/blisko-coraz-blizej-odkrywaja-karty-przed-tour-de-france\/","title":{"rendered":"Blisko, coraz bli\u017cej. Odkrywaj\u0105 karty przed Tour de France!"},"content":{"rendered":"<p><strong>Dzikie karty rozdane, faworyci zdeklarowani, trasy pod ci\u0105g\u0142\u0105 kontroln\u0105. Niekt\u00f3rzy jeszcze wspominaj\u0105 zesz\u0142oroczny Tour de France, tymczasem ju\u017c za trzy miesi\u0105ce startuje 108. edycja najwi\u0119kszego wy\u015bcigu \u015bwiata!<\/strong><\/p>\n<p>W zesz\u0142ym roku by\u0142o op\u00f3\u017anienie z powodu pandemii, w tym przyspieszenie z racji igrzysk olimpijskich i ani kibic kolarstwa si\u0119 obr\u00f3ci\u0142, a ju\u017c powoli musi przygotowywa\u0107 si\u0119 do kolejnej edycji Wielkiej P\u0119tli.<\/p>\n<div class=\"embed-controller-wrapper\">\n<blockquote class=\"twitter-tweet\" data-width=\"500\" data-dnt=\"true\">\n<p lang=\"en\" dir=\"ltr\">\ud83d\udcaf days until the Tour de France \ud83d\ude03<br \/>Photo: <a href=\"https:\/\/twitter.com\/GettySport?ref_src=twsrc%5Etfw\">@GettySport<\/a> <a href=\"https:\/\/t.co\/Zp2leLQYag\">pic.twitter.com\/Zp2leLQYag<\/a><\/p>\n<p>&mdash; Soudal Quick-Step Pro Cycling Team (@soudalquickstep) <a href=\"https:\/\/twitter.com\/soudalquickstep\/status\/1372608190798561296?ref_src=twsrc%5Etfw\">March 18, 2021<\/a><\/p><\/blockquote>\n<p><script async data-src=\"https:\/\/platform.twitter.com\/widgets.js\" charset=\"utf-8\"><\/script><\/div>\n<p>Prawdziwy fan \u015bcigania Wielk\u0105 P\u0119tl\u0105 \u017cyje jednak przez ca\u0142y rok. A jest czym, bo z peletonu co chwil\u0119 dochodz\u0105 informacje, kt\u00f3ra pozwalaj\u0105 kre\u015bli\u0107 scenariusze na przebieg najbli\u017cszego wy\u015bcigu.<\/p>\n<p>Wiadomo ju\u017c, \u017ce w tym roku wystartuj\u0105 nie 22, ale 23 ekipy. 19 miejsc zarezerwowanych jest dla zespo\u0142\u00f3w najwy\u017cszej dywizji, a cztery kolejne ju\u017c zosta\u0142y dokooptowane. I tak podczas Tour de France 2021 zobaczymy oczywi\u015bcie zawodnik\u00f3w Alpecin-Fenix (zwyci\u0119zca klasyfikacji ProTeams 2020), a szcz\u0119\u015bliwcami z dziki kartkami s\u0105 zawodnicy francuskich dru\u017cyn: Team Arkea Samsic, Team Total Direct Energie i B&amp;B Hotels P\/B KTM.<\/p>\n<div class=\"embed-controller-wrapper\">\n<blockquote class=\"twitter-tweet\" data-width=\"500\" data-dnt=\"true\">\n<p lang=\"fr\" dir=\"ltr\">\u2b50 19 + 1 + &#8230; \u2b50<\/p>\n<p>\ud83d\udc9b Here are the teams that will take to the start line at <a href=\"https:\/\/twitter.com\/hashtag\/TDF2021?src=hash&amp;ref_src=twsrc%5Etfw\">#TDF2021<\/a>!<\/p>\n<p>\ud83d\udc9b Voici la s\u00e9lection des \u00e9quipes du <a href=\"https:\/\/twitter.com\/hashtag\/TDF2021?src=hash&amp;ref_src=twsrc%5Etfw\">#TDF2021<\/a> ! <a href=\"https:\/\/t.co\/uThytZNu91\">pic.twitter.com\/uThytZNu91<\/a><\/p>\n<p>&mdash; Tour de France\u2122 (@LeTour) <a href=\"https:\/\/twitter.com\/LeTour\/status\/1357383592922537989?ref_src=twsrc%5Etfw\">February 4, 2021<\/a><\/p><\/blockquote>\n<p><script async data-src=\"https:\/\/platform.twitter.com\/widgets.js\" charset=\"utf-8\"><\/script><\/div>\n<p>Swoje starty potwierdzi\u0142y ju\u017c dru\u017cyny, ale coraz \u015bmielej m\u00f3wi si\u0119 r\u00f3wnie\u017c o zawodnikach, kt\u00f3rych poszczeg\u00f3lne ekipy deleguj\u0105 do Francji. Walk\u0119 o obron\u0119 ubieg\u0142orocznego zwyci\u0119stwa zapowiada Tadej Pogacar (UAE Team Emirates), a towarzyszy\u0107 ma mu m.in. Rafa\u0142 Majka, kt\u00f3ry do\u0142\u0105czy\u0142 do zespo\u0142u w tym sezonie.<\/p>\n<p>Wygl\u0105da na to, \u017ce na Tour de France wybierze si\u0119 r\u00f3wnie\u017c inny Polak \u2013 Micha\u0142 Kwiatkowski (Team Ineos). 31-letni zawodnik z Che\u0142m\u017cy ju\u017c nie raz udowadnia\u0142, \u017ce jego pomoc jest na wag\u0119 z\u0142ota, do tego w poprzednim roku wygra\u0142 jeden z etap\u00f3w. Na razie wszystko wskazuje na to, \u017ce liderem jego ekipy b\u0119dzie Geraint Thomas, zwyci\u0119zca Wielkiej P\u0119tli z 2018 r., ale ch\u0119tnych do przewodzenia Team Ineos mo\u017ce by\u0107 znacznie wi\u0119cej. W\u015br\u00f3d nich jest m.in. Egan Bernal, ale zwyci\u0119zca Wielkiej P\u0119tli z 2019 dopiero wraca do siebie po kontuzji. Testem generalnym b\u0119dzie dla niego Giro d\u2019Italia (8-30 maja) i je\u015bli tam spisze si\u0119 obiecuj\u0105co, to by\u0107 mo\u017ce Team Ineos zdecyduj\u0105 si\u0119 na wariant z wi\u0119cej ni\u017c jednym liderem, kt\u00f3ry sprawdza\u0142 si\u0119 ju\u017c w przesz\u0142o\u015bci.<\/p>\n<p>Mocn\u0105 ekip\u0119 planuje wys\u0142a\u0107 do boju r\u00f3wnie\u017c Jumbo-Visma. Wst\u0119pnie w Tour de France maj\u0105 pojecha\u0107 Tom Dumoulin, Steven Kruijswijk i oczywi\u015bcie Primo\u017c Rogli\u0107, kt\u00f3ry do dzi\u015b rozpami\u0119tuje ubieg\u0142oroczn\u0105 pora\u017ck\u0119, czyli wypuszczenie zwyci\u0119stwa w klasyfikacji generalnej na przedostatnim etapie. S\u0142oweniec zapewnia jednak, \u017ce nie powiedzia\u0142 jeszcze ostatniego s\u0142owa i nastawia si\u0119 na rewan\u017c.<\/p>\n<p>W cieniu najpot\u0119\u017cniejszych zespo\u0142\u00f3w do Wielkiej P\u0119tli przygotowuje si\u0119 Christopher Froome\u00a0 (Israel Start-Up Nation). 35-letni kolarz wraca do siebie po kontuzji i ci\u0119\u017cko trenuje, a wszystko po to, by ci\u0105gle m\u00f3c marzy\u0107 o pi\u0105tym triumfie w Wielkiej P\u0119tli, kt\u00f3re da\u0142oby mu miejsce mi\u0119dzy najwi\u0119kszymi legendami tego wy\u015bcigu. Jak wida\u0107, Brytyjczyk ju\u017c odlicza dni do startu<\/p>\n<div class=\"embed-controller-wrapper\">\n<blockquote class=\"twitter-tweet\" data-width=\"500\" data-dnt=\"true\">\n<p lang=\"en\" dir=\"ltr\">D-\ud83d\udcaf until <a href=\"https:\/\/twitter.com\/hashtag\/TDF2021?src=hash&amp;ref_src=twsrc%5Etfw\">#TDF2021<\/a> \u23f0 <br \/>Lets go \ud83d\udc4a<a href=\"https:\/\/twitter.com\/LeTour?ref_src=twsrc%5Etfw\">@LeTour<\/a> <a href=\"https:\/\/t.co\/anINBKwuJ7\">pic.twitter.com\/anINBKwuJ7<\/a><\/p>\n<p>&mdash; Chris Froome (@chrisfroome) <a href=\"https:\/\/twitter.com\/chrisfroome\/status\/1372605063424774145?ref_src=twsrc%5Etfw\">March 18, 2021<\/a><\/p><\/blockquote>\n<p><script async data-src=\"https:\/\/platform.twitter.com\/widgets.js\" charset=\"utf-8\"><\/script><\/div>\n<p>Smutna mo\u017ce by\u0107 za to cz\u0119\u015b\u0107 francuskich kibic\u00f3w, bo wygl\u0105da na to, \u017ce w Tour de France nie wezm\u0105 udzia\u0142u ich rodacy: Thibaut Pinot (Groupama-FDJ) i Romain Bardet (Team DSM), kt\u00f3ry na starcie Wielkiej P\u0119tli stawa\u0142 przez osiem lat z rz\u0119du.<\/p>\n<p>Tegoroczny Tour de France zaczyna si\u0119 26 czerwca w Bre\u015bcie, a ko\u0144czy 18 lipca w Pary\u017cu.<\/p>\n<div class=\"embed-controller-wrapper\">\n<blockquote class=\"twitter-tweet\" data-width=\"500\" data-dnt=\"true\">\n<p lang=\"en\" dir=\"ltr\">\ud83e\udd29 Here is the official <a href=\"https:\/\/twitter.com\/hashtag\/TDF2021?src=hash&amp;ref_src=twsrc%5Etfw\">#TDF2021<\/a> route!<\/p>\n<p>\ud83e\udd29 Voici le parcours officiel du <a href=\"https:\/\/twitter.com\/hashtag\/TDF2021?src=hash&amp;ref_src=twsrc%5Etfw\">#TDF2021<\/a> ! <a href=\"https:\/\/t.co\/MEoDFc2ph2\">pic.twitter.com\/MEoDFc2ph2<\/a><\/p>\n<p>&mdash; Tour de France\u2122 (@LeTour) <a href=\"https:\/\/twitter.com\/LeTour\/status\/1322985724761853955?ref_src=twsrc%5Etfw\">November 1, 2020<\/a><\/p><\/blockquote>\n<p><script async data-src=\"https:\/\/platform.twitter.com\/widgets.js\" charset=\"utf-8\"><\/script><\/div>\n<p><span data-sheets-value=\"{&quot;1&quot;:2,&quot;2&quot;:&quot;Artyku\u0142 powsta\u0142 we wsp\u00f3\u0142pracy ze skoda-auto.pl&quot;}\" data-sheets-userformat=\"{&quot;2&quot;:1,&quot;3&quot;:{&quot;1&quot;:0}}\" data-sheets-hyperlink=\"http:\/\/www.skoda-auto.pl\/\"><a class=\"in-cell-link\" href=\"http:\/\/www.skoda-auto.pl\/\" target=\"_blank\" rel=\"noopener noreferrer\">Artyku\u0142 powsta\u0142 we wsp\u00f3\u0142pracy ze skoda-auto.pl<\/a><\/span><\/p>\n<p><a href=\"https:\/\/www.skoda-auto.pl\/modele\/karoq\">\u00a0<\/a><\/p>\n<p><a href=\"https:\/\/www.skoda-auto.pl\/modele\/kodiaq\"><img loading=\"lazy\" decoding=\"async\" class=\"size-full wp-image-11327 aligncenter\" src=\"https:\/\/d2p6e6u75xmxt8.cloudfront.net\/5\/2021\/12\/baner-WLC.jpg\" alt=\"\" width=\"640\" height=\"350\" srcset=\"https:\/\/d2p6e6u75xmxt8.cloudfront.net\/5\/2021\/12\/baner-WLC.jpg 640w, https:\/\/d2p6e6u75xmxt8.cloudfront.net\/5\/2021\/12\/baner-WLC-300x164.jpg 300w\" sizes=\"auto, (max-width: 640px) 100vw, 640px\" \/><\/a><\/p>\n","protected":false},"excerpt":{"rendered":"<p>Dzikie karty rozdane, faworyci zdeklarowani, trasy pod ci\u0105g\u0142\u0105 kontroln\u0105. Niekt\u00f3rzy jeszcze wspominaj\u0105 zesz\u0142oroczny Tour de France, tymczasem ju\u017c za trzy [&hellip;]<\/p>\n","protected":false},"author":125,"featured_media":11591,"comment_status":"open","ping_status":"open","sticky":false,"template":"","format":"standard","meta":{"footnotes":""},"categories":[337],"tags":[176,77,146],"global-categories":[303],"class_list":["post-11586","post","type-post","status-publish","format-standard","has-post-thumbnail","hentry","category-tour-de-france","tag-kolarstwo","tag-tour-de-france","tag-wyscig","global-categories-cycling"],"yoast_head":"<!-- This site is optimized with the Yoast SEO Premium plugin v25.3 (Yoast SEO v25.9) - https:\/\/yoast.com\/wordpress\/plugins\/seo\/ -->\n<title>Blisko, coraz bli\u017cej. Odkrywaj\u0105 karty przed Tour de France! - \u0160koda We Love Cycling - Poland<\/title>\n<meta name=\"description\" content=\"Dzikie karty rozdane, faworyci zdeklarowani, trasy pod ci\u0105g\u0142\u0105 kontroln\u0105. Niekt\u00f3rzy jeszcze wspominaj\u0105 zesz\u0142oroczny Tour de France, tymczasem ju\u017c za trzy miesi\u0105ce startuje 108. edycja najwi\u0119kszego wy\u015bcigu \u015bwiata!\" \/>\n<meta name=\"robots\" content=\"index, follow, max-snippet:-1, max-image-preview:large, max-video-preview:-1\" \/>\n<link rel=\"canonical\" href=\"https:\/\/www.welovecycling.com\/pl\/2021\/03\/24\/blisko-coraz-blizej-odkrywaja-karty-przed-tour-de-france\/\" \/>\n<meta property=\"og:locale\" content=\"pl_PL\" \/>\n<meta property=\"og:type\" content=\"article\" \/>\n<meta property=\"og:title\" content=\"Blisko, coraz bli\u017cej. Odkrywaj\u0105 karty przed Tour de France!\" \/>\n<meta property=\"og:description\" content=\"Dzikie karty rozdane, faworyci zdeklarowani, trasy pod ci\u0105g\u0142\u0105 kontroln\u0105. Niekt\u00f3rzy jeszcze wspominaj\u0105 zesz\u0142oroczny Tour de France, tymczasem ju\u017c za trzy miesi\u0105ce startuje 108. edycja najwi\u0119kszego wy\u015bcigu \u015bwiata!\" \/>\n<meta property=\"og:url\" content=\"https:\/\/www.welovecycling.com\/pl\/2021\/03\/24\/blisko-coraz-blizej-odkrywaja-karty-przed-tour-de-france\/\" \/>\n<meta property=\"og:site_name\" content=\"\u0160koda We Love Cycling - Poland\" \/>\n<meta property=\"article:published_time\" content=\"2021-03-24T18:04:33+00:00\" \/>\n<meta property=\"article:modified_time\" content=\"2023-07-19T07:26:05+00:00\" \/>\n<meta property=\"og:image\" content=\"https:\/\/d2p6e6u75xmxt8.cloudfront.net\/5\/2021\/03\/Paris-Roubaix-profimedia-0426126609-CVR-1024x450-1.jpg\" \/>\n\t<meta property=\"og:image:width\" content=\"1024\" \/>\n\t<meta property=\"og:image:height\" content=\"450\" \/>\n\t<meta property=\"og:image:type\" content=\"image\/jpeg\" \/>\n<meta name=\"author\" content=\"oktawiamikulska\" \/>\n<meta name=\"twitter:card\" content=\"summary_large_image\" \/>\n<meta name=\"twitter:label1\" content=\"Written by\" \/>\n\t<meta name=\"twitter:data1\" content=\"Piotr Jawor\" \/>\n\t<meta name=\"twitter:label2\" content=\"Est. reading time\" \/>\n\t<meta name=\"twitter:data2\" content=\"3 minutes\" \/>\n<script type=\"application\/ld+json\" class=\"yoast-schema-graph\">{\"@context\":\"https:\/\/schema.org\",\"@graph\":[{\"@type\":\"WebPage\",\"@id\":\"https:\/\/www.welovecycling.com\/pl\/2021\/03\/24\/blisko-coraz-blizej-odkrywaja-karty-przed-tour-de-france\/\",\"url\":\"https:\/\/www.welovecycling.com\/pl\/2021\/03\/24\/blisko-coraz-blizej-odkrywaja-karty-przed-tour-de-france\/\",\"name\":\"Blisko, coraz bli\u017cej. Odkrywaj\u0105 karty przed Tour de France! - \u0160koda We Love Cycling - Poland\",\"isPartOf\":{\"@id\":\"https:\/\/www.welovecycling.com\/pl\/#website\"},\"primaryImageOfPage\":{\"@id\":\"https:\/\/www.welovecycling.com\/pl\/2021\/03\/24\/blisko-coraz-blizej-odkrywaja-karty-przed-tour-de-france\/#primaryimage\"},\"image\":{\"@id\":\"https:\/\/www.welovecycling.com\/pl\/2021\/03\/24\/blisko-coraz-blizej-odkrywaja-karty-przed-tour-de-france\/#primaryimage\"},\"thumbnailUrl\":\"https:\/\/d2p6e6u75xmxt8.cloudfront.net\/5\/2021\/03\/Paris-Roubaix-profimedia-0426126609-CVR-1024x450-1.jpg\",\"datePublished\":\"2021-03-24T18:04:33+00:00\",\"dateModified\":\"2023-07-19T07:26:05+00:00\",\"author\":{\"@id\":\"https:\/\/www.welovecycling.com\/pl\/#\/schema\/person\/4a79bac7bd265aa6a35a1079d36648be\"},\"description\":\"Dzikie karty rozdane, faworyci zdeklarowani, trasy pod ci\u0105g\u0142\u0105 kontroln\u0105. Niekt\u00f3rzy jeszcze wspominaj\u0105 zesz\u0142oroczny Tour de France, tymczasem ju\u017c za trzy miesi\u0105ce startuje 108. edycja najwi\u0119kszego wy\u015bcigu \u015bwiata!\",\"breadcrumb\":{\"@id\":\"https:\/\/www.welovecycling.com\/pl\/2021\/03\/24\/blisko-coraz-blizej-odkrywaja-karty-przed-tour-de-france\/#breadcrumb\"},\"inLanguage\":\"pl-PL\",\"potentialAction\":[{\"@type\":\"ReadAction\",\"target\":[\"https:\/\/www.welovecycling.com\/pl\/2021\/03\/24\/blisko-coraz-blizej-odkrywaja-karty-przed-tour-de-france\/\"]}]},{\"@type\":\"ImageObject\",\"inLanguage\":\"pl-PL\",\"@id\":\"https:\/\/www.welovecycling.com\/pl\/2021\/03\/24\/blisko-coraz-blizej-odkrywaja-karty-przed-tour-de-france\/#primaryimage\",\"url\":\"https:\/\/d2p6e6u75xmxt8.cloudfront.net\/5\/2021\/03\/Paris-Roubaix-profimedia-0426126609-CVR-1024x450-1.jpg\",\"contentUrl\":\"https:\/\/d2p6e6u75xmxt8.cloudfront.net\/5\/2021\/03\/Paris-Roubaix-profimedia-0426126609-CVR-1024x450-1.jpg\",\"width\":1024,\"height\":450},{\"@type\":\"BreadcrumbList\",\"@id\":\"https:\/\/www.welovecycling.com\/pl\/2021\/03\/24\/blisko-coraz-blizej-odkrywaja-karty-przed-tour-de-france\/#breadcrumb\",\"itemListElement\":[{\"@type\":\"ListItem\",\"position\":1,\"name\":\"Home\",\"item\":\"https:\/\/www.welovecycling.com\/pl\/\"},{\"@type\":\"ListItem\",\"position\":2,\"name\":\"Blisko, coraz bli\u017cej. Odkrywaj\u0105 karty przed Tour de France!\"}]},{\"@type\":\"WebSite\",\"@id\":\"https:\/\/www.welovecycling.com\/pl\/#website\",\"url\":\"https:\/\/www.welovecycling.com\/pl\/\",\"name\":\"\u0160koda We Love Cycling - Poland\",\"description\":\"\",\"potentialAction\":[{\"@type\":\"SearchAction\",\"target\":{\"@type\":\"EntryPoint\",\"urlTemplate\":\"https:\/\/www.welovecycling.com\/pl\/?s={search_term_string}\"},\"query-input\":{\"@type\":\"PropertyValueSpecification\",\"valueRequired\":true,\"valueName\":\"search_term_string\"}}],\"inLanguage\":\"pl-PL\"},{\"@type\":\"Person\",\"@id\":\"https:\/\/www.welovecycling.com\/pl\/#\/schema\/person\/4a79bac7bd265aa6a35a1079d36648be\",\"name\":\"oktawiamikulska\",\"image\":{\"@type\":\"ImageObject\",\"inLanguage\":\"pl-PL\",\"@id\":\"https:\/\/www.welovecycling.com\/pl\/#\/schema\/person\/image\/\",\"url\":\"https:\/\/secure.gravatar.com\/avatar\/b97a3f44e2de6d2f8dd358975937e49823662e12cbd810b9d1a2bff1c149e8a7?s=96&d=mm&r=g\",\"contentUrl\":\"https:\/\/secure.gravatar.com\/avatar\/b97a3f44e2de6d2f8dd358975937e49823662e12cbd810b9d1a2bff1c149e8a7?s=96&d=mm&r=g\",\"caption\":\"oktawiamikulska\"},\"url\":\"https:\/\/www.welovecycling.com\/pl\/author\/oktawiamikulska\/\"}]}<\/script>\n<!-- \/ Yoast SEO Premium plugin. -->","yoast_head_json":{"title":"Blisko, coraz bli\u017cej. Odkrywaj\u0105 karty przed Tour de France! - \u0160koda We Love Cycling - Poland","description":"Dzikie karty rozdane, faworyci zdeklarowani, trasy pod ci\u0105g\u0142\u0105 kontroln\u0105. Niekt\u00f3rzy jeszcze wspominaj\u0105 zesz\u0142oroczny Tour de France, tymczasem ju\u017c za trzy miesi\u0105ce startuje 108. edycja najwi\u0119kszego wy\u015bcigu \u015bwiata!","robots":{"index":"index","follow":"follow","max-snippet":"max-snippet:-1","max-image-preview":"max-image-preview:large","max-video-preview":"max-video-preview:-1"},"canonical":"https:\/\/www.welovecycling.com\/pl\/2021\/03\/24\/blisko-coraz-blizej-odkrywaja-karty-przed-tour-de-france\/","og_locale":"pl_PL","og_type":"article","og_title":"Blisko, coraz bli\u017cej. Odkrywaj\u0105 karty przed Tour de France!","og_description":"Dzikie karty rozdane, faworyci zdeklarowani, trasy pod ci\u0105g\u0142\u0105 kontroln\u0105. Niekt\u00f3rzy jeszcze wspominaj\u0105 zesz\u0142oroczny Tour de France, tymczasem ju\u017c za trzy miesi\u0105ce startuje 108. edycja najwi\u0119kszego wy\u015bcigu \u015bwiata!","og_url":"https:\/\/www.welovecycling.com\/pl\/2021\/03\/24\/blisko-coraz-blizej-odkrywaja-karty-przed-tour-de-france\/","og_site_name":"\u0160koda We Love Cycling - Poland","article_published_time":"2021-03-24T18:04:33+00:00","article_modified_time":"2023-07-19T07:26:05+00:00","og_image":[{"width":1024,"height":450,"url":"https:\/\/d2p6e6u75xmxt8.cloudfront.net\/5\/2021\/03\/Paris-Roubaix-profimedia-0426126609-CVR-1024x450-1.jpg","type":"image\/jpeg"}],"author":"oktawiamikulska","twitter_card":"summary_large_image","twitter_misc":{"Written by":"Piotr Jawor","Est. reading time":"3 minutes"},"schema":{"@context":"https:\/\/schema.org","@graph":[{"@type":"WebPage","@id":"https:\/\/www.welovecycling.com\/pl\/2021\/03\/24\/blisko-coraz-blizej-odkrywaja-karty-przed-tour-de-france\/","url":"https:\/\/www.welovecycling.com\/pl\/2021\/03\/24\/blisko-coraz-blizej-odkrywaja-karty-przed-tour-de-france\/","name":"Blisko, coraz bli\u017cej. Odkrywaj\u0105 karty przed Tour de France! - \u0160koda We Love Cycling - Poland","isPartOf":{"@id":"https:\/\/www.welovecycling.com\/pl\/#website"},"primaryImageOfPage":{"@id":"https:\/\/www.welovecycling.com\/pl\/2021\/03\/24\/blisko-coraz-blizej-odkrywaja-karty-przed-tour-de-france\/#primaryimage"},"image":{"@id":"https:\/\/www.welovecycling.com\/pl\/2021\/03\/24\/blisko-coraz-blizej-odkrywaja-karty-przed-tour-de-france\/#primaryimage"},"thumbnailUrl":"https:\/\/d2p6e6u75xmxt8.cloudfront.net\/5\/2021\/03\/Paris-Roubaix-profimedia-0426126609-CVR-1024x450-1.jpg","datePublished":"2021-03-24T18:04:33+00:00","dateModified":"2023-07-19T07:26:05+00:00","author":{"@id":"https:\/\/www.welovecycling.com\/pl\/#\/schema\/person\/4a79bac7bd265aa6a35a1079d36648be"},"description":"Dzikie karty rozdane, faworyci zdeklarowani, trasy pod ci\u0105g\u0142\u0105 kontroln\u0105. Niekt\u00f3rzy jeszcze wspominaj\u0105 zesz\u0142oroczny Tour de France, tymczasem ju\u017c za trzy miesi\u0105ce startuje 108. edycja najwi\u0119kszego wy\u015bcigu \u015bwiata!","breadcrumb":{"@id":"https:\/\/www.welovecycling.com\/pl\/2021\/03\/24\/blisko-coraz-blizej-odkrywaja-karty-przed-tour-de-france\/#breadcrumb"},"inLanguage":"pl-PL","potentialAction":[{"@type":"ReadAction","target":["https:\/\/www.welovecycling.com\/pl\/2021\/03\/24\/blisko-coraz-blizej-odkrywaja-karty-przed-tour-de-france\/"]}]},{"@type":"ImageObject","inLanguage":"pl-PL","@id":"https:\/\/www.welovecycling.com\/pl\/2021\/03\/24\/blisko-coraz-blizej-odkrywaja-karty-przed-tour-de-france\/#primaryimage","url":"https:\/\/d2p6e6u75xmxt8.cloudfront.net\/5\/2021\/03\/Paris-Roubaix-profimedia-0426126609-CVR-1024x450-1.jpg","contentUrl":"https:\/\/d2p6e6u75xmxt8.cloudfront.net\/5\/2021\/03\/Paris-Roubaix-profimedia-0426126609-CVR-1024x450-1.jpg","width":1024,"height":450},{"@type":"BreadcrumbList","@id":"https:\/\/www.welovecycling.com\/pl\/2021\/03\/24\/blisko-coraz-blizej-odkrywaja-karty-przed-tour-de-france\/#breadcrumb","itemListElement":[{"@type":"ListItem","position":1,"name":"Home","item":"https:\/\/www.welovecycling.com\/pl\/"},{"@type":"ListItem","position":2,"name":"Blisko, coraz bli\u017cej. Odkrywaj\u0105 karty przed Tour de France!"}]},{"@type":"WebSite","@id":"https:\/\/www.welovecycling.com\/pl\/#website","url":"https:\/\/www.welovecycling.com\/pl\/","name":"\u0160koda We Love Cycling - Poland","description":"","potentialAction":[{"@type":"SearchAction","target":{"@type":"EntryPoint","urlTemplate":"https:\/\/www.welovecycling.com\/pl\/?s={search_term_string}"},"query-input":{"@type":"PropertyValueSpecification","valueRequired":true,"valueName":"search_term_string"}}],"inLanguage":"pl-PL"},{"@type":"Person","@id":"https:\/\/www.welovecycling.com\/pl\/#\/schema\/person\/4a79bac7bd265aa6a35a1079d36648be","name":"oktawiamikulska","image":{"@type":"ImageObject","inLanguage":"pl-PL","@id":"https:\/\/www.welovecycling.com\/pl\/#\/schema\/person\/image\/","url":"https:\/\/secure.gravatar.com\/avatar\/b97a3f44e2de6d2f8dd358975937e49823662e12cbd810b9d1a2bff1c149e8a7?s=96&d=mm&r=g","contentUrl":"https:\/\/secure.gravatar.com\/avatar\/b97a3f44e2de6d2f8dd358975937e49823662e12cbd810b9d1a2bff1c149e8a7?s=96&d=mm&r=g","caption":"oktawiamikulska"},"url":"https:\/\/www.welovecycling.com\/pl\/author\/oktawiamikulska\/"}]}},"_links":{"self":[{"href":"https:\/\/www.welovecycling.com\/pl\/wp-json\/wp\/v2\/posts\/11586","targetHints":{"allow":["GET"]}}],"collection":[{"href":"https:\/\/www.welovecycling.com\/pl\/wp-json\/wp\/v2\/posts"}],"about":[{"href":"https:\/\/www.welovecycling.com\/pl\/wp-json\/wp\/v2\/types\/post"}],"author":[{"embeddable":true,"href":"https:\/\/www.welovecycling.com\/pl\/wp-json\/wp\/v2\/users\/125"}],"replies":[{"embeddable":true,"href":"https:\/\/www.welovecycling.com\/pl\/wp-json\/wp\/v2\/comments?post=11586"}],"version-history":[{"count":2,"href":"https:\/\/www.welovecycling.com\/pl\/wp-json\/wp\/v2\/posts\/11586\/revisions"}],"predecessor-version":[{"id":11602,"href":"https:\/\/www.welovecycling.com\/pl\/wp-json\/wp\/v2\/posts\/11586\/revisions\/11602"}],"wp:featuredmedia":[{"embeddable":true,"href":"https:\/\/www.welovecycling.com\/pl\/wp-json\/wp\/v2\/media\/11591"}],"wp:attachment":[{"href":"https:\/\/www.welovecycling.com\/pl\/wp-json\/wp\/v2\/media?parent=11586"}],"wp:term":[{"taxonomy":"category","embeddable":true,"href":"https:\/\/www.welovecycling.com\/pl\/wp-json\/wp\/v2\/categories?post=11586"},{"taxonomy":"post_tag","embeddable":true,"href":"https:\/\/www.welovecycling.com\/pl\/wp-json\/wp\/v2\/tags?post=11586"},{"taxonomy":"global-categories","embeddable":true,"href":"https:\/\/www.welovecycling.com\/pl\/wp-json\/wp\/v2\/global-categories?post=11586"}],"curies":[{"name":"wp","href":"https:\/\/api.w.org\/{rel}","templated":true}]}}