{"id":11545,"date":"2021-03-05T13:07:29","date_gmt":"2021-03-05T13:07:29","guid":{"rendered":"https:\/\/www.welovecycling.com\/pl\/?p=11545"},"modified":"2021-03-05T13:08:49","modified_gmt":"2021-03-05T13:08:49","slug":"wskazowki-dotyczace-bikepackingu-gotowanie-i-jedzenie","status":"publish","type":"post","link":"https:\/\/www.welovecycling.com\/pl\/2021\/03\/05\/wskazowki-dotyczace-bikepackingu-gotowanie-i-jedzenie\/","title":{"rendered":"Wskaz\u00f3wki dotycz\u0105ce bikepackingu: gotowanie i jedzenie"},"content":{"rendered":"<p><strong>Kiedy by\u0142em m\u0142ody, zawsze by\u0142em w 100% samowystarczalny dzi\u0119ki braniu ze sob\u0105 jedzenia na wycieczki rowerowe. Unika\u0142em wydawania pieni\u0119dzy i by\u0142em bardzo dumny z tego, \u017ce potrafi\u0119 si\u0119 wy\u017cywi\u0107 tym, co znalaz\u0142em i ugotowa\u0142em. Obecnie my\u015bl\u0119 ju\u017c nieco inaczej. Lubi\u0119 \u0142\u0105czy\u0107 swoje do\u015bwiadczenia, widz\u0119 wi\u0119cej odcieni w \u015bwiecie i pokocha\u0142em jedzenie oraz napoje. Tak wi\u0119c je\u015bli chodzi o sprz\u0119t do gotowania i od\u017cywianie, moje planowanie sta\u0142o si\u0119 bardzo przemy\u015blane, dok\u0142adnie tak samo jak w przypadku sprz\u0119tu technicznego. Podziel\u0119 si\u0119 moimi wnioskami w tym temacie.<\/strong><\/p>\n<h2><strong>Kuchenki kempingowe<\/strong><\/h2>\n<p>O ile po drodze nie planujesz kupowa\u0107 produkt\u00f3w na \u015bniadanie\/obiad\/kolacj\u0119, musisz zaplanowa\u0107 spos\u00f3b gotowania. Nie mo\u017cesz wozi\u0107 ze sob\u0105 zbyt du\u017cej ilo\u015bci jedzenia w torbach czy sakwach.<\/p>\n<p>M\u00f3j artyku\u0142 nie dotyczy ekstremalnych podr\u00f3\u017cy, kt\u00f3re wymagaj\u0105 bardzo specjalistycznego sprz\u0119tu, aby stawi\u0107 czo\u0142a wiatrom, temperaturom lub brakowi paliwa. Zwracam si\u0119 w nim do rowerzyst\u00f3w rekreacyjnych, kt\u00f3rzy czerpi\u0105 rado\u015b\u0107 z jazdy, nawet je\u015bli maj\u0105 na swoich licznikach bardzo przyzwoite przebiegi.<\/p>\n<p>Najwa\u017cniejszym czynnikiem, kt\u00f3ry nale\u017cy wzi\u0105\u0107 pod uwag\u0119 przy wyborze kuchenki, jest to, jakiego paliwa potrzebuje. Na rynku istniej\u0105 cztery g\u0142\u00f3wne typy kuchenek: wielopaliwowe, na naboje gazowe, na spirytus i opalane drewnem.<\/p>\n<h2><strong>Kuchenki wielopaliwowe\/hybrydowe<\/strong><\/h2>\n<p>Moja pierwsza kuchenka by\u0142a wielopaliwowa, bo my\u015bla\u0142em, \u017ce lepiej by\u0107 gotowym na wszystko. P\u00f3\u017aniej dowiedzia\u0142em si\u0119, \u017ce gotowanie posi\u0142ku na paliwie ze stacji benzynowej nie jest najlepsze, poniewa\u017c \u015bmierdzi i brudzi kuchenk\u0119. Dlatego je\u015bli nie jad\u0119 przez bardzo odleg\u0142e egzotyczne miejsca, nie wybieram tej kuchenki. Poza tym jest ci\u0119\u017cka i zajmuje sporo miejsca, wi\u0119c nie nazwa\u0142bym jej por\u0119czn\u0105.<\/p>\n<figure id=\"attachment_181630\" aria-describedby=\"caption-attachment-181630\" style=\"width: 567px\" class=\"wp-caption alignnone\"><img loading=\"lazy\" decoding=\"async\" class=\"loading wp-image-181630 size-full\" src=\"https:\/\/d2p6e6u75xmxt8.cloudfront.net\/2\/2021\/02\/Multi-fuel-stove.jpg\" sizes=\"auto, (max-width: 567px) 100vw, 567px\" srcset=\"https:\/\/d2p6e6u75xmxt8.cloudfront.net\/2\/2021\/02\/Multi-fuel-stove.jpg 567w, https:\/\/d2p6e6u75xmxt8.cloudfront.net\/2\/2021\/02\/Multi-fuel-stove-300x221.jpg 300w\" alt=\"Multi-fuel stove\" width=\"567\" height=\"418\" data-was-processed=\"true\" \/><figcaption id=\"caption-attachment-181630\" class=\"wp-caption-text\">Kuchenki wielopaliwowe \u015bwietnie sprawdzaj\u0105 si\u0119 podczas wielkich wypraw, ale zazwyczaj s\u0105 ci\u0119\u017ckie i du\u017ce<\/figcaption><\/figure>\n<h2><strong>Kuchenki na naboje<\/strong><\/h2>\n<p>Ten rodzaj kuchenek wykorzystuje naboje zawieraj\u0105ce gaz (butan, propan, mieszank\u0119 tych dw\u00f3ch). S\u0105 one bardzo \u0142atwe w u\u017cyciu. Je\u015bli rozejrzysz si\u0119 po kempingach, zobaczysz, \u017ce wi\u0119kszo\u015b\u0107 ludzi z nich korzysta. S\u0105 czyste, poniewa\u017c nie maj\u0105 kontaktu z paliwem, i lekkie, m\u00f3j Optimus Crux Light wa\u017cy oko\u0142o 72 g. Mo\u017cesz r\u00f3wnie\u017c wybra\u0107 rozmiar wk\u0142adu dopasowany do d\u0142ugo\u015bci i oraz specyfiki swojej podr\u00f3\u017cy. Do bikepackingu mam jeden wk\u0142ad, kt\u00f3ry wa\u017cy mniej ni\u017c 200 g, a drugi, wa\u017c\u0105cy prawie 500 g, wo\u017c\u0119 w moim vanie.<\/p>\n<p>Je\u015bli je\u017cd\u017c\u0119 na rowerze po kraju lub podr\u00f3\u017cuj\u0119 samochodem, te kuchenki s\u0105 moimi ulubionymi. Je\u015bli podr\u00f3\u017cuj\u0119 samolotem, stanowi\u0105 pewien problem. Nie mog\u0119 wsi\u0105\u015b\u0107 na pok\u0142ad z wk\u0142adem, a nie chc\u0119 ryzykowa\u0107 utraty czasu w miejscu docelowym, szukaj\u0105c sklepu, kt\u00f3ry je sprzedaje. Ponadto w wietrznych miejscach trudno z nich korzysta\u0107, wi\u0119c zastosowanie przedniej os\u0142ony to dobry pomys\u0142 (wi\u0119cej o akcesoriach poni\u017cej). Wci\u0105\u017c pami\u0119tam, jak d\u0142ugo gotowa\u0142a si\u0119 woda na makaron, kiedy je\u017adzi\u0142em po zachodnim wybrze\u017cu Irlandii.<\/p>\n<figure id=\"attachment_181631\" aria-describedby=\"caption-attachment-181631\" style=\"width: 1022px\" class=\"wp-caption alignnone\"><img loading=\"lazy\" decoding=\"async\" class=\"loading wp-image-181631 size-full\" src=\"https:\/\/d2p6e6u75xmxt8.cloudfront.net\/2\/2021\/02\/cartridge-stove.jpg\" sizes=\"auto, (max-width: 1022px) 100vw, 1022px\" srcset=\"https:\/\/d2p6e6u75xmxt8.cloudfront.net\/2\/2021\/02\/cartridge-stove.jpg 1022w, https:\/\/d2p6e6u75xmxt8.cloudfront.net\/2\/2021\/02\/cartridge-stove-300x200.jpg 300w, https:\/\/d2p6e6u75xmxt8.cloudfront.net\/2\/2021\/02\/cartridge-stove-768x512.jpg 768w, https:\/\/d2p6e6u75xmxt8.cloudfront.net\/2\/2021\/02\/cartridge-stove-272x182.jpg 272w\" alt=\"Cartridge stove\" width=\"1022\" height=\"681\" data-was-processed=\"true\" \/><figcaption id=\"caption-attachment-181631\" class=\"wp-caption-text\">Kuchenki na naboje s\u0105 \u0142atwe w obs\u0142udze i lekkie<\/figcaption><\/figure>\n<h2><strong>Kuchenki spirytusowe<\/strong><\/h2>\n<p>Je\u015bli podr\u00f3\u017cujesz samolotem do miejsca docelowego, bardzo dobrym rozwi\u0105zaniem jest kuchenka spirytusowa, poniewa\u017c wszystko, czego potrzebujesz, to p\u0142yn zawieraj\u0105cy ponad 70% alkoholu. Mo\u017cna go kupi\u0107 zaraz po przyje\u017adzie w wielu miejscach, takich jak supermarkety, apteki lub sklepy z narz\u0119dziami. Jak podano na stronie internetowej Trangia, prawdopodobnie najbardziej znanego producenta piec\u00f3w spirytusowych, jest to tania, bezpieczna i \u0142atwo dost\u0119pna opcja. Firma istnieje od 1925 roku, wi\u0119c my\u015bl\u0119, \u017ce znaj\u0105 si\u0119 na rzeczy. To, co przeszkadza mi w tym sposobie gotowania, to to, \u017ce musz\u0119 pami\u0119ta\u0107 o dodatkowej butelce do przewo\u017cenia alkoholu. Za\u015b to, co mi si\u0119 podoba, to fakt, \u017ce nie potrzebuj\u0119 \u017cadnego sprz\u0119tu, mog\u0119 u\u017cy\u0107 puszki po piwie lub innym napoju. W internecie jest wiele samouczk\u00f3w.<\/p>\n<figure id=\"attachment_181632\" aria-describedby=\"caption-attachment-181632\" style=\"width: 650px\" class=\"wp-caption alignnone\"><img loading=\"lazy\" decoding=\"async\" class=\"loading wp-image-181632 size-full\" src=\"https:\/\/d2p6e6u75xmxt8.cloudfront.net\/2\/2021\/02\/DYI-stove.jpg\" sizes=\"auto, (max-width: 650px) 100vw, 650px\" srcset=\"https:\/\/d2p6e6u75xmxt8.cloudfront.net\/2\/2021\/02\/DYI-stove.jpg 650w, https:\/\/d2p6e6u75xmxt8.cloudfront.net\/2\/2021\/02\/DYI-stove-300x200.jpg 300w, https:\/\/d2p6e6u75xmxt8.cloudfront.net\/2\/2021\/02\/DYI-stove-272x182.jpg 272w\" alt=\"DIY stove\" width=\"650\" height=\"433\" data-was-processed=\"true\" \/><figcaption id=\"caption-attachment-181632\" class=\"wp-caption-text\">Kuchenki na spirytus s\u0105 moimi ulubionymi podczas podr\u00f3\u017cy mi\u0119dzynarodowych i mo\u017cna je zrobi\u0107 samemu z puszek po napojach<\/figcaption><\/figure>\n<h2><strong>Kuchenki na drewno<\/strong><\/h2>\n<p>Te kuchenki s\u0105 tanie i minimalistyczne, a wszystko, czego potrzebujesz, to troch\u0119 drewna. Z drugiej strony gotowanie trwa d\u0142u\u017cej i nie wsz\u0119dzie mo\u017cna rozpali\u0107 ogie\u0144. Te kuchenki daj\u0105 wra\u017cenie przytulno\u015bci i pasuj\u0105 do zdj\u0119\u0107, ale moim zdaniem maj\u0105 ograniczone zastosowanie. Cz\u0119sto latem z przyjaci\u00f3\u0142mi je\u017adzimy kilka kilometr\u00f3w poza Prag\u0119 i sp\u0119dzamy noc na wzg\u00f3rzach. Z tej okazji korzystamy z kuchenki opalanej drewnem, poniewa\u017c tworzy to wspania\u0142\u0105 atmosfer\u0119. Mam Oakvue kupion\u0105 na Amazonie.<\/p>\n<figure id=\"attachment_181633\" aria-describedby=\"caption-attachment-181633\" style=\"width: 1024px\" class=\"wp-caption alignnone\"><img loading=\"lazy\" decoding=\"async\" class=\"loading wp-image-181633 size-large\" src=\"https:\/\/d2p6e6u75xmxt8.cloudfront.net\/2\/2021\/02\/firestove-1024x840.jpg\" sizes=\"auto, (max-width: 1024px) 100vw, 1024px\" srcset=\"https:\/\/d2p6e6u75xmxt8.cloudfront.net\/2\/2021\/02\/firestove-1024x840.jpg 1024w, https:\/\/d2p6e6u75xmxt8.cloudfront.net\/2\/2021\/02\/firestove-300x246.jpg 300w, https:\/\/d2p6e6u75xmxt8.cloudfront.net\/2\/2021\/02\/firestove-768x630.jpg 768w, https:\/\/d2p6e6u75xmxt8.cloudfront.net\/2\/2021\/02\/firestove.jpg 1296w\" alt=\"Wood-burning stove\" width=\"1024\" height=\"840\" data-was-processed=\"true\" \/><figcaption id=\"caption-attachment-181633\" class=\"wp-caption-text\">Kuchenki na drewno to moi najlepsi przyjaciele na Instagramie<\/figcaption><\/figure>\n<h2><strong>Akcesoria<\/strong><\/h2>\n<h2><strong>Zestaw do gotowania<\/strong><\/h2>\n<p>Kiedy masz kuchenk\u0119, potrzebujesz r\u00f3wnie\u017c zestawu do gotowania. Na szcz\u0119\u015bcie prawie ka\u017cdy producent kuchenek ma je w sprzeda\u017cy. Moja zasada jest taka, \u017ce zestaw musi si\u0119 zmie\u015bci\u0107 do torby na przednim widelcu, o czym wspomina\u0142em w poprzednim artykule.<\/p>\n<figure id=\"attachment_181634\" aria-describedby=\"caption-attachment-181634\" style=\"width: 910px\" class=\"wp-caption alignnone\"><img loading=\"lazy\" decoding=\"async\" class=\"loading wp-image-181634 size-full\" src=\"https:\/\/d2p6e6u75xmxt8.cloudfront.net\/2\/2021\/02\/Cooking-set.jpg\" sizes=\"auto, (max-width: 910px) 100vw, 910px\" srcset=\"https:\/\/d2p6e6u75xmxt8.cloudfront.net\/2\/2021\/02\/Cooking-set.jpg 910w, https:\/\/d2p6e6u75xmxt8.cloudfront.net\/2\/2021\/02\/Cooking-set-300x225.jpg 300w, https:\/\/d2p6e6u75xmxt8.cloudfront.net\/2\/2021\/02\/Cooking-set-768x577.jpg 768w\" alt=\"Cooking set\" width=\"910\" height=\"684\" data-was-processed=\"true\" \/><figcaption id=\"caption-attachment-181634\" class=\"wp-caption-text\">Moja zasada jest taka, \u017ce \u200b\u200bzestaw do gotowania musi zmie\u015bci\u0107 si\u0119 w torbie na widelcu<\/figcaption><\/figure>\n<h2><strong>Przednia os\u0142ona<\/strong><\/h2>\n<p>Szczeg\u00f3lnie w przypadku kuchenek nabojowych przednia os\u0142ona bywa przydatna (cho\u0107 nie konieczna), poniewa\u017c p\u0142omie\u0144 jest wystawiony na dzia\u0142anie wiatru. Dost\u0119pnych jest wiele przednich os\u0142on, w tym te wykonane samodzielnie z puszki. Ja wol\u0119 nie zabiera\u0107 jej ze sob\u0105, aby zaoszcz\u0119dzi\u0107 miejsce, chyba \u017ce wiatr jest naprawd\u0119 silny (Irlandia, Europa P\u00f3\u0142nocna, przeja\u017cd\u017cki po wybrze\u017cu).<\/p>\n<h2><strong>Piersi\u00f3wka<\/strong><\/h2>\n<p>Od czasu do czasu lubi\u0119 wznie\u015b\u0107 toast z przyjaci\u00f3\u0142mi przed snem. Na przyk\u0142ad kiedy \u015bwi\u0119tujemy czyje\u015b urodziny, szczeg\u00f3lne osi\u0105gni\u0119cia lub po prostu \u015bwietny wyjazd, kt\u00f3ry dobieg\u0142 ko\u0144ca. Wi\u0119c je\u015bli mam miejsce, zabieram swoj\u0105 piersi\u00f3wk\u0119 (pe\u0142n\u0105 rumu lub grappy) firmy Cascada. Oczywi\u015bcie na rynku jest wiele r\u00f3\u017cnych rozmiar\u00f3w i kszta\u0142t\u00f3w.<\/p>\n<h2><img loading=\"lazy\" decoding=\"async\" class=\"alignnone size-full wp-image-181635 loading\" src=\"https:\/\/d2p6e6u75xmxt8.cloudfront.net\/2\/2021\/02\/Flask.jpg\" sizes=\"auto, (max-width: 1000px) 100vw, 1000px\" srcset=\"https:\/\/d2p6e6u75xmxt8.cloudfront.net\/2\/2021\/02\/Flask.jpg 1000w, https:\/\/d2p6e6u75xmxt8.cloudfront.net\/2\/2021\/02\/Flask-300x255.jpg 300w, https:\/\/d2p6e6u75xmxt8.cloudfront.net\/2\/2021\/02\/Flask-768x653.jpg 768w\" alt=\"Flask\" width=\"1000\" height=\"850\" data-was-processed=\"true\" \/><\/h2>\n<h2><strong>Parzenie kawy<\/strong><\/h2>\n<p>Robienie kawy to element kultury bikepackingu i bardzo wa\u017cny rytua\u0142. Istnieje wiele sposob\u00f3w na wypicie fili\u017canki kawy na hamaku lub przy namiocie, w otoczeniu pi\u0119knej przyrody. Najprostsze jest zalanie wod\u0105 kawy rozpuszczalnej. Nie jest to idealne rozwi\u0105zanie, ale lepsze ni\u017c nic. \u015awietnym sposobem jest u\u017cycie w\u0142oskiej mokki. Zajmuje du\u017co miejsca, ale to moje ulubione rozwi\u0105zanie na kr\u00f3tkie weekendowe wycieczki po okolicy.<\/p>\n<p>S\u0105 te\u017c bardziej wyrafinowane produkty do parzenia wysokiej jako\u015bci kawy, na przyk\u0142ad Aeropress Go (326 g) lub Nanopresso (336 g). Oba nie s\u0105 tanie, ale za to ma\u0142e i kawa jest bardzo smaczna.<\/p>\n<h2><strong>\u017bywno\u015b\u0107 gotowa do spo\u017cycia<\/strong><\/h2>\n<p>Poza gotowaniem zawsze mam te\u017c ze sob\u0105 gotowe od razu do spo\u017cycia jedzenie. Nie b\u0119d\u0119 m\u00f3wi\u0107 o batonach czy \u017celach, kt\u00f3re wszyscy znaj\u0105. Podziel\u0119 si\u0119 innymi wskaz\u00f3wkami dotycz\u0105cymi wysokoenergetycznych potraw, kt\u00f3re uwa\u017cam za bardzo przydatne. Szczeg\u00f3lnie podczas jazdy na ekstremalnych dystansach, takich jak na przyk\u0142ad Rando Imperator, kt\u00f3ry odbywa si\u0119 prawie ka\u017cdego maja. Polega on na przejechaniu co najmniej 350 km bez zatrzymywania si\u0119 przez Alpy bez wzgl\u0119du na pogod\u0119.<\/p>\n<p>Pochodz\u0119 z W\u0142och, a konkretnie z regionu Grana Padano. Wszyscy wiemy, \u017ce produkowany tutaj ser mo\u017ce da\u0107 niemal boskie moce. Wi\u0119c kiedy je\u017cd\u017c\u0119 na d\u0142ugich dystansach, zawsze mam przy sobie torb\u0119 z kostkami Grana.<\/p>\n<p>Ponadto zawsze wo\u017c\u0119 suszone mi\u0119so. Jest doskona\u0142ym \u017ar\u00f3d\u0142em bia\u0142ka, \u015bwietnie smakuje i jest \u0142atwe w transporcie. Najlepiej by\u0142oby przygotowa\u0107 je samemu, ale jest ju\u017c coraz wi\u0119cej produkuj\u0105cych je marek, poniewa\u017c takie mi\u0119so staje si\u0119 coraz bardziej popularne. Ja swoje kupuj\u0119 niedaleko mojego sklepu w Pradze, ale jest te\u017c dystrybuowane w ca\u0142ej Europie.<\/p>\n<p>I wreszcie, zawsze mam ze sob\u0105 orzechy i suszone owoce. S\u0105 niezb\u0119dnym po\u017cywieniem dla rowerzyst\u00f3w. Jedynym problemem, jaki z tym mam, jest to, \u017ce jedz\u0105c je przez ca\u0142y dzie\u0144, mam ich do\u015b\u0107, a kiedy w gardle mam sucho, bardzo kaszl\u0119. W takich przypadkach wracam do sera Grana Padano i suszonego mi\u0119sa.<\/p>\n<p>Mam nadziej\u0119, \u017ce pomog\u0142em Ci podj\u0105\u0107 decyzj\u0119 co do wyboru odpowiedniej kuchenki, a moje propozycje gotowego menu przypad\u0142y Ci do gustu.<\/p>\n<p><span data-sheets-value=\"{&quot;1&quot;:2,&quot;2&quot;:&quot;Artyku\u0142 powsta\u0142 we wsp\u00f3\u0142pracy ze skoda-auto.pl&quot;}\" data-sheets-userformat=\"{&quot;2&quot;:1,&quot;3&quot;:{&quot;1&quot;:0}}\" data-sheets-hyperlink=\"http:\/\/www.skoda-auto.pl\/\"><a class=\"in-cell-link\" href=\"http:\/\/www.skoda-auto.pl\/\" target=\"_blank\" rel=\"noopener noreferrer\">Artyku\u0142 powsta\u0142 we wsp\u00f3\u0142pracy ze skoda-auto.pl<\/a><\/span><\/p>\n<p>&nbsp;<\/p>\n<p><a href=\"https:\/\/www.skoda-auto.pl\/modele\/kodiaq\"><img loading=\"lazy\" decoding=\"async\" class=\"size-full wp-image-11327 aligncenter\" src=\"https:\/\/d2p6e6u75xmxt8.cloudfront.net\/5\/2021\/12\/baner-WLC.jpg\" alt=\"\" width=\"640\" height=\"350\" srcset=\"https:\/\/d2p6e6u75xmxt8.cloudfront.net\/5\/2021\/12\/baner-WLC.jpg 640w, https:\/\/d2p6e6u75xmxt8.cloudfront.net\/5\/2021\/12\/baner-WLC-300x164.jpg 300w\" sizes=\"auto, (max-width: 640px) 100vw, 640px\" \/><\/a><\/p>\n<p>&nbsp;<\/p>\n","protected":false},"excerpt":{"rendered":"<p>Kiedy by\u0142em m\u0142ody, zawsze by\u0142em w 100% samowystarczalny dzi\u0119ki braniu ze sob\u0105 jedzenia na wycieczki rowerowe. Unika\u0142em wydawania pieni\u0119dzy i [&hellip;]<\/p>\n","protected":false},"author":125,"featured_media":11546,"comment_status":"open","ping_status":"open","sticky":false,"template":"","format":"standard","meta":{"footnotes":""},"categories":[5],"tags":[],"global-categories":[303],"class_list":["post-11545","post","type-post","status-publish","format-standard","has-post-thumbnail","hentry","category-outdoormtb","global-categories-cycling"],"yoast_head":"<!-- This site is optimized with the Yoast SEO Premium plugin v25.3 (Yoast SEO v25.9) - https:\/\/yoast.com\/wordpress\/plugins\/seo\/ -->\n<title>Wskaz\u00f3wki dotycz\u0105ce bikepackingu: gotowanie i jedzenie - \u0160koda We Love Cycling - Poland<\/title>\n<meta name=\"description\" content=\"Kiedy by\u0142em m\u0142ody, zawsze by\u0142em w 100% samowystarczalny dzi\u0119ki braniu ze sob\u0105 jedzenia na wycieczki rowerowe. Unika\u0142em wydawania pieni\u0119dzy i by\u0142em bardzo dumny z tego, \u017ce potrafi\u0119 si\u0119 wy\u017cywi\u0107 tym, co znalaz\u0142em i ugotowa\u0142em. Obecnie my\u015bl\u0119 ju\u017c nieco inaczej. Lubi\u0119 \u0142\u0105czy\u0107 swoje do\u015bwiadczenia, widz\u0119 wi\u0119cej odcieni w \u015bwiecie i pokocha\u0142em jedzenie oraz napoje. Tak wi\u0119c je\u015bli chodzi o sprz\u0119t do gotowania i od\u017cywianie, moje planowanie sta\u0142o si\u0119 bardzo przemy\u015blane, dok\u0142adnie tak samo jak w przypadku sprz\u0119tu technicznego. Podziel\u0119 si\u0119 moimi wnioskami w tym temacie.\" \/>\n<meta name=\"robots\" content=\"index, follow, max-snippet:-1, max-image-preview:large, max-video-preview:-1\" \/>\n<link rel=\"canonical\" href=\"https:\/\/www.welovecycling.com\/pl\/2021\/03\/05\/wskazowki-dotyczace-bikepackingu-gotowanie-i-jedzenie\/\" \/>\n<meta property=\"og:locale\" content=\"pl_PL\" \/>\n<meta property=\"og:type\" content=\"article\" \/>\n<meta property=\"og:title\" content=\"Wskaz\u00f3wki dotycz\u0105ce bikepackingu: gotowanie i jedzenie\" \/>\n<meta property=\"og:description\" content=\"Kiedy by\u0142em m\u0142ody, zawsze by\u0142em w 100% samowystarczalny dzi\u0119ki braniu ze sob\u0105 jedzenia na wycieczki rowerowe. Unika\u0142em wydawania pieni\u0119dzy i by\u0142em bardzo dumny z tego, \u017ce potrafi\u0119 si\u0119 wy\u017cywi\u0107 tym, co znalaz\u0142em i ugotowa\u0142em. Obecnie my\u015bl\u0119 ju\u017c nieco inaczej. Lubi\u0119 \u0142\u0105czy\u0107 swoje do\u015bwiadczenia, widz\u0119 wi\u0119cej odcieni w \u015bwiecie i pokocha\u0142em jedzenie oraz napoje. Tak wi\u0119c je\u015bli chodzi o sprz\u0119t do gotowania i od\u017cywianie, moje planowanie sta\u0142o si\u0119 bardzo przemy\u015blane, dok\u0142adnie tak samo jak w przypadku sprz\u0119tu technicznego. Podziel\u0119 si\u0119 moimi wnioskami w tym temacie.\" \/>\n<meta property=\"og:url\" content=\"https:\/\/www.welovecycling.com\/pl\/2021\/03\/05\/wskazowki-dotyczace-bikepackingu-gotowanie-i-jedzenie\/\" \/>\n<meta property=\"og:site_name\" content=\"\u0160koda We Love Cycling - Poland\" \/>\n<meta property=\"article:published_time\" content=\"2021-03-05T13:07:29+00:00\" \/>\n<meta property=\"article:modified_time\" content=\"2021-03-05T13:08:49+00:00\" \/>\n<meta property=\"og:image\" content=\"https:\/\/d2p6e6u75xmxt8.cloudfront.net\/5\/2021\/03\/Camp-bikepacking-CVR-1024x450-1.jpg\" \/>\n\t<meta property=\"og:image:width\" content=\"1024\" \/>\n\t<meta property=\"og:image:height\" content=\"450\" \/>\n\t<meta property=\"og:image:type\" content=\"image\/jpeg\" \/>\n<meta name=\"author\" content=\"oktawiamikulska\" \/>\n<meta name=\"twitter:card\" content=\"summary_large_image\" \/>\n<meta name=\"twitter:label1\" content=\"Written by\" \/>\n\t<meta name=\"twitter:data1\" content=\"Filippo Mari\" \/>\n\t<meta name=\"twitter:label2\" content=\"Est. reading time\" \/>\n\t<meta name=\"twitter:data2\" content=\"7 minutes\" \/>\n<script type=\"application\/ld+json\" class=\"yoast-schema-graph\">{\"@context\":\"https:\/\/schema.org\",\"@graph\":[{\"@type\":\"WebPage\",\"@id\":\"https:\/\/www.welovecycling.com\/pl\/2021\/03\/05\/wskazowki-dotyczace-bikepackingu-gotowanie-i-jedzenie\/\",\"url\":\"https:\/\/www.welovecycling.com\/pl\/2021\/03\/05\/wskazowki-dotyczace-bikepackingu-gotowanie-i-jedzenie\/\",\"name\":\"Wskaz\u00f3wki dotycz\u0105ce bikepackingu: gotowanie i jedzenie - \u0160koda We Love Cycling - Poland\",\"isPartOf\":{\"@id\":\"https:\/\/www.welovecycling.com\/pl\/#website\"},\"primaryImageOfPage\":{\"@id\":\"https:\/\/www.welovecycling.com\/pl\/2021\/03\/05\/wskazowki-dotyczace-bikepackingu-gotowanie-i-jedzenie\/#primaryimage\"},\"image\":{\"@id\":\"https:\/\/www.welovecycling.com\/pl\/2021\/03\/05\/wskazowki-dotyczace-bikepackingu-gotowanie-i-jedzenie\/#primaryimage\"},\"thumbnailUrl\":\"https:\/\/d2p6e6u75xmxt8.cloudfront.net\/5\/2021\/03\/Camp-bikepacking-CVR-1024x450-1.jpg\",\"datePublished\":\"2021-03-05T13:07:29+00:00\",\"dateModified\":\"2021-03-05T13:08:49+00:00\",\"author\":{\"@id\":\"https:\/\/www.welovecycling.com\/pl\/#\/schema\/person\/4a79bac7bd265aa6a35a1079d36648be\"},\"description\":\"Kiedy by\u0142em m\u0142ody, zawsze by\u0142em w 100% samowystarczalny dzi\u0119ki braniu ze sob\u0105 jedzenia na wycieczki rowerowe. Unika\u0142em wydawania pieni\u0119dzy i by\u0142em bardzo dumny z tego, \u017ce potrafi\u0119 si\u0119 wy\u017cywi\u0107 tym, co znalaz\u0142em i ugotowa\u0142em. Obecnie my\u015bl\u0119 ju\u017c nieco inaczej. Lubi\u0119 \u0142\u0105czy\u0107 swoje do\u015bwiadczenia, widz\u0119 wi\u0119cej odcieni w \u015bwiecie i pokocha\u0142em jedzenie oraz napoje. Tak wi\u0119c je\u015bli chodzi o sprz\u0119t do gotowania i od\u017cywianie, moje planowanie sta\u0142o si\u0119 bardzo przemy\u015blane, dok\u0142adnie tak samo jak w przypadku sprz\u0119tu technicznego. Podziel\u0119 si\u0119 moimi wnioskami w tym temacie.\",\"breadcrumb\":{\"@id\":\"https:\/\/www.welovecycling.com\/pl\/2021\/03\/05\/wskazowki-dotyczace-bikepackingu-gotowanie-i-jedzenie\/#breadcrumb\"},\"inLanguage\":\"pl-PL\",\"potentialAction\":[{\"@type\":\"ReadAction\",\"target\":[\"https:\/\/www.welovecycling.com\/pl\/2021\/03\/05\/wskazowki-dotyczace-bikepackingu-gotowanie-i-jedzenie\/\"]}]},{\"@type\":\"ImageObject\",\"inLanguage\":\"pl-PL\",\"@id\":\"https:\/\/www.welovecycling.com\/pl\/2021\/03\/05\/wskazowki-dotyczace-bikepackingu-gotowanie-i-jedzenie\/#primaryimage\",\"url\":\"https:\/\/d2p6e6u75xmxt8.cloudfront.net\/5\/2021\/03\/Camp-bikepacking-CVR-1024x450-1.jpg\",\"contentUrl\":\"https:\/\/d2p6e6u75xmxt8.cloudfront.net\/5\/2021\/03\/Camp-bikepacking-CVR-1024x450-1.jpg\",\"width\":1024,\"height\":450},{\"@type\":\"BreadcrumbList\",\"@id\":\"https:\/\/www.welovecycling.com\/pl\/2021\/03\/05\/wskazowki-dotyczace-bikepackingu-gotowanie-i-jedzenie\/#breadcrumb\",\"itemListElement\":[{\"@type\":\"ListItem\",\"position\":1,\"name\":\"Home\",\"item\":\"https:\/\/www.welovecycling.com\/pl\/\"},{\"@type\":\"ListItem\",\"position\":2,\"name\":\"Wskaz\u00f3wki dotycz\u0105ce bikepackingu: gotowanie i jedzenie\"}]},{\"@type\":\"WebSite\",\"@id\":\"https:\/\/www.welovecycling.com\/pl\/#website\",\"url\":\"https:\/\/www.welovecycling.com\/pl\/\",\"name\":\"\u0160koda We Love Cycling - Poland\",\"description\":\"\",\"potentialAction\":[{\"@type\":\"SearchAction\",\"target\":{\"@type\":\"EntryPoint\",\"urlTemplate\":\"https:\/\/www.welovecycling.com\/pl\/?s={search_term_string}\"},\"query-input\":{\"@type\":\"PropertyValueSpecification\",\"valueRequired\":true,\"valueName\":\"search_term_string\"}}],\"inLanguage\":\"pl-PL\"},{\"@type\":\"Person\",\"@id\":\"https:\/\/www.welovecycling.com\/pl\/#\/schema\/person\/4a79bac7bd265aa6a35a1079d36648be\",\"name\":\"oktawiamikulska\",\"image\":{\"@type\":\"ImageObject\",\"inLanguage\":\"pl-PL\",\"@id\":\"https:\/\/www.welovecycling.com\/pl\/#\/schema\/person\/image\/\",\"url\":\"https:\/\/secure.gravatar.com\/avatar\/b97a3f44e2de6d2f8dd358975937e49823662e12cbd810b9d1a2bff1c149e8a7?s=96&d=mm&r=g\",\"contentUrl\":\"https:\/\/secure.gravatar.com\/avatar\/b97a3f44e2de6d2f8dd358975937e49823662e12cbd810b9d1a2bff1c149e8a7?s=96&d=mm&r=g\",\"caption\":\"oktawiamikulska\"},\"url\":\"https:\/\/www.welovecycling.com\/pl\/author\/oktawiamikulska\/\"}]}<\/script>\n<!-- \/ Yoast SEO Premium plugin. -->","yoast_head_json":{"title":"Wskaz\u00f3wki dotycz\u0105ce bikepackingu: gotowanie i jedzenie - \u0160koda We Love Cycling - Poland","description":"Kiedy by\u0142em m\u0142ody, zawsze by\u0142em w 100% samowystarczalny dzi\u0119ki braniu ze sob\u0105 jedzenia na wycieczki rowerowe. Unika\u0142em wydawania pieni\u0119dzy i by\u0142em bardzo dumny z tego, \u017ce potrafi\u0119 si\u0119 wy\u017cywi\u0107 tym, co znalaz\u0142em i ugotowa\u0142em. Obecnie my\u015bl\u0119 ju\u017c nieco inaczej. Lubi\u0119 \u0142\u0105czy\u0107 swoje do\u015bwiadczenia, widz\u0119 wi\u0119cej odcieni w \u015bwiecie i pokocha\u0142em jedzenie oraz napoje. Tak wi\u0119c je\u015bli chodzi o sprz\u0119t do gotowania i od\u017cywianie, moje planowanie sta\u0142o si\u0119 bardzo przemy\u015blane, dok\u0142adnie tak samo jak w przypadku sprz\u0119tu technicznego. Podziel\u0119 si\u0119 moimi wnioskami w tym temacie.","robots":{"index":"index","follow":"follow","max-snippet":"max-snippet:-1","max-image-preview":"max-image-preview:large","max-video-preview":"max-video-preview:-1"},"canonical":"https:\/\/www.welovecycling.com\/pl\/2021\/03\/05\/wskazowki-dotyczace-bikepackingu-gotowanie-i-jedzenie\/","og_locale":"pl_PL","og_type":"article","og_title":"Wskaz\u00f3wki dotycz\u0105ce bikepackingu: gotowanie i jedzenie","og_description":"Kiedy by\u0142em m\u0142ody, zawsze by\u0142em w 100% samowystarczalny dzi\u0119ki braniu ze sob\u0105 jedzenia na wycieczki rowerowe. Unika\u0142em wydawania pieni\u0119dzy i by\u0142em bardzo dumny z tego, \u017ce potrafi\u0119 si\u0119 wy\u017cywi\u0107 tym, co znalaz\u0142em i ugotowa\u0142em. Obecnie my\u015bl\u0119 ju\u017c nieco inaczej. Lubi\u0119 \u0142\u0105czy\u0107 swoje do\u015bwiadczenia, widz\u0119 wi\u0119cej odcieni w \u015bwiecie i pokocha\u0142em jedzenie oraz napoje. Tak wi\u0119c je\u015bli chodzi o sprz\u0119t do gotowania i od\u017cywianie, moje planowanie sta\u0142o si\u0119 bardzo przemy\u015blane, dok\u0142adnie tak samo jak w przypadku sprz\u0119tu technicznego. Podziel\u0119 si\u0119 moimi wnioskami w tym temacie.","og_url":"https:\/\/www.welovecycling.com\/pl\/2021\/03\/05\/wskazowki-dotyczace-bikepackingu-gotowanie-i-jedzenie\/","og_site_name":"\u0160koda We Love Cycling - Poland","article_published_time":"2021-03-05T13:07:29+00:00","article_modified_time":"2021-03-05T13:08:49+00:00","og_image":[{"width":1024,"height":450,"url":"https:\/\/d2p6e6u75xmxt8.cloudfront.net\/5\/2021\/03\/Camp-bikepacking-CVR-1024x450-1.jpg","type":"image\/jpeg"}],"author":"oktawiamikulska","twitter_card":"summary_large_image","twitter_misc":{"Written by":"Filippo Mari","Est. reading time":"7 minutes"},"schema":{"@context":"https:\/\/schema.org","@graph":[{"@type":"WebPage","@id":"https:\/\/www.welovecycling.com\/pl\/2021\/03\/05\/wskazowki-dotyczace-bikepackingu-gotowanie-i-jedzenie\/","url":"https:\/\/www.welovecycling.com\/pl\/2021\/03\/05\/wskazowki-dotyczace-bikepackingu-gotowanie-i-jedzenie\/","name":"Wskaz\u00f3wki dotycz\u0105ce bikepackingu: gotowanie i jedzenie - \u0160koda We Love Cycling - Poland","isPartOf":{"@id":"https:\/\/www.welovecycling.com\/pl\/#website"},"primaryImageOfPage":{"@id":"https:\/\/www.welovecycling.com\/pl\/2021\/03\/05\/wskazowki-dotyczace-bikepackingu-gotowanie-i-jedzenie\/#primaryimage"},"image":{"@id":"https:\/\/www.welovecycling.com\/pl\/2021\/03\/05\/wskazowki-dotyczace-bikepackingu-gotowanie-i-jedzenie\/#primaryimage"},"thumbnailUrl":"https:\/\/d2p6e6u75xmxt8.cloudfront.net\/5\/2021\/03\/Camp-bikepacking-CVR-1024x450-1.jpg","datePublished":"2021-03-05T13:07:29+00:00","dateModified":"2021-03-05T13:08:49+00:00","author":{"@id":"https:\/\/www.welovecycling.com\/pl\/#\/schema\/person\/4a79bac7bd265aa6a35a1079d36648be"},"description":"Kiedy by\u0142em m\u0142ody, zawsze by\u0142em w 100% samowystarczalny dzi\u0119ki braniu ze sob\u0105 jedzenia na wycieczki rowerowe. Unika\u0142em wydawania pieni\u0119dzy i by\u0142em bardzo dumny z tego, \u017ce potrafi\u0119 si\u0119 wy\u017cywi\u0107 tym, co znalaz\u0142em i ugotowa\u0142em. Obecnie my\u015bl\u0119 ju\u017c nieco inaczej. Lubi\u0119 \u0142\u0105czy\u0107 swoje do\u015bwiadczenia, widz\u0119 wi\u0119cej odcieni w \u015bwiecie i pokocha\u0142em jedzenie oraz napoje. Tak wi\u0119c je\u015bli chodzi o sprz\u0119t do gotowania i od\u017cywianie, moje planowanie sta\u0142o si\u0119 bardzo przemy\u015blane, dok\u0142adnie tak samo jak w przypadku sprz\u0119tu technicznego. Podziel\u0119 si\u0119 moimi wnioskami w tym temacie.","breadcrumb":{"@id":"https:\/\/www.welovecycling.com\/pl\/2021\/03\/05\/wskazowki-dotyczace-bikepackingu-gotowanie-i-jedzenie\/#breadcrumb"},"inLanguage":"pl-PL","potentialAction":[{"@type":"ReadAction","target":["https:\/\/www.welovecycling.com\/pl\/2021\/03\/05\/wskazowki-dotyczace-bikepackingu-gotowanie-i-jedzenie\/"]}]},{"@type":"ImageObject","inLanguage":"pl-PL","@id":"https:\/\/www.welovecycling.com\/pl\/2021\/03\/05\/wskazowki-dotyczace-bikepackingu-gotowanie-i-jedzenie\/#primaryimage","url":"https:\/\/d2p6e6u75xmxt8.cloudfront.net\/5\/2021\/03\/Camp-bikepacking-CVR-1024x450-1.jpg","contentUrl":"https:\/\/d2p6e6u75xmxt8.cloudfront.net\/5\/2021\/03\/Camp-bikepacking-CVR-1024x450-1.jpg","width":1024,"height":450},{"@type":"BreadcrumbList","@id":"https:\/\/www.welovecycling.com\/pl\/2021\/03\/05\/wskazowki-dotyczace-bikepackingu-gotowanie-i-jedzenie\/#breadcrumb","itemListElement":[{"@type":"ListItem","position":1,"name":"Home","item":"https:\/\/www.welovecycling.com\/pl\/"},{"@type":"ListItem","position":2,"name":"Wskaz\u00f3wki dotycz\u0105ce bikepackingu: gotowanie i jedzenie"}]},{"@type":"WebSite","@id":"https:\/\/www.welovecycling.com\/pl\/#website","url":"https:\/\/www.welovecycling.com\/pl\/","name":"\u0160koda We Love Cycling - Poland","description":"","potentialAction":[{"@type":"SearchAction","target":{"@type":"EntryPoint","urlTemplate":"https:\/\/www.welovecycling.com\/pl\/?s={search_term_string}"},"query-input":{"@type":"PropertyValueSpecification","valueRequired":true,"valueName":"search_term_string"}}],"inLanguage":"pl-PL"},{"@type":"Person","@id":"https:\/\/www.welovecycling.com\/pl\/#\/schema\/person\/4a79bac7bd265aa6a35a1079d36648be","name":"oktawiamikulska","image":{"@type":"ImageObject","inLanguage":"pl-PL","@id":"https:\/\/www.welovecycling.com\/pl\/#\/schema\/person\/image\/","url":"https:\/\/secure.gravatar.com\/avatar\/b97a3f44e2de6d2f8dd358975937e49823662e12cbd810b9d1a2bff1c149e8a7?s=96&d=mm&r=g","contentUrl":"https:\/\/secure.gravatar.com\/avatar\/b97a3f44e2de6d2f8dd358975937e49823662e12cbd810b9d1a2bff1c149e8a7?s=96&d=mm&r=g","caption":"oktawiamikulska"},"url":"https:\/\/www.welovecycling.com\/pl\/author\/oktawiamikulska\/"}]}},"_links":{"self":[{"href":"https:\/\/www.welovecycling.com\/pl\/wp-json\/wp\/v2\/posts\/11545","targetHints":{"allow":["GET"]}}],"collection":[{"href":"https:\/\/www.welovecycling.com\/pl\/wp-json\/wp\/v2\/posts"}],"about":[{"href":"https:\/\/www.welovecycling.com\/pl\/wp-json\/wp\/v2\/types\/post"}],"author":[{"embeddable":true,"href":"https:\/\/www.welovecycling.com\/pl\/wp-json\/wp\/v2\/users\/125"}],"replies":[{"embeddable":true,"href":"https:\/\/www.welovecycling.com\/pl\/wp-json\/wp\/v2\/comments?post=11545"}],"version-history":[{"count":2,"href":"https:\/\/www.welovecycling.com\/pl\/wp-json\/wp\/v2\/posts\/11545\/revisions"}],"predecessor-version":[{"id":11548,"href":"https:\/\/www.welovecycling.com\/pl\/wp-json\/wp\/v2\/posts\/11545\/revisions\/11548"}],"wp:featuredmedia":[{"embeddable":true,"href":"https:\/\/www.welovecycling.com\/pl\/wp-json\/wp\/v2\/media\/11546"}],"wp:attachment":[{"href":"https:\/\/www.welovecycling.com\/pl\/wp-json\/wp\/v2\/media?parent=11545"}],"wp:term":[{"taxonomy":"category","embeddable":true,"href":"https:\/\/www.welovecycling.com\/pl\/wp-json\/wp\/v2\/categories?post=11545"},{"taxonomy":"post_tag","embeddable":true,"href":"https:\/\/www.welovecycling.com\/pl\/wp-json\/wp\/v2\/tags?post=11545"},{"taxonomy":"global-categories","embeddable":true,"href":"https:\/\/www.welovecycling.com\/pl\/wp-json\/wp\/v2\/global-categories?post=11545"}],"curies":[{"name":"wp","href":"https:\/\/api.w.org\/{rel}","templated":true}]}}