{"id":11527,"date":"2021-03-01T14:27:51","date_gmt":"2021-03-01T14:27:51","guid":{"rendered":"https:\/\/www.welovecycling.com\/pl\/?p=11527"},"modified":"2021-03-01T14:27:51","modified_gmt":"2021-03-01T14:27:51","slug":"wygrana-w-tour-de-france-zobowiazuje-pogacar-nie-zwalnia","status":"publish","type":"post","link":"https:\/\/www.welovecycling.com\/pl\/2021\/03\/01\/wygrana-w-tour-de-france-zobowiazuje-pogacar-nie-zwalnia\/","title":{"rendered":"Wygrana w Tour de France zobowi\u0105zuje\u2026 Pogacar nie zwalnia!"},"content":{"rendered":"<p><strong>Tadej Pogacar (UAE Team Emirates) jak wrzuci\u0142 wy\u017cszy bieg podczas Tour de France, tak do dzi\u015b nie zwolni\u0142. S\u0142oweniec w\u0142a\u015bnie wygra\u0142 UAE Tour, pierwszy wy\u015bcig UCI World Tour 2021.<\/strong><\/p>\n<p>Je\u015bli kto\u015b zak\u0142ada\u0142, \u017ce ubieg\u0142y rok by\u0142 tylko wyskokiem 23-letniego S\u0142owe\u0144ca, to chyba powoli mo\u017ce weryfikowa\u0107 pogl\u0105dy. W 2020 r. Pogacar wygra\u0142 Wielk\u0105 P\u0119tl\u0119 i by\u0142 drugi w UAE Tour, a ten rok zacz\u0105\u0142 od zwyci\u0119stwa w\u0142a\u015bnie w Zjednoczonych Emiratach Arabskich.<\/p>\n<p>&#8211; Ten start by\u0142 dla naszej dru\u017cyny pierwszym powa\u017cnym celem na ten sezon, wi\u0119c tym bardziej ciesz\u0119 si\u0119 z sukcesu, a tak\u017ce ze swojej formy \u2013 podkre\u015bla\u0142 Pogacar, kt\u00f3ry na mecie zbiera\u0142 gratulacje od swojej ekipy.<\/p>\n<div class=\"embed-controller-wrapper\">\n<blockquote class=\"twitter-tweet\" data-width=\"500\" data-dnt=\"true\">\n<p lang=\"en\" dir=\"ltr\">It&#39;s the final! \ud83c\udfc6 \ud83c\udf89<\/p>\n<p>Congratulations to <a href=\"https:\/\/twitter.com\/TamauPogi?ref_src=twsrc%5Etfw\">@TamauPogi<\/a> who secures overall victory at the <a href=\"https:\/\/twitter.com\/uae_tour?ref_src=twsrc%5Etfw\">@uae_tour<\/a> \ud83c\udde6\ud83c\uddea!<a href=\"https:\/\/twitter.com\/hashtag\/UAETeamEmirates?src=hash&amp;ref_src=twsrc%5Etfw\">#UAETeamEmirates<\/a> <a href=\"https:\/\/twitter.com\/hashtag\/RideTogether?src=hash&amp;ref_src=twsrc%5Etfw\">#RideTogether<\/a> <a href=\"https:\/\/twitter.com\/hashtag\/UAETour?src=hash&amp;ref_src=twsrc%5Etfw\">#UAETour<\/a> <a href=\"https:\/\/t.co\/VvnzlrXvrb\">pic.twitter.com\/VvnzlrXvrb<\/a><\/p>\n<p>&mdash; @UAE-TeamEmirates (@TeamEmiratesUAE) <a href=\"https:\/\/twitter.com\/TeamEmiratesUAE\/status\/1365642275875921920?ref_src=twsrc%5Etfw\">February 27, 2021<\/a><\/p><\/blockquote>\n<p><script async data-src=\"https:\/\/platform.twitter.com\/widgets.js\" charset=\"utf-8\"><\/script><\/div>\n<p>S\u0142oweniec tylko po pierwszym etapie nie mia\u0142 czerwonej koszulki lidera, bo zgarn\u0105\u0142 j\u0105 Holender Mathieu van der Poel (Alpecin-Fenix). P\u00f3\u017aniej jednak Pogacar wzi\u0105\u0142 sprawy w swoje r\u0119ce i po je\u017adzie na czas by\u0142 ju\u017c na szczycie klasyfikacji generalnej. A gdy trzeciego dnia do\u0142o\u017cy\u0142 jeszcze etapowe zwyci\u0119stwo w g\u00f3rach, to nikt ju\u017c nie mia\u0142 w\u0105tpliwo\u015bci, \u017ce podczas UAE Tour bardzo trudno b\u0119dzie go pokona\u0107.<\/p>\n<p>Trzeba jednak przyzna\u0107, \u017ce z bardzo dobrej strony pokaza\u0142 si\u0119 r\u00f3wnie\u017c Irlandczyk Sam Bennet (Deceuninck-Quick-Step), kt\u00f3ry wygra\u0142 czwarty i sz\u00f3sty etap (pi\u0105ty pad\u0142 \u0142upem Du\u0144czyka Jonasa Vingegaarda z Jumbo-Visma). Z kolei za plecami Pogacara przez wi\u0119kszo\u015b\u0107 wy\u015bcigu czai\u0142 si\u0119 Adam Yates (Team Ineos), kt\u00f3ry przed ostatnim etapem mia\u0142 35 sekund straty do S\u0142owe\u0144ca. R\u00f3\u017cnica by\u0142aby jeszcze wi\u0119ksza, ale po pi\u0105tkowym \u015bciganiu Pogacar otrzyma\u0142 10 sekund kary. Pow\u00f3d? Na ko\u0144cowych metrach Jan Polanc, kolega S\u0142owe\u0144ca z zespo\u0142u, z\u0142ama\u0142 przepisy i pchn\u0105\u0142 go w plecy, co wychwycili s\u0119dziowie i ukarali obu zawodnik\u00f3w.<\/p>\n<p>Mimo tego Pogacar bez wi\u0119kszych problem\u00f3w dowi\u00f3z\u0142 pierwsze miejsce w klasyfikacji generalnej do mety, cho\u0107 ostatni etap wygra\u0142 Australijczyk Caleb Ewan (Lotto Soudal). A tak wygl\u0105da\u0142o to w minutowym skr\u00f3cie:<\/p>\n<div class=\"embed-controller-wrapper\">\n<blockquote class=\"twitter-tweet\" data-width=\"500\" data-dnt=\"true\">\n<p lang=\"und\" dir=\"rtl\">WATCH NOW: <a href=\"https:\/\/twitter.com\/hashtag\/UAETour?src=hash&amp;ref_src=twsrc%5Etfw\">#UAETour<\/a> 2021 &#8211; Yas Island Stage 7 Highlights<\/p>\n<p>\u0634\u0627\u0647\u062f \u0627\u0644\u0622\u0646 \u0623\u0628\u0631\u0632 \u0645\u0642\u062a\u0637\u0641\u0627\u062a \u0645\u0631\u062d\u0644\u0629 \u062c\u0632\u064a\u0631\u0629 \u064a\u0627\u0633 \u0627\u0644\u0633\u0627\u0628\u0639\u0629 \u0645\u0646 <a href=\"https:\/\/twitter.com\/hashtag\/%D8%B7%D9%88%D8%A7%D9%81_%D8%A7%D9%84%D8%A5%D9%85%D8%A7%D8%B1%D8%A7%D8%AA?src=hash&amp;ref_src=twsrc%5Etfw\">#\u0637\u0648\u0627\u0641_\u0627\u0644\u0625\u0645\u0627\u0631\u0627\u062a<\/a> <a href=\"https:\/\/t.co\/MH2go2OOzC\">pic.twitter.com\/MH2go2OOzC<\/a><\/p>\n<p>&mdash; UAE Tour Official (@uae_tour) <a href=\"https:\/\/twitter.com\/uae_tour\/status\/1365960862012493829?ref_src=twsrc%5Etfw\">February 28, 2021<\/a><\/p><\/blockquote>\n<p><script async data-src=\"https:\/\/platform.twitter.com\/widgets.js\" charset=\"utf-8\"><\/script><\/div>\n<p>&#8211; Mam nadziej\u0119, \u017ce to dobry prognostyk na ca\u0142y sezon, poniewa\u017c wi\u0105\u017ce z nim wiele powa\u017cnych plan\u00f3w. I w\u0142a\u015bnie dlatego to zwyci\u0119stwo jest dla mnie tak wa\u017cne \u2013 podkre\u015bla\u0142 Ewan na mecie.<\/p>\n<p>Z kolei Pogacar planuje teraz wyst\u0105pi\u0107 w jednodniowym wy\u015bcigu Strade Bianche (zaplanowany jest na 6 marca, cho\u0107 organizatorzy coraz bardziej obawiaj\u0105 si\u0119 pandemii koronawirusa), a dzie\u0144 p\u00f3\u017aniej ma si\u0119 rozpocz\u0105\u0107 rozgrzewka przed Tour de France, czyli tygodniowy wy\u015bcig Pary\u017c \u2013 Nicea, kt\u00f3rego tegoroczna trasa biegnie w ten spos\u00f3b:<\/p>\n<div class=\"embed-controller-wrapper\">\n<blockquote class=\"twitter-tweet\" data-width=\"500\" data-dnt=\"true\">\n<p lang=\"fr\" dir=\"ltr\">\u2600 Voici le parcours de la 7\u20e39\u20e3\u00e8me \u00e9dition de <a href=\"https:\/\/twitter.com\/hashtag\/ParisNice?src=hash&amp;ref_src=twsrc%5Etfw\">#ParisNice<\/a>\u00a0! <\/p>\n<p>\u2600 Here is the route of the 7\u20e39\u20e3th edition of <a href=\"https:\/\/twitter.com\/hashtag\/ParisNice?src=hash&amp;ref_src=twsrc%5Etfw\">#ParisNice<\/a>! <a href=\"https:\/\/t.co\/02IIKio3wu\">pic.twitter.com\/02IIKio3wu<\/a><\/p>\n<p>&mdash; Paris-Nice (@ParisNice) <a href=\"https:\/\/twitter.com\/ParisNice\/status\/1346767234346180608?ref_src=twsrc%5Etfw\">January 6, 2021<\/a><\/p><\/blockquote>\n<p><script async data-src=\"https:\/\/platform.twitter.com\/widgets.js\" charset=\"utf-8\"><\/script><\/div>\n<p>Zreszt\u0105 w marcu kibic\u00f3w kolarstwa czeka spora dawka emocji, bo rozegrany zostanie r\u00f3wnie\u017c Tirreno &#8211; Adriatico (10 &#8211; 16 marca), Mediolan &#8211; San Remo (20 marca), czy Wy\u015bcig Dooko\u0142a Katalonii (22 &#8211; 28 marca). Opr\u00f3cz tego pod koniec miesi\u0105ca w Belgii zaplanowano kilka wy\u015bcig\u00f3w jednodniowych w ramach UCI World Tour 2021.<\/p>\n<p>To wszystko oznacza, \u017ce kibice kolarstwa w wiosn\u0119 b\u0119d\u0105 mogli wjecha\u0107 z szerokim u\u015bmiechem na ustach!<\/p>\n<p>&nbsp;<\/p>\n","protected":false},"excerpt":{"rendered":"<p>Tadej Pogacar (UAE Team Emirates) jak wrzuci\u0142 wy\u017cszy bieg podczas Tour de France, tak do dzi\u015b nie zwolni\u0142. S\u0142oweniec w\u0142a\u015bnie [&hellip;]<\/p>\n","protected":false},"author":125,"featured_media":11531,"comment_status":"open","ping_status":"open","sticky":false,"template":"","format":"standard","meta":{"footnotes":""},"categories":[6,295],"tags":[],"global-categories":[303],"class_list":["post-11527","post","type-post","status-publish","format-standard","has-post-thumbnail","hentry","category-kolarstwo-szosowe","category-zawody","global-categories-cycling"],"yoast_head":"<!-- This site is optimized with the Yoast SEO Premium plugin v25.3 (Yoast SEO v25.9) - https:\/\/yoast.com\/wordpress\/plugins\/seo\/ -->\n<title>Wygrana w Tour de France zobowi\u0105zuje\u2026 Pogacar nie zwalnia! - \u0160koda We Love Cycling - Poland<\/title>\n<meta name=\"description\" content=\"Tadej Pogacar (UAE Team Emirates) jak wrzuci\u0142 wy\u017cszy bieg podczas Tour de France, tak do dzi\u015b nie zwolni\u0142. S\u0142oweniec w\u0142a\u015bnie wygra\u0142 UAE Tour, pierwszy wy\u015bcig UCI World Tour 2021.\" \/>\n<meta name=\"robots\" content=\"index, follow, max-snippet:-1, max-image-preview:large, max-video-preview:-1\" \/>\n<link rel=\"canonical\" href=\"https:\/\/www.welovecycling.com\/pl\/2021\/03\/01\/wygrana-w-tour-de-france-zobowiazuje-pogacar-nie-zwalnia\/\" \/>\n<meta property=\"og:locale\" content=\"pl_PL\" \/>\n<meta property=\"og:type\" content=\"article\" \/>\n<meta property=\"og:title\" content=\"Wygrana w Tour de France zobowi\u0105zuje\u2026 Pogacar nie zwalnia!\" \/>\n<meta property=\"og:description\" content=\"Tadej Pogacar (UAE Team Emirates) jak wrzuci\u0142 wy\u017cszy bieg podczas Tour de France, tak do dzi\u015b nie zwolni\u0142. S\u0142oweniec w\u0142a\u015bnie wygra\u0142 UAE Tour, pierwszy wy\u015bcig UCI World Tour 2021.\" \/>\n<meta property=\"og:url\" content=\"https:\/\/www.welovecycling.com\/pl\/2021\/03\/01\/wygrana-w-tour-de-france-zobowiazuje-pogacar-nie-zwalnia\/\" \/>\n<meta property=\"og:site_name\" content=\"\u0160koda We Love Cycling - Poland\" \/>\n<meta property=\"article:published_time\" content=\"2021-03-01T14:27:51+00:00\" \/>\n<meta property=\"og:image\" content=\"https:\/\/d2p6e6u75xmxt8.cloudfront.net\/5\/2021\/03\/Tour-de-Pologne-profimedia-0550145003-CVR-1024x450-1.jpg\" \/>\n\t<meta property=\"og:image:width\" content=\"1024\" \/>\n\t<meta property=\"og:image:height\" content=\"450\" \/>\n\t<meta property=\"og:image:type\" content=\"image\/jpeg\" \/>\n<meta name=\"author\" content=\"oktawiamikulska\" \/>\n<meta name=\"twitter:card\" content=\"summary_large_image\" \/>\n<meta name=\"twitter:label1\" content=\"Written by\" \/>\n\t<meta name=\"twitter:data1\" content=\"Piotr Jawor\" \/>\n\t<meta name=\"twitter:label2\" content=\"Est. reading time\" \/>\n\t<meta name=\"twitter:data2\" content=\"3 minutes\" \/>\n<script type=\"application\/ld+json\" class=\"yoast-schema-graph\">{\"@context\":\"https:\/\/schema.org\",\"@graph\":[{\"@type\":\"WebPage\",\"@id\":\"https:\/\/www.welovecycling.com\/pl\/2021\/03\/01\/wygrana-w-tour-de-france-zobowiazuje-pogacar-nie-zwalnia\/\",\"url\":\"https:\/\/www.welovecycling.com\/pl\/2021\/03\/01\/wygrana-w-tour-de-france-zobowiazuje-pogacar-nie-zwalnia\/\",\"name\":\"Wygrana w Tour de France zobowi\u0105zuje\u2026 Pogacar nie zwalnia! - \u0160koda We Love Cycling - Poland\",\"isPartOf\":{\"@id\":\"https:\/\/www.welovecycling.com\/pl\/#website\"},\"primaryImageOfPage\":{\"@id\":\"https:\/\/www.welovecycling.com\/pl\/2021\/03\/01\/wygrana-w-tour-de-france-zobowiazuje-pogacar-nie-zwalnia\/#primaryimage\"},\"image\":{\"@id\":\"https:\/\/www.welovecycling.com\/pl\/2021\/03\/01\/wygrana-w-tour-de-france-zobowiazuje-pogacar-nie-zwalnia\/#primaryimage\"},\"thumbnailUrl\":\"https:\/\/d2p6e6u75xmxt8.cloudfront.net\/5\/2021\/03\/Tour-de-Pologne-profimedia-0550145003-CVR-1024x450-1.jpg\",\"datePublished\":\"2021-03-01T14:27:51+00:00\",\"author\":{\"@id\":\"https:\/\/www.welovecycling.com\/pl\/#\/schema\/person\/4a79bac7bd265aa6a35a1079d36648be\"},\"description\":\"Tadej Pogacar (UAE Team Emirates) jak wrzuci\u0142 wy\u017cszy bieg podczas Tour de France, tak do dzi\u015b nie zwolni\u0142. S\u0142oweniec w\u0142a\u015bnie wygra\u0142 UAE Tour, pierwszy wy\u015bcig UCI World Tour 2021.\",\"breadcrumb\":{\"@id\":\"https:\/\/www.welovecycling.com\/pl\/2021\/03\/01\/wygrana-w-tour-de-france-zobowiazuje-pogacar-nie-zwalnia\/#breadcrumb\"},\"inLanguage\":\"pl-PL\",\"potentialAction\":[{\"@type\":\"ReadAction\",\"target\":[\"https:\/\/www.welovecycling.com\/pl\/2021\/03\/01\/wygrana-w-tour-de-france-zobowiazuje-pogacar-nie-zwalnia\/\"]}]},{\"@type\":\"ImageObject\",\"inLanguage\":\"pl-PL\",\"@id\":\"https:\/\/www.welovecycling.com\/pl\/2021\/03\/01\/wygrana-w-tour-de-france-zobowiazuje-pogacar-nie-zwalnia\/#primaryimage\",\"url\":\"https:\/\/d2p6e6u75xmxt8.cloudfront.net\/5\/2021\/03\/Tour-de-Pologne-profimedia-0550145003-CVR-1024x450-1.jpg\",\"contentUrl\":\"https:\/\/d2p6e6u75xmxt8.cloudfront.net\/5\/2021\/03\/Tour-de-Pologne-profimedia-0550145003-CVR-1024x450-1.jpg\",\"width\":1024,\"height\":450},{\"@type\":\"BreadcrumbList\",\"@id\":\"https:\/\/www.welovecycling.com\/pl\/2021\/03\/01\/wygrana-w-tour-de-france-zobowiazuje-pogacar-nie-zwalnia\/#breadcrumb\",\"itemListElement\":[{\"@type\":\"ListItem\",\"position\":1,\"name\":\"Home\",\"item\":\"https:\/\/www.welovecycling.com\/pl\/\"},{\"@type\":\"ListItem\",\"position\":2,\"name\":\"Wygrana w Tour de France zobowi\u0105zuje\u2026 Pogacar nie zwalnia!\"}]},{\"@type\":\"WebSite\",\"@id\":\"https:\/\/www.welovecycling.com\/pl\/#website\",\"url\":\"https:\/\/www.welovecycling.com\/pl\/\",\"name\":\"\u0160koda We Love Cycling - Poland\",\"description\":\"\",\"potentialAction\":[{\"@type\":\"SearchAction\",\"target\":{\"@type\":\"EntryPoint\",\"urlTemplate\":\"https:\/\/www.welovecycling.com\/pl\/?s={search_term_string}\"},\"query-input\":{\"@type\":\"PropertyValueSpecification\",\"valueRequired\":true,\"valueName\":\"search_term_string\"}}],\"inLanguage\":\"pl-PL\"},{\"@type\":\"Person\",\"@id\":\"https:\/\/www.welovecycling.com\/pl\/#\/schema\/person\/4a79bac7bd265aa6a35a1079d36648be\",\"name\":\"oktawiamikulska\",\"image\":{\"@type\":\"ImageObject\",\"inLanguage\":\"pl-PL\",\"@id\":\"https:\/\/www.welovecycling.com\/pl\/#\/schema\/person\/image\/\",\"url\":\"https:\/\/secure.gravatar.com\/avatar\/b97a3f44e2de6d2f8dd358975937e49823662e12cbd810b9d1a2bff1c149e8a7?s=96&d=mm&r=g\",\"contentUrl\":\"https:\/\/secure.gravatar.com\/avatar\/b97a3f44e2de6d2f8dd358975937e49823662e12cbd810b9d1a2bff1c149e8a7?s=96&d=mm&r=g\",\"caption\":\"oktawiamikulska\"},\"url\":\"https:\/\/www.welovecycling.com\/pl\/author\/oktawiamikulska\/\"}]}<\/script>\n<!-- \/ Yoast SEO Premium plugin. -->","yoast_head_json":{"title":"Wygrana w Tour de France zobowi\u0105zuje\u2026 Pogacar nie zwalnia! - \u0160koda We Love Cycling - Poland","description":"Tadej Pogacar (UAE Team Emirates) jak wrzuci\u0142 wy\u017cszy bieg podczas Tour de France, tak do dzi\u015b nie zwolni\u0142. S\u0142oweniec w\u0142a\u015bnie wygra\u0142 UAE Tour, pierwszy wy\u015bcig UCI World Tour 2021.","robots":{"index":"index","follow":"follow","max-snippet":"max-snippet:-1","max-image-preview":"max-image-preview:large","max-video-preview":"max-video-preview:-1"},"canonical":"https:\/\/www.welovecycling.com\/pl\/2021\/03\/01\/wygrana-w-tour-de-france-zobowiazuje-pogacar-nie-zwalnia\/","og_locale":"pl_PL","og_type":"article","og_title":"Wygrana w Tour de France zobowi\u0105zuje\u2026 Pogacar nie zwalnia!","og_description":"Tadej Pogacar (UAE Team Emirates) jak wrzuci\u0142 wy\u017cszy bieg podczas Tour de France, tak do dzi\u015b nie zwolni\u0142. S\u0142oweniec w\u0142a\u015bnie wygra\u0142 UAE Tour, pierwszy wy\u015bcig UCI World Tour 2021.","og_url":"https:\/\/www.welovecycling.com\/pl\/2021\/03\/01\/wygrana-w-tour-de-france-zobowiazuje-pogacar-nie-zwalnia\/","og_site_name":"\u0160koda We Love Cycling - Poland","article_published_time":"2021-03-01T14:27:51+00:00","og_image":[{"width":1024,"height":450,"url":"https:\/\/d2p6e6u75xmxt8.cloudfront.net\/5\/2021\/03\/Tour-de-Pologne-profimedia-0550145003-CVR-1024x450-1.jpg","type":"image\/jpeg"}],"author":"oktawiamikulska","twitter_card":"summary_large_image","twitter_misc":{"Written by":"Piotr Jawor","Est. reading time":"3 minutes"},"schema":{"@context":"https:\/\/schema.org","@graph":[{"@type":"WebPage","@id":"https:\/\/www.welovecycling.com\/pl\/2021\/03\/01\/wygrana-w-tour-de-france-zobowiazuje-pogacar-nie-zwalnia\/","url":"https:\/\/www.welovecycling.com\/pl\/2021\/03\/01\/wygrana-w-tour-de-france-zobowiazuje-pogacar-nie-zwalnia\/","name":"Wygrana w Tour de France zobowi\u0105zuje\u2026 Pogacar nie zwalnia! - \u0160koda We Love Cycling - Poland","isPartOf":{"@id":"https:\/\/www.welovecycling.com\/pl\/#website"},"primaryImageOfPage":{"@id":"https:\/\/www.welovecycling.com\/pl\/2021\/03\/01\/wygrana-w-tour-de-france-zobowiazuje-pogacar-nie-zwalnia\/#primaryimage"},"image":{"@id":"https:\/\/www.welovecycling.com\/pl\/2021\/03\/01\/wygrana-w-tour-de-france-zobowiazuje-pogacar-nie-zwalnia\/#primaryimage"},"thumbnailUrl":"https:\/\/d2p6e6u75xmxt8.cloudfront.net\/5\/2021\/03\/Tour-de-Pologne-profimedia-0550145003-CVR-1024x450-1.jpg","datePublished":"2021-03-01T14:27:51+00:00","author":{"@id":"https:\/\/www.welovecycling.com\/pl\/#\/schema\/person\/4a79bac7bd265aa6a35a1079d36648be"},"description":"Tadej Pogacar (UAE Team Emirates) jak wrzuci\u0142 wy\u017cszy bieg podczas Tour de France, tak do dzi\u015b nie zwolni\u0142. S\u0142oweniec w\u0142a\u015bnie wygra\u0142 UAE Tour, pierwszy wy\u015bcig UCI World Tour 2021.","breadcrumb":{"@id":"https:\/\/www.welovecycling.com\/pl\/2021\/03\/01\/wygrana-w-tour-de-france-zobowiazuje-pogacar-nie-zwalnia\/#breadcrumb"},"inLanguage":"pl-PL","potentialAction":[{"@type":"ReadAction","target":["https:\/\/www.welovecycling.com\/pl\/2021\/03\/01\/wygrana-w-tour-de-france-zobowiazuje-pogacar-nie-zwalnia\/"]}]},{"@type":"ImageObject","inLanguage":"pl-PL","@id":"https:\/\/www.welovecycling.com\/pl\/2021\/03\/01\/wygrana-w-tour-de-france-zobowiazuje-pogacar-nie-zwalnia\/#primaryimage","url":"https:\/\/d2p6e6u75xmxt8.cloudfront.net\/5\/2021\/03\/Tour-de-Pologne-profimedia-0550145003-CVR-1024x450-1.jpg","contentUrl":"https:\/\/d2p6e6u75xmxt8.cloudfront.net\/5\/2021\/03\/Tour-de-Pologne-profimedia-0550145003-CVR-1024x450-1.jpg","width":1024,"height":450},{"@type":"BreadcrumbList","@id":"https:\/\/www.welovecycling.com\/pl\/2021\/03\/01\/wygrana-w-tour-de-france-zobowiazuje-pogacar-nie-zwalnia\/#breadcrumb","itemListElement":[{"@type":"ListItem","position":1,"name":"Home","item":"https:\/\/www.welovecycling.com\/pl\/"},{"@type":"ListItem","position":2,"name":"Wygrana w Tour de France zobowi\u0105zuje\u2026 Pogacar nie zwalnia!"}]},{"@type":"WebSite","@id":"https:\/\/www.welovecycling.com\/pl\/#website","url":"https:\/\/www.welovecycling.com\/pl\/","name":"\u0160koda We Love Cycling - Poland","description":"","potentialAction":[{"@type":"SearchAction","target":{"@type":"EntryPoint","urlTemplate":"https:\/\/www.welovecycling.com\/pl\/?s={search_term_string}"},"query-input":{"@type":"PropertyValueSpecification","valueRequired":true,"valueName":"search_term_string"}}],"inLanguage":"pl-PL"},{"@type":"Person","@id":"https:\/\/www.welovecycling.com\/pl\/#\/schema\/person\/4a79bac7bd265aa6a35a1079d36648be","name":"oktawiamikulska","image":{"@type":"ImageObject","inLanguage":"pl-PL","@id":"https:\/\/www.welovecycling.com\/pl\/#\/schema\/person\/image\/","url":"https:\/\/secure.gravatar.com\/avatar\/b97a3f44e2de6d2f8dd358975937e49823662e12cbd810b9d1a2bff1c149e8a7?s=96&d=mm&r=g","contentUrl":"https:\/\/secure.gravatar.com\/avatar\/b97a3f44e2de6d2f8dd358975937e49823662e12cbd810b9d1a2bff1c149e8a7?s=96&d=mm&r=g","caption":"oktawiamikulska"},"url":"https:\/\/www.welovecycling.com\/pl\/author\/oktawiamikulska\/"}]}},"_links":{"self":[{"href":"https:\/\/www.welovecycling.com\/pl\/wp-json\/wp\/v2\/posts\/11527","targetHints":{"allow":["GET"]}}],"collection":[{"href":"https:\/\/www.welovecycling.com\/pl\/wp-json\/wp\/v2\/posts"}],"about":[{"href":"https:\/\/www.welovecycling.com\/pl\/wp-json\/wp\/v2\/types\/post"}],"author":[{"embeddable":true,"href":"https:\/\/www.welovecycling.com\/pl\/wp-json\/wp\/v2\/users\/125"}],"replies":[{"embeddable":true,"href":"https:\/\/www.welovecycling.com\/pl\/wp-json\/wp\/v2\/comments?post=11527"}],"version-history":[{"count":1,"href":"https:\/\/www.welovecycling.com\/pl\/wp-json\/wp\/v2\/posts\/11527\/revisions"}],"predecessor-version":[{"id":11532,"href":"https:\/\/www.welovecycling.com\/pl\/wp-json\/wp\/v2\/posts\/11527\/revisions\/11532"}],"wp:featuredmedia":[{"embeddable":true,"href":"https:\/\/www.welovecycling.com\/pl\/wp-json\/wp\/v2\/media\/11531"}],"wp:attachment":[{"href":"https:\/\/www.welovecycling.com\/pl\/wp-json\/wp\/v2\/media?parent=11527"}],"wp:term":[{"taxonomy":"category","embeddable":true,"href":"https:\/\/www.welovecycling.com\/pl\/wp-json\/wp\/v2\/categories?post=11527"},{"taxonomy":"post_tag","embeddable":true,"href":"https:\/\/www.welovecycling.com\/pl\/wp-json\/wp\/v2\/tags?post=11527"},{"taxonomy":"global-categories","embeddable":true,"href":"https:\/\/www.welovecycling.com\/pl\/wp-json\/wp\/v2\/global-categories?post=11527"}],"curies":[{"name":"wp","href":"https:\/\/api.w.org\/{rel}","templated":true}]}}