{"id":11518,"date":"2021-02-24T15:08:52","date_gmt":"2021-02-24T15:08:52","guid":{"rendered":"https:\/\/www.welovecycling.com\/pl\/?p=11518"},"modified":"2021-02-24T15:08:52","modified_gmt":"2021-02-24T15:08:52","slug":"rywale-lamali-sobie-jezyk-na-jego-nazwisku-pozniej-problem-byl-jeszcze-wiekszy","status":"publish","type":"post","link":"https:\/\/www.welovecycling.com\/pl\/2021\/02\/24\/rywale-lamali-sobie-jezyk-na-jego-nazwisku-pozniej-problem-byl-jeszcze-wiekszy\/","title":{"rendered":"Rywale \u0142amali sobie j\u0119zyk na jego nazwisku. P\u00f3\u017aniej problem by\u0142 jeszcze wi\u0119kszy"},"content":{"rendered":"<p><strong>D\u0142ugo by\u0142 schowany za \u017celazn\u0105 kurtyn\u0105 i to w kraju, kt\u00f3rego wielu kibic\u00f3w kolarstwa nie by\u0142o w stanie wskaza\u0107 na mapie. Gdy jednak D\u017camolidin Abdu\u017caparow zaprezentowa\u0142 si\u0119 \u015bwiatu, sta\u0142 si\u0119 jedn\u0105 z najwi\u0119kszych wizyt\u00f3wek Uzbekistanu.<\/strong><\/p>\n<p>S\u0105 sportowcy, kt\u00f3rych pojawienie si\u0119 wywo\u0142uje w\u015br\u00f3d kibic\u00f3w konsternacj\u0119. Kim\u015b takim by\u0142y bobslei\u015bci z Jamajki, w kt\u00f3rych kraju nigdy nie widziano \u015bniegu; lub gwinejski p\u0142ywak Eric Moussamabni, kt\u00f3ry nigdy nie trenowa\u0142 w basenie olimpijskim i cudem zdo\u0142a\u0142 przep\u0142yn\u0105\u0107 100 m na igrzyskach olimpijskich.<\/p>\n<p>Kim\u015b tak egzotycznym dla kolarstwa by\u0142 tak\u017ce D\u017camolidin Abdu\u017caparow. W sporcie zdominowanym przez W\u0142och\u00f3w, Hiszpan\u00f3w, Belg\u00f3w, czy Francuz\u00f3w nagle pojawi\u0142 si\u0119 zawodnik z Uzbekistanu, na kt\u00f3rego nazwisku kibice i rywale \u0142amali sobie j\u0119zyki.<\/p>\n<p>Abdu\u017caparow mia\u0142 poniek\u0105d szcz\u0119\u015bcie, poniewa\u017c jego kariera przypad\u0142a na czas rozpadu Zwi\u0105zku Radzieckiego. Dop\u00f3ki ZSRR trwa\u0142o, Uzbek \u015bciga\u0142 si\u0119 tylko w wy\u015bcigach dla amator\u00f3w. Co prawda by\u0142y w\u015br\u00f3d nich tak presti\u017cowe jak Wy\u015bcig Pokoju, ale zawodowcami nazywa\u0142o si\u0119 tylko zawodnik\u00f3w z zachodniej Europy. Do 1989 r. Abdu\u017caparow wygra\u0142 sze\u015b\u0107 etap\u00f3w Wy\u015bcigu Pokoju, ale w\u015br\u00f3d zawodowc\u00f3w znany by\u0142 g\u0142\u00f3wnie z tego, \u017ce za nic nie potrafili oni wym\u00f3wi\u0107 jego nazwiska.<\/p>\n<div class=\"embed-controller-wrapper\">\n<blockquote class=\"twitter-tweet\" data-width=\"500\" data-dnt=\"true\">\n<p lang=\"es\" dir=\"ltr\">&quot;Abdujaparov: el \u2018terror\u2019 del sprint en las tres grandes. El uzbeco es el \u00fanico ciclista, junto con Merckx y Jalabert, que ha ganado la clasificaci\u00f3n de la regularidad en las tres grandes vueltas&quot;: <a href=\"https:\/\/t.co\/9itRnp59Rw\">https:\/\/t.co\/9itRnp59Rw<\/a>, v\u00eda <a href=\"https:\/\/twitter.com\/As_Ciclismo?ref_src=twsrc%5Etfw\">@AS_Ciclismo<\/a>. <a href=\"https:\/\/twitter.com\/hashtag\/LaVuelta2018?src=hash&amp;ref_src=twsrc%5Etfw\">#LaVuelta2018<\/a> <a href=\"https:\/\/twitter.com\/hashtag\/ciclismo?src=hash&amp;ref_src=twsrc%5Etfw\">#ciclismo<\/a> <a href=\"https:\/\/twitter.com\/hashtag\/cycling?src=hash&amp;ref_src=twsrc%5Etfw\">#cycling<\/a> <a href=\"https:\/\/t.co\/2ciAkzHvLH\">pic.twitter.com\/2ciAkzHvLH<\/a><\/p>\n<p>&mdash; Juanfran de la Cruz (@juanfdelacruz) <a href=\"https:\/\/twitter.com\/juanfdelacruz\/status\/1035858544682311681?ref_src=twsrc%5Etfw\">September 1, 2018<\/a><\/p><\/blockquote>\n<p><script async data-src=\"https:\/\/platform.twitter.com\/widgets.js\" charset=\"utf-8\"><\/script><\/div>\n<p>Zmieni\u0142o si\u0119 to w 1990 r., gdy Uzbek m\u00f3g\u0142 ju\u017c do\u0142\u0105czy\u0107 do \u015bwiatowego peletonu, zosta\u0142 ochrzczony pseudonimem \u201eAbdu\u201d i problem zwi\u0105zany z wymow\u0105 nazwiska zosta\u0142 rozwi\u0105zany. Pojawi\u0142 si\u0119 jednak kolejny, znaczenie powa\u017cniejszy problem\u2013 jak z Abdu poradzi\u0107 sobie na trasie? Uzbek nie do\u015b\u0107, \u017ce by\u0142 bardzo szybki, to jeszcze prezentowa\u0142 bardzo agresywny styl jazdy, polegaj\u0105cy na rozpychaniu si\u0119 podczas sprintu. \u2013 On wje\u017cd\u017ca w dziury, kt\u00f3rych nie ma \u2013 m\u00f3wi\u0142 o nim jeden z jego najwi\u0119kszych rywali \u2013 Olaf Ludwig.<\/p>\n<p>Dla Abd\u017cuparowa trampolin\u0105 do wielkiego \u015bcigania by\u0142o oczywi\u015bcie Tour de France. Wielka P\u0119tla sta\u0142a si\u0119 dla niego megafonem, przez kt\u00f3ry w 1991 r. og\u0142osi\u0142 kolarskiemu \u015bwiatu: \u201eDo\u0142\u0105czy\u0142em do was i tanio sk\u00f3ry nie sprzedam\u201d.<\/p>\n<p>I tak te\u017c zrobi\u0142. Ju\u017c w debiutanckim wyst\u0119pie na Tour de France wygra\u0142 dwa etapy, zgarn\u0105\u0142 zielon\u0105 koszulk\u0119 lidera i\u2026 sk\u0142oni\u0142 wielu kibic\u00f3w, by w ko\u0144cu sprawdzili, gdzie le\u017cy ten Uzbekistan. Wypada\u0142o w ko\u0144cu wiedzie\u0107, sk\u0105d dok\u0142adnie pochodzi zawodnik, kt\u00f3ry w pierwszej po\u0142owie lat 90. najcz\u0119\u015bciej zdobywa\u0142 zielon\u0105 koszulk\u0119 Wielkiej P\u0119tli, a przebi\u0142 go dopiero \u015bwietny Erik Zabel.<\/p>\n<p>Abd\u017cuparow klasyfikacj\u0119 punktow\u0105 wygra\u0142 jeszcze w 1993 i 1994 roku, ale najbardziej pami\u0119tne by\u0142o jego pierwsze zwyci\u0119stwo. W 1991 r. tu\u017c przed met\u0105, podczas sprintu zahaczy\u0142 o barierk\u0119 i bardzo gro\u017anie upad\u0142. By jednak wygra\u0107 klasyfikacj\u0119 punktow\u0105, zgodnie z zasadami, musia\u0142 przekroczy\u0107 lini\u0119 mety. Zrobi\u0142 to dzi\u0119ki cz\u0142onkom swojej dru\u017cyny, kt\u00f3rzy pomogli mu zn\u00f3w wsi\u0105\u015b\u0107 na rower i Uzbek w \u017c\u00f3\u0142wim tempie oraz z grymasem b\u00f3lu na twarzy przejecha\u0142 przez met\u0119 i zdoby\u0142 zielon\u0105 koszulk\u0119. Za moment by\u0142 ju\u017c jednak w karetce, kt\u00f3ry zawioz\u0142a go prosto do szpitala.<\/p>\n<lite-youtube videoid=2Nt4x3nuzfQ params=\"enablejsapi=1\" style=\"background-image: url('https:\/\/i.ytimg.com\/vi_webp\/2Nt4x3nuzfQ\/maxresdefault.webp');\"><\/lite-youtube>\n<p>Abd\u017cuparow \u0142\u0105cznie wygra\u0142 9 etap\u00f3w Tour de France. Do\u0142o\u017cy\u0142 do tego tak\u017ce siedem w Vuelta a Espana i jeden w Giro d\u2019Italia. W tych dw\u00f3ch wy\u015bcigach r\u00f3wnie\u017c wygrywa\u0142 klasyfikacj\u0119 punktow\u0105 (w Vuelcie w 1992 r. i w Giro w 1994 r.). To wszystko sprawi\u0142o, \u017ce do dzi\u015b jest jednym z najpopularniejszych sportowc\u00f3w pochodz\u0105cych z Uzbekistanu.<\/p>\n<p><span data-sheets-value=\"{&quot;1&quot;:2,&quot;2&quot;:&quot;Artyku\u0142 powsta\u0142 we wsp\u00f3\u0142pracy ze skoda-auto.pl&quot;}\" data-sheets-userformat=\"{&quot;2&quot;:1,&quot;3&quot;:{&quot;1&quot;:0}}\" data-sheets-hyperlink=\"http:\/\/www.skoda-auto.pl\/\"><a class=\"in-cell-link\" href=\"http:\/\/www.skoda-auto.pl\/\" target=\"_blank\" rel=\"noopener noreferrer\">Artyku\u0142 powsta\u0142 we wsp\u00f3\u0142pracy ze skoda-auto.pl<\/a><\/span><\/p>\n<p><a href=\"https:\/\/www.skoda-auto.pl\/modele\/karoq\">\u00a0<\/a><a href=\"https:\/\/www.skoda-auto.pl\/modele\/kodiaq\"><img loading=\"lazy\" decoding=\"async\" class=\"aligncenter wp-image-9607 size-full\" src=\"https:\/\/d2p6e6u75xmxt8.cloudfront.net\/5\/2019\/08\/baner_WLC_640x350_2.png\" alt=\"\" width=\"640\" height=\"350\" srcset=\"https:\/\/d2p6e6u75xmxt8.cloudfront.net\/5\/2019\/08\/baner_WLC_640x350_2.png 640w, https:\/\/d2p6e6u75xmxt8.cloudfront.net\/5\/2019\/08\/baner_WLC_640x350_2-300x164.png 300w\" sizes=\"auto, (max-width: 640px) 100vw, 640px\" \/><\/a><\/p>\n<p>&nbsp;<\/p>\n","protected":false},"excerpt":{"rendered":"<p>D\u0142ugo by\u0142 schowany za \u017celazn\u0105 kurtyn\u0105 i to w kraju, kt\u00f3rego wielu kibic\u00f3w kolarstwa nie by\u0142o w stanie wskaza\u0107 na [&hellip;]<\/p>\n","protected":false},"author":125,"featured_media":11521,"comment_status":"open","ping_status":"open","sticky":false,"template":"","format":"standard","meta":{"footnotes":""},"categories":[6,295],"tags":[],"global-categories":[303],"class_list":["post-11518","post","type-post","status-publish","format-standard","has-post-thumbnail","hentry","category-kolarstwo-szosowe","category-zawody","global-categories-cycling"],"yoast_head":"<!-- This site is optimized with the Yoast SEO Premium plugin v25.3 (Yoast SEO v25.9) - https:\/\/yoast.com\/wordpress\/plugins\/seo\/ -->\n<title>Rywale \u0142amali sobie j\u0119zyk na jego nazwisku. P\u00f3\u017aniej problem by\u0142 jeszcze wi\u0119kszy - \u0160koda We Love Cycling - Poland<\/title>\n<meta name=\"description\" content=\"D\u0142ugo by\u0142 schowany za \u017celazn\u0105 kurtyn\u0105 i to w kraju, kt\u00f3rego wielu kibic\u00f3w kolarstwa nie by\u0142o w stanie wskaza\u0107 na mapie. Gdy jednak D\u017camolidin Abdu\u017caparow zaprezentowa\u0142 si\u0119 \u015bwiatu, sta\u0142 si\u0119 jedn\u0105 z najwi\u0119kszych wizyt\u00f3wek Uzbekistanu.\" \/>\n<meta name=\"robots\" content=\"index, follow, max-snippet:-1, max-image-preview:large, max-video-preview:-1\" \/>\n<link rel=\"canonical\" href=\"https:\/\/www.welovecycling.com\/pl\/2021\/02\/24\/rywale-lamali-sobie-jezyk-na-jego-nazwisku-pozniej-problem-byl-jeszcze-wiekszy\/\" \/>\n<meta property=\"og:locale\" content=\"pl_PL\" \/>\n<meta property=\"og:type\" content=\"article\" \/>\n<meta property=\"og:title\" content=\"Rywale \u0142amali sobie j\u0119zyk na jego nazwisku. P\u00f3\u017aniej problem by\u0142 jeszcze wi\u0119kszy\" \/>\n<meta property=\"og:description\" content=\"D\u0142ugo by\u0142 schowany za \u017celazn\u0105 kurtyn\u0105 i to w kraju, kt\u00f3rego wielu kibic\u00f3w kolarstwa nie by\u0142o w stanie wskaza\u0107 na mapie. Gdy jednak D\u017camolidin Abdu\u017caparow zaprezentowa\u0142 si\u0119 \u015bwiatu, sta\u0142 si\u0119 jedn\u0105 z najwi\u0119kszych wizyt\u00f3wek Uzbekistanu.\" \/>\n<meta property=\"og:url\" content=\"https:\/\/www.welovecycling.com\/pl\/2021\/02\/24\/rywale-lamali-sobie-jezyk-na-jego-nazwisku-pozniej-problem-byl-jeszcze-wiekszy\/\" \/>\n<meta property=\"og:site_name\" content=\"\u0160koda We Love Cycling - Poland\" \/>\n<meta property=\"article:published_time\" content=\"2021-02-24T15:08:52+00:00\" \/>\n<meta property=\"og:image\" content=\"https:\/\/d2p6e6u75xmxt8.cloudfront.net\/5\/2021\/12\/UAE-peloton-profimedia-0592427138-CVR-1024x450-1.jpg\" \/>\n\t<meta property=\"og:image:width\" content=\"1024\" \/>\n\t<meta property=\"og:image:height\" content=\"450\" \/>\n\t<meta property=\"og:image:type\" content=\"image\/jpeg\" \/>\n<meta name=\"author\" content=\"oktawiamikulska\" \/>\n<meta name=\"twitter:card\" content=\"summary_large_image\" \/>\n<meta name=\"twitter:label1\" content=\"Written by\" \/>\n\t<meta name=\"twitter:data1\" content=\"Piotr Jawor\" \/>\n\t<meta name=\"twitter:label2\" content=\"Est. reading time\" \/>\n\t<meta name=\"twitter:data2\" content=\"3 minutes\" \/>\n<script type=\"application\/ld+json\" class=\"yoast-schema-graph\">{\"@context\":\"https:\/\/schema.org\",\"@graph\":[{\"@type\":\"WebPage\",\"@id\":\"https:\/\/www.welovecycling.com\/pl\/2021\/02\/24\/rywale-lamali-sobie-jezyk-na-jego-nazwisku-pozniej-problem-byl-jeszcze-wiekszy\/\",\"url\":\"https:\/\/www.welovecycling.com\/pl\/2021\/02\/24\/rywale-lamali-sobie-jezyk-na-jego-nazwisku-pozniej-problem-byl-jeszcze-wiekszy\/\",\"name\":\"Rywale \u0142amali sobie j\u0119zyk na jego nazwisku. P\u00f3\u017aniej problem by\u0142 jeszcze wi\u0119kszy - \u0160koda We Love Cycling - Poland\",\"isPartOf\":{\"@id\":\"https:\/\/www.welovecycling.com\/pl\/#website\"},\"primaryImageOfPage\":{\"@id\":\"https:\/\/www.welovecycling.com\/pl\/2021\/02\/24\/rywale-lamali-sobie-jezyk-na-jego-nazwisku-pozniej-problem-byl-jeszcze-wiekszy\/#primaryimage\"},\"image\":{\"@id\":\"https:\/\/www.welovecycling.com\/pl\/2021\/02\/24\/rywale-lamali-sobie-jezyk-na-jego-nazwisku-pozniej-problem-byl-jeszcze-wiekszy\/#primaryimage\"},\"thumbnailUrl\":\"https:\/\/d2p6e6u75xmxt8.cloudfront.net\/5\/2021\/12\/UAE-peloton-profimedia-0592427138-CVR-1024x450-1.jpg\",\"datePublished\":\"2021-02-24T15:08:52+00:00\",\"author\":{\"@id\":\"https:\/\/www.welovecycling.com\/pl\/#\/schema\/person\/4a79bac7bd265aa6a35a1079d36648be\"},\"description\":\"D\u0142ugo by\u0142 schowany za \u017celazn\u0105 kurtyn\u0105 i to w kraju, kt\u00f3rego wielu kibic\u00f3w kolarstwa nie by\u0142o w stanie wskaza\u0107 na mapie. Gdy jednak D\u017camolidin Abdu\u017caparow zaprezentowa\u0142 si\u0119 \u015bwiatu, sta\u0142 si\u0119 jedn\u0105 z najwi\u0119kszych wizyt\u00f3wek Uzbekistanu.\",\"breadcrumb\":{\"@id\":\"https:\/\/www.welovecycling.com\/pl\/2021\/02\/24\/rywale-lamali-sobie-jezyk-na-jego-nazwisku-pozniej-problem-byl-jeszcze-wiekszy\/#breadcrumb\"},\"inLanguage\":\"pl-PL\",\"potentialAction\":[{\"@type\":\"ReadAction\",\"target\":[\"https:\/\/www.welovecycling.com\/pl\/2021\/02\/24\/rywale-lamali-sobie-jezyk-na-jego-nazwisku-pozniej-problem-byl-jeszcze-wiekszy\/\"]}]},{\"@type\":\"ImageObject\",\"inLanguage\":\"pl-PL\",\"@id\":\"https:\/\/www.welovecycling.com\/pl\/2021\/02\/24\/rywale-lamali-sobie-jezyk-na-jego-nazwisku-pozniej-problem-byl-jeszcze-wiekszy\/#primaryimage\",\"url\":\"https:\/\/d2p6e6u75xmxt8.cloudfront.net\/5\/2021\/12\/UAE-peloton-profimedia-0592427138-CVR-1024x450-1.jpg\",\"contentUrl\":\"https:\/\/d2p6e6u75xmxt8.cloudfront.net\/5\/2021\/12\/UAE-peloton-profimedia-0592427138-CVR-1024x450-1.jpg\",\"width\":1024,\"height\":450},{\"@type\":\"BreadcrumbList\",\"@id\":\"https:\/\/www.welovecycling.com\/pl\/2021\/02\/24\/rywale-lamali-sobie-jezyk-na-jego-nazwisku-pozniej-problem-byl-jeszcze-wiekszy\/#breadcrumb\",\"itemListElement\":[{\"@type\":\"ListItem\",\"position\":1,\"name\":\"Home\",\"item\":\"https:\/\/www.welovecycling.com\/pl\/\"},{\"@type\":\"ListItem\",\"position\":2,\"name\":\"Rywale \u0142amali sobie j\u0119zyk na jego nazwisku. P\u00f3\u017aniej problem by\u0142 jeszcze wi\u0119kszy\"}]},{\"@type\":\"WebSite\",\"@id\":\"https:\/\/www.welovecycling.com\/pl\/#website\",\"url\":\"https:\/\/www.welovecycling.com\/pl\/\",\"name\":\"\u0160koda We Love Cycling - Poland\",\"description\":\"\",\"potentialAction\":[{\"@type\":\"SearchAction\",\"target\":{\"@type\":\"EntryPoint\",\"urlTemplate\":\"https:\/\/www.welovecycling.com\/pl\/?s={search_term_string}\"},\"query-input\":{\"@type\":\"PropertyValueSpecification\",\"valueRequired\":true,\"valueName\":\"search_term_string\"}}],\"inLanguage\":\"pl-PL\"},{\"@type\":\"Person\",\"@id\":\"https:\/\/www.welovecycling.com\/pl\/#\/schema\/person\/4a79bac7bd265aa6a35a1079d36648be\",\"name\":\"oktawiamikulska\",\"image\":{\"@type\":\"ImageObject\",\"inLanguage\":\"pl-PL\",\"@id\":\"https:\/\/www.welovecycling.com\/pl\/#\/schema\/person\/image\/\",\"url\":\"https:\/\/secure.gravatar.com\/avatar\/b97a3f44e2de6d2f8dd358975937e49823662e12cbd810b9d1a2bff1c149e8a7?s=96&d=mm&r=g\",\"contentUrl\":\"https:\/\/secure.gravatar.com\/avatar\/b97a3f44e2de6d2f8dd358975937e49823662e12cbd810b9d1a2bff1c149e8a7?s=96&d=mm&r=g\",\"caption\":\"oktawiamikulska\"},\"url\":\"https:\/\/www.welovecycling.com\/pl\/author\/oktawiamikulska\/\"}]}<\/script>\n<!-- \/ Yoast SEO Premium plugin. -->","yoast_head_json":{"title":"Rywale \u0142amali sobie j\u0119zyk na jego nazwisku. P\u00f3\u017aniej problem by\u0142 jeszcze wi\u0119kszy - \u0160koda We Love Cycling - Poland","description":"D\u0142ugo by\u0142 schowany za \u017celazn\u0105 kurtyn\u0105 i to w kraju, kt\u00f3rego wielu kibic\u00f3w kolarstwa nie by\u0142o w stanie wskaza\u0107 na mapie. Gdy jednak D\u017camolidin Abdu\u017caparow zaprezentowa\u0142 si\u0119 \u015bwiatu, sta\u0142 si\u0119 jedn\u0105 z najwi\u0119kszych wizyt\u00f3wek Uzbekistanu.","robots":{"index":"index","follow":"follow","max-snippet":"max-snippet:-1","max-image-preview":"max-image-preview:large","max-video-preview":"max-video-preview:-1"},"canonical":"https:\/\/www.welovecycling.com\/pl\/2021\/02\/24\/rywale-lamali-sobie-jezyk-na-jego-nazwisku-pozniej-problem-byl-jeszcze-wiekszy\/","og_locale":"pl_PL","og_type":"article","og_title":"Rywale \u0142amali sobie j\u0119zyk na jego nazwisku. P\u00f3\u017aniej problem by\u0142 jeszcze wi\u0119kszy","og_description":"D\u0142ugo by\u0142 schowany za \u017celazn\u0105 kurtyn\u0105 i to w kraju, kt\u00f3rego wielu kibic\u00f3w kolarstwa nie by\u0142o w stanie wskaza\u0107 na mapie. Gdy jednak D\u017camolidin Abdu\u017caparow zaprezentowa\u0142 si\u0119 \u015bwiatu, sta\u0142 si\u0119 jedn\u0105 z najwi\u0119kszych wizyt\u00f3wek Uzbekistanu.","og_url":"https:\/\/www.welovecycling.com\/pl\/2021\/02\/24\/rywale-lamali-sobie-jezyk-na-jego-nazwisku-pozniej-problem-byl-jeszcze-wiekszy\/","og_site_name":"\u0160koda We Love Cycling - Poland","article_published_time":"2021-02-24T15:08:52+00:00","og_image":[{"width":1024,"height":450,"url":"https:\/\/d2p6e6u75xmxt8.cloudfront.net\/5\/2021\/12\/UAE-peloton-profimedia-0592427138-CVR-1024x450-1.jpg","type":"image\/jpeg"}],"author":"oktawiamikulska","twitter_card":"summary_large_image","twitter_misc":{"Written by":"Piotr Jawor","Est. reading time":"3 minutes"},"schema":{"@context":"https:\/\/schema.org","@graph":[{"@type":"WebPage","@id":"https:\/\/www.welovecycling.com\/pl\/2021\/02\/24\/rywale-lamali-sobie-jezyk-na-jego-nazwisku-pozniej-problem-byl-jeszcze-wiekszy\/","url":"https:\/\/www.welovecycling.com\/pl\/2021\/02\/24\/rywale-lamali-sobie-jezyk-na-jego-nazwisku-pozniej-problem-byl-jeszcze-wiekszy\/","name":"Rywale \u0142amali sobie j\u0119zyk na jego nazwisku. P\u00f3\u017aniej problem by\u0142 jeszcze wi\u0119kszy - \u0160koda We Love Cycling - Poland","isPartOf":{"@id":"https:\/\/www.welovecycling.com\/pl\/#website"},"primaryImageOfPage":{"@id":"https:\/\/www.welovecycling.com\/pl\/2021\/02\/24\/rywale-lamali-sobie-jezyk-na-jego-nazwisku-pozniej-problem-byl-jeszcze-wiekszy\/#primaryimage"},"image":{"@id":"https:\/\/www.welovecycling.com\/pl\/2021\/02\/24\/rywale-lamali-sobie-jezyk-na-jego-nazwisku-pozniej-problem-byl-jeszcze-wiekszy\/#primaryimage"},"thumbnailUrl":"https:\/\/d2p6e6u75xmxt8.cloudfront.net\/5\/2021\/12\/UAE-peloton-profimedia-0592427138-CVR-1024x450-1.jpg","datePublished":"2021-02-24T15:08:52+00:00","author":{"@id":"https:\/\/www.welovecycling.com\/pl\/#\/schema\/person\/4a79bac7bd265aa6a35a1079d36648be"},"description":"D\u0142ugo by\u0142 schowany za \u017celazn\u0105 kurtyn\u0105 i to w kraju, kt\u00f3rego wielu kibic\u00f3w kolarstwa nie by\u0142o w stanie wskaza\u0107 na mapie. Gdy jednak D\u017camolidin Abdu\u017caparow zaprezentowa\u0142 si\u0119 \u015bwiatu, sta\u0142 si\u0119 jedn\u0105 z najwi\u0119kszych wizyt\u00f3wek Uzbekistanu.","breadcrumb":{"@id":"https:\/\/www.welovecycling.com\/pl\/2021\/02\/24\/rywale-lamali-sobie-jezyk-na-jego-nazwisku-pozniej-problem-byl-jeszcze-wiekszy\/#breadcrumb"},"inLanguage":"pl-PL","potentialAction":[{"@type":"ReadAction","target":["https:\/\/www.welovecycling.com\/pl\/2021\/02\/24\/rywale-lamali-sobie-jezyk-na-jego-nazwisku-pozniej-problem-byl-jeszcze-wiekszy\/"]}]},{"@type":"ImageObject","inLanguage":"pl-PL","@id":"https:\/\/www.welovecycling.com\/pl\/2021\/02\/24\/rywale-lamali-sobie-jezyk-na-jego-nazwisku-pozniej-problem-byl-jeszcze-wiekszy\/#primaryimage","url":"https:\/\/d2p6e6u75xmxt8.cloudfront.net\/5\/2021\/12\/UAE-peloton-profimedia-0592427138-CVR-1024x450-1.jpg","contentUrl":"https:\/\/d2p6e6u75xmxt8.cloudfront.net\/5\/2021\/12\/UAE-peloton-profimedia-0592427138-CVR-1024x450-1.jpg","width":1024,"height":450},{"@type":"BreadcrumbList","@id":"https:\/\/www.welovecycling.com\/pl\/2021\/02\/24\/rywale-lamali-sobie-jezyk-na-jego-nazwisku-pozniej-problem-byl-jeszcze-wiekszy\/#breadcrumb","itemListElement":[{"@type":"ListItem","position":1,"name":"Home","item":"https:\/\/www.welovecycling.com\/pl\/"},{"@type":"ListItem","position":2,"name":"Rywale \u0142amali sobie j\u0119zyk na jego nazwisku. P\u00f3\u017aniej problem by\u0142 jeszcze wi\u0119kszy"}]},{"@type":"WebSite","@id":"https:\/\/www.welovecycling.com\/pl\/#website","url":"https:\/\/www.welovecycling.com\/pl\/","name":"\u0160koda We Love Cycling - Poland","description":"","potentialAction":[{"@type":"SearchAction","target":{"@type":"EntryPoint","urlTemplate":"https:\/\/www.welovecycling.com\/pl\/?s={search_term_string}"},"query-input":{"@type":"PropertyValueSpecification","valueRequired":true,"valueName":"search_term_string"}}],"inLanguage":"pl-PL"},{"@type":"Person","@id":"https:\/\/www.welovecycling.com\/pl\/#\/schema\/person\/4a79bac7bd265aa6a35a1079d36648be","name":"oktawiamikulska","image":{"@type":"ImageObject","inLanguage":"pl-PL","@id":"https:\/\/www.welovecycling.com\/pl\/#\/schema\/person\/image\/","url":"https:\/\/secure.gravatar.com\/avatar\/b97a3f44e2de6d2f8dd358975937e49823662e12cbd810b9d1a2bff1c149e8a7?s=96&d=mm&r=g","contentUrl":"https:\/\/secure.gravatar.com\/avatar\/b97a3f44e2de6d2f8dd358975937e49823662e12cbd810b9d1a2bff1c149e8a7?s=96&d=mm&r=g","caption":"oktawiamikulska"},"url":"https:\/\/www.welovecycling.com\/pl\/author\/oktawiamikulska\/"}]}},"_links":{"self":[{"href":"https:\/\/www.welovecycling.com\/pl\/wp-json\/wp\/v2\/posts\/11518","targetHints":{"allow":["GET"]}}],"collection":[{"href":"https:\/\/www.welovecycling.com\/pl\/wp-json\/wp\/v2\/posts"}],"about":[{"href":"https:\/\/www.welovecycling.com\/pl\/wp-json\/wp\/v2\/types\/post"}],"author":[{"embeddable":true,"href":"https:\/\/www.welovecycling.com\/pl\/wp-json\/wp\/v2\/users\/125"}],"replies":[{"embeddable":true,"href":"https:\/\/www.welovecycling.com\/pl\/wp-json\/wp\/v2\/comments?post=11518"}],"version-history":[{"count":1,"href":"https:\/\/www.welovecycling.com\/pl\/wp-json\/wp\/v2\/posts\/11518\/revisions"}],"predecessor-version":[{"id":11522,"href":"https:\/\/www.welovecycling.com\/pl\/wp-json\/wp\/v2\/posts\/11518\/revisions\/11522"}],"wp:featuredmedia":[{"embeddable":true,"href":"https:\/\/www.welovecycling.com\/pl\/wp-json\/wp\/v2\/media\/11521"}],"wp:attachment":[{"href":"https:\/\/www.welovecycling.com\/pl\/wp-json\/wp\/v2\/media?parent=11518"}],"wp:term":[{"taxonomy":"category","embeddable":true,"href":"https:\/\/www.welovecycling.com\/pl\/wp-json\/wp\/v2\/categories?post=11518"},{"taxonomy":"post_tag","embeddable":true,"href":"https:\/\/www.welovecycling.com\/pl\/wp-json\/wp\/v2\/tags?post=11518"},{"taxonomy":"global-categories","embeddable":true,"href":"https:\/\/www.welovecycling.com\/pl\/wp-json\/wp\/v2\/global-categories?post=11518"}],"curies":[{"name":"wp","href":"https:\/\/api.w.org\/{rel}","templated":true}]}}