{"id":11506,"date":"2021-02-19T13:19:52","date_gmt":"2021-02-19T13:19:52","guid":{"rendered":"https:\/\/www.welovecycling.com\/pl\/?p=11506"},"modified":"2021-02-19T13:19:52","modified_gmt":"2021-02-19T13:19:52","slug":"nareszcie-mistrzowie-znow-staja-na-starcie","status":"publish","type":"post","link":"https:\/\/www.welovecycling.com\/pl\/2021\/02\/19\/nareszcie-mistrzowie-znow-staja-na-starcie\/","title":{"rendered":"Nareszcie! Mistrzowie zn\u00f3w staj\u0105 na starcie!"},"content":{"rendered":"<p><strong>Startuje kolarska liga mistrz\u00f3w! Ju\u017c w niedziel\u0119 zaczyna si\u0119 UAE Tour, kt\u00f3ry inauguruje wy\u015bcigi z serii UCI World Tour 2021.<\/strong><\/p>\n<p>Co prawda sezon kolarski ju\u017c si\u0119 zacz\u0105\u0142, ale to w\u0142a\u015bnie na te wy\u015bcigi kibice czekaj\u0105 najbardziej. Wystarczy napisa\u0107, \u017ce to w\u0142a\u015bnie w ramach UCI World Tour odbywa si\u0119 Tour de France, Giro d\u2019Italia oraz Vuelta a Espana, by mie\u0107 jasno\u015b\u0107, \u017ce to najbardziej presti\u017cowa seria zawod\u00f3w.<\/p>\n<p>Dwa pierwsze wy\u015bcigi kolarskiej ligi mistrz\u00f3w, czyli australijskie Tour Down Under i Cadel Evans Great Ocean Road Race, nie mog\u0142y si\u0119 odby\u0107 z powodu koronawirusa, ale pandemia nie pokrzy\u017cowa\u0142a plan\u00f3w organizatorom UAE Tour.<\/p>\n<div class=\"embed-controller-wrapper\">\n<blockquote class=\"twitter-tweet\" data-width=\"500\" data-dnt=\"true\">\n<p lang=\"qme\" dir=\"ltr\">\ud83d\udeb4\ud83d\udeb4\ud83d\udeb4\ud83d\udeb4\ud83d\udeb4\ud83d\udeb4\ud83d\udeb4<a href=\"https:\/\/twitter.com\/hashtag\/UAETour?src=hash&amp;ref_src=twsrc%5Etfw\">#UAETour<\/a> <a href=\"https:\/\/twitter.com\/hashtag\/%D8%B7%D9%88%D8%A7%D9%81_%D8%A7%D9%84%D8%A5%D9%85%D8%A7%D8%B1%D8%A7%D8%AA?src=hash&amp;ref_src=twsrc%5Etfw\">#\u0637\u0648\u0627\u0641_\u0627\u0644\u0625\u0645\u0627\u0631\u0627\u062a<\/a> <a href=\"https:\/\/t.co\/YLZoxfpFPu\">pic.twitter.com\/YLZoxfpFPu<\/a><\/p>\n<p>&mdash; UAE Tour Official (@uae_tour) <a href=\"https:\/\/twitter.com\/uae_tour\/status\/1358291141666500609?ref_src=twsrc%5Etfw\">February 7, 2021<\/a><\/p><\/blockquote>\n<p><script async data-src=\"https:\/\/platform.twitter.com\/widgets.js\" charset=\"utf-8\"><\/script><\/div>\n<p>Wy\u015bcig zaczyna si\u0119 w niedziel\u0119 w Zjednoczonych Emiratach Arabskich i potrwa tydzie\u0144. Podczas siedmiu etap\u00f3w zawodnicy przejad\u0105 ponad 1000 km, a organizatorzy starali u\u0142o\u017cy\u0107 tras\u0119 w taki spos\u00f3b, by ka\u017cdy znalaz\u0142 w niej co\u015b dla siebie. Rozpocznie si\u0119 p\u0142askim etapem (176 km), za\u015b nast\u0119pnego dnia zawodnicy b\u0119d\u0105 \u015bcigali si\u0119 w 13-kilometrowej je\u017adzie na czas. Z kolei we wtorek czeka ich b\u0119dzie wspinaczka w g\u00f3rach. Kolejne etapy w wi\u0119kszo\u015bci b\u0119d\u0105 charakteryzowa\u0107 si\u0119 p\u0142askim terenem, (wyj\u0105tek stanowi czwartkowy etap, podczas kt\u00f3rego zawodnicy ponownie zmierz\u0105 si\u0119 z g\u00f3rami).<\/p>\n<p>Udzia\u0142 w wy\u015bcigu potwierdzi\u0142y wszystkie ekipy World Teams. Na wst\u0119pnej li\u015bcie znajduje si\u0119 140 zawodnik\u00f3w, a w\u015br\u00f3d nich wiele uznanych nazwisk. Na starcie zapowiedzieli si\u0119 m.in. Tadej Pogacar z UAE Team Emirates (zwyci\u0119zca ostatniego Tour de France), Adam Yates (INEOS Grenadiers), Chris Froome (Israel Start-Up Nation), Vincenzo Nibali (Trek Segafredo), Rigoberto Uran (EF Education \u2013 Nippo), czy Alejandro Valverde (Movistar Team).<\/p>\n<p>Z Polak\u00f3w w UAE Tour prawdopodobnie zobaczymy Rafa\u0142a Majk\u0119, kt\u00f3ry od tego sezonu reprezentuje ekip\u0119 gospodarzy &#8211; UAE Team Emirates, oraz Micha\u0142a Go\u0142asia (Ineos Grenadiers).<\/p>\n<div class=\"embed-controller-wrapper\">\n<blockquote class=\"twitter-tweet\" data-width=\"500\" data-dnt=\"true\">\n<p lang=\"en\" dir=\"ltr\">BREAKING! Provisional riders entry list for the <a href=\"https:\/\/twitter.com\/hashtag\/UAETour?src=hash&amp;ref_src=twsrc%5Etfw\">#UAETour<\/a> 2021.<br \/>Click the below link to see the full list! <a href=\"https:\/\/t.co\/dT59BQQlbr\">https:\/\/t.co\/dT59BQQlbr<\/a> <a href=\"https:\/\/t.co\/RiJBb7AEU8\">pic.twitter.com\/RiJBb7AEU8<\/a><\/p>\n<p>&mdash; UAE Tour Official (@uae_tour) <a href=\"https:\/\/twitter.com\/uae_tour\/status\/1361628701285380096?ref_src=twsrc%5Etfw\">February 16, 2021<\/a><\/p><\/blockquote>\n<p><script async data-src=\"https:\/\/platform.twitter.com\/widgets.js\" charset=\"utf-8\"><\/script><\/div>\n<p>\u201eW UAE Tour wyst\u0105pi\u0105 czo\u0142owi kolarze \u015bwiata, wi\u0119c mo\u017cna spodziewa\u0107 si\u0119 zaci\u0119tej rywalizacji w poszczeg\u00f3lnych klasyfikacjach, a tak\u017ce za\u017cartej walki o zwyci\u0119stwa etapowe\u201d \u2013 podgrzewa atmosfer\u0119 oficjalna strona wy\u015bcigu.<\/p>\n<p>Zawodnicy b\u0119d\u0105 rywalizowali o czerwon\u0105 koszulk\u0119 lidera klasyfikacji generalnej, zielon\u0105 dla lidera klasyfikacji punktowej, bia\u0142\u0105 dla najlepszego m\u0142odzie\u017cowca oraz czarn\u0105 dla najlepszego sprintera. A w tym roku koszulki prezentuj\u0105 si\u0119 tak:<\/p>\n<div class=\"embed-controller-wrapper\">\n<blockquote class=\"twitter-tweet\" data-width=\"500\" data-dnt=\"true\">\n<p lang=\"ar\" dir=\"rtl\">\u062e\u0628\u0631 \u0639\u0627\u062c\u0644: \u0627\u0644\u0642\u0645\u0635\u0627\u0646 \u0627\u0644\u0631\u0633\u0645\u064a\u0629 \u0644\u0637\u0648\u0627\u0641 \u0627\u0644\u0625\u0645\u0627\u0631\u0627\u062a 2021 \u0627\u0644\u062a\u064a \u0633\u064a\u062a\u0646\u0627\u0641\u0633 \u0639\u0644\u064a\u0647\u0627 140 \u062f\u0631\u0651\u0627\u062c \u0645\u0634\u0627\u0631\u0643 \u0641\u064a <a href=\"https:\/\/twitter.com\/hashtag\/%D8%B7%D9%88%D8%A7%D9%81_%D8%A7%D9%84%D8%A5%D9%85%D8%A7%D8%B1%D8%A7%D8%AA?src=hash&amp;ref_src=twsrc%5Etfw\">#\u0637\u0648\u0627\u0641_\u0627\u0644\u0625\u0645\u0627\u0631\u0627\u062a<\/a><\/p>\n<p>\u0627\u0644\u0623\u062d\u0645\u0631: <a href=\"https:\/\/twitter.com\/ADNOCGroup?ref_src=twsrc%5Etfw\">@AdnocGroup<\/a> <br \/>\u0627\u0644\u0623\u062e\u0636\u0631: @Etisalat<br \/>\u0627\u0644\u0623\u0628\u064a\u0636: <a href=\"https:\/\/twitter.com\/Nakheel?ref_src=twsrc%5Etfw\">@Nakheel<\/a><br \/>\u0627\u0644\u0623\u0633\u0648\u062f: <a href=\"https:\/\/twitter.com\/ADAviation_1975?ref_src=twsrc%5Etfw\">@ADAviation_1975<\/a> <\/p>\n<p>\u062a\u0642\u062f\u0645\u0629 \u0634\u0631\u064a\u0643\u0646\u0627 \u0644\u0644\u0642\u0645\u0635\u0627\u0646 \u0627\u0644\u0631\u0633\u0645\u064a\u0629 <a href=\"https:\/\/twitter.com\/ALE_cycling?ref_src=twsrc%5Etfw\">@ALE_cycling<\/a> <a href=\"https:\/\/t.co\/LhSeakmlgb\">pic.twitter.com\/LhSeakmlgb<\/a><\/p>\n<p>&mdash; UAE Tour Official (@uae_tour) <a href=\"https:\/\/twitter.com\/uae_tour\/status\/1354379495332065281?ref_src=twsrc%5Etfw\">January 27, 2021<\/a><\/p><\/blockquote>\n<p><script async data-src=\"https:\/\/platform.twitter.com\/widgets.js\" charset=\"utf-8\"><\/script><\/div>\n<p>UAE Tour to nie tylko wy\u015bcig rozpoczynaj\u0105cy rywalizacj\u0119 w UCI World Tour, ale tak\u017ce impreza, kt\u00f3ra potrafi by\u0107 dobrym prognostykiem na ca\u0142y sezon. W poprzednim roku drugie miejsce zaj\u0105\u0142 bowiem Tadej Pogacar, kt\u00f3ry kilka miesi\u0119cy p\u00f3\u017aniej triumfowa\u0142 w Tour de France. Z kolei w 2019 r. zwyci\u0119\u017cy\u0142 Primo\u017c Rogli\u0107, p\u00f3\u017aniejszy dwukrotny triumfator Vuelta a Espana (w 2019 i 2020 r.), a tak\u017ce zdobywca drugiego miejsca w ubieg\u0142orocznym Tour de France.<\/p>\n<p>Zreszt\u0105 zobaczcie sami, jakiej walki mo\u017cna spodziewa\u0107 si\u0119 od niedzieli w Zjednoczonych Emiratach Arabskich<\/p>\n<div class=\"embed-controller-wrapper\">\n<blockquote class=\"twitter-tweet\" data-width=\"500\" data-dnt=\"true\">\n<p lang=\"en\" dir=\"ltr\">WATCH \ud83d\udcf8: What we can expect from the participating riders at the upcoming UAE Tour \u2013 more thrilling, on-the-edge-of-your-seat race action! \ud83d\udc4a<\/p>\n<p>What are your thoughts on the rider line-up so far? <a href=\"https:\/\/twitter.com\/hashtag\/UAETour?src=hash&amp;ref_src=twsrc%5Etfw\">#UAETour<\/a> <a href=\"https:\/\/t.co\/oqGUmTWmnn\">pic.twitter.com\/oqGUmTWmnn<\/a><\/p>\n<p>&mdash; UAE Tour Official (@uae_tour) <a href=\"https:\/\/twitter.com\/uae_tour\/status\/1352255006657966081?ref_src=twsrc%5Etfw\">January 21, 2021<\/a><\/p><\/blockquote>\n<p><script async data-src=\"https:\/\/platform.twitter.com\/widgets.js\" charset=\"utf-8\"><\/script><\/div>\n<p>Gotowi? No to startujemy z kolarsk\u0105 lig\u0105 mistrz\u00f3w!<\/p>\n<p><span data-sheets-value=\"{&quot;1&quot;:2,&quot;2&quot;:&quot;Artyku\u0142 powsta\u0142 we wsp\u00f3\u0142pracy ze skoda-auto.pl&quot;}\" data-sheets-userformat=\"{&quot;2&quot;:1,&quot;3&quot;:{&quot;1&quot;:0}}\" data-sheets-hyperlink=\"http:\/\/www.skoda-auto.pl\/\"><a class=\"in-cell-link\" href=\"http:\/\/www.skoda-auto.pl\/\" target=\"_blank\" rel=\"noopener noreferrer\">Artyku\u0142 powsta\u0142 we wsp\u00f3\u0142pracy ze skoda-auto.pl<\/a><\/span><\/p>\n<p><a href=\"https:\/\/www.skoda-auto.pl\/modele\/kodiaq\"><img loading=\"lazy\" decoding=\"async\" class=\"size-full wp-image-11327 aligncenter\" src=\"https:\/\/d2p6e6u75xmxt8.cloudfront.net\/5\/2021\/12\/baner-WLC.jpg\" alt=\"\" width=\"640\" height=\"350\" srcset=\"https:\/\/d2p6e6u75xmxt8.cloudfront.net\/5\/2021\/12\/baner-WLC.jpg 640w, https:\/\/d2p6e6u75xmxt8.cloudfront.net\/5\/2021\/12\/baner-WLC-300x164.jpg 300w\" sizes=\"auto, (max-width: 640px) 100vw, 640px\" \/><\/a><\/p>\n<p>&nbsp;<\/p>\n","protected":false},"excerpt":{"rendered":"<p>Startuje kolarska liga mistrz\u00f3w! Ju\u017c w niedziel\u0119 zaczyna si\u0119 UAE Tour, kt\u00f3ry inauguruje wy\u015bcigi z serii UCI World Tour 2021. [&hellip;]<\/p>\n","protected":false},"author":125,"featured_media":11511,"comment_status":"open","ping_status":"open","sticky":false,"template":"","format":"standard","meta":{"footnotes":""},"categories":[6,295],"tags":[],"global-categories":[303],"class_list":["post-11506","post","type-post","status-publish","format-standard","has-post-thumbnail","hentry","category-kolarstwo-szosowe","category-zawody","global-categories-cycling"],"yoast_head":"<!-- This site is optimized with the Yoast SEO Premium plugin v25.3 (Yoast SEO v25.9) - https:\/\/yoast.com\/wordpress\/plugins\/seo\/ -->\n<title>Nareszcie! Mistrzowie zn\u00f3w staj\u0105 na starcie! - \u0160koda We Love Cycling - Poland<\/title>\n<meta name=\"description\" content=\"Startuje kolarska liga mistrz\u00f3w! Ju\u017c w niedziel\u0119 zaczyna si\u0119 UAE Tour, kt\u00f3ry inauguruje wy\u015bcigi z serii UCI World Tour 2021.\" \/>\n<meta name=\"robots\" content=\"index, follow, max-snippet:-1, max-image-preview:large, max-video-preview:-1\" \/>\n<link rel=\"canonical\" href=\"https:\/\/www.welovecycling.com\/pl\/2021\/02\/19\/nareszcie-mistrzowie-znow-staja-na-starcie\/\" \/>\n<meta property=\"og:locale\" content=\"pl_PL\" \/>\n<meta property=\"og:type\" content=\"article\" \/>\n<meta property=\"og:title\" content=\"Nareszcie! Mistrzowie zn\u00f3w staj\u0105 na starcie!\" \/>\n<meta property=\"og:description\" content=\"Startuje kolarska liga mistrz\u00f3w! Ju\u017c w niedziel\u0119 zaczyna si\u0119 UAE Tour, kt\u00f3ry inauguruje wy\u015bcigi z serii UCI World Tour 2021.\" \/>\n<meta property=\"og:url\" content=\"https:\/\/www.welovecycling.com\/pl\/2021\/02\/19\/nareszcie-mistrzowie-znow-staja-na-starcie\/\" \/>\n<meta property=\"og:site_name\" content=\"\u0160koda We Love Cycling - Poland\" \/>\n<meta property=\"article:published_time\" content=\"2021-02-19T13:19:52+00:00\" \/>\n<meta property=\"og:image\" content=\"https:\/\/d2p6e6u75xmxt8.cloudfront.net\/5\/2021\/02\/Ivan-Sosa-profimedia-0591052462-CVR-1024x450-1.jpg\" \/>\n\t<meta property=\"og:image:width\" content=\"1024\" \/>\n\t<meta property=\"og:image:height\" content=\"450\" \/>\n\t<meta property=\"og:image:type\" content=\"image\/jpeg\" \/>\n<meta name=\"author\" content=\"oktawiamikulska\" \/>\n<meta name=\"twitter:card\" content=\"summary_large_image\" \/>\n<meta name=\"twitter:label1\" content=\"Written by\" \/>\n\t<meta name=\"twitter:data1\" content=\"Piotr Jawor\" \/>\n\t<meta name=\"twitter:label2\" content=\"Est. reading time\" \/>\n\t<meta name=\"twitter:data2\" content=\"3 minutes\" \/>\n<script type=\"application\/ld+json\" class=\"yoast-schema-graph\">{\"@context\":\"https:\/\/schema.org\",\"@graph\":[{\"@type\":\"WebPage\",\"@id\":\"https:\/\/www.welovecycling.com\/pl\/2021\/02\/19\/nareszcie-mistrzowie-znow-staja-na-starcie\/\",\"url\":\"https:\/\/www.welovecycling.com\/pl\/2021\/02\/19\/nareszcie-mistrzowie-znow-staja-na-starcie\/\",\"name\":\"Nareszcie! Mistrzowie zn\u00f3w staj\u0105 na starcie! - \u0160koda We Love Cycling - Poland\",\"isPartOf\":{\"@id\":\"https:\/\/www.welovecycling.com\/pl\/#website\"},\"primaryImageOfPage\":{\"@id\":\"https:\/\/www.welovecycling.com\/pl\/2021\/02\/19\/nareszcie-mistrzowie-znow-staja-na-starcie\/#primaryimage\"},\"image\":{\"@id\":\"https:\/\/www.welovecycling.com\/pl\/2021\/02\/19\/nareszcie-mistrzowie-znow-staja-na-starcie\/#primaryimage\"},\"thumbnailUrl\":\"https:\/\/d2p6e6u75xmxt8.cloudfront.net\/5\/2021\/02\/Ivan-Sosa-profimedia-0591052462-CVR-1024x450-1.jpg\",\"datePublished\":\"2021-02-19T13:19:52+00:00\",\"author\":{\"@id\":\"https:\/\/www.welovecycling.com\/pl\/#\/schema\/person\/4a79bac7bd265aa6a35a1079d36648be\"},\"description\":\"Startuje kolarska liga mistrz\u00f3w! Ju\u017c w niedziel\u0119 zaczyna si\u0119 UAE Tour, kt\u00f3ry inauguruje wy\u015bcigi z serii UCI World Tour 2021.\",\"breadcrumb\":{\"@id\":\"https:\/\/www.welovecycling.com\/pl\/2021\/02\/19\/nareszcie-mistrzowie-znow-staja-na-starcie\/#breadcrumb\"},\"inLanguage\":\"pl-PL\",\"potentialAction\":[{\"@type\":\"ReadAction\",\"target\":[\"https:\/\/www.welovecycling.com\/pl\/2021\/02\/19\/nareszcie-mistrzowie-znow-staja-na-starcie\/\"]}]},{\"@type\":\"ImageObject\",\"inLanguage\":\"pl-PL\",\"@id\":\"https:\/\/www.welovecycling.com\/pl\/2021\/02\/19\/nareszcie-mistrzowie-znow-staja-na-starcie\/#primaryimage\",\"url\":\"https:\/\/d2p6e6u75xmxt8.cloudfront.net\/5\/2021\/02\/Ivan-Sosa-profimedia-0591052462-CVR-1024x450-1.jpg\",\"contentUrl\":\"https:\/\/d2p6e6u75xmxt8.cloudfront.net\/5\/2021\/02\/Ivan-Sosa-profimedia-0591052462-CVR-1024x450-1.jpg\",\"width\":1024,\"height\":450},{\"@type\":\"BreadcrumbList\",\"@id\":\"https:\/\/www.welovecycling.com\/pl\/2021\/02\/19\/nareszcie-mistrzowie-znow-staja-na-starcie\/#breadcrumb\",\"itemListElement\":[{\"@type\":\"ListItem\",\"position\":1,\"name\":\"Home\",\"item\":\"https:\/\/www.welovecycling.com\/pl\/\"},{\"@type\":\"ListItem\",\"position\":2,\"name\":\"Nareszcie! Mistrzowie zn\u00f3w staj\u0105 na starcie!\"}]},{\"@type\":\"WebSite\",\"@id\":\"https:\/\/www.welovecycling.com\/pl\/#website\",\"url\":\"https:\/\/www.welovecycling.com\/pl\/\",\"name\":\"\u0160koda We Love Cycling - Poland\",\"description\":\"\",\"potentialAction\":[{\"@type\":\"SearchAction\",\"target\":{\"@type\":\"EntryPoint\",\"urlTemplate\":\"https:\/\/www.welovecycling.com\/pl\/?s={search_term_string}\"},\"query-input\":{\"@type\":\"PropertyValueSpecification\",\"valueRequired\":true,\"valueName\":\"search_term_string\"}}],\"inLanguage\":\"pl-PL\"},{\"@type\":\"Person\",\"@id\":\"https:\/\/www.welovecycling.com\/pl\/#\/schema\/person\/4a79bac7bd265aa6a35a1079d36648be\",\"name\":\"oktawiamikulska\",\"image\":{\"@type\":\"ImageObject\",\"inLanguage\":\"pl-PL\",\"@id\":\"https:\/\/www.welovecycling.com\/pl\/#\/schema\/person\/image\/\",\"url\":\"https:\/\/secure.gravatar.com\/avatar\/b97a3f44e2de6d2f8dd358975937e49823662e12cbd810b9d1a2bff1c149e8a7?s=96&d=mm&r=g\",\"contentUrl\":\"https:\/\/secure.gravatar.com\/avatar\/b97a3f44e2de6d2f8dd358975937e49823662e12cbd810b9d1a2bff1c149e8a7?s=96&d=mm&r=g\",\"caption\":\"oktawiamikulska\"},\"url\":\"https:\/\/www.welovecycling.com\/pl\/author\/oktawiamikulska\/\"}]}<\/script>\n<!-- \/ Yoast SEO Premium plugin. -->","yoast_head_json":{"title":"Nareszcie! Mistrzowie zn\u00f3w staj\u0105 na starcie! - \u0160koda We Love Cycling - Poland","description":"Startuje kolarska liga mistrz\u00f3w! Ju\u017c w niedziel\u0119 zaczyna si\u0119 UAE Tour, kt\u00f3ry inauguruje wy\u015bcigi z serii UCI World Tour 2021.","robots":{"index":"index","follow":"follow","max-snippet":"max-snippet:-1","max-image-preview":"max-image-preview:large","max-video-preview":"max-video-preview:-1"},"canonical":"https:\/\/www.welovecycling.com\/pl\/2021\/02\/19\/nareszcie-mistrzowie-znow-staja-na-starcie\/","og_locale":"pl_PL","og_type":"article","og_title":"Nareszcie! Mistrzowie zn\u00f3w staj\u0105 na starcie!","og_description":"Startuje kolarska liga mistrz\u00f3w! Ju\u017c w niedziel\u0119 zaczyna si\u0119 UAE Tour, kt\u00f3ry inauguruje wy\u015bcigi z serii UCI World Tour 2021.","og_url":"https:\/\/www.welovecycling.com\/pl\/2021\/02\/19\/nareszcie-mistrzowie-znow-staja-na-starcie\/","og_site_name":"\u0160koda We Love Cycling - Poland","article_published_time":"2021-02-19T13:19:52+00:00","og_image":[{"width":1024,"height":450,"url":"https:\/\/d2p6e6u75xmxt8.cloudfront.net\/5\/2021\/02\/Ivan-Sosa-profimedia-0591052462-CVR-1024x450-1.jpg","type":"image\/jpeg"}],"author":"oktawiamikulska","twitter_card":"summary_large_image","twitter_misc":{"Written by":"Piotr Jawor","Est. reading time":"3 minutes"},"schema":{"@context":"https:\/\/schema.org","@graph":[{"@type":"WebPage","@id":"https:\/\/www.welovecycling.com\/pl\/2021\/02\/19\/nareszcie-mistrzowie-znow-staja-na-starcie\/","url":"https:\/\/www.welovecycling.com\/pl\/2021\/02\/19\/nareszcie-mistrzowie-znow-staja-na-starcie\/","name":"Nareszcie! Mistrzowie zn\u00f3w staj\u0105 na starcie! - \u0160koda We Love Cycling - Poland","isPartOf":{"@id":"https:\/\/www.welovecycling.com\/pl\/#website"},"primaryImageOfPage":{"@id":"https:\/\/www.welovecycling.com\/pl\/2021\/02\/19\/nareszcie-mistrzowie-znow-staja-na-starcie\/#primaryimage"},"image":{"@id":"https:\/\/www.welovecycling.com\/pl\/2021\/02\/19\/nareszcie-mistrzowie-znow-staja-na-starcie\/#primaryimage"},"thumbnailUrl":"https:\/\/d2p6e6u75xmxt8.cloudfront.net\/5\/2021\/02\/Ivan-Sosa-profimedia-0591052462-CVR-1024x450-1.jpg","datePublished":"2021-02-19T13:19:52+00:00","author":{"@id":"https:\/\/www.welovecycling.com\/pl\/#\/schema\/person\/4a79bac7bd265aa6a35a1079d36648be"},"description":"Startuje kolarska liga mistrz\u00f3w! Ju\u017c w niedziel\u0119 zaczyna si\u0119 UAE Tour, kt\u00f3ry inauguruje wy\u015bcigi z serii UCI World Tour 2021.","breadcrumb":{"@id":"https:\/\/www.welovecycling.com\/pl\/2021\/02\/19\/nareszcie-mistrzowie-znow-staja-na-starcie\/#breadcrumb"},"inLanguage":"pl-PL","potentialAction":[{"@type":"ReadAction","target":["https:\/\/www.welovecycling.com\/pl\/2021\/02\/19\/nareszcie-mistrzowie-znow-staja-na-starcie\/"]}]},{"@type":"ImageObject","inLanguage":"pl-PL","@id":"https:\/\/www.welovecycling.com\/pl\/2021\/02\/19\/nareszcie-mistrzowie-znow-staja-na-starcie\/#primaryimage","url":"https:\/\/d2p6e6u75xmxt8.cloudfront.net\/5\/2021\/02\/Ivan-Sosa-profimedia-0591052462-CVR-1024x450-1.jpg","contentUrl":"https:\/\/d2p6e6u75xmxt8.cloudfront.net\/5\/2021\/02\/Ivan-Sosa-profimedia-0591052462-CVR-1024x450-1.jpg","width":1024,"height":450},{"@type":"BreadcrumbList","@id":"https:\/\/www.welovecycling.com\/pl\/2021\/02\/19\/nareszcie-mistrzowie-znow-staja-na-starcie\/#breadcrumb","itemListElement":[{"@type":"ListItem","position":1,"name":"Home","item":"https:\/\/www.welovecycling.com\/pl\/"},{"@type":"ListItem","position":2,"name":"Nareszcie! Mistrzowie zn\u00f3w staj\u0105 na starcie!"}]},{"@type":"WebSite","@id":"https:\/\/www.welovecycling.com\/pl\/#website","url":"https:\/\/www.welovecycling.com\/pl\/","name":"\u0160koda We Love Cycling - Poland","description":"","potentialAction":[{"@type":"SearchAction","target":{"@type":"EntryPoint","urlTemplate":"https:\/\/www.welovecycling.com\/pl\/?s={search_term_string}"},"query-input":{"@type":"PropertyValueSpecification","valueRequired":true,"valueName":"search_term_string"}}],"inLanguage":"pl-PL"},{"@type":"Person","@id":"https:\/\/www.welovecycling.com\/pl\/#\/schema\/person\/4a79bac7bd265aa6a35a1079d36648be","name":"oktawiamikulska","image":{"@type":"ImageObject","inLanguage":"pl-PL","@id":"https:\/\/www.welovecycling.com\/pl\/#\/schema\/person\/image\/","url":"https:\/\/secure.gravatar.com\/avatar\/b97a3f44e2de6d2f8dd358975937e49823662e12cbd810b9d1a2bff1c149e8a7?s=96&d=mm&r=g","contentUrl":"https:\/\/secure.gravatar.com\/avatar\/b97a3f44e2de6d2f8dd358975937e49823662e12cbd810b9d1a2bff1c149e8a7?s=96&d=mm&r=g","caption":"oktawiamikulska"},"url":"https:\/\/www.welovecycling.com\/pl\/author\/oktawiamikulska\/"}]}},"_links":{"self":[{"href":"https:\/\/www.welovecycling.com\/pl\/wp-json\/wp\/v2\/posts\/11506","targetHints":{"allow":["GET"]}}],"collection":[{"href":"https:\/\/www.welovecycling.com\/pl\/wp-json\/wp\/v2\/posts"}],"about":[{"href":"https:\/\/www.welovecycling.com\/pl\/wp-json\/wp\/v2\/types\/post"}],"author":[{"embeddable":true,"href":"https:\/\/www.welovecycling.com\/pl\/wp-json\/wp\/v2\/users\/125"}],"replies":[{"embeddable":true,"href":"https:\/\/www.welovecycling.com\/pl\/wp-json\/wp\/v2\/comments?post=11506"}],"version-history":[{"count":1,"href":"https:\/\/www.welovecycling.com\/pl\/wp-json\/wp\/v2\/posts\/11506\/revisions"}],"predecessor-version":[{"id":11512,"href":"https:\/\/www.welovecycling.com\/pl\/wp-json\/wp\/v2\/posts\/11506\/revisions\/11512"}],"wp:featuredmedia":[{"embeddable":true,"href":"https:\/\/www.welovecycling.com\/pl\/wp-json\/wp\/v2\/media\/11511"}],"wp:attachment":[{"href":"https:\/\/www.welovecycling.com\/pl\/wp-json\/wp\/v2\/media?parent=11506"}],"wp:term":[{"taxonomy":"category","embeddable":true,"href":"https:\/\/www.welovecycling.com\/pl\/wp-json\/wp\/v2\/categories?post=11506"},{"taxonomy":"post_tag","embeddable":true,"href":"https:\/\/www.welovecycling.com\/pl\/wp-json\/wp\/v2\/tags?post=11506"},{"taxonomy":"global-categories","embeddable":true,"href":"https:\/\/www.welovecycling.com\/pl\/wp-json\/wp\/v2\/global-categories?post=11506"}],"curies":[{"name":"wp","href":"https:\/\/api.w.org\/{rel}","templated":true}]}}