{"id":11498,"date":"2021-02-15T15:07:55","date_gmt":"2021-02-15T15:07:55","guid":{"rendered":"https:\/\/www.welovecycling.com\/pl\/?p=11498"},"modified":"2021-02-16T07:15:30","modified_gmt":"2021-02-16T07:15:30","slug":"wskazowki-dotyczace-bikepackingu-jak-i-co-spakowac-na-wycieczke-rowerowa","status":"publish","type":"post","link":"https:\/\/www.welovecycling.com\/pl\/2021\/02\/15\/wskazowki-dotyczace-bikepackingu-jak-i-co-spakowac-na-wycieczke-rowerowa\/","title":{"rendered":"Wskaz\u00f3wki dotycz\u0105ce bikepackingu: jak i co spakowa\u0107 na wycieczk\u0119 rowerow\u0105"},"content":{"rendered":"<p><strong>W dw\u00f3ch poprzednich artyku\u0142ach podpowiada\u0142em, jak wybra\u0107 odpowiedni rower i torby na bikepacking. Dzi\u015b porozmawiamy o tym, co i jak spakowa\u0107 w podr\u00f3\u017c rowerem.<\/strong><\/p>\n<p>Uwa\u017cam, \u017ce ka\u017cda wyprawa bikepackingowa jest inna i nale\u017cy j\u0105 dok\u0142adnie zaplanowa\u0107, aby wydoby\u0107 z niej to, co najlepsze. Ja w\u0142a\u015bnie tak do tego podchodz\u0119. Dlatego lubi\u0119 \u201eprzejecha\u0107\u201d zaplanowan\u0105 tras\u0119 na mapie, pr\u00f3buj\u0105c przewidzie\u0107, jaki sprz\u0119t b\u0119dzie mi potrzebny na tej konkretnej wyprawie. Bior\u0119 pod uwag\u0119 wiele czynnik\u00f3w, w tym d\u0142ugo\u015b\u0107 podr\u00f3\u017cy, prognoz\u0119 pogody, przebieg trasy, po\u0142o\u017cenie geograficzne itp. Jak wspomnia\u0142em w jednym z moich poprzednich artyku\u0142\u00f3w, torby bikepackingowe s\u0105 do\u015b\u0107 kompaktowe w por\u00f3wnaniu ze standardowymi sakwami turystycznymi, wi\u0119c zawsze musz\u0119 i\u015b\u0107 na kompromis. Wszystko, co planuj\u0119 zabra\u0107, najpierw k\u0142ad\u0119 na \u0142\u00f3\u017cku czy na dywanie, a nie pakuj\u0119 od razu do toreb. Robi\u0119 tak dlatego, \u017ce na kolejnym etapie zawsze i tak si\u0119 przepakowuj\u0119. Zazwyczaj te\u017c musz\u0119 z czego\u015b zrezygnowa\u0107, \u017ceby ostatecznie zmie\u015bci\u0107 si\u0119 w torbach, kt\u00f3re mam.<\/p>\n<figure id=\"attachment_181458\" aria-describedby=\"caption-attachment-181458\" style=\"width: 1024px\" class=\"wp-caption alignnone\"><img loading=\"lazy\" decoding=\"async\" class=\"loading wp-image-181458 size-large\" src=\"https:\/\/d2p6e6u75xmxt8.cloudfront.net\/2\/2021\/01\/Bikepacking-profimedia-0462009322-1024x705.jpg\" sizes=\"auto, (max-width: 1024px) 100vw, 1024px\" srcset=\"https:\/\/d2p6e6u75xmxt8.cloudfront.net\/2\/2021\/01\/Bikepacking-profimedia-0462009322-1024x705.jpg 1024w, https:\/\/d2p6e6u75xmxt8.cloudfront.net\/2\/2021\/01\/Bikepacking-profimedia-0462009322-300x207.jpg 300w, https:\/\/d2p6e6u75xmxt8.cloudfront.net\/2\/2021\/01\/Bikepacking-profimedia-0462009322-768x529.jpg 768w, https:\/\/d2p6e6u75xmxt8.cloudfront.net\/2\/2021\/01\/Bikepacking-profimedia-0462009322.jpg 1250w\" alt=\"Bikepacking panniers\" width=\"1024\" height=\"705\" data-was-processed=\"true\" \/><figcaption id=\"caption-attachment-181458\" class=\"wp-caption-text\">Uwa\u017caj, aby nie przesadzi\u0107 z baga\u017cem \u00a9 Profimedia<\/figcaption><\/figure>\n<p>Podczas pakowania nale\u017cy uwa\u017ca\u0107 na ci\u0119\u017car baga\u017cy, poniewa\u017c niew\u0142a\u015bciwy ich rozk\u0142ad mo\u017ce sprawi\u0107, \u017ce prowadzenie roweru stanie si\u0119 koszmarem. Jak wspomnia\u0142em w poprzednim artykule, ci\u0119\u017ckie rzeczy wk\u0142adam do torby na ram\u0119, rzeczy do biwakowania do torby na kierownic\u0119, sprz\u0119t do u\u017cywania w ci\u0105gu dnia oraz buty do sakwy, a akcesoria i \u017cywno\u015b\u0107 \u2013 do toreb na napoje. To m\u00f3j sprawdzony spos\u00f3b na bikepacking, kt\u00f3ry zawsze dzia\u0142a. Kiedy zabieram jeszcze namiot, przypinam stela\u017c do widelca.<\/p>\n<p>A zatem co powiniene\u015b spakowa\u0107? Nie ma na to idealnej formu\u0142y. Znaczenie ma niesko\u0144czona ilo\u015b\u0107 czynnik\u00f3w. Trasa 1000 km mo\u017ce wygl\u0105da\u0107 zupe\u0142nie inaczej w Grecji czy Europie \u015arodkowej. Ale pewne rzeczy s\u0105 niezb\u0119dne, \u017ceby\u015b nie wpad\u0142 w k\u0142opoty i m\u00f3g\u0142 wygodnie podr\u00f3\u017cowa\u0107 \u2013 niezale\u017cnie od tego, dok\u0105d jedziesz i na jak d\u0142ugo. Ja korzystam z list, bo wtedy rzadko o czym\u015b zapominam. Ch\u0119tnie si\u0119 nimi z Tob\u0105 podziel\u0119.<\/p>\n<h2><strong>Narz\u0119dzia i przyrz\u0105dy<\/strong><\/h2>\n<figure id=\"attachment_181452\" aria-describedby=\"caption-attachment-181452\" style=\"width: 1000px\" class=\"wp-caption alignnone\"><img loading=\"lazy\" decoding=\"async\" class=\"loading wp-image-181452 size-full\" src=\"https:\/\/d2p6e6u75xmxt8.cloudfront.net\/2\/2021\/01\/tools.jpg\" sizes=\"auto, (max-width: 1000px) 100vw, 1000px\" srcset=\"https:\/\/d2p6e6u75xmxt8.cloudfront.net\/2\/2021\/01\/tools.jpg 1000w, https:\/\/d2p6e6u75xmxt8.cloudfront.net\/2\/2021\/01\/tools-300x192.jpg 300w, https:\/\/d2p6e6u75xmxt8.cloudfront.net\/2\/2021\/01\/tools-768x492.jpg 768w\" alt=\"Bike tools\" width=\"1000\" height=\"640\" data-was-processed=\"true\" \/><figcaption id=\"caption-attachment-181452\" class=\"wp-caption-text\">Zawsze sprawd\u017a sw\u00f3j zestaw narz\u0119dzi<\/figcaption><\/figure>\n<p>Te przedmioty s\u0105 pierwszymi, kt\u00f3re pakuj\u0119 za ka\u017cdym razem, gdy wyruszam w drog\u0119. \u015awiat\u0142a, bidony, GPS firmy Garmin i smartfona od razu montuj\u0119 na rowerze, reszt\u0119 chowam do torby na ram\u0119:<\/p>\n<p>\u2013 pompka,<\/p>\n<p>\u2013 <a href=\"https:\/\/www.welovecycling.com\/wide\/2021\/01\/29\/bikepacking-tips-a-small-essential-kit-for-big-bikepacking-adventures\/\">niezb\u0119dny zestaw narz\u0119dzi z tego artyku\u0142u<\/a>,<\/p>\n<p>\u2013 zapasowa d\u0119tka (nawet je\u015bli u\u017cywam opon bezd\u0119tkowych),<\/p>\n<p>\u2013 skuwacz \u0142a\u0144cucha,<\/p>\n<p>\u2013<a href=\"https:\/\/www.parktool.com\/product\/super-patch-kit-gp-2\"> <u>samoprzylepne \u0142atki Park Tool,<\/u><\/a><\/p>\n<p>\u2013 ta\u015bma klej\u0105ca, kt\u00f3r\u0105 owijam wok\u00f3\u0142 starej karty kredytowej,<\/p>\n<p>\u2013 \u0142\u0105cznik do \u0142a\u0144cucha,<\/p>\n<p>\u2013 zapasowy haczyk do przerzutki,<\/p>\n<p>\u2013 \u0142adowarka mobilna,<\/p>\n<p>\u2013 powerbank,<\/p>\n<p>\u2013 \u015bwiat\u0142a przednie i tylne,<\/p>\n<p>\u2013 dwie trytytki,<\/p>\n<p>\u2013 batony energetyczne,<\/p>\n<p>\u2013 leki przeciwb\u00f3lowe,<\/p>\n<p>\u2013 dwa bidony,<\/p>\n<p>\u2013 blokada rowerowa,<\/p>\n<p>\u2013 smar do \u0142a\u0144cucha,<\/p>\n<p>\u2013 narz\u0119dzie uniwersalne,<\/p>\n<p>\u2013 szwajcarski n\u00f3\u017c,<\/p>\n<p>\u2013 koc termiczny,<\/p>\n<p>\u2013 smartfon z mapami offline,<\/p>\n<p>\u2013 Garmin z za\u0142adowanymi trasami,<\/p>\n<p>\u2013 uchwyt mobilny (u\u017cywam Quad Lock z wodoodpornym pokrowcem),<\/p>\n<p>\u2013 krem przeciws\u0142oneczny i \u015brodek odstraszaj\u0105cy komary,<\/p>\n<p>\u2013 pasta do z\u0119b\u00f3w i szczoteczka,<\/p>\n<p>\u2013 pieni\u0105dze,<\/p>\n<p>\u2013 kopia dowodu osobistego.<\/p>\n<h2><strong>Sprz\u0119t do spania<\/strong><\/h2>\n<figure id=\"attachment_181454\" aria-describedby=\"caption-attachment-181454\" style=\"width: 1024px\" class=\"wp-caption alignnone\"><img loading=\"lazy\" decoding=\"async\" class=\"loading wp-image-181454 size-large\" src=\"https:\/\/d2p6e6u75xmxt8.cloudfront.net\/2\/2021\/01\/tent-1024x576.jpg\" sizes=\"auto, (max-width: 1024px) 100vw, 1024px\" srcset=\"https:\/\/d2p6e6u75xmxt8.cloudfront.net\/2\/2021\/01\/tent-1024x576.jpg 1024w, https:\/\/d2p6e6u75xmxt8.cloudfront.net\/2\/2021\/01\/tent-300x169.jpg 300w, https:\/\/d2p6e6u75xmxt8.cloudfront.net\/2\/2021\/01\/tent-768x432.jpg 768w, https:\/\/d2p6e6u75xmxt8.cloudfront.net\/2\/2021\/01\/tent-1536x864.jpg 1536w, https:\/\/d2p6e6u75xmxt8.cloudfront.net\/2\/2021\/01\/tent.jpg 1920w\" alt=\"Tent\" width=\"1024\" height=\"576\" data-was-processed=\"true\" \/><figcaption id=\"caption-attachment-181454\" class=\"wp-caption-text\">Namiotu u\u017cywam tylko wtedy, gdy jest to konieczne<\/figcaption><\/figure>\n<p>Kiedy ogarn\u0119 podstawy, zaczynam my\u015ble\u0107 o tym, jak i gdzie b\u0119d\u0119 spa\u0107 podczas podr\u00f3\u017cy. Od czasu do czasu lubi\u0119 nocowa\u0107 w hotelach, ale wi\u0119kszo\u015b\u0107 czasu \u015bpi\u0119 na \u015bwie\u017cym powietrzu. Przygotowuj\u0119 si\u0119 na dwie opcje: tryb \u201edobrej pogody\u201d i tryb \u201ewolna amerykanka\u201d.<\/p>\n<p>Przy \u0142adnej pogodzie lubi\u0119 spa\u0107 w hamaku. Nie jest to mo\u017ce zbyt wygodne, bo budz\u0119 si\u0119 wiele razy w nocy, ale daje mi poczucie bezpiecze\u0144stwa w przeciwie\u0144stwie do plandeki, kt\u00f3ra jednak r\u00f3wnie\u017c si\u0119 sprawdza przy dobrej pogodzie. U\u017cywam <a href=\"https:\/\/www.ticketothemoon.com\/hammock\/travel-hammock\"><u>hamaka typu king size<\/u><\/a>, poniewa\u017c wykorzystuj\u0119 dodatkowy materia\u0142 do przykrycia si\u0119, gdy noce s\u0105 ch\u0142odne lub gdy s\u0105 komary. Kiedy \u015bpisz w hamaku, mo\u017cesz odczuwa\u0107 ch\u0142\u00f3d od ziemi, dlatego polecam ultralekk\u0105 mat\u0119. Mo\u017cesz r\u00f3wnie\u017c wzbogaci\u0107 sw\u00f3j hamak o moskitier\u0119, a nawet wodoodporn\u0105 plandek\u0119, ale ja wol\u0119 tego nie robi\u0107, poniewa\u017c zwi\u0119ksza to wag\u0119 baga\u017cu. Zamiast tego lepiej wzi\u0105\u0107 namiot. Oczywi\u015bcie b\u0119dziesz potrzebowa\u0107 te\u017c \u015bpiwora. Moja lista na letnie wyjazdy z dobr\u0105 pogod\u0105 znajduje si\u0119 poni\u017cej. Wszystkie wymienione przedmioty trzymam w torbie na kierownic\u0119.<\/p>\n<p>\u2013 Hamak (lub plandeka),<\/p>\n<p>\u2013 mata do spania Ultralight,<\/p>\n<p>\u2013 \u015bpiw\u00f3r,<\/p>\n<p>\u2013 czo\u0142\u00f3wka.<\/p>\n<figure id=\"attachment_181453\" aria-describedby=\"caption-attachment-181453\" style=\"width: 1008px\" class=\"wp-caption alignnone\"><img loading=\"lazy\" decoding=\"async\" class=\"loading wp-image-181453 size-full\" src=\"https:\/\/d2p6e6u75xmxt8.cloudfront.net\/2\/2021\/01\/Hammock.jpg\" sizes=\"auto, (max-width: 1008px) 100vw, 1008px\" srcset=\"https:\/\/d2p6e6u75xmxt8.cloudfront.net\/2\/2021\/01\/Hammock.jpg 1008w, https:\/\/d2p6e6u75xmxt8.cloudfront.net\/2\/2021\/01\/Hammock-300x225.jpg 300w, https:\/\/d2p6e6u75xmxt8.cloudfront.net\/2\/2021\/01\/Hammock-768x576.jpg 768w\" alt=\"Hammock\" width=\"1008\" height=\"756\" data-was-processed=\"true\" \/><figcaption id=\"caption-attachment-181453\" class=\"wp-caption-text\">Dobry sen jest wa\u017cny<\/figcaption><\/figure>\n<p>Je\u015bli pogoda jest niepewna, zwykle wybieram namiot. \u015api\u0119 naprawd\u0119 dobrze i nast\u0119pnego ranka czuj\u0119 si\u0119 wypocz\u0119ty. Ale nawet je\u015bli mam ultralekki pojedynczy namiot, to nadal jest on ci\u0119\u017cszy i zajmuje wi\u0119cej miejsca ni\u017c hamak, wi\u0119c u\u017cywam go tylko wtedy, gdy jest to konieczne. Je\u015bli pogoda zapowiada si\u0119 na deszczow\u0105, ale wci\u0105\u017c jest ciep\u0142o, odpuszczam \u015bpiw\u00f3r, aby zmniejszy\u0107 wag\u0119 baga\u017cu. Zamiast niego stosuj\u0119 bluz\u0119 termiczn\u0105 z merynos\u00f3w i prost\u0105 wk\u0142adk\u0119 do \u015bpiwora. Zatem moja lista rzeczy do biwakowania przy niepewnej pogodzie wygl\u0105da nast\u0119puj\u0105co:<\/p>\n<p>\u2013 ultralekki namiot,<\/p>\n<p>\u2013 nadmuchiwana poduszka,<\/p>\n<p>\u2013 \u015bpiw\u00f3r lub wk\u0142adka do \u015bpiwora + bluza termiczna z merynos\u00f3w,<\/p>\n<p>\u2013 czo\u0142\u00f3wka.<\/p>\n<p>Wszystko opr\u00f3cz stela\u017cu namiotu pakuj\u0119 do torby na kierownic\u0119. Maszty przypinam do widelca za pomoc\u0105 kotwicy paskowej i <a href=\"https:\/\/www.voile.com\/voile-straps.html\"><u>pask\u00f3w Voile<\/u><\/a> (wi\u0119cej informacji na ich temat w moim poprzednim tek\u015bcie).<\/p>\n<p>Bluzy termiczne z merynos\u00f3w s\u0105 dobre nie tylko zim\u0105. Cz\u0119sto u\u017cywam ich latem zamiast \u015bpiwora, gdy \u015bpi\u0119 w namiocie.<\/p>\n<h2><strong>Ubranie<\/strong><\/h2>\n<figure id=\"attachment_181455\" aria-describedby=\"caption-attachment-181455\" style=\"width: 1000px\" class=\"wp-caption alignnone\"><img loading=\"lazy\" decoding=\"async\" class=\"loading wp-image-181455 size-full\" src=\"https:\/\/d2p6e6u75xmxt8.cloudfront.net\/2\/2021\/01\/Love-my-shirt.jpg\" sizes=\"auto, (max-width: 1000px) 100vw, 1000px\" srcset=\"https:\/\/d2p6e6u75xmxt8.cloudfront.net\/2\/2021\/01\/Love-my-shirt.jpg 1000w, https:\/\/d2p6e6u75xmxt8.cloudfront.net\/2\/2021\/01\/Love-my-shirt-300x200.jpg 300w, https:\/\/d2p6e6u75xmxt8.cloudfront.net\/2\/2021\/01\/Love-my-shirt-768x512.jpg 768w, https:\/\/d2p6e6u75xmxt8.cloudfront.net\/2\/2021\/01\/Love-my-shirt-272x182.jpg 272w\" alt=\"Bikepacking shirt\" width=\"1000\" height=\"667\" data-was-processed=\"true\" \/><figcaption id=\"caption-attachment-181455\" class=\"wp-caption-text\">Podczas bikepackingu wol\u0119 nosi\u0107 odzie\u017c szosow\u0105, poniewa\u017c jest bardziej wszechstronna i sprawdza si\u0119 te\u017c po zej\u015bciu z roweru.<\/figcaption><\/figure>\n<p>Dob\u00f3r ubra\u0144 zostawiam Ci do opracowania w wolnym czasie. Osobi\u015bcie u\u017cywam odzie\u017cy szosowej, kt\u00f3ra sprawdza si\u0119 r\u00f3wnie\u017c poza rowerem, dzi\u0119ki czemu mam l\u017cejszy baga\u017c. Lista ubra\u0144, kt\u00f3re zawsze zabieram ze sob\u0105, wygl\u0105da nast\u0119puj\u0105co:<\/p>\n<p>\u2013 jeden lub dwa zestawy ubra\u0144 (w zale\u017cno\u015bci od d\u0142ugo\u015bci wycieczki: jeden, je\u015bli podr\u00f3\u017c trwa jeden\u2013trzy dni, dwa \u2013 je\u015bli ponad cztery dni),<\/p>\n<p>\u2013 kurtka przeciwdeszczowa,<\/p>\n<p>\u2013 czapka kolarska,<\/p>\n<p>\u2013 czapka we\u0142niana,<\/p>\n<p>\u2013 koszulka kolarska (u\u017cywam Cascady, s\u0105 najlepsze, jakie kiedykolwiek pr\u00f3bowa\u0142em, i \u015bwietne r\u00f3wnie\u017c poza rowerem),<\/p>\n<p>\u2013 sanda\u0142y,<\/p>\n<p>\u2013 buty rowerowe,<\/p>\n<p>\u2013 ocieplacze na r\u0119ce i nogi na ch\u0142odn\u0105 pogod\u0119 (r\u00f3wnie\u017c dobre na noc, je\u015bli jest zimno),<\/p>\n<p>\u2013 r\u0119kawiczki rowerowe,<\/p>\n<p>\u2013 okulary rowerowe,<\/p>\n<p>\u2013 lekka pi\u017cama (je\u015bli nie bior\u0119 ubra\u0144 z merynosa),<\/p>\n<p>\u2013 str\u00f3j k\u0105pielowy i ultralekki r\u0119cznik, je\u015bli b\u0119dzie mo\u017cliwo\u015b\u0107 p\u0142ywania.<\/p>\n<p>To, czego nie zak\u0142adam na siebie od razu, trafia do sakwy.<\/p>\n<h2><strong>Gotowanie<\/strong><\/h2>\n<figure id=\"attachment_181456\" aria-describedby=\"caption-attachment-181456\" style=\"width: 1024px\" class=\"wp-caption alignnone\"><img loading=\"lazy\" decoding=\"async\" class=\"loading wp-image-181456 size-large\" src=\"https:\/\/d2p6e6u75xmxt8.cloudfront.net\/2\/2021\/01\/Coffee-making-1024x682.jpg\" sizes=\"auto, (max-width: 1024px) 100vw, 1024px\" srcset=\"https:\/\/d2p6e6u75xmxt8.cloudfront.net\/2\/2021\/01\/Coffee-making-1024x682.jpg 1024w, https:\/\/d2p6e6u75xmxt8.cloudfront.net\/2\/2021\/01\/Coffee-making-300x200.jpg 300w, https:\/\/d2p6e6u75xmxt8.cloudfront.net\/2\/2021\/01\/Coffee-making-768x512.jpg 768w, https:\/\/d2p6e6u75xmxt8.cloudfront.net\/2\/2021\/01\/Coffee-making-1536x1024.jpg 1536w, https:\/\/d2p6e6u75xmxt8.cloudfront.net\/2\/2021\/01\/Coffee-making-1920x1280.jpg 1920w, https:\/\/d2p6e6u75xmxt8.cloudfront.net\/2\/2021\/01\/Coffee-making-272x182.jpg 272w, https:\/\/d2p6e6u75xmxt8.cloudfront.net\/2\/2021\/01\/Coffee-making.jpg 2000w, https:\/\/d2p6e6u75xmxt8.cloudfront.net\/2\/2021\/01\/Coffee-making-1920x1280.jpg 1920w\" alt=\"Coffee making\" width=\"1024\" height=\"682\" data-was-processed=\"true\" \/><figcaption id=\"caption-attachment-181456\" class=\"wp-caption-text\">Bez dobrej kawy nie ma jazdy<\/figcaption><\/figure>\n<p>W nast\u0119pnym artykule om\u00f3wi\u0119 jedzenie i gotowanie, ale na razie chcia\u0142bym poda\u0107 kilka wst\u0119pnych wskaz\u00f3wek. Wiem, \u017ce to bana\u0142, ale wszyscy w mojej grupie przyjaci\u00f3\u0142 kolarzy uwielbiamy kaw\u0119, a jazda nie jest taka sama, je\u015bli zabraknie rytua\u0142u jej parzenia. Mamy na to kilka patent\u00f3w. Jestem W\u0142ochem, wi\u0119c je\u015bli zobaczysz faceta jad\u0105cego na rowerze z kubkiem kawy wystaj\u0105cym z torby na widelec, mog\u0119 to by\u0107 ja. Oczywi\u015bcie kawa potrzebuje ognia, wi\u0119c wozimy ze sob\u0105 prosty zestaw do gotowania (kuchenk\u0119, nab\u00f3j i garnek), kt\u00f3ry jeden z nas wk\u0142ada do torby na widelec. Zestaw nadaje si\u0119 nie tylko do kawy, ale tak\u017ce do wszelkiego rodzaju \u0142atwych do przyrz\u0105dzenia ciep\u0142ych posi\u0142k\u00f3w na kempingu, takich jak zupy, pasty lub makaron. Ale wracaj\u0105c do kawy: mam <u>AeroPress<\/u>, kt\u00f3ry jest mniejszy ni\u017c Moka, na wypadek gdybym potrzebowa\u0142 te\u017c miejsca na inny sprz\u0119t. Doskonale nadaj\u0105 si\u0119 r\u00f3wnie\u017c Nanopresso i Pipamoka.<\/p>\n<p>Je\u015bli chodzi o jedzenie, wo\u017c\u0119 kilka baton\u00f3w energetycznych, troch\u0119 parmezanu pokrojonego w kostk\u0119, suszon\u0105 wo\u0142owin\u0119 i orzechy. Ta kombinacja daje mi si\u0142\u0119 na wiele godzin, je\u015bli nie mog\u0119 zaopatrzy\u0107 si\u0119 w jedzenie. Moja lista do gotowania to:<\/p>\n<p>\u2013 zestaw do gotowania (kuchenka, gaz, zapalniczka, garnek),<\/p>\n<p>\u2013 Moka lub Aeropress \/Nanopresso\/Pipamoka,<\/p>\n<p>\u2013 orzechy,<\/p>\n<p>\u2013 parmezan,<\/p>\n<p>\u2013 suszona wo\u0142owina,<\/p>\n<p>\u2013 batony energetyczne.<\/p>\n<h2><strong>Wnioski ko\u0144cowe<\/strong><\/h2>\n<p>Jak wspomnia\u0142em wcze\u015bniej, jeste\u015bmy r\u00f3\u017cni i ka\u017cdy z nas musi znale\u017a\u0107 najlepsze dla siebie zestawy bikepackingowe metod\u0105 pr\u00f3b i b\u0142\u0119d\u00f3w. Mam jednak nadziej\u0119, \u017ce moje propozycje oka\u017c\u0105 si\u0119 przydatne i b\u0119d\u0105 punktem wyj\u015bcia do eksperymentowania. I jeszcze ostatnia wskaz\u00f3wka: przed wyjazdem upewnij si\u0119, \u017ce Tw\u00f3j rower jest w pe\u0142ni sprawny. Pami\u0119taj, \u017ce za\u0142adujesz go jak mu\u0142a i b\u0119dziesz wywiera\u0107 du\u017cy nacisk na wszystkie komponenty. Prosty przegl\u0105d w <u>serwisie rowerowym<\/u> pozwoli Ci zaoszcz\u0119dzi\u0107 nerw\u00f3w podczas jazdy. Je\u015bli nie masz czasu tego zrobi\u0107, to przynajmniej nasmaruj \u0142a\u0144cuch!<\/p>\n<p><span data-sheets-value=\"{&quot;1&quot;:2,&quot;2&quot;:&quot;Artyku\u0142 powsta\u0142 we wsp\u00f3\u0142pracy ze skoda-auto.pl&quot;}\" data-sheets-userformat=\"{&quot;2&quot;:1,&quot;3&quot;:{&quot;1&quot;:0}}\" data-sheets-hyperlink=\"http:\/\/www.skoda-auto.pl\/\"><a class=\"in-cell-link\" href=\"http:\/\/www.skoda-auto.pl\/\" target=\"_blank\" rel=\"noopener noreferrer\">Artyku\u0142 powsta\u0142 we wsp\u00f3\u0142pracy ze skoda-auto.pl<\/a><\/span><\/p>\n<p><a href=\"https:\/\/sklep.skoda.pl\/pl\/sklep\/b\/331\/rowery-i-akcesoria-rowery.html\"><img loading=\"lazy\" decoding=\"async\" class=\"aligncenter wp-image-9608 size-full loading\" src=\"https:\/\/d2p6e6u75xmxt8.cloudfront.net\/5\/2019\/08\/baner_WLC_640x350_3.png\" sizes=\"auto, (max-width: 640px) 100vw, 640px\" srcset=\"https:\/\/d2p6e6u75xmxt8.cloudfront.net\/5\/2019\/08\/baner_WLC_640x350_3.png 640w, https:\/\/d2p6e6u75xmxt8.cloudfront.net\/5\/2019\/08\/baner_WLC_640x350_3-300x164.png 300w\" alt=\"\" width=\"640\" height=\"350\" data-was-processed=\"true\" \/><\/a><\/p>\n<p>&nbsp;<\/p>\n","protected":false},"excerpt":{"rendered":"<p>W dw\u00f3ch poprzednich artyku\u0142ach podpowiada\u0142em, jak wybra\u0107 odpowiedni rower i torby na bikepacking. Dzi\u015b porozmawiamy o tym, co i jak [&hellip;]<\/p>\n","protected":false},"author":125,"featured_media":11499,"comment_status":"open","ping_status":"open","sticky":false,"template":"","format":"standard","meta":{"footnotes":""},"categories":[5],"tags":[],"global-categories":[303],"class_list":["post-11498","post","type-post","status-publish","format-standard","has-post-thumbnail","hentry","category-outdoormtb","global-categories-cycling"],"yoast_head":"<!-- This site is optimized with the Yoast SEO Premium plugin v25.3 (Yoast SEO v25.9) - https:\/\/yoast.com\/wordpress\/plugins\/seo\/ -->\n<title>Wskaz\u00f3wki dotycz\u0105ce bikepackingu: jak i co spakowa\u0107 na wycieczk\u0119 rowerow\u0105 - \u0160koda We Love Cycling - Poland<\/title>\n<meta name=\"description\" content=\"Uwa\u017cam, \u017ce ka\u017cda wyprawa bikepackingowa jest inna i nale\u017cy j\u0105 dok\u0142adnie zaplanowa\u0107, aby wydoby\u0107 z niej to, co najlepsze. Ja w\u0142a\u015bnie tak do tego podchodz\u0119. Dlatego lubi\u0119 \u201eprzejecha\u0107\u201d zaplanowan\u0105 tras\u0119 na mapie, pr\u00f3buj\u0105c przewidzie\u0107, jaki sprz\u0119t b\u0119dzie mi potrzebny na tej konkretnej wyprawie. Bior\u0119 pod uwag\u0119 wiele czynnik\u00f3w, w tym d\u0142ugo\u015b\u0107 podr\u00f3\u017cy, prognoz\u0119 pogody, przebieg trasy, po\u0142o\u017cenie geograficzne itp.\" \/>\n<meta name=\"robots\" content=\"index, follow, max-snippet:-1, max-image-preview:large, max-video-preview:-1\" \/>\n<link rel=\"canonical\" href=\"https:\/\/www.welovecycling.com\/pl\/2021\/02\/15\/wskazowki-dotyczace-bikepackingu-jak-i-co-spakowac-na-wycieczke-rowerowa\/\" \/>\n<meta property=\"og:locale\" content=\"pl_PL\" \/>\n<meta property=\"og:type\" content=\"article\" \/>\n<meta property=\"og:title\" content=\"Wskaz\u00f3wki dotycz\u0105ce bikepackingu: jak i co spakowa\u0107 na wycieczk\u0119 rowerow\u0105\" \/>\n<meta property=\"og:description\" content=\"Uwa\u017cam, \u017ce ka\u017cda wyprawa bikepackingowa jest inna i nale\u017cy j\u0105 dok\u0142adnie zaplanowa\u0107, aby wydoby\u0107 z niej to, co najlepsze. Ja w\u0142a\u015bnie tak do tego podchodz\u0119. Dlatego lubi\u0119 \u201eprzejecha\u0107\u201d zaplanowan\u0105 tras\u0119 na mapie, pr\u00f3buj\u0105c przewidzie\u0107, jaki sprz\u0119t b\u0119dzie mi potrzebny na tej konkretnej wyprawie. Bior\u0119 pod uwag\u0119 wiele czynnik\u00f3w, w tym d\u0142ugo\u015b\u0107 podr\u00f3\u017cy, prognoz\u0119 pogody, przebieg trasy, po\u0142o\u017cenie geograficzne itp.\" \/>\n<meta property=\"og:url\" content=\"https:\/\/www.welovecycling.com\/pl\/2021\/02\/15\/wskazowki-dotyczace-bikepackingu-jak-i-co-spakowac-na-wycieczke-rowerowa\/\" \/>\n<meta property=\"og:site_name\" content=\"\u0160koda We Love Cycling - Poland\" \/>\n<meta property=\"article:published_time\" content=\"2021-02-15T15:07:55+00:00\" \/>\n<meta property=\"article:modified_time\" content=\"2021-02-16T07:15:30+00:00\" \/>\n<meta property=\"og:image\" content=\"https:\/\/d2p6e6u75xmxt8.cloudfront.net\/5\/2021\/02\/x.jpg\" \/>\n\t<meta property=\"og:image:width\" content=\"1024\" \/>\n\t<meta property=\"og:image:height\" content=\"576\" \/>\n\t<meta property=\"og:image:type\" content=\"image\/jpeg\" \/>\n<meta name=\"author\" content=\"oktawiamikulska\" \/>\n<meta name=\"twitter:card\" content=\"summary_large_image\" \/>\n<meta name=\"twitter:label1\" content=\"Written by\" \/>\n\t<meta name=\"twitter:data1\" content=\"Filippo Mari\" \/>\n\t<meta name=\"twitter:label2\" content=\"Est. reading time\" \/>\n\t<meta name=\"twitter:data2\" content=\"7 minutes\" \/>\n<script type=\"application\/ld+json\" class=\"yoast-schema-graph\">{\"@context\":\"https:\/\/schema.org\",\"@graph\":[{\"@type\":\"WebPage\",\"@id\":\"https:\/\/www.welovecycling.com\/pl\/2021\/02\/15\/wskazowki-dotyczace-bikepackingu-jak-i-co-spakowac-na-wycieczke-rowerowa\/\",\"url\":\"https:\/\/www.welovecycling.com\/pl\/2021\/02\/15\/wskazowki-dotyczace-bikepackingu-jak-i-co-spakowac-na-wycieczke-rowerowa\/\",\"name\":\"Wskaz\u00f3wki dotycz\u0105ce bikepackingu: jak i co spakowa\u0107 na wycieczk\u0119 rowerow\u0105 - \u0160koda We Love Cycling - Poland\",\"isPartOf\":{\"@id\":\"https:\/\/www.welovecycling.com\/pl\/#website\"},\"primaryImageOfPage\":{\"@id\":\"https:\/\/www.welovecycling.com\/pl\/2021\/02\/15\/wskazowki-dotyczace-bikepackingu-jak-i-co-spakowac-na-wycieczke-rowerowa\/#primaryimage\"},\"image\":{\"@id\":\"https:\/\/www.welovecycling.com\/pl\/2021\/02\/15\/wskazowki-dotyczace-bikepackingu-jak-i-co-spakowac-na-wycieczke-rowerowa\/#primaryimage\"},\"thumbnailUrl\":\"https:\/\/d2p6e6u75xmxt8.cloudfront.net\/5\/2021\/02\/x.jpg\",\"datePublished\":\"2021-02-15T15:07:55+00:00\",\"dateModified\":\"2021-02-16T07:15:30+00:00\",\"author\":{\"@id\":\"https:\/\/www.welovecycling.com\/pl\/#\/schema\/person\/4a79bac7bd265aa6a35a1079d36648be\"},\"description\":\"Uwa\u017cam, \u017ce ka\u017cda wyprawa bikepackingowa jest inna i nale\u017cy j\u0105 dok\u0142adnie zaplanowa\u0107, aby wydoby\u0107 z niej to, co najlepsze. Ja w\u0142a\u015bnie tak do tego podchodz\u0119. Dlatego lubi\u0119 \u201eprzejecha\u0107\u201d zaplanowan\u0105 tras\u0119 na mapie, pr\u00f3buj\u0105c przewidzie\u0107, jaki sprz\u0119t b\u0119dzie mi potrzebny na tej konkretnej wyprawie. Bior\u0119 pod uwag\u0119 wiele czynnik\u00f3w, w tym d\u0142ugo\u015b\u0107 podr\u00f3\u017cy, prognoz\u0119 pogody, przebieg trasy, po\u0142o\u017cenie geograficzne itp.\",\"breadcrumb\":{\"@id\":\"https:\/\/www.welovecycling.com\/pl\/2021\/02\/15\/wskazowki-dotyczace-bikepackingu-jak-i-co-spakowac-na-wycieczke-rowerowa\/#breadcrumb\"},\"inLanguage\":\"pl-PL\",\"potentialAction\":[{\"@type\":\"ReadAction\",\"target\":[\"https:\/\/www.welovecycling.com\/pl\/2021\/02\/15\/wskazowki-dotyczace-bikepackingu-jak-i-co-spakowac-na-wycieczke-rowerowa\/\"]}]},{\"@type\":\"ImageObject\",\"inLanguage\":\"pl-PL\",\"@id\":\"https:\/\/www.welovecycling.com\/pl\/2021\/02\/15\/wskazowki-dotyczace-bikepackingu-jak-i-co-spakowac-na-wycieczke-rowerowa\/#primaryimage\",\"url\":\"https:\/\/d2p6e6u75xmxt8.cloudfront.net\/5\/2021\/02\/x.jpg\",\"contentUrl\":\"https:\/\/d2p6e6u75xmxt8.cloudfront.net\/5\/2021\/02\/x.jpg\",\"width\":1024,\"height\":576},{\"@type\":\"BreadcrumbList\",\"@id\":\"https:\/\/www.welovecycling.com\/pl\/2021\/02\/15\/wskazowki-dotyczace-bikepackingu-jak-i-co-spakowac-na-wycieczke-rowerowa\/#breadcrumb\",\"itemListElement\":[{\"@type\":\"ListItem\",\"position\":1,\"name\":\"Home\",\"item\":\"https:\/\/www.welovecycling.com\/pl\/\"},{\"@type\":\"ListItem\",\"position\":2,\"name\":\"Wskaz\u00f3wki dotycz\u0105ce bikepackingu: jak i co spakowa\u0107 na wycieczk\u0119 rowerow\u0105\"}]},{\"@type\":\"WebSite\",\"@id\":\"https:\/\/www.welovecycling.com\/pl\/#website\",\"url\":\"https:\/\/www.welovecycling.com\/pl\/\",\"name\":\"\u0160koda We Love Cycling - Poland\",\"description\":\"\",\"potentialAction\":[{\"@type\":\"SearchAction\",\"target\":{\"@type\":\"EntryPoint\",\"urlTemplate\":\"https:\/\/www.welovecycling.com\/pl\/?s={search_term_string}\"},\"query-input\":{\"@type\":\"PropertyValueSpecification\",\"valueRequired\":true,\"valueName\":\"search_term_string\"}}],\"inLanguage\":\"pl-PL\"},{\"@type\":\"Person\",\"@id\":\"https:\/\/www.welovecycling.com\/pl\/#\/schema\/person\/4a79bac7bd265aa6a35a1079d36648be\",\"name\":\"oktawiamikulska\",\"image\":{\"@type\":\"ImageObject\",\"inLanguage\":\"pl-PL\",\"@id\":\"https:\/\/www.welovecycling.com\/pl\/#\/schema\/person\/image\/\",\"url\":\"https:\/\/secure.gravatar.com\/avatar\/b97a3f44e2de6d2f8dd358975937e49823662e12cbd810b9d1a2bff1c149e8a7?s=96&d=mm&r=g\",\"contentUrl\":\"https:\/\/secure.gravatar.com\/avatar\/b97a3f44e2de6d2f8dd358975937e49823662e12cbd810b9d1a2bff1c149e8a7?s=96&d=mm&r=g\",\"caption\":\"oktawiamikulska\"},\"url\":\"https:\/\/www.welovecycling.com\/pl\/author\/oktawiamikulska\/\"}]}<\/script>\n<!-- \/ Yoast SEO Premium plugin. -->","yoast_head_json":{"title":"Wskaz\u00f3wki dotycz\u0105ce bikepackingu: jak i co spakowa\u0107 na wycieczk\u0119 rowerow\u0105 - \u0160koda We Love Cycling - Poland","description":"Uwa\u017cam, \u017ce ka\u017cda wyprawa bikepackingowa jest inna i nale\u017cy j\u0105 dok\u0142adnie zaplanowa\u0107, aby wydoby\u0107 z niej to, co najlepsze. Ja w\u0142a\u015bnie tak do tego podchodz\u0119. Dlatego lubi\u0119 \u201eprzejecha\u0107\u201d zaplanowan\u0105 tras\u0119 na mapie, pr\u00f3buj\u0105c przewidzie\u0107, jaki sprz\u0119t b\u0119dzie mi potrzebny na tej konkretnej wyprawie. Bior\u0119 pod uwag\u0119 wiele czynnik\u00f3w, w tym d\u0142ugo\u015b\u0107 podr\u00f3\u017cy, prognoz\u0119 pogody, przebieg trasy, po\u0142o\u017cenie geograficzne itp.","robots":{"index":"index","follow":"follow","max-snippet":"max-snippet:-1","max-image-preview":"max-image-preview:large","max-video-preview":"max-video-preview:-1"},"canonical":"https:\/\/www.welovecycling.com\/pl\/2021\/02\/15\/wskazowki-dotyczace-bikepackingu-jak-i-co-spakowac-na-wycieczke-rowerowa\/","og_locale":"pl_PL","og_type":"article","og_title":"Wskaz\u00f3wki dotycz\u0105ce bikepackingu: jak i co spakowa\u0107 na wycieczk\u0119 rowerow\u0105","og_description":"Uwa\u017cam, \u017ce ka\u017cda wyprawa bikepackingowa jest inna i nale\u017cy j\u0105 dok\u0142adnie zaplanowa\u0107, aby wydoby\u0107 z niej to, co najlepsze. Ja w\u0142a\u015bnie tak do tego podchodz\u0119. Dlatego lubi\u0119 \u201eprzejecha\u0107\u201d zaplanowan\u0105 tras\u0119 na mapie, pr\u00f3buj\u0105c przewidzie\u0107, jaki sprz\u0119t b\u0119dzie mi potrzebny na tej konkretnej wyprawie. Bior\u0119 pod uwag\u0119 wiele czynnik\u00f3w, w tym d\u0142ugo\u015b\u0107 podr\u00f3\u017cy, prognoz\u0119 pogody, przebieg trasy, po\u0142o\u017cenie geograficzne itp.","og_url":"https:\/\/www.welovecycling.com\/pl\/2021\/02\/15\/wskazowki-dotyczace-bikepackingu-jak-i-co-spakowac-na-wycieczke-rowerowa\/","og_site_name":"\u0160koda We Love Cycling - Poland","article_published_time":"2021-02-15T15:07:55+00:00","article_modified_time":"2021-02-16T07:15:30+00:00","og_image":[{"width":1024,"height":576,"url":"https:\/\/d2p6e6u75xmxt8.cloudfront.net\/5\/2021\/02\/x.jpg","type":"image\/jpeg"}],"author":"oktawiamikulska","twitter_card":"summary_large_image","twitter_misc":{"Written by":"Filippo Mari","Est. reading time":"7 minutes"},"schema":{"@context":"https:\/\/schema.org","@graph":[{"@type":"WebPage","@id":"https:\/\/www.welovecycling.com\/pl\/2021\/02\/15\/wskazowki-dotyczace-bikepackingu-jak-i-co-spakowac-na-wycieczke-rowerowa\/","url":"https:\/\/www.welovecycling.com\/pl\/2021\/02\/15\/wskazowki-dotyczace-bikepackingu-jak-i-co-spakowac-na-wycieczke-rowerowa\/","name":"Wskaz\u00f3wki dotycz\u0105ce bikepackingu: jak i co spakowa\u0107 na wycieczk\u0119 rowerow\u0105 - \u0160koda We Love Cycling - Poland","isPartOf":{"@id":"https:\/\/www.welovecycling.com\/pl\/#website"},"primaryImageOfPage":{"@id":"https:\/\/www.welovecycling.com\/pl\/2021\/02\/15\/wskazowki-dotyczace-bikepackingu-jak-i-co-spakowac-na-wycieczke-rowerowa\/#primaryimage"},"image":{"@id":"https:\/\/www.welovecycling.com\/pl\/2021\/02\/15\/wskazowki-dotyczace-bikepackingu-jak-i-co-spakowac-na-wycieczke-rowerowa\/#primaryimage"},"thumbnailUrl":"https:\/\/d2p6e6u75xmxt8.cloudfront.net\/5\/2021\/02\/x.jpg","datePublished":"2021-02-15T15:07:55+00:00","dateModified":"2021-02-16T07:15:30+00:00","author":{"@id":"https:\/\/www.welovecycling.com\/pl\/#\/schema\/person\/4a79bac7bd265aa6a35a1079d36648be"},"description":"Uwa\u017cam, \u017ce ka\u017cda wyprawa bikepackingowa jest inna i nale\u017cy j\u0105 dok\u0142adnie zaplanowa\u0107, aby wydoby\u0107 z niej to, co najlepsze. Ja w\u0142a\u015bnie tak do tego podchodz\u0119. Dlatego lubi\u0119 \u201eprzejecha\u0107\u201d zaplanowan\u0105 tras\u0119 na mapie, pr\u00f3buj\u0105c przewidzie\u0107, jaki sprz\u0119t b\u0119dzie mi potrzebny na tej konkretnej wyprawie. Bior\u0119 pod uwag\u0119 wiele czynnik\u00f3w, w tym d\u0142ugo\u015b\u0107 podr\u00f3\u017cy, prognoz\u0119 pogody, przebieg trasy, po\u0142o\u017cenie geograficzne itp.","breadcrumb":{"@id":"https:\/\/www.welovecycling.com\/pl\/2021\/02\/15\/wskazowki-dotyczace-bikepackingu-jak-i-co-spakowac-na-wycieczke-rowerowa\/#breadcrumb"},"inLanguage":"pl-PL","potentialAction":[{"@type":"ReadAction","target":["https:\/\/www.welovecycling.com\/pl\/2021\/02\/15\/wskazowki-dotyczace-bikepackingu-jak-i-co-spakowac-na-wycieczke-rowerowa\/"]}]},{"@type":"ImageObject","inLanguage":"pl-PL","@id":"https:\/\/www.welovecycling.com\/pl\/2021\/02\/15\/wskazowki-dotyczace-bikepackingu-jak-i-co-spakowac-na-wycieczke-rowerowa\/#primaryimage","url":"https:\/\/d2p6e6u75xmxt8.cloudfront.net\/5\/2021\/02\/x.jpg","contentUrl":"https:\/\/d2p6e6u75xmxt8.cloudfront.net\/5\/2021\/02\/x.jpg","width":1024,"height":576},{"@type":"BreadcrumbList","@id":"https:\/\/www.welovecycling.com\/pl\/2021\/02\/15\/wskazowki-dotyczace-bikepackingu-jak-i-co-spakowac-na-wycieczke-rowerowa\/#breadcrumb","itemListElement":[{"@type":"ListItem","position":1,"name":"Home","item":"https:\/\/www.welovecycling.com\/pl\/"},{"@type":"ListItem","position":2,"name":"Wskaz\u00f3wki dotycz\u0105ce bikepackingu: jak i co spakowa\u0107 na wycieczk\u0119 rowerow\u0105"}]},{"@type":"WebSite","@id":"https:\/\/www.welovecycling.com\/pl\/#website","url":"https:\/\/www.welovecycling.com\/pl\/","name":"\u0160koda We Love Cycling - Poland","description":"","potentialAction":[{"@type":"SearchAction","target":{"@type":"EntryPoint","urlTemplate":"https:\/\/www.welovecycling.com\/pl\/?s={search_term_string}"},"query-input":{"@type":"PropertyValueSpecification","valueRequired":true,"valueName":"search_term_string"}}],"inLanguage":"pl-PL"},{"@type":"Person","@id":"https:\/\/www.welovecycling.com\/pl\/#\/schema\/person\/4a79bac7bd265aa6a35a1079d36648be","name":"oktawiamikulska","image":{"@type":"ImageObject","inLanguage":"pl-PL","@id":"https:\/\/www.welovecycling.com\/pl\/#\/schema\/person\/image\/","url":"https:\/\/secure.gravatar.com\/avatar\/b97a3f44e2de6d2f8dd358975937e49823662e12cbd810b9d1a2bff1c149e8a7?s=96&d=mm&r=g","contentUrl":"https:\/\/secure.gravatar.com\/avatar\/b97a3f44e2de6d2f8dd358975937e49823662e12cbd810b9d1a2bff1c149e8a7?s=96&d=mm&r=g","caption":"oktawiamikulska"},"url":"https:\/\/www.welovecycling.com\/pl\/author\/oktawiamikulska\/"}]}},"_links":{"self":[{"href":"https:\/\/www.welovecycling.com\/pl\/wp-json\/wp\/v2\/posts\/11498","targetHints":{"allow":["GET"]}}],"collection":[{"href":"https:\/\/www.welovecycling.com\/pl\/wp-json\/wp\/v2\/posts"}],"about":[{"href":"https:\/\/www.welovecycling.com\/pl\/wp-json\/wp\/v2\/types\/post"}],"author":[{"embeddable":true,"href":"https:\/\/www.welovecycling.com\/pl\/wp-json\/wp\/v2\/users\/125"}],"replies":[{"embeddable":true,"href":"https:\/\/www.welovecycling.com\/pl\/wp-json\/wp\/v2\/comments?post=11498"}],"version-history":[{"count":2,"href":"https:\/\/www.welovecycling.com\/pl\/wp-json\/wp\/v2\/posts\/11498\/revisions"}],"predecessor-version":[{"id":11501,"href":"https:\/\/www.welovecycling.com\/pl\/wp-json\/wp\/v2\/posts\/11498\/revisions\/11501"}],"wp:featuredmedia":[{"embeddable":true,"href":"https:\/\/www.welovecycling.com\/pl\/wp-json\/wp\/v2\/media\/11499"}],"wp:attachment":[{"href":"https:\/\/www.welovecycling.com\/pl\/wp-json\/wp\/v2\/media?parent=11498"}],"wp:term":[{"taxonomy":"category","embeddable":true,"href":"https:\/\/www.welovecycling.com\/pl\/wp-json\/wp\/v2\/categories?post=11498"},{"taxonomy":"post_tag","embeddable":true,"href":"https:\/\/www.welovecycling.com\/pl\/wp-json\/wp\/v2\/tags?post=11498"},{"taxonomy":"global-categories","embeddable":true,"href":"https:\/\/www.welovecycling.com\/pl\/wp-json\/wp\/v2\/global-categories?post=11498"}],"curies":[{"name":"wp","href":"https:\/\/api.w.org\/{rel}","templated":true}]}}