{"id":11494,"date":"2021-02-12T16:41:59","date_gmt":"2021-02-12T16:41:59","guid":{"rendered":"https:\/\/www.welovecycling.com\/pl\/?p=11494"},"modified":"2021-02-12T16:41:59","modified_gmt":"2021-02-12T16:41:59","slug":"wskazowki-dotyczace-bikepackingu-jak-wybrac-idealne-torby-na-rower","status":"publish","type":"post","link":"https:\/\/www.welovecycling.com\/pl\/2021\/02\/12\/wskazowki-dotyczace-bikepackingu-jak-wybrac-idealne-torby-na-rower\/","title":{"rendered":"Wskaz\u00f3wki dotycz\u0105ce bikepackingu: jak wybra\u0107 idealne torby na rower"},"content":{"rendered":"<p><strong>W jednym z moich poprzednich artyku\u0142\u00f3w stara\u0142em si\u0119 pom\u00f3c Ci wybra\u0107 odpowiedni rower do bikepackingu. Teraz nadszed\u0142 czas na pakowanie! Poni\u017cej zrobi\u0142em przegl\u0105d r\u00f3\u017cnych rodzaj\u00f3w toreb dost\u0119pnych na rynku. Kiedy zaczyna\u0142em swoj\u0105 przygod\u0119 z bikepackingiem 10 lat temu, istnia\u0142o tylko kilka firm, kt\u00f3re produkowa\u0142y zaledwie par\u0119 rodzaj\u00f3w toreb. Ale bikepacking to szybko rozwijaj\u0105cy si\u0119 trend, wi\u0119c oferta jest obecnie bardzo bogata. To oczywi\u015bcie \u015bwietnie, ale jak zawsze \u2013 zbyt du\u017cy wyb\u00f3r wprowadza pewne zamieszanie. Szczeg\u00f3lnie gdy dopiero zaczyna si\u0119 przygod\u0119 z bikepackingiem. Dlatego postaram si\u0119 przybli\u017cy\u0107 nieco ten temat.<\/strong><\/p>\n<p>Z czego sk\u0142ada si\u0119 zestaw bikepackingowy? Zazwyczaj z torby lub szelek na kierownic\u0119, torby podsiode\u0142kowej, na ram\u0119 i na g\u00f3rn\u0105 rur\u0119 ramy. Ponadto mo\u017cna dodawa\u0107 te\u017c mniejsze torby, kt\u00f3re mocuje si\u0119 do widelca, ramy lub kierownicy. Przydadz\u0105 si\u0119 na przyk\u0142ad do transportu sprz\u0119tu do gotowania, przechowywania aparatu czy jedzenia, a dodatkowo pozwol\u0105 na r\u00f3wnomierne roz\u0142o\u017cenie obci\u0105\u017cenia. Przejd\u017amy teraz do szczeg\u00f3\u0142\u00f3w.<\/p>\n<p><img loading=\"lazy\" decoding=\"async\" class=\"alignnone size-full wp-image-181380 loading\" src=\"https:\/\/d2p6e6u75xmxt8.cloudfront.net\/2\/2021\/01\/bikepacking-bags-sketch.jpg\" sizes=\"auto, (max-width: 1000px) 100vw, 1000px\" srcset=\"https:\/\/d2p6e6u75xmxt8.cloudfront.net\/2\/2021\/01\/bikepacking-bags-sketch.jpg 1000w, https:\/\/d2p6e6u75xmxt8.cloudfront.net\/2\/2021\/01\/bikepacking-bags-sketch-300x200.jpg 300w, https:\/\/d2p6e6u75xmxt8.cloudfront.net\/2\/2021\/01\/bikepacking-bags-sketch-768x512.jpg 768w, https:\/\/d2p6e6u75xmxt8.cloudfront.net\/2\/2021\/01\/bikepacking-bags-sketch-272x182.jpg 272w\" alt=\"Bikepacking bags\" width=\"1000\" height=\"667\" data-was-processed=\"true\" \/><\/p>\n<h2><strong>Torba podsiode\u0142kowa<\/strong><\/h2>\n<p>Torba ta jest przymocowana do szyn siode\u0142ka i sztycy. Wyst\u0119puje w r\u00f3\u017cnych rozmiarach i mo\u017cna j\u0105 skompresowa\u0107, wi\u0119c w razie w\u0105tpliwo\u015bci wybierz wi\u0119ksz\u0105. Ja z tej torby korzystam najcz\u0119\u015bciej, bo \u015bwietnie sprawdza si\u0119 nie tylko w podr\u00f3\u017cy, ale tak\u017ce przy dojazdach do pracy. Mog\u0119 do niej schowa\u0107 zapasowe ubrania i buty, a przy okazji s\u0142u\u017cy mi te\u017c za b\u0142otnik. Jest bardzo aerodynamiczna i nie ko\u0142ysze si\u0119 w trudnym terenie. W por\u00f3wnaniu z tradycyjnymi sakwami \u200b\u200bturystycznymi u\u0142atwia prowadzenie roweru. To zdecydowanie m\u00f3j najlepszy przyjaciel w podr\u00f3\u017cy. Trzymam w niej ubrania, kt\u00f3re potrzebuj\u0119 szybko wyj\u0105\u0107 (na przyk\u0142ad odzie\u017c przeciwdeszczow\u0105) lub kt\u00f3rych u\u017cywam cz\u0119\u015bciej (ocieplacze na r\u0119ce i nogi, wiatr\u00f3wka). Dlaczego tak j\u0105 sobie ceni\u0119? Poniewa\u017c bardzo \u0142atwo mog\u0119 do niej si\u0119gn\u0105\u0107.<\/p>\n<div id=\"gallery-6\" class=\"gallery galleryid-181378 gallery-columns-2 gallery-size-large\">\n<figure class=\"gallery-item\">\n<div class=\"gallery-icon landscape\"><a class=\"colorbox-initialized cboxElement\" href=\"https:\/\/d2p6e6u75xmxt8.cloudfront.net\/2\/2021\/01\/saddle-bag-2.jpg\"><img loading=\"lazy\" decoding=\"async\" class=\"attachment-large size-large istretcher-finished loading\" src=\"https:\/\/d2p6e6u75xmxt8.cloudfront.net\/2\/2021\/01\/saddle-bag-2.jpg\" sizes=\"auto, (max-width: 1000px) 100vw, 1000px\" srcset=\"https:\/\/d2p6e6u75xmxt8.cloudfront.net\/2\/2021\/01\/saddle-bag-2.jpg 1000w, https:\/\/d2p6e6u75xmxt8.cloudfront.net\/2\/2021\/01\/saddle-bag-2-300x225.jpg 300w, https:\/\/d2p6e6u75xmxt8.cloudfront.net\/2\/2021\/01\/saddle-bag-2-768x576.jpg 768w\" alt=\"Saddle bag\" width=\"1000\" height=\"750\" data-was-processed=\"true\" \/><\/a><\/div>\n<\/figure>\n<figure class=\"gallery-item\">\n<div class=\"gallery-icon landscape\"><a class=\"colorbox-initialized cboxElement\" href=\"https:\/\/d2p6e6u75xmxt8.cloudfront.net\/2\/2021\/01\/Saddle-bag-1.jpg\"><img loading=\"lazy\" decoding=\"async\" class=\"attachment-large size-large istretcher-finished loading\" src=\"https:\/\/d2p6e6u75xmxt8.cloudfront.net\/2\/2021\/01\/Saddle-bag-1.jpg\" sizes=\"auto, (max-width: 1000px) 100vw, 1000px\" srcset=\"https:\/\/d2p6e6u75xmxt8.cloudfront.net\/2\/2021\/01\/Saddle-bag-1.jpg 1000w, https:\/\/d2p6e6u75xmxt8.cloudfront.net\/2\/2021\/01\/Saddle-bag-1-300x190.jpg 300w, https:\/\/d2p6e6u75xmxt8.cloudfront.net\/2\/2021\/01\/Saddle-bag-1-768x485.jpg 768w\" alt=\"Saddle bag\" width=\"1000\" height=\"632\" data-was-processed=\"true\" \/><\/a><\/div>\n<\/figure>\n<\/div>\n<h2><strong>Torba na ram\u0119<\/strong><\/h2>\n<p>Torba na ram\u0119 mie\u015bci si\u0119 w tr\u00f3jk\u0105cie, kt\u00f3ry tworz\u0105 rury ramy. Chocia\u017c torby w rozmiarze uniwersalnym pasuj\u0105 do wi\u0119kszo\u015bci rower\u00f3w, zwr\u00f3\u0107 uwag\u0119, aby wybra\u0107 optymaln\u0105 dla swojego pojazdu. W tej torbie zwykle wo\u017c\u0119 najci\u0119\u017csze rzeczy, \u017ceby utrzymywa\u0107 r\u00f3wnowag\u0119 na rowerze. S\u0105 to na przyk\u0142ad pompka, sprz\u0119t do \u0142a\u0144cucha, cz\u0119\u015bci zamienne, inne narz\u0119dzia. M\u00f3j rower gravelowy nie ma wielu dodatkowych miejsc, \u017ceby zmie\u015bci\u0107 butelki z wod\u0105 gdzie indziej ni\u017c wewn\u0105trz tr\u00f3jk\u0105ta ramy, wi\u0119c u\u017cywam niepe\u0142nej torby na ram\u0119 (zamiast pe\u0142nej). Jednak zabieram j\u0105 tylko na bardzo d\u0142ugie trasy. W innych sytuacjach wybieram du\u017c\u0105 torb\u0119 do g\u00f3rnej ramy i umieszczam j\u0105 do g\u00f3ry nogami.<\/p>\n<div id=\"gallery-7\" class=\"gallery galleryid-181378 gallery-columns-2 gallery-size-large\">\n<figure class=\"gallery-item\">\n<div class=\"gallery-icon landscape\"><a class=\"colorbox-initialized cboxElement\" href=\"https:\/\/d2p6e6u75xmxt8.cloudfront.net\/2\/2021\/01\/Frame-bag-2.jpg\"><img loading=\"lazy\" decoding=\"async\" class=\"attachment-large size-large istretcher-finished loading\" src=\"https:\/\/d2p6e6u75xmxt8.cloudfront.net\/2\/2021\/01\/Frame-bag-2.jpg\" sizes=\"auto, (max-width: 1000px) 100vw, 1000px\" srcset=\"https:\/\/d2p6e6u75xmxt8.cloudfront.net\/2\/2021\/01\/Frame-bag-2.jpg 1000w, https:\/\/d2p6e6u75xmxt8.cloudfront.net\/2\/2021\/01\/Frame-bag-2-300x225.jpg 300w, https:\/\/d2p6e6u75xmxt8.cloudfront.net\/2\/2021\/01\/Frame-bag-2-768x576.jpg 768w\" alt=\"Frame bag\" width=\"1000\" height=\"750\" aria-describedby=\"gallery-7-181383\" data-was-processed=\"true\" \/><\/a><\/div>\n<\/figure>\n<figure class=\"gallery-item\">\n<div class=\"gallery-icon landscape\"><a class=\"colorbox-initialized cboxElement\" href=\"https:\/\/d2p6e6u75xmxt8.cloudfront.net\/2\/2021\/01\/Frame-bags-1.jpg\"><img loading=\"lazy\" decoding=\"async\" class=\"attachment-large size-large istretcher-finished loading\" src=\"https:\/\/d2p6e6u75xmxt8.cloudfront.net\/2\/2021\/01\/Frame-bags-1.jpg\" sizes=\"auto, (max-width: 1000px) 100vw, 1000px\" srcset=\"https:\/\/d2p6e6u75xmxt8.cloudfront.net\/2\/2021\/01\/Frame-bags-1.jpg 1000w, https:\/\/d2p6e6u75xmxt8.cloudfront.net\/2\/2021\/01\/Frame-bags-1-300x201.jpg 300w, https:\/\/d2p6e6u75xmxt8.cloudfront.net\/2\/2021\/01\/Frame-bags-1-768x515.jpg 768w, https:\/\/d2p6e6u75xmxt8.cloudfront.net\/2\/2021\/01\/Frame-bags-1-272x182.jpg 272w\" alt=\"Top-tube bag\" width=\"1000\" height=\"670\" aria-describedby=\"gallery-7-181384\" data-was-processed=\"true\" \/><\/a><\/div>\n<\/figure>\n<\/div>\n<h2><strong>Torby na g\u00f3rn\u0105 rur\u0119 ramy<\/strong><\/h2>\n<p>Te torby s\u0105 dost\u0119pne w r\u00f3\u017cnych rozmiarach i \u0142atwo do nich si\u0119gn\u0105\u0107 podczas jazdy. \u015awietnie nadaj\u0105 si\u0119 do przechowywania przek\u0105sek, telefonu kom\u00f3rkowego, powerbank\u00f3w i wszystkiego, co chcesz wyj\u0105\u0107 natychmiast. Zwykle u\u017cywam dw\u00f3ch: jednej bli\u017cej siode\u0142ka, a drugiej przy kierownicy. Na kr\u00f3tsze wyprawy umieszczam jeszcze jedn\u0105 torb\u0119 w tr\u00f3jk\u0105cie ramy (zamiast torby na ram\u0119). Robi\u0119 tak, poniewa\u017c gdy mam tylko w po\u0142owie zape\u0142nion\u0105 torb\u0119, zwykle dok\u0142adam do niej zb\u0119dne rzeczy, wi\u0119c wol\u0119 wybra\u0107 mniejsz\u0105.<\/p>\n<div id=\"gallery-8\" class=\"gallery galleryid-181378 gallery-columns-2 gallery-size-large\">\n<figure class=\"gallery-item\">\n<div class=\"gallery-icon landscape\"><a class=\"colorbox-initialized cboxElement\" href=\"https:\/\/d2p6e6u75xmxt8.cloudfront.net\/2\/2021\/01\/top-tube-bags-2.jpg\"><img loading=\"lazy\" decoding=\"async\" class=\"attachment-large size-large istretcher-finished loading\" src=\"https:\/\/d2p6e6u75xmxt8.cloudfront.net\/2\/2021\/01\/top-tube-bags-2.jpg\" sizes=\"auto, (max-width: 1000px) 100vw, 1000px\" srcset=\"https:\/\/d2p6e6u75xmxt8.cloudfront.net\/2\/2021\/01\/top-tube-bags-2.jpg 1000w, https:\/\/d2p6e6u75xmxt8.cloudfront.net\/2\/2021\/01\/top-tube-bags-2-300x225.jpg 300w, https:\/\/d2p6e6u75xmxt8.cloudfront.net\/2\/2021\/01\/top-tube-bags-2-768x576.jpg 768w\" alt=\"Top tube bag\" width=\"1000\" height=\"750\" data-was-processed=\"true\" \/><\/a><\/div>\n<\/figure>\n<figure class=\"gallery-item\">\n<div class=\"gallery-icon landscape\"><a class=\"colorbox-initialized cboxElement\" href=\"https:\/\/d2p6e6u75xmxt8.cloudfront.net\/2\/2021\/01\/Toptube-bag.jpg\"><img loading=\"lazy\" decoding=\"async\" class=\"attachment-large size-large istretcher-finished loading\" src=\"https:\/\/d2p6e6u75xmxt8.cloudfront.net\/2\/2021\/01\/Toptube-bag.jpg\" sizes=\"auto, (max-width: 1000px) 100vw, 1000px\" srcset=\"https:\/\/d2p6e6u75xmxt8.cloudfront.net\/2\/2021\/01\/Toptube-bag.jpg 1000w, https:\/\/d2p6e6u75xmxt8.cloudfront.net\/2\/2021\/01\/Toptube-bag-300x190.jpg 300w, https:\/\/d2p6e6u75xmxt8.cloudfront.net\/2\/2021\/01\/Toptube-bag-768x485.jpg 768w\" alt=\"Top tube bag\" width=\"1000\" height=\"632\" data-was-processed=\"true\" \/><\/a><\/div>\n<\/figure>\n<\/div>\n<h2><strong>Torba i szelki na kierownic\u0119<\/strong><\/h2>\n<p>T\u0119 torb\u0119 nazywam \u201edomow\u0105\u201d, poniewa\u017c wo\u017c\u0119 w niej wszystkie rzeczy, kt\u00f3rych u\u017cywam do zak\u0142adania obozu. Nale\u017c\u0105 do nich \u015bpiw\u00f3r, mata, hamak, r\u0119cznik, sanda\u0142y itp. S\u0105 dwa rodzaje toreb na kierownic\u0119, jedne z mocowaniem w postaci rolki, drugie \u2013 szelek. Mam kierownic\u0119 o w\u0105skim spadku, poniewa\u017c m\u00f3j pojazd jest bardzo szczeg\u00f3lnym hybrydowym rowerem gravelowym. Mo\u017ce s\u0142u\u017cy\u0107 r\u00f3wnie\u017c jako rower szosowy po zamianie k\u00f3\u0142. Kiedy u\u017cywam torby na kierownic\u0119, trudno mi j\u0105 za\u0142o\u017cy\u0107, nawet je\u015bli nie jest w pe\u0142ni za\u0142adowana. Nie ma r\u00f3wnie\u017c mowy o otwarciu jej w ci\u0105gu dnia bez zdejmowania z kierownicy. Zatem je\u015bli masz sytuacj\u0119 podobn\u0105 do mojej, polecam Ci zaopatrzenie si\u0119 w szelki. Dzi\u0119ki nim \u0142atwo zdejmiesz torb\u0119 z przodu. Z mojego do\u015bwiadczenia wynika, \u017ce \u200b\u200bg\u0142\u00f3wna r\u00f3\u017cnica pomi\u0119dzy rolk\u0105 a szelkami polega na tym, \u017ce torb\u0119 mocowan\u0105 przy pomocy rolki mo\u017cna \u015bcisn\u0105\u0107 i jest wtedy cie\u0144sza. Czasami ma to kluczowe znaczenie, na przyk\u0142ad je\u015bli masz rower z przednim zawieszeniem.<\/p>\n<div id=\"gallery-9\" class=\"gallery galleryid-181378 gallery-columns-2 gallery-size-large\">\n<figure class=\"gallery-item\">\n<div class=\"gallery-icon landscape\"><a class=\"colorbox-initialized cboxElement\" href=\"https:\/\/d2p6e6u75xmxt8.cloudfront.net\/2\/2021\/01\/harness_system.jpg\"><img loading=\"lazy\" decoding=\"async\" class=\"attachment-large size-large istretcher-finished loading\" src=\"https:\/\/d2p6e6u75xmxt8.cloudfront.net\/2\/2021\/01\/harness_system-1024x576.jpg\" sizes=\"auto, (max-width: 1024px) 100vw, 1024px\" srcset=\"https:\/\/d2p6e6u75xmxt8.cloudfront.net\/2\/2021\/01\/harness_system-1024x576.jpg 1024w, https:\/\/d2p6e6u75xmxt8.cloudfront.net\/2\/2021\/01\/harness_system-300x169.jpg 300w, https:\/\/d2p6e6u75xmxt8.cloudfront.net\/2\/2021\/01\/harness_system-768x432.jpg 768w, https:\/\/d2p6e6u75xmxt8.cloudfront.net\/2\/2021\/01\/harness_system.jpg 1200w\" alt=\"Harness system\" width=\"1024\" height=\"576\" aria-describedby=\"gallery-9-181387\" data-was-processed=\"true\" \/><\/a><\/div>\n<\/figure>\n<figure class=\"gallery-item\">\n<div class=\"gallery-icon landscape\"><a class=\"colorbox-initialized cboxElement\" href=\"https:\/\/d2p6e6u75xmxt8.cloudfront.net\/2\/2021\/01\/handlebar-bag-2.jpg\"><img loading=\"lazy\" decoding=\"async\" class=\"attachment-large size-large istretcher-finished loading\" src=\"https:\/\/d2p6e6u75xmxt8.cloudfront.net\/2\/2021\/01\/handlebar-bag-2.jpg\" sizes=\"auto, (max-width: 1000px) 100vw, 1000px\" srcset=\"https:\/\/d2p6e6u75xmxt8.cloudfront.net\/2\/2021\/01\/handlebar-bag-2.jpg 1000w, https:\/\/d2p6e6u75xmxt8.cloudfront.net\/2\/2021\/01\/handlebar-bag-2-300x225.jpg 300w, https:\/\/d2p6e6u75xmxt8.cloudfront.net\/2\/2021\/01\/handlebar-bag-2-768x576.jpg 768w\" alt=\"Roll bag\" width=\"1000\" height=\"750\" aria-describedby=\"gallery-9-181388\" data-was-processed=\"true\" \/><\/a><\/div>\n<\/figure>\n<\/div>\n<h2><strong>Inne torby i akcesoria<\/strong><\/h2>\n<p>Jak wspomnia\u0142em wcze\u015bniej, na rynku dost\u0119pnych jest wiele r\u00f3\u017cnych toreb i akcesori\u00f3w. Ka\u017cdy rowerzysta opracowuje w\u0142asn\u0105 konfiguracj\u0119 metod\u0105 pr\u00f3b i b\u0142\u0119d\u00f3w. Nigdy nie widzia\u0142em dw\u00f3ch rower\u00f3w za\u0142adowanych w ten sam spos\u00f3b. Uwa\u017cam, \u017ce niezwykle przydatne jest u\u017cywanie torby przeznaczonej na bidon przymocowanej do kierownicy jako miejsca do przechowywania innych potrzebnych rzeczy. Ja umieszczam tam kamer\u0119 sportow\u0105 i telefon. Mog\u0119 je wyj\u0105\u0107 w ci\u0105gu sekundy, bez konieczno\u015bci rozpinania zamka b\u0142yskawicznego.<\/p>\n<p><a class=\"colorbox-initialized cboxElement\" href=\"https:\/\/d2p6e6u75xmxt8.cloudfront.net\/2\/2021\/01\/Strap-Anchors.jpg\"><img loading=\"lazy\" decoding=\"async\" class=\"alignnone size-full wp-image-181391 loading\" src=\"https:\/\/d2p6e6u75xmxt8.cloudfront.net\/2\/2021\/01\/Strap-Anchors.jpg\" sizes=\"auto, (max-width: 960px) 100vw, 960px\" srcset=\"https:\/\/d2p6e6u75xmxt8.cloudfront.net\/2\/2021\/01\/Strap-Anchors.jpg 960w, https:\/\/d2p6e6u75xmxt8.cloudfront.net\/2\/2021\/01\/Strap-Anchors-300x119.jpg 300w, https:\/\/d2p6e6u75xmxt8.cloudfront.net\/2\/2021\/01\/Strap-Anchors-768x306.jpg 768w\" alt=\"Strap anchors\" width=\"960\" height=\"382\" data-was-processed=\"true\" \/><\/a><\/p>\n<p>Jeden z moich podr\u00f3\u017cuj\u0105cych przyjaci\u00f3\u0142 jest odpowiedzialny za kaw\u0119 i wykorzystuje torb\u0119 przy widelcu do transportu wszystkiego, czego potrzebuje do jej parzenia. Ja z kolei u\u017cywam<a href=\"https:\/\/www.granite-design.com\/rockband\"> <u>paska do przymocowania zapasowej d\u0119tki<\/u><\/a> do dolnej rury, co s\u0142u\u017cy mi r\u00f3wnocze\u015bnie jako zabezpieczenie przed kamieniami. Innym akcesorium jest <a href=\"https:\/\/problemsolversbike.com\/products\/accessory-mounts\/bow-tie-strap-anchors\"><u>kotwica do paska<\/u><\/a>, kt\u00f3r\u0105 przykr\u0119cam do widelca. Idealnie nadaje si\u0119 do mocowania maszt\u00f3w namiotowych za pomoc\u0105 <a href=\"https:\/\/www.voile.com\/voile-straps.html\"><u>pask\u00f3w typu Voile<\/u>.<\/a> Mam te\u017c<a href=\"https:\/\/www.ticketothemoon.com\/eco-backpack\/mini-backpack\"><u> ultralekki sk\u0142adany miniplecak<\/u> <\/a>wykonany z jedwabnego nylonu spadochronowego. U\u017cywam go na przyk\u0142ad, gdy zatrzymuj\u0119 si\u0119, \u017ceby kupi\u0107 jedzenie, kt\u00f3re wkr\u00f3tce zamierzam zje\u015b\u0107, a nie chc\u0119 traci\u0107 czasu na pakowanie.<\/p>\n<div id=\"gallery-10\" class=\"gallery galleryid-181378 gallery-columns-2 gallery-size-large\">\n<figure class=\"gallery-item\">\n<div class=\"gallery-icon landscape\"><a class=\"colorbox-initialized cboxElement\" href=\"https:\/\/d2p6e6u75xmxt8.cloudfront.net\/2\/2021\/01\/Frame-bag-3.jpg\"><img loading=\"lazy\" decoding=\"async\" class=\"attachment-large size-large istretcher-finished loading\" src=\"https:\/\/d2p6e6u75xmxt8.cloudfront.net\/2\/2021\/01\/Frame-bag-3.jpg\" sizes=\"auto, (max-width: 1000px) 100vw, 1000px\" srcset=\"https:\/\/d2p6e6u75xmxt8.cloudfront.net\/2\/2021\/01\/Frame-bag-3.jpg 1000w, https:\/\/d2p6e6u75xmxt8.cloudfront.net\/2\/2021\/01\/Frame-bag-3-300x225.jpg 300w, https:\/\/d2p6e6u75xmxt8.cloudfront.net\/2\/2021\/01\/Frame-bag-3-768x576.jpg 768w\" alt=\"Fork bag\" width=\"1000\" height=\"750\" aria-describedby=\"gallery-10-181392\" data-was-processed=\"true\" \/><\/a><\/div>\n<\/figure>\n<figure class=\"gallery-item\">\n<div class=\"gallery-icon landscape\"><a class=\"colorbox-initialized cboxElement\" href=\"https:\/\/d2p6e6u75xmxt8.cloudfront.net\/2\/2021\/01\/Strap-Granite-inner-tube.jpg\"><img loading=\"lazy\" decoding=\"async\" class=\"attachment-large size-large istretcher-finished loading\" src=\"https:\/\/d2p6e6u75xmxt8.cloudfront.net\/2\/2021\/01\/Strap-Granite-inner-tube.jpg\" sizes=\"auto, (max-width: 1000px) 100vw, 1000px\" srcset=\"https:\/\/d2p6e6u75xmxt8.cloudfront.net\/2\/2021\/01\/Strap-Granite-inner-tube.jpg 1000w, https:\/\/d2p6e6u75xmxt8.cloudfront.net\/2\/2021\/01\/Strap-Granite-inner-tube-300x225.jpg 300w, https:\/\/d2p6e6u75xmxt8.cloudfront.net\/2\/2021\/01\/Strap-Granite-inner-tube-768x576.jpg 768w\" alt=\"Granite strap\" width=\"1000\" height=\"750\" aria-describedby=\"gallery-10-181393\" data-was-processed=\"true\" \/><\/a><\/div>\n<\/figure>\n<\/div>\n<h2><strong>\u0141\u0105czenie toreb bikepackingowych z klasycznymi sakwami turystycznymi<\/strong><\/h2>\n<p>Przekona\u0142em si\u0119, \u017ce czasami po\u0142\u0105czenie toreb z sakwami jest dobrym pomys\u0142em. Jeden z moich znajomych bra\u0142 udzia\u0142 w projekcie <a href=\"https:\/\/www.instagram.com\/biketotokyo\/?hl=en\"><u>Bike to Tokyo<\/u><\/a>. Grup\u0105 podr\u00f3\u017cowali z Grecji do Japonii przez wiele odleg\u0142ych rejon\u00f3w Azji. Musieli by\u0107 ca\u0142kowicie samowystarczalni, co oznacza\u0142o wo\u017cenie du\u017cej ilo\u015bci jedzenia. U\u017cywali do tego sakw bocznych. S\u0105 one mniejsze ni\u017c klasyczne sakwy turystyczne, dzi\u0119ki czemu stawiaj\u0105 mniejszy op\u00f3r przy du\u017cym wietrze.<\/p>\n<p><img loading=\"lazy\" decoding=\"async\" class=\"alignnone size-full wp-image-181394 loading\" src=\"https:\/\/d2p6e6u75xmxt8.cloudfront.net\/2\/2021\/01\/Bike-to-tokyo-1.jpg\" sizes=\"auto, (max-width: 1000px) 100vw, 1000px\" srcset=\"https:\/\/d2p6e6u75xmxt8.cloudfront.net\/2\/2021\/01\/Bike-to-tokyo-1.jpg 1000w, https:\/\/d2p6e6u75xmxt8.cloudfront.net\/2\/2021\/01\/Bike-to-tokyo-1-300x146.jpg 300w, https:\/\/d2p6e6u75xmxt8.cloudfront.net\/2\/2021\/01\/Bike-to-tokyo-1-768x372.jpg 768w\" alt=\"Bike to Tokyo\" width=\"1000\" height=\"485\" data-was-processed=\"true\" \/><\/p>\n<h2><strong>Czy torby bikepackingowe s\u0105 wodoodporne?<\/strong><\/h2>\n<p>Niekoniecznie. Wiele toreb bikepackingowych jest wodoodpornych, jednak to mo\u017ce oznacza\u0107, \u017ce \u200b\u200bmembrana jest wodoodporna, ale szwy ju\u017c nie. W ten spos\u00f3b producenci obni\u017caj\u0105 cen\u0119, poniewa\u017c nie ka\u017cdy potrzebuje wodoodpornego sprz\u0119tu. \u0141atwo rozwi\u0105za\u0107 ten problem, kupuj\u0105c pokrowce. Gdy wybierasz torby, zwr\u00f3\u0107 uwag\u0119 na opis produktu. Dlaczego? Moje torby Acepac s\u0105 wodoodporne, ale maj\u0105 te\u017c wewn\u0105trz dodatkowy pokrowiec mocowany na rzepy. Bez dok\u0142adnego zapoznania si\u0119 z opisem mo\u017cna nawet nie wiedzie\u0107, \u017ce co\u015b takiego znajduje si\u0119 w wyposa\u017ceniu.<\/p>\n<p><img loading=\"lazy\" decoding=\"async\" class=\"alignnone size-full wp-image-181395 loading\" src=\"https:\/\/d2p6e6u75xmxt8.cloudfront.net\/2\/2021\/01\/Drybag.jpg\" sizes=\"auto, (max-width: 1024px) 100vw, 1024px\" srcset=\"https:\/\/d2p6e6u75xmxt8.cloudfront.net\/2\/2021\/01\/Drybag.jpg 1024w, https:\/\/d2p6e6u75xmxt8.cloudfront.net\/2\/2021\/01\/Drybag-300x225.jpg 300w, https:\/\/d2p6e6u75xmxt8.cloudfront.net\/2\/2021\/01\/Drybag-768x576.jpg 768w\" alt=\"Drybag\" width=\"1024\" height=\"768\" data-was-processed=\"true\" \/><\/p>\n<h2><strong>Czy drogie zawsze oznacza lepsze?<\/strong><\/h2>\n<p>Torby do bikepackingu potrafi\u0105 by\u0107 drogie, ale istniej\u0105 te\u017c ta\u0144sze opcje. Na czym polega r\u00f3\u017cnica mi\u0119dzy nimi? We\u017amy na przyk\u0142ad torby wyprodukowane przez Lidl.<\/p>\n<p>Kosztuj\u0105 oko\u0142o 12 euro za sztuk\u0119. Dla por\u00f3wnania za torb\u0119 najwy\u017cszej klasy zap\u0142acisz 120 euro. Torby z Lidla kosztuj\u0105 a\u017c 10 razy mniej, a tak\u017ce s\u0105 wodoodporne. Mia\u0142em okazj\u0119 si\u0119 im przyjrze\u0107 i my\u015bl\u0119, \u017ce s\u0105 ca\u0142kiem dobre dla okazjonalnych bikepacker\u00f3w, ale nie dla zaawansowanych. Je\u015bli s\u0105 cz\u0119sto u\u017cywane w trudnych warunkach, szwy i paski mog\u0105 kr\u00f3tko spe\u0142nia\u0107 swoje funkcje. Szwy mog\u0105 si\u0119 rozej\u015b\u0107 w przypadku du\u017cego obci\u0105\u017cenia. Z kolei paski w ta\u0144szych torbach s\u0105 zwykle trudniejsze do zapi\u0119cia, wi\u0119c mog\u0105 si\u0119 ko\u0142ysa\u0107 na nier\u00f3wnym terenie. Nie jestem te\u017c pewien, jak d\u0142ugo wytrzyma\u0142yby podczas jazdy, szczeg\u00f3lnie wyboist\u0105 tras\u0105. Zatem w skr\u00f3cie: powiedzia\u0142bym, \u017ce je\u015bli je\u017adzisz niezbyt cz\u0119sto i g\u0142\u00f3wnie po asfalcie, mo\u017cesz rozwa\u017cy\u0107 ta\u0144sze opcje. W innych przypadkach wybierz dro\u017csze i bardziej pewne wyposa\u017cenie.<\/p>\n<figure id=\"attachment_181396\" aria-describedby=\"caption-attachment-181396\" style=\"width: 1000px\" class=\"wp-caption alignnone\"><img loading=\"lazy\" decoding=\"async\" class=\"loading wp-image-181396 size-full\" src=\"https:\/\/d2p6e6u75xmxt8.cloudfront.net\/2\/2021\/01\/Lidl-bags.jpeg\" sizes=\"auto, (max-width: 1000px) 100vw, 1000px\" srcset=\"https:\/\/d2p6e6u75xmxt8.cloudfront.net\/2\/2021\/01\/Lidl-bags.jpeg 1000w, https:\/\/d2p6e6u75xmxt8.cloudfront.net\/2\/2021\/01\/Lidl-bags-300x161.jpeg 300w, https:\/\/d2p6e6u75xmxt8.cloudfront.net\/2\/2021\/01\/Lidl-bags-768x412.jpeg 768w\" alt=\"Lidl bags\" width=\"1000\" height=\"536\" data-was-processed=\"true\" \/><figcaption id=\"caption-attachment-181396\" class=\"wp-caption-text\">Najta\u0144sze torby, jakie kiedykolwiek widzia\u0142em, s\u0105 produkowane przez Lidl<\/figcaption><\/figure>\n<h2><strong>Chro\u0144 sw\u00f3j rower!<\/strong><\/h2>\n<p>Poniewa\u017c torby mocuje si\u0119 pasami do ramy, r\u00f3b to ostro\u017cnie, bo poprzez tarcie mo\u017cesz uszkodzi\u0107 lakier, a nawet sam\u0105 ram\u0119. Szczeg\u00f3lnie zalecam ochron\u0119 ramy z w\u0142\u00f3kna w\u0119glowego. Kup zestaw <a href=\"https:\/\/www.invisiframe.co.uk\/\"><u>naklejek ochronnych<\/u><\/a> albo po prostu oklej ram\u0119 ta\u015bm\u0105 lub owi\u0144 wok\u00f3\u0142 niej star\u0105 d\u0119tk\u0119 i u\u017cyj trytytek, \u017ceby si\u0119 nie zsuwa\u0142a.<\/p>\n<figure id=\"attachment_181397\" aria-describedby=\"caption-attachment-181397\" style=\"width: 1024px\" class=\"wp-caption alignnone\"><img loading=\"lazy\" decoding=\"async\" class=\"loading wp-image-181397 size-large\" src=\"https:\/\/d2p6e6u75xmxt8.cloudfront.net\/2\/2021\/01\/Protect-your-bike-1-1024x585.jpg\" sizes=\"auto, (max-width: 1024px) 100vw, 1024px\" srcset=\"https:\/\/d2p6e6u75xmxt8.cloudfront.net\/2\/2021\/01\/Protect-your-bike-1-1024x585.jpg 1024w, https:\/\/d2p6e6u75xmxt8.cloudfront.net\/2\/2021\/01\/Protect-your-bike-1-300x171.jpg 300w, https:\/\/d2p6e6u75xmxt8.cloudfront.net\/2\/2021\/01\/Protect-your-bike-1-768x439.jpg 768w, https:\/\/d2p6e6u75xmxt8.cloudfront.net\/2\/2021\/01\/Protect-your-bike-1-1536x878.jpg 1536w, https:\/\/d2p6e6u75xmxt8.cloudfront.net\/2\/2021\/01\/Protect-your-bike-1-1920x1097.jpg 1920w, https:\/\/d2p6e6u75xmxt8.cloudfront.net\/2\/2021\/01\/Protect-your-bike-1.jpg 2000w, https:\/\/d2p6e6u75xmxt8.cloudfront.net\/2\/2021\/01\/Protect-your-bike-1-1920x1097.jpg 1920w\" alt=\"Carbon head\" width=\"1024\" height=\"585\" data-was-processed=\"true\" \/><figcaption id=\"caption-attachment-181397\" class=\"wp-caption-text\">Moja rama z w\u0142\u00f3kna w\u0119glowego zosta\u0142a uszkodzona, bo torba na kierownic\u0119 dociska\u0142a link\u0119 do ramy<\/figcaption><\/figure>\n<h2><strong>Wnioski<\/strong><\/h2>\n<p>Jak ju\u017c wspomnia\u0142em na pocz\u0105tku, obecnie istnieje niesko\u0144czona ilo\u015b\u0107 toreb i o wiele wi\u0119cej producent\u00f3w ni\u017c jeszcze 10 lat temu, gdy zaczyna\u0142em przygod\u0119 z bikepackingiem. Przeci\u0119tna jako\u015b\u0107 produkt\u00f3w jest bardzo wysoka, dlatego ostatnio wybieram torby g\u0142\u00f3wnie na podstawie ich wygl\u0105du i po sprawdzeniu materia\u0142u. Bior\u0119 te\u017c pod uwag\u0119 cen\u0119. Istnieje wiele du\u017cych marek z szerok\u0105 gam\u0105 produkt\u00f3w (na przyk\u0142ad <u><a href=\"https:\/\/www.apidura.com\/\">Apidura,<\/a> <a href=\"https:\/\/www.ortlieb.com\/en_us\/\">Ortlieb<\/a>, <a href=\"https:\/\/www.topeak.com\/us\/en\">Topeak<\/a><\/u>), ale tak\u017ce ma\u0142ych, lokalnych, kt\u00f3re maj\u0105 porz\u0105dny towar w rozs\u0105dnej cenie (na przyk\u0142ad <u><a href=\"https:\/\/www.acepac.bike\/\">Acepac<\/a>, <a href=\"https:\/\/missgrape.net\/en\/\">Miss Grapes<\/a><\/u>). Mam nadziej\u0119, \u017ce skompletujesz sw\u00f3j idealny zestaw, a moje wskaz\u00f3wki oka\u017c\u0105 si\u0119 przydatne. Do zobaczenia na trasie!<\/p>\n<p><span data-sheets-value=\"{&quot;1&quot;:2,&quot;2&quot;:&quot;Artyku\u0142 powsta\u0142 we wsp\u00f3\u0142pracy ze skoda-auto.pl&quot;}\" data-sheets-userformat=\"{&quot;2&quot;:1,&quot;3&quot;:{&quot;1&quot;:0}}\" data-sheets-hyperlink=\"http:\/\/www.skoda-auto.pl\/\"><a class=\"in-cell-link\" href=\"http:\/\/www.skoda-auto.pl\/\" target=\"_blank\" rel=\"noopener noreferrer\">Artyku\u0142 powsta\u0142 we wsp\u00f3\u0142pracy ze skoda-auto.pl<\/a><\/span><\/p>\n<p><a href=\"https:\/\/sklep.skoda.pl\/pl\/sklep\/b\/331\/rowery-i-akcesoria-rowery.html\"><img loading=\"lazy\" decoding=\"async\" class=\"aligncenter wp-image-9608 size-full loading\" src=\"https:\/\/d2p6e6u75xmxt8.cloudfront.net\/5\/2019\/08\/baner_WLC_640x350_3.png\" sizes=\"auto, (max-width: 640px) 100vw, 640px\" srcset=\"https:\/\/d2p6e6u75xmxt8.cloudfront.net\/5\/2019\/08\/baner_WLC_640x350_3.png 640w, https:\/\/d2p6e6u75xmxt8.cloudfront.net\/5\/2019\/08\/baner_WLC_640x350_3-300x164.png 300w\" alt=\"\" width=\"640\" height=\"350\" data-was-processed=\"true\" \/><\/a><\/p>\n<p><a href=\"https:\/\/www.skoda-auto.pl\/modele\/karoq\">\u00a0<\/a><\/p>\n<p>&nbsp;<\/p>\n<p>&nbsp;<\/p>\n<p>&nbsp;<\/p>\n","protected":false},"excerpt":{"rendered":"<p>W jednym z moich poprzednich artyku\u0142\u00f3w stara\u0142em si\u0119 pom\u00f3c Ci wybra\u0107 odpowiedni rower do bikepackingu. Teraz nadszed\u0142 czas na pakowanie! [&hellip;]<\/p>\n","protected":false},"author":125,"featured_media":11495,"comment_status":"open","ping_status":"open","sticky":false,"template":"","format":"standard","meta":{"footnotes":""},"categories":[5],"tags":[],"global-categories":[303],"class_list":["post-11494","post","type-post","status-publish","format-standard","has-post-thumbnail","hentry","category-outdoormtb","global-categories-cycling"],"yoast_head":"<!-- This site is optimized with the Yoast SEO Premium plugin v25.3 (Yoast SEO v25.9) - https:\/\/yoast.com\/wordpress\/plugins\/seo\/ -->\n<title>Wskaz\u00f3wki dotycz\u0105ce bikepackingu: jak wybra\u0107 idealne torby na rower - \u0160koda We Love Cycling - Poland<\/title>\n<meta name=\"description\" content=\"W jednym z moich poprzednich artyku\u0142\u00f3w stara\u0142em si\u0119 pom\u00f3c Ci wybra\u0107 odpowiedni rower do bikepackingu. Teraz nadszed\u0142 czas na pakowanie! Poni\u017cej zrobi\u0142em przegl\u0105d r\u00f3\u017cnych rodzaj\u00f3w toreb dost\u0119pnych na rynku. Kiedy zaczyna\u0142em swoj\u0105 przygod\u0119 z bikepackingiem 10 lat temu, istnia\u0142o tylko kilka firm, kt\u00f3re produkowa\u0142y zaledwie par\u0119 rodzaj\u00f3w toreb. Ale bikepacking to szybko rozwijaj\u0105cy si\u0119 trend, wi\u0119c oferta jest obecnie bardzo bogata.\" \/>\n<meta name=\"robots\" content=\"index, follow, max-snippet:-1, max-image-preview:large, max-video-preview:-1\" \/>\n<link rel=\"canonical\" href=\"https:\/\/www.welovecycling.com\/pl\/2021\/02\/12\/wskazowki-dotyczace-bikepackingu-jak-wybrac-idealne-torby-na-rower\/\" \/>\n<meta property=\"og:locale\" content=\"pl_PL\" \/>\n<meta property=\"og:type\" content=\"article\" \/>\n<meta property=\"og:title\" content=\"Wskaz\u00f3wki dotycz\u0105ce bikepackingu: jak wybra\u0107 idealne torby na rower\" \/>\n<meta property=\"og:description\" content=\"W jednym z moich poprzednich artyku\u0142\u00f3w stara\u0142em si\u0119 pom\u00f3c Ci wybra\u0107 odpowiedni rower do bikepackingu. Teraz nadszed\u0142 czas na pakowanie! Poni\u017cej zrobi\u0142em przegl\u0105d r\u00f3\u017cnych rodzaj\u00f3w toreb dost\u0119pnych na rynku. Kiedy zaczyna\u0142em swoj\u0105 przygod\u0119 z bikepackingiem 10 lat temu, istnia\u0142o tylko kilka firm, kt\u00f3re produkowa\u0142y zaledwie par\u0119 rodzaj\u00f3w toreb. Ale bikepacking to szybko rozwijaj\u0105cy si\u0119 trend, wi\u0119c oferta jest obecnie bardzo bogata.\" \/>\n<meta property=\"og:url\" content=\"https:\/\/www.welovecycling.com\/pl\/2021\/02\/12\/wskazowki-dotyczace-bikepackingu-jak-wybrac-idealne-torby-na-rower\/\" \/>\n<meta property=\"og:site_name\" content=\"\u0160koda We Love Cycling - Poland\" \/>\n<meta property=\"article:published_time\" content=\"2021-02-12T16:41:59+00:00\" \/>\n<meta property=\"og:image\" content=\"https:\/\/d2p6e6u75xmxt8.cloudfront.net\/5\/2021\/02\/BIkepacking-profimedia-0575188489-CVR-1024x450-1.jpg\" \/>\n\t<meta property=\"og:image:width\" content=\"1024\" \/>\n\t<meta property=\"og:image:height\" content=\"450\" \/>\n\t<meta property=\"og:image:type\" content=\"image\/jpeg\" \/>\n<meta name=\"author\" content=\"oktawiamikulska\" \/>\n<meta name=\"twitter:card\" content=\"summary_large_image\" \/>\n<meta name=\"twitter:label1\" content=\"Written by\" \/>\n\t<meta name=\"twitter:data1\" content=\"Filippo Mari\" \/>\n\t<meta name=\"twitter:label2\" content=\"Est. reading time\" \/>\n\t<meta name=\"twitter:data2\" content=\"8 minutes\" \/>\n<script type=\"application\/ld+json\" class=\"yoast-schema-graph\">{\"@context\":\"https:\/\/schema.org\",\"@graph\":[{\"@type\":\"WebPage\",\"@id\":\"https:\/\/www.welovecycling.com\/pl\/2021\/02\/12\/wskazowki-dotyczace-bikepackingu-jak-wybrac-idealne-torby-na-rower\/\",\"url\":\"https:\/\/www.welovecycling.com\/pl\/2021\/02\/12\/wskazowki-dotyczace-bikepackingu-jak-wybrac-idealne-torby-na-rower\/\",\"name\":\"Wskaz\u00f3wki dotycz\u0105ce bikepackingu: jak wybra\u0107 idealne torby na rower - \u0160koda We Love Cycling - Poland\",\"isPartOf\":{\"@id\":\"https:\/\/www.welovecycling.com\/pl\/#website\"},\"primaryImageOfPage\":{\"@id\":\"https:\/\/www.welovecycling.com\/pl\/2021\/02\/12\/wskazowki-dotyczace-bikepackingu-jak-wybrac-idealne-torby-na-rower\/#primaryimage\"},\"image\":{\"@id\":\"https:\/\/www.welovecycling.com\/pl\/2021\/02\/12\/wskazowki-dotyczace-bikepackingu-jak-wybrac-idealne-torby-na-rower\/#primaryimage\"},\"thumbnailUrl\":\"https:\/\/d2p6e6u75xmxt8.cloudfront.net\/5\/2021\/02\/BIkepacking-profimedia-0575188489-CVR-1024x450-1.jpg\",\"datePublished\":\"2021-02-12T16:41:59+00:00\",\"author\":{\"@id\":\"https:\/\/www.welovecycling.com\/pl\/#\/schema\/person\/4a79bac7bd265aa6a35a1079d36648be\"},\"description\":\"W jednym z moich poprzednich artyku\u0142\u00f3w stara\u0142em si\u0119 pom\u00f3c Ci wybra\u0107 odpowiedni rower do bikepackingu. Teraz nadszed\u0142 czas na pakowanie! Poni\u017cej zrobi\u0142em przegl\u0105d r\u00f3\u017cnych rodzaj\u00f3w toreb dost\u0119pnych na rynku. Kiedy zaczyna\u0142em swoj\u0105 przygod\u0119 z bikepackingiem 10 lat temu, istnia\u0142o tylko kilka firm, kt\u00f3re produkowa\u0142y zaledwie par\u0119 rodzaj\u00f3w toreb. Ale bikepacking to szybko rozwijaj\u0105cy si\u0119 trend, wi\u0119c oferta jest obecnie bardzo bogata.\",\"breadcrumb\":{\"@id\":\"https:\/\/www.welovecycling.com\/pl\/2021\/02\/12\/wskazowki-dotyczace-bikepackingu-jak-wybrac-idealne-torby-na-rower\/#breadcrumb\"},\"inLanguage\":\"pl-PL\",\"potentialAction\":[{\"@type\":\"ReadAction\",\"target\":[\"https:\/\/www.welovecycling.com\/pl\/2021\/02\/12\/wskazowki-dotyczace-bikepackingu-jak-wybrac-idealne-torby-na-rower\/\"]}]},{\"@type\":\"ImageObject\",\"inLanguage\":\"pl-PL\",\"@id\":\"https:\/\/www.welovecycling.com\/pl\/2021\/02\/12\/wskazowki-dotyczace-bikepackingu-jak-wybrac-idealne-torby-na-rower\/#primaryimage\",\"url\":\"https:\/\/d2p6e6u75xmxt8.cloudfront.net\/5\/2021\/02\/BIkepacking-profimedia-0575188489-CVR-1024x450-1.jpg\",\"contentUrl\":\"https:\/\/d2p6e6u75xmxt8.cloudfront.net\/5\/2021\/02\/BIkepacking-profimedia-0575188489-CVR-1024x450-1.jpg\",\"width\":1024,\"height\":450},{\"@type\":\"BreadcrumbList\",\"@id\":\"https:\/\/www.welovecycling.com\/pl\/2021\/02\/12\/wskazowki-dotyczace-bikepackingu-jak-wybrac-idealne-torby-na-rower\/#breadcrumb\",\"itemListElement\":[{\"@type\":\"ListItem\",\"position\":1,\"name\":\"Home\",\"item\":\"https:\/\/www.welovecycling.com\/pl\/\"},{\"@type\":\"ListItem\",\"position\":2,\"name\":\"Wskaz\u00f3wki dotycz\u0105ce bikepackingu: jak wybra\u0107 idealne torby na rower\"}]},{\"@type\":\"WebSite\",\"@id\":\"https:\/\/www.welovecycling.com\/pl\/#website\",\"url\":\"https:\/\/www.welovecycling.com\/pl\/\",\"name\":\"\u0160koda We Love Cycling - Poland\",\"description\":\"\",\"potentialAction\":[{\"@type\":\"SearchAction\",\"target\":{\"@type\":\"EntryPoint\",\"urlTemplate\":\"https:\/\/www.welovecycling.com\/pl\/?s={search_term_string}\"},\"query-input\":{\"@type\":\"PropertyValueSpecification\",\"valueRequired\":true,\"valueName\":\"search_term_string\"}}],\"inLanguage\":\"pl-PL\"},{\"@type\":\"Person\",\"@id\":\"https:\/\/www.welovecycling.com\/pl\/#\/schema\/person\/4a79bac7bd265aa6a35a1079d36648be\",\"name\":\"oktawiamikulska\",\"image\":{\"@type\":\"ImageObject\",\"inLanguage\":\"pl-PL\",\"@id\":\"https:\/\/www.welovecycling.com\/pl\/#\/schema\/person\/image\/\",\"url\":\"https:\/\/secure.gravatar.com\/avatar\/b97a3f44e2de6d2f8dd358975937e49823662e12cbd810b9d1a2bff1c149e8a7?s=96&d=mm&r=g\",\"contentUrl\":\"https:\/\/secure.gravatar.com\/avatar\/b97a3f44e2de6d2f8dd358975937e49823662e12cbd810b9d1a2bff1c149e8a7?s=96&d=mm&r=g\",\"caption\":\"oktawiamikulska\"},\"url\":\"https:\/\/www.welovecycling.com\/pl\/author\/oktawiamikulska\/\"}]}<\/script>\n<!-- \/ Yoast SEO Premium plugin. -->","yoast_head_json":{"title":"Wskaz\u00f3wki dotycz\u0105ce bikepackingu: jak wybra\u0107 idealne torby na rower - \u0160koda We Love Cycling - Poland","description":"W jednym z moich poprzednich artyku\u0142\u00f3w stara\u0142em si\u0119 pom\u00f3c Ci wybra\u0107 odpowiedni rower do bikepackingu. Teraz nadszed\u0142 czas na pakowanie! Poni\u017cej zrobi\u0142em przegl\u0105d r\u00f3\u017cnych rodzaj\u00f3w toreb dost\u0119pnych na rynku. Kiedy zaczyna\u0142em swoj\u0105 przygod\u0119 z bikepackingiem 10 lat temu, istnia\u0142o tylko kilka firm, kt\u00f3re produkowa\u0142y zaledwie par\u0119 rodzaj\u00f3w toreb. Ale bikepacking to szybko rozwijaj\u0105cy si\u0119 trend, wi\u0119c oferta jest obecnie bardzo bogata.","robots":{"index":"index","follow":"follow","max-snippet":"max-snippet:-1","max-image-preview":"max-image-preview:large","max-video-preview":"max-video-preview:-1"},"canonical":"https:\/\/www.welovecycling.com\/pl\/2021\/02\/12\/wskazowki-dotyczace-bikepackingu-jak-wybrac-idealne-torby-na-rower\/","og_locale":"pl_PL","og_type":"article","og_title":"Wskaz\u00f3wki dotycz\u0105ce bikepackingu: jak wybra\u0107 idealne torby na rower","og_description":"W jednym z moich poprzednich artyku\u0142\u00f3w stara\u0142em si\u0119 pom\u00f3c Ci wybra\u0107 odpowiedni rower do bikepackingu. Teraz nadszed\u0142 czas na pakowanie! Poni\u017cej zrobi\u0142em przegl\u0105d r\u00f3\u017cnych rodzaj\u00f3w toreb dost\u0119pnych na rynku. Kiedy zaczyna\u0142em swoj\u0105 przygod\u0119 z bikepackingiem 10 lat temu, istnia\u0142o tylko kilka firm, kt\u00f3re produkowa\u0142y zaledwie par\u0119 rodzaj\u00f3w toreb. Ale bikepacking to szybko rozwijaj\u0105cy si\u0119 trend, wi\u0119c oferta jest obecnie bardzo bogata.","og_url":"https:\/\/www.welovecycling.com\/pl\/2021\/02\/12\/wskazowki-dotyczace-bikepackingu-jak-wybrac-idealne-torby-na-rower\/","og_site_name":"\u0160koda We Love Cycling - Poland","article_published_time":"2021-02-12T16:41:59+00:00","og_image":[{"width":1024,"height":450,"url":"https:\/\/d2p6e6u75xmxt8.cloudfront.net\/5\/2021\/02\/BIkepacking-profimedia-0575188489-CVR-1024x450-1.jpg","type":"image\/jpeg"}],"author":"oktawiamikulska","twitter_card":"summary_large_image","twitter_misc":{"Written by":"Filippo Mari","Est. reading time":"8 minutes"},"schema":{"@context":"https:\/\/schema.org","@graph":[{"@type":"WebPage","@id":"https:\/\/www.welovecycling.com\/pl\/2021\/02\/12\/wskazowki-dotyczace-bikepackingu-jak-wybrac-idealne-torby-na-rower\/","url":"https:\/\/www.welovecycling.com\/pl\/2021\/02\/12\/wskazowki-dotyczace-bikepackingu-jak-wybrac-idealne-torby-na-rower\/","name":"Wskaz\u00f3wki dotycz\u0105ce bikepackingu: jak wybra\u0107 idealne torby na rower - \u0160koda We Love Cycling - Poland","isPartOf":{"@id":"https:\/\/www.welovecycling.com\/pl\/#website"},"primaryImageOfPage":{"@id":"https:\/\/www.welovecycling.com\/pl\/2021\/02\/12\/wskazowki-dotyczace-bikepackingu-jak-wybrac-idealne-torby-na-rower\/#primaryimage"},"image":{"@id":"https:\/\/www.welovecycling.com\/pl\/2021\/02\/12\/wskazowki-dotyczace-bikepackingu-jak-wybrac-idealne-torby-na-rower\/#primaryimage"},"thumbnailUrl":"https:\/\/d2p6e6u75xmxt8.cloudfront.net\/5\/2021\/02\/BIkepacking-profimedia-0575188489-CVR-1024x450-1.jpg","datePublished":"2021-02-12T16:41:59+00:00","author":{"@id":"https:\/\/www.welovecycling.com\/pl\/#\/schema\/person\/4a79bac7bd265aa6a35a1079d36648be"},"description":"W jednym z moich poprzednich artyku\u0142\u00f3w stara\u0142em si\u0119 pom\u00f3c Ci wybra\u0107 odpowiedni rower do bikepackingu. Teraz nadszed\u0142 czas na pakowanie! Poni\u017cej zrobi\u0142em przegl\u0105d r\u00f3\u017cnych rodzaj\u00f3w toreb dost\u0119pnych na rynku. Kiedy zaczyna\u0142em swoj\u0105 przygod\u0119 z bikepackingiem 10 lat temu, istnia\u0142o tylko kilka firm, kt\u00f3re produkowa\u0142y zaledwie par\u0119 rodzaj\u00f3w toreb. Ale bikepacking to szybko rozwijaj\u0105cy si\u0119 trend, wi\u0119c oferta jest obecnie bardzo bogata.","breadcrumb":{"@id":"https:\/\/www.welovecycling.com\/pl\/2021\/02\/12\/wskazowki-dotyczace-bikepackingu-jak-wybrac-idealne-torby-na-rower\/#breadcrumb"},"inLanguage":"pl-PL","potentialAction":[{"@type":"ReadAction","target":["https:\/\/www.welovecycling.com\/pl\/2021\/02\/12\/wskazowki-dotyczace-bikepackingu-jak-wybrac-idealne-torby-na-rower\/"]}]},{"@type":"ImageObject","inLanguage":"pl-PL","@id":"https:\/\/www.welovecycling.com\/pl\/2021\/02\/12\/wskazowki-dotyczace-bikepackingu-jak-wybrac-idealne-torby-na-rower\/#primaryimage","url":"https:\/\/d2p6e6u75xmxt8.cloudfront.net\/5\/2021\/02\/BIkepacking-profimedia-0575188489-CVR-1024x450-1.jpg","contentUrl":"https:\/\/d2p6e6u75xmxt8.cloudfront.net\/5\/2021\/02\/BIkepacking-profimedia-0575188489-CVR-1024x450-1.jpg","width":1024,"height":450},{"@type":"BreadcrumbList","@id":"https:\/\/www.welovecycling.com\/pl\/2021\/02\/12\/wskazowki-dotyczace-bikepackingu-jak-wybrac-idealne-torby-na-rower\/#breadcrumb","itemListElement":[{"@type":"ListItem","position":1,"name":"Home","item":"https:\/\/www.welovecycling.com\/pl\/"},{"@type":"ListItem","position":2,"name":"Wskaz\u00f3wki dotycz\u0105ce bikepackingu: jak wybra\u0107 idealne torby na rower"}]},{"@type":"WebSite","@id":"https:\/\/www.welovecycling.com\/pl\/#website","url":"https:\/\/www.welovecycling.com\/pl\/","name":"\u0160koda We Love Cycling - Poland","description":"","potentialAction":[{"@type":"SearchAction","target":{"@type":"EntryPoint","urlTemplate":"https:\/\/www.welovecycling.com\/pl\/?s={search_term_string}"},"query-input":{"@type":"PropertyValueSpecification","valueRequired":true,"valueName":"search_term_string"}}],"inLanguage":"pl-PL"},{"@type":"Person","@id":"https:\/\/www.welovecycling.com\/pl\/#\/schema\/person\/4a79bac7bd265aa6a35a1079d36648be","name":"oktawiamikulska","image":{"@type":"ImageObject","inLanguage":"pl-PL","@id":"https:\/\/www.welovecycling.com\/pl\/#\/schema\/person\/image\/","url":"https:\/\/secure.gravatar.com\/avatar\/b97a3f44e2de6d2f8dd358975937e49823662e12cbd810b9d1a2bff1c149e8a7?s=96&d=mm&r=g","contentUrl":"https:\/\/secure.gravatar.com\/avatar\/b97a3f44e2de6d2f8dd358975937e49823662e12cbd810b9d1a2bff1c149e8a7?s=96&d=mm&r=g","caption":"oktawiamikulska"},"url":"https:\/\/www.welovecycling.com\/pl\/author\/oktawiamikulska\/"}]}},"_links":{"self":[{"href":"https:\/\/www.welovecycling.com\/pl\/wp-json\/wp\/v2\/posts\/11494","targetHints":{"allow":["GET"]}}],"collection":[{"href":"https:\/\/www.welovecycling.com\/pl\/wp-json\/wp\/v2\/posts"}],"about":[{"href":"https:\/\/www.welovecycling.com\/pl\/wp-json\/wp\/v2\/types\/post"}],"author":[{"embeddable":true,"href":"https:\/\/www.welovecycling.com\/pl\/wp-json\/wp\/v2\/users\/125"}],"replies":[{"embeddable":true,"href":"https:\/\/www.welovecycling.com\/pl\/wp-json\/wp\/v2\/comments?post=11494"}],"version-history":[{"count":1,"href":"https:\/\/www.welovecycling.com\/pl\/wp-json\/wp\/v2\/posts\/11494\/revisions"}],"predecessor-version":[{"id":11496,"href":"https:\/\/www.welovecycling.com\/pl\/wp-json\/wp\/v2\/posts\/11494\/revisions\/11496"}],"wp:featuredmedia":[{"embeddable":true,"href":"https:\/\/www.welovecycling.com\/pl\/wp-json\/wp\/v2\/media\/11495"}],"wp:attachment":[{"href":"https:\/\/www.welovecycling.com\/pl\/wp-json\/wp\/v2\/media?parent=11494"}],"wp:term":[{"taxonomy":"category","embeddable":true,"href":"https:\/\/www.welovecycling.com\/pl\/wp-json\/wp\/v2\/categories?post=11494"},{"taxonomy":"post_tag","embeddable":true,"href":"https:\/\/www.welovecycling.com\/pl\/wp-json\/wp\/v2\/tags?post=11494"},{"taxonomy":"global-categories","embeddable":true,"href":"https:\/\/www.welovecycling.com\/pl\/wp-json\/wp\/v2\/global-categories?post=11494"}],"curies":[{"name":"wp","href":"https:\/\/api.w.org\/{rel}","templated":true}]}}