{"id":11487,"date":"2021-02-10T15:04:18","date_gmt":"2021-02-10T15:04:18","guid":{"rendered":"https:\/\/www.welovecycling.com\/pl\/?p=11487"},"modified":"2021-02-10T15:11:34","modified_gmt":"2021-02-10T15:11:34","slug":"tour-de-france-to-cos-wiecej-niz-wyscig-znacznie-wiecej","status":"publish","type":"post","link":"https:\/\/www.welovecycling.com\/pl\/2021\/02\/10\/tour-de-france-to-cos-wiecej-niz-wyscig-znacznie-wiecej\/","title":{"rendered":"Tour de France to co\u015b wi\u0119cej ni\u017c wy\u015bcig. Znacznie wi\u0119cej!"},"content":{"rendered":"<p><strong>Dbaj\u0105 o ekologi\u0119, promuj\u0105 rowery, dzia\u0142aj\u0105 charytatywnie. Coroczne Tour de France to nie tylko najwi\u0119kszy kolarski wy\u015bcig \u015bwiata, ale te\u017c projekt, kt\u00f3ry ma przekona\u0107 ludzi do przesiadki na rowery.<\/strong><\/p>\n<p>&#8211; Regularna jazda na rowerze jest \u017ar\u00f3d\u0142em dobrego samopoczucia. Co wi\u0119cej, przyczynia si\u0119 do poprawy jako\u015bci powietrza i zmniejszenia zagro\u017ce\u0144 dla \u015brodowiska. Promujemy zr\u00f3wnowa\u017con\u0105 przysz\u0142o\u015b\u0107, kt\u00f3ra jest sztandarem, pod kt\u00f3rym Tour de France umie\u015bci\u0142o swoj\u0105 spo\u0142eczn\u0105 odpowiedzialno\u015b\u0107 biznesu \u2013napisano na oficjalnej stronie Wielkiej P\u0119tli.<\/p>\n<p>By jednak nie by\u0142 to tylko pusty slogan, organizatorzy Tour de France musz\u0105 zrobi\u0107 wiele, by najwi\u0119kszy wy\u015bcig \u015bwiata rzeczywi\u015bcie sta\u0142 si\u0119 wielk\u0105 promocj\u0105 kultury rowerowej i nie tylko.<\/p>\n<h2><strong>Rower ma by\u0107 cz\u0119\u015bci\u0105 \u017cycia<\/strong><\/h2>\n<p>66 proc. podr\u00f3\u017cy we Francji odbywa si\u0119 na odleg\u0142o\u015b\u0107 mniejsz\u0105 ni\u017c 5 km. Na og\u00f3\u0142 s\u0105 to przejazdy do pracy, szko\u0142y, na spotkanie towarzyskie. Niestety, ale tylko 4 proc. z nich odbywa si\u0119 na rowerze!<\/p>\n<p>&#8211; Dlatego w\u0142a\u015bnie podczas Tour de France promujemy ten spos\u00f3b przemieszczania si\u0119. Chcemy wywrze\u0107 pozytywny wp\u0142yw i zainspirowa\u0107 jak najwi\u0119cej os\u00f3b, by jazda na rowerze sta\u0142a si\u0119 cz\u0119\u015bci\u0105 ich \u017cycia \u2013 podkre\u015blaj\u0105 organizatorzy Wielkiej P\u0119tli.<\/p>\n<p>Takich nawyk\u00f3w najlepiej uczy\u0107 ju\u017c w m\u0142odo\u015bci, dlatego przy okazji Tour de France promowane s\u0105 inicjatywy, kt\u00f3re pomagaj\u0105 dzieciom rozpocz\u0105\u0107 jazd\u0119 na rowerze.<\/p>\n<div class=\"embed-controller-wrapper\">\n<blockquote class=\"twitter-tweet\" data-width=\"500\" data-dnt=\"true\">\n<p lang=\"en\" dir=\"ltr\">Over 9,000 kids inspired by the Tour de France to get on their bikes: <a href=\"http:\/\/t.co\/Gjd25CCe4e\">http:\/\/t.co\/Gjd25CCe4e<\/a> <a href=\"https:\/\/twitter.com\/hashtag\/GoRideTour?src=hash&amp;ref_src=twsrc%5Etfw\">#GoRideTour<\/a> <a href=\"http:\/\/t.co\/GuOt4843b7\">pic.twitter.com\/GuOt4843b7<\/a><\/p>\n<p>&mdash; British Cycling (@BritishCycling) <a href=\"https:\/\/twitter.com\/BritishCycling\/status\/501384343172829184?ref_src=twsrc%5Etfw\">August 18, 2014<\/a><\/p><\/blockquote>\n<p><script async data-src=\"https:\/\/platform.twitter.com\/widgets.js\" charset=\"utf-8\"><\/script><\/div>\n<p>Trudno jednak przekona\u0107 kogo\u015b do przerzucenia si\u0119 na rower w sytuacji, gdy w drodze do pracy musi przeciska\u0107 si\u0119 mi\u0119dzy samochodami lub przed nimi ucieka\u0107. Dlatego te\u017c organizatorzy Tour de France promuj\u0105 tzw. \u201eCycle City\u201d, czyli francuskie miejscowo\u015bci, kt\u00f3re poprawiaj\u0105 swoj\u0105 infrastruktur\u0119 rowerow\u0105, a dzi\u0119ki temu s\u0105 wyr\u00f3\u017cniane s\u0105 specjalnymi odznaczeniami Tour de France.<\/p>\n<p>&#8211; Kryteria uwzgl\u0119dniaj\u0105 strategi\u0119 rozwoju infrastruktury rowerowej, a tak\u017ce konkretne dzia\u0142ania wspieraj\u0105ce jazd\u0119 na rowerze (nauka w szko\u0142ach, kampanie informacyjne, przeja\u017cd\u017cki, itp.) oraz wsparcie udzielane klubom i stowarzyszeniom zajmuj\u0105cym si\u0119 sportem rowerowym na ich terenie. [\u2026] Podczas oceny oczywi\u015bcie uwzgl\u0119dniamy ogromn\u0105 dysproporcj\u0119 w mo\u017cliwo\u015bciach mi\u0119dzy du\u017cymi miastami, jak Pary\u017c czy Londyn, a gminami wiejskimi licz\u0105cymi kilkaset mieszka\u0144c\u00f3w. W przypadku ma\u0142ej gminy czasami trudno jest np. budowa\u0107 \u015bcie\u017cki rowerowe, ale stworzenie \u201estref do 30 km \/ h\u201d w niekt\u00f3rych miejscach wyra\u017anie zach\u0119ca do jazdy na rowerze \u2013 wyja\u015bnia koordynatorka akcji Karine Bozzacchi z Amaury Sport Organisation, firmy organizuj\u0105cej Tour de France.<\/p>\n<h2><strong>Zmiana floty na eko<\/strong><\/h2>\n<p>Tour de France to wielkie przedsi\u0119wzi\u0119cie i jedna z najwi\u0119kszych imprez sportowych na \u015bwiecie. Dlatego te\u017c wy\u015bcig musi mierzy\u0107 si\u0119 z zarzutami o zanieczyszczanie \u015brodowiska. Od kilku lat ta sprawa przez organizator\u00f3w Wielkiej P\u0119tli traktowana jest bardzo powa\u017cnie. Zawodnikom za wyrzucanie bidon\u00f3w i innych \u015bmieci gro\u017c\u0105 kary, kt\u00f3re wkr\u00f3tce mog\u0105 by\u0107 jeszcze wy\u017csze. Do tego kierowcy autobus\u00f3w szkoleni s\u0105 z tzw. eco-drivingu, a reklamodawcy otrzymali nakaz zdecydowanego ograniczenia opakowa\u0144 jednorazowych, kt\u00f3re maj\u0105 zast\u0119powa\u0107 materia\u0142ami do recyklingu.<\/p>\n<p>W poprzednim roku ekologiczne by\u0142o r\u00f3wnie\u017c przemieszczanie si\u0119 samochod\u00f3w w peletonie.<\/p>\n<p>&#8211; Pom\u00f3g\u0142 nam w tym nasz partner motoryzacyjny \u2013 \u0160koda \u2013 kt\u00f3ry podczas ostatniej edycji dostarczy\u0142 nam w 100 proc. hybrydowe samochody. A na trzech ostatnich etapach testowali\u015bmy pojazdy w 100 proc. elektryczne \u2013 m\u00f3wi\u0142a Bozzacchi w wywiadzie dla Ecolosport.<\/p>\n<h2><strong>Satysfakcja z pomocy<\/strong><\/h2>\n<p>Kolarska magia Francji wykracza jednak daleko poza ten kraj. Istnieje bowiem wiele charytatywnych inicjatyw, kt\u00f3re zahaczaj\u0105 o Wielk\u0105 P\u0119tl\u0119 i pomagaj\u0105 nie tylko \u015brodowisku, ale tak\u017ce potrzebuj\u0105cym. Jedn\u0105 z nich jest weekendowy przejazd z Londynu do Pary\u017ca. Uczestnicy w 3 dni pokonuj\u0105 ok. 450 km, pomagaj\u0105 i bawi\u0105 si\u0119 tak:<\/p>\n<div class=\"embed-controller-wrapper\">\n<div class=\"embed-wrapper\"><iframe title=\"Charity Challenge: London to Paris bike ride\" width=\"500\" height=\"281\" data-src=\"https:\/\/www.youtube.com\/embed\/z-yETfopcdY?feature=oembed\" frameborder=\"0\" allow=\"accelerometer; autoplay; clipboard-write; encrypted-media; gyroscope; picture-in-picture; web-share\" referrerpolicy=\"strict-origin-when-cross-origin\" allowfullscreen><\/iframe><\/div>\n<\/div>\n<p>W nagrod\u0119 za przejechania takie dystansu maj\u0105 nie tylko satysfakcj\u0119 z pomocy potrzebuj\u0105cym, ale mog\u0105 te\u017c zrobi\u0107 rund\u0119 po Polach Elizejskich i dzi\u0119ki temu poczu\u0107 si\u0119 jak najlepsi kolarze \u015bwiata podczas Tour de France!<\/p>\n<p><span data-sheets-value=\"{&quot;1&quot;:2,&quot;2&quot;:&quot;Artyku\u0142 powsta\u0142 we wsp\u00f3\u0142pracy ze skoda-auto.pl&quot;}\" data-sheets-userformat=\"{&quot;2&quot;:1,&quot;3&quot;:{&quot;1&quot;:0}}\" data-sheets-hyperlink=\"http:\/\/www.skoda-auto.pl\/\"><a class=\"in-cell-link\" href=\"http:\/\/www.skoda-auto.pl\/\" target=\"_blank\" rel=\"noopener noreferrer\">Artyku\u0142 powsta\u0142 we wsp\u00f3\u0142pracy ze skoda-auto.pl<\/a><\/span><\/p>\n<p><a href=\"https:\/\/www.skoda-auto.pl\/modele\/karoq\">\u00a0<\/a><\/p>\n<p>&nbsp;<\/p>\n<p><a href=\"https:\/\/www.skoda-auto.pl\/modele\/kodiaq\"><img loading=\"lazy\" decoding=\"async\" class=\"size-full wp-image-11327 aligncenter\" src=\"https:\/\/d2p6e6u75xmxt8.cloudfront.net\/5\/2021\/12\/baner-WLC.jpg\" alt=\"\" width=\"640\" height=\"350\" srcset=\"https:\/\/d2p6e6u75xmxt8.cloudfront.net\/5\/2021\/12\/baner-WLC.jpg 640w, https:\/\/d2p6e6u75xmxt8.cloudfront.net\/5\/2021\/12\/baner-WLC-300x164.jpg 300w\" sizes=\"auto, (max-width: 640px) 100vw, 640px\" \/><\/a><\/p>\n<p>&nbsp;<\/p>\n","protected":false},"excerpt":{"rendered":"<p>Dbaj\u0105 o ekologi\u0119, promuj\u0105 rowery, dzia\u0142aj\u0105 charytatywnie. Coroczne Tour de France to nie tylko najwi\u0119kszy kolarski wy\u015bcig \u015bwiata, ale te\u017c [&hellip;]<\/p>\n","protected":false},"author":125,"featured_media":11490,"comment_status":"open","ping_status":"open","sticky":false,"template":"","format":"standard","meta":{"footnotes":""},"categories":[337],"tags":[],"global-categories":[303],"class_list":["post-11487","post","type-post","status-publish","format-standard","has-post-thumbnail","hentry","category-tour-de-france","global-categories-cycling"],"yoast_head":"<!-- This site is optimized with the Yoast SEO Premium plugin v25.3 (Yoast SEO v25.9) - https:\/\/yoast.com\/wordpress\/plugins\/seo\/ -->\n<title>Tour de France to co\u015b wi\u0119cej ni\u017c wy\u015bcig. Znacznie wi\u0119cej! - \u0160koda We Love Cycling - Poland<\/title>\n<meta name=\"description\" content=\"Dbaj\u0105 o ekologi\u0119, promuj\u0105 rowery, dzia\u0142aj\u0105 charytatywnie. Coroczne Tour de France to nie tylko najwi\u0119kszy kolarski wy\u015bcig \u015bwiata, ale te\u017c projekt, kt\u00f3ry ma przekona\u0107 ludzi do przesiadki na rowery.\" \/>\n<meta name=\"robots\" content=\"index, follow, max-snippet:-1, max-image-preview:large, max-video-preview:-1\" \/>\n<link rel=\"canonical\" href=\"https:\/\/www.welovecycling.com\/pl\/2021\/02\/10\/tour-de-france-to-cos-wiecej-niz-wyscig-znacznie-wiecej\/\" \/>\n<meta property=\"og:locale\" content=\"pl_PL\" \/>\n<meta property=\"og:type\" content=\"article\" \/>\n<meta property=\"og:title\" content=\"Tour de France to co\u015b wi\u0119cej ni\u017c wy\u015bcig. Znacznie wi\u0119cej!\" \/>\n<meta property=\"og:description\" content=\"Dbaj\u0105 o ekologi\u0119, promuj\u0105 rowery, dzia\u0142aj\u0105 charytatywnie. Coroczne Tour de France to nie tylko najwi\u0119kszy kolarski wy\u015bcig \u015bwiata, ale te\u017c projekt, kt\u00f3ry ma przekona\u0107 ludzi do przesiadki na rowery.\" \/>\n<meta property=\"og:url\" content=\"https:\/\/www.welovecycling.com\/pl\/2021\/02\/10\/tour-de-france-to-cos-wiecej-niz-wyscig-znacznie-wiecej\/\" \/>\n<meta property=\"og:site_name\" content=\"\u0160koda We Love Cycling - Poland\" \/>\n<meta property=\"article:published_time\" content=\"2021-02-10T15:04:18+00:00\" \/>\n<meta property=\"article:modified_time\" content=\"2021-02-10T15:11:34+00:00\" \/>\n<meta property=\"og:image\" content=\"https:\/\/d2p6e6u75xmxt8.cloudfront.net\/5\/2021\/02\/Tour-de-France-peloton-profimedia-0558935701-CVR-1024x450-2.jpg\" \/>\n\t<meta property=\"og:image:width\" content=\"1024\" \/>\n\t<meta property=\"og:image:height\" content=\"450\" \/>\n\t<meta property=\"og:image:type\" content=\"image\/jpeg\" \/>\n<meta name=\"author\" content=\"oktawiamikulska\" \/>\n<meta name=\"twitter:card\" content=\"summary_large_image\" \/>\n<meta name=\"twitter:label1\" content=\"Written by\" \/>\n\t<meta name=\"twitter:data1\" content=\"Piotr Jawor\" \/>\n\t<meta name=\"twitter:label2\" content=\"Est. reading time\" \/>\n\t<meta name=\"twitter:data2\" content=\"3 minutes\" \/>\n<script type=\"application\/ld+json\" class=\"yoast-schema-graph\">{\"@context\":\"https:\/\/schema.org\",\"@graph\":[{\"@type\":\"WebPage\",\"@id\":\"https:\/\/www.welovecycling.com\/pl\/2021\/02\/10\/tour-de-france-to-cos-wiecej-niz-wyscig-znacznie-wiecej\/\",\"url\":\"https:\/\/www.welovecycling.com\/pl\/2021\/02\/10\/tour-de-france-to-cos-wiecej-niz-wyscig-znacznie-wiecej\/\",\"name\":\"Tour de France to co\u015b wi\u0119cej ni\u017c wy\u015bcig. Znacznie wi\u0119cej! - \u0160koda We Love Cycling - Poland\",\"isPartOf\":{\"@id\":\"https:\/\/www.welovecycling.com\/pl\/#website\"},\"primaryImageOfPage\":{\"@id\":\"https:\/\/www.welovecycling.com\/pl\/2021\/02\/10\/tour-de-france-to-cos-wiecej-niz-wyscig-znacznie-wiecej\/#primaryimage\"},\"image\":{\"@id\":\"https:\/\/www.welovecycling.com\/pl\/2021\/02\/10\/tour-de-france-to-cos-wiecej-niz-wyscig-znacznie-wiecej\/#primaryimage\"},\"thumbnailUrl\":\"https:\/\/d2p6e6u75xmxt8.cloudfront.net\/5\/2021\/02\/Tour-de-France-peloton-profimedia-0558935701-CVR-1024x450-2.jpg\",\"datePublished\":\"2021-02-10T15:04:18+00:00\",\"dateModified\":\"2021-02-10T15:11:34+00:00\",\"author\":{\"@id\":\"https:\/\/www.welovecycling.com\/pl\/#\/schema\/person\/4a79bac7bd265aa6a35a1079d36648be\"},\"description\":\"Dbaj\u0105 o ekologi\u0119, promuj\u0105 rowery, dzia\u0142aj\u0105 charytatywnie. Coroczne Tour de France to nie tylko najwi\u0119kszy kolarski wy\u015bcig \u015bwiata, ale te\u017c projekt, kt\u00f3ry ma przekona\u0107 ludzi do przesiadki na rowery.\",\"breadcrumb\":{\"@id\":\"https:\/\/www.welovecycling.com\/pl\/2021\/02\/10\/tour-de-france-to-cos-wiecej-niz-wyscig-znacznie-wiecej\/#breadcrumb\"},\"inLanguage\":\"pl-PL\",\"potentialAction\":[{\"@type\":\"ReadAction\",\"target\":[\"https:\/\/www.welovecycling.com\/pl\/2021\/02\/10\/tour-de-france-to-cos-wiecej-niz-wyscig-znacznie-wiecej\/\"]}]},{\"@type\":\"ImageObject\",\"inLanguage\":\"pl-PL\",\"@id\":\"https:\/\/www.welovecycling.com\/pl\/2021\/02\/10\/tour-de-france-to-cos-wiecej-niz-wyscig-znacznie-wiecej\/#primaryimage\",\"url\":\"https:\/\/d2p6e6u75xmxt8.cloudfront.net\/5\/2021\/02\/Tour-de-France-peloton-profimedia-0558935701-CVR-1024x450-2.jpg\",\"contentUrl\":\"https:\/\/d2p6e6u75xmxt8.cloudfront.net\/5\/2021\/02\/Tour-de-France-peloton-profimedia-0558935701-CVR-1024x450-2.jpg\",\"width\":1024,\"height\":450},{\"@type\":\"BreadcrumbList\",\"@id\":\"https:\/\/www.welovecycling.com\/pl\/2021\/02\/10\/tour-de-france-to-cos-wiecej-niz-wyscig-znacznie-wiecej\/#breadcrumb\",\"itemListElement\":[{\"@type\":\"ListItem\",\"position\":1,\"name\":\"Home\",\"item\":\"https:\/\/www.welovecycling.com\/pl\/\"},{\"@type\":\"ListItem\",\"position\":2,\"name\":\"Tour de France to co\u015b wi\u0119cej ni\u017c wy\u015bcig. Znacznie wi\u0119cej!\"}]},{\"@type\":\"WebSite\",\"@id\":\"https:\/\/www.welovecycling.com\/pl\/#website\",\"url\":\"https:\/\/www.welovecycling.com\/pl\/\",\"name\":\"\u0160koda We Love Cycling - Poland\",\"description\":\"\",\"potentialAction\":[{\"@type\":\"SearchAction\",\"target\":{\"@type\":\"EntryPoint\",\"urlTemplate\":\"https:\/\/www.welovecycling.com\/pl\/?s={search_term_string}\"},\"query-input\":{\"@type\":\"PropertyValueSpecification\",\"valueRequired\":true,\"valueName\":\"search_term_string\"}}],\"inLanguage\":\"pl-PL\"},{\"@type\":\"Person\",\"@id\":\"https:\/\/www.welovecycling.com\/pl\/#\/schema\/person\/4a79bac7bd265aa6a35a1079d36648be\",\"name\":\"oktawiamikulska\",\"image\":{\"@type\":\"ImageObject\",\"inLanguage\":\"pl-PL\",\"@id\":\"https:\/\/www.welovecycling.com\/pl\/#\/schema\/person\/image\/\",\"url\":\"https:\/\/secure.gravatar.com\/avatar\/b97a3f44e2de6d2f8dd358975937e49823662e12cbd810b9d1a2bff1c149e8a7?s=96&d=mm&r=g\",\"contentUrl\":\"https:\/\/secure.gravatar.com\/avatar\/b97a3f44e2de6d2f8dd358975937e49823662e12cbd810b9d1a2bff1c149e8a7?s=96&d=mm&r=g\",\"caption\":\"oktawiamikulska\"},\"url\":\"https:\/\/www.welovecycling.com\/pl\/author\/oktawiamikulska\/\"}]}<\/script>\n<!-- \/ Yoast SEO Premium plugin. -->","yoast_head_json":{"title":"Tour de France to co\u015b wi\u0119cej ni\u017c wy\u015bcig. Znacznie wi\u0119cej! - \u0160koda We Love Cycling - Poland","description":"Dbaj\u0105 o ekologi\u0119, promuj\u0105 rowery, dzia\u0142aj\u0105 charytatywnie. Coroczne Tour de France to nie tylko najwi\u0119kszy kolarski wy\u015bcig \u015bwiata, ale te\u017c projekt, kt\u00f3ry ma przekona\u0107 ludzi do przesiadki na rowery.","robots":{"index":"index","follow":"follow","max-snippet":"max-snippet:-1","max-image-preview":"max-image-preview:large","max-video-preview":"max-video-preview:-1"},"canonical":"https:\/\/www.welovecycling.com\/pl\/2021\/02\/10\/tour-de-france-to-cos-wiecej-niz-wyscig-znacznie-wiecej\/","og_locale":"pl_PL","og_type":"article","og_title":"Tour de France to co\u015b wi\u0119cej ni\u017c wy\u015bcig. Znacznie wi\u0119cej!","og_description":"Dbaj\u0105 o ekologi\u0119, promuj\u0105 rowery, dzia\u0142aj\u0105 charytatywnie. Coroczne Tour de France to nie tylko najwi\u0119kszy kolarski wy\u015bcig \u015bwiata, ale te\u017c projekt, kt\u00f3ry ma przekona\u0107 ludzi do przesiadki na rowery.","og_url":"https:\/\/www.welovecycling.com\/pl\/2021\/02\/10\/tour-de-france-to-cos-wiecej-niz-wyscig-znacznie-wiecej\/","og_site_name":"\u0160koda We Love Cycling - Poland","article_published_time":"2021-02-10T15:04:18+00:00","article_modified_time":"2021-02-10T15:11:34+00:00","og_image":[{"width":1024,"height":450,"url":"https:\/\/d2p6e6u75xmxt8.cloudfront.net\/5\/2021\/02\/Tour-de-France-peloton-profimedia-0558935701-CVR-1024x450-2.jpg","type":"image\/jpeg"}],"author":"oktawiamikulska","twitter_card":"summary_large_image","twitter_misc":{"Written by":"Piotr Jawor","Est. reading time":"3 minutes"},"schema":{"@context":"https:\/\/schema.org","@graph":[{"@type":"WebPage","@id":"https:\/\/www.welovecycling.com\/pl\/2021\/02\/10\/tour-de-france-to-cos-wiecej-niz-wyscig-znacznie-wiecej\/","url":"https:\/\/www.welovecycling.com\/pl\/2021\/02\/10\/tour-de-france-to-cos-wiecej-niz-wyscig-znacznie-wiecej\/","name":"Tour de France to co\u015b wi\u0119cej ni\u017c wy\u015bcig. Znacznie wi\u0119cej! - \u0160koda We Love Cycling - Poland","isPartOf":{"@id":"https:\/\/www.welovecycling.com\/pl\/#website"},"primaryImageOfPage":{"@id":"https:\/\/www.welovecycling.com\/pl\/2021\/02\/10\/tour-de-france-to-cos-wiecej-niz-wyscig-znacznie-wiecej\/#primaryimage"},"image":{"@id":"https:\/\/www.welovecycling.com\/pl\/2021\/02\/10\/tour-de-france-to-cos-wiecej-niz-wyscig-znacznie-wiecej\/#primaryimage"},"thumbnailUrl":"https:\/\/d2p6e6u75xmxt8.cloudfront.net\/5\/2021\/02\/Tour-de-France-peloton-profimedia-0558935701-CVR-1024x450-2.jpg","datePublished":"2021-02-10T15:04:18+00:00","dateModified":"2021-02-10T15:11:34+00:00","author":{"@id":"https:\/\/www.welovecycling.com\/pl\/#\/schema\/person\/4a79bac7bd265aa6a35a1079d36648be"},"description":"Dbaj\u0105 o ekologi\u0119, promuj\u0105 rowery, dzia\u0142aj\u0105 charytatywnie. Coroczne Tour de France to nie tylko najwi\u0119kszy kolarski wy\u015bcig \u015bwiata, ale te\u017c projekt, kt\u00f3ry ma przekona\u0107 ludzi do przesiadki na rowery.","breadcrumb":{"@id":"https:\/\/www.welovecycling.com\/pl\/2021\/02\/10\/tour-de-france-to-cos-wiecej-niz-wyscig-znacznie-wiecej\/#breadcrumb"},"inLanguage":"pl-PL","potentialAction":[{"@type":"ReadAction","target":["https:\/\/www.welovecycling.com\/pl\/2021\/02\/10\/tour-de-france-to-cos-wiecej-niz-wyscig-znacznie-wiecej\/"]}]},{"@type":"ImageObject","inLanguage":"pl-PL","@id":"https:\/\/www.welovecycling.com\/pl\/2021\/02\/10\/tour-de-france-to-cos-wiecej-niz-wyscig-znacznie-wiecej\/#primaryimage","url":"https:\/\/d2p6e6u75xmxt8.cloudfront.net\/5\/2021\/02\/Tour-de-France-peloton-profimedia-0558935701-CVR-1024x450-2.jpg","contentUrl":"https:\/\/d2p6e6u75xmxt8.cloudfront.net\/5\/2021\/02\/Tour-de-France-peloton-profimedia-0558935701-CVR-1024x450-2.jpg","width":1024,"height":450},{"@type":"BreadcrumbList","@id":"https:\/\/www.welovecycling.com\/pl\/2021\/02\/10\/tour-de-france-to-cos-wiecej-niz-wyscig-znacznie-wiecej\/#breadcrumb","itemListElement":[{"@type":"ListItem","position":1,"name":"Home","item":"https:\/\/www.welovecycling.com\/pl\/"},{"@type":"ListItem","position":2,"name":"Tour de France to co\u015b wi\u0119cej ni\u017c wy\u015bcig. Znacznie wi\u0119cej!"}]},{"@type":"WebSite","@id":"https:\/\/www.welovecycling.com\/pl\/#website","url":"https:\/\/www.welovecycling.com\/pl\/","name":"\u0160koda We Love Cycling - Poland","description":"","potentialAction":[{"@type":"SearchAction","target":{"@type":"EntryPoint","urlTemplate":"https:\/\/www.welovecycling.com\/pl\/?s={search_term_string}"},"query-input":{"@type":"PropertyValueSpecification","valueRequired":true,"valueName":"search_term_string"}}],"inLanguage":"pl-PL"},{"@type":"Person","@id":"https:\/\/www.welovecycling.com\/pl\/#\/schema\/person\/4a79bac7bd265aa6a35a1079d36648be","name":"oktawiamikulska","image":{"@type":"ImageObject","inLanguage":"pl-PL","@id":"https:\/\/www.welovecycling.com\/pl\/#\/schema\/person\/image\/","url":"https:\/\/secure.gravatar.com\/avatar\/b97a3f44e2de6d2f8dd358975937e49823662e12cbd810b9d1a2bff1c149e8a7?s=96&d=mm&r=g","contentUrl":"https:\/\/secure.gravatar.com\/avatar\/b97a3f44e2de6d2f8dd358975937e49823662e12cbd810b9d1a2bff1c149e8a7?s=96&d=mm&r=g","caption":"oktawiamikulska"},"url":"https:\/\/www.welovecycling.com\/pl\/author\/oktawiamikulska\/"}]}},"_links":{"self":[{"href":"https:\/\/www.welovecycling.com\/pl\/wp-json\/wp\/v2\/posts\/11487","targetHints":{"allow":["GET"]}}],"collection":[{"href":"https:\/\/www.welovecycling.com\/pl\/wp-json\/wp\/v2\/posts"}],"about":[{"href":"https:\/\/www.welovecycling.com\/pl\/wp-json\/wp\/v2\/types\/post"}],"author":[{"embeddable":true,"href":"https:\/\/www.welovecycling.com\/pl\/wp-json\/wp\/v2\/users\/125"}],"replies":[{"embeddable":true,"href":"https:\/\/www.welovecycling.com\/pl\/wp-json\/wp\/v2\/comments?post=11487"}],"version-history":[{"count":2,"href":"https:\/\/www.welovecycling.com\/pl\/wp-json\/wp\/v2\/posts\/11487\/revisions"}],"predecessor-version":[{"id":11493,"href":"https:\/\/www.welovecycling.com\/pl\/wp-json\/wp\/v2\/posts\/11487\/revisions\/11493"}],"wp:featuredmedia":[{"embeddable":true,"href":"https:\/\/www.welovecycling.com\/pl\/wp-json\/wp\/v2\/media\/11490"}],"wp:attachment":[{"href":"https:\/\/www.welovecycling.com\/pl\/wp-json\/wp\/v2\/media?parent=11487"}],"wp:term":[{"taxonomy":"category","embeddable":true,"href":"https:\/\/www.welovecycling.com\/pl\/wp-json\/wp\/v2\/categories?post=11487"},{"taxonomy":"post_tag","embeddable":true,"href":"https:\/\/www.welovecycling.com\/pl\/wp-json\/wp\/v2\/tags?post=11487"},{"taxonomy":"global-categories","embeddable":true,"href":"https:\/\/www.welovecycling.com\/pl\/wp-json\/wp\/v2\/global-categories?post=11487"}],"curies":[{"name":"wp","href":"https:\/\/api.w.org\/{rel}","templated":true}]}}