{"id":11484,"date":"2021-02-08T15:12:28","date_gmt":"2021-02-08T15:12:28","guid":{"rendered":"https:\/\/www.welovecycling.com\/pl\/?p=11484"},"modified":"2021-02-08T15:12:28","modified_gmt":"2021-02-08T15:12:28","slug":"wlasciciel-delikatesow-podarowal-dzieciom-prawie-trzysta-rowerow","status":"publish","type":"post","link":"https:\/\/www.welovecycling.com\/pl\/2021\/02\/08\/wlasciciel-delikatesow-podarowal-dzieciom-prawie-trzysta-rowerow\/","title":{"rendered":"W\u0142a\u015bciciel delikates\u00f3w podarowa\u0142 dzieciom prawie trzysta rower\u00f3w"},"content":{"rendered":"<p><strong>Kiedy klienci w grudniu 2020 roku weszli do delikates\u00f3w w Palm Harbor na Florydzie, opr\u00f3cz p\u00f3\u0142ek z \u017cywno\u015bci\u0105 i innymi produktami natkn\u0119li si\u0119 na stos dzieci\u0119cych rower\u00f3w. Ci bardziej ciekawscy, kiedy zapytali o osobliw\u0105 g\u00f3r\u0119 zbudowan\u0105 z rower\u00f3w, dowiedzieli si\u0119, \u017ce wszystkie te pojazdy ju\u017c nied\u0142ugo dotr\u0105 do dzieciak\u00f3w pochodz\u0105cych z trudnych \u015brodowisk.<\/strong><\/p>\n<p>To nie by\u0142a pierwsza akcja charytatywna zorganizowana przez Georgesa Elou, w\u0142a\u015bciciela Shlomo Gourmet Subs i Deli. W 2020 odby\u0142a si\u0119 ju\u017c dziewi\u0105ta edycja i mimo trudno\u015bci wynikaj\u0105cych z wybuchu pandemii Covid-19 (oraz zwi\u0105zanym z tym niedoborem rower\u00f3w) okaza\u0142a si\u0119 bardzo udana, je\u015bli chodzi o zbi\u00f3rk\u0119 rower\u00f3w i datki. Lokalna spo\u0142eczno\u015b\u0107 w\u0142\u0105czy\u0142a si\u0119 w dzia\u0142ania z pe\u0142nym entuzjazmem.<\/p>\n<p>W Wigili\u0119 tak zwana Armia Szlomo zebra\u0142a si\u0119 przy delikatesach, przemierzy\u0142a parking, a nast\u0119pnie zacz\u0119\u0142a paradowa\u0107 z rowerami po ulicy.<\/p>\n<figure id=\"attachment_181189\" aria-describedby=\"caption-attachment-181189\" style=\"width: 1024px\" class=\"wp-caption alignnone\"><img loading=\"lazy\" decoding=\"async\" class=\"initial loaded wp-image-181189 size-large\" src=\"https:\/\/d2p6e6u75xmxt8.cloudfront.net\/2\/2021\/01\/Elou-profimedia-0573134371-1024x670.jpg\" sizes=\"auto, (max-width: 1024px) 100vw, 1024px\" srcset=\"https:\/\/d2p6e6u75xmxt8.cloudfront.net\/2\/2021\/01\/Elou-profimedia-0573134371-1024x670.jpg 1024w, https:\/\/d2p6e6u75xmxt8.cloudfront.net\/2\/2021\/01\/Elou-profimedia-0573134371-300x196.jpg 300w, https:\/\/d2p6e6u75xmxt8.cloudfront.net\/2\/2021\/01\/Elou-profimedia-0573134371-768x503.jpg 768w, https:\/\/d2p6e6u75xmxt8.cloudfront.net\/2\/2021\/01\/Elou-profimedia-0573134371.jpg 1250w\" alt=\"Georges Elou\" width=\"1024\" height=\"670\" data-was-processed=\"true\" \/><figcaption id=\"caption-attachment-181189\" class=\"wp-caption-text\">Georges Elou, w\u0142a\u015bciciel Shlomo Gourmet Subs and Deli, montuje rower ze swoj\u0105 dziewczyn\u0105 Becc\u0105 Raith. \u00a9 Profimedia<\/figcaption><\/figure>\n<p>Georges nie reklamowa\u0142 tego wydarzenia, poniewa\u017c uwa\u017ca, \u017ce \u200b\u200bakcje charytatywne nie powinny by\u0107 organizowane na pokaz. Dlatego polega\u0142 na starym dobrym s\u0142owie, kt\u00f3re wyjdzie z jego ust, a nast\u0119pnie zostanie przekazane dalej. Dzi\u0119ki tej metodzie prawie 300 dzieciak\u00f3w otrzyma\u0142o nowy \u015brodek transportu.<\/p>\n<p>\u201eDla m\u0142odego cz\u0142owieka rower to co\u015b wi\u0119cej ni\u017c zabawka. To wolno\u015b\u0107\u201d \u2013 <a href=\"https:\/\/www.tampabay.com\/news\/pinellas\/2020\/12\/03\/palm-harbor-delicatessen-collects-hundreds-of-bikes-for-underprivileged-kids\/\"><u>skomentowa\u0142 Georges<\/u>.<\/a><\/p>\n<p>Wielkie brawa dla niego i dla wszystkich, kt\u00f3rzy uczestniczyli w tym wydarzeniu!<\/p>\n<p><span data-sheets-value=\"{&quot;1&quot;:2,&quot;2&quot;:&quot;Artyku\u0142 powsta\u0142 we wsp\u00f3\u0142pracy ze skoda-auto.pl&quot;}\" data-sheets-userformat=\"{&quot;2&quot;:1,&quot;3&quot;:{&quot;1&quot;:0}}\" data-sheets-hyperlink=\"http:\/\/www.skoda-auto.pl\/\"><a class=\"in-cell-link\" href=\"http:\/\/www.skoda-auto.pl\/\" target=\"_blank\" rel=\"noopener noreferrer\">Artyku\u0142 powsta\u0142 we wsp\u00f3\u0142pracy ze skoda-auto.pl<\/a><\/span><\/p>\n<p><a href=\"https:\/\/sklep.skoda.pl\/pl\/sklep\/b\/331\/rowery-i-akcesoria-rowery.html\"><img loading=\"lazy\" decoding=\"async\" class=\"aligncenter wp-image-9608 size-full loading\" src=\"https:\/\/d2p6e6u75xmxt8.cloudfront.net\/5\/2019\/08\/baner_WLC_640x350_3.png\" sizes=\"auto, (max-width: 640px) 100vw, 640px\" srcset=\"https:\/\/d2p6e6u75xmxt8.cloudfront.net\/5\/2019\/08\/baner_WLC_640x350_3.png 640w, https:\/\/d2p6e6u75xmxt8.cloudfront.net\/5\/2019\/08\/baner_WLC_640x350_3-300x164.png 300w\" alt=\"\" width=\"640\" height=\"350\" data-was-processed=\"true\" \/><\/a><\/p>\n<p>&nbsp;<\/p>\n<p>&nbsp;<\/p>\n","protected":false},"excerpt":{"rendered":"<p>Kiedy klienci w grudniu 2020 roku weszli do delikates\u00f3w w Palm Harbor na Florydzie, opr\u00f3cz p\u00f3\u0142ek z \u017cywno\u015bci\u0105 i innymi [&hellip;]<\/p>\n","protected":false},"author":125,"featured_media":11485,"comment_status":"open","ping_status":"open","sticky":false,"template":"","format":"standard","meta":{"footnotes":""},"categories":[332],"tags":[],"global-categories":[303],"class_list":["post-11484","post","type-post","status-publish","format-standard","has-post-thumbnail","hentry","category-lifestyle","global-categories-cycling"],"yoast_head":"<!-- This site is optimized with the Yoast SEO Premium plugin v25.3 (Yoast SEO v25.9) - https:\/\/yoast.com\/wordpress\/plugins\/seo\/ -->\n<title>W\u0142a\u015bciciel delikates\u00f3w podarowa\u0142 dzieciom prawie trzysta rower\u00f3w - \u0160koda We Love Cycling - Poland<\/title>\n<meta name=\"description\" content=\"Kiedy klienci w grudniu 2020 roku weszli do delikates\u00f3w w Palm Harbor na Florydzie, opr\u00f3cz p\u00f3\u0142ek z \u017cywno\u015bci\u0105 i innymi produktami natkn\u0119li si\u0119 na stos dzieci\u0119cych rower\u00f3w. Ci bardziej ciekawscy, kiedy zapytali o osobliw\u0105 g\u00f3r\u0119 zbudowan\u0105 z rower\u00f3w, dowiedzieli si\u0119, \u017ce wszystkie te pojazdy ju\u017c nied\u0142ugo dotr\u0105 do dzieciak\u00f3w pochodz\u0105cych z trudnych \u015brodowisk.\" \/>\n<meta name=\"robots\" content=\"index, follow, max-snippet:-1, max-image-preview:large, max-video-preview:-1\" \/>\n<link rel=\"canonical\" href=\"https:\/\/www.welovecycling.com\/pl\/2021\/02\/08\/wlasciciel-delikatesow-podarowal-dzieciom-prawie-trzysta-rowerow\/\" \/>\n<meta property=\"og:locale\" content=\"pl_PL\" \/>\n<meta property=\"og:type\" content=\"article\" \/>\n<meta property=\"og:title\" content=\"W\u0142a\u015bciciel delikates\u00f3w podarowa\u0142 dzieciom prawie trzysta rower\u00f3w\" \/>\n<meta property=\"og:description\" content=\"Kiedy klienci w grudniu 2020 roku weszli do delikates\u00f3w w Palm Harbor na Florydzie, opr\u00f3cz p\u00f3\u0142ek z \u017cywno\u015bci\u0105 i innymi produktami natkn\u0119li si\u0119 na stos dzieci\u0119cych rower\u00f3w. Ci bardziej ciekawscy, kiedy zapytali o osobliw\u0105 g\u00f3r\u0119 zbudowan\u0105 z rower\u00f3w, dowiedzieli si\u0119, \u017ce wszystkie te pojazdy ju\u017c nied\u0142ugo dotr\u0105 do dzieciak\u00f3w pochodz\u0105cych z trudnych \u015brodowisk.\" \/>\n<meta property=\"og:url\" content=\"https:\/\/www.welovecycling.com\/pl\/2021\/02\/08\/wlasciciel-delikatesow-podarowal-dzieciom-prawie-trzysta-rowerow\/\" \/>\n<meta property=\"og:site_name\" content=\"\u0160koda We Love Cycling - Poland\" \/>\n<meta property=\"article:published_time\" content=\"2021-02-08T15:12:28+00:00\" \/>\n<meta property=\"og:image\" content=\"https:\/\/d2p6e6u75xmxt8.cloudfront.net\/5\/2021\/02\/Georges-Elou-profimedia-0573134375-CVR-1024x450-1.jpg\" \/>\n\t<meta property=\"og:image:width\" content=\"1024\" \/>\n\t<meta property=\"og:image:height\" content=\"450\" \/>\n\t<meta property=\"og:image:type\" content=\"image\/jpeg\" \/>\n<meta name=\"author\" content=\"oktawiamikulska\" \/>\n<meta name=\"twitter:card\" content=\"summary_large_image\" \/>\n<meta name=\"twitter:label1\" content=\"Written by\" \/>\n\t<meta name=\"twitter:data1\" content=\"Tereza Antonova\" \/>\n\t<meta name=\"twitter:label2\" content=\"Est. reading time\" \/>\n\t<meta name=\"twitter:data2\" content=\"1 minute\" \/>\n<script type=\"application\/ld+json\" class=\"yoast-schema-graph\">{\"@context\":\"https:\/\/schema.org\",\"@graph\":[{\"@type\":\"WebPage\",\"@id\":\"https:\/\/www.welovecycling.com\/pl\/2021\/02\/08\/wlasciciel-delikatesow-podarowal-dzieciom-prawie-trzysta-rowerow\/\",\"url\":\"https:\/\/www.welovecycling.com\/pl\/2021\/02\/08\/wlasciciel-delikatesow-podarowal-dzieciom-prawie-trzysta-rowerow\/\",\"name\":\"W\u0142a\u015bciciel delikates\u00f3w podarowa\u0142 dzieciom prawie trzysta rower\u00f3w - \u0160koda We Love Cycling - Poland\",\"isPartOf\":{\"@id\":\"https:\/\/www.welovecycling.com\/pl\/#website\"},\"primaryImageOfPage\":{\"@id\":\"https:\/\/www.welovecycling.com\/pl\/2021\/02\/08\/wlasciciel-delikatesow-podarowal-dzieciom-prawie-trzysta-rowerow\/#primaryimage\"},\"image\":{\"@id\":\"https:\/\/www.welovecycling.com\/pl\/2021\/02\/08\/wlasciciel-delikatesow-podarowal-dzieciom-prawie-trzysta-rowerow\/#primaryimage\"},\"thumbnailUrl\":\"https:\/\/d2p6e6u75xmxt8.cloudfront.net\/5\/2021\/02\/Georges-Elou-profimedia-0573134375-CVR-1024x450-1.jpg\",\"datePublished\":\"2021-02-08T15:12:28+00:00\",\"author\":{\"@id\":\"https:\/\/www.welovecycling.com\/pl\/#\/schema\/person\/4a79bac7bd265aa6a35a1079d36648be\"},\"description\":\"Kiedy klienci w grudniu 2020 roku weszli do delikates\u00f3w w Palm Harbor na Florydzie, opr\u00f3cz p\u00f3\u0142ek z \u017cywno\u015bci\u0105 i innymi produktami natkn\u0119li si\u0119 na stos dzieci\u0119cych rower\u00f3w. Ci bardziej ciekawscy, kiedy zapytali o osobliw\u0105 g\u00f3r\u0119 zbudowan\u0105 z rower\u00f3w, dowiedzieli si\u0119, \u017ce wszystkie te pojazdy ju\u017c nied\u0142ugo dotr\u0105 do dzieciak\u00f3w pochodz\u0105cych z trudnych \u015brodowisk.\",\"breadcrumb\":{\"@id\":\"https:\/\/www.welovecycling.com\/pl\/2021\/02\/08\/wlasciciel-delikatesow-podarowal-dzieciom-prawie-trzysta-rowerow\/#breadcrumb\"},\"inLanguage\":\"pl-PL\",\"potentialAction\":[{\"@type\":\"ReadAction\",\"target\":[\"https:\/\/www.welovecycling.com\/pl\/2021\/02\/08\/wlasciciel-delikatesow-podarowal-dzieciom-prawie-trzysta-rowerow\/\"]}]},{\"@type\":\"ImageObject\",\"inLanguage\":\"pl-PL\",\"@id\":\"https:\/\/www.welovecycling.com\/pl\/2021\/02\/08\/wlasciciel-delikatesow-podarowal-dzieciom-prawie-trzysta-rowerow\/#primaryimage\",\"url\":\"https:\/\/d2p6e6u75xmxt8.cloudfront.net\/5\/2021\/02\/Georges-Elou-profimedia-0573134375-CVR-1024x450-1.jpg\",\"contentUrl\":\"https:\/\/d2p6e6u75xmxt8.cloudfront.net\/5\/2021\/02\/Georges-Elou-profimedia-0573134375-CVR-1024x450-1.jpg\",\"width\":1024,\"height\":450},{\"@type\":\"BreadcrumbList\",\"@id\":\"https:\/\/www.welovecycling.com\/pl\/2021\/02\/08\/wlasciciel-delikatesow-podarowal-dzieciom-prawie-trzysta-rowerow\/#breadcrumb\",\"itemListElement\":[{\"@type\":\"ListItem\",\"position\":1,\"name\":\"Home\",\"item\":\"https:\/\/www.welovecycling.com\/pl\/\"},{\"@type\":\"ListItem\",\"position\":2,\"name\":\"W\u0142a\u015bciciel delikates\u00f3w podarowa\u0142 dzieciom prawie trzysta rower\u00f3w\"}]},{\"@type\":\"WebSite\",\"@id\":\"https:\/\/www.welovecycling.com\/pl\/#website\",\"url\":\"https:\/\/www.welovecycling.com\/pl\/\",\"name\":\"\u0160koda We Love Cycling - Poland\",\"description\":\"\",\"potentialAction\":[{\"@type\":\"SearchAction\",\"target\":{\"@type\":\"EntryPoint\",\"urlTemplate\":\"https:\/\/www.welovecycling.com\/pl\/?s={search_term_string}\"},\"query-input\":{\"@type\":\"PropertyValueSpecification\",\"valueRequired\":true,\"valueName\":\"search_term_string\"}}],\"inLanguage\":\"pl-PL\"},{\"@type\":\"Person\",\"@id\":\"https:\/\/www.welovecycling.com\/pl\/#\/schema\/person\/4a79bac7bd265aa6a35a1079d36648be\",\"name\":\"oktawiamikulska\",\"image\":{\"@type\":\"ImageObject\",\"inLanguage\":\"pl-PL\",\"@id\":\"https:\/\/www.welovecycling.com\/pl\/#\/schema\/person\/image\/\",\"url\":\"https:\/\/secure.gravatar.com\/avatar\/b97a3f44e2de6d2f8dd358975937e49823662e12cbd810b9d1a2bff1c149e8a7?s=96&d=mm&r=g\",\"contentUrl\":\"https:\/\/secure.gravatar.com\/avatar\/b97a3f44e2de6d2f8dd358975937e49823662e12cbd810b9d1a2bff1c149e8a7?s=96&d=mm&r=g\",\"caption\":\"oktawiamikulska\"},\"url\":\"https:\/\/www.welovecycling.com\/pl\/author\/oktawiamikulska\/\"}]}<\/script>\n<!-- \/ Yoast SEO Premium plugin. -->","yoast_head_json":{"title":"W\u0142a\u015bciciel delikates\u00f3w podarowa\u0142 dzieciom prawie trzysta rower\u00f3w - \u0160koda We Love Cycling - Poland","description":"Kiedy klienci w grudniu 2020 roku weszli do delikates\u00f3w w Palm Harbor na Florydzie, opr\u00f3cz p\u00f3\u0142ek z \u017cywno\u015bci\u0105 i innymi produktami natkn\u0119li si\u0119 na stos dzieci\u0119cych rower\u00f3w. Ci bardziej ciekawscy, kiedy zapytali o osobliw\u0105 g\u00f3r\u0119 zbudowan\u0105 z rower\u00f3w, dowiedzieli si\u0119, \u017ce wszystkie te pojazdy ju\u017c nied\u0142ugo dotr\u0105 do dzieciak\u00f3w pochodz\u0105cych z trudnych \u015brodowisk.","robots":{"index":"index","follow":"follow","max-snippet":"max-snippet:-1","max-image-preview":"max-image-preview:large","max-video-preview":"max-video-preview:-1"},"canonical":"https:\/\/www.welovecycling.com\/pl\/2021\/02\/08\/wlasciciel-delikatesow-podarowal-dzieciom-prawie-trzysta-rowerow\/","og_locale":"pl_PL","og_type":"article","og_title":"W\u0142a\u015bciciel delikates\u00f3w podarowa\u0142 dzieciom prawie trzysta rower\u00f3w","og_description":"Kiedy klienci w grudniu 2020 roku weszli do delikates\u00f3w w Palm Harbor na Florydzie, opr\u00f3cz p\u00f3\u0142ek z \u017cywno\u015bci\u0105 i innymi produktami natkn\u0119li si\u0119 na stos dzieci\u0119cych rower\u00f3w. Ci bardziej ciekawscy, kiedy zapytali o osobliw\u0105 g\u00f3r\u0119 zbudowan\u0105 z rower\u00f3w, dowiedzieli si\u0119, \u017ce wszystkie te pojazdy ju\u017c nied\u0142ugo dotr\u0105 do dzieciak\u00f3w pochodz\u0105cych z trudnych \u015brodowisk.","og_url":"https:\/\/www.welovecycling.com\/pl\/2021\/02\/08\/wlasciciel-delikatesow-podarowal-dzieciom-prawie-trzysta-rowerow\/","og_site_name":"\u0160koda We Love Cycling - Poland","article_published_time":"2021-02-08T15:12:28+00:00","og_image":[{"width":1024,"height":450,"url":"https:\/\/d2p6e6u75xmxt8.cloudfront.net\/5\/2021\/02\/Georges-Elou-profimedia-0573134375-CVR-1024x450-1.jpg","type":"image\/jpeg"}],"author":"oktawiamikulska","twitter_card":"summary_large_image","twitter_misc":{"Written by":"Tereza Antonova","Est. reading time":"1 minute"},"schema":{"@context":"https:\/\/schema.org","@graph":[{"@type":"WebPage","@id":"https:\/\/www.welovecycling.com\/pl\/2021\/02\/08\/wlasciciel-delikatesow-podarowal-dzieciom-prawie-trzysta-rowerow\/","url":"https:\/\/www.welovecycling.com\/pl\/2021\/02\/08\/wlasciciel-delikatesow-podarowal-dzieciom-prawie-trzysta-rowerow\/","name":"W\u0142a\u015bciciel delikates\u00f3w podarowa\u0142 dzieciom prawie trzysta rower\u00f3w - \u0160koda We Love Cycling - Poland","isPartOf":{"@id":"https:\/\/www.welovecycling.com\/pl\/#website"},"primaryImageOfPage":{"@id":"https:\/\/www.welovecycling.com\/pl\/2021\/02\/08\/wlasciciel-delikatesow-podarowal-dzieciom-prawie-trzysta-rowerow\/#primaryimage"},"image":{"@id":"https:\/\/www.welovecycling.com\/pl\/2021\/02\/08\/wlasciciel-delikatesow-podarowal-dzieciom-prawie-trzysta-rowerow\/#primaryimage"},"thumbnailUrl":"https:\/\/d2p6e6u75xmxt8.cloudfront.net\/5\/2021\/02\/Georges-Elou-profimedia-0573134375-CVR-1024x450-1.jpg","datePublished":"2021-02-08T15:12:28+00:00","author":{"@id":"https:\/\/www.welovecycling.com\/pl\/#\/schema\/person\/4a79bac7bd265aa6a35a1079d36648be"},"description":"Kiedy klienci w grudniu 2020 roku weszli do delikates\u00f3w w Palm Harbor na Florydzie, opr\u00f3cz p\u00f3\u0142ek z \u017cywno\u015bci\u0105 i innymi produktami natkn\u0119li si\u0119 na stos dzieci\u0119cych rower\u00f3w. Ci bardziej ciekawscy, kiedy zapytali o osobliw\u0105 g\u00f3r\u0119 zbudowan\u0105 z rower\u00f3w, dowiedzieli si\u0119, \u017ce wszystkie te pojazdy ju\u017c nied\u0142ugo dotr\u0105 do dzieciak\u00f3w pochodz\u0105cych z trudnych \u015brodowisk.","breadcrumb":{"@id":"https:\/\/www.welovecycling.com\/pl\/2021\/02\/08\/wlasciciel-delikatesow-podarowal-dzieciom-prawie-trzysta-rowerow\/#breadcrumb"},"inLanguage":"pl-PL","potentialAction":[{"@type":"ReadAction","target":["https:\/\/www.welovecycling.com\/pl\/2021\/02\/08\/wlasciciel-delikatesow-podarowal-dzieciom-prawie-trzysta-rowerow\/"]}]},{"@type":"ImageObject","inLanguage":"pl-PL","@id":"https:\/\/www.welovecycling.com\/pl\/2021\/02\/08\/wlasciciel-delikatesow-podarowal-dzieciom-prawie-trzysta-rowerow\/#primaryimage","url":"https:\/\/d2p6e6u75xmxt8.cloudfront.net\/5\/2021\/02\/Georges-Elou-profimedia-0573134375-CVR-1024x450-1.jpg","contentUrl":"https:\/\/d2p6e6u75xmxt8.cloudfront.net\/5\/2021\/02\/Georges-Elou-profimedia-0573134375-CVR-1024x450-1.jpg","width":1024,"height":450},{"@type":"BreadcrumbList","@id":"https:\/\/www.welovecycling.com\/pl\/2021\/02\/08\/wlasciciel-delikatesow-podarowal-dzieciom-prawie-trzysta-rowerow\/#breadcrumb","itemListElement":[{"@type":"ListItem","position":1,"name":"Home","item":"https:\/\/www.welovecycling.com\/pl\/"},{"@type":"ListItem","position":2,"name":"W\u0142a\u015bciciel delikates\u00f3w podarowa\u0142 dzieciom prawie trzysta rower\u00f3w"}]},{"@type":"WebSite","@id":"https:\/\/www.welovecycling.com\/pl\/#website","url":"https:\/\/www.welovecycling.com\/pl\/","name":"\u0160koda We Love Cycling - Poland","description":"","potentialAction":[{"@type":"SearchAction","target":{"@type":"EntryPoint","urlTemplate":"https:\/\/www.welovecycling.com\/pl\/?s={search_term_string}"},"query-input":{"@type":"PropertyValueSpecification","valueRequired":true,"valueName":"search_term_string"}}],"inLanguage":"pl-PL"},{"@type":"Person","@id":"https:\/\/www.welovecycling.com\/pl\/#\/schema\/person\/4a79bac7bd265aa6a35a1079d36648be","name":"oktawiamikulska","image":{"@type":"ImageObject","inLanguage":"pl-PL","@id":"https:\/\/www.welovecycling.com\/pl\/#\/schema\/person\/image\/","url":"https:\/\/secure.gravatar.com\/avatar\/b97a3f44e2de6d2f8dd358975937e49823662e12cbd810b9d1a2bff1c149e8a7?s=96&d=mm&r=g","contentUrl":"https:\/\/secure.gravatar.com\/avatar\/b97a3f44e2de6d2f8dd358975937e49823662e12cbd810b9d1a2bff1c149e8a7?s=96&d=mm&r=g","caption":"oktawiamikulska"},"url":"https:\/\/www.welovecycling.com\/pl\/author\/oktawiamikulska\/"}]}},"_links":{"self":[{"href":"https:\/\/www.welovecycling.com\/pl\/wp-json\/wp\/v2\/posts\/11484","targetHints":{"allow":["GET"]}}],"collection":[{"href":"https:\/\/www.welovecycling.com\/pl\/wp-json\/wp\/v2\/posts"}],"about":[{"href":"https:\/\/www.welovecycling.com\/pl\/wp-json\/wp\/v2\/types\/post"}],"author":[{"embeddable":true,"href":"https:\/\/www.welovecycling.com\/pl\/wp-json\/wp\/v2\/users\/125"}],"replies":[{"embeddable":true,"href":"https:\/\/www.welovecycling.com\/pl\/wp-json\/wp\/v2\/comments?post=11484"}],"version-history":[{"count":1,"href":"https:\/\/www.welovecycling.com\/pl\/wp-json\/wp\/v2\/posts\/11484\/revisions"}],"predecessor-version":[{"id":11486,"href":"https:\/\/www.welovecycling.com\/pl\/wp-json\/wp\/v2\/posts\/11484\/revisions\/11486"}],"wp:featuredmedia":[{"embeddable":true,"href":"https:\/\/www.welovecycling.com\/pl\/wp-json\/wp\/v2\/media\/11485"}],"wp:attachment":[{"href":"https:\/\/www.welovecycling.com\/pl\/wp-json\/wp\/v2\/media?parent=11484"}],"wp:term":[{"taxonomy":"category","embeddable":true,"href":"https:\/\/www.welovecycling.com\/pl\/wp-json\/wp\/v2\/categories?post=11484"},{"taxonomy":"post_tag","embeddable":true,"href":"https:\/\/www.welovecycling.com\/pl\/wp-json\/wp\/v2\/tags?post=11484"},{"taxonomy":"global-categories","embeddable":true,"href":"https:\/\/www.welovecycling.com\/pl\/wp-json\/wp\/v2\/global-categories?post=11484"}],"curies":[{"name":"wp","href":"https:\/\/api.w.org\/{rel}","templated":true}]}}