{"id":11480,"date":"2021-02-05T14:25:44","date_gmt":"2021-02-05T14:25:44","guid":{"rendered":"https:\/\/www.welovecycling.com\/pl\/?p=11480"},"modified":"2021-02-05T14:27:10","modified_gmt":"2021-02-05T14:27:10","slug":"wskazowki-dotyczace-bikepackingu-roznica-miedzy-gravelem-a-rowerem-na-wyprawy","status":"publish","type":"post","link":"https:\/\/www.welovecycling.com\/pl\/2021\/02\/05\/wskazowki-dotyczace-bikepackingu-roznica-miedzy-gravelem-a-rowerem-na-wyprawy\/","title":{"rendered":"Wskaz\u00f3wki dotycz\u0105ce bikepackingu: r\u00f3\u017cnica mi\u0119dzy gravelem a rowerem na wyprawy"},"content":{"rendered":"<p><strong>Zar\u00f3wno rowery wyprawowe, jak i gravelowe prze\u017cywaj\u0105 rozkwit, ale czasami trudno jest wychwyci\u0107 niuanse na tak szybko zmieniaj\u0105cym si\u0119 rynku rowerowym. Spotykam si\u0119 z wieloma bikepackerami i u\u017cytkownikami gravel\u00f3w (cz\u0119sto to ci sami ludzie), wi\u0119c zauwa\u017cy\u0142em, \u017ce wi\u0119kszo\u015b\u0107 z nich waha si\u0119 przed kupnem nowego roweru. Pracuj\u0119 w bran\u017cy rowerowej, testuj\u0119 wiele pojazd\u00f3w, co roku zmieniam rower, spotykam si\u0119 te\u017c z ekspertami. Chcia\u0142bym podzieli\u0107 si\u0119 z Wami tym, czego do tej pory nauczy\u0142em si\u0119 na w\u0142asnej sk\u00f3rze. Mam nadziej\u0119, \u017ce moje do\u015bwiadczenia pomog\u0105 Ci znale\u017a\u0107 idealny rower.<\/strong><\/p>\n<p>Na pocz\u0105tek zaznacz\u0119, \u017ce wed\u0142ug mnie ka\u017cdy rower mo\u017ce s\u0142u\u017cy\u0107 na wyprawy, ale nie ka\u017cdy mo\u017ce by\u0107 gravelem. Bikepacking to spos\u00f3b podr\u00f3\u017cowania, a jego istota tkwi w u\u017cywaniu lekkiego ekwipunku zamiast klasycznych sakw turystycznych, podczas gdy gravel to konkretny rodzaj roweru. Zatem je\u015bli nie chcesz mie\u0107 zbyt wielu pojazd\u00f3w, najlepszym rowerem wyprawowym b\u0119dzie ten, kt\u00f3ry ju\u017c masz w gara\u017cu. Istotn\u0105 kwesti\u0119 stanowi za to wyb\u00f3r odpowiednich sakw na wyprawy. Jest to jednak tak wa\u017cny temat, \u017ce wymaga osobnego artyku\u0142u.<\/p>\n<figure id=\"attachment_181119\" aria-describedby=\"caption-attachment-181119\" style=\"width: 1152px\" class=\"wp-caption alignnone\"><img loading=\"lazy\" decoding=\"async\" class=\"loading wp-image-181119 size-full\" src=\"https:\/\/d2p6e6u75xmxt8.cloudfront.net\/2\/2021\/01\/Bikepacking-1.jpg\" sizes=\"auto, (max-width: 1152px) 100vw, 1152px\" srcset=\"https:\/\/d2p6e6u75xmxt8.cloudfront.net\/2\/2021\/01\/Bikepacking-1.jpg 1152w, https:\/\/d2p6e6u75xmxt8.cloudfront.net\/2\/2021\/01\/Bikepacking-1-300x142.jpg 300w, https:\/\/d2p6e6u75xmxt8.cloudfront.net\/2\/2021\/01\/Bikepacking-1-1024x484.jpg 1024w, https:\/\/d2p6e6u75xmxt8.cloudfront.net\/2\/2021\/01\/Bikepacking-1-768x363.jpg 768w\" alt=\"Bikepacking\" width=\"1152\" height=\"544\" data-was-processed=\"true\" \/><figcaption id=\"caption-attachment-181119\" class=\"wp-caption-text\">Autor artyku\u0142u ze swoim rowerem na wyprawie.<\/figcaption><\/figure>\n<p>Je\u015bli jeste\u015b dociekliwym rowerzyst\u0105, kt\u00f3ry uwielbia zg\u0142\u0119bia\u0107 tajniki kolarstwa i chce mie\u0107 idealny rower na ka\u017cd\u0105 okazj\u0119, wa\u017cne jest, \u017ceby\u015b wiedzia\u0142, \u017ce bikepacking ma r\u00f3\u017cne oblicza. Moim zdaniem dwa g\u0142\u00f3wne to okre\u015blone przeze mnie jako \u201ed\u0142ugie\u201d i \u201ewymagaj\u0105ce\u201d. Ju\u017c wyja\u015bniam, co mam na my\u015bli. Istot\u0105 bikepackingu jest wo\u017cenie l\u017cejszych baga\u017cy oraz nieu\u017cywanie baga\u017cnik\u00f3w. Dzi\u0119ki temu rower jest stabilniejszy na nier\u00f3wnym terenie i bardziej aerodynamiczny. I tu mamy odpowied\u017a na nasze pierwotne pytanie, dotycz\u0105ce r\u00f3\u017cnicy mi\u0119dzy gravelem a rowerem wyprawowym.<\/p>\n<p>Gravele s\u0105 idealne dla rowerzyst\u00f3w, kt\u00f3rzy szukaj\u0105 przyg\u00f3d na d\u0142ugich dystansach, poniewa\u017c te pojazdy doskonale radz\u0105 sobie na asfalcie, ale jednocze\u015bnie pozwalaj\u0105 czerpa\u0107 satysfakcj\u0119 z jazdy le\u015bnymi drogami i \u015bcie\u017ckami. Ci, kt\u00f3rzy wol\u0105 bardziej g\u00f3rzysty teren i off-road, potrzebuj\u0105 innego roweru \u2013 hardtaila lub sztywnego MTB. A oto szczeg\u00f3\u0142owa charakterystyka wymienionych pojazd\u00f3w.<\/p>\n<h2><strong>Rower typu hardtail i sztywne MTB a bikepacking<\/strong><\/h2>\n<p>My\u015bl\u0119, \u017ce s\u0105 to idealne rowery do bikepackingu z bardzo trudnymi wyzwaniami i trasami. S\u0105 lepiej przygotowane do wspinaczki po stromych podjazdach. Maj\u0105 szersze opony, co u\u0142atwia pokonywanie nieznanych, a tak\u017ce b\u0142otnistych teren\u00f3w. Dzi\u0119ki d\u0142u\u017cszemu rozstawowi osi s\u0105 bardziej stabilne, zw\u0142aszcza z baga\u017cem i na nier\u00f3wnym pod\u0142o\u017cu. S\u0105 wyposa\u017cone w prost\u0105 kierownic\u0119, wi\u0119c mo\u017cesz za\u0142adowa\u0107 na ni\u0105 wi\u0119cej rzeczy.<\/p>\n<figure id=\"attachment_181120\" aria-describedby=\"caption-attachment-181120\" style=\"width: 1008px\" class=\"wp-caption alignnone\"><img loading=\"lazy\" decoding=\"async\" class=\"loading wp-image-181120 size-full\" src=\"https:\/\/d2p6e6u75xmxt8.cloudfront.net\/2\/2021\/01\/Bikepacking-2.jpg\" sizes=\"auto, (max-width: 1008px) 100vw, 1008px\" srcset=\"https:\/\/d2p6e6u75xmxt8.cloudfront.net\/2\/2021\/01\/Bikepacking-2.jpg 1008w, https:\/\/d2p6e6u75xmxt8.cloudfront.net\/2\/2021\/01\/Bikepacking-2-300x225.jpg 300w, https:\/\/d2p6e6u75xmxt8.cloudfront.net\/2\/2021\/01\/Bikepacking-2-768x576.jpg 768w\" alt=\"Cycling\" width=\"1008\" height=\"756\" data-was-processed=\"true\" \/><figcaption id=\"caption-attachment-181120\" class=\"wp-caption-text\">Bikepacking to wyj\u0105tkowe przygody.<\/figcaption><\/figure>\n<h2><strong>Gravel a bikepacking<\/strong><\/h2>\n<p>Gravele s\u0105 idealne do pokonywania d\u0142ugich dystans\u00f3w i jazdy po r\u00f3\u017cnorodnych terenach. Te rowery ewoluuj\u0105 z pr\u0119dko\u015bci\u0105 \u015bwiat\u0142a. W ci\u0105gu zaledwie kilku lat ze zwyk\u0142ych szosowych z nieco szerszymi oponami lub turystycznych z wygi\u0119t\u0105 kierownic\u0105 zmieni\u0142y si\u0119 w pojazdy s\u0142u\u017c\u0105ce do wymagaj\u0105cych przeja\u017cd\u017cek. S\u0105 wyposa\u017cone w specjalne technologie, na przyk\u0142ad t\u0142umienie drga\u0144, szersze opony, d\u0142u\u017cszy rozstaw osi i mo\u017cliwo\u015b\u0107 zamontowania wi\u0119cej ni\u017c dw\u00f3ch bidon\u00f3w. Umo\u017cliwiaj\u0105 r\u00f3wnie\u017c wi\u0119cej zmian pozycji r\u0105k, co przydaje si\u0119 podczas d\u0142ugich godzin jazdy. S\u0105 wi\u0119c \u015bwietnymi pojazdami na wyprawy rowerowe, pod warunkiem \u017ce zaakceptujesz nast\u0119puj\u0105ce fakty.<\/p>\n<h2><strong>Ograniczenia<\/strong><\/h2>\n<p>Istniej\u0105 ograniczenia dotycz\u0105ce terenu, po kt\u00f3rym mo\u017cna je\u017adzi\u0107 na w pe\u0142ni za\u0142adowanym gravelu. Je\u015bli trafisz na bardzo nier\u00f3wny odcinek drogi, to opr\u00f3cz tego, \u017ce b\u0119dzie on niebezpieczny, dodatkowo po przeja\u017cd\u017cce poczujesz si\u0119 bardzo obola\u0142y, zw\u0142aszcza je\u015bli jedziesz kilka dni z rz\u0119du. Mo\u017cesz poprawi\u0107 sobie komfort jazdy w terenie, montuj\u0105c szersze opony. Poch\u0142aniaj\u0105 one wi\u0119cej wstrz\u0105s\u00f3w i sprawiaj\u0105, \u017ce jazda jest p\u0142ynniejsza. Je\u015bli Twoja rama roweru na to pozwala, mo\u017cesz u\u017cy\u0107 k\u00f3\u0142 650b lub opon z wi\u0119kszymi \u015bcianami bocznymi. Mo\u017cesz r\u00f3wnie\u017c zainstalowa\u0107 szersz\u0105 kierownic\u0119, kt\u00f3ra zapewni wi\u0119ksz\u0105 stabilno\u015b\u0107 (i miejsce do przymocowania wi\u0119kszej liczby sakw).<\/p>\n<figure id=\"attachment_181121\" aria-describedby=\"caption-attachment-181121\" style=\"width: 1008px\" class=\"wp-caption alignnone\"><img loading=\"lazy\" decoding=\"async\" class=\"loading wp-image-181121 size-full\" src=\"https:\/\/d2p6e6u75xmxt8.cloudfront.net\/2\/2021\/01\/Bikepacking-3.jpg\" sizes=\"auto, (max-width: 1008px) 100vw, 1008px\" srcset=\"https:\/\/d2p6e6u75xmxt8.cloudfront.net\/2\/2021\/01\/Bikepacking-3.jpg 1008w, https:\/\/d2p6e6u75xmxt8.cloudfront.net\/2\/2021\/01\/Bikepacking-3-300x225.jpg 300w, https:\/\/d2p6e6u75xmxt8.cloudfront.net\/2\/2021\/01\/Bikepacking-3-768x576.jpg 768w\" alt=\"Bikepacking\" width=\"1008\" height=\"756\" data-was-processed=\"true\" \/><figcaption id=\"caption-attachment-181121\" class=\"wp-caption-text\">Obserwuj, jakie obci\u0105\u017cenie ma Tw\u00f3j rower!<\/figcaption><\/figure>\n<h2><strong>Ilo\u015b\u0107 baga\u017cu<\/strong><\/h2>\n<p>Nie mo\u017cesz za\u0142adowa\u0107 gravela tak bardzo jak roweru typu hardtail czy sztywnego MTB. W moim gravelu stosuj\u0119 praktyczn\u0105 zasad\u0119, kt\u00f3rej nauczy\u0142em si\u0119 od jego konstruktora. Nawet je\u015bli rama jest bardzo mocna, inne cz\u0119\u015bci mog\u0105 mie\u0107 swoje ograniczenia, zw\u0142aszcza ko\u0142a. Dlatego lepiej nie obci\u0105\u017ca\u0107 roweru powy\u017cej 105 kg, je\u015bli masz ko\u0142a karbonowe, i 115 kg w przypadku k\u00f3\u0142 aluminiowych.<\/p>\n<h2><strong>Mechanizm nap\u0119dowy<\/strong><\/h2>\n<p>Przerzutka w gravelu jest prawie taka sama jak w rowerze szosowym, chocia\u017c to r\u00f3wnie\u017c szybko si\u0119 zmienia \u2013 Shimano GRX by\u0142a wielk\u0105 nowo\u015bci\u0105. Jednak zazwyczaj przek\u0142adnia jest zbyt wysoka. Sposobem na to by\u0142oby umieszczenie mniejszej tarczy z przodu, je\u015bli masz uk\u0142ad nap\u0119dowy 1\u00d7, lub wi\u0119kszej kasety z ty\u0142u, je\u015bli masz uk\u0142ad nap\u0119dowy 2\u00d7. W przesz\u0142o\u015bci cierpia\u0142em na b\u00f3l kolana po kilku dniach jazdy na moim w pe\u0142ni za\u0142adowanym gravelu. Kiedy zmieni\u0142em kaset\u0119 i za\u0142o\u017cy\u0142em wi\u0119cej ma\u0142ych z\u0119batek, problem znikn\u0105\u0142.<\/p>\n<h2><strong>Geometria<\/strong><\/h2>\n<p>Geometria gravela jest podobna do geometrii roweru szosowego. G\u00f3rna rura nie ma zbyt du\u017cego nachylenia, co daje wi\u0119cej miejsca w ramie na torby lub wod\u0119, ale oznacza r\u00f3wnie\u017c mniej wygodny spos\u00f3b jazdy. Mo\u017cna to zmieni\u0107, ustawiaj\u0105c mostek w pozycji pionowej lub u\u017cywaj\u0105c kr\u00f3tszego, albo skorzysta\u0107 z obu wariant\u00f3w. Mo\u017cesz te\u017c wybra\u0107 kierownic\u0119 aero. Osobi\u015bcie u\u017cywam jej, kiedy robi\u0119 ultra przeja\u017cd\u017cki, na przyk\u0142ad Rando Imperator. Jest tam sporo asfaltowych i bia\u0142ych dr\u00f3g, kt\u00f3re uwielbiam, poniewa\u017c s\u0105 super wygodne.<\/p>\n<figure id=\"attachment_181122\" aria-describedby=\"caption-attachment-181122\" style=\"width: 1267px\" class=\"wp-caption alignnone\"><img loading=\"lazy\" decoding=\"async\" class=\"loading wp-image-181122 size-full\" src=\"https:\/\/d2p6e6u75xmxt8.cloudfront.net\/2\/2021\/01\/Bikepacking-4.jpg\" sizes=\"auto, (max-width: 1267px) 100vw, 1267px\" srcset=\"https:\/\/d2p6e6u75xmxt8.cloudfront.net\/2\/2021\/01\/Bikepacking-4.jpg 1267w, https:\/\/d2p6e6u75xmxt8.cloudfront.net\/2\/2021\/01\/Bikepacking-4-300x169.jpg 300w, https:\/\/d2p6e6u75xmxt8.cloudfront.net\/2\/2021\/01\/Bikepacking-4-1024x576.jpg 1024w, https:\/\/d2p6e6u75xmxt8.cloudfront.net\/2\/2021\/01\/Bikepacking-4-768x432.jpg 768w\" alt=\"Bikepacking\" width=\"1267\" height=\"713\" data-was-processed=\"true\" \/><figcaption id=\"caption-attachment-181122\" class=\"wp-caption-text\">Kt\u00f3ry rower wybierzesz na swoje przygody?<\/figcaption><\/figure>\n<p>Podsumowuj\u0105c, jestem wielkim fanem graveli, poniewa\u017c s\u0105 niewiarygodnie elastyczne i jazda na nich to \u015bwietna zabawa. Podczas gdy rowery szosowe s\u0105 bardzo niszowe i mog\u0105 by\u0107 zniech\u0119caj\u0105ce dla przeci\u0119tnego rowerzysty, gravele pozwalaj\u0105 rozwin\u0105\u0107 niez\u0142e pr\u0119dko\u015bci, a przy tym s\u0105 znacznie bezpieczniejsze ze wzgl\u0119du na szersze opony. Dobrze sprawdzaj\u0105 si\u0119 w zr\u00f3\u017cnicowanym terenie, dzi\u0119ki czemu s\u0105 idealnymi rowerami tak do dojazd\u00f3w do pracy, jak i jazdy rekreacyjnej. Co wi\u0119cej, r\u00f3\u017cnica mi\u0119dzy gravelami i MTB typu hardtail z ka\u017cdym dniem staje si\u0119 coraz mniejsza, poniewa\u017c zaczynaj\u0105 one mie\u0107 nawet ma\u0142e zawieszenia (stery, klasyczne przednie zawieszenie, tylny tr\u00f3jk\u0105t). I wreszcie, poniewa\u017c niekt\u00f3re z nich s\u0105 do\u015b\u0107 lekkie, coraz wi\u0119cej os\u00f3b (w tym ja) ma dwa zestawy k\u00f3\u0142. Dzi\u0119ki temu od czasu do czasu mog\u0119 cieszy\u0107 si\u0119 przeja\u017cd\u017ckami na rowerze szosowym z przyjaci\u00f3\u0142mi.<\/p>\n<p>My\u015bl\u0119, \u017ce generalnie gravele (ale tak\u017ce ostatnia ich odmiana, kt\u00f3r\u0105 nazywam \u201erowerami szosowymi z mi\u0119\u015bniami\u201d) b\u0119d\u0105 w nadchodz\u0105cych latach zyskiwa\u0107 na popularno\u015bci. M\u00f3j niestandardowy Festka Rover to doskona\u0142y pojazd, kt\u00f3ry nie wa\u017cy nawet 7 kg, gdy jest zamontowany na ko\u0142ach szosowych. Kiedy chc\u0119 jecha\u0107 na przeja\u017cd\u017ck\u0119 po szutrze lub na bikepacking, zamieniam ko\u0142a na takie w zakresie od 28 mm do 40 mm i od razu czuj\u0119 r\u00f3\u017cnic\u0119, a waga wci\u0105\u017c nie przekracza 8 kg. Na tym samym rowerze odby\u0142em bardzo d\u0142ugie wyprawy bikepackingowe (ponad 100 km) z pe\u0142nym obci\u0105\u017ceniem. Przejecha\u0142em te\u017c wszystkie najwa\u017cniejsze kultowe prze\u0142\u0119cze Giro d&#8217;Italia. I wreszcie u\u017cywam go codziennie do dojazd\u00f3w do pracy, bo w ma\u0142ej wodoodpornej torbie na kierownicy wo\u017c\u0119 ze sob\u0105 komputer.<\/p>\n<p>Na koniec dodam, \u017ce w ca\u0142ej mojej karierze kolarskiej na niczym nie je\u017adzi\u0142o mi si\u0119 tak dobrze jak na gravelu!<\/p>\n<p><span data-sheets-value=\"{&quot;1&quot;:2,&quot;2&quot;:&quot;Artyku\u0142 powsta\u0142 we wsp\u00f3\u0142pracy ze skoda-auto.pl&quot;}\" data-sheets-userformat=\"{&quot;2&quot;:1,&quot;3&quot;:{&quot;1&quot;:0}}\" data-sheets-hyperlink=\"http:\/\/www.skoda-auto.pl\/\"><a class=\"in-cell-link\" href=\"http:\/\/www.skoda-auto.pl\/\" target=\"_blank\" rel=\"noopener noreferrer\">Artyku\u0142 powsta\u0142 we wsp\u00f3\u0142pracy ze skoda-auto.pl<\/a><\/span><\/p>\n<p>&nbsp;<\/p>\n<p><a href=\"https:\/\/www.skoda-auto.pl\/modele\/karoq\"><img loading=\"lazy\" decoding=\"async\" class=\"aligncenter wp-image-9609 size-full loading\" src=\"https:\/\/d2p6e6u75xmxt8.cloudfront.net\/5\/2019\/08\/baner_WLC_640x350_4.png\" sizes=\"auto, (max-width: 640px) 100vw, 640px\" srcset=\"https:\/\/d2p6e6u75xmxt8.cloudfront.net\/5\/2019\/08\/baner_WLC_640x350_4.png 640w, https:\/\/d2p6e6u75xmxt8.cloudfront.net\/5\/2019\/08\/baner_WLC_640x350_4-300x164.png 300w\" alt=\"\" width=\"640\" height=\"350\" data-was-processed=\"true\" \/>\u00a0<\/a><\/p>\n","protected":false},"excerpt":{"rendered":"<p>Zar\u00f3wno rowery wyprawowe, jak i gravelowe prze\u017cywaj\u0105 rozkwit, ale czasami trudno jest wychwyci\u0107 niuanse na tak szybko zmieniaj\u0105cym si\u0119 rynku [&hellip;]<\/p>\n","protected":false},"author":125,"featured_media":11482,"comment_status":"open","ping_status":"open","sticky":false,"template":"","format":"standard","meta":{"footnotes":""},"categories":[5],"tags":[],"global-categories":[303],"class_list":["post-11480","post","type-post","status-publish","format-standard","has-post-thumbnail","hentry","category-outdoormtb","global-categories-cycling"],"yoast_head":"<!-- This site is optimized with the Yoast SEO Premium plugin v25.3 (Yoast SEO v25.9) - https:\/\/yoast.com\/wordpress\/plugins\/seo\/ -->\n<title>Wskaz\u00f3wki dotycz\u0105ce bikepackingu: r\u00f3\u017cnica mi\u0119dzy gravelem a rowerem na wyprawy - \u0160koda We Love Cycling - Poland<\/title>\n<meta name=\"description\" content=\"Zar\u00f3wno rowery wyprawowe, jak i gravelowe prze\u017cywaj\u0105 rozkwit, ale czasami trudno jest wychwyci\u0107 niuanse na tak szybko zmieniaj\u0105cym si\u0119 rynku rowerowym. Spotykam si\u0119 z wieloma bikepackerami i u\u017cytkownikami gravel\u00f3w (cz\u0119sto to ci sami ludzie), wi\u0119c zauwa\u017cy\u0142em, \u017ce wi\u0119kszo\u015b\u0107 z nich waha si\u0119 przed kupnem nowego roweru. Pracuj\u0119 w bran\u017cy rowerowej, testuj\u0119 wiele pojazd\u00f3w, co roku zmieniam rower, spotykam si\u0119 te\u017c z ekspertami. Chcia\u0142bym podzieli\u0107 si\u0119 z Wami tym, czego do tej pory nauczy\u0142em si\u0119 na w\u0142asnej sk\u00f3rze. Mam nadziej\u0119, \u017ce moje do\u015bwiadczenia pomog\u0105 Ci znale\u017a\u0107 idealny rower.\" \/>\n<meta name=\"robots\" content=\"index, follow, max-snippet:-1, max-image-preview:large, max-video-preview:-1\" \/>\n<link rel=\"canonical\" href=\"https:\/\/www.welovecycling.com\/pl\/2021\/02\/05\/wskazowki-dotyczace-bikepackingu-roznica-miedzy-gravelem-a-rowerem-na-wyprawy\/\" \/>\n<meta property=\"og:locale\" content=\"pl_PL\" \/>\n<meta property=\"og:type\" content=\"article\" \/>\n<meta property=\"og:title\" content=\"Wskaz\u00f3wki dotycz\u0105ce bikepackingu: r\u00f3\u017cnica mi\u0119dzy gravelem a rowerem na wyprawy\" \/>\n<meta property=\"og:description\" content=\"Zar\u00f3wno rowery wyprawowe, jak i gravelowe prze\u017cywaj\u0105 rozkwit, ale czasami trudno jest wychwyci\u0107 niuanse na tak szybko zmieniaj\u0105cym si\u0119 rynku rowerowym. Spotykam si\u0119 z wieloma bikepackerami i u\u017cytkownikami gravel\u00f3w (cz\u0119sto to ci sami ludzie), wi\u0119c zauwa\u017cy\u0142em, \u017ce wi\u0119kszo\u015b\u0107 z nich waha si\u0119 przed kupnem nowego roweru. Pracuj\u0119 w bran\u017cy rowerowej, testuj\u0119 wiele pojazd\u00f3w, co roku zmieniam rower, spotykam si\u0119 te\u017c z ekspertami. Chcia\u0142bym podzieli\u0107 si\u0119 z Wami tym, czego do tej pory nauczy\u0142em si\u0119 na w\u0142asnej sk\u00f3rze. Mam nadziej\u0119, \u017ce moje do\u015bwiadczenia pomog\u0105 Ci znale\u017a\u0107 idealny rower.\" \/>\n<meta property=\"og:url\" content=\"https:\/\/www.welovecycling.com\/pl\/2021\/02\/05\/wskazowki-dotyczace-bikepackingu-roznica-miedzy-gravelem-a-rowerem-na-wyprawy\/\" \/>\n<meta property=\"og:site_name\" content=\"\u0160koda We Love Cycling - Poland\" \/>\n<meta property=\"article:published_time\" content=\"2021-02-05T14:25:44+00:00\" \/>\n<meta property=\"article:modified_time\" content=\"2021-02-05T14:27:10+00:00\" \/>\n<meta property=\"og:image\" content=\"https:\/\/d2p6e6u75xmxt8.cloudfront.net\/5\/2021\/02\/Bikepacking-CVR-1024x450-1.jpg\" \/>\n\t<meta property=\"og:image:width\" content=\"1024\" \/>\n\t<meta property=\"og:image:height\" content=\"450\" \/>\n\t<meta property=\"og:image:type\" content=\"image\/jpeg\" \/>\n<meta name=\"author\" content=\"oktawiamikulska\" \/>\n<meta name=\"twitter:card\" content=\"summary_large_image\" \/>\n<meta name=\"twitter:label1\" content=\"Written by\" \/>\n\t<meta name=\"twitter:data1\" content=\"Filippo Mari\" \/>\n\t<meta name=\"twitter:label2\" content=\"Est. reading time\" \/>\n\t<meta name=\"twitter:data2\" content=\"7 minutes\" \/>\n<script type=\"application\/ld+json\" class=\"yoast-schema-graph\">{\"@context\":\"https:\/\/schema.org\",\"@graph\":[{\"@type\":\"WebPage\",\"@id\":\"https:\/\/www.welovecycling.com\/pl\/2021\/02\/05\/wskazowki-dotyczace-bikepackingu-roznica-miedzy-gravelem-a-rowerem-na-wyprawy\/\",\"url\":\"https:\/\/www.welovecycling.com\/pl\/2021\/02\/05\/wskazowki-dotyczace-bikepackingu-roznica-miedzy-gravelem-a-rowerem-na-wyprawy\/\",\"name\":\"Wskaz\u00f3wki dotycz\u0105ce bikepackingu: r\u00f3\u017cnica mi\u0119dzy gravelem a rowerem na wyprawy - \u0160koda We Love Cycling - Poland\",\"isPartOf\":{\"@id\":\"https:\/\/www.welovecycling.com\/pl\/#website\"},\"primaryImageOfPage\":{\"@id\":\"https:\/\/www.welovecycling.com\/pl\/2021\/02\/05\/wskazowki-dotyczace-bikepackingu-roznica-miedzy-gravelem-a-rowerem-na-wyprawy\/#primaryimage\"},\"image\":{\"@id\":\"https:\/\/www.welovecycling.com\/pl\/2021\/02\/05\/wskazowki-dotyczace-bikepackingu-roznica-miedzy-gravelem-a-rowerem-na-wyprawy\/#primaryimage\"},\"thumbnailUrl\":\"https:\/\/d2p6e6u75xmxt8.cloudfront.net\/5\/2021\/02\/Bikepacking-CVR-1024x450-1.jpg\",\"datePublished\":\"2021-02-05T14:25:44+00:00\",\"dateModified\":\"2021-02-05T14:27:10+00:00\",\"author\":{\"@id\":\"https:\/\/www.welovecycling.com\/pl\/#\/schema\/person\/4a79bac7bd265aa6a35a1079d36648be\"},\"description\":\"Zar\u00f3wno rowery wyprawowe, jak i gravelowe prze\u017cywaj\u0105 rozkwit, ale czasami trudno jest wychwyci\u0107 niuanse na tak szybko zmieniaj\u0105cym si\u0119 rynku rowerowym. Spotykam si\u0119 z wieloma bikepackerami i u\u017cytkownikami gravel\u00f3w (cz\u0119sto to ci sami ludzie), wi\u0119c zauwa\u017cy\u0142em, \u017ce wi\u0119kszo\u015b\u0107 z nich waha si\u0119 przed kupnem nowego roweru. Pracuj\u0119 w bran\u017cy rowerowej, testuj\u0119 wiele pojazd\u00f3w, co roku zmieniam rower, spotykam si\u0119 te\u017c z ekspertami. Chcia\u0142bym podzieli\u0107 si\u0119 z Wami tym, czego do tej pory nauczy\u0142em si\u0119 na w\u0142asnej sk\u00f3rze. Mam nadziej\u0119, \u017ce moje do\u015bwiadczenia pomog\u0105 Ci znale\u017a\u0107 idealny rower.\",\"breadcrumb\":{\"@id\":\"https:\/\/www.welovecycling.com\/pl\/2021\/02\/05\/wskazowki-dotyczace-bikepackingu-roznica-miedzy-gravelem-a-rowerem-na-wyprawy\/#breadcrumb\"},\"inLanguage\":\"pl-PL\",\"potentialAction\":[{\"@type\":\"ReadAction\",\"target\":[\"https:\/\/www.welovecycling.com\/pl\/2021\/02\/05\/wskazowki-dotyczace-bikepackingu-roznica-miedzy-gravelem-a-rowerem-na-wyprawy\/\"]}]},{\"@type\":\"ImageObject\",\"inLanguage\":\"pl-PL\",\"@id\":\"https:\/\/www.welovecycling.com\/pl\/2021\/02\/05\/wskazowki-dotyczace-bikepackingu-roznica-miedzy-gravelem-a-rowerem-na-wyprawy\/#primaryimage\",\"url\":\"https:\/\/d2p6e6u75xmxt8.cloudfront.net\/5\/2021\/02\/Bikepacking-CVR-1024x450-1.jpg\",\"contentUrl\":\"https:\/\/d2p6e6u75xmxt8.cloudfront.net\/5\/2021\/02\/Bikepacking-CVR-1024x450-1.jpg\",\"width\":1024,\"height\":450},{\"@type\":\"BreadcrumbList\",\"@id\":\"https:\/\/www.welovecycling.com\/pl\/2021\/02\/05\/wskazowki-dotyczace-bikepackingu-roznica-miedzy-gravelem-a-rowerem-na-wyprawy\/#breadcrumb\",\"itemListElement\":[{\"@type\":\"ListItem\",\"position\":1,\"name\":\"Home\",\"item\":\"https:\/\/www.welovecycling.com\/pl\/\"},{\"@type\":\"ListItem\",\"position\":2,\"name\":\"Wskaz\u00f3wki dotycz\u0105ce bikepackingu: r\u00f3\u017cnica mi\u0119dzy gravelem a rowerem na wyprawy\"}]},{\"@type\":\"WebSite\",\"@id\":\"https:\/\/www.welovecycling.com\/pl\/#website\",\"url\":\"https:\/\/www.welovecycling.com\/pl\/\",\"name\":\"\u0160koda We Love Cycling - Poland\",\"description\":\"\",\"potentialAction\":[{\"@type\":\"SearchAction\",\"target\":{\"@type\":\"EntryPoint\",\"urlTemplate\":\"https:\/\/www.welovecycling.com\/pl\/?s={search_term_string}\"},\"query-input\":{\"@type\":\"PropertyValueSpecification\",\"valueRequired\":true,\"valueName\":\"search_term_string\"}}],\"inLanguage\":\"pl-PL\"},{\"@type\":\"Person\",\"@id\":\"https:\/\/www.welovecycling.com\/pl\/#\/schema\/person\/4a79bac7bd265aa6a35a1079d36648be\",\"name\":\"oktawiamikulska\",\"image\":{\"@type\":\"ImageObject\",\"inLanguage\":\"pl-PL\",\"@id\":\"https:\/\/www.welovecycling.com\/pl\/#\/schema\/person\/image\/\",\"url\":\"https:\/\/secure.gravatar.com\/avatar\/b97a3f44e2de6d2f8dd358975937e49823662e12cbd810b9d1a2bff1c149e8a7?s=96&d=mm&r=g\",\"contentUrl\":\"https:\/\/secure.gravatar.com\/avatar\/b97a3f44e2de6d2f8dd358975937e49823662e12cbd810b9d1a2bff1c149e8a7?s=96&d=mm&r=g\",\"caption\":\"oktawiamikulska\"},\"url\":\"https:\/\/www.welovecycling.com\/pl\/author\/oktawiamikulska\/\"}]}<\/script>\n<!-- \/ Yoast SEO Premium plugin. -->","yoast_head_json":{"title":"Wskaz\u00f3wki dotycz\u0105ce bikepackingu: r\u00f3\u017cnica mi\u0119dzy gravelem a rowerem na wyprawy - \u0160koda We Love Cycling - Poland","description":"Zar\u00f3wno rowery wyprawowe, jak i gravelowe prze\u017cywaj\u0105 rozkwit, ale czasami trudno jest wychwyci\u0107 niuanse na tak szybko zmieniaj\u0105cym si\u0119 rynku rowerowym. Spotykam si\u0119 z wieloma bikepackerami i u\u017cytkownikami gravel\u00f3w (cz\u0119sto to ci sami ludzie), wi\u0119c zauwa\u017cy\u0142em, \u017ce wi\u0119kszo\u015b\u0107 z nich waha si\u0119 przed kupnem nowego roweru. Pracuj\u0119 w bran\u017cy rowerowej, testuj\u0119 wiele pojazd\u00f3w, co roku zmieniam rower, spotykam si\u0119 te\u017c z ekspertami. Chcia\u0142bym podzieli\u0107 si\u0119 z Wami tym, czego do tej pory nauczy\u0142em si\u0119 na w\u0142asnej sk\u00f3rze. Mam nadziej\u0119, \u017ce moje do\u015bwiadczenia pomog\u0105 Ci znale\u017a\u0107 idealny rower.","robots":{"index":"index","follow":"follow","max-snippet":"max-snippet:-1","max-image-preview":"max-image-preview:large","max-video-preview":"max-video-preview:-1"},"canonical":"https:\/\/www.welovecycling.com\/pl\/2021\/02\/05\/wskazowki-dotyczace-bikepackingu-roznica-miedzy-gravelem-a-rowerem-na-wyprawy\/","og_locale":"pl_PL","og_type":"article","og_title":"Wskaz\u00f3wki dotycz\u0105ce bikepackingu: r\u00f3\u017cnica mi\u0119dzy gravelem a rowerem na wyprawy","og_description":"Zar\u00f3wno rowery wyprawowe, jak i gravelowe prze\u017cywaj\u0105 rozkwit, ale czasami trudno jest wychwyci\u0107 niuanse na tak szybko zmieniaj\u0105cym si\u0119 rynku rowerowym. Spotykam si\u0119 z wieloma bikepackerami i u\u017cytkownikami gravel\u00f3w (cz\u0119sto to ci sami ludzie), wi\u0119c zauwa\u017cy\u0142em, \u017ce wi\u0119kszo\u015b\u0107 z nich waha si\u0119 przed kupnem nowego roweru. Pracuj\u0119 w bran\u017cy rowerowej, testuj\u0119 wiele pojazd\u00f3w, co roku zmieniam rower, spotykam si\u0119 te\u017c z ekspertami. Chcia\u0142bym podzieli\u0107 si\u0119 z Wami tym, czego do tej pory nauczy\u0142em si\u0119 na w\u0142asnej sk\u00f3rze. Mam nadziej\u0119, \u017ce moje do\u015bwiadczenia pomog\u0105 Ci znale\u017a\u0107 idealny rower.","og_url":"https:\/\/www.welovecycling.com\/pl\/2021\/02\/05\/wskazowki-dotyczace-bikepackingu-roznica-miedzy-gravelem-a-rowerem-na-wyprawy\/","og_site_name":"\u0160koda We Love Cycling - Poland","article_published_time":"2021-02-05T14:25:44+00:00","article_modified_time":"2021-02-05T14:27:10+00:00","og_image":[{"width":1024,"height":450,"url":"https:\/\/d2p6e6u75xmxt8.cloudfront.net\/5\/2021\/02\/Bikepacking-CVR-1024x450-1.jpg","type":"image\/jpeg"}],"author":"oktawiamikulska","twitter_card":"summary_large_image","twitter_misc":{"Written by":"Filippo Mari","Est. reading time":"7 minutes"},"schema":{"@context":"https:\/\/schema.org","@graph":[{"@type":"WebPage","@id":"https:\/\/www.welovecycling.com\/pl\/2021\/02\/05\/wskazowki-dotyczace-bikepackingu-roznica-miedzy-gravelem-a-rowerem-na-wyprawy\/","url":"https:\/\/www.welovecycling.com\/pl\/2021\/02\/05\/wskazowki-dotyczace-bikepackingu-roznica-miedzy-gravelem-a-rowerem-na-wyprawy\/","name":"Wskaz\u00f3wki dotycz\u0105ce bikepackingu: r\u00f3\u017cnica mi\u0119dzy gravelem a rowerem na wyprawy - \u0160koda We Love Cycling - Poland","isPartOf":{"@id":"https:\/\/www.welovecycling.com\/pl\/#website"},"primaryImageOfPage":{"@id":"https:\/\/www.welovecycling.com\/pl\/2021\/02\/05\/wskazowki-dotyczace-bikepackingu-roznica-miedzy-gravelem-a-rowerem-na-wyprawy\/#primaryimage"},"image":{"@id":"https:\/\/www.welovecycling.com\/pl\/2021\/02\/05\/wskazowki-dotyczace-bikepackingu-roznica-miedzy-gravelem-a-rowerem-na-wyprawy\/#primaryimage"},"thumbnailUrl":"https:\/\/d2p6e6u75xmxt8.cloudfront.net\/5\/2021\/02\/Bikepacking-CVR-1024x450-1.jpg","datePublished":"2021-02-05T14:25:44+00:00","dateModified":"2021-02-05T14:27:10+00:00","author":{"@id":"https:\/\/www.welovecycling.com\/pl\/#\/schema\/person\/4a79bac7bd265aa6a35a1079d36648be"},"description":"Zar\u00f3wno rowery wyprawowe, jak i gravelowe prze\u017cywaj\u0105 rozkwit, ale czasami trudno jest wychwyci\u0107 niuanse na tak szybko zmieniaj\u0105cym si\u0119 rynku rowerowym. Spotykam si\u0119 z wieloma bikepackerami i u\u017cytkownikami gravel\u00f3w (cz\u0119sto to ci sami ludzie), wi\u0119c zauwa\u017cy\u0142em, \u017ce wi\u0119kszo\u015b\u0107 z nich waha si\u0119 przed kupnem nowego roweru. Pracuj\u0119 w bran\u017cy rowerowej, testuj\u0119 wiele pojazd\u00f3w, co roku zmieniam rower, spotykam si\u0119 te\u017c z ekspertami. Chcia\u0142bym podzieli\u0107 si\u0119 z Wami tym, czego do tej pory nauczy\u0142em si\u0119 na w\u0142asnej sk\u00f3rze. Mam nadziej\u0119, \u017ce moje do\u015bwiadczenia pomog\u0105 Ci znale\u017a\u0107 idealny rower.","breadcrumb":{"@id":"https:\/\/www.welovecycling.com\/pl\/2021\/02\/05\/wskazowki-dotyczace-bikepackingu-roznica-miedzy-gravelem-a-rowerem-na-wyprawy\/#breadcrumb"},"inLanguage":"pl-PL","potentialAction":[{"@type":"ReadAction","target":["https:\/\/www.welovecycling.com\/pl\/2021\/02\/05\/wskazowki-dotyczace-bikepackingu-roznica-miedzy-gravelem-a-rowerem-na-wyprawy\/"]}]},{"@type":"ImageObject","inLanguage":"pl-PL","@id":"https:\/\/www.welovecycling.com\/pl\/2021\/02\/05\/wskazowki-dotyczace-bikepackingu-roznica-miedzy-gravelem-a-rowerem-na-wyprawy\/#primaryimage","url":"https:\/\/d2p6e6u75xmxt8.cloudfront.net\/5\/2021\/02\/Bikepacking-CVR-1024x450-1.jpg","contentUrl":"https:\/\/d2p6e6u75xmxt8.cloudfront.net\/5\/2021\/02\/Bikepacking-CVR-1024x450-1.jpg","width":1024,"height":450},{"@type":"BreadcrumbList","@id":"https:\/\/www.welovecycling.com\/pl\/2021\/02\/05\/wskazowki-dotyczace-bikepackingu-roznica-miedzy-gravelem-a-rowerem-na-wyprawy\/#breadcrumb","itemListElement":[{"@type":"ListItem","position":1,"name":"Home","item":"https:\/\/www.welovecycling.com\/pl\/"},{"@type":"ListItem","position":2,"name":"Wskaz\u00f3wki dotycz\u0105ce bikepackingu: r\u00f3\u017cnica mi\u0119dzy gravelem a rowerem na wyprawy"}]},{"@type":"WebSite","@id":"https:\/\/www.welovecycling.com\/pl\/#website","url":"https:\/\/www.welovecycling.com\/pl\/","name":"\u0160koda We Love Cycling - Poland","description":"","potentialAction":[{"@type":"SearchAction","target":{"@type":"EntryPoint","urlTemplate":"https:\/\/www.welovecycling.com\/pl\/?s={search_term_string}"},"query-input":{"@type":"PropertyValueSpecification","valueRequired":true,"valueName":"search_term_string"}}],"inLanguage":"pl-PL"},{"@type":"Person","@id":"https:\/\/www.welovecycling.com\/pl\/#\/schema\/person\/4a79bac7bd265aa6a35a1079d36648be","name":"oktawiamikulska","image":{"@type":"ImageObject","inLanguage":"pl-PL","@id":"https:\/\/www.welovecycling.com\/pl\/#\/schema\/person\/image\/","url":"https:\/\/secure.gravatar.com\/avatar\/b97a3f44e2de6d2f8dd358975937e49823662e12cbd810b9d1a2bff1c149e8a7?s=96&d=mm&r=g","contentUrl":"https:\/\/secure.gravatar.com\/avatar\/b97a3f44e2de6d2f8dd358975937e49823662e12cbd810b9d1a2bff1c149e8a7?s=96&d=mm&r=g","caption":"oktawiamikulska"},"url":"https:\/\/www.welovecycling.com\/pl\/author\/oktawiamikulska\/"}]}},"_links":{"self":[{"href":"https:\/\/www.welovecycling.com\/pl\/wp-json\/wp\/v2\/posts\/11480","targetHints":{"allow":["GET"]}}],"collection":[{"href":"https:\/\/www.welovecycling.com\/pl\/wp-json\/wp\/v2\/posts"}],"about":[{"href":"https:\/\/www.welovecycling.com\/pl\/wp-json\/wp\/v2\/types\/post"}],"author":[{"embeddable":true,"href":"https:\/\/www.welovecycling.com\/pl\/wp-json\/wp\/v2\/users\/125"}],"replies":[{"embeddable":true,"href":"https:\/\/www.welovecycling.com\/pl\/wp-json\/wp\/v2\/comments?post=11480"}],"version-history":[{"count":2,"href":"https:\/\/www.welovecycling.com\/pl\/wp-json\/wp\/v2\/posts\/11480\/revisions"}],"predecessor-version":[{"id":11483,"href":"https:\/\/www.welovecycling.com\/pl\/wp-json\/wp\/v2\/posts\/11480\/revisions\/11483"}],"wp:featuredmedia":[{"embeddable":true,"href":"https:\/\/www.welovecycling.com\/pl\/wp-json\/wp\/v2\/media\/11482"}],"wp:attachment":[{"href":"https:\/\/www.welovecycling.com\/pl\/wp-json\/wp\/v2\/media?parent=11480"}],"wp:term":[{"taxonomy":"category","embeddable":true,"href":"https:\/\/www.welovecycling.com\/pl\/wp-json\/wp\/v2\/categories?post=11480"},{"taxonomy":"post_tag","embeddable":true,"href":"https:\/\/www.welovecycling.com\/pl\/wp-json\/wp\/v2\/tags?post=11480"},{"taxonomy":"global-categories","embeddable":true,"href":"https:\/\/www.welovecycling.com\/pl\/wp-json\/wp\/v2\/global-categories?post=11480"}],"curies":[{"name":"wp","href":"https:\/\/api.w.org\/{rel}","templated":true}]}}