{"id":11473,"date":"2021-02-03T15:13:20","date_gmt":"2021-02-03T15:13:20","guid":{"rendered":"https:\/\/www.welovecycling.com\/pl\/?p=11473"},"modified":"2021-02-03T15:15:22","modified_gmt":"2021-02-03T15:15:22","slug":"najdziwniejsze-wypadki-zawodowych-kolarzy-nie-myj-samochodu-bo-bedzie-kontuzja","status":"publish","type":"post","link":"https:\/\/www.welovecycling.com\/pl\/2021\/02\/03\/najdziwniejsze-wypadki-zawodowych-kolarzy-nie-myj-samochodu-bo-bedzie-kontuzja\/","title":{"rendered":"Najdziwniejsze wypadki zawodowych kolarzy! \u201eNie myj samochodu, bo b\u0119dzie kontuzja!\u201d"},"content":{"rendered":"<p><strong>Okazuje si\u0119, \u017ce kolarze cz\u0119sto najbezpieczniejsi s\u0105 na rowerze, bo niekt\u00f3rzy kontuzji nabawili si\u0119 nie z powodu upadku czy kraksy, ale podczas\u2026 mycia samochodu, prac w polu, czy nawet przygotowywania posi\u0142ku. Oto najdziwniejsze sytuacje, kt\u00f3ry przyhamowa\u0142y kariery profesjonalnych zawodnik\u00f3w.<\/strong><\/p>\n<p>Sport zawodowy zawsze wi\u0105\u017ce si\u0119 z ryzykiem, ale prawdziwe niebezpiecze\u0144stwo cz\u0119sto czai si\u0119 tu\u017c za rogiem. Wystarczy jeden z\u0142y krok, chwila nieuwagi lub nieszcz\u0119\u015bliwy zbieg okoliczno\u015bci i wiele tygodni przygotowa\u0144 trzeba spisa\u0107 na straty.<\/p>\n<p>Doskonale wie o tym Lukas Postlberger, kt\u00f3ry by\u0142 jednym z najwi\u0119kszych pechowc\u00f3w ostatniego Tour de France. Tego 29-letniego Austriaka kilka minut po starcie wy\u015bcigu u\u017c\u0105dli\u0142a w twarz osa, przez co natychmiastowo musia\u0142 zosta\u0107 przetransportowany do szpitala. Pow\u00f3d? U Postlbergera wyst\u0105pi\u0142a reakcja anafilaktyczna i w ten pechowy spos\u00f3b zako\u0144czy\u0142 udzia\u0142 w Wielkie P\u0119tli.<\/p>\n<p>Przygotowania do Tour de France 2019 fatalnie wspomina Christopher Froome. Podczas jednego z trening\u00f3w zaliczy\u0142 bardzo powa\u017cny wypadek, poniewa\u017c\u2026 chcia\u0142 wysmarka\u0107 nos. Zamiast wi\u0119c szlifowa\u0107 form\u0119, wyl\u0105dowa\u0142 w szpitalu. Co gorsza, kilka miesi\u0119cy p\u00f3\u017aniej pech zn\u00f3w do niego wr\u00f3ci\u0142, a pow\u00f3d by\u0142 \u2013 na pierwszy rzut oka \u2013 do\u015b\u0107 absurdalny.<\/p>\n<p>&#8211; W g\u0142upi spos\u00f3b przeci\u0105\u0142em kciuk no\u017cem kuchennym i musia\u0142em przej\u015b\u0107 operacj\u0119. Z\u0142o\u017cono mi z powrotem \u015bci\u0119gno i utkn\u0105\u0142em z podniesionym kciukiem na kilka tygodni. To nie jest m\u00f3j rok. Nie mog\u0119 si\u0119 doczeka\u0107 2020 \u2013 napisa\u0142 Froome na Twitterze.<\/p>\n<div class=\"embed-controller-wrapper\">\n<blockquote class=\"twitter-tweet\" data-width=\"500\" data-dnt=\"true\">\n<p lang=\"en\" dir=\"ltr\">Stupidly cut my thumb with a kitchen knife and had to have surgery to put the tendon back together last night. Stuck giving a thumbs up for a couple of weeks \ud83d\udc4d\ud83d\ude02  <br \/>This is not my year \ud83d\ude48 Can\u2019t wait for 2020\ud83e\udd1e <a href=\"https:\/\/t.co\/BKzLgho82R\">pic.twitter.com\/BKzLgho82R<\/a><\/p>\n<p>&mdash; Chris Froome (@chrisfroome) <a href=\"https:\/\/twitter.com\/chrisfroome\/status\/1170322755780325387?ref_src=twsrc%5Etfw\">September 7, 2019<\/a><\/p><\/blockquote>\n<p><script async data-src=\"https:\/\/platform.twitter.com\/widgets.js\" charset=\"utf-8\"><\/script><\/div>\n<p>Z kolei Dylan Teuns przygotowywa\u0142 si\u0119 do startu w Clasica San Sebastian. Podczas przerwy w treningach postanowi\u0142 zaj\u0105\u0107 si\u0119 pracami polowymi wok\u00f3\u0142 swojego domu, ale sko\u0144czy\u0142o si\u0119 to dla niego bardzo przykro.<\/p>\n<p>&#8211; Je\u017adzi\u0142em traktorem, kt\u00f3ry ci\u0105gn\u0105\u0142 maszyn\u0119. W pewnym momencie uleg\u0142a ona awarii i przesta\u0142a jecha\u0107, wi\u0119c traktor b\u0142yskawicznie r\u00f3wnie\u017c si\u0119 zatrzyma\u0142, a ja uderzy\u0142em g\u0142ow\u0105 w kierownic\u0119 \u2013 opisywa\u0142 Teuns niecodzienne okoliczno\u015bci kontuzji, kt\u00f3ra wykluczy\u0142a go z najbli\u017cszego startu.<\/p>\n<p>Jego przypadek to jednak nic w por\u00f3wnaniu z pechem, jaki mia\u0142 Micha\u0142 Kwiatkowski. Kilka lat temu przygotowywa\u0142 si\u0119 do rekonesansu etap\u00f3w Tour de France, ale zamiast przejazdu testowego po Korsyce, musia\u0142 stawi\u0107 si\u0119 w Polsce. Pow\u00f3d? Oddajmy g\u0142os Micha\u0142owi:<\/p>\n<p>&#8211; Podjecha\u0142em do automatycznej myjni, aby op\u0142uka\u0107 samoch\u00f3d. Wrzuci\u0142em \u017ceton, nacisn\u0105\u0142em przycisk i nagle&#8230; metalowa dysza wyskoczy\u0142a gwa\u0142townie z uchwytu i uderzy\u0142a mnie prosto w twarz. Si\u0142a uderzenia by\u0142a tak du\u017ca, \u017ce z\u0142ama\u0142a mi z\u0105b. W tej sytuacji, zamiast jecha\u0107 na Korsyk\u0119, uda\u0142em si\u0119 wprost do Polski, aby doprowadzi\u0107 z\u0105b do porz\u0105dku &#8211; wspomina\u0142 z u\u015bmiechem \u201eKwiato\u201d na \u0142amach \u201ePrzegl\u0105du Sportowego\u201d.<\/p>\n<p>Z kolei przypadek Rory\u2019ego Sutherlanda pokazuje, \u017ce cz\u0119sto najwi\u0119ksze niebezpiecze\u0144stwo czai si\u0119 na kolarzy ju\u017c po zej\u015bciu z roweru. Australijczyk podczas zgrupowania postanowi\u0142 wr\u00f3ci\u0142 do hotelu na hulajnodze elektrycznej. W trakcie jazdy trafi\u0142 jednak w kraw\u0119\u017cnik i\u2026 z\u0142ama\u0142 nog\u0119 tak paskudnie, \u017ce potrzebna by\u0142a operacja i kilkutygodniowy rozbrat z rowerem.<\/p>\n<p>Niekt\u00f3rych zawodnik\u00f3w jednak nawet powa\u017cna kontuzja nie jest w stanie powstrzyma\u0107 przed treningami. Najnowszym przyk\u0142adem jest Rigoberto Uran, kt\u00f3ry trenuje mimo z\u0142amanego palca u stopy. A wszystko dzi\u0119ki sposobowi, kt\u00f3ry powinien opatentowa\u0107<\/p>\n<p>https:\/\/twitter.com\/UranRigoberto\/status\/1348997889368993793?s=20<\/p>\n<p>Tak, Kolumbijczyk postanowi\u0142 zmodyfikowa\u0107 swoje obuwie, a dok\u0142adniej\u2026 wyci\u0105\u0107 w nim miejsce na z\u0142amany palec. Jak si\u0119 zreszt\u0105 okaza\u0142o, Uran kontuzji te\u017c nabawi\u0142 si\u0119 w niecodzienny spos\u00f3b, bo przypadkowo uderzy\u0142 stop\u0105 w kant \u0142\u00f3\u017cka. \u2013 Taka kontuzja nie jest mnie w stanie zatrzyma\u0107! \u2013 zapowiedzia\u0142 jednak Kolumbijczyk i s\u0142owa dotrzyma\u0142.<\/p>\n<p><span data-sheets-value=\"{&quot;1&quot;:2,&quot;2&quot;:&quot;Artyku\u0142 powsta\u0142 we wsp\u00f3\u0142pracy ze skoda-auto.pl&quot;}\" data-sheets-userformat=\"{&quot;2&quot;:1,&quot;3&quot;:{&quot;1&quot;:0}}\" data-sheets-hyperlink=\"http:\/\/www.skoda-auto.pl\/\"><a class=\"in-cell-link\" href=\"http:\/\/www.skoda-auto.pl\/\" target=\"_blank\" rel=\"noopener noreferrer\">Artyku\u0142 powsta\u0142 we wsp\u00f3\u0142pracy ze skoda-auto.pl<\/a><\/span><\/p>\n<p><a href=\"https:\/\/sklep.skoda.pl\/pl\/sklep\/b\/331\/rowery-i-akcesoria-rowery.html\"><img loading=\"lazy\" decoding=\"async\" class=\"aligncenter wp-image-9608 size-full loading\" src=\"https:\/\/d2p6e6u75xmxt8.cloudfront.net\/5\/2019\/08\/baner_WLC_640x350_3.png\" sizes=\"auto, (max-width: 640px) 100vw, 640px\" srcset=\"https:\/\/d2p6e6u75xmxt8.cloudfront.net\/5\/2019\/08\/baner_WLC_640x350_3.png 640w, https:\/\/d2p6e6u75xmxt8.cloudfront.net\/5\/2019\/08\/baner_WLC_640x350_3-300x164.png 300w\" alt=\"\" width=\"640\" height=\"350\" data-was-processed=\"true\" \/><\/a><\/p>\n<p><a href=\"https:\/\/www.skoda-auto.pl\/modele\/karoq\">\u00a0<\/a><\/p>\n","protected":false},"excerpt":{"rendered":"<p>Okazuje si\u0119, \u017ce kolarze cz\u0119sto najbezpieczniejsi s\u0105 na rowerze, bo niekt\u00f3rzy kontuzji nabawili si\u0119 nie z powodu upadku czy kraksy, [&hellip;]<\/p>\n","protected":false},"author":125,"featured_media":11478,"comment_status":"open","ping_status":"open","sticky":false,"template":"","format":"standard","meta":{"footnotes":""},"categories":[337],"tags":[],"global-categories":[303],"class_list":["post-11473","post","type-post","status-publish","format-standard","has-post-thumbnail","hentry","category-tour-de-france","global-categories-cycling"],"yoast_head":"<!-- This site is optimized with the Yoast SEO Premium plugin v25.3 (Yoast SEO v25.9) - https:\/\/yoast.com\/wordpress\/plugins\/seo\/ -->\n<title>Najdziwniejsze wypadki zawodowych kolarzy! \u201eNie myj samochodu, bo b\u0119dzie kontuzja!\u201d - \u0160koda We Love Cycling - Poland<\/title>\n<meta name=\"description\" content=\"Okazuje si\u0119, \u017ce kolarze cz\u0119sto najbezpieczniejsi s\u0105 na rowerze, bo niekt\u00f3rzy kontuzji nabawili si\u0119 nie z powodu upadku czy kraksy, ale podczas\u2026 mycia samochodu, prac w polu, czy nawet przygotowywania posi\u0142ku. Oto najdziwniejsze sytuacje, kt\u00f3ry przyhamowa\u0142y kariery profesjonalnych zawodnik\u00f3w.\" \/>\n<meta name=\"robots\" content=\"index, follow, max-snippet:-1, max-image-preview:large, max-video-preview:-1\" \/>\n<link rel=\"canonical\" href=\"https:\/\/www.welovecycling.com\/pl\/2021\/02\/03\/najdziwniejsze-wypadki-zawodowych-kolarzy-nie-myj-samochodu-bo-bedzie-kontuzja\/\" \/>\n<meta property=\"og:locale\" content=\"pl_PL\" \/>\n<meta property=\"og:type\" content=\"article\" \/>\n<meta property=\"og:title\" content=\"Najdziwniejsze wypadki zawodowych kolarzy! \u201eNie myj samochodu, bo b\u0119dzie kontuzja!\u201d\" \/>\n<meta property=\"og:description\" content=\"Okazuje si\u0119, \u017ce kolarze cz\u0119sto najbezpieczniejsi s\u0105 na rowerze, bo niekt\u00f3rzy kontuzji nabawili si\u0119 nie z powodu upadku czy kraksy, ale podczas\u2026 mycia samochodu, prac w polu, czy nawet przygotowywania posi\u0142ku. Oto najdziwniejsze sytuacje, kt\u00f3ry przyhamowa\u0142y kariery profesjonalnych zawodnik\u00f3w.\" \/>\n<meta property=\"og:url\" content=\"https:\/\/www.welovecycling.com\/pl\/2021\/02\/03\/najdziwniejsze-wypadki-zawodowych-kolarzy-nie-myj-samochodu-bo-bedzie-kontuzja\/\" \/>\n<meta property=\"og:site_name\" content=\"\u0160koda We Love Cycling - Poland\" \/>\n<meta property=\"article:published_time\" content=\"2021-02-03T15:13:20+00:00\" \/>\n<meta property=\"article:modified_time\" content=\"2021-02-03T15:15:22+00:00\" \/>\n<meta property=\"og:image\" content=\"https:\/\/d2p6e6u75xmxt8.cloudfront.net\/5\/2021\/02\/Tom-Pidcock-profimedia-0575688030-CVR-1024x450-1.jpg\" \/>\n\t<meta property=\"og:image:width\" content=\"1024\" \/>\n\t<meta property=\"og:image:height\" content=\"450\" \/>\n\t<meta property=\"og:image:type\" content=\"image\/jpeg\" \/>\n<meta name=\"author\" content=\"oktawiamikulska\" \/>\n<meta name=\"twitter:card\" content=\"summary_large_image\" \/>\n<meta name=\"twitter:label1\" content=\"Written by\" \/>\n\t<meta name=\"twitter:data1\" content=\"Piotr Jawor\" \/>\n\t<meta name=\"twitter:label2\" content=\"Est. reading time\" \/>\n\t<meta name=\"twitter:data2\" content=\"3 minutes\" \/>\n<script type=\"application\/ld+json\" class=\"yoast-schema-graph\">{\"@context\":\"https:\/\/schema.org\",\"@graph\":[{\"@type\":\"WebPage\",\"@id\":\"https:\/\/www.welovecycling.com\/pl\/2021\/02\/03\/najdziwniejsze-wypadki-zawodowych-kolarzy-nie-myj-samochodu-bo-bedzie-kontuzja\/\",\"url\":\"https:\/\/www.welovecycling.com\/pl\/2021\/02\/03\/najdziwniejsze-wypadki-zawodowych-kolarzy-nie-myj-samochodu-bo-bedzie-kontuzja\/\",\"name\":\"Najdziwniejsze wypadki zawodowych kolarzy! \u201eNie myj samochodu, bo b\u0119dzie kontuzja!\u201d - \u0160koda We Love Cycling - Poland\",\"isPartOf\":{\"@id\":\"https:\/\/www.welovecycling.com\/pl\/#website\"},\"primaryImageOfPage\":{\"@id\":\"https:\/\/www.welovecycling.com\/pl\/2021\/02\/03\/najdziwniejsze-wypadki-zawodowych-kolarzy-nie-myj-samochodu-bo-bedzie-kontuzja\/#primaryimage\"},\"image\":{\"@id\":\"https:\/\/www.welovecycling.com\/pl\/2021\/02\/03\/najdziwniejsze-wypadki-zawodowych-kolarzy-nie-myj-samochodu-bo-bedzie-kontuzja\/#primaryimage\"},\"thumbnailUrl\":\"https:\/\/d2p6e6u75xmxt8.cloudfront.net\/5\/2021\/02\/Tom-Pidcock-profimedia-0575688030-CVR-1024x450-1.jpg\",\"datePublished\":\"2021-02-03T15:13:20+00:00\",\"dateModified\":\"2021-02-03T15:15:22+00:00\",\"author\":{\"@id\":\"https:\/\/www.welovecycling.com\/pl\/#\/schema\/person\/4a79bac7bd265aa6a35a1079d36648be\"},\"description\":\"Okazuje si\u0119, \u017ce kolarze cz\u0119sto najbezpieczniejsi s\u0105 na rowerze, bo niekt\u00f3rzy kontuzji nabawili si\u0119 nie z powodu upadku czy kraksy, ale podczas\u2026 mycia samochodu, prac w polu, czy nawet przygotowywania posi\u0142ku. Oto najdziwniejsze sytuacje, kt\u00f3ry przyhamowa\u0142y kariery profesjonalnych zawodnik\u00f3w.\",\"breadcrumb\":{\"@id\":\"https:\/\/www.welovecycling.com\/pl\/2021\/02\/03\/najdziwniejsze-wypadki-zawodowych-kolarzy-nie-myj-samochodu-bo-bedzie-kontuzja\/#breadcrumb\"},\"inLanguage\":\"pl-PL\",\"potentialAction\":[{\"@type\":\"ReadAction\",\"target\":[\"https:\/\/www.welovecycling.com\/pl\/2021\/02\/03\/najdziwniejsze-wypadki-zawodowych-kolarzy-nie-myj-samochodu-bo-bedzie-kontuzja\/\"]}]},{\"@type\":\"ImageObject\",\"inLanguage\":\"pl-PL\",\"@id\":\"https:\/\/www.welovecycling.com\/pl\/2021\/02\/03\/najdziwniejsze-wypadki-zawodowych-kolarzy-nie-myj-samochodu-bo-bedzie-kontuzja\/#primaryimage\",\"url\":\"https:\/\/d2p6e6u75xmxt8.cloudfront.net\/5\/2021\/02\/Tom-Pidcock-profimedia-0575688030-CVR-1024x450-1.jpg\",\"contentUrl\":\"https:\/\/d2p6e6u75xmxt8.cloudfront.net\/5\/2021\/02\/Tom-Pidcock-profimedia-0575688030-CVR-1024x450-1.jpg\",\"width\":1024,\"height\":450},{\"@type\":\"BreadcrumbList\",\"@id\":\"https:\/\/www.welovecycling.com\/pl\/2021\/02\/03\/najdziwniejsze-wypadki-zawodowych-kolarzy-nie-myj-samochodu-bo-bedzie-kontuzja\/#breadcrumb\",\"itemListElement\":[{\"@type\":\"ListItem\",\"position\":1,\"name\":\"Home\",\"item\":\"https:\/\/www.welovecycling.com\/pl\/\"},{\"@type\":\"ListItem\",\"position\":2,\"name\":\"Najdziwniejsze wypadki zawodowych kolarzy! \u201eNie myj samochodu, bo b\u0119dzie kontuzja!\u201d\"}]},{\"@type\":\"WebSite\",\"@id\":\"https:\/\/www.welovecycling.com\/pl\/#website\",\"url\":\"https:\/\/www.welovecycling.com\/pl\/\",\"name\":\"\u0160koda We Love Cycling - Poland\",\"description\":\"\",\"potentialAction\":[{\"@type\":\"SearchAction\",\"target\":{\"@type\":\"EntryPoint\",\"urlTemplate\":\"https:\/\/www.welovecycling.com\/pl\/?s={search_term_string}\"},\"query-input\":{\"@type\":\"PropertyValueSpecification\",\"valueRequired\":true,\"valueName\":\"search_term_string\"}}],\"inLanguage\":\"pl-PL\"},{\"@type\":\"Person\",\"@id\":\"https:\/\/www.welovecycling.com\/pl\/#\/schema\/person\/4a79bac7bd265aa6a35a1079d36648be\",\"name\":\"oktawiamikulska\",\"image\":{\"@type\":\"ImageObject\",\"inLanguage\":\"pl-PL\",\"@id\":\"https:\/\/www.welovecycling.com\/pl\/#\/schema\/person\/image\/\",\"url\":\"https:\/\/secure.gravatar.com\/avatar\/b97a3f44e2de6d2f8dd358975937e49823662e12cbd810b9d1a2bff1c149e8a7?s=96&d=mm&r=g\",\"contentUrl\":\"https:\/\/secure.gravatar.com\/avatar\/b97a3f44e2de6d2f8dd358975937e49823662e12cbd810b9d1a2bff1c149e8a7?s=96&d=mm&r=g\",\"caption\":\"oktawiamikulska\"},\"url\":\"https:\/\/www.welovecycling.com\/pl\/author\/oktawiamikulska\/\"}]}<\/script>\n<!-- \/ Yoast SEO Premium plugin. -->","yoast_head_json":{"title":"Najdziwniejsze wypadki zawodowych kolarzy! \u201eNie myj samochodu, bo b\u0119dzie kontuzja!\u201d - \u0160koda We Love Cycling - Poland","description":"Okazuje si\u0119, \u017ce kolarze cz\u0119sto najbezpieczniejsi s\u0105 na rowerze, bo niekt\u00f3rzy kontuzji nabawili si\u0119 nie z powodu upadku czy kraksy, ale podczas\u2026 mycia samochodu, prac w polu, czy nawet przygotowywania posi\u0142ku. Oto najdziwniejsze sytuacje, kt\u00f3ry przyhamowa\u0142y kariery profesjonalnych zawodnik\u00f3w.","robots":{"index":"index","follow":"follow","max-snippet":"max-snippet:-1","max-image-preview":"max-image-preview:large","max-video-preview":"max-video-preview:-1"},"canonical":"https:\/\/www.welovecycling.com\/pl\/2021\/02\/03\/najdziwniejsze-wypadki-zawodowych-kolarzy-nie-myj-samochodu-bo-bedzie-kontuzja\/","og_locale":"pl_PL","og_type":"article","og_title":"Najdziwniejsze wypadki zawodowych kolarzy! \u201eNie myj samochodu, bo b\u0119dzie kontuzja!\u201d","og_description":"Okazuje si\u0119, \u017ce kolarze cz\u0119sto najbezpieczniejsi s\u0105 na rowerze, bo niekt\u00f3rzy kontuzji nabawili si\u0119 nie z powodu upadku czy kraksy, ale podczas\u2026 mycia samochodu, prac w polu, czy nawet przygotowywania posi\u0142ku. Oto najdziwniejsze sytuacje, kt\u00f3ry przyhamowa\u0142y kariery profesjonalnych zawodnik\u00f3w.","og_url":"https:\/\/www.welovecycling.com\/pl\/2021\/02\/03\/najdziwniejsze-wypadki-zawodowych-kolarzy-nie-myj-samochodu-bo-bedzie-kontuzja\/","og_site_name":"\u0160koda We Love Cycling - Poland","article_published_time":"2021-02-03T15:13:20+00:00","article_modified_time":"2021-02-03T15:15:22+00:00","og_image":[{"width":1024,"height":450,"url":"https:\/\/d2p6e6u75xmxt8.cloudfront.net\/5\/2021\/02\/Tom-Pidcock-profimedia-0575688030-CVR-1024x450-1.jpg","type":"image\/jpeg"}],"author":"oktawiamikulska","twitter_card":"summary_large_image","twitter_misc":{"Written by":"Piotr Jawor","Est. reading time":"3 minutes"},"schema":{"@context":"https:\/\/schema.org","@graph":[{"@type":"WebPage","@id":"https:\/\/www.welovecycling.com\/pl\/2021\/02\/03\/najdziwniejsze-wypadki-zawodowych-kolarzy-nie-myj-samochodu-bo-bedzie-kontuzja\/","url":"https:\/\/www.welovecycling.com\/pl\/2021\/02\/03\/najdziwniejsze-wypadki-zawodowych-kolarzy-nie-myj-samochodu-bo-bedzie-kontuzja\/","name":"Najdziwniejsze wypadki zawodowych kolarzy! \u201eNie myj samochodu, bo b\u0119dzie kontuzja!\u201d - \u0160koda We Love Cycling - Poland","isPartOf":{"@id":"https:\/\/www.welovecycling.com\/pl\/#website"},"primaryImageOfPage":{"@id":"https:\/\/www.welovecycling.com\/pl\/2021\/02\/03\/najdziwniejsze-wypadki-zawodowych-kolarzy-nie-myj-samochodu-bo-bedzie-kontuzja\/#primaryimage"},"image":{"@id":"https:\/\/www.welovecycling.com\/pl\/2021\/02\/03\/najdziwniejsze-wypadki-zawodowych-kolarzy-nie-myj-samochodu-bo-bedzie-kontuzja\/#primaryimage"},"thumbnailUrl":"https:\/\/d2p6e6u75xmxt8.cloudfront.net\/5\/2021\/02\/Tom-Pidcock-profimedia-0575688030-CVR-1024x450-1.jpg","datePublished":"2021-02-03T15:13:20+00:00","dateModified":"2021-02-03T15:15:22+00:00","author":{"@id":"https:\/\/www.welovecycling.com\/pl\/#\/schema\/person\/4a79bac7bd265aa6a35a1079d36648be"},"description":"Okazuje si\u0119, \u017ce kolarze cz\u0119sto najbezpieczniejsi s\u0105 na rowerze, bo niekt\u00f3rzy kontuzji nabawili si\u0119 nie z powodu upadku czy kraksy, ale podczas\u2026 mycia samochodu, prac w polu, czy nawet przygotowywania posi\u0142ku. Oto najdziwniejsze sytuacje, kt\u00f3ry przyhamowa\u0142y kariery profesjonalnych zawodnik\u00f3w.","breadcrumb":{"@id":"https:\/\/www.welovecycling.com\/pl\/2021\/02\/03\/najdziwniejsze-wypadki-zawodowych-kolarzy-nie-myj-samochodu-bo-bedzie-kontuzja\/#breadcrumb"},"inLanguage":"pl-PL","potentialAction":[{"@type":"ReadAction","target":["https:\/\/www.welovecycling.com\/pl\/2021\/02\/03\/najdziwniejsze-wypadki-zawodowych-kolarzy-nie-myj-samochodu-bo-bedzie-kontuzja\/"]}]},{"@type":"ImageObject","inLanguage":"pl-PL","@id":"https:\/\/www.welovecycling.com\/pl\/2021\/02\/03\/najdziwniejsze-wypadki-zawodowych-kolarzy-nie-myj-samochodu-bo-bedzie-kontuzja\/#primaryimage","url":"https:\/\/d2p6e6u75xmxt8.cloudfront.net\/5\/2021\/02\/Tom-Pidcock-profimedia-0575688030-CVR-1024x450-1.jpg","contentUrl":"https:\/\/d2p6e6u75xmxt8.cloudfront.net\/5\/2021\/02\/Tom-Pidcock-profimedia-0575688030-CVR-1024x450-1.jpg","width":1024,"height":450},{"@type":"BreadcrumbList","@id":"https:\/\/www.welovecycling.com\/pl\/2021\/02\/03\/najdziwniejsze-wypadki-zawodowych-kolarzy-nie-myj-samochodu-bo-bedzie-kontuzja\/#breadcrumb","itemListElement":[{"@type":"ListItem","position":1,"name":"Home","item":"https:\/\/www.welovecycling.com\/pl\/"},{"@type":"ListItem","position":2,"name":"Najdziwniejsze wypadki zawodowych kolarzy! \u201eNie myj samochodu, bo b\u0119dzie kontuzja!\u201d"}]},{"@type":"WebSite","@id":"https:\/\/www.welovecycling.com\/pl\/#website","url":"https:\/\/www.welovecycling.com\/pl\/","name":"\u0160koda We Love Cycling - Poland","description":"","potentialAction":[{"@type":"SearchAction","target":{"@type":"EntryPoint","urlTemplate":"https:\/\/www.welovecycling.com\/pl\/?s={search_term_string}"},"query-input":{"@type":"PropertyValueSpecification","valueRequired":true,"valueName":"search_term_string"}}],"inLanguage":"pl-PL"},{"@type":"Person","@id":"https:\/\/www.welovecycling.com\/pl\/#\/schema\/person\/4a79bac7bd265aa6a35a1079d36648be","name":"oktawiamikulska","image":{"@type":"ImageObject","inLanguage":"pl-PL","@id":"https:\/\/www.welovecycling.com\/pl\/#\/schema\/person\/image\/","url":"https:\/\/secure.gravatar.com\/avatar\/b97a3f44e2de6d2f8dd358975937e49823662e12cbd810b9d1a2bff1c149e8a7?s=96&d=mm&r=g","contentUrl":"https:\/\/secure.gravatar.com\/avatar\/b97a3f44e2de6d2f8dd358975937e49823662e12cbd810b9d1a2bff1c149e8a7?s=96&d=mm&r=g","caption":"oktawiamikulska"},"url":"https:\/\/www.welovecycling.com\/pl\/author\/oktawiamikulska\/"}]}},"_links":{"self":[{"href":"https:\/\/www.welovecycling.com\/pl\/wp-json\/wp\/v2\/posts\/11473","targetHints":{"allow":["GET"]}}],"collection":[{"href":"https:\/\/www.welovecycling.com\/pl\/wp-json\/wp\/v2\/posts"}],"about":[{"href":"https:\/\/www.welovecycling.com\/pl\/wp-json\/wp\/v2\/types\/post"}],"author":[{"embeddable":true,"href":"https:\/\/www.welovecycling.com\/pl\/wp-json\/wp\/v2\/users\/125"}],"replies":[{"embeddable":true,"href":"https:\/\/www.welovecycling.com\/pl\/wp-json\/wp\/v2\/comments?post=11473"}],"version-history":[{"count":1,"href":"https:\/\/www.welovecycling.com\/pl\/wp-json\/wp\/v2\/posts\/11473\/revisions"}],"predecessor-version":[{"id":11477,"href":"https:\/\/www.welovecycling.com\/pl\/wp-json\/wp\/v2\/posts\/11473\/revisions\/11477"}],"wp:featuredmedia":[{"embeddable":true,"href":"https:\/\/www.welovecycling.com\/pl\/wp-json\/wp\/v2\/media\/11478"}],"wp:attachment":[{"href":"https:\/\/www.welovecycling.com\/pl\/wp-json\/wp\/v2\/media?parent=11473"}],"wp:term":[{"taxonomy":"category","embeddable":true,"href":"https:\/\/www.welovecycling.com\/pl\/wp-json\/wp\/v2\/categories?post=11473"},{"taxonomy":"post_tag","embeddable":true,"href":"https:\/\/www.welovecycling.com\/pl\/wp-json\/wp\/v2\/tags?post=11473"},{"taxonomy":"global-categories","embeddable":true,"href":"https:\/\/www.welovecycling.com\/pl\/wp-json\/wp\/v2\/global-categories?post=11473"}],"curies":[{"name":"wp","href":"https:\/\/api.w.org\/{rel}","templated":true}]}}