{"id":11467,"date":"2021-02-01T12:18:04","date_gmt":"2021-02-01T12:18:04","guid":{"rendered":"https:\/\/www.welovecycling.com\/pl\/?p=11467"},"modified":"2021-02-01T12:18:04","modified_gmt":"2021-02-01T12:18:04","slug":"ryszard-szurkowski-nie-zyje-kochaly-go-miliony-polakow","status":"publish","type":"post","link":"https:\/\/www.welovecycling.com\/pl\/2021\/02\/01\/ryszard-szurkowski-nie-zyje-kochaly-go-miliony-polakow\/","title":{"rendered":"Ryszard Szurkowski nie \u017cyje. Kocha\u0142y go miliony Polak\u00f3w"},"content":{"rendered":"<p><strong>Dla niego setki tysi\u0119cy ludzi wychodzi\u0142o na ulice i czeka\u0142o na kolejne sukcesy, kt\u00f3rymi hojnie obsypywa\u0142 polski sport. W wieku 75 lat zmar\u0142 wybitny kolarz Ryszard Szurkowski.<\/strong><\/p>\n<p>Trzykrotny mistrz \u015bwiata, dwukrotny wicemistrz olimpijski, czterokrotny zwyci\u0119zca Wy\u015bcigu Pokoju. I cz\u0142owiek, kt\u00f3ry opr\u00f3cz rywali, musia\u0142 zmaga\u0107 si\u0119 r\u00f3wnie\u017c z trudami \u017cycia codziennego.<\/p>\n<p>\u201eS\u0142owa nie s\u0105 w stanie wyrazi\u0107 tego, jak wielka jest to strata dla polskiego sportu. Ryszard Szurkowski \u2013 nasz najlepszy kolarz wszech czas\u00f3w \u2013 odszed\u0142 dzi\u015b rano. Mistrz \u015bwiata, wojownik, wspania\u0142y cz\u0142owiek. Ryszard, b\u0119dziemy za\u00a0 Tob\u0105 t\u0119sknili\u2026 Spoczywaj w pokoju\u201d \u2013 w taki spos\u00f3b po\u017cegnano Szurkowskiego na oficjalnym profilu Tour de Pologne.<\/p>\n<div class=\"embed-controller-wrapper\">\n<blockquote class=\"twitter-tweet\" data-width=\"500\" data-dnt=\"true\">\n<p lang=\"en\" dir=\"ltr\">Words can\u2019t express what a loss for Polish sport this is. Ryszard Szurkowski &#8211; our greatest rider of all times &#8211; passed away this morning. World Champion, fighter, an amazing person. You will be missed, Ryszard&#8230; Rest in peace. <a href=\"https:\/\/t.co\/ZXtbihAz8R\">pic.twitter.com\/ZXtbihAz8R<\/a><\/p>\n<p>&mdash; Tour de Pologne (@Tour_de_Pologne) <a href=\"https:\/\/twitter.com\/Tour_de_Pologne\/status\/1356148335971872769?ref_src=twsrc%5Etfw\">February 1, 2021<\/a><\/p><\/blockquote>\n<p><script async data-src=\"https:\/\/platform.twitter.com\/widgets.js\" charset=\"utf-8\"><\/script><\/div>\n<p>\u201eLegenda. Najlepszy polski kolarz w historii. Ryszard Szurkowski, spoczywaj w pokoju\u201d \u2013 napisa\u0142 z kolei Micha\u0142 Kwiatkowski.<\/p>\n<div class=\"embed-controller-wrapper\">\n<blockquote class=\"twitter-tweet\" data-width=\"500\" data-dnt=\"true\">\n<p lang=\"pl\" dir=\"ltr\">Legend. The best Polish rider of all times. Ryszard Szurkowski 1946-2021. RIP <a href=\"https:\/\/t.co\/UirAxsxLl4\">pic.twitter.com\/UirAxsxLl4<\/a><\/p>\n<p>&mdash; Micha\u0142 Kwiatkowski (@kwiato) <a href=\"https:\/\/twitter.com\/kwiato\/status\/1356145293927084033?ref_src=twsrc%5Etfw\">February 1, 2021<\/a><\/p><\/blockquote>\n<p><script async data-src=\"https:\/\/platform.twitter.com\/widgets.js\" charset=\"utf-8\"><\/script><\/div>\n<p>W latach 70. nie by\u0142o Polaka, kt\u00f3ry nie zna\u0142by Szurkowskiego. Ludzie w radiu nas\u0142uchiwali relacji z wy\u015bcig\u00f3w z jego udzia\u0142em, a szcz\u0119\u015bliwcy podziwiali jego dostojn\u0105 jazd\u0119 w telewizji. A gdy nadarza\u0142a si\u0119 okazja, t\u0142umnie wychodzili na ulice, by m\u00f3c spotka\u0107 polskiego mistrza.<\/p>\n<p>\u2013 Nie chc\u0119 wyj\u015b\u0107 na zarozumia\u0142ego, ale\u2026 Podam tylko jeden przyk\u0142ad \u2013 podczas Wy\u015bcigu Pokoju na dawnym Stadionie Dziesi\u0119ciolecia by\u0142o 100 tys. ludzi, a drugie tyle sta\u0142o na drodze do hotelu, gdzie mieszkali\u015bmy. Nie chodzi\u0142o jednak tylko o mnie, ale w og\u00f3le o polski sport \u2013 m\u00f3wi\u0142 skromnie pan <a href=\"https:\/\/www.welovecycling.com\/pl\/2018\/04\/25\/jak-wielki-mogl-byc-ryszard-szurkowski-gdyby-nie-ta-jedna-szuflada\/\">Ryszard w wywiadzie dla WeLoveCycling<\/a>.<\/p>\n<p>Prawda jest jednak taka, \u017ce ludzie szaleli na jego punkcie, bo w trudnych politycznie czasach sprawia\u0142, \u017ce o Polsce wci\u0105\u017c by\u0142o g\u0142o\u015bno. Zdominowa\u0142 Wy\u015bcig Pokoju, kt\u00f3ry w skali trudno\u015bci i presti\u017cu by\u0142 por\u00f3wnywany z Tour de France. W Wielkiej P\u0119tli Szurkowski nigdy jednak nie pojecha\u0142, a sta\u0142a za tym polityka. Pan Ryszard otrzymywa\u0142 bowiem wiele propozycji do\u0142\u0105czenia do zawodowych kolarzy, ale\u2026<\/p>\n<p>&#8211; Przychodzi\u0142o sporo ofert, ale wi\u0119kszo\u015b\u0107 l\u0105dowa\u0142a w szufladzie, o kt\u00f3rej istnieniu nawet nie wiedzia\u0142em\u2026 W\u00f3wczas nie mia\u0142o si\u0119 tego, co chcia\u0142o si\u0119 mie\u0107, tylko to, co pa\u0144stwo dawa\u0142o [\u2026] W Polsce by\u0142o wielu zawodnik\u00f3w, kt\u00f3rzy mogliby wygrywa\u0107 etapy na Tour de France. Mogli\u015bmy si\u0119 tylko pociesza\u0107, \u017ce ci, kt\u00f3rzy wtedy wygrywali w Wielkiej P\u0119tli, przegrywali z nami na wy\u015bcigach, w kt\u00f3rych mogli\u015bmy jecha\u0107. Oni byli nazywani zawodowcami, ale spokojnie by\u015bmy sobie z nimi poradzili. Oni te\u017c doskonale o tym wiedzieli. M\u00f3wili, \u017ce by\u0142oby fajnie, gdyby\u015bmy pojechali wszyscy razem, ale z drugiej strony mieliby problemy z wygrywaniem \u2013 wspomina\u0142 Szurkowski.<\/p>\n<p>W Polsce cieszy\u0142 si\u0119 wielkim szacunkiem i sympati\u0105. W plebiscycie \u201ePrzegl\u0105du Sportowego\u201d na najlepszego sportowca XXX-lecia zaj\u0105\u0142 drugie miejsce, za multimedalistk\u0105 Iren\u0105 Szewi\u0144sk\u0105. W biografii \u201eWy\u015bcig\u201d (wydawnictwo SQN) wyliczy\u0142, \u017ce rocznie wygrywa\u0142 od 22 do 30 wy\u015bcig\u00f3w, a \u0142\u0105cznie w karierze zaliczy\u0142 ponad 400 zwyci\u0119stw!<\/p>\n<p>Czasami mia\u0142 ju\u017c jednak do\u015b\u0107 popularno\u015bci i w\u00f3wczas musia\u0142 chowa\u0107 si\u0119 przed kibicami. Ale nawet na emeryturze zdarza\u0142o si\u0119, \u017ce kto\u015b podchodzi\u0142, dzi\u0119kowa\u0142 i prosi\u0142 o autograf. Zreszt\u0105 nieprzypadkowo Rafa\u0142 Majka dzi\u015b po\u017cegna\u0142 Szurkowskiego tym zdj\u0119ciem:<\/p>\n<div class=\"embed-controller-wrapper\">\n<blockquote class=\"twitter-tweet\" data-width=\"500\" data-dnt=\"true\">\n<p lang=\"pl\" dir=\"ltr\">GREAT Man, MAGNIFICENT Athlete<br \/>Dzi\u0119kujemy <a href=\"https:\/\/twitter.com\/hashtag\/Szurkowski?src=hash&amp;ref_src=twsrc%5Etfw\">#Szurkowski<\/a>\ud83d\ude4f\ud83c\uddf5\ud83c\uddf1 <a href=\"https:\/\/t.co\/DUmUD4rnYm\">pic.twitter.com\/DUmUD4rnYm<\/a><\/p>\n<p>&mdash; Rafa\u0142 Majka (@majkaformal) <a href=\"https:\/\/twitter.com\/majkaformal\/status\/1356173969318178825?ref_src=twsrc%5Etfw\">February 1, 2021<\/a><\/p><\/blockquote>\n<p><script async data-src=\"https:\/\/platform.twitter.com\/widgets.js\" charset=\"utf-8\"><\/script><\/div>\n<p>\u201e\u015awietny cz\u0142owiek, wspania\u0142y sportowiec. Dzi\u0119kujemy!\u201d \u2013 napisa\u0142 Majka.<\/p>\n<p><span data-sheets-value=\"{&quot;1&quot;:2,&quot;2&quot;:&quot;Artyku\u0142 powsta\u0142 we wsp\u00f3\u0142pracy ze skoda-auto.pl&quot;}\" data-sheets-userformat=\"{&quot;2&quot;:1,&quot;3&quot;:{&quot;1&quot;:0}}\" data-sheets-hyperlink=\"http:\/\/www.skoda-auto.pl\/\"><a class=\"in-cell-link\" href=\"http:\/\/www.skoda-auto.pl\/\" target=\"_blank\" rel=\"noopener noreferrer\">Artyku\u0142 powsta\u0142 we wsp\u00f3\u0142pracy ze skoda-auto.pl<\/a><\/span><\/p>\n<p><a href=\"https:\/\/www.skoda-auto.pl\/modele\/karoq\">\u00a0<\/a><a href=\"https:\/\/www.skoda-auto.pl\/modele\/kodiaq\"><img loading=\"lazy\" decoding=\"async\" class=\"aligncenter wp-image-9607 size-full\" src=\"https:\/\/d2p6e6u75xmxt8.cloudfront.net\/5\/2019\/08\/baner_WLC_640x350_2.png\" alt=\"\" width=\"640\" height=\"350\" srcset=\"https:\/\/d2p6e6u75xmxt8.cloudfront.net\/5\/2019\/08\/baner_WLC_640x350_2.png 640w, https:\/\/d2p6e6u75xmxt8.cloudfront.net\/5\/2019\/08\/baner_WLC_640x350_2-300x164.png 300w\" sizes=\"auto, (max-width: 640px) 100vw, 640px\" \/><\/a><\/p>\n<p>&nbsp;<\/p>\n<p>&nbsp;<\/p>\n","protected":false},"excerpt":{"rendered":"<p>Dla niego setki tysi\u0119cy ludzi wychodzi\u0142o na ulice i czeka\u0142o na kolejne sukcesy, kt\u00f3rymi hojnie obsypywa\u0142 polski sport. W wieku [&hellip;]<\/p>\n","protected":false},"author":125,"featured_media":11471,"comment_status":"open","ping_status":"open","sticky":false,"template":"","format":"standard","meta":{"footnotes":""},"categories":[289],"tags":[],"global-categories":[303],"class_list":["post-11467","post","type-post","status-publish","format-standard","has-post-thumbnail","hentry","category-we-love-cycling","global-categories-cycling"],"yoast_head":"<!-- This site is optimized with the Yoast SEO Premium plugin v25.3 (Yoast SEO v25.9) - https:\/\/yoast.com\/wordpress\/plugins\/seo\/ -->\n<title>Ryszard Szurkowski nie \u017cyje. Kocha\u0142y go miliony Polak\u00f3w - \u0160koda We Love Cycling - Poland<\/title>\n<meta name=\"description\" content=\"Dla niego setki tysi\u0119cy ludzi wychodzi\u0142o na ulice i czeka\u0142o na kolejne sukcesy, kt\u00f3rymi hojnie obsypywa\u0142 polski sport. W wieku 75 lat zmar\u0142 wybitny kolarz Ryszard Szurkowski.\" \/>\n<meta name=\"robots\" content=\"index, follow, max-snippet:-1, max-image-preview:large, max-video-preview:-1\" \/>\n<link rel=\"canonical\" href=\"https:\/\/www.welovecycling.com\/pl\/2021\/02\/01\/ryszard-szurkowski-nie-zyje-kochaly-go-miliony-polakow\/\" \/>\n<meta property=\"og:locale\" content=\"pl_PL\" \/>\n<meta property=\"og:type\" content=\"article\" \/>\n<meta property=\"og:title\" content=\"Ryszard Szurkowski nie \u017cyje. Kocha\u0142y go miliony Polak\u00f3w\" \/>\n<meta property=\"og:description\" content=\"Dla niego setki tysi\u0119cy ludzi wychodzi\u0142o na ulice i czeka\u0142o na kolejne sukcesy, kt\u00f3rymi hojnie obsypywa\u0142 polski sport. W wieku 75 lat zmar\u0142 wybitny kolarz Ryszard Szurkowski.\" \/>\n<meta property=\"og:url\" content=\"https:\/\/www.welovecycling.com\/pl\/2021\/02\/01\/ryszard-szurkowski-nie-zyje-kochaly-go-miliony-polakow\/\" \/>\n<meta property=\"og:site_name\" content=\"\u0160koda We Love Cycling - Poland\" \/>\n<meta property=\"article:published_time\" content=\"2021-02-01T12:18:04+00:00\" \/>\n<meta property=\"og:image\" content=\"https:\/\/d2p6e6u75xmxt8.cloudfront.net\/5\/2021\/02\/szurkowski.jpg\" \/>\n\t<meta property=\"og:image:width\" content=\"680\" \/>\n\t<meta property=\"og:image:height\" content=\"454\" \/>\n\t<meta property=\"og:image:type\" content=\"image\/jpeg\" \/>\n<meta name=\"author\" content=\"oktawiamikulska\" \/>\n<meta name=\"twitter:card\" content=\"summary_large_image\" \/>\n<meta name=\"twitter:label1\" content=\"Written by\" \/>\n\t<meta name=\"twitter:data1\" content=\"Piotr Nowik\" \/>\n\t<meta name=\"twitter:label2\" content=\"Est. reading time\" \/>\n\t<meta name=\"twitter:data2\" content=\"3 minutes\" \/>\n<script type=\"application\/ld+json\" class=\"yoast-schema-graph\">{\"@context\":\"https:\/\/schema.org\",\"@graph\":[{\"@type\":\"WebPage\",\"@id\":\"https:\/\/www.welovecycling.com\/pl\/2021\/02\/01\/ryszard-szurkowski-nie-zyje-kochaly-go-miliony-polakow\/\",\"url\":\"https:\/\/www.welovecycling.com\/pl\/2021\/02\/01\/ryszard-szurkowski-nie-zyje-kochaly-go-miliony-polakow\/\",\"name\":\"Ryszard Szurkowski nie \u017cyje. Kocha\u0142y go miliony Polak\u00f3w - \u0160koda We Love Cycling - Poland\",\"isPartOf\":{\"@id\":\"https:\/\/www.welovecycling.com\/pl\/#website\"},\"primaryImageOfPage\":{\"@id\":\"https:\/\/www.welovecycling.com\/pl\/2021\/02\/01\/ryszard-szurkowski-nie-zyje-kochaly-go-miliony-polakow\/#primaryimage\"},\"image\":{\"@id\":\"https:\/\/www.welovecycling.com\/pl\/2021\/02\/01\/ryszard-szurkowski-nie-zyje-kochaly-go-miliony-polakow\/#primaryimage\"},\"thumbnailUrl\":\"https:\/\/d2p6e6u75xmxt8.cloudfront.net\/5\/2021\/02\/szurkowski.jpg\",\"datePublished\":\"2021-02-01T12:18:04+00:00\",\"author\":{\"@id\":\"https:\/\/www.welovecycling.com\/pl\/#\/schema\/person\/4a79bac7bd265aa6a35a1079d36648be\"},\"description\":\"Dla niego setki tysi\u0119cy ludzi wychodzi\u0142o na ulice i czeka\u0142o na kolejne sukcesy, kt\u00f3rymi hojnie obsypywa\u0142 polski sport. W wieku 75 lat zmar\u0142 wybitny kolarz Ryszard Szurkowski.\",\"breadcrumb\":{\"@id\":\"https:\/\/www.welovecycling.com\/pl\/2021\/02\/01\/ryszard-szurkowski-nie-zyje-kochaly-go-miliony-polakow\/#breadcrumb\"},\"inLanguage\":\"pl-PL\",\"potentialAction\":[{\"@type\":\"ReadAction\",\"target\":[\"https:\/\/www.welovecycling.com\/pl\/2021\/02\/01\/ryszard-szurkowski-nie-zyje-kochaly-go-miliony-polakow\/\"]}]},{\"@type\":\"ImageObject\",\"inLanguage\":\"pl-PL\",\"@id\":\"https:\/\/www.welovecycling.com\/pl\/2021\/02\/01\/ryszard-szurkowski-nie-zyje-kochaly-go-miliony-polakow\/#primaryimage\",\"url\":\"https:\/\/d2p6e6u75xmxt8.cloudfront.net\/5\/2021\/02\/szurkowski.jpg\",\"contentUrl\":\"https:\/\/d2p6e6u75xmxt8.cloudfront.net\/5\/2021\/02\/szurkowski.jpg\",\"width\":680,\"height\":454},{\"@type\":\"BreadcrumbList\",\"@id\":\"https:\/\/www.welovecycling.com\/pl\/2021\/02\/01\/ryszard-szurkowski-nie-zyje-kochaly-go-miliony-polakow\/#breadcrumb\",\"itemListElement\":[{\"@type\":\"ListItem\",\"position\":1,\"name\":\"Home\",\"item\":\"https:\/\/www.welovecycling.com\/pl\/\"},{\"@type\":\"ListItem\",\"position\":2,\"name\":\"Ryszard Szurkowski nie \u017cyje. Kocha\u0142y go miliony Polak\u00f3w\"}]},{\"@type\":\"WebSite\",\"@id\":\"https:\/\/www.welovecycling.com\/pl\/#website\",\"url\":\"https:\/\/www.welovecycling.com\/pl\/\",\"name\":\"\u0160koda We Love Cycling - Poland\",\"description\":\"\",\"potentialAction\":[{\"@type\":\"SearchAction\",\"target\":{\"@type\":\"EntryPoint\",\"urlTemplate\":\"https:\/\/www.welovecycling.com\/pl\/?s={search_term_string}\"},\"query-input\":{\"@type\":\"PropertyValueSpecification\",\"valueRequired\":true,\"valueName\":\"search_term_string\"}}],\"inLanguage\":\"pl-PL\"},{\"@type\":\"Person\",\"@id\":\"https:\/\/www.welovecycling.com\/pl\/#\/schema\/person\/4a79bac7bd265aa6a35a1079d36648be\",\"name\":\"oktawiamikulska\",\"image\":{\"@type\":\"ImageObject\",\"inLanguage\":\"pl-PL\",\"@id\":\"https:\/\/www.welovecycling.com\/pl\/#\/schema\/person\/image\/\",\"url\":\"https:\/\/secure.gravatar.com\/avatar\/b97a3f44e2de6d2f8dd358975937e49823662e12cbd810b9d1a2bff1c149e8a7?s=96&d=mm&r=g\",\"contentUrl\":\"https:\/\/secure.gravatar.com\/avatar\/b97a3f44e2de6d2f8dd358975937e49823662e12cbd810b9d1a2bff1c149e8a7?s=96&d=mm&r=g\",\"caption\":\"oktawiamikulska\"},\"url\":\"https:\/\/www.welovecycling.com\/pl\/author\/oktawiamikulska\/\"}]}<\/script>\n<!-- \/ Yoast SEO Premium plugin. -->","yoast_head_json":{"title":"Ryszard Szurkowski nie \u017cyje. Kocha\u0142y go miliony Polak\u00f3w - \u0160koda We Love Cycling - Poland","description":"Dla niego setki tysi\u0119cy ludzi wychodzi\u0142o na ulice i czeka\u0142o na kolejne sukcesy, kt\u00f3rymi hojnie obsypywa\u0142 polski sport. W wieku 75 lat zmar\u0142 wybitny kolarz Ryszard Szurkowski.","robots":{"index":"index","follow":"follow","max-snippet":"max-snippet:-1","max-image-preview":"max-image-preview:large","max-video-preview":"max-video-preview:-1"},"canonical":"https:\/\/www.welovecycling.com\/pl\/2021\/02\/01\/ryszard-szurkowski-nie-zyje-kochaly-go-miliony-polakow\/","og_locale":"pl_PL","og_type":"article","og_title":"Ryszard Szurkowski nie \u017cyje. Kocha\u0142y go miliony Polak\u00f3w","og_description":"Dla niego setki tysi\u0119cy ludzi wychodzi\u0142o na ulice i czeka\u0142o na kolejne sukcesy, kt\u00f3rymi hojnie obsypywa\u0142 polski sport. W wieku 75 lat zmar\u0142 wybitny kolarz Ryszard Szurkowski.","og_url":"https:\/\/www.welovecycling.com\/pl\/2021\/02\/01\/ryszard-szurkowski-nie-zyje-kochaly-go-miliony-polakow\/","og_site_name":"\u0160koda We Love Cycling - Poland","article_published_time":"2021-02-01T12:18:04+00:00","og_image":[{"width":680,"height":454,"url":"https:\/\/d2p6e6u75xmxt8.cloudfront.net\/5\/2021\/02\/szurkowski.jpg","type":"image\/jpeg"}],"author":"oktawiamikulska","twitter_card":"summary_large_image","twitter_misc":{"Written by":"Piotr Nowik","Est. reading time":"3 minutes"},"schema":{"@context":"https:\/\/schema.org","@graph":[{"@type":"WebPage","@id":"https:\/\/www.welovecycling.com\/pl\/2021\/02\/01\/ryszard-szurkowski-nie-zyje-kochaly-go-miliony-polakow\/","url":"https:\/\/www.welovecycling.com\/pl\/2021\/02\/01\/ryszard-szurkowski-nie-zyje-kochaly-go-miliony-polakow\/","name":"Ryszard Szurkowski nie \u017cyje. Kocha\u0142y go miliony Polak\u00f3w - \u0160koda We Love Cycling - Poland","isPartOf":{"@id":"https:\/\/www.welovecycling.com\/pl\/#website"},"primaryImageOfPage":{"@id":"https:\/\/www.welovecycling.com\/pl\/2021\/02\/01\/ryszard-szurkowski-nie-zyje-kochaly-go-miliony-polakow\/#primaryimage"},"image":{"@id":"https:\/\/www.welovecycling.com\/pl\/2021\/02\/01\/ryszard-szurkowski-nie-zyje-kochaly-go-miliony-polakow\/#primaryimage"},"thumbnailUrl":"https:\/\/d2p6e6u75xmxt8.cloudfront.net\/5\/2021\/02\/szurkowski.jpg","datePublished":"2021-02-01T12:18:04+00:00","author":{"@id":"https:\/\/www.welovecycling.com\/pl\/#\/schema\/person\/4a79bac7bd265aa6a35a1079d36648be"},"description":"Dla niego setki tysi\u0119cy ludzi wychodzi\u0142o na ulice i czeka\u0142o na kolejne sukcesy, kt\u00f3rymi hojnie obsypywa\u0142 polski sport. W wieku 75 lat zmar\u0142 wybitny kolarz Ryszard Szurkowski.","breadcrumb":{"@id":"https:\/\/www.welovecycling.com\/pl\/2021\/02\/01\/ryszard-szurkowski-nie-zyje-kochaly-go-miliony-polakow\/#breadcrumb"},"inLanguage":"pl-PL","potentialAction":[{"@type":"ReadAction","target":["https:\/\/www.welovecycling.com\/pl\/2021\/02\/01\/ryszard-szurkowski-nie-zyje-kochaly-go-miliony-polakow\/"]}]},{"@type":"ImageObject","inLanguage":"pl-PL","@id":"https:\/\/www.welovecycling.com\/pl\/2021\/02\/01\/ryszard-szurkowski-nie-zyje-kochaly-go-miliony-polakow\/#primaryimage","url":"https:\/\/d2p6e6u75xmxt8.cloudfront.net\/5\/2021\/02\/szurkowski.jpg","contentUrl":"https:\/\/d2p6e6u75xmxt8.cloudfront.net\/5\/2021\/02\/szurkowski.jpg","width":680,"height":454},{"@type":"BreadcrumbList","@id":"https:\/\/www.welovecycling.com\/pl\/2021\/02\/01\/ryszard-szurkowski-nie-zyje-kochaly-go-miliony-polakow\/#breadcrumb","itemListElement":[{"@type":"ListItem","position":1,"name":"Home","item":"https:\/\/www.welovecycling.com\/pl\/"},{"@type":"ListItem","position":2,"name":"Ryszard Szurkowski nie \u017cyje. Kocha\u0142y go miliony Polak\u00f3w"}]},{"@type":"WebSite","@id":"https:\/\/www.welovecycling.com\/pl\/#website","url":"https:\/\/www.welovecycling.com\/pl\/","name":"\u0160koda We Love Cycling - Poland","description":"","potentialAction":[{"@type":"SearchAction","target":{"@type":"EntryPoint","urlTemplate":"https:\/\/www.welovecycling.com\/pl\/?s={search_term_string}"},"query-input":{"@type":"PropertyValueSpecification","valueRequired":true,"valueName":"search_term_string"}}],"inLanguage":"pl-PL"},{"@type":"Person","@id":"https:\/\/www.welovecycling.com\/pl\/#\/schema\/person\/4a79bac7bd265aa6a35a1079d36648be","name":"oktawiamikulska","image":{"@type":"ImageObject","inLanguage":"pl-PL","@id":"https:\/\/www.welovecycling.com\/pl\/#\/schema\/person\/image\/","url":"https:\/\/secure.gravatar.com\/avatar\/b97a3f44e2de6d2f8dd358975937e49823662e12cbd810b9d1a2bff1c149e8a7?s=96&d=mm&r=g","contentUrl":"https:\/\/secure.gravatar.com\/avatar\/b97a3f44e2de6d2f8dd358975937e49823662e12cbd810b9d1a2bff1c149e8a7?s=96&d=mm&r=g","caption":"oktawiamikulska"},"url":"https:\/\/www.welovecycling.com\/pl\/author\/oktawiamikulska\/"}]}},"_links":{"self":[{"href":"https:\/\/www.welovecycling.com\/pl\/wp-json\/wp\/v2\/posts\/11467","targetHints":{"allow":["GET"]}}],"collection":[{"href":"https:\/\/www.welovecycling.com\/pl\/wp-json\/wp\/v2\/posts"}],"about":[{"href":"https:\/\/www.welovecycling.com\/pl\/wp-json\/wp\/v2\/types\/post"}],"author":[{"embeddable":true,"href":"https:\/\/www.welovecycling.com\/pl\/wp-json\/wp\/v2\/users\/125"}],"replies":[{"embeddable":true,"href":"https:\/\/www.welovecycling.com\/pl\/wp-json\/wp\/v2\/comments?post=11467"}],"version-history":[{"count":1,"href":"https:\/\/www.welovecycling.com\/pl\/wp-json\/wp\/v2\/posts\/11467\/revisions"}],"predecessor-version":[{"id":11472,"href":"https:\/\/www.welovecycling.com\/pl\/wp-json\/wp\/v2\/posts\/11467\/revisions\/11472"}],"wp:featuredmedia":[{"embeddable":true,"href":"https:\/\/www.welovecycling.com\/pl\/wp-json\/wp\/v2\/media\/11471"}],"wp:attachment":[{"href":"https:\/\/www.welovecycling.com\/pl\/wp-json\/wp\/v2\/media?parent=11467"}],"wp:term":[{"taxonomy":"category","embeddable":true,"href":"https:\/\/www.welovecycling.com\/pl\/wp-json\/wp\/v2\/categories?post=11467"},{"taxonomy":"post_tag","embeddable":true,"href":"https:\/\/www.welovecycling.com\/pl\/wp-json\/wp\/v2\/tags?post=11467"},{"taxonomy":"global-categories","embeddable":true,"href":"https:\/\/www.welovecycling.com\/pl\/wp-json\/wp\/v2\/global-categories?post=11467"}],"curies":[{"name":"wp","href":"https:\/\/api.w.org\/{rel}","templated":true}]}}