{"id":11455,"date":"2021-01-29T09:18:36","date_gmt":"2021-01-29T09:18:36","guid":{"rendered":"https:\/\/www.welovecycling.com\/pl\/?p=11455"},"modified":"2021-01-29T09:18:36","modified_gmt":"2021-01-29T09:18:36","slug":"zaskakujace-decyzje-w-zawodowym-peletonie-co-czeka-nas-na-starcie","status":"publish","type":"post","link":"https:\/\/www.welovecycling.com\/pl\/2021\/01\/29\/zaskakujace-decyzje-w-zawodowym-peletonie-co-czeka-nas-na-starcie\/","title":{"rendered":"Zaskakuj\u0105ce decyzje w zawodowym peletonie. Co czeka nas na starcie?"},"content":{"rendered":"<p><strong>Nie ma wy\u015bcig\u00f3w, rywalizacji, zwyci\u0119zc\u00f3w i pokonanych. Nuda? Nie w zawodowym kolarstwie! Zajrzeli\u015bmy do peletonu, gdzie w ostatnich dniach do\u015bwiadczyli\u015bmy ciekawych wydarze\u0144.<\/strong><\/p>\n<p>\u015awiat kolarstwa poruszy\u0142y informacje dotycz\u0105ce Tima Dumoulina. Znakomity kolarz niedawno poinformowa\u0142 o swoich planach start\u00f3w na 2021 r., ale wszystko leg\u0142o w gruzach pewnego wieczoru podczas zgrupowania zespo\u0142u Jumbo-Visma w Alicante. Holender spotka\u0142 si\u0119 z cz\u0142onkami swojej ekipy i og\u0142osi\u0142 zaskakuj\u0105c\u0105 decyzj\u0119: \u201eZawieszam karier\u0119!\u201d.<\/p>\n<p>&#8211; Od wielu miesi\u0119cy bardzo trudno jest mi si\u0119 w tym wszystkim odnale\u017a\u0107. Chodzi o presj\u0119, ci\u0105g\u0142e pod\u0105\u017canie za wynikami. Chc\u0119, by wszyscy byli ze mnie zadowoleni: dru\u017cyna, sponsorzy, rodzina \u2013 m\u00f3wi\u0142 31-letni Dumoulin, kt\u00f3ry nie jest w stanie powiedzie\u0107, kiedy i czy w og\u00f3le wr\u00f3ci do kolarstwa.<\/p>\n<p>https:\/\/www.instagram.com\/p\/CKZM-0ohZku\/?utm_source=ig_web_copy_link<\/p>\n<p>Podczas gdy Dumoulin szuka motywacji do dalszej rywalizacji, u Christophera Froome\u2019a (Israel Start Up Nation) energia wr\u0119cz buzuje. Brytyjczyk przez niekt\u00f3rych zosta\u0142 ju\u017c skre\u015blany, ale on sam wierzy, \u017ce w tym sezonie \u2013 mimo 36 lat \u2013 jest w stanie wr\u00f3ci\u0107 do rywalizacji na najwy\u017cszym poziomie.<\/p>\n<p>&#8211; Emerytura by\u0142aby \u0142atwiejsz\u0105 opcj\u0105, ale nie tak chcia\u0142em zako\u0144czy\u0107 kolarsk\u0105 karier\u0119. Chc\u0119 to zrobi\u0107 na w\u0142asnych zasadach. Nadal mam wiele do udowodnienia, nie brakuje mi determinacji \u2013 zapewnia Froome, kt\u00f3ry do sezonu przygotowuje si\u0119 w Stanach Zjednoczonych.<\/p>\n<p>To w\u0142a\u015bnie tam, czterokrotny zwyci\u0119zca Tour de France nie tylko wykr\u0119ca setki kilometr\u00f3w, ale tak\u017ce ci\u0119\u017cko pracuje na si\u0142owni, ca\u0142y czas monitoruj\u0105c post\u0119py:<\/p>\n<p>https:\/\/www.instagram.com\/p\/CJ7Pm_0JF7I\/?utm_source=ig_web_copy_link<\/p>\n<p>Jak si\u0119 jednak okazuje, Froome ma r\u00f3wnie\u017c czas, by wraz z najlepszymi zag\u0142\u0119bia\u0107 si\u0119 w\u2026 tajniki kulinarne:<\/p>\n<div class=\"embed-controller-wrapper\">\n<blockquote class=\"twitter-tweet\" data-width=\"500\" data-dnt=\"true\">\n<p lang=\"en\" dir=\"ltr\">Trying to learn how to cook from the best \ud83d\udc4c <a href=\"https:\/\/twitter.com\/Michelelisichef?ref_src=twsrc%5Etfw\">@Michelelisichef<\/a> \ud83d\udc68\u200d\ud83c\udf73 <a href=\"https:\/\/t.co\/zep4i3K7bu\">pic.twitter.com\/zep4i3K7bu<\/a><\/p>\n<p>&mdash; Chris Froome (@chrisfroome) <a href=\"https:\/\/twitter.com\/chrisfroome\/status\/1350999239430713350?ref_src=twsrc%5Etfw\">January 18, 2021<\/a><\/p><\/blockquote>\n<p><script async data-src=\"https:\/\/platform.twitter.com\/widgets.js\" charset=\"utf-8\"><\/script><\/div>\n<p>Nie wypada zagl\u0105da\u0107 do peletonu, bez zerkni\u0119cia do Petera Sagana (Bora-hansgrohe). We wtorek S\u0142owak obchodzi\u0142 b;owiem 31. urodziny i nie m\u00f3g\u0142 odkopa\u0107 si\u0119 ze wszystkich widomo\u015bci<\/p>\n<div class=\"embed-controller-wrapper\">\n<blockquote class=\"twitter-tweet\" data-width=\"500\" data-dnt=\"true\">\n<p lang=\"en\" dir=\"ltr\">Thanks a lot, everybody for your warm birthday wishes, I wish I could read all of them. I don&#39;t know if I consider it a birthday present, I got a few new scratches but all is fine!<a href=\"https:\/\/twitter.com\/BORAhansgrohe?ref_src=twsrc%5Etfw\">@BORAhansgrohe<\/a> @BORAGmbH <a href=\"https:\/\/twitter.com\/Hansgrohe_PR?ref_src=twsrc%5Etfw\">@Hansgrohe_PR<\/a> <a href=\"https:\/\/twitter.com\/iamspecialized?ref_src=twsrc%5Etfw\">@iamspecialized<\/a> <a href=\"https:\/\/twitter.com\/sportful?ref_src=twsrc%5Etfw\">@sportful<\/a> <a href=\"https:\/\/twitter.com\/ride100percent?ref_src=twsrc%5Etfw\">@ride100percent<\/a> <a href=\"https:\/\/t.co\/DZ7A9Et11v\">pic.twitter.com\/DZ7A9Et11v<\/a><\/p>\n<p>&mdash; Peter Sagan (@petosagan) <a href=\"https:\/\/twitter.com\/petosagan\/status\/1354418402622902274?ref_src=twsrc%5Etfw\">January 27, 2021<\/a><\/p><\/blockquote>\n<p><script async data-src=\"https:\/\/platform.twitter.com\/widgets.js\" charset=\"utf-8\"><\/script><\/div>\n<p>\u201eDzi\u0119kuj\u0119 za wszystkie pi\u0119kne \u017cyczenia. W\u0142a\u015bnie przez 6 godzin je\u017adzi\u0142em w tych pi\u0119knych okoliczno\u015bciach przyrody i mam te\u017c dla was wiadomo\u015b\u0107 \u2013 przyby\u0142o mi kilka nowych blizn, ale \u017cyj\u0119\u201d \u2013 \u017cartowa\u0142 Sagan w swoim stylu.<\/p>\n<p>Na widoki podczas trening\u00f3w nie ma prawa narzeka\u0107 r\u00f3wnie\u017c Richard Carapaz (Team Ineos)\u2026<\/p>\n<p>https:\/\/www.instagram.com\/p\/CKjSM2MpuMm\/?utm_source=ig_web_copy_link<\/p>\n<p>\u2026 a tak\u017ce zawodnicy UAE Emirates, do kt\u00f3rych w tym sezonie do\u0142\u0105czy\u0142 Rafa\u0142 Majka.<\/p>\n<div class=\"embed-controller-wrapper\">\n<blockquote class=\"twitter-tweet\" data-width=\"500\" data-dnt=\"true\">\n<p lang=\"en\" dir=\"ltr\">\ud83d\udcfd\ufe0f\ud83c\udde6\ud83c\uddea \u2600\ufe0fCouple of shots from <a href=\"https:\/\/twitter.com\/hashtag\/TrainingCamp?src=hash&amp;ref_src=twsrc%5Etfw\">#TrainingCamp<\/a><a href=\"https:\/\/twitter.com\/hashtag\/UAETeamEmirates?src=hash&amp;ref_src=twsrc%5Etfw\">#UAETeamEmirates<\/a> <a href=\"https:\/\/twitter.com\/hashtag\/RideTogether?src=hash&amp;ref_src=twsrc%5Etfw\">#RideTogether<\/a> <a href=\"https:\/\/t.co\/Jud3CCQTQB\">https:\/\/t.co\/Jud3CCQTQB<\/a><\/p>\n<p>&mdash; Rafa\u0142 Majka (@majkaformal) <a href=\"https:\/\/twitter.com\/majkaformal\/status\/1354022444072366080?ref_src=twsrc%5Etfw\">January 26, 2021<\/a><\/p><\/blockquote>\n<p><script async data-src=\"https:\/\/platform.twitter.com\/widgets.js\" charset=\"utf-8\"><\/script><\/div>\n<p>Kolarze z UAE Emirates zaprezentowali r\u00f3wnie\u017c nowe stroje, a zrobi\u0142 to nie kto inny, jak zwyci\u0119zca Tour de France &#8211; Tadej Pogacar. S\u0142oweniec zachwala\u0142 nowe trykoty, cho\u0107 pewnie jak najszybciej spr\u00f3buje je zamieni\u0107 na \u017c\u00f3\u0142t\u0105 koszulk\u0119 lidera Wielkiej P\u0119tli.<\/p>\n<p>https:\/\/www.instagram.com\/p\/CJgPAXol-Cr\/?utm_source=ig_web_copy_link<\/p>\n<p>Nie samym rowerem \u017cyje jednak kolarz, co udowadniaj\u0105 zawodnicy Team Ineos, kt\u00f3rzy podczas przerwy od przygotowa\u0144 chwycili za\u2026 kije golfowe i przekonali si\u0119, \u017ce wcale nie tak \u0142atwo jest trafi\u0107 w pi\u0142eczk\u0119 wielko\u015bci jajka.<\/p>\n<div class=\"embed-controller-wrapper\">\n<blockquote class=\"twitter-tweet\" data-width=\"500\" data-dnt=\"true\">\n<p lang=\"en\" dir=\"ltr\">Natural Born Golfer \ud83d\ude05\ud83c\udfcc\ud83c\udffd\u200d\u2642\ufe0f\u26f3\ufe0f <a href=\"https:\/\/twitter.com\/INEOSGrenadiers?ref_src=twsrc%5Etfw\">@INEOSGrenadiers<\/a> <a href=\"https:\/\/t.co\/6QCDQEPbV0\">pic.twitter.com\/6QCDQEPbV0<\/a><\/p>\n<p>&mdash; Micha\u0142 Kwiatkowski (@kwiato) <a href=\"https:\/\/twitter.com\/kwiato\/status\/1351644093122830336?ref_src=twsrc%5Etfw\">January 19, 2021<\/a><\/p><\/blockquote>\n<p><script async data-src=\"https:\/\/platform.twitter.com\/widgets.js\" charset=\"utf-8\"><\/script><\/div>\n<p>Z kolei Geraint Thomas, zwyci\u0119zca Tour de France z 2019 r. postanowi\u0142 po\u0142\u0105czy\u0107 przyjemne z po\u017cytecznym i zaprasza wszystkich swoich kibic\u00f3w na wirtualny wy\u015bcig, z kt\u00f3rego pieni\u0105dze zostan\u0105 przeznaczone na cele charytatywne:<\/p>\n<div class=\"embed-controller-wrapper\">\n<blockquote class=\"twitter-tweet\" data-width=\"500\" data-dnt=\"true\">\n<p lang=\"en\" dir=\"ltr\">Come and join Sir Chris Hoy, me and plenty of others on <a href=\"https:\/\/twitter.com\/GoZwift?ref_src=twsrc%5Etfw\">@gozwift<\/a> this Sunday at 9:45am GMT to raise plenty of cash for Doddie Weir\u2019s MND charity!! Find out more at <a href=\"https:\/\/t.co\/o5JBEBcdJz\">https:\/\/t.co\/o5JBEBcdJz<\/a> and join the ride on the Zwift app @doddiegump <a href=\"https:\/\/twitter.com\/MNDoddie5?ref_src=twsrc%5Etfw\">@MNDoddie5<\/a> <a href=\"https:\/\/twitter.com\/chrishoy1?ref_src=twsrc%5Etfw\">@chrishoy1<\/a> <a href=\"https:\/\/t.co\/95boJjohUG\">pic.twitter.com\/95boJjohUG<\/a><\/p>\n<p>&mdash; Geraint Thomas (@GeraintThomas86) <a href=\"https:\/\/twitter.com\/GeraintThomas86\/status\/1354411610362753025?ref_src=twsrc%5Etfw\">January 27, 2021<\/a><\/p><\/blockquote>\n<p><script async data-src=\"https:\/\/platform.twitter.com\/widgets.js\" charset=\"utf-8\"><\/script><\/div>\n<p>Wszyscy jednak przygotowuj\u0105 si\u0119 ju\u017c na najwa\u017cniejsze wy\u015bcig w tym roku. Pierwsze \u015bciganie w ramach UCI World Tour zaplanowane jest w dniach 21-27 lutego w Zjednoczonych Emiratach Arabskich.<\/p>\n<p><span data-sheets-value=\"{&quot;1&quot;:2,&quot;2&quot;:&quot;Artyku\u0142 powsta\u0142 we wsp\u00f3\u0142pracy ze skoda-auto.pl&quot;}\" data-sheets-userformat=\"{&quot;2&quot;:1,&quot;3&quot;:{&quot;1&quot;:0}}\" data-sheets-hyperlink=\"http:\/\/www.skoda-auto.pl\/\"><a class=\"in-cell-link\" href=\"http:\/\/www.skoda-auto.pl\/\" target=\"_blank\" rel=\"noopener noreferrer\">Artyku\u0142 powsta\u0142 we wsp\u00f3\u0142pracy ze skoda-auto.pl<\/a><\/span><\/p>\n<p>&nbsp;<\/p>\n<p><a href=\"https:\/\/www.skoda-auto.pl\/modele\/karoq\"><img loading=\"lazy\" decoding=\"async\" class=\"aligncenter wp-image-9609 size-full loading\" src=\"https:\/\/d2p6e6u75xmxt8.cloudfront.net\/5\/2019\/08\/baner_WLC_640x350_4.png\" sizes=\"auto, (max-width: 640px) 100vw, 640px\" srcset=\"https:\/\/d2p6e6u75xmxt8.cloudfront.net\/5\/2019\/08\/baner_WLC_640x350_4.png 640w, https:\/\/d2p6e6u75xmxt8.cloudfront.net\/5\/2019\/08\/baner_WLC_640x350_4-300x164.png 300w\" alt=\"\" width=\"640\" height=\"350\" data-was-processed=\"true\" \/>\u00a0<\/a><\/p>\n<p>&nbsp;<\/p>\n<p>&nbsp;<\/p>\n<p>&nbsp;<\/p>\n","protected":false},"excerpt":{"rendered":"<p>Nie ma wy\u015bcig\u00f3w, rywalizacji, zwyci\u0119zc\u00f3w i pokonanych. Nuda? Nie w zawodowym kolarstwie! Zajrzeli\u015bmy do peletonu, gdzie w ostatnich dniach do\u015bwiadczyli\u015bmy [&hellip;]<\/p>\n","protected":false},"author":125,"featured_media":11465,"comment_status":"open","ping_status":"open","sticky":false,"template":"","format":"standard","meta":{"footnotes":""},"categories":[337],"tags":[],"global-categories":[303],"class_list":["post-11455","post","type-post","status-publish","format-standard","has-post-thumbnail","hentry","category-tour-de-france","global-categories-cycling"],"yoast_head":"<!-- This site is optimized with the Yoast SEO Premium plugin v25.3 (Yoast SEO v25.9) - https:\/\/yoast.com\/wordpress\/plugins\/seo\/ -->\n<title>Zaskakuj\u0105ce decyzje w zawodowym peletonie. Co czeka nas na starcie? - \u0160koda We Love Cycling - Poland<\/title>\n<meta name=\"description\" content=\"Nie ma wy\u015bcig\u00f3w, rywalizacji, zwyci\u0119zc\u00f3w i pokonanych. Nuda? Nie w zawodowym kolarstwie! Zajrzeli\u015bmy do peletonu, gdzie w ostatnich dniach do\u015bwiadczyli\u015bmy ciekawych wydarze\u0144.\" \/>\n<meta name=\"robots\" content=\"index, follow, max-snippet:-1, max-image-preview:large, max-video-preview:-1\" \/>\n<link rel=\"canonical\" href=\"https:\/\/www.welovecycling.com\/pl\/2021\/01\/29\/zaskakujace-decyzje-w-zawodowym-peletonie-co-czeka-nas-na-starcie\/\" \/>\n<meta property=\"og:locale\" content=\"pl_PL\" \/>\n<meta property=\"og:type\" content=\"article\" \/>\n<meta property=\"og:title\" content=\"Zaskakuj\u0105ce decyzje w zawodowym peletonie. Co czeka nas na starcie?\" \/>\n<meta property=\"og:description\" content=\"Nie ma wy\u015bcig\u00f3w, rywalizacji, zwyci\u0119zc\u00f3w i pokonanych. Nuda? Nie w zawodowym kolarstwie! Zajrzeli\u015bmy do peletonu, gdzie w ostatnich dniach do\u015bwiadczyli\u015bmy ciekawych wydarze\u0144.\" \/>\n<meta property=\"og:url\" content=\"https:\/\/www.welovecycling.com\/pl\/2021\/01\/29\/zaskakujace-decyzje-w-zawodowym-peletonie-co-czeka-nas-na-starcie\/\" \/>\n<meta property=\"og:site_name\" content=\"\u0160koda We Love Cycling - Poland\" \/>\n<meta property=\"article:published_time\" content=\"2021-01-29T09:18:36+00:00\" \/>\n<meta property=\"og:image\" content=\"https:\/\/d2p6e6u75xmxt8.cloudfront.net\/5\/2021\/01\/Tour-de-France-peloton-profimedia-0558935701-CVR-1024x450-1-1.jpg\" \/>\n\t<meta property=\"og:image:width\" content=\"1024\" \/>\n\t<meta property=\"og:image:height\" content=\"450\" \/>\n\t<meta property=\"og:image:type\" content=\"image\/jpeg\" \/>\n<meta name=\"author\" content=\"oktawiamikulska\" \/>\n<meta name=\"twitter:card\" content=\"summary_large_image\" \/>\n<meta name=\"twitter:label1\" content=\"Written by\" \/>\n\t<meta name=\"twitter:data1\" content=\"oktawiamikulska\" \/>\n\t<meta name=\"twitter:label2\" content=\"Est. reading time\" \/>\n\t<meta name=\"twitter:data2\" content=\"3 minutes\" \/>\n<script type=\"application\/ld+json\" class=\"yoast-schema-graph\">{\"@context\":\"https:\/\/schema.org\",\"@graph\":[{\"@type\":\"WebPage\",\"@id\":\"https:\/\/www.welovecycling.com\/pl\/2021\/01\/29\/zaskakujace-decyzje-w-zawodowym-peletonie-co-czeka-nas-na-starcie\/\",\"url\":\"https:\/\/www.welovecycling.com\/pl\/2021\/01\/29\/zaskakujace-decyzje-w-zawodowym-peletonie-co-czeka-nas-na-starcie\/\",\"name\":\"Zaskakuj\u0105ce decyzje w zawodowym peletonie. Co czeka nas na starcie? - \u0160koda We Love Cycling - Poland\",\"isPartOf\":{\"@id\":\"https:\/\/www.welovecycling.com\/pl\/#website\"},\"primaryImageOfPage\":{\"@id\":\"https:\/\/www.welovecycling.com\/pl\/2021\/01\/29\/zaskakujace-decyzje-w-zawodowym-peletonie-co-czeka-nas-na-starcie\/#primaryimage\"},\"image\":{\"@id\":\"https:\/\/www.welovecycling.com\/pl\/2021\/01\/29\/zaskakujace-decyzje-w-zawodowym-peletonie-co-czeka-nas-na-starcie\/#primaryimage\"},\"thumbnailUrl\":\"https:\/\/d2p6e6u75xmxt8.cloudfront.net\/5\/2021\/01\/Tour-de-France-peloton-profimedia-0558935701-CVR-1024x450-1-1.jpg\",\"datePublished\":\"2021-01-29T09:18:36+00:00\",\"author\":{\"@id\":\"https:\/\/www.welovecycling.com\/pl\/#\/schema\/person\/4a79bac7bd265aa6a35a1079d36648be\"},\"description\":\"Nie ma wy\u015bcig\u00f3w, rywalizacji, zwyci\u0119zc\u00f3w i pokonanych. Nuda? Nie w zawodowym kolarstwie! Zajrzeli\u015bmy do peletonu, gdzie w ostatnich dniach do\u015bwiadczyli\u015bmy ciekawych wydarze\u0144.\",\"breadcrumb\":{\"@id\":\"https:\/\/www.welovecycling.com\/pl\/2021\/01\/29\/zaskakujace-decyzje-w-zawodowym-peletonie-co-czeka-nas-na-starcie\/#breadcrumb\"},\"inLanguage\":\"pl-PL\",\"potentialAction\":[{\"@type\":\"ReadAction\",\"target\":[\"https:\/\/www.welovecycling.com\/pl\/2021\/01\/29\/zaskakujace-decyzje-w-zawodowym-peletonie-co-czeka-nas-na-starcie\/\"]}]},{\"@type\":\"ImageObject\",\"inLanguage\":\"pl-PL\",\"@id\":\"https:\/\/www.welovecycling.com\/pl\/2021\/01\/29\/zaskakujace-decyzje-w-zawodowym-peletonie-co-czeka-nas-na-starcie\/#primaryimage\",\"url\":\"https:\/\/d2p6e6u75xmxt8.cloudfront.net\/5\/2021\/01\/Tour-de-France-peloton-profimedia-0558935701-CVR-1024x450-1-1.jpg\",\"contentUrl\":\"https:\/\/d2p6e6u75xmxt8.cloudfront.net\/5\/2021\/01\/Tour-de-France-peloton-profimedia-0558935701-CVR-1024x450-1-1.jpg\",\"width\":1024,\"height\":450},{\"@type\":\"BreadcrumbList\",\"@id\":\"https:\/\/www.welovecycling.com\/pl\/2021\/01\/29\/zaskakujace-decyzje-w-zawodowym-peletonie-co-czeka-nas-na-starcie\/#breadcrumb\",\"itemListElement\":[{\"@type\":\"ListItem\",\"position\":1,\"name\":\"Home\",\"item\":\"https:\/\/www.welovecycling.com\/pl\/\"},{\"@type\":\"ListItem\",\"position\":2,\"name\":\"Zaskakuj\u0105ce decyzje w zawodowym peletonie. Co czeka nas na starcie?\"}]},{\"@type\":\"WebSite\",\"@id\":\"https:\/\/www.welovecycling.com\/pl\/#website\",\"url\":\"https:\/\/www.welovecycling.com\/pl\/\",\"name\":\"\u0160koda We Love Cycling - Poland\",\"description\":\"\",\"potentialAction\":[{\"@type\":\"SearchAction\",\"target\":{\"@type\":\"EntryPoint\",\"urlTemplate\":\"https:\/\/www.welovecycling.com\/pl\/?s={search_term_string}\"},\"query-input\":{\"@type\":\"PropertyValueSpecification\",\"valueRequired\":true,\"valueName\":\"search_term_string\"}}],\"inLanguage\":\"pl-PL\"},{\"@type\":\"Person\",\"@id\":\"https:\/\/www.welovecycling.com\/pl\/#\/schema\/person\/4a79bac7bd265aa6a35a1079d36648be\",\"name\":\"oktawiamikulska\",\"image\":{\"@type\":\"ImageObject\",\"inLanguage\":\"pl-PL\",\"@id\":\"https:\/\/www.welovecycling.com\/pl\/#\/schema\/person\/image\/\",\"url\":\"https:\/\/secure.gravatar.com\/avatar\/b97a3f44e2de6d2f8dd358975937e49823662e12cbd810b9d1a2bff1c149e8a7?s=96&d=mm&r=g\",\"contentUrl\":\"https:\/\/secure.gravatar.com\/avatar\/b97a3f44e2de6d2f8dd358975937e49823662e12cbd810b9d1a2bff1c149e8a7?s=96&d=mm&r=g\",\"caption\":\"oktawiamikulska\"},\"url\":\"https:\/\/www.welovecycling.com\/pl\/author\/oktawiamikulska\/\"}]}<\/script>\n<!-- \/ Yoast SEO Premium plugin. -->","yoast_head_json":{"title":"Zaskakuj\u0105ce decyzje w zawodowym peletonie. Co czeka nas na starcie? - \u0160koda We Love Cycling - Poland","description":"Nie ma wy\u015bcig\u00f3w, rywalizacji, zwyci\u0119zc\u00f3w i pokonanych. Nuda? Nie w zawodowym kolarstwie! Zajrzeli\u015bmy do peletonu, gdzie w ostatnich dniach do\u015bwiadczyli\u015bmy ciekawych wydarze\u0144.","robots":{"index":"index","follow":"follow","max-snippet":"max-snippet:-1","max-image-preview":"max-image-preview:large","max-video-preview":"max-video-preview:-1"},"canonical":"https:\/\/www.welovecycling.com\/pl\/2021\/01\/29\/zaskakujace-decyzje-w-zawodowym-peletonie-co-czeka-nas-na-starcie\/","og_locale":"pl_PL","og_type":"article","og_title":"Zaskakuj\u0105ce decyzje w zawodowym peletonie. Co czeka nas na starcie?","og_description":"Nie ma wy\u015bcig\u00f3w, rywalizacji, zwyci\u0119zc\u00f3w i pokonanych. Nuda? Nie w zawodowym kolarstwie! Zajrzeli\u015bmy do peletonu, gdzie w ostatnich dniach do\u015bwiadczyli\u015bmy ciekawych wydarze\u0144.","og_url":"https:\/\/www.welovecycling.com\/pl\/2021\/01\/29\/zaskakujace-decyzje-w-zawodowym-peletonie-co-czeka-nas-na-starcie\/","og_site_name":"\u0160koda We Love Cycling - Poland","article_published_time":"2021-01-29T09:18:36+00:00","og_image":[{"width":1024,"height":450,"url":"https:\/\/d2p6e6u75xmxt8.cloudfront.net\/5\/2021\/01\/Tour-de-France-peloton-profimedia-0558935701-CVR-1024x450-1-1.jpg","type":"image\/jpeg"}],"author":"oktawiamikulska","twitter_card":"summary_large_image","twitter_misc":{"Written by":"oktawiamikulska","Est. reading time":"3 minutes"},"schema":{"@context":"https:\/\/schema.org","@graph":[{"@type":"WebPage","@id":"https:\/\/www.welovecycling.com\/pl\/2021\/01\/29\/zaskakujace-decyzje-w-zawodowym-peletonie-co-czeka-nas-na-starcie\/","url":"https:\/\/www.welovecycling.com\/pl\/2021\/01\/29\/zaskakujace-decyzje-w-zawodowym-peletonie-co-czeka-nas-na-starcie\/","name":"Zaskakuj\u0105ce decyzje w zawodowym peletonie. Co czeka nas na starcie? - \u0160koda We Love Cycling - Poland","isPartOf":{"@id":"https:\/\/www.welovecycling.com\/pl\/#website"},"primaryImageOfPage":{"@id":"https:\/\/www.welovecycling.com\/pl\/2021\/01\/29\/zaskakujace-decyzje-w-zawodowym-peletonie-co-czeka-nas-na-starcie\/#primaryimage"},"image":{"@id":"https:\/\/www.welovecycling.com\/pl\/2021\/01\/29\/zaskakujace-decyzje-w-zawodowym-peletonie-co-czeka-nas-na-starcie\/#primaryimage"},"thumbnailUrl":"https:\/\/d2p6e6u75xmxt8.cloudfront.net\/5\/2021\/01\/Tour-de-France-peloton-profimedia-0558935701-CVR-1024x450-1-1.jpg","datePublished":"2021-01-29T09:18:36+00:00","author":{"@id":"https:\/\/www.welovecycling.com\/pl\/#\/schema\/person\/4a79bac7bd265aa6a35a1079d36648be"},"description":"Nie ma wy\u015bcig\u00f3w, rywalizacji, zwyci\u0119zc\u00f3w i pokonanych. Nuda? Nie w zawodowym kolarstwie! Zajrzeli\u015bmy do peletonu, gdzie w ostatnich dniach do\u015bwiadczyli\u015bmy ciekawych wydarze\u0144.","breadcrumb":{"@id":"https:\/\/www.welovecycling.com\/pl\/2021\/01\/29\/zaskakujace-decyzje-w-zawodowym-peletonie-co-czeka-nas-na-starcie\/#breadcrumb"},"inLanguage":"pl-PL","potentialAction":[{"@type":"ReadAction","target":["https:\/\/www.welovecycling.com\/pl\/2021\/01\/29\/zaskakujace-decyzje-w-zawodowym-peletonie-co-czeka-nas-na-starcie\/"]}]},{"@type":"ImageObject","inLanguage":"pl-PL","@id":"https:\/\/www.welovecycling.com\/pl\/2021\/01\/29\/zaskakujace-decyzje-w-zawodowym-peletonie-co-czeka-nas-na-starcie\/#primaryimage","url":"https:\/\/d2p6e6u75xmxt8.cloudfront.net\/5\/2021\/01\/Tour-de-France-peloton-profimedia-0558935701-CVR-1024x450-1-1.jpg","contentUrl":"https:\/\/d2p6e6u75xmxt8.cloudfront.net\/5\/2021\/01\/Tour-de-France-peloton-profimedia-0558935701-CVR-1024x450-1-1.jpg","width":1024,"height":450},{"@type":"BreadcrumbList","@id":"https:\/\/www.welovecycling.com\/pl\/2021\/01\/29\/zaskakujace-decyzje-w-zawodowym-peletonie-co-czeka-nas-na-starcie\/#breadcrumb","itemListElement":[{"@type":"ListItem","position":1,"name":"Home","item":"https:\/\/www.welovecycling.com\/pl\/"},{"@type":"ListItem","position":2,"name":"Zaskakuj\u0105ce decyzje w zawodowym peletonie. Co czeka nas na starcie?"}]},{"@type":"WebSite","@id":"https:\/\/www.welovecycling.com\/pl\/#website","url":"https:\/\/www.welovecycling.com\/pl\/","name":"\u0160koda We Love Cycling - Poland","description":"","potentialAction":[{"@type":"SearchAction","target":{"@type":"EntryPoint","urlTemplate":"https:\/\/www.welovecycling.com\/pl\/?s={search_term_string}"},"query-input":{"@type":"PropertyValueSpecification","valueRequired":true,"valueName":"search_term_string"}}],"inLanguage":"pl-PL"},{"@type":"Person","@id":"https:\/\/www.welovecycling.com\/pl\/#\/schema\/person\/4a79bac7bd265aa6a35a1079d36648be","name":"oktawiamikulska","image":{"@type":"ImageObject","inLanguage":"pl-PL","@id":"https:\/\/www.welovecycling.com\/pl\/#\/schema\/person\/image\/","url":"https:\/\/secure.gravatar.com\/avatar\/b97a3f44e2de6d2f8dd358975937e49823662e12cbd810b9d1a2bff1c149e8a7?s=96&d=mm&r=g","contentUrl":"https:\/\/secure.gravatar.com\/avatar\/b97a3f44e2de6d2f8dd358975937e49823662e12cbd810b9d1a2bff1c149e8a7?s=96&d=mm&r=g","caption":"oktawiamikulska"},"url":"https:\/\/www.welovecycling.com\/pl\/author\/oktawiamikulska\/"}]}},"_links":{"self":[{"href":"https:\/\/www.welovecycling.com\/pl\/wp-json\/wp\/v2\/posts\/11455","targetHints":{"allow":["GET"]}}],"collection":[{"href":"https:\/\/www.welovecycling.com\/pl\/wp-json\/wp\/v2\/posts"}],"about":[{"href":"https:\/\/www.welovecycling.com\/pl\/wp-json\/wp\/v2\/types\/post"}],"author":[{"embeddable":true,"href":"https:\/\/www.welovecycling.com\/pl\/wp-json\/wp\/v2\/users\/125"}],"replies":[{"embeddable":true,"href":"https:\/\/www.welovecycling.com\/pl\/wp-json\/wp\/v2\/comments?post=11455"}],"version-history":[{"count":1,"href":"https:\/\/www.welovecycling.com\/pl\/wp-json\/wp\/v2\/posts\/11455\/revisions"}],"predecessor-version":[{"id":11466,"href":"https:\/\/www.welovecycling.com\/pl\/wp-json\/wp\/v2\/posts\/11455\/revisions\/11466"}],"wp:featuredmedia":[{"embeddable":true,"href":"https:\/\/www.welovecycling.com\/pl\/wp-json\/wp\/v2\/media\/11465"}],"wp:attachment":[{"href":"https:\/\/www.welovecycling.com\/pl\/wp-json\/wp\/v2\/media?parent=11455"}],"wp:term":[{"taxonomy":"category","embeddable":true,"href":"https:\/\/www.welovecycling.com\/pl\/wp-json\/wp\/v2\/categories?post=11455"},{"taxonomy":"post_tag","embeddable":true,"href":"https:\/\/www.welovecycling.com\/pl\/wp-json\/wp\/v2\/tags?post=11455"},{"taxonomy":"global-categories","embeddable":true,"href":"https:\/\/www.welovecycling.com\/pl\/wp-json\/wp\/v2\/global-categories?post=11455"}],"curies":[{"name":"wp","href":"https:\/\/api.w.org\/{rel}","templated":true}]}}