{"id":11449,"date":"2021-01-27T14:46:46","date_gmt":"2021-01-27T14:46:46","guid":{"rendered":"https:\/\/www.welovecycling.com\/pl\/?p=11449"},"modified":"2021-01-27T14:46:46","modified_gmt":"2021-01-27T14:46:46","slug":"panie-na-start-to-ma-byc-ostatni-taki-sezon","status":"publish","type":"post","link":"https:\/\/www.welovecycling.com\/pl\/2021\/01\/27\/panie-na-start-to-ma-byc-ostatni-taki-sezon\/","title":{"rendered":"Panie na start! To ma by\u0107 ostatni taki sezon\u2026"},"content":{"rendered":"<p><strong>Du\u017cymi krokami zbli\u017ca si\u0119 UCI World Tour kobiet. W tym roku panie czekaj\u0105 tak\u017ce dwie inne wa\u017cne imprezy, ale wszyscy ostrz\u0105 sobie z\u0119by na przysz\u0142y sezon, gdy po raz pierwszy ma si\u0119 odby\u0107 Tour de France kobiet z prawdziwego zdarzenia.<\/strong><\/p>\n<p>Zawodniczki trzymaj\u0105 kciuki, by zbli\u017caj\u0105cy si\u0119 sezon by\u0142 zupe\u0142nie inny od minionego. Pandemia przerwa\u0142a r\u00f3wnie\u017c ich rywalizacj\u0119 i sprawi\u0142a, \u017ce musia\u0142y szuka\u0107 wymy\u015blnych sposob\u00f3w, by podtrzyma\u0107 form\u0119. Co prawda szybko sta\u0142o si\u0119 jasne, \u017ce w 2020 r. igrzyska olimpijskiej w Tokio nie odb\u0119d\u0105 si\u0119, ale pozosta\u0142a przecie\u017c jeszcze rywalizacja w UCI World Tour i mistrzostwach \u015bwiata.<\/p>\n<p>Na pocz\u0105tku ubieg\u0142ego roku kobietom uda\u0142o si\u0119 pojecha\u0107 tylko w Cadel Evans Great Ocean Road Race i rywalizacj\u0119 zawieszono na\u2026 blisko p\u00f3\u0142 roku. Gdy zawodniczki wr\u00f3ci\u0142y do \u015bcigania, to najlepsza w klasyfikacji generalnej okaza\u0142a si\u0119 Brytyjka Lizzie Deignan (Trek\u2013Segafredo), z kolei w mistrzostwach \u015bwiata triumfowa\u0142a Holenderka Anna van der Breggen, kt\u00f3ra wygra\u0142a zar\u00f3wno wy\u015bcig ze startu wsp\u00f3lnego, jak i indywiduln\u0105 jazd\u0119 na czas.<\/p>\n<p>https:\/\/www.instagram.com\/p\/CFoVeQJnyjl\/?utm_source=ig_web_copy_link<\/p>\n<p>W tym roku panie licz\u0105, \u017ce na starcie stan\u0105, gdy pandemia w wi\u0119kszo\u015bci b\u0119dzie ju\u017c tylko przykrym wspomnieniem. Pierwszy wy\u015bcig z serii UCI World Tour zaplanowano bowiem na 6 marca i b\u0119dzie to\u00a0 Strade Bianche. Z tak\u0105 my\u015bl\u0105 do sezonu przygotowuje si\u0119 r\u00f3wnie\u017c Katarzyna Niewiadoma<\/p>\n<p>https:\/\/www.instagram.com\/p\/CKb-_KfrYsW\/?utm_source=ig_web_copy_link<\/p>\n<p>W kalendarzu kobiet kr\u00f3luj\u0105 wy\u015bcigi jednodniowe. Podczas World Touru jest ich 16, a wieloetapowych \u2013 siedem. Pierwsze z nich zostan\u0105 rozgrane w maju i b\u0119dzie to Tour of Chongming Island (6-8 maja),\u00a0 Itzulia Women (14-16 maja) i Vuelta a Burgos Feminas (20-23 maja). Kolejny d\u0142u\u017cszy wy\u015bcig to The Women&#8217;s Tour (7-12 czerwca), a nast\u0119pne Ladies Tour of Norway (12 \u2013 15 sierpnia), Holland Ladies Tour (24-29 sierpnia) i Ceratizit Challenge by la Vuelta (3 \u2013 5 wrze\u015bnia).<\/p>\n<p>Z kolei kobiecy wy\u015bcig towarzysz\u0105cy Tour de France, czyli\u00a0 La Course by Le Tour de France b\u0119dzie wy\u015bcigiem jednodniowym i odb\u0119dzie 27 czerwca, czyli dzie\u0144 po starcie pan\u00f3w. Je\u015bli jednak wszystko p\u00f3jdzie zgodnie z planem, to tegoroczny wy\u015bcig b\u0119dzie ostatnim takim, bo w 2022 r. Tour de France kobiet ma si\u0119 sta\u0107 znacznie powa\u017cniejsz\u0105 imprez\u0105.<\/p>\n<p>Ma to by\u0107 wy\u015bcig etapowy, kt\u00f3rego zadaniem b\u0119dzie promowanie kolarstwa kobiet. Nie wiadomo jeszcze, czy b\u0119dzie nazywa\u0142 si\u0119 Tour de France, ale ma mie\u0107 znacznie wi\u0119kszy presti\u017c ni\u017c dzisiaj. \u2013 To b\u0119dzie bardzo wa\u017cny krok w dalszym rozwoju kolarstwa kobiet \u2013 zapowiada David Lappartient, prezes UCI.<\/p>\n<p>Wed\u0142ug nieoficjalnych informacji, Tour de France kobiet mia\u0142by zaczyna\u0107 si\u0119 w tym samym dniu, w kt\u00f3rym m\u0119\u017cczy\u017ani wje\u017cd\u017caliby na Pola Elizejskie, i trwa\u0142by ponad tydzie\u0144. Wizja takiej rywalizacji skusi\u0142a nawet Lizzie Deignan na od\u0142o\u017cenie kolarskiej emerytury. Brytyjska mistrzyni planowa\u0142a zako\u0144czenie kariery po igrzyska olimpijskich w Tokio, ale teraz chce doczeka\u0107 do historycznego Tour de France w 2022 r.<\/p>\n<p>&#8211; Trudno ogl\u0105da\u0142oby mi si\u0119 te zawody na kolarskiej emeryturze. Bardzo chcia\u0142abym w nich wystartowa\u0107. Jest to najwa\u017cniejszy wy\u015bcig u m\u0119\u017cczyzn i my\u015bl\u0119, \u017ce dla kobiecego kolarstwa tak\u017ce b\u0119dzie mia\u0142 bardzo du\u017ce znaczenie \u2013 zaznacza Deignan.<\/p>\n<p>https:\/\/www.instagram.com\/p\/CF7BBDhpux1\/?utm_source=ig_web_copy_link<\/p>\n<p>Na razie panie czekaj\u0105 jednak na start UCI World Tour 2021, a tak\u017ce na dwa bardzo wa\u017cne tegoroczne wydarzenia \u2013 mistrzostwa \u015bwiata w Belgii (19 \u2013 26 wrze\u015bnia) oraz wy\u015bcigi olimpijskie w Tokio, kt\u00f3re odb\u0119d\u0105 si\u0119 pod koniec lipca.<\/p>\n<p><span data-sheets-value=\"{&quot;1&quot;:2,&quot;2&quot;:&quot;Artyku\u0142 powsta\u0142 we wsp\u00f3\u0142pracy ze skoda-auto.pl&quot;}\" data-sheets-userformat=\"{&quot;2&quot;:1,&quot;3&quot;:{&quot;1&quot;:0}}\" data-sheets-hyperlink=\"http:\/\/www.skoda-auto.pl\/\"><a class=\"in-cell-link\" href=\"http:\/\/www.skoda-auto.pl\/\" target=\"_blank\" rel=\"noopener noreferrer\">Artyku\u0142 powsta\u0142 we wsp\u00f3\u0142pracy ze skoda-auto.pl<\/a><\/span><\/p>\n<p><a href=\"https:\/\/www.skoda-auto.pl\/modele\/karoq\">\u00a0<\/a><\/p>\n<p>&nbsp;<\/p>\n<p><a href=\"https:\/\/www.skoda-auto.pl\/modele\/kodiaq\"><img loading=\"lazy\" decoding=\"async\" class=\"size-full wp-image-11327 aligncenter\" src=\"https:\/\/d2p6e6u75xmxt8.cloudfront.net\/5\/2021\/12\/baner-WLC.jpg\" alt=\"\" width=\"640\" height=\"350\" srcset=\"https:\/\/d2p6e6u75xmxt8.cloudfront.net\/5\/2021\/12\/baner-WLC.jpg 640w, https:\/\/d2p6e6u75xmxt8.cloudfront.net\/5\/2021\/12\/baner-WLC-300x164.jpg 300w\" sizes=\"auto, (max-width: 640px) 100vw, 640px\" \/><\/a><\/p>\n<p>&nbsp;<\/p>\n","protected":false},"excerpt":{"rendered":"<p>Du\u017cymi krokami zbli\u017ca si\u0119 UCI World Tour kobiet. W tym roku panie czekaj\u0105 tak\u017ce dwie inne wa\u017cne imprezy, ale wszyscy [&hellip;]<\/p>\n","protected":false},"author":125,"featured_media":11453,"comment_status":"open","ping_status":"open","sticky":false,"template":"","format":"standard","meta":{"footnotes":""},"categories":[337],"tags":[],"global-categories":[303],"class_list":["post-11449","post","type-post","status-publish","format-standard","has-post-thumbnail","hentry","category-tour-de-france","global-categories-cycling"],"yoast_head":"<!-- This site is optimized with the Yoast SEO Premium plugin v25.3 (Yoast SEO v25.9) - https:\/\/yoast.com\/wordpress\/plugins\/seo\/ -->\n<title>Panie na start! To ma by\u0107 ostatni taki sezon\u2026 - \u0160koda We Love Cycling - Poland<\/title>\n<meta name=\"description\" content=\"Du\u017cymi krokami zbli\u017ca si\u0119 UCI World Tour kobiet. W tym roku panie czekaj\u0105 tak\u017ce dwie inne wa\u017cne imprezy, ale wszyscy ostrz\u0105 sobie z\u0119by na przysz\u0142y sezon, gdy po raz pierwszy ma si\u0119 odby\u0107 Tour de France kobiet z prawdziwego zdarzenia.\" \/>\n<meta name=\"robots\" content=\"index, follow, max-snippet:-1, max-image-preview:large, max-video-preview:-1\" \/>\n<link rel=\"canonical\" href=\"https:\/\/www.welovecycling.com\/pl\/2021\/01\/27\/panie-na-start-to-ma-byc-ostatni-taki-sezon\/\" \/>\n<meta property=\"og:locale\" content=\"pl_PL\" \/>\n<meta property=\"og:type\" content=\"article\" \/>\n<meta property=\"og:title\" content=\"Panie na start! To ma by\u0107 ostatni taki sezon\u2026\" \/>\n<meta property=\"og:description\" content=\"Du\u017cymi krokami zbli\u017ca si\u0119 UCI World Tour kobiet. W tym roku panie czekaj\u0105 tak\u017ce dwie inne wa\u017cne imprezy, ale wszyscy ostrz\u0105 sobie z\u0119by na przysz\u0142y sezon, gdy po raz pierwszy ma si\u0119 odby\u0107 Tour de France kobiet z prawdziwego zdarzenia.\" \/>\n<meta property=\"og:url\" content=\"https:\/\/www.welovecycling.com\/pl\/2021\/01\/27\/panie-na-start-to-ma-byc-ostatni-taki-sezon\/\" \/>\n<meta property=\"og:site_name\" content=\"\u0160koda We Love Cycling - Poland\" \/>\n<meta property=\"article:published_time\" content=\"2021-01-27T14:46:46+00:00\" \/>\n<meta property=\"og:image\" content=\"https:\/\/d2p6e6u75xmxt8.cloudfront.net\/5\/2021\/01\/Kristin-Armstrong-profimedia-0296657592-CVR-1024x450-1.jpg\" \/>\n\t<meta property=\"og:image:width\" content=\"1024\" \/>\n\t<meta property=\"og:image:height\" content=\"450\" \/>\n\t<meta property=\"og:image:type\" content=\"image\/jpeg\" \/>\n<meta name=\"author\" content=\"oktawiamikulska\" \/>\n<meta name=\"twitter:card\" content=\"summary_large_image\" \/>\n<meta name=\"twitter:label1\" content=\"Written by\" \/>\n\t<meta name=\"twitter:data1\" content=\"Piotr Jawor\" \/>\n\t<meta name=\"twitter:label2\" content=\"Est. reading time\" \/>\n\t<meta name=\"twitter:data2\" content=\"3 minutes\" \/>\n<script type=\"application\/ld+json\" class=\"yoast-schema-graph\">{\"@context\":\"https:\/\/schema.org\",\"@graph\":[{\"@type\":\"WebPage\",\"@id\":\"https:\/\/www.welovecycling.com\/pl\/2021\/01\/27\/panie-na-start-to-ma-byc-ostatni-taki-sezon\/\",\"url\":\"https:\/\/www.welovecycling.com\/pl\/2021\/01\/27\/panie-na-start-to-ma-byc-ostatni-taki-sezon\/\",\"name\":\"Panie na start! To ma by\u0107 ostatni taki sezon\u2026 - \u0160koda We Love Cycling - Poland\",\"isPartOf\":{\"@id\":\"https:\/\/www.welovecycling.com\/pl\/#website\"},\"primaryImageOfPage\":{\"@id\":\"https:\/\/www.welovecycling.com\/pl\/2021\/01\/27\/panie-na-start-to-ma-byc-ostatni-taki-sezon\/#primaryimage\"},\"image\":{\"@id\":\"https:\/\/www.welovecycling.com\/pl\/2021\/01\/27\/panie-na-start-to-ma-byc-ostatni-taki-sezon\/#primaryimage\"},\"thumbnailUrl\":\"https:\/\/d2p6e6u75xmxt8.cloudfront.net\/5\/2021\/01\/Kristin-Armstrong-profimedia-0296657592-CVR-1024x450-1.jpg\",\"datePublished\":\"2021-01-27T14:46:46+00:00\",\"author\":{\"@id\":\"https:\/\/www.welovecycling.com\/pl\/#\/schema\/person\/4a79bac7bd265aa6a35a1079d36648be\"},\"description\":\"Du\u017cymi krokami zbli\u017ca si\u0119 UCI World Tour kobiet. W tym roku panie czekaj\u0105 tak\u017ce dwie inne wa\u017cne imprezy, ale wszyscy ostrz\u0105 sobie z\u0119by na przysz\u0142y sezon, gdy po raz pierwszy ma si\u0119 odby\u0107 Tour de France kobiet z prawdziwego zdarzenia.\",\"breadcrumb\":{\"@id\":\"https:\/\/www.welovecycling.com\/pl\/2021\/01\/27\/panie-na-start-to-ma-byc-ostatni-taki-sezon\/#breadcrumb\"},\"inLanguage\":\"pl-PL\",\"potentialAction\":[{\"@type\":\"ReadAction\",\"target\":[\"https:\/\/www.welovecycling.com\/pl\/2021\/01\/27\/panie-na-start-to-ma-byc-ostatni-taki-sezon\/\"]}]},{\"@type\":\"ImageObject\",\"inLanguage\":\"pl-PL\",\"@id\":\"https:\/\/www.welovecycling.com\/pl\/2021\/01\/27\/panie-na-start-to-ma-byc-ostatni-taki-sezon\/#primaryimage\",\"url\":\"https:\/\/d2p6e6u75xmxt8.cloudfront.net\/5\/2021\/01\/Kristin-Armstrong-profimedia-0296657592-CVR-1024x450-1.jpg\",\"contentUrl\":\"https:\/\/d2p6e6u75xmxt8.cloudfront.net\/5\/2021\/01\/Kristin-Armstrong-profimedia-0296657592-CVR-1024x450-1.jpg\",\"width\":1024,\"height\":450},{\"@type\":\"BreadcrumbList\",\"@id\":\"https:\/\/www.welovecycling.com\/pl\/2021\/01\/27\/panie-na-start-to-ma-byc-ostatni-taki-sezon\/#breadcrumb\",\"itemListElement\":[{\"@type\":\"ListItem\",\"position\":1,\"name\":\"Home\",\"item\":\"https:\/\/www.welovecycling.com\/pl\/\"},{\"@type\":\"ListItem\",\"position\":2,\"name\":\"Panie na start! To ma by\u0107 ostatni taki sezon\u2026\"}]},{\"@type\":\"WebSite\",\"@id\":\"https:\/\/www.welovecycling.com\/pl\/#website\",\"url\":\"https:\/\/www.welovecycling.com\/pl\/\",\"name\":\"\u0160koda We Love Cycling - Poland\",\"description\":\"\",\"potentialAction\":[{\"@type\":\"SearchAction\",\"target\":{\"@type\":\"EntryPoint\",\"urlTemplate\":\"https:\/\/www.welovecycling.com\/pl\/?s={search_term_string}\"},\"query-input\":{\"@type\":\"PropertyValueSpecification\",\"valueRequired\":true,\"valueName\":\"search_term_string\"}}],\"inLanguage\":\"pl-PL\"},{\"@type\":\"Person\",\"@id\":\"https:\/\/www.welovecycling.com\/pl\/#\/schema\/person\/4a79bac7bd265aa6a35a1079d36648be\",\"name\":\"oktawiamikulska\",\"image\":{\"@type\":\"ImageObject\",\"inLanguage\":\"pl-PL\",\"@id\":\"https:\/\/www.welovecycling.com\/pl\/#\/schema\/person\/image\/\",\"url\":\"https:\/\/secure.gravatar.com\/avatar\/b97a3f44e2de6d2f8dd358975937e49823662e12cbd810b9d1a2bff1c149e8a7?s=96&d=mm&r=g\",\"contentUrl\":\"https:\/\/secure.gravatar.com\/avatar\/b97a3f44e2de6d2f8dd358975937e49823662e12cbd810b9d1a2bff1c149e8a7?s=96&d=mm&r=g\",\"caption\":\"oktawiamikulska\"},\"url\":\"https:\/\/www.welovecycling.com\/pl\/author\/oktawiamikulska\/\"}]}<\/script>\n<!-- \/ Yoast SEO Premium plugin. -->","yoast_head_json":{"title":"Panie na start! To ma by\u0107 ostatni taki sezon\u2026 - \u0160koda We Love Cycling - Poland","description":"Du\u017cymi krokami zbli\u017ca si\u0119 UCI World Tour kobiet. W tym roku panie czekaj\u0105 tak\u017ce dwie inne wa\u017cne imprezy, ale wszyscy ostrz\u0105 sobie z\u0119by na przysz\u0142y sezon, gdy po raz pierwszy ma si\u0119 odby\u0107 Tour de France kobiet z prawdziwego zdarzenia.","robots":{"index":"index","follow":"follow","max-snippet":"max-snippet:-1","max-image-preview":"max-image-preview:large","max-video-preview":"max-video-preview:-1"},"canonical":"https:\/\/www.welovecycling.com\/pl\/2021\/01\/27\/panie-na-start-to-ma-byc-ostatni-taki-sezon\/","og_locale":"pl_PL","og_type":"article","og_title":"Panie na start! To ma by\u0107 ostatni taki sezon\u2026","og_description":"Du\u017cymi krokami zbli\u017ca si\u0119 UCI World Tour kobiet. W tym roku panie czekaj\u0105 tak\u017ce dwie inne wa\u017cne imprezy, ale wszyscy ostrz\u0105 sobie z\u0119by na przysz\u0142y sezon, gdy po raz pierwszy ma si\u0119 odby\u0107 Tour de France kobiet z prawdziwego zdarzenia.","og_url":"https:\/\/www.welovecycling.com\/pl\/2021\/01\/27\/panie-na-start-to-ma-byc-ostatni-taki-sezon\/","og_site_name":"\u0160koda We Love Cycling - Poland","article_published_time":"2021-01-27T14:46:46+00:00","og_image":[{"width":1024,"height":450,"url":"https:\/\/d2p6e6u75xmxt8.cloudfront.net\/5\/2021\/01\/Kristin-Armstrong-profimedia-0296657592-CVR-1024x450-1.jpg","type":"image\/jpeg"}],"author":"oktawiamikulska","twitter_card":"summary_large_image","twitter_misc":{"Written by":"Piotr Jawor","Est. reading time":"3 minutes"},"schema":{"@context":"https:\/\/schema.org","@graph":[{"@type":"WebPage","@id":"https:\/\/www.welovecycling.com\/pl\/2021\/01\/27\/panie-na-start-to-ma-byc-ostatni-taki-sezon\/","url":"https:\/\/www.welovecycling.com\/pl\/2021\/01\/27\/panie-na-start-to-ma-byc-ostatni-taki-sezon\/","name":"Panie na start! To ma by\u0107 ostatni taki sezon\u2026 - \u0160koda We Love Cycling - Poland","isPartOf":{"@id":"https:\/\/www.welovecycling.com\/pl\/#website"},"primaryImageOfPage":{"@id":"https:\/\/www.welovecycling.com\/pl\/2021\/01\/27\/panie-na-start-to-ma-byc-ostatni-taki-sezon\/#primaryimage"},"image":{"@id":"https:\/\/www.welovecycling.com\/pl\/2021\/01\/27\/panie-na-start-to-ma-byc-ostatni-taki-sezon\/#primaryimage"},"thumbnailUrl":"https:\/\/d2p6e6u75xmxt8.cloudfront.net\/5\/2021\/01\/Kristin-Armstrong-profimedia-0296657592-CVR-1024x450-1.jpg","datePublished":"2021-01-27T14:46:46+00:00","author":{"@id":"https:\/\/www.welovecycling.com\/pl\/#\/schema\/person\/4a79bac7bd265aa6a35a1079d36648be"},"description":"Du\u017cymi krokami zbli\u017ca si\u0119 UCI World Tour kobiet. W tym roku panie czekaj\u0105 tak\u017ce dwie inne wa\u017cne imprezy, ale wszyscy ostrz\u0105 sobie z\u0119by na przysz\u0142y sezon, gdy po raz pierwszy ma si\u0119 odby\u0107 Tour de France kobiet z prawdziwego zdarzenia.","breadcrumb":{"@id":"https:\/\/www.welovecycling.com\/pl\/2021\/01\/27\/panie-na-start-to-ma-byc-ostatni-taki-sezon\/#breadcrumb"},"inLanguage":"pl-PL","potentialAction":[{"@type":"ReadAction","target":["https:\/\/www.welovecycling.com\/pl\/2021\/01\/27\/panie-na-start-to-ma-byc-ostatni-taki-sezon\/"]}]},{"@type":"ImageObject","inLanguage":"pl-PL","@id":"https:\/\/www.welovecycling.com\/pl\/2021\/01\/27\/panie-na-start-to-ma-byc-ostatni-taki-sezon\/#primaryimage","url":"https:\/\/d2p6e6u75xmxt8.cloudfront.net\/5\/2021\/01\/Kristin-Armstrong-profimedia-0296657592-CVR-1024x450-1.jpg","contentUrl":"https:\/\/d2p6e6u75xmxt8.cloudfront.net\/5\/2021\/01\/Kristin-Armstrong-profimedia-0296657592-CVR-1024x450-1.jpg","width":1024,"height":450},{"@type":"BreadcrumbList","@id":"https:\/\/www.welovecycling.com\/pl\/2021\/01\/27\/panie-na-start-to-ma-byc-ostatni-taki-sezon\/#breadcrumb","itemListElement":[{"@type":"ListItem","position":1,"name":"Home","item":"https:\/\/www.welovecycling.com\/pl\/"},{"@type":"ListItem","position":2,"name":"Panie na start! To ma by\u0107 ostatni taki sezon\u2026"}]},{"@type":"WebSite","@id":"https:\/\/www.welovecycling.com\/pl\/#website","url":"https:\/\/www.welovecycling.com\/pl\/","name":"\u0160koda We Love Cycling - Poland","description":"","potentialAction":[{"@type":"SearchAction","target":{"@type":"EntryPoint","urlTemplate":"https:\/\/www.welovecycling.com\/pl\/?s={search_term_string}"},"query-input":{"@type":"PropertyValueSpecification","valueRequired":true,"valueName":"search_term_string"}}],"inLanguage":"pl-PL"},{"@type":"Person","@id":"https:\/\/www.welovecycling.com\/pl\/#\/schema\/person\/4a79bac7bd265aa6a35a1079d36648be","name":"oktawiamikulska","image":{"@type":"ImageObject","inLanguage":"pl-PL","@id":"https:\/\/www.welovecycling.com\/pl\/#\/schema\/person\/image\/","url":"https:\/\/secure.gravatar.com\/avatar\/b97a3f44e2de6d2f8dd358975937e49823662e12cbd810b9d1a2bff1c149e8a7?s=96&d=mm&r=g","contentUrl":"https:\/\/secure.gravatar.com\/avatar\/b97a3f44e2de6d2f8dd358975937e49823662e12cbd810b9d1a2bff1c149e8a7?s=96&d=mm&r=g","caption":"oktawiamikulska"},"url":"https:\/\/www.welovecycling.com\/pl\/author\/oktawiamikulska\/"}]}},"_links":{"self":[{"href":"https:\/\/www.welovecycling.com\/pl\/wp-json\/wp\/v2\/posts\/11449","targetHints":{"allow":["GET"]}}],"collection":[{"href":"https:\/\/www.welovecycling.com\/pl\/wp-json\/wp\/v2\/posts"}],"about":[{"href":"https:\/\/www.welovecycling.com\/pl\/wp-json\/wp\/v2\/types\/post"}],"author":[{"embeddable":true,"href":"https:\/\/www.welovecycling.com\/pl\/wp-json\/wp\/v2\/users\/125"}],"replies":[{"embeddable":true,"href":"https:\/\/www.welovecycling.com\/pl\/wp-json\/wp\/v2\/comments?post=11449"}],"version-history":[{"count":1,"href":"https:\/\/www.welovecycling.com\/pl\/wp-json\/wp\/v2\/posts\/11449\/revisions"}],"predecessor-version":[{"id":11454,"href":"https:\/\/www.welovecycling.com\/pl\/wp-json\/wp\/v2\/posts\/11449\/revisions\/11454"}],"wp:featuredmedia":[{"embeddable":true,"href":"https:\/\/www.welovecycling.com\/pl\/wp-json\/wp\/v2\/media\/11453"}],"wp:attachment":[{"href":"https:\/\/www.welovecycling.com\/pl\/wp-json\/wp\/v2\/media?parent=11449"}],"wp:term":[{"taxonomy":"category","embeddable":true,"href":"https:\/\/www.welovecycling.com\/pl\/wp-json\/wp\/v2\/categories?post=11449"},{"taxonomy":"post_tag","embeddable":true,"href":"https:\/\/www.welovecycling.com\/pl\/wp-json\/wp\/v2\/tags?post=11449"},{"taxonomy":"global-categories","embeddable":true,"href":"https:\/\/www.welovecycling.com\/pl\/wp-json\/wp\/v2\/global-categories?post=11449"}],"curies":[{"name":"wp","href":"https:\/\/api.w.org\/{rel}","templated":true}]}}