{"id":11432,"date":"2021-01-20T12:30:58","date_gmt":"2021-01-20T12:30:58","guid":{"rendered":"https:\/\/www.welovecycling.com\/pl\/?p=11432"},"modified":"2021-01-21T14:34:27","modified_gmt":"2021-01-21T14:34:27","slug":"niezbednik-fana-kolarstwa-tego-nie-mozecie-przegapic","status":"publish","type":"post","link":"https:\/\/www.welovecycling.com\/pl\/2021\/01\/20\/niezbednik-fana-kolarstwa-tego-nie-mozecie-przegapic\/","title":{"rendered":"Niezb\u0119dnik fana kolarstwa. Tego nie mo\u017cecie przegapi\u0107!"},"content":{"rendered":"<p><strong>Wierny kibic, to przygotowany kibic. Zach\u0119camy wi\u0119c do wzi\u0119cia kalendarze w d\u0142o\u0144 i zaznaczenia najwa\u017cniejszych wy\u015bcig\u00f3w w 2021 roku. Kiedy i gdzie si\u0119 odb\u0119d\u0105? Wszystko znajdziecie poni\u017cej.<\/strong><\/p>\n<p>Nie zacz\u0119\u0142o si\u0119 dobrze, bo dwie pierwsze imprezy z cyklu UCI World Tour 2021 odwo\u0142ano z powodu pandemii. Ucierpieli na tym kibice w Australii, poniewa\u017c to tam co roku rozgrywany by\u0142 Tour Down Under i Cadel Evans Great Ocean Road Race. Niestety, w 2021 r. imprezy przegra\u0142y z koronawirusem.<\/p>\n<p>Na razie na szcz\u0119\u015bcie nie ma \u017cadnych informacji, by zagro\u017cony by\u0142 kolejny wy\u015bcig \u2013 UAE Tour w Emiratach Arabskich. Co prawda ta impreza nigdy nie cieszy\u0142a si\u0119 przesadnym zainteresowaniem kibic\u00f3w, ale dla zawodnik\u00f3w mo\u017ce by\u0107 niez\u0142\u0105 rozgrzewk\u0105 po kilku miesi\u0105cach bez rywalizacji. Ten wy\u015bcig zaplanowany jest w dniach 21-27 lutego. Na 27 lutego wyznaczono te\u017c jednodniowy belgijski wy\u015bcig Omloop Het Nieuwsblad.<\/p>\n<h2><strong>Kolarze nabieraj\u0105 rozp\u0119du<\/strong><\/h2>\n<p>Tradycyjnie peleton mocniej zacznie si\u0119 kr\u0119ci\u0107 w marcu, a prawdziw\u0105 gratk\u0119 b\u0119d\u0105 mieli kibice w po\u0142udniowej Europie. Jednodniowe w\u0142oskie wy\u015bcigi Strade Bianche (6 marca) czy Mediolan \u2013 San Remo (20 marca), zostan\u0105 przedzielone etapowymi wy\u015bcigami Pary\u017c \u2013 Nicea (7 \u2013 14 marca) oraz Tirreno &#8211; Adriatico (10 \u2013 16 marca).<\/p>\n<p>P\u00f3\u017aniej do g\u0142osu dojd\u0105 wy\u015bcigi w Belgii. Pod znakiem jednodniowej rywalizacji znajdzie si\u0119 r\u00f3wnie\u017c kwiecie\u0144, kiedy to zawodnicy zmierz\u0105 si\u0119 w jednym z najs\u0142ynniejszych klasycznych wy\u015bcig\u00f3w, czyli Pary\u017c -Roubaix (11 kwietnia). A tak\u017ce najstarszym jednodniowym wy\u015bcigu \u015bwiata: Liege \u2013 Bastogne &#8211; Liege (25 kwietnia), kt\u00f3ry odbywa si\u0119 od 1892 r.<\/p>\n<p>Po tych zawodach zawodnicy tempem sprinter\u00f3w wjad\u0105 w najbardziej emocjonuj\u0105c\u0105 cz\u0119\u015b\u0107 sezonu, bo ju\u017c 8 maja zacznie si\u0119 Giro d\u2019Italia, kt\u00f3re potrwa do 30 maja. Tego dnia rozpocznie si\u0119 tak\u017ce generalny sprawdzian przed Tour de France, czyli Criterium du Dauphine (30 maja \u2013 6 czerwca).<\/p>\n<figure id=\"attachment_181241\" aria-describedby=\"caption-attachment-181241\" style=\"width: 1024px\" class=\"wp-caption alignnone\"><img loading=\"lazy\" decoding=\"async\" class=\"loading wp-image-181241 size-large\" src=\"https:\/\/d2p6e6u75xmxt8.cloudfront.net\/2\/2021\/01\/Jumbo-Visma-bicycles-profimedia-0583993476-1024x682.jpg\" sizes=\"auto, (max-width: 1024px) 100vw, 1024px\" srcset=\"https:\/\/d2p6e6u75xmxt8.cloudfront.net\/2\/2021\/01\/Jumbo-Visma-bicycles-profimedia-0583993476-1024x682.jpg 1024w, https:\/\/d2p6e6u75xmxt8.cloudfront.net\/2\/2021\/01\/Jumbo-Visma-bicycles-profimedia-0583993476-300x200.jpg 300w, https:\/\/d2p6e6u75xmxt8.cloudfront.net\/2\/2021\/01\/Jumbo-Visma-bicycles-profimedia-0583993476-768x512.jpg 768w, https:\/\/d2p6e6u75xmxt8.cloudfront.net\/2\/2021\/01\/Jumbo-Visma-bicycles-profimedia-0583993476-272x182.jpg 272w, https:\/\/d2p6e6u75xmxt8.cloudfront.net\/2\/2021\/01\/Jumbo-Visma-bicycles-profimedia-0583993476.jpg 1250w\" alt=\"Jumbo-Visma bicycles\" width=\"1024\" height=\"682\" data-was-processed=\"true\" \/><figcaption id=\"caption-attachment-181241\" class=\"wp-caption-text\">Team Jumbo-Visma moves to Cerv\u00e9lo. \u00a9 Profimedia<\/figcaption><\/figure>\n<h2><strong>Kolarski deser<\/strong><\/h2>\n<p>Wisienka na corocznym kolarskim torcie, czyli Wielka P\u0119tla, w 2021 r. wystartuje 26 czerwca z Bretanii i po 21 etapach oraz 3383 km zamelduje si\u0119 18 lipca w Pary\u017cu. Wiadomo ju\u017c, \u017ce w Tour de France pojedzie m.in. ubieg\u0142oroczny zwyci\u0119zca Tadej Pogacar (UAE Team Emirates), a jego pomocnikiem b\u0119dzie Rafa\u0142 Majka.<\/p>\n<p>T\u0119 informacj\u0119 og\u0142oszono na niedawnej konferencji prasowej, a polscy kibice od razu zacz\u0119li zastanawia\u0107 si\u0119, czy po morderczej Wielkiej P\u0119tli nasz czo\u0142owy kolarz b\u0119dzie w stanie walczy\u0107 na igrzyskach olimpijskich w Tokio. Rywalizacja kolarzy szosowych przewidziana jest bowiem kilka dni po Tour de France, bo ju\u017c 24, 25 i 28 lipca.<\/p>\n<p>Majka zapewnia jednak, \u017ce jako pomocnik, nie na ka\u017cdym etapie Wielkiej P\u0119tli b\u0119dzie musia\u0142 dawa\u0107 z siebie 100 proc., dzi\u0119ki czemu jest du\u017ca szansa, \u017ce w Japonii b\u0119dzie w wysokiej dyspozycji.<\/p>\n<p>Polak ma pojecha\u0107 r\u00f3wnie\u017c w trzecim z najwi\u0119kszych wy\u015bcig\u00f3w, czyli Vuelta a Espana (14 sierpnia \u2013 5 wrze\u015bnia). To z kolei oznacza, \u017ce polscy kibice raczej nie zobacz\u0105 go podczas Tour de Pologne (9 \u2013 15 sierpnia).<\/p>\n<div class=\"embed-controller-wrapper\">\n<blockquote class=\"twitter-tweet\" data-width=\"500\" data-dnt=\"true\">\n<p lang=\"en\" dir=\"ltr\">\ud83d\udd14 ANNOUNCEMENT \ud83d\udd14<\/p>\n<p>Team Qhubeka ASSOS is excited to present its UCI continental feeder team, which will race as Team Qhubeka in 2021! <\/p>\n<p>\ud83c\uddff\ud83c\udde6 \ud83c\uddea\ud83c\uddf7 \ud83c\uddea\ud83c\uddf9 \ud83c\uddf7\ud83c\uddfc \ud83c\uddee\ud83c\uddf9 \ud83c\uddf3\ud83c\uddff<\/p>\n<p>Full Squad: <a href=\"https:\/\/t.co\/4gYwgmLPjX\">https:\/\/t.co\/4gYwgmLPjX<\/a><a href=\"https:\/\/twitter.com\/hashtag\/BicyclesChangeLives?src=hash&amp;ref_src=twsrc%5Etfw\">#BicyclesChangeLives<\/a> \ud83d\udd90\ufe0f <a href=\"https:\/\/t.co\/SKzZWI7UUc\">pic.twitter.com\/SKzZWI7UUc<\/a><\/p>\n<p>&mdash; Q36.5 Pro Cycling Team (@Q36_5ProCycling) <a href=\"https:\/\/twitter.com\/Q36_5ProCycling\/status\/1334754342000353280?ref_src=twsrc%5Etfw\">December 4, 2020<\/a><\/p><\/blockquote>\n<p><script async data-src=\"https:\/\/platform.twitter.com\/widgets.js\" charset=\"utf-8\"><\/script><\/div>\n<h2><strong>Co poza Europ\u0105?<\/strong><\/h2>\n<p>We wrze\u015bniu zawodnicy wyjad\u0105 poza Stary Kontynent, by \u015bciga\u0107 si\u0119 w Kanadzie (Grand Prix Cycliste de Quebec 10 wrze\u015bnia i Grand Prix Cycliste de Montr\u00e9al 12 wrze\u015bnia), a sezon zako\u0144czy chi\u0144ski wy\u015bcig etapowy Tour of Guangxi (14 \u2013 19 pa\u017adziernika).<\/p>\n<p>W planowaniu kalendarza tegorocznych wy\u015bcig\u00f3w nie mo\u017cna r\u00f3wnie\u017c zapomnie\u0107 o mistrzostwach \u015bwiata, kt\u00f3re zostan\u0105 rozegrane w dniach 19\u201326 wrze\u015bnia w Belgii.<\/p>\n<p>Gotowi? Zaczynamy ju\u017c za miesi\u0105c!<\/p>\n<h2><strong>Kalendarz UCI World Tour 2021:<\/strong><\/h2>\n<p><strong>&gt; <\/strong>21 \u2013 27 lutego &#8211;\u00a0 <strong>UAE Tour<\/strong><\/p>\n<p>&gt; 27 lutego &#8211;\u00a0 <strong>Omloop Het Nieuwsblad Elite\u00a0<\/strong><\/p>\n<p>&gt; 6 marca <strong>&#8211;\u00a0<\/strong> <strong>Strade Bianche<\/strong><\/p>\n<p><strong>&gt; <\/strong>7 \u2013 14 marca &#8211;<strong>Pary\u017c &#8211; Nicea<\/strong><\/p>\n<p>&gt; 10 \u2013 16 marca &#8211; <strong>Tirreno &#8211; Adriatico<\/strong><\/p>\n<p>&gt; 20 marca Mediolan \u2013 <strong>Sanremo<\/strong><\/p>\n<p>&gt; 22 \u2013 28 marca &#8211; <strong>Dooko\u0142a Katalonii<\/strong><\/p>\n<p>&gt; 24 marca &#8211; <strong>AG Driedaagse Brugge &#8211; De Panne<\/strong><\/p>\n<p>&gt; 26 marca &#8211; <strong>E3 Saxo Bank Classic<\/strong><\/p>\n<p>&gt; 28 marca &#8211; <strong>Gent &#8211; Wevelgem<\/strong><\/p>\n<p>&gt; 31 marca &#8211; <strong>Dwars door Vlaanderen<\/strong><\/p>\n<p>&gt; 4 kwietnia &#8211; <strong>Ronde van Vlaanderen<\/strong><\/p>\n<p>&gt; 5 \u2013 10 kwietnia &#8211; <strong>BretaniaVuelta al Pa\u00eds Vasco<\/strong><\/p>\n<p>&gt; 11 kwietnia &#8211; <strong>Pary\u017c &#8211; Roubaix<\/strong><\/p>\n<p>&gt; 18 kwietnia &#8211; <strong>Amstel Gold Race<\/strong><\/p>\n<p>&gt; 21 kwietnia &#8211; <strong>La Fleche Wallonne<\/strong><\/p>\n<p>&gt; 25 kwietnia &#8211;<strong> Liege &#8211; \u00a0Bastogne &#8211; Liege<\/strong><\/p>\n<p>&gt; 1 maja <strong>&#8211; Eschborn Frankfurt<\/strong><\/p>\n<p>&gt;27 kwietnia \u2013 2 maja &#8211;<strong>Tour de Romandie<\/strong><\/p>\n<p>&gt; 8 maja \u2013 30 maja &#8211; <strong>Giro d&#8217;Italia<\/strong><\/p>\n<p>&gt; 30 maja \u2013 6 czerwca &#8211; <strong>Criterium du Dauphine<\/strong><\/p>\n<p>&gt; 6 czerwca \u2013 13 czerwca &#8211; <strong>Tour de Suisse<\/strong><\/p>\n<p>&gt; 26 czerwca \u2013 18 lipca &#8211; <strong>Tour de France<\/strong><\/p>\n<p>&gt; 31 lipca &#8211; <strong>Clasica de San Sebastian<\/strong><\/p>\n<p>&gt; 9 \u2013 15 sierpnia &#8211; <strong>Tour de Pologne<\/strong><\/p>\n<p>&gt; 14 sierpnia \u2013 5 wrze\u015bnia &#8211; <strong>Vuelta a Espana<\/strong><\/p>\n<p>&gt; 22 sierpnia &#8211; <strong>EuroEyes Cyclassics Hamburg<\/strong><\/p>\n<p>&gt; 29 sierpnia &#8211; <strong>Bretagne Classic &#8211; Ouest-France<\/strong><\/p>\n<p>&gt; 30 sierpnia \u2013 5 wrze\u015bnia &#8211; <strong>BinckBank Tour<\/strong><\/p>\n<p>&gt; 10 wrze\u015bnia &#8211; <strong>Grand Prix Cycliste de Quebec<\/strong><\/p>\n<p>&gt; 12 wrze\u015bnia &#8211; <strong>Grand Prix Cycliste de Montreal \u00a0<\/strong><\/p>\n<p>&gt; 9 pa\u017adziernika &#8211; <strong>Giro di Lombardia<\/strong><\/p>\n<p>&gt; 14 \u2013 19 pa\u017adziernika &#8211;<strong>Tour of Guangxi<\/strong><\/p>\n<p>&nbsp;<\/p>\n","protected":false},"excerpt":{"rendered":"<p>Wierny kibic, to przygotowany kibic. Zach\u0119camy wi\u0119c do wzi\u0119cia kalendarze w d\u0142o\u0144 i zaznaczenia najwa\u017cniejszych wy\u015bcig\u00f3w w 2021 roku. Kiedy [&hellip;]<\/p>\n","protected":false},"author":125,"featured_media":11434,"comment_status":"open","ping_status":"open","sticky":false,"template":"","format":"standard","meta":{"footnotes":""},"categories":[6,1],"tags":[],"global-categories":[303],"class_list":["post-11432","post","type-post","status-publish","format-standard","has-post-thumbnail","hentry","category-kolarstwo-szosowe","category-uncategorized","global-categories-cycling"],"yoast_head":"<!-- This site is optimized with the Yoast SEO Premium plugin v25.3 (Yoast SEO v25.9) - https:\/\/yoast.com\/wordpress\/plugins\/seo\/ -->\n<title>Niezb\u0119dnik fana kolarstwa. Tego nie mo\u017cecie przegapi\u0107! - \u0160koda We Love Cycling - Poland<\/title>\n<meta name=\"description\" content=\"Wierny kibic, to przygotowany kibic. Zach\u0119camy wi\u0119c do wzi\u0119cia kalendarze w d\u0142o\u0144 i zaznaczenia najwa\u017cniejszych wy\u015bcig\u00f3w w 2021 roku. Kiedy i gdzie si\u0119 odb\u0119d\u0105? Wszystko znajdziecie poni\u017cej.\" \/>\n<meta name=\"robots\" content=\"index, follow, max-snippet:-1, max-image-preview:large, max-video-preview:-1\" \/>\n<link rel=\"canonical\" href=\"https:\/\/www.welovecycling.com\/pl\/2021\/01\/20\/niezbednik-fana-kolarstwa-tego-nie-mozecie-przegapic\/\" \/>\n<meta property=\"og:locale\" content=\"pl_PL\" \/>\n<meta property=\"og:type\" content=\"article\" \/>\n<meta property=\"og:title\" content=\"Niezb\u0119dnik fana kolarstwa. Tego nie mo\u017cecie przegapi\u0107!\" \/>\n<meta property=\"og:description\" content=\"Wierny kibic, to przygotowany kibic. Zach\u0119camy wi\u0119c do wzi\u0119cia kalendarze w d\u0142o\u0144 i zaznaczenia najwa\u017cniejszych wy\u015bcig\u00f3w w 2021 roku. Kiedy i gdzie si\u0119 odb\u0119d\u0105? Wszystko znajdziecie poni\u017cej.\" \/>\n<meta property=\"og:url\" content=\"https:\/\/www.welovecycling.com\/pl\/2021\/01\/20\/niezbednik-fana-kolarstwa-tego-nie-mozecie-przegapic\/\" \/>\n<meta property=\"og:site_name\" content=\"\u0160koda We Love Cycling - Poland\" \/>\n<meta property=\"article:published_time\" content=\"2021-01-20T12:30:58+00:00\" \/>\n<meta property=\"article:modified_time\" content=\"2021-01-21T14:34:27+00:00\" \/>\n<meta property=\"og:image\" content=\"https:\/\/d2p6e6u75xmxt8.cloudfront.net\/5\/2021\/01\/Tour-de-France-peloton-profimedia-0558935701-CVR-1024x450-1.jpg\" \/>\n\t<meta property=\"og:image:width\" content=\"1024\" \/>\n\t<meta property=\"og:image:height\" content=\"450\" \/>\n\t<meta property=\"og:image:type\" content=\"image\/jpeg\" \/>\n<meta name=\"author\" content=\"oktawiamikulska\" \/>\n<meta name=\"twitter:card\" content=\"summary_large_image\" \/>\n<meta name=\"twitter:label1\" content=\"Written by\" \/>\n\t<meta name=\"twitter:data1\" content=\"Piotr Jawor\" \/>\n\t<meta name=\"twitter:label2\" content=\"Est. reading time\" \/>\n\t<meta name=\"twitter:data2\" content=\"4 minutes\" \/>\n<script type=\"application\/ld+json\" class=\"yoast-schema-graph\">{\"@context\":\"https:\/\/schema.org\",\"@graph\":[{\"@type\":\"WebPage\",\"@id\":\"https:\/\/www.welovecycling.com\/pl\/2021\/01\/20\/niezbednik-fana-kolarstwa-tego-nie-mozecie-przegapic\/\",\"url\":\"https:\/\/www.welovecycling.com\/pl\/2021\/01\/20\/niezbednik-fana-kolarstwa-tego-nie-mozecie-przegapic\/\",\"name\":\"Niezb\u0119dnik fana kolarstwa. Tego nie mo\u017cecie przegapi\u0107! - \u0160koda We Love Cycling - Poland\",\"isPartOf\":{\"@id\":\"https:\/\/www.welovecycling.com\/pl\/#website\"},\"primaryImageOfPage\":{\"@id\":\"https:\/\/www.welovecycling.com\/pl\/2021\/01\/20\/niezbednik-fana-kolarstwa-tego-nie-mozecie-przegapic\/#primaryimage\"},\"image\":{\"@id\":\"https:\/\/www.welovecycling.com\/pl\/2021\/01\/20\/niezbednik-fana-kolarstwa-tego-nie-mozecie-przegapic\/#primaryimage\"},\"thumbnailUrl\":\"https:\/\/d2p6e6u75xmxt8.cloudfront.net\/5\/2021\/01\/Tour-de-France-peloton-profimedia-0558935701-CVR-1024x450-1.jpg\",\"datePublished\":\"2021-01-20T12:30:58+00:00\",\"dateModified\":\"2021-01-21T14:34:27+00:00\",\"author\":{\"@id\":\"https:\/\/www.welovecycling.com\/pl\/#\/schema\/person\/4a79bac7bd265aa6a35a1079d36648be\"},\"description\":\"Wierny kibic, to przygotowany kibic. Zach\u0119camy wi\u0119c do wzi\u0119cia kalendarze w d\u0142o\u0144 i zaznaczenia najwa\u017cniejszych wy\u015bcig\u00f3w w 2021 roku. Kiedy i gdzie si\u0119 odb\u0119d\u0105? Wszystko znajdziecie poni\u017cej.\",\"breadcrumb\":{\"@id\":\"https:\/\/www.welovecycling.com\/pl\/2021\/01\/20\/niezbednik-fana-kolarstwa-tego-nie-mozecie-przegapic\/#breadcrumb\"},\"inLanguage\":\"pl-PL\",\"potentialAction\":[{\"@type\":\"ReadAction\",\"target\":[\"https:\/\/www.welovecycling.com\/pl\/2021\/01\/20\/niezbednik-fana-kolarstwa-tego-nie-mozecie-przegapic\/\"]}]},{\"@type\":\"ImageObject\",\"inLanguage\":\"pl-PL\",\"@id\":\"https:\/\/www.welovecycling.com\/pl\/2021\/01\/20\/niezbednik-fana-kolarstwa-tego-nie-mozecie-przegapic\/#primaryimage\",\"url\":\"https:\/\/d2p6e6u75xmxt8.cloudfront.net\/5\/2021\/01\/Tour-de-France-peloton-profimedia-0558935701-CVR-1024x450-1.jpg\",\"contentUrl\":\"https:\/\/d2p6e6u75xmxt8.cloudfront.net\/5\/2021\/01\/Tour-de-France-peloton-profimedia-0558935701-CVR-1024x450-1.jpg\",\"width\":1024,\"height\":450},{\"@type\":\"BreadcrumbList\",\"@id\":\"https:\/\/www.welovecycling.com\/pl\/2021\/01\/20\/niezbednik-fana-kolarstwa-tego-nie-mozecie-przegapic\/#breadcrumb\",\"itemListElement\":[{\"@type\":\"ListItem\",\"position\":1,\"name\":\"Home\",\"item\":\"https:\/\/www.welovecycling.com\/pl\/\"},{\"@type\":\"ListItem\",\"position\":2,\"name\":\"Niezb\u0119dnik fana kolarstwa. Tego nie mo\u017cecie przegapi\u0107!\"}]},{\"@type\":\"WebSite\",\"@id\":\"https:\/\/www.welovecycling.com\/pl\/#website\",\"url\":\"https:\/\/www.welovecycling.com\/pl\/\",\"name\":\"\u0160koda We Love Cycling - Poland\",\"description\":\"\",\"potentialAction\":[{\"@type\":\"SearchAction\",\"target\":{\"@type\":\"EntryPoint\",\"urlTemplate\":\"https:\/\/www.welovecycling.com\/pl\/?s={search_term_string}\"},\"query-input\":{\"@type\":\"PropertyValueSpecification\",\"valueRequired\":true,\"valueName\":\"search_term_string\"}}],\"inLanguage\":\"pl-PL\"},{\"@type\":\"Person\",\"@id\":\"https:\/\/www.welovecycling.com\/pl\/#\/schema\/person\/4a79bac7bd265aa6a35a1079d36648be\",\"name\":\"oktawiamikulska\",\"image\":{\"@type\":\"ImageObject\",\"inLanguage\":\"pl-PL\",\"@id\":\"https:\/\/www.welovecycling.com\/pl\/#\/schema\/person\/image\/\",\"url\":\"https:\/\/secure.gravatar.com\/avatar\/b97a3f44e2de6d2f8dd358975937e49823662e12cbd810b9d1a2bff1c149e8a7?s=96&d=mm&r=g\",\"contentUrl\":\"https:\/\/secure.gravatar.com\/avatar\/b97a3f44e2de6d2f8dd358975937e49823662e12cbd810b9d1a2bff1c149e8a7?s=96&d=mm&r=g\",\"caption\":\"oktawiamikulska\"},\"url\":\"https:\/\/www.welovecycling.com\/pl\/author\/oktawiamikulska\/\"}]}<\/script>\n<!-- \/ Yoast SEO Premium plugin. -->","yoast_head_json":{"title":"Niezb\u0119dnik fana kolarstwa. Tego nie mo\u017cecie przegapi\u0107! - \u0160koda We Love Cycling - Poland","description":"Wierny kibic, to przygotowany kibic. Zach\u0119camy wi\u0119c do wzi\u0119cia kalendarze w d\u0142o\u0144 i zaznaczenia najwa\u017cniejszych wy\u015bcig\u00f3w w 2021 roku. Kiedy i gdzie si\u0119 odb\u0119d\u0105? Wszystko znajdziecie poni\u017cej.","robots":{"index":"index","follow":"follow","max-snippet":"max-snippet:-1","max-image-preview":"max-image-preview:large","max-video-preview":"max-video-preview:-1"},"canonical":"https:\/\/www.welovecycling.com\/pl\/2021\/01\/20\/niezbednik-fana-kolarstwa-tego-nie-mozecie-przegapic\/","og_locale":"pl_PL","og_type":"article","og_title":"Niezb\u0119dnik fana kolarstwa. Tego nie mo\u017cecie przegapi\u0107!","og_description":"Wierny kibic, to przygotowany kibic. Zach\u0119camy wi\u0119c do wzi\u0119cia kalendarze w d\u0142o\u0144 i zaznaczenia najwa\u017cniejszych wy\u015bcig\u00f3w w 2021 roku. Kiedy i gdzie si\u0119 odb\u0119d\u0105? Wszystko znajdziecie poni\u017cej.","og_url":"https:\/\/www.welovecycling.com\/pl\/2021\/01\/20\/niezbednik-fana-kolarstwa-tego-nie-mozecie-przegapic\/","og_site_name":"\u0160koda We Love Cycling - Poland","article_published_time":"2021-01-20T12:30:58+00:00","article_modified_time":"2021-01-21T14:34:27+00:00","og_image":[{"width":1024,"height":450,"url":"https:\/\/d2p6e6u75xmxt8.cloudfront.net\/5\/2021\/01\/Tour-de-France-peloton-profimedia-0558935701-CVR-1024x450-1.jpg","type":"image\/jpeg"}],"author":"oktawiamikulska","twitter_card":"summary_large_image","twitter_misc":{"Written by":"Piotr Jawor","Est. reading time":"4 minutes"},"schema":{"@context":"https:\/\/schema.org","@graph":[{"@type":"WebPage","@id":"https:\/\/www.welovecycling.com\/pl\/2021\/01\/20\/niezbednik-fana-kolarstwa-tego-nie-mozecie-przegapic\/","url":"https:\/\/www.welovecycling.com\/pl\/2021\/01\/20\/niezbednik-fana-kolarstwa-tego-nie-mozecie-przegapic\/","name":"Niezb\u0119dnik fana kolarstwa. Tego nie mo\u017cecie przegapi\u0107! - \u0160koda We Love Cycling - Poland","isPartOf":{"@id":"https:\/\/www.welovecycling.com\/pl\/#website"},"primaryImageOfPage":{"@id":"https:\/\/www.welovecycling.com\/pl\/2021\/01\/20\/niezbednik-fana-kolarstwa-tego-nie-mozecie-przegapic\/#primaryimage"},"image":{"@id":"https:\/\/www.welovecycling.com\/pl\/2021\/01\/20\/niezbednik-fana-kolarstwa-tego-nie-mozecie-przegapic\/#primaryimage"},"thumbnailUrl":"https:\/\/d2p6e6u75xmxt8.cloudfront.net\/5\/2021\/01\/Tour-de-France-peloton-profimedia-0558935701-CVR-1024x450-1.jpg","datePublished":"2021-01-20T12:30:58+00:00","dateModified":"2021-01-21T14:34:27+00:00","author":{"@id":"https:\/\/www.welovecycling.com\/pl\/#\/schema\/person\/4a79bac7bd265aa6a35a1079d36648be"},"description":"Wierny kibic, to przygotowany kibic. Zach\u0119camy wi\u0119c do wzi\u0119cia kalendarze w d\u0142o\u0144 i zaznaczenia najwa\u017cniejszych wy\u015bcig\u00f3w w 2021 roku. Kiedy i gdzie si\u0119 odb\u0119d\u0105? Wszystko znajdziecie poni\u017cej.","breadcrumb":{"@id":"https:\/\/www.welovecycling.com\/pl\/2021\/01\/20\/niezbednik-fana-kolarstwa-tego-nie-mozecie-przegapic\/#breadcrumb"},"inLanguage":"pl-PL","potentialAction":[{"@type":"ReadAction","target":["https:\/\/www.welovecycling.com\/pl\/2021\/01\/20\/niezbednik-fana-kolarstwa-tego-nie-mozecie-przegapic\/"]}]},{"@type":"ImageObject","inLanguage":"pl-PL","@id":"https:\/\/www.welovecycling.com\/pl\/2021\/01\/20\/niezbednik-fana-kolarstwa-tego-nie-mozecie-przegapic\/#primaryimage","url":"https:\/\/d2p6e6u75xmxt8.cloudfront.net\/5\/2021\/01\/Tour-de-France-peloton-profimedia-0558935701-CVR-1024x450-1.jpg","contentUrl":"https:\/\/d2p6e6u75xmxt8.cloudfront.net\/5\/2021\/01\/Tour-de-France-peloton-profimedia-0558935701-CVR-1024x450-1.jpg","width":1024,"height":450},{"@type":"BreadcrumbList","@id":"https:\/\/www.welovecycling.com\/pl\/2021\/01\/20\/niezbednik-fana-kolarstwa-tego-nie-mozecie-przegapic\/#breadcrumb","itemListElement":[{"@type":"ListItem","position":1,"name":"Home","item":"https:\/\/www.welovecycling.com\/pl\/"},{"@type":"ListItem","position":2,"name":"Niezb\u0119dnik fana kolarstwa. Tego nie mo\u017cecie przegapi\u0107!"}]},{"@type":"WebSite","@id":"https:\/\/www.welovecycling.com\/pl\/#website","url":"https:\/\/www.welovecycling.com\/pl\/","name":"\u0160koda We Love Cycling - Poland","description":"","potentialAction":[{"@type":"SearchAction","target":{"@type":"EntryPoint","urlTemplate":"https:\/\/www.welovecycling.com\/pl\/?s={search_term_string}"},"query-input":{"@type":"PropertyValueSpecification","valueRequired":true,"valueName":"search_term_string"}}],"inLanguage":"pl-PL"},{"@type":"Person","@id":"https:\/\/www.welovecycling.com\/pl\/#\/schema\/person\/4a79bac7bd265aa6a35a1079d36648be","name":"oktawiamikulska","image":{"@type":"ImageObject","inLanguage":"pl-PL","@id":"https:\/\/www.welovecycling.com\/pl\/#\/schema\/person\/image\/","url":"https:\/\/secure.gravatar.com\/avatar\/b97a3f44e2de6d2f8dd358975937e49823662e12cbd810b9d1a2bff1c149e8a7?s=96&d=mm&r=g","contentUrl":"https:\/\/secure.gravatar.com\/avatar\/b97a3f44e2de6d2f8dd358975937e49823662e12cbd810b9d1a2bff1c149e8a7?s=96&d=mm&r=g","caption":"oktawiamikulska"},"url":"https:\/\/www.welovecycling.com\/pl\/author\/oktawiamikulska\/"}]}},"_links":{"self":[{"href":"https:\/\/www.welovecycling.com\/pl\/wp-json\/wp\/v2\/posts\/11432","targetHints":{"allow":["GET"]}}],"collection":[{"href":"https:\/\/www.welovecycling.com\/pl\/wp-json\/wp\/v2\/posts"}],"about":[{"href":"https:\/\/www.welovecycling.com\/pl\/wp-json\/wp\/v2\/types\/post"}],"author":[{"embeddable":true,"href":"https:\/\/www.welovecycling.com\/pl\/wp-json\/wp\/v2\/users\/125"}],"replies":[{"embeddable":true,"href":"https:\/\/www.welovecycling.com\/pl\/wp-json\/wp\/v2\/comments?post=11432"}],"version-history":[{"count":2,"href":"https:\/\/www.welovecycling.com\/pl\/wp-json\/wp\/v2\/posts\/11432\/revisions"}],"predecessor-version":[{"id":11435,"href":"https:\/\/www.welovecycling.com\/pl\/wp-json\/wp\/v2\/posts\/11432\/revisions\/11435"}],"wp:featuredmedia":[{"embeddable":true,"href":"https:\/\/www.welovecycling.com\/pl\/wp-json\/wp\/v2\/media\/11434"}],"wp:attachment":[{"href":"https:\/\/www.welovecycling.com\/pl\/wp-json\/wp\/v2\/media?parent=11432"}],"wp:term":[{"taxonomy":"category","embeddable":true,"href":"https:\/\/www.welovecycling.com\/pl\/wp-json\/wp\/v2\/categories?post=11432"},{"taxonomy":"post_tag","embeddable":true,"href":"https:\/\/www.welovecycling.com\/pl\/wp-json\/wp\/v2\/tags?post=11432"},{"taxonomy":"global-categories","embeddable":true,"href":"https:\/\/www.welovecycling.com\/pl\/wp-json\/wp\/v2\/global-categories?post=11432"}],"curies":[{"name":"wp","href":"https:\/\/api.w.org\/{rel}","templated":true}]}}