{"id":11421,"date":"2021-01-15T11:16:21","date_gmt":"2021-01-15T11:16:21","guid":{"rendered":"https:\/\/www.welovecycling.com\/pl\/?p=11421"},"modified":"2021-01-18T09:55:23","modified_gmt":"2021-01-18T09:55:23","slug":"7-start-upow-rowerowych-ktore-moga-cie-zainteresowac","status":"publish","type":"post","link":"https:\/\/www.welovecycling.com\/pl\/2021\/01\/15\/7-start-upow-rowerowych-ktore-moga-cie-zainteresowac\/","title":{"rendered":"7 start-up\u00f3w rowerowych, kt\u00f3re mog\u0105 Ci\u0119 zainteresowa\u0107"},"content":{"rendered":"<p><strong>Bez wynalazk\u00f3w nie by\u0142oby post\u0119pu w bran\u017cy rowerowej. Podczas gdy niekt\u00f3re pomys\u0142y przechodz\u0105 bez echa, inne okazuj\u0105 si\u0119 na tyle interesuj\u0105ce, \u017ce s\u0105 wcielane w \u017cycie. Poni\u017cej przygotowali\u015bmy ma\u0142y przegl\u0105d interesuj\u0105cych start-up\u00f3w.<\/strong><\/p>\n<h2><strong>Pocket Pedal zmienia peda\u0142y zatrzaskowe w zwyk\u0142e<\/strong><\/h2>\n<p>Czy kiedykolwiek pr\u00f3bowa\u0142e\u015b je\u017adzi\u0107 na peda\u0142ach zatrzaskowych w zwyk\u0142ych butach? Jest to bardzo trudne, a wr\u0119cz niemo\u017cliwe, prawda? Ale nie z <a href=\"https:\/\/pocketpedals.com\/pages\/about-pocket-pedals\"><u>rewolucyjn\u0105 nasadk\u0105<\/u><\/a> Karla Birgira Bj\u00f6rnssona, kt\u00f3ra w ci\u0105gu sekundy zamienia ka\u017cdy wpinany peda\u0142 w peda\u0142 platformowy. Po prostu nak\u0142adasz j\u0105 na oryginalne peda\u0142y i to bez u\u017cycia narz\u0119dzi. Trzymane w kieszeni nasadki s\u0105 gotowe do u\u017cycia, kiedy tylko chcesz.<\/p>\n<div class=\"embed-controller-wrapper\">\n<div class=\"embed-wrapper\"><iframe title=\"Pocket Pedals - Compilation\" width=\"500\" height=\"281\" data-src=\"https:\/\/www.youtube.com\/embed\/4d4glvq-CeM?feature=oembed\" frameborder=\"0\" allow=\"accelerometer; autoplay; clipboard-write; encrypted-media; gyroscope; picture-in-picture; web-share\" referrerpolicy=\"strict-origin-when-cross-origin\" allowfullscreen><\/iframe><\/div>\n<\/div>\n<h2><strong>Calamus ultrabike ostrzega przed zbli\u017caj\u0105cymi si\u0119 samochodami<\/strong><\/h2>\n<p>In\u017cynierowie z berli\u0144skiego start-upu rowerowego Calamus przedstawili zupe\u0142nie now\u0105 klas\u0119 e-rower\u00f3w, kt\u00f3r\u0105 nazwali \u201eultrabike\u201d. Pojazd wygl\u0105da jak statek ze \u201eStar Treka\u201d i ma kilka futurystycznych funkcji. S\u0105 nimi zintegrowany, odporny na warunki atmosferyczne komputer i dotykowy ekran nawigacji. System obs\u0142uguje aplikacje na Androida, kt\u00f3re pomagaj\u0105 kierowcy w przeprowadzaniu <a href=\"https:\/\/calamusbikes.com\/\"><u>autodiagnozy w czasie rzeczywistym<\/u><\/a>. Jest to r\u00f3wnie\u017c pierwszy rower wyposa\u017cony w czujniki ultrad\u017awi\u0119kowe, kt\u00f3re skanuj\u0105 martwe punkty wok\u00f3\u0142 roweru i ostrzegaj\u0105 o pojazdach nadje\u017cd\u017caj\u0105cych z ty\u0142u poprzez wibruj\u0105ce uchwyty. Ramy ultrarower\u00f3w s\u0105 tworzonymi na zam\u00f3wienie pojazdami z kompletnym wewn\u0119trznym okablowaniem. Niezwykle wydajne silniki \u015brodkowe Bafang (750 W) i Boffelli (250 W) zapewniaj\u0105 zasi\u0119g do 80 km na jednym \u0142adowaniu.<\/p>\n<figure id=\"attachment_180790\" aria-describedby=\"caption-attachment-180790\" style=\"width: 1024px\" class=\"wp-caption alignnone\"><img loading=\"lazy\" decoding=\"async\" class=\"loading wp-image-180790 size-large\" src=\"https:\/\/d2p6e6u75xmxt8.cloudfront.net\/2\/2020\/12\/Calamus-profimedia-0475729517-1024x682.jpg\" sizes=\"auto, (max-width: 1024px) 100vw, 1024px\" srcset=\"https:\/\/d2p6e6u75xmxt8.cloudfront.net\/2\/2020\/12\/Calamus-profimedia-0475729517-1024x682.jpg 1024w, https:\/\/d2p6e6u75xmxt8.cloudfront.net\/2\/2020\/12\/Calamus-profimedia-0475729517-300x200.jpg 300w, https:\/\/d2p6e6u75xmxt8.cloudfront.net\/2\/2020\/12\/Calamus-profimedia-0475729517-768x511.jpg 768w, https:\/\/d2p6e6u75xmxt8.cloudfront.net\/2\/2020\/12\/Calamus-profimedia-0475729517-272x182.jpg 272w, https:\/\/d2p6e6u75xmxt8.cloudfront.net\/2\/2020\/12\/Calamus-profimedia-0475729517.jpg 1250w\" alt=\"Calamus\" width=\"1024\" height=\"682\" data-was-processed=\"true\" \/><figcaption id=\"caption-attachment-180790\" class=\"wp-caption-text\">Nowy, zaawansowany e-rower ma zwi\u0119kszy\u0107 bezpiecze\u0144stwo jazdy dzi\u0119ki wbudowanym czujnikom wykrywaj\u0105cym niewidoczny ruch. \u00a9 Calamus Bikes, Profimedia<\/figcaption><\/figure>\n<h2><strong>Convercycle: rower, kt\u00f3ry mo\u017cna \u0142atwo zmieni\u0107 w dostawczy<\/strong><\/h2>\n<p>Czasami wystarczy doda\u0107 troch\u0119 przestrzeni, aby m\u00f3c transportowa\u0107 wi\u0119kszy \u0142adunek. Dzi\u0119ki niemieckiemu Convercycle przekszta\u0142cenie zwyk\u0142ego e-roweru w rower cargo z d\u0142ugim ogonem (i przywr\u00f3cenie go do pierwotnego wygl\u0105du) to kwestia <a href=\"https:\/\/www.convercycle.com\/\"><u>kilku szybkich ruch\u00f3w<\/u><\/a>. Mo\u017cesz dowiedzie\u0107 si\u0119 wi\u0119cej o tym wspania\u0142ym wynalazku z tego wideo.<\/p>\n<p>https:\/\/youtu.be\/e6QAG4u-Kh4<\/p>\n<h2><strong>listNride umo\u017cliwia wypo\u017cyczenie roweru od prywatnych w\u0142a\u015bcicieli<\/strong><\/h2>\n<p>Ekonomiczno\u015b\u0107 wsp\u00f3\u0142dzielenia d\u00f3br jest obecnie w modzie, a bran\u017ca rowerowa nie jest wyj\u0105tkiem. Dzi\u0119ki start-upowi listNride w\u0142a\u015bciciel roweru mo\u017ce <a href=\"https:\/\/www.listnride.com\/\"><u>wypo\u017cycza\u0107<\/u><\/a> sw\u00f3j pojazd ludziom na ca\u0142ym \u015bwiecie. Ka\u017cdy zainteresowany rejestruje si\u0119 na stronie i wypo\u017cycza rower od prywatnych w\u0142a\u015bcicieli. Do wyboru s\u0105 r\u00f3\u017cne rodzaje rower\u00f3w: szosowe, cargo, a nawet elektryczne. Na przyk\u0142ad w Berlinie mo\u017cesz je\u017adzi\u0107 takim wypo\u017cyczonym pojazdem ju\u017c od siedmiu euro dziennie.<\/p>\n<h2><strong>Glafit zamienia pieszych w e-rowerzyst\u00f3w<\/strong><\/h2>\n<p>Glafit GFR <a href=\"https:\/\/glafit.com\/\"><u>przyci\u0105gn\u0105\u0142 nowych u\u017cytkownik\u00f3w<\/u> <\/a>doje\u017cd\u017caj\u0105cych do pracy na dw\u00f3ch k\u00f3\u0142kach. W przeciwie\u0144stwie do skuter\u00f3w Lime pojazdy Glafit przypominaj\u0105 zwyk\u0142e rowery, maj\u0105 tylko nieco ni\u017csze ramy. S\u0105 \u0142atwe do z\u0142o\u017cenia, mo\u017cna je bez problemu wstawi\u0107 do windy lub przewie\u017a\u0107 komunikacj\u0105 miejsk\u0105. Rower ma wbudowany cyfrowy system blokuj\u0105cy po\u0142\u0105czony z aplikacj\u0105 mobiln\u0105, co zapobiega jego kradzie\u017cy. Bateria ma wystarczaj\u0105c\u0105 moc do na\u0142adowania smartfona lub innych urz\u0105dze\u0144.<\/p>\n<div class=\"embed-controller-wrapper\">\n<div class=\"embed-wrapper\"><iframe title=\"glafit GFR-02 PV\" width=\"500\" height=\"281\" data-src=\"https:\/\/www.youtube.com\/embed\/jZ9TtpnDVGY?feature=oembed\" frameborder=\"0\" allow=\"accelerometer; autoplay; clipboard-write; encrypted-media; gyroscope; picture-in-picture; web-share\" referrerpolicy=\"strict-origin-when-cross-origin\" allowfullscreen><\/iframe><\/div>\n<\/div>\n<h2><strong>Truekinetix \u2013 pierwszy zrobotyzowany trena\u017cer treningowy<\/strong><\/h2>\n<p>Po wielu latach bada\u0144 Truekinetix oferuje pierwszy zrobotyzowany rower do treningu w pomieszczeniach, kt\u00f3ry zapewnia<a href=\"https:\/\/truekinetix.com\/\"> <u>prawdziwe wra\u017cenie bycia na \u015bwie\u017cym powietrzu<\/u><\/a>. Trena\u017cer zosta\u0142 opracowany przez by\u0142ego holenderskiego triathlonist\u0119 Basa van Rensa, kt\u00f3ry ulepszy\u0142 i ca\u0142kowicie zmieni\u0142 charakterystyk\u0119 ko\u0142a zamachowego. Najwa\u017cniejsza cz\u0119\u015b\u0107 trena\u017cera zachowuje si\u0119 teraz podobnie jak ko\u0142a prawdziwego roweru, g\u0142\u00f3wnie pod k\u0105tem reakcji na peda\u0142owanie.<\/p>\n<figure id=\"attachment_180794\" aria-describedby=\"caption-attachment-180794\" style=\"width: 1024px\" class=\"wp-caption alignnone\"><img loading=\"lazy\" decoding=\"async\" class=\"loading wp-image-180794 size-large\" src=\"https:\/\/d2p6e6u75xmxt8.cloudfront.net\/2\/2020\/12\/true_kinetics-1024x641.png\" sizes=\"auto, (max-width: 1024px) 100vw, 1024px\" srcset=\"https:\/\/d2p6e6u75xmxt8.cloudfront.net\/2\/2020\/12\/true_kinetics-1024x641.png 1024w, https:\/\/d2p6e6u75xmxt8.cloudfront.net\/2\/2020\/12\/true_kinetics-300x188.png 300w, https:\/\/d2p6e6u75xmxt8.cloudfront.net\/2\/2020\/12\/true_kinetics-768x481.png 768w, https:\/\/d2p6e6u75xmxt8.cloudfront.net\/2\/2020\/12\/true_kinetics-1536x962.png 1536w, https:\/\/d2p6e6u75xmxt8.cloudfront.net\/2\/2020\/12\/true_kinetics.png 1606w\" alt=\"\" width=\"1024\" height=\"641\" data-was-processed=\"true\" \/><figcaption id=\"caption-attachment-180794\" class=\"wp-caption-text\">Truebike zapewnia wra\u017cenia jak na \u015bwie\u017cym powietrzu. \u00a9 Truekinetix<\/figcaption><\/figure>\n<p>[podpis pod zdj\u0119ciem: Truebike zapewnia wra\u017cenia jak na \u015bwie\u017cym powietrzu. \u00a9 Truekinetix]<\/p>\n<h2><strong>Arara o\u015bwietla ko\u0142a bez baterii<\/strong><\/h2>\n<p>Bezpiecze\u0144stwo podczas jazdy po zmroku zmotywowa\u0142o za\u0142o\u017cycieli rowerowego start-upu Arara do opracowania pierwszego montowanego na ko\u0142ach bezbateryjnego systemu o\u015bwietlenia. System wykorzystuje si\u0142\u0119 magnetyczn\u0105 do o\u015bwietlenia ca\u0142ego ko\u0142a, dzi\u0119ki czemu ka\u017cdy kierowca dostrze\u017ce rowerzyst\u0119 na drodze. Do wyboru jest a\u017c <u>s<a href=\"https:\/\/arara.bike\/\">ze\u015b\u0107 r\u00f3\u017cnych kolor\u00f3w \u015bwiat\u0142a<\/a><\/u>. Chcesz wiedzie\u0107, jak to dzia\u0142a? Obejrzyj wideo.<\/p>\n<div class=\"embed-controller-wrapper\">\n<div class=\"embed-wrapper\"><iframe title=\"Arara: The Battery-Free Wheel-Mounted Bike Lights\" width=\"500\" height=\"281\" data-src=\"https:\/\/www.youtube.com\/embed\/lMFNoNjrDJ8?feature=oembed\" frameborder=\"0\" allow=\"accelerometer; autoplay; clipboard-write; encrypted-media; gyroscope; picture-in-picture; web-share\" referrerpolicy=\"strict-origin-when-cross-origin\" allowfullscreen><\/iframe><\/div>\n<\/div>\n<p>A Tobie kt\u00f3ry z tych start-up\u00f3w wydaje si\u0119 najciekawszy i z kt\u00f3rego sam ch\u0119tnie by\u015b skorzysta\u0142?<\/p>\n<p><span data-sheets-value=\"{&quot;1&quot;:2,&quot;2&quot;:&quot;Artyku\u0142 powsta\u0142 we wsp\u00f3\u0142pracy ze skoda-auto.pl&quot;}\" data-sheets-userformat=\"{&quot;2&quot;:1,&quot;3&quot;:{&quot;1&quot;:0}}\" data-sheets-hyperlink=\"http:\/\/www.skoda-auto.pl\/\"><a class=\"in-cell-link\" href=\"http:\/\/www.skoda-auto.pl\/\" target=\"_blank\" rel=\"noopener noreferrer\">Artyku\u0142 powsta\u0142 we wsp\u00f3\u0142pracy ze skoda-auto.pl<\/a><\/span><\/p>\n<p>&nbsp;<\/p>\n<p><a href=\"https:\/\/www.skoda-auto.pl\/modele\/karoq\"><img loading=\"lazy\" decoding=\"async\" class=\"aligncenter wp-image-9609 size-full loading\" src=\"https:\/\/d2p6e6u75xmxt8.cloudfront.net\/5\/2019\/08\/baner_WLC_640x350_4.png\" sizes=\"auto, (max-width: 640px) 100vw, 640px\" srcset=\"https:\/\/d2p6e6u75xmxt8.cloudfront.net\/5\/2019\/08\/baner_WLC_640x350_4.png 640w, https:\/\/d2p6e6u75xmxt8.cloudfront.net\/5\/2019\/08\/baner_WLC_640x350_4-300x164.png 300w\" alt=\"\" width=\"640\" height=\"350\" data-was-processed=\"true\" \/>\u00a0<\/a><\/p>\n<p>&nbsp;<\/p>\n","protected":false},"excerpt":{"rendered":"<p>Bez wynalazk\u00f3w nie by\u0142oby post\u0119pu w bran\u017cy rowerowej. Podczas gdy niekt\u00f3re pomys\u0142y przechodz\u0105 bez echa, inne okazuj\u0105 si\u0119 na tyle [&hellip;]<\/p>\n","protected":false},"author":125,"featured_media":11426,"comment_status":"open","ping_status":"open","sticky":false,"template":"","format":"standard","meta":{"footnotes":""},"categories":[4],"tags":[],"global-categories":[303],"class_list":["post-11421","post","type-post","status-publish","format-standard","has-post-thumbnail","hentry","category-zdrowie-i-trening","global-categories-cycling"],"yoast_head":"<!-- This site is optimized with the Yoast SEO Premium plugin v25.3 (Yoast SEO v25.9) - https:\/\/yoast.com\/wordpress\/plugins\/seo\/ -->\n<title>7 start-up\u00f3w rowerowych, kt\u00f3re mog\u0105 Ci\u0119 zainteresowa\u0107 - \u0160koda We Love Cycling - Poland<\/title>\n<meta name=\"description\" content=\"Bez wynalazk\u00f3w nie by\u0142oby post\u0119pu w bran\u017cy rowerowej. Podczas gdy niekt\u00f3re pomys\u0142y przechodz\u0105 bez echa, inne okazuj\u0105 si\u0119 na tyle interesuj\u0105ce, \u017ce s\u0105 wcielane w \u017cycie. Poni\u017cej przygotowali\u015bmy ma\u0142y przegl\u0105d interesuj\u0105cych start-up\u00f3w.\" \/>\n<meta name=\"robots\" content=\"index, follow, max-snippet:-1, max-image-preview:large, max-video-preview:-1\" \/>\n<link rel=\"canonical\" href=\"https:\/\/www.welovecycling.com\/pl\/2021\/01\/15\/7-start-upow-rowerowych-ktore-moga-cie-zainteresowac\/\" \/>\n<meta property=\"og:locale\" content=\"pl_PL\" \/>\n<meta property=\"og:type\" content=\"article\" \/>\n<meta property=\"og:title\" content=\"7 start-up\u00f3w rowerowych, kt\u00f3re mog\u0105 Ci\u0119 zainteresowa\u0107\" \/>\n<meta property=\"og:description\" content=\"Bez wynalazk\u00f3w nie by\u0142oby post\u0119pu w bran\u017cy rowerowej. Podczas gdy niekt\u00f3re pomys\u0142y przechodz\u0105 bez echa, inne okazuj\u0105 si\u0119 na tyle interesuj\u0105ce, \u017ce s\u0105 wcielane w \u017cycie. Poni\u017cej przygotowali\u015bmy ma\u0142y przegl\u0105d interesuj\u0105cych start-up\u00f3w.\" \/>\n<meta property=\"og:url\" content=\"https:\/\/www.welovecycling.com\/pl\/2021\/01\/15\/7-start-upow-rowerowych-ktore-moga-cie-zainteresowac\/\" \/>\n<meta property=\"og:site_name\" content=\"\u0160koda We Love Cycling - Poland\" \/>\n<meta property=\"article:published_time\" content=\"2021-01-15T11:16:21+00:00\" \/>\n<meta property=\"article:modified_time\" content=\"2021-01-18T09:55:23+00:00\" \/>\n<meta property=\"og:image\" content=\"https:\/\/d2p6e6u75xmxt8.cloudfront.net\/5\/2021\/01\/Arara-bicycle-profimedia-0362024803-CVR-1024x450-1.jpg\" \/>\n\t<meta property=\"og:image:width\" content=\"1024\" \/>\n\t<meta property=\"og:image:height\" content=\"450\" \/>\n\t<meta property=\"og:image:type\" content=\"image\/jpeg\" \/>\n<meta name=\"author\" content=\"oktawiamikulska\" \/>\n<meta name=\"twitter:card\" content=\"summary_large_image\" \/>\n<meta name=\"twitter:label1\" content=\"Written by\" \/>\n\t<meta name=\"twitter:data1\" content=\"Adam Marsal\" \/>\n\t<meta name=\"twitter:label2\" content=\"Est. reading time\" \/>\n\t<meta name=\"twitter:data2\" content=\"4 minutes\" \/>\n<script type=\"application\/ld+json\" class=\"yoast-schema-graph\">{\"@context\":\"https:\/\/schema.org\",\"@graph\":[{\"@type\":\"WebPage\",\"@id\":\"https:\/\/www.welovecycling.com\/pl\/2021\/01\/15\/7-start-upow-rowerowych-ktore-moga-cie-zainteresowac\/\",\"url\":\"https:\/\/www.welovecycling.com\/pl\/2021\/01\/15\/7-start-upow-rowerowych-ktore-moga-cie-zainteresowac\/\",\"name\":\"7 start-up\u00f3w rowerowych, kt\u00f3re mog\u0105 Ci\u0119 zainteresowa\u0107 - \u0160koda We Love Cycling - Poland\",\"isPartOf\":{\"@id\":\"https:\/\/www.welovecycling.com\/pl\/#website\"},\"primaryImageOfPage\":{\"@id\":\"https:\/\/www.welovecycling.com\/pl\/2021\/01\/15\/7-start-upow-rowerowych-ktore-moga-cie-zainteresowac\/#primaryimage\"},\"image\":{\"@id\":\"https:\/\/www.welovecycling.com\/pl\/2021\/01\/15\/7-start-upow-rowerowych-ktore-moga-cie-zainteresowac\/#primaryimage\"},\"thumbnailUrl\":\"https:\/\/d2p6e6u75xmxt8.cloudfront.net\/5\/2021\/01\/Arara-bicycle-profimedia-0362024803-CVR-1024x450-1.jpg\",\"datePublished\":\"2021-01-15T11:16:21+00:00\",\"dateModified\":\"2021-01-18T09:55:23+00:00\",\"author\":{\"@id\":\"https:\/\/www.welovecycling.com\/pl\/#\/schema\/person\/4a79bac7bd265aa6a35a1079d36648be\"},\"description\":\"Bez wynalazk\u00f3w nie by\u0142oby post\u0119pu w bran\u017cy rowerowej. Podczas gdy niekt\u00f3re pomys\u0142y przechodz\u0105 bez echa, inne okazuj\u0105 si\u0119 na tyle interesuj\u0105ce, \u017ce s\u0105 wcielane w \u017cycie. Poni\u017cej przygotowali\u015bmy ma\u0142y przegl\u0105d interesuj\u0105cych start-up\u00f3w.\",\"breadcrumb\":{\"@id\":\"https:\/\/www.welovecycling.com\/pl\/2021\/01\/15\/7-start-upow-rowerowych-ktore-moga-cie-zainteresowac\/#breadcrumb\"},\"inLanguage\":\"pl-PL\",\"potentialAction\":[{\"@type\":\"ReadAction\",\"target\":[\"https:\/\/www.welovecycling.com\/pl\/2021\/01\/15\/7-start-upow-rowerowych-ktore-moga-cie-zainteresowac\/\"]}]},{\"@type\":\"ImageObject\",\"inLanguage\":\"pl-PL\",\"@id\":\"https:\/\/www.welovecycling.com\/pl\/2021\/01\/15\/7-start-upow-rowerowych-ktore-moga-cie-zainteresowac\/#primaryimage\",\"url\":\"https:\/\/d2p6e6u75xmxt8.cloudfront.net\/5\/2021\/01\/Arara-bicycle-profimedia-0362024803-CVR-1024x450-1.jpg\",\"contentUrl\":\"https:\/\/d2p6e6u75xmxt8.cloudfront.net\/5\/2021\/01\/Arara-bicycle-profimedia-0362024803-CVR-1024x450-1.jpg\",\"width\":1024,\"height\":450},{\"@type\":\"BreadcrumbList\",\"@id\":\"https:\/\/www.welovecycling.com\/pl\/2021\/01\/15\/7-start-upow-rowerowych-ktore-moga-cie-zainteresowac\/#breadcrumb\",\"itemListElement\":[{\"@type\":\"ListItem\",\"position\":1,\"name\":\"Home\",\"item\":\"https:\/\/www.welovecycling.com\/pl\/\"},{\"@type\":\"ListItem\",\"position\":2,\"name\":\"7 start-up\u00f3w rowerowych, kt\u00f3re mog\u0105 Ci\u0119 zainteresowa\u0107\"}]},{\"@type\":\"WebSite\",\"@id\":\"https:\/\/www.welovecycling.com\/pl\/#website\",\"url\":\"https:\/\/www.welovecycling.com\/pl\/\",\"name\":\"\u0160koda We Love Cycling - Poland\",\"description\":\"\",\"potentialAction\":[{\"@type\":\"SearchAction\",\"target\":{\"@type\":\"EntryPoint\",\"urlTemplate\":\"https:\/\/www.welovecycling.com\/pl\/?s={search_term_string}\"},\"query-input\":{\"@type\":\"PropertyValueSpecification\",\"valueRequired\":true,\"valueName\":\"search_term_string\"}}],\"inLanguage\":\"pl-PL\"},{\"@type\":\"Person\",\"@id\":\"https:\/\/www.welovecycling.com\/pl\/#\/schema\/person\/4a79bac7bd265aa6a35a1079d36648be\",\"name\":\"oktawiamikulska\",\"image\":{\"@type\":\"ImageObject\",\"inLanguage\":\"pl-PL\",\"@id\":\"https:\/\/www.welovecycling.com\/pl\/#\/schema\/person\/image\/\",\"url\":\"https:\/\/secure.gravatar.com\/avatar\/b97a3f44e2de6d2f8dd358975937e49823662e12cbd810b9d1a2bff1c149e8a7?s=96&d=mm&r=g\",\"contentUrl\":\"https:\/\/secure.gravatar.com\/avatar\/b97a3f44e2de6d2f8dd358975937e49823662e12cbd810b9d1a2bff1c149e8a7?s=96&d=mm&r=g\",\"caption\":\"oktawiamikulska\"},\"url\":\"https:\/\/www.welovecycling.com\/pl\/author\/oktawiamikulska\/\"}]}<\/script>\n<!-- \/ Yoast SEO Premium plugin. -->","yoast_head_json":{"title":"7 start-up\u00f3w rowerowych, kt\u00f3re mog\u0105 Ci\u0119 zainteresowa\u0107 - \u0160koda We Love Cycling - Poland","description":"Bez wynalazk\u00f3w nie by\u0142oby post\u0119pu w bran\u017cy rowerowej. Podczas gdy niekt\u00f3re pomys\u0142y przechodz\u0105 bez echa, inne okazuj\u0105 si\u0119 na tyle interesuj\u0105ce, \u017ce s\u0105 wcielane w \u017cycie. Poni\u017cej przygotowali\u015bmy ma\u0142y przegl\u0105d interesuj\u0105cych start-up\u00f3w.","robots":{"index":"index","follow":"follow","max-snippet":"max-snippet:-1","max-image-preview":"max-image-preview:large","max-video-preview":"max-video-preview:-1"},"canonical":"https:\/\/www.welovecycling.com\/pl\/2021\/01\/15\/7-start-upow-rowerowych-ktore-moga-cie-zainteresowac\/","og_locale":"pl_PL","og_type":"article","og_title":"7 start-up\u00f3w rowerowych, kt\u00f3re mog\u0105 Ci\u0119 zainteresowa\u0107","og_description":"Bez wynalazk\u00f3w nie by\u0142oby post\u0119pu w bran\u017cy rowerowej. Podczas gdy niekt\u00f3re pomys\u0142y przechodz\u0105 bez echa, inne okazuj\u0105 si\u0119 na tyle interesuj\u0105ce, \u017ce s\u0105 wcielane w \u017cycie. Poni\u017cej przygotowali\u015bmy ma\u0142y przegl\u0105d interesuj\u0105cych start-up\u00f3w.","og_url":"https:\/\/www.welovecycling.com\/pl\/2021\/01\/15\/7-start-upow-rowerowych-ktore-moga-cie-zainteresowac\/","og_site_name":"\u0160koda We Love Cycling - Poland","article_published_time":"2021-01-15T11:16:21+00:00","article_modified_time":"2021-01-18T09:55:23+00:00","og_image":[{"width":1024,"height":450,"url":"https:\/\/d2p6e6u75xmxt8.cloudfront.net\/5\/2021\/01\/Arara-bicycle-profimedia-0362024803-CVR-1024x450-1.jpg","type":"image\/jpeg"}],"author":"oktawiamikulska","twitter_card":"summary_large_image","twitter_misc":{"Written by":"Adam Marsal","Est. reading time":"4 minutes"},"schema":{"@context":"https:\/\/schema.org","@graph":[{"@type":"WebPage","@id":"https:\/\/www.welovecycling.com\/pl\/2021\/01\/15\/7-start-upow-rowerowych-ktore-moga-cie-zainteresowac\/","url":"https:\/\/www.welovecycling.com\/pl\/2021\/01\/15\/7-start-upow-rowerowych-ktore-moga-cie-zainteresowac\/","name":"7 start-up\u00f3w rowerowych, kt\u00f3re mog\u0105 Ci\u0119 zainteresowa\u0107 - \u0160koda We Love Cycling - Poland","isPartOf":{"@id":"https:\/\/www.welovecycling.com\/pl\/#website"},"primaryImageOfPage":{"@id":"https:\/\/www.welovecycling.com\/pl\/2021\/01\/15\/7-start-upow-rowerowych-ktore-moga-cie-zainteresowac\/#primaryimage"},"image":{"@id":"https:\/\/www.welovecycling.com\/pl\/2021\/01\/15\/7-start-upow-rowerowych-ktore-moga-cie-zainteresowac\/#primaryimage"},"thumbnailUrl":"https:\/\/d2p6e6u75xmxt8.cloudfront.net\/5\/2021\/01\/Arara-bicycle-profimedia-0362024803-CVR-1024x450-1.jpg","datePublished":"2021-01-15T11:16:21+00:00","dateModified":"2021-01-18T09:55:23+00:00","author":{"@id":"https:\/\/www.welovecycling.com\/pl\/#\/schema\/person\/4a79bac7bd265aa6a35a1079d36648be"},"description":"Bez wynalazk\u00f3w nie by\u0142oby post\u0119pu w bran\u017cy rowerowej. Podczas gdy niekt\u00f3re pomys\u0142y przechodz\u0105 bez echa, inne okazuj\u0105 si\u0119 na tyle interesuj\u0105ce, \u017ce s\u0105 wcielane w \u017cycie. Poni\u017cej przygotowali\u015bmy ma\u0142y przegl\u0105d interesuj\u0105cych start-up\u00f3w.","breadcrumb":{"@id":"https:\/\/www.welovecycling.com\/pl\/2021\/01\/15\/7-start-upow-rowerowych-ktore-moga-cie-zainteresowac\/#breadcrumb"},"inLanguage":"pl-PL","potentialAction":[{"@type":"ReadAction","target":["https:\/\/www.welovecycling.com\/pl\/2021\/01\/15\/7-start-upow-rowerowych-ktore-moga-cie-zainteresowac\/"]}]},{"@type":"ImageObject","inLanguage":"pl-PL","@id":"https:\/\/www.welovecycling.com\/pl\/2021\/01\/15\/7-start-upow-rowerowych-ktore-moga-cie-zainteresowac\/#primaryimage","url":"https:\/\/d2p6e6u75xmxt8.cloudfront.net\/5\/2021\/01\/Arara-bicycle-profimedia-0362024803-CVR-1024x450-1.jpg","contentUrl":"https:\/\/d2p6e6u75xmxt8.cloudfront.net\/5\/2021\/01\/Arara-bicycle-profimedia-0362024803-CVR-1024x450-1.jpg","width":1024,"height":450},{"@type":"BreadcrumbList","@id":"https:\/\/www.welovecycling.com\/pl\/2021\/01\/15\/7-start-upow-rowerowych-ktore-moga-cie-zainteresowac\/#breadcrumb","itemListElement":[{"@type":"ListItem","position":1,"name":"Home","item":"https:\/\/www.welovecycling.com\/pl\/"},{"@type":"ListItem","position":2,"name":"7 start-up\u00f3w rowerowych, kt\u00f3re mog\u0105 Ci\u0119 zainteresowa\u0107"}]},{"@type":"WebSite","@id":"https:\/\/www.welovecycling.com\/pl\/#website","url":"https:\/\/www.welovecycling.com\/pl\/","name":"\u0160koda We Love Cycling - Poland","description":"","potentialAction":[{"@type":"SearchAction","target":{"@type":"EntryPoint","urlTemplate":"https:\/\/www.welovecycling.com\/pl\/?s={search_term_string}"},"query-input":{"@type":"PropertyValueSpecification","valueRequired":true,"valueName":"search_term_string"}}],"inLanguage":"pl-PL"},{"@type":"Person","@id":"https:\/\/www.welovecycling.com\/pl\/#\/schema\/person\/4a79bac7bd265aa6a35a1079d36648be","name":"oktawiamikulska","image":{"@type":"ImageObject","inLanguage":"pl-PL","@id":"https:\/\/www.welovecycling.com\/pl\/#\/schema\/person\/image\/","url":"https:\/\/secure.gravatar.com\/avatar\/b97a3f44e2de6d2f8dd358975937e49823662e12cbd810b9d1a2bff1c149e8a7?s=96&d=mm&r=g","contentUrl":"https:\/\/secure.gravatar.com\/avatar\/b97a3f44e2de6d2f8dd358975937e49823662e12cbd810b9d1a2bff1c149e8a7?s=96&d=mm&r=g","caption":"oktawiamikulska"},"url":"https:\/\/www.welovecycling.com\/pl\/author\/oktawiamikulska\/"}]}},"_links":{"self":[{"href":"https:\/\/www.welovecycling.com\/pl\/wp-json\/wp\/v2\/posts\/11421","targetHints":{"allow":["GET"]}}],"collection":[{"href":"https:\/\/www.welovecycling.com\/pl\/wp-json\/wp\/v2\/posts"}],"about":[{"href":"https:\/\/www.welovecycling.com\/pl\/wp-json\/wp\/v2\/types\/post"}],"author":[{"embeddable":true,"href":"https:\/\/www.welovecycling.com\/pl\/wp-json\/wp\/v2\/users\/125"}],"replies":[{"embeddable":true,"href":"https:\/\/www.welovecycling.com\/pl\/wp-json\/wp\/v2\/comments?post=11421"}],"version-history":[{"count":2,"href":"https:\/\/www.welovecycling.com\/pl\/wp-json\/wp\/v2\/posts\/11421\/revisions"}],"predecessor-version":[{"id":11430,"href":"https:\/\/www.welovecycling.com\/pl\/wp-json\/wp\/v2\/posts\/11421\/revisions\/11430"}],"wp:featuredmedia":[{"embeddable":true,"href":"https:\/\/www.welovecycling.com\/pl\/wp-json\/wp\/v2\/media\/11426"}],"wp:attachment":[{"href":"https:\/\/www.welovecycling.com\/pl\/wp-json\/wp\/v2\/media?parent=11421"}],"wp:term":[{"taxonomy":"category","embeddable":true,"href":"https:\/\/www.welovecycling.com\/pl\/wp-json\/wp\/v2\/categories?post=11421"},{"taxonomy":"post_tag","embeddable":true,"href":"https:\/\/www.welovecycling.com\/pl\/wp-json\/wp\/v2\/tags?post=11421"},{"taxonomy":"global-categories","embeddable":true,"href":"https:\/\/www.welovecycling.com\/pl\/wp-json\/wp\/v2\/global-categories?post=11421"}],"curies":[{"name":"wp","href":"https:\/\/api.w.org\/{rel}","templated":true}]}}