{"id":11413,"date":"2021-01-11T15:28:48","date_gmt":"2021-01-11T15:28:48","guid":{"rendered":"https:\/\/www.welovecycling.com\/pl\/?p=11413"},"modified":"2021-01-11T15:29:27","modified_gmt":"2021-01-11T15:29:27","slug":"dacie-rade-oto-5-kolarskich-postanowien-na-2021-rok","status":"publish","type":"post","link":"https:\/\/www.welovecycling.com\/pl\/2021\/01\/11\/dacie-rade-oto-5-kolarskich-postanowien-na-2021-rok\/","title":{"rendered":"Dacie rad\u0119! Oto 5 kolarskich postanowie\u0144 na 2021 rok"},"content":{"rendered":"<p><strong>Zacz\u0105\u0142 si\u0119 czas noworocznych postanowie\u0144. Jedni rzucaj\u0105 palenie, inni rezygnuj\u0105 ze s\u0142odyczy, a co mo\u017ce zrobi\u0107 kolarz\u2013amator? Poni\u017cej mamy dla Was 5 propozycji. I pami\u0119tajcie \u2013 nie ma z\u0142ych postanowie\u0144, s\u0105 tylko te niedotrzymane!<\/strong><\/p>\n<h2><strong>1. Popraw osi\u0105gi. <\/strong><\/h2>\n<p>Tu poprzeczk\u0119 mo\u017cna zawiesza\u0107 wed\u0142ug w\u0142asnego pomys\u0142u i mo\u017cliwo\u015bci. Dla jednego kolarza w 2021 r. b\u0119dzie liczy\u0142a si\u0119 liczba przejechanych kilometr\u00f3w, dla innego poprawa czasu na d\u0142ugim lub kr\u00f3tkim dystansie, a kto\u015b inny b\u0119dzie zwraca\u0142 uwag\u0119 na pomiar mocy. Wyzwaniem mo\u017ce by\u0107 te\u017c przeje\u017cd\u017canie po 100 km dziennie lub codziennie pokonywanie rowerem 3 km do pracy. Wyb\u00f3r nale\u017cy do Was!<\/p>\n<figure id=\"attachment_181057\" aria-describedby=\"caption-attachment-181057\" style=\"width: 1024px\" class=\"wp-caption alignnone\"><img loading=\"lazy\" decoding=\"async\" class=\"initial loaded wp-image-181057 size-large\" src=\"https:\/\/d2p6e6u75xmxt8.cloudfront.net\/2\/2020\/12\/Cyclists-winter-profimedia-0579145317-1024x660.jpg\" sizes=\"auto, (max-width: 1024px) 100vw, 1024px\" srcset=\"https:\/\/d2p6e6u75xmxt8.cloudfront.net\/2\/2020\/12\/Cyclists-winter-profimedia-0579145317-1024x660.jpg 1024w, https:\/\/d2p6e6u75xmxt8.cloudfront.net\/2\/2020\/12\/Cyclists-winter-profimedia-0579145317-300x193.jpg 300w, https:\/\/d2p6e6u75xmxt8.cloudfront.net\/2\/2020\/12\/Cyclists-winter-profimedia-0579145317-768x495.jpg 768w, https:\/\/d2p6e6u75xmxt8.cloudfront.net\/2\/2020\/12\/Cyclists-winter-profimedia-0579145317.jpg 1250w\" alt=\"Winter cycling\" width=\"1024\" height=\"660\" data-was-processed=\"true\" \/><figcaption id=\"caption-attachment-181057\" class=\"wp-caption-text\">\u00a9 Profimedia<\/figcaption><\/figure>\n<h2><strong>2. Wi\u0119cej teorii. <\/strong><\/h2>\n<p>W kolarstwie jest czasem jak w bajkach \u2013 wygrywa sprytniejszy, a nie silniejszy. Dlatego nawet najbardziej utalentowani i najmocniejsi zawodnicy na \u015bwiecie musz\u0105 szlifowa\u0107 technik\u0119. Mo\u017ce wi\u0119c warto p\u00f3j\u015b\u0107 w ich \u015blady i podszkoli\u0107 si\u0119 z teorii jazdy na rowerze? Szczeg\u00f3lnie, \u017ce w dobie internetu materia\u0142y s\u0105 powszechnie dost\u0119pne. Jazda po p\u0142askim, pod g\u00f3r\u0119, podjazdy \u2013 pami\u0119tajcie, \u017ce w ka\u017cdym elemencie mo\u017cna znacznie udoskonali\u0107 jazd\u0119 i to tak\u017ce mo\u017ce by\u0107 postanowienie na 2021 r.<\/p>\n<h2><strong>3. Nie rezygnuj z trening\u00f3w. <\/strong><\/h2>\n<p>Zimno? Pada? Smog? Szczeg\u00f3lnie w okresie zimowym warunki do jazdy na rowerze mog\u0105 by\u0107 nie do ko\u0144ca sprzyjaj\u0105ce. Dlatego warto postanowi\u0107, \u017ce w takiej sytuacji nie rezygnujemy z treningu, tylko przenosimy go\u2026 nie, nie na jutro, tylko do domu! Wtedy idealnie sprawdzaj\u0105 si\u0119 trena\u017cery, ale je\u015bli nie posiadamy takiego sprz\u0119tu, to mo\u017cna r\u00f3wnie\u017c popracowa\u0107 w inny spos\u00f3b \u2013 zaordynowa\u0107 sobie trening fitness, hiit, zestaw \u0107wicze\u0144 wzmacniaj\u0105cych, czy nawet rozci\u0105gaj\u0105cych. To mo\u017ce by\u0107 naprawd\u0119 ciekawa odskocznia od codziennego treningu na rowerze!<\/p>\n<figure id=\"attachment_181055\" aria-describedby=\"caption-attachment-181055\" style=\"width: 1024px\" class=\"wp-caption alignnone\"><img loading=\"lazy\" decoding=\"async\" class=\"loaded wp-image-181055 size-large\" src=\"https:\/\/d2p6e6u75xmxt8.cloudfront.net\/2\/2020\/12\/Mountain-cycling-profimedia-0579542628-1024x684.jpg\" sizes=\"auto, (max-width: 1024px) 100vw, 1024px\" srcset=\"https:\/\/d2p6e6u75xmxt8.cloudfront.net\/2\/2020\/12\/Mountain-cycling-profimedia-0579542628-1024x684.jpg 1024w, https:\/\/d2p6e6u75xmxt8.cloudfront.net\/2\/2020\/12\/Mountain-cycling-profimedia-0579542628-300x200.jpg 300w, https:\/\/d2p6e6u75xmxt8.cloudfront.net\/2\/2020\/12\/Mountain-cycling-profimedia-0579542628-768x513.jpg 768w, https:\/\/d2p6e6u75xmxt8.cloudfront.net\/2\/2020\/12\/Mountain-cycling-profimedia-0579542628-272x182.jpg 272w, https:\/\/d2p6e6u75xmxt8.cloudfront.net\/2\/2020\/12\/Mountain-cycling-profimedia-0579542628.jpg 1250w\" alt=\"Mountain biking\" width=\"1024\" height=\"684\" data-was-processed=\"true\" \/><figcaption id=\"caption-attachment-181055\" class=\"wp-caption-text\">\u00a9 Profimedia<\/figcaption><\/figure>\n<h2><strong>4. Zainwestuj w sprz\u0119t. <\/strong><\/h2>\n<p>Nie ma roweru, kt\u00f3rego nie da\u0142oby si\u0119 doinwestowa\u0107. Na pewnym etapie zaczyna by\u0107 to ju\u017c jednak do\u015b\u0107 kosztowne. Mo\u017ce wi\u0119c nie warto sili\u0107 si\u0119 na jednorazowy wydatek, tylko w 2021 r. postanowi\u0107, \u017ce co miesi\u0105c b\u0119dziemy odk\u0142adali okre\u015blon\u0105 sum\u0119 pieni\u0119dzy, by pod koniec roku nasz sprz\u0119t wskoczy\u0142 na wy\u017csz\u0105 p\u00f3\u0142k\u0119 pod wzgl\u0119dem jako\u015bci. Satysfakcja wtedy gwarantowana!<\/p>\n<h2><strong>5. \u017byj wi\u0119cej kolarstwem. <\/strong><\/h2>\n<p>Los fana kolarstwa tym r\u00f3\u017cni si\u0119 od kibica siatk\u00f3wki czy pi\u0142ki no\u017cnej, \u017ce na presti\u017cowe wy\u015bcigi czasem musi czeka\u0107 miesi\u0105cami. Oczekiwanie mo\u017cna jednak umili\u0107 sobie, np. ksi\u0105\u017ck\u0105 \u201eTour de France. Etapy, kt\u00f3re przesz\u0142y do historii\u201d, czy powie\u015bci\u0105 \u201eMorderczy wy\u015bcig\u201d, kt\u00f3ra oparta jest na wydarzeniach dziej\u0105cych si\u0119 podczas Wielkiej P\u0119tli. Do tego czasem warto po prostu pobuszowa\u0107 po internecie w poszukiwaniu fragment\u00f3w legendarnych wy\u015bcig\u00f3w, film\u00f3w dokumentalnych lub ciekawych wywiad\u00f3w.<\/p>\n<p><strong>To co, na kt\u00f3re postanowienia Ty si\u0119 zdecydujesz?<\/strong><\/p>\n<p><span data-sheets-value=\"{&quot;1&quot;:2,&quot;2&quot;:&quot;Artyku\u0142 powsta\u0142 we wsp\u00f3\u0142pracy ze skoda-auto.pl&quot;}\" data-sheets-userformat=\"{&quot;2&quot;:1,&quot;3&quot;:{&quot;1&quot;:0}}\" data-sheets-hyperlink=\"http:\/\/www.skoda-auto.pl\/\"><a class=\"in-cell-link\" href=\"http:\/\/www.skoda-auto.pl\/\" target=\"_blank\" rel=\"noopener noreferrer\">Artyku\u0142 powsta\u0142 we wsp\u00f3\u0142pracy ze skoda-auto.pl<\/a><\/span><\/p>\n<p>&nbsp;<\/p>\n<p><a href=\"https:\/\/www.skoda-auto.pl\/modele\/karoq\">\u00a0<\/a><a href=\"https:\/\/www.skoda-auto.pl\/modele\/kodiaq\"><img loading=\"lazy\" decoding=\"async\" class=\"aligncenter wp-image-9607 size-full\" src=\"https:\/\/d2p6e6u75xmxt8.cloudfront.net\/5\/2019\/08\/baner_WLC_640x350_2.png\" alt=\"\" width=\"640\" height=\"350\" srcset=\"https:\/\/d2p6e6u75xmxt8.cloudfront.net\/5\/2019\/08\/baner_WLC_640x350_2.png 640w, https:\/\/d2p6e6u75xmxt8.cloudfront.net\/5\/2019\/08\/baner_WLC_640x350_2-300x164.png 300w\" sizes=\"auto, (max-width: 640px) 100vw, 640px\" \/><\/a><\/p>\n<p>&nbsp;<\/p>\n<p>&nbsp;<\/p>\n","protected":false},"excerpt":{"rendered":"<p>Zacz\u0105\u0142 si\u0119 czas noworocznych postanowie\u0144. Jedni rzucaj\u0105 palenie, inni rezygnuj\u0105 ze s\u0142odyczy, a co mo\u017ce zrobi\u0107 kolarz\u2013amator? Poni\u017cej mamy dla [&hellip;]<\/p>\n","protected":false},"author":125,"featured_media":11414,"comment_status":"open","ping_status":"open","sticky":false,"template":"","format":"standard","meta":{"footnotes":""},"categories":[4],"tags":[],"global-categories":[303],"class_list":["post-11413","post","type-post","status-publish","format-standard","has-post-thumbnail","hentry","category-zdrowie-i-trening","global-categories-cycling"],"yoast_head":"<!-- This site is optimized with the Yoast SEO Premium plugin v25.3 (Yoast SEO v25.9) - https:\/\/yoast.com\/wordpress\/plugins\/seo\/ -->\n<title>Dacie rad\u0119! Oto 5 kolarskich postanowie\u0144 na 2021 rok - \u0160koda We Love Cycling - Poland<\/title>\n<meta name=\"description\" content=\"Zacz\u0105\u0142 si\u0119 czas noworocznych postanowie\u0144. Jedni rzucaj\u0105 palenie, inni rezygnuj\u0105 ze s\u0142odyczy, a co mo\u017ce zrobi\u0107 kolarz\u2013amator? Poni\u017cej mamy dla Was 5 propozycji. I pami\u0119tajcie \u2013 nie ma z\u0142ych postanowie\u0144, s\u0105 tylko te niedotrzymane!\" \/>\n<meta name=\"robots\" content=\"index, follow, max-snippet:-1, max-image-preview:large, max-video-preview:-1\" \/>\n<link rel=\"canonical\" href=\"https:\/\/www.welovecycling.com\/pl\/2021\/01\/11\/dacie-rade-oto-5-kolarskich-postanowien-na-2021-rok\/\" \/>\n<meta property=\"og:locale\" content=\"pl_PL\" \/>\n<meta property=\"og:type\" content=\"article\" \/>\n<meta property=\"og:title\" content=\"Dacie rad\u0119! Oto 5 kolarskich postanowie\u0144 na 2021 rok\" \/>\n<meta property=\"og:description\" content=\"Zacz\u0105\u0142 si\u0119 czas noworocznych postanowie\u0144. Jedni rzucaj\u0105 palenie, inni rezygnuj\u0105 ze s\u0142odyczy, a co mo\u017ce zrobi\u0107 kolarz\u2013amator? Poni\u017cej mamy dla Was 5 propozycji. I pami\u0119tajcie \u2013 nie ma z\u0142ych postanowie\u0144, s\u0105 tylko te niedotrzymane!\" \/>\n<meta property=\"og:url\" content=\"https:\/\/www.welovecycling.com\/pl\/2021\/01\/11\/dacie-rade-oto-5-kolarskich-postanowien-na-2021-rok\/\" \/>\n<meta property=\"og:site_name\" content=\"\u0160koda We Love Cycling - Poland\" \/>\n<meta property=\"article:published_time\" content=\"2021-01-11T15:28:48+00:00\" \/>\n<meta property=\"article:modified_time\" content=\"2021-01-11T15:29:27+00:00\" \/>\n<meta property=\"og:image\" content=\"https:\/\/d2p6e6u75xmxt8.cloudfront.net\/5\/2021\/01\/Winter-cycling-profimedia-0579145269-CVR-1024x450-1.jpg\" \/>\n\t<meta property=\"og:image:width\" content=\"1024\" \/>\n\t<meta property=\"og:image:height\" content=\"450\" \/>\n\t<meta property=\"og:image:type\" content=\"image\/jpeg\" \/>\n<meta name=\"author\" content=\"oktawiamikulska\" \/>\n<meta name=\"twitter:card\" content=\"summary_large_image\" \/>\n<meta name=\"twitter:label1\" content=\"Written by\" \/>\n\t<meta name=\"twitter:data1\" content=\"Piotr Nowik\" \/>\n\t<meta name=\"twitter:label2\" content=\"Est. reading time\" \/>\n\t<meta name=\"twitter:data2\" content=\"3 minutes\" \/>\n<script type=\"application\/ld+json\" class=\"yoast-schema-graph\">{\"@context\":\"https:\/\/schema.org\",\"@graph\":[{\"@type\":\"WebPage\",\"@id\":\"https:\/\/www.welovecycling.com\/pl\/2021\/01\/11\/dacie-rade-oto-5-kolarskich-postanowien-na-2021-rok\/\",\"url\":\"https:\/\/www.welovecycling.com\/pl\/2021\/01\/11\/dacie-rade-oto-5-kolarskich-postanowien-na-2021-rok\/\",\"name\":\"Dacie rad\u0119! Oto 5 kolarskich postanowie\u0144 na 2021 rok - \u0160koda We Love Cycling - Poland\",\"isPartOf\":{\"@id\":\"https:\/\/www.welovecycling.com\/pl\/#website\"},\"primaryImageOfPage\":{\"@id\":\"https:\/\/www.welovecycling.com\/pl\/2021\/01\/11\/dacie-rade-oto-5-kolarskich-postanowien-na-2021-rok\/#primaryimage\"},\"image\":{\"@id\":\"https:\/\/www.welovecycling.com\/pl\/2021\/01\/11\/dacie-rade-oto-5-kolarskich-postanowien-na-2021-rok\/#primaryimage\"},\"thumbnailUrl\":\"https:\/\/d2p6e6u75xmxt8.cloudfront.net\/5\/2021\/01\/Winter-cycling-profimedia-0579145269-CVR-1024x450-1.jpg\",\"datePublished\":\"2021-01-11T15:28:48+00:00\",\"dateModified\":\"2021-01-11T15:29:27+00:00\",\"author\":{\"@id\":\"https:\/\/www.welovecycling.com\/pl\/#\/schema\/person\/4a79bac7bd265aa6a35a1079d36648be\"},\"description\":\"Zacz\u0105\u0142 si\u0119 czas noworocznych postanowie\u0144. Jedni rzucaj\u0105 palenie, inni rezygnuj\u0105 ze s\u0142odyczy, a co mo\u017ce zrobi\u0107 kolarz\u2013amator? Poni\u017cej mamy dla Was 5 propozycji. I pami\u0119tajcie \u2013 nie ma z\u0142ych postanowie\u0144, s\u0105 tylko te niedotrzymane!\",\"breadcrumb\":{\"@id\":\"https:\/\/www.welovecycling.com\/pl\/2021\/01\/11\/dacie-rade-oto-5-kolarskich-postanowien-na-2021-rok\/#breadcrumb\"},\"inLanguage\":\"pl-PL\",\"potentialAction\":[{\"@type\":\"ReadAction\",\"target\":[\"https:\/\/www.welovecycling.com\/pl\/2021\/01\/11\/dacie-rade-oto-5-kolarskich-postanowien-na-2021-rok\/\"]}]},{\"@type\":\"ImageObject\",\"inLanguage\":\"pl-PL\",\"@id\":\"https:\/\/www.welovecycling.com\/pl\/2021\/01\/11\/dacie-rade-oto-5-kolarskich-postanowien-na-2021-rok\/#primaryimage\",\"url\":\"https:\/\/d2p6e6u75xmxt8.cloudfront.net\/5\/2021\/01\/Winter-cycling-profimedia-0579145269-CVR-1024x450-1.jpg\",\"contentUrl\":\"https:\/\/d2p6e6u75xmxt8.cloudfront.net\/5\/2021\/01\/Winter-cycling-profimedia-0579145269-CVR-1024x450-1.jpg\",\"width\":1024,\"height\":450},{\"@type\":\"BreadcrumbList\",\"@id\":\"https:\/\/www.welovecycling.com\/pl\/2021\/01\/11\/dacie-rade-oto-5-kolarskich-postanowien-na-2021-rok\/#breadcrumb\",\"itemListElement\":[{\"@type\":\"ListItem\",\"position\":1,\"name\":\"Home\",\"item\":\"https:\/\/www.welovecycling.com\/pl\/\"},{\"@type\":\"ListItem\",\"position\":2,\"name\":\"Dacie rad\u0119! Oto 5 kolarskich postanowie\u0144 na 2021 rok\"}]},{\"@type\":\"WebSite\",\"@id\":\"https:\/\/www.welovecycling.com\/pl\/#website\",\"url\":\"https:\/\/www.welovecycling.com\/pl\/\",\"name\":\"\u0160koda We Love Cycling - Poland\",\"description\":\"\",\"potentialAction\":[{\"@type\":\"SearchAction\",\"target\":{\"@type\":\"EntryPoint\",\"urlTemplate\":\"https:\/\/www.welovecycling.com\/pl\/?s={search_term_string}\"},\"query-input\":{\"@type\":\"PropertyValueSpecification\",\"valueRequired\":true,\"valueName\":\"search_term_string\"}}],\"inLanguage\":\"pl-PL\"},{\"@type\":\"Person\",\"@id\":\"https:\/\/www.welovecycling.com\/pl\/#\/schema\/person\/4a79bac7bd265aa6a35a1079d36648be\",\"name\":\"oktawiamikulska\",\"image\":{\"@type\":\"ImageObject\",\"inLanguage\":\"pl-PL\",\"@id\":\"https:\/\/www.welovecycling.com\/pl\/#\/schema\/person\/image\/\",\"url\":\"https:\/\/secure.gravatar.com\/avatar\/b97a3f44e2de6d2f8dd358975937e49823662e12cbd810b9d1a2bff1c149e8a7?s=96&d=mm&r=g\",\"contentUrl\":\"https:\/\/secure.gravatar.com\/avatar\/b97a3f44e2de6d2f8dd358975937e49823662e12cbd810b9d1a2bff1c149e8a7?s=96&d=mm&r=g\",\"caption\":\"oktawiamikulska\"},\"url\":\"https:\/\/www.welovecycling.com\/pl\/author\/oktawiamikulska\/\"}]}<\/script>\n<!-- \/ Yoast SEO Premium plugin. -->","yoast_head_json":{"title":"Dacie rad\u0119! Oto 5 kolarskich postanowie\u0144 na 2021 rok - \u0160koda We Love Cycling - Poland","description":"Zacz\u0105\u0142 si\u0119 czas noworocznych postanowie\u0144. Jedni rzucaj\u0105 palenie, inni rezygnuj\u0105 ze s\u0142odyczy, a co mo\u017ce zrobi\u0107 kolarz\u2013amator? Poni\u017cej mamy dla Was 5 propozycji. I pami\u0119tajcie \u2013 nie ma z\u0142ych postanowie\u0144, s\u0105 tylko te niedotrzymane!","robots":{"index":"index","follow":"follow","max-snippet":"max-snippet:-1","max-image-preview":"max-image-preview:large","max-video-preview":"max-video-preview:-1"},"canonical":"https:\/\/www.welovecycling.com\/pl\/2021\/01\/11\/dacie-rade-oto-5-kolarskich-postanowien-na-2021-rok\/","og_locale":"pl_PL","og_type":"article","og_title":"Dacie rad\u0119! Oto 5 kolarskich postanowie\u0144 na 2021 rok","og_description":"Zacz\u0105\u0142 si\u0119 czas noworocznych postanowie\u0144. Jedni rzucaj\u0105 palenie, inni rezygnuj\u0105 ze s\u0142odyczy, a co mo\u017ce zrobi\u0107 kolarz\u2013amator? Poni\u017cej mamy dla Was 5 propozycji. I pami\u0119tajcie \u2013 nie ma z\u0142ych postanowie\u0144, s\u0105 tylko te niedotrzymane!","og_url":"https:\/\/www.welovecycling.com\/pl\/2021\/01\/11\/dacie-rade-oto-5-kolarskich-postanowien-na-2021-rok\/","og_site_name":"\u0160koda We Love Cycling - Poland","article_published_time":"2021-01-11T15:28:48+00:00","article_modified_time":"2021-01-11T15:29:27+00:00","og_image":[{"width":1024,"height":450,"url":"https:\/\/d2p6e6u75xmxt8.cloudfront.net\/5\/2021\/01\/Winter-cycling-profimedia-0579145269-CVR-1024x450-1.jpg","type":"image\/jpeg"}],"author":"oktawiamikulska","twitter_card":"summary_large_image","twitter_misc":{"Written by":"Piotr Nowik","Est. reading time":"3 minutes"},"schema":{"@context":"https:\/\/schema.org","@graph":[{"@type":"WebPage","@id":"https:\/\/www.welovecycling.com\/pl\/2021\/01\/11\/dacie-rade-oto-5-kolarskich-postanowien-na-2021-rok\/","url":"https:\/\/www.welovecycling.com\/pl\/2021\/01\/11\/dacie-rade-oto-5-kolarskich-postanowien-na-2021-rok\/","name":"Dacie rad\u0119! Oto 5 kolarskich postanowie\u0144 na 2021 rok - \u0160koda We Love Cycling - Poland","isPartOf":{"@id":"https:\/\/www.welovecycling.com\/pl\/#website"},"primaryImageOfPage":{"@id":"https:\/\/www.welovecycling.com\/pl\/2021\/01\/11\/dacie-rade-oto-5-kolarskich-postanowien-na-2021-rok\/#primaryimage"},"image":{"@id":"https:\/\/www.welovecycling.com\/pl\/2021\/01\/11\/dacie-rade-oto-5-kolarskich-postanowien-na-2021-rok\/#primaryimage"},"thumbnailUrl":"https:\/\/d2p6e6u75xmxt8.cloudfront.net\/5\/2021\/01\/Winter-cycling-profimedia-0579145269-CVR-1024x450-1.jpg","datePublished":"2021-01-11T15:28:48+00:00","dateModified":"2021-01-11T15:29:27+00:00","author":{"@id":"https:\/\/www.welovecycling.com\/pl\/#\/schema\/person\/4a79bac7bd265aa6a35a1079d36648be"},"description":"Zacz\u0105\u0142 si\u0119 czas noworocznych postanowie\u0144. Jedni rzucaj\u0105 palenie, inni rezygnuj\u0105 ze s\u0142odyczy, a co mo\u017ce zrobi\u0107 kolarz\u2013amator? Poni\u017cej mamy dla Was 5 propozycji. I pami\u0119tajcie \u2013 nie ma z\u0142ych postanowie\u0144, s\u0105 tylko te niedotrzymane!","breadcrumb":{"@id":"https:\/\/www.welovecycling.com\/pl\/2021\/01\/11\/dacie-rade-oto-5-kolarskich-postanowien-na-2021-rok\/#breadcrumb"},"inLanguage":"pl-PL","potentialAction":[{"@type":"ReadAction","target":["https:\/\/www.welovecycling.com\/pl\/2021\/01\/11\/dacie-rade-oto-5-kolarskich-postanowien-na-2021-rok\/"]}]},{"@type":"ImageObject","inLanguage":"pl-PL","@id":"https:\/\/www.welovecycling.com\/pl\/2021\/01\/11\/dacie-rade-oto-5-kolarskich-postanowien-na-2021-rok\/#primaryimage","url":"https:\/\/d2p6e6u75xmxt8.cloudfront.net\/5\/2021\/01\/Winter-cycling-profimedia-0579145269-CVR-1024x450-1.jpg","contentUrl":"https:\/\/d2p6e6u75xmxt8.cloudfront.net\/5\/2021\/01\/Winter-cycling-profimedia-0579145269-CVR-1024x450-1.jpg","width":1024,"height":450},{"@type":"BreadcrumbList","@id":"https:\/\/www.welovecycling.com\/pl\/2021\/01\/11\/dacie-rade-oto-5-kolarskich-postanowien-na-2021-rok\/#breadcrumb","itemListElement":[{"@type":"ListItem","position":1,"name":"Home","item":"https:\/\/www.welovecycling.com\/pl\/"},{"@type":"ListItem","position":2,"name":"Dacie rad\u0119! Oto 5 kolarskich postanowie\u0144 na 2021 rok"}]},{"@type":"WebSite","@id":"https:\/\/www.welovecycling.com\/pl\/#website","url":"https:\/\/www.welovecycling.com\/pl\/","name":"\u0160koda We Love Cycling - Poland","description":"","potentialAction":[{"@type":"SearchAction","target":{"@type":"EntryPoint","urlTemplate":"https:\/\/www.welovecycling.com\/pl\/?s={search_term_string}"},"query-input":{"@type":"PropertyValueSpecification","valueRequired":true,"valueName":"search_term_string"}}],"inLanguage":"pl-PL"},{"@type":"Person","@id":"https:\/\/www.welovecycling.com\/pl\/#\/schema\/person\/4a79bac7bd265aa6a35a1079d36648be","name":"oktawiamikulska","image":{"@type":"ImageObject","inLanguage":"pl-PL","@id":"https:\/\/www.welovecycling.com\/pl\/#\/schema\/person\/image\/","url":"https:\/\/secure.gravatar.com\/avatar\/b97a3f44e2de6d2f8dd358975937e49823662e12cbd810b9d1a2bff1c149e8a7?s=96&d=mm&r=g","contentUrl":"https:\/\/secure.gravatar.com\/avatar\/b97a3f44e2de6d2f8dd358975937e49823662e12cbd810b9d1a2bff1c149e8a7?s=96&d=mm&r=g","caption":"oktawiamikulska"},"url":"https:\/\/www.welovecycling.com\/pl\/author\/oktawiamikulska\/"}]}},"_links":{"self":[{"href":"https:\/\/www.welovecycling.com\/pl\/wp-json\/wp\/v2\/posts\/11413","targetHints":{"allow":["GET"]}}],"collection":[{"href":"https:\/\/www.welovecycling.com\/pl\/wp-json\/wp\/v2\/posts"}],"about":[{"href":"https:\/\/www.welovecycling.com\/pl\/wp-json\/wp\/v2\/types\/post"}],"author":[{"embeddable":true,"href":"https:\/\/www.welovecycling.com\/pl\/wp-json\/wp\/v2\/users\/125"}],"replies":[{"embeddable":true,"href":"https:\/\/www.welovecycling.com\/pl\/wp-json\/wp\/v2\/comments?post=11413"}],"version-history":[{"count":2,"href":"https:\/\/www.welovecycling.com\/pl\/wp-json\/wp\/v2\/posts\/11413\/revisions"}],"predecessor-version":[{"id":11416,"href":"https:\/\/www.welovecycling.com\/pl\/wp-json\/wp\/v2\/posts\/11413\/revisions\/11416"}],"wp:featuredmedia":[{"embeddable":true,"href":"https:\/\/www.welovecycling.com\/pl\/wp-json\/wp\/v2\/media\/11414"}],"wp:attachment":[{"href":"https:\/\/www.welovecycling.com\/pl\/wp-json\/wp\/v2\/media?parent=11413"}],"wp:term":[{"taxonomy":"category","embeddable":true,"href":"https:\/\/www.welovecycling.com\/pl\/wp-json\/wp\/v2\/categories?post=11413"},{"taxonomy":"post_tag","embeddable":true,"href":"https:\/\/www.welovecycling.com\/pl\/wp-json\/wp\/v2\/tags?post=11413"},{"taxonomy":"global-categories","embeddable":true,"href":"https:\/\/www.welovecycling.com\/pl\/wp-json\/wp\/v2\/global-categories?post=11413"}],"curies":[{"name":"wp","href":"https:\/\/api.w.org\/{rel}","templated":true}]}}