{"id":11400,"date":"2021-01-08T11:27:57","date_gmt":"2021-01-08T11:27:57","guid":{"rendered":"https:\/\/www.welovecycling.com\/pl\/?p=11400"},"modified":"2021-01-08T11:27:57","modified_gmt":"2021-01-08T11:27:57","slug":"w-nowy-rok-wjechali-z-przytupem-swiatowy-peleton-juz-sie-rozkreca","status":"publish","type":"post","link":"https:\/\/www.welovecycling.com\/pl\/2021\/01\/08\/w-nowy-rok-wjechali-z-przytupem-swiatowy-peleton-juz-sie-rozkreca\/","title":{"rendered":"W Nowy Rok wjechali z przytupem! \u015awiatowy peleton ju\u017c si\u0119 rozkr\u0119ca"},"content":{"rendered":"<p><strong>Jedni ton\u0119li w s\u0142o\u0144cu, inni ugrz\u0119\u017ali w \u015bniegu lub zostali postawieni w stan gotowo\u015bci. Dla niekt\u00f3rych zawodnik\u00f3w ju\u017c pierwsze dni 2021 roku by\u0142y bardzo zaskakuj\u0105ce\u2026 Sprawdzili\u015bmy, co s\u0142ycha\u0107 w \u015bwiatowym peletonie.<\/strong><\/p>\n<p>W pi\u0119knych okoliczno\u015bciach przyrody w Nowy Rok wszed\u0142 Primo\u017c Rogli\u0107. Najwi\u0119kszy zwyci\u0119zca ubieg\u0142ego sezonu (wygrana w Vuelta a Espana i drugie miejsce w Tour de France) Sylwestra sp\u0119dzi\u0142 we francuskich g\u00f3rach<\/p>\n<p>https:\/\/www.instagram.com\/p\/CJoy0cOBSXn\/?utm_source=ig_web_copy_link<\/p>\n<p>\u201eWspania\u0142y pocz\u0105tek nowego roku\u201d \u2013 napisa\u0142 Rogli\u0107 i nied\u0142ugo p\u00f3\u017aniej zabra\u0142 si\u0119 za obowi\u0105zki. Trzeba jednak przyzna\u0107, \u017ce trening z takimi widokami mo\u017ce nale\u017ce\u0107 do wyj\u0105tkowo przyjemnych<\/p>\n<p>https:\/\/www.instagram.com\/p\/CJwNG4GBzyk\/?utm_source=ig_web_copy_link<\/p>\n<p>W zimowej scenerii od pocz\u0105tku roku trenuje r\u00f3wnie\u017c Peter Sagan. To znaczy &#8211; pr\u00f3buje trenowa\u0107, bo drogi w Monaco wygl\u0105daj\u0105 tak:<\/p>\n<div class=\"embed-controller-wrapper\">\n<blockquote class=\"twitter-tweet\" data-width=\"500\" data-dnt=\"true\">\n<p lang=\"en\" dir=\"ltr\">What an experience it was today, my first ride with snow in Monaco! Nice training with my brother Juraj and my friend Erik Ba\u0161ka. <a href=\"https:\/\/twitter.com\/iamspecialized?ref_src=twsrc%5Etfw\">@iamspecialized<\/a> <a href=\"https:\/\/twitter.com\/sportful?ref_src=twsrc%5Etfw\">@sportful<\/a> <a href=\"https:\/\/twitter.com\/ride100percent?ref_src=twsrc%5Etfw\">@ride100percent<\/a> <a href=\"https:\/\/t.co\/McJoldrqDW\">pic.twitter.com\/McJoldrqDW<\/a><\/p>\n<p>&mdash; Peter Sagan (@petosagan) <a href=\"https:\/\/twitter.com\/petosagan\/status\/1344619083707387904?ref_src=twsrc%5Etfw\">December 31, 2020<\/a><\/p><\/blockquote>\n<p><script async data-src=\"https:\/\/platform.twitter.com\/widgets.js\" charset=\"utf-8\"><\/script><\/div>\n<p>\u201eCo za prze\u017cycie\u201d \u2013 napisa\u0142 Sagan i z u\u015bmiechem prze\u015blizgiwa\u0142 kolejne metry.<\/p>\n<p>Dla pocieszenia S\u0142owak mo\u017ce zadzwoni\u0107 do kt\u00f3rego\u015b z koleg\u00f3w z grupy Team Ineos, kt\u00f3rzy do start\u00f3w w 2021 roku przygotowuj\u0105 si\u0119 na Gran Canarii.<\/p>\n<div class=\"embed-controller-wrapper\">\n<blockquote class=\"twitter-tweet\" data-width=\"500\" data-dnt=\"true\">\n<p lang=\"en\" dir=\"ltr\">It\u2019s so important to start 2021 with a smile \ud83d\ude05 <a href=\"https:\/\/twitter.com\/golasmichal?ref_src=twsrc%5Etfw\">@golasmichal<\/a><br \/>\ud83d\udc4b\ud83c\udffb from Gran Canaria <a href=\"https:\/\/t.co\/P4ub3Rq2B3\">pic.twitter.com\/P4ub3Rq2B3<\/a><\/p>\n<p>&mdash; Micha\u0142 Kwiatkowski (@kwiato) <a href=\"https:\/\/twitter.com\/kwiato\/status\/1347237966125690886?ref_src=twsrc%5Etfw\">January 7, 2021<\/a><\/p><\/blockquote>\n<p><script async data-src=\"https:\/\/platform.twitter.com\/widgets.js\" charset=\"utf-8\"><\/script><\/div>\n<p>\u2013 Mia\u0142o by\u0107 mi\u0142o, ciep\u0142o i przyjemnie \u2013 zdaje si\u0119 my\u015ble\u0107 Micha\u0142 Go\u0142a\u015b (na zdj\u0119ciu po prawej), a Micha\u0142 Kwiatkowski napisa\u0142: &#8211; Najwa\u017cniejsze, to zacz\u0105\u0107 2021 z u\u015bmiechem.<\/p>\n<p>Dla Christophera Froome\u2019a noc sylwestrowa oznacza\u0142a, \u017ce ostatecznie \u017cegna si\u0119 z Team Ineos i rozpoczyna przygod\u0119 z Israel Start-Up. To w\u0142a\u015bnie z t\u0105 dru\u017cyn\u0105 spr\u00f3buje po raz pi\u0105ty wygra\u0107 Tour de France, by do\u0142\u0105czy\u0107 do najwi\u0119kszych zwyci\u0119zc\u00f3w tego wy\u015bcigu.<\/p>\n<p>https:\/\/www.instagram.com\/p\/CJgxVI7HbzV\/?utm_source=ig_web_copy_link<\/p>\n<p>By jak najlepiej przygotowa\u0107 si\u0119 do \u015bcigania w 2021, Fromme postawi\u0142 na treningi w Kalifornii i tego wyboru na pewno nie \u017ca\u0142uje<\/p>\n<p>https:\/\/www.instagram.com\/p\/CJuwFX8nRhH\/?utm_source=ig_web_copy_link<\/p>\n<p>Poza Europ\u0105 przebywa r\u00f3wnie\u017c ekipa UAE Team Emirates. Treningi zawodnik\u00f3w przeplatane s\u0105 oficjalnymi spotkaniami, podczas kt\u00f3rych Tadej Pogacar dumnie prezentuje \u017c\u00f3\u0142t\u0105 koszulk\u0119 zwyci\u0119zcy Tour de France 2020<\/p>\n<div class=\"embed-controller-wrapper\">\n<blockquote class=\"twitter-tweet\" data-width=\"500\" data-dnt=\"true\">\n<p lang=\"en\" dir=\"ltr\">UAE Team Emirates make their first public appearance in the UAE at Emirates Group Headquarters after their historic win at the Tour de France, as they get ready to complete their annual training camp ahead of the 2021 cycling season. <a href=\"https:\/\/t.co\/vuAlKYomec\">https:\/\/t.co\/vuAlKYomec<\/a><a href=\"https:\/\/twitter.com\/hashtag\/FlyEmiratesFlyBetter?src=hash&amp;ref_src=twsrc%5Etfw\">#FlyEmiratesFlyBetter<\/a> <a href=\"https:\/\/t.co\/IPIIYHF5Ri\">pic.twitter.com\/IPIIYHF5Ri<\/a><\/p>\n<p>&mdash; Emirates (@emirates) <a href=\"https:\/\/twitter.com\/emirates\/status\/1347138299677310976?ref_src=twsrc%5Etfw\">January 7, 2021<\/a><\/p><\/blockquote>\n<p><script async data-src=\"https:\/\/platform.twitter.com\/widgets.js\" charset=\"utf-8\"><\/script><\/div>\n<p>W okolicach Sylwestra wspomnienia zwi\u0105zane z Tour de France wr\u00f3ci\u0142y r\u00f3wnie\u017c u Sama Bennetta, zdobywcy zielonej koszulki sponsorowanej przez \u0160kod\u0119. Tu\u017c przed Nowym Rokiem zawodnik Deceuninck-Quick Step otrzyma\u0142 butelk\u0119 alkoholu, kt\u00f3rym celebrowa\u0142 wygranie klasyfikacji sprinterskiej. Pochwali\u0142 si\u0119 tym w mediach spo\u0142eczno\u015bciowych<\/p>\n<p>https:\/\/www.instagram.com\/p\/CJULNHxJqnA\/?utm_source=ig_web_copy_link<\/p>\n<p>Z kolei Wout Van Aert Sylwestra sp\u0119dzi\u0142 w stanie gotowo\u015bci. Osoba, na kt\u00f3r\u0105 czeka\u0142 pojawi\u0142a si\u0119 jednak cztery dni p\u00f3\u017aniej. I ma na imi\u0119 Georges.<\/p>\n<p>https:\/\/www.instagram.com\/p\/CJp_m1srQBp\/?utm_source=ig_web_copy_link<\/p>\n<p>Z kolei noworoczne \u017cyczenia z\u0142o\u017cy\u0142 kibicom Julian Alaphilippe i pewnie mog\u0142oby si\u0119 pod nimi podpisa\u0107 ca\u0142e \u015brodowisko kolarskie<\/p>\n<div class=\"embed-controller-wrapper\">\n<blockquote class=\"twitter-tweet\" data-width=\"500\" data-dnt=\"true\">\n<p lang=\"fr\" dir=\"ltr\">Que cette nouvelle ann\u00e9e vous apporte beaucoup de bonheur, de joies et d\u2019amour. Apr\u00e8s une ann\u00e9e 2020, si particuli\u00e8re.<br \/>Tous mes v\u0153ux \u00e0 toutes et tous, merci pour votre soutien et \u00e0 bient\u00f4t sur les routes ..\u26a1\ufe0f\ud83d\udc4a<br \/> \ud83c\udf89\ud83c\udf89\ud83c\udf89 <br \/>\ud83d\udcf7  <a href=\"https:\/\/twitter.com\/etiennegarnier?ref_src=twsrc%5Etfw\">@etiennegarnier<\/a> <a href=\"https:\/\/t.co\/2vSfqJRwpG\">pic.twitter.com\/2vSfqJRwpG<\/a><\/p>\n<p>&mdash; Julian Alaphilippe Officiel (@alafpolak1) <a href=\"https:\/\/twitter.com\/alafpolak1\/status\/1346048428686585858?ref_src=twsrc%5Etfw\">January 4, 2021<\/a><\/p><\/blockquote>\n<p><script async data-src=\"https:\/\/platform.twitter.com\/widgets.js\" charset=\"utf-8\"><\/script><\/div>\n<p>\u201eNiech ten nowy rok przyniesie wam du\u017co szcz\u0119\u015bcia, rado\u015bci i mi\u0142o\u015bci. Szczeg\u00f3lnie, po roku 2020, kt\u00f3ry by\u0142 tak wyj\u0105tkowy. Pozdrawiam wszystkich, dzi\u0119kuj\u0119 za wsparcie i do zobaczenia wkr\u00f3tce w trasie\u201d \u2013 napisa\u0142 Francuz.<\/p>\n<p><span data-sheets-value=\"{&quot;1&quot;:2,&quot;2&quot;:&quot;Artyku\u0142 powsta\u0142 we wsp\u00f3\u0142pracy ze skoda-auto.pl&quot;}\" data-sheets-userformat=\"{&quot;2&quot;:1,&quot;3&quot;:{&quot;1&quot;:0}}\" data-sheets-hyperlink=\"http:\/\/www.skoda-auto.pl\/\"><a class=\"in-cell-link\" href=\"http:\/\/www.skoda-auto.pl\/\" target=\"_blank\" rel=\"noopener noreferrer\">Artyku\u0142 powsta\u0142 we wsp\u00f3\u0142pracy ze skoda-auto.pl<\/a><\/span><\/p>\n<p>&nbsp;<\/p>\n<p><a href=\"https:\/\/www.skoda-auto.pl\/modele\/karoq\"><img loading=\"lazy\" decoding=\"async\" class=\"aligncenter wp-image-9609 size-full loading\" src=\"https:\/\/d2p6e6u75xmxt8.cloudfront.net\/5\/2019\/08\/baner_WLC_640x350_4.png\" sizes=\"auto, (max-width: 640px) 100vw, 640px\" srcset=\"https:\/\/d2p6e6u75xmxt8.cloudfront.net\/5\/2019\/08\/baner_WLC_640x350_4.png 640w, https:\/\/d2p6e6u75xmxt8.cloudfront.net\/5\/2019\/08\/baner_WLC_640x350_4-300x164.png 300w\" alt=\"\" width=\"640\" height=\"350\" data-was-processed=\"true\" \/>\u00a0<\/a><\/p>\n<p>&nbsp;<\/p>\n<p>&nbsp;<\/p>\n","protected":false},"excerpt":{"rendered":"<p>Jedni ton\u0119li w s\u0142o\u0144cu, inni ugrz\u0119\u017ali w \u015bniegu lub zostali postawieni w stan gotowo\u015bci. Dla niekt\u00f3rych zawodnik\u00f3w ju\u017c pierwsze dni [&hellip;]<\/p>\n","protected":false},"author":125,"featured_media":11411,"comment_status":"open","ping_status":"open","sticky":false,"template":"","format":"standard","meta":{"footnotes":""},"categories":[332],"tags":[],"global-categories":[303],"class_list":["post-11400","post","type-post","status-publish","format-standard","has-post-thumbnail","hentry","category-lifestyle","global-categories-cycling"],"yoast_head":"<!-- This site is optimized with the Yoast SEO Premium plugin v25.3 (Yoast SEO v25.9) - https:\/\/yoast.com\/wordpress\/plugins\/seo\/ -->\n<title>W Nowy Rok wjechali z przytupem! \u015awiatowy peleton ju\u017c si\u0119 rozkr\u0119ca - \u0160koda We Love Cycling - Poland<\/title>\n<meta name=\"description\" content=\"Jedni ton\u0119li w s\u0142o\u0144cu, inni ugrz\u0119\u017ali w \u015bniegu lub zostali postawieni w stan gotowo\u015bci. Dla niekt\u00f3rych zawodnik\u00f3w ju\u017c pierwsze dni 2021 roku by\u0142y bardzo zaskakuj\u0105ce\u2026 Sprawdzili\u015bmy, co s\u0142ycha\u0107 w \u015bwiatowym peletonie.\" \/>\n<meta name=\"robots\" content=\"index, follow, max-snippet:-1, max-image-preview:large, max-video-preview:-1\" \/>\n<link rel=\"canonical\" href=\"https:\/\/www.welovecycling.com\/pl\/2021\/01\/08\/w-nowy-rok-wjechali-z-przytupem-swiatowy-peleton-juz-sie-rozkreca\/\" \/>\n<meta property=\"og:locale\" content=\"pl_PL\" \/>\n<meta property=\"og:type\" content=\"article\" \/>\n<meta property=\"og:title\" content=\"W Nowy Rok wjechali z przytupem! \u015awiatowy peleton ju\u017c si\u0119 rozkr\u0119ca\" \/>\n<meta property=\"og:description\" content=\"Jedni ton\u0119li w s\u0142o\u0144cu, inni ugrz\u0119\u017ali w \u015bniegu lub zostali postawieni w stan gotowo\u015bci. Dla niekt\u00f3rych zawodnik\u00f3w ju\u017c pierwsze dni 2021 roku by\u0142y bardzo zaskakuj\u0105ce\u2026 Sprawdzili\u015bmy, co s\u0142ycha\u0107 w \u015bwiatowym peletonie.\" \/>\n<meta property=\"og:url\" content=\"https:\/\/www.welovecycling.com\/pl\/2021\/01\/08\/w-nowy-rok-wjechali-z-przytupem-swiatowy-peleton-juz-sie-rozkreca\/\" \/>\n<meta property=\"og:site_name\" content=\"\u0160koda We Love Cycling - Poland\" \/>\n<meta property=\"article:published_time\" content=\"2021-01-08T11:27:57+00:00\" \/>\n<meta property=\"og:image\" content=\"https:\/\/d2p6e6u75xmxt8.cloudfront.net\/5\/2021\/01\/New-Years-Christmas-profimedia-0579167435-CVR-1024x450-1.jpg\" \/>\n\t<meta property=\"og:image:width\" content=\"1024\" \/>\n\t<meta property=\"og:image:height\" content=\"450\" \/>\n\t<meta property=\"og:image:type\" content=\"image\/jpeg\" \/>\n<meta name=\"author\" content=\"oktawiamikulska\" \/>\n<meta name=\"twitter:card\" content=\"summary_large_image\" \/>\n<meta name=\"twitter:label1\" content=\"Written by\" \/>\n\t<meta name=\"twitter:data1\" content=\"Piotr Nowik\" \/>\n\t<meta name=\"twitter:label2\" content=\"Est. reading time\" \/>\n\t<meta name=\"twitter:data2\" content=\"3 minutes\" \/>\n<script type=\"application\/ld+json\" class=\"yoast-schema-graph\">{\"@context\":\"https:\/\/schema.org\",\"@graph\":[{\"@type\":\"WebPage\",\"@id\":\"https:\/\/www.welovecycling.com\/pl\/2021\/01\/08\/w-nowy-rok-wjechali-z-przytupem-swiatowy-peleton-juz-sie-rozkreca\/\",\"url\":\"https:\/\/www.welovecycling.com\/pl\/2021\/01\/08\/w-nowy-rok-wjechali-z-przytupem-swiatowy-peleton-juz-sie-rozkreca\/\",\"name\":\"W Nowy Rok wjechali z przytupem! \u015awiatowy peleton ju\u017c si\u0119 rozkr\u0119ca - \u0160koda We Love Cycling - Poland\",\"isPartOf\":{\"@id\":\"https:\/\/www.welovecycling.com\/pl\/#website\"},\"primaryImageOfPage\":{\"@id\":\"https:\/\/www.welovecycling.com\/pl\/2021\/01\/08\/w-nowy-rok-wjechali-z-przytupem-swiatowy-peleton-juz-sie-rozkreca\/#primaryimage\"},\"image\":{\"@id\":\"https:\/\/www.welovecycling.com\/pl\/2021\/01\/08\/w-nowy-rok-wjechali-z-przytupem-swiatowy-peleton-juz-sie-rozkreca\/#primaryimage\"},\"thumbnailUrl\":\"https:\/\/d2p6e6u75xmxt8.cloudfront.net\/5\/2021\/01\/New-Years-Christmas-profimedia-0579167435-CVR-1024x450-1.jpg\",\"datePublished\":\"2021-01-08T11:27:57+00:00\",\"author\":{\"@id\":\"https:\/\/www.welovecycling.com\/pl\/#\/schema\/person\/4a79bac7bd265aa6a35a1079d36648be\"},\"description\":\"Jedni ton\u0119li w s\u0142o\u0144cu, inni ugrz\u0119\u017ali w \u015bniegu lub zostali postawieni w stan gotowo\u015bci. Dla niekt\u00f3rych zawodnik\u00f3w ju\u017c pierwsze dni 2021 roku by\u0142y bardzo zaskakuj\u0105ce\u2026 Sprawdzili\u015bmy, co s\u0142ycha\u0107 w \u015bwiatowym peletonie.\",\"breadcrumb\":{\"@id\":\"https:\/\/www.welovecycling.com\/pl\/2021\/01\/08\/w-nowy-rok-wjechali-z-przytupem-swiatowy-peleton-juz-sie-rozkreca\/#breadcrumb\"},\"inLanguage\":\"pl-PL\",\"potentialAction\":[{\"@type\":\"ReadAction\",\"target\":[\"https:\/\/www.welovecycling.com\/pl\/2021\/01\/08\/w-nowy-rok-wjechali-z-przytupem-swiatowy-peleton-juz-sie-rozkreca\/\"]}]},{\"@type\":\"ImageObject\",\"inLanguage\":\"pl-PL\",\"@id\":\"https:\/\/www.welovecycling.com\/pl\/2021\/01\/08\/w-nowy-rok-wjechali-z-przytupem-swiatowy-peleton-juz-sie-rozkreca\/#primaryimage\",\"url\":\"https:\/\/d2p6e6u75xmxt8.cloudfront.net\/5\/2021\/01\/New-Years-Christmas-profimedia-0579167435-CVR-1024x450-1.jpg\",\"contentUrl\":\"https:\/\/d2p6e6u75xmxt8.cloudfront.net\/5\/2021\/01\/New-Years-Christmas-profimedia-0579167435-CVR-1024x450-1.jpg\",\"width\":1024,\"height\":450},{\"@type\":\"BreadcrumbList\",\"@id\":\"https:\/\/www.welovecycling.com\/pl\/2021\/01\/08\/w-nowy-rok-wjechali-z-przytupem-swiatowy-peleton-juz-sie-rozkreca\/#breadcrumb\",\"itemListElement\":[{\"@type\":\"ListItem\",\"position\":1,\"name\":\"Home\",\"item\":\"https:\/\/www.welovecycling.com\/pl\/\"},{\"@type\":\"ListItem\",\"position\":2,\"name\":\"W Nowy Rok wjechali z przytupem! \u015awiatowy peleton ju\u017c si\u0119 rozkr\u0119ca\"}]},{\"@type\":\"WebSite\",\"@id\":\"https:\/\/www.welovecycling.com\/pl\/#website\",\"url\":\"https:\/\/www.welovecycling.com\/pl\/\",\"name\":\"\u0160koda We Love Cycling - Poland\",\"description\":\"\",\"potentialAction\":[{\"@type\":\"SearchAction\",\"target\":{\"@type\":\"EntryPoint\",\"urlTemplate\":\"https:\/\/www.welovecycling.com\/pl\/?s={search_term_string}\"},\"query-input\":{\"@type\":\"PropertyValueSpecification\",\"valueRequired\":true,\"valueName\":\"search_term_string\"}}],\"inLanguage\":\"pl-PL\"},{\"@type\":\"Person\",\"@id\":\"https:\/\/www.welovecycling.com\/pl\/#\/schema\/person\/4a79bac7bd265aa6a35a1079d36648be\",\"name\":\"oktawiamikulska\",\"image\":{\"@type\":\"ImageObject\",\"inLanguage\":\"pl-PL\",\"@id\":\"https:\/\/www.welovecycling.com\/pl\/#\/schema\/person\/image\/\",\"url\":\"https:\/\/secure.gravatar.com\/avatar\/b97a3f44e2de6d2f8dd358975937e49823662e12cbd810b9d1a2bff1c149e8a7?s=96&d=mm&r=g\",\"contentUrl\":\"https:\/\/secure.gravatar.com\/avatar\/b97a3f44e2de6d2f8dd358975937e49823662e12cbd810b9d1a2bff1c149e8a7?s=96&d=mm&r=g\",\"caption\":\"oktawiamikulska\"},\"url\":\"https:\/\/www.welovecycling.com\/pl\/author\/oktawiamikulska\/\"}]}<\/script>\n<!-- \/ Yoast SEO Premium plugin. -->","yoast_head_json":{"title":"W Nowy Rok wjechali z przytupem! \u015awiatowy peleton ju\u017c si\u0119 rozkr\u0119ca - \u0160koda We Love Cycling - Poland","description":"Jedni ton\u0119li w s\u0142o\u0144cu, inni ugrz\u0119\u017ali w \u015bniegu lub zostali postawieni w stan gotowo\u015bci. Dla niekt\u00f3rych zawodnik\u00f3w ju\u017c pierwsze dni 2021 roku by\u0142y bardzo zaskakuj\u0105ce\u2026 Sprawdzili\u015bmy, co s\u0142ycha\u0107 w \u015bwiatowym peletonie.","robots":{"index":"index","follow":"follow","max-snippet":"max-snippet:-1","max-image-preview":"max-image-preview:large","max-video-preview":"max-video-preview:-1"},"canonical":"https:\/\/www.welovecycling.com\/pl\/2021\/01\/08\/w-nowy-rok-wjechali-z-przytupem-swiatowy-peleton-juz-sie-rozkreca\/","og_locale":"pl_PL","og_type":"article","og_title":"W Nowy Rok wjechali z przytupem! \u015awiatowy peleton ju\u017c si\u0119 rozkr\u0119ca","og_description":"Jedni ton\u0119li w s\u0142o\u0144cu, inni ugrz\u0119\u017ali w \u015bniegu lub zostali postawieni w stan gotowo\u015bci. Dla niekt\u00f3rych zawodnik\u00f3w ju\u017c pierwsze dni 2021 roku by\u0142y bardzo zaskakuj\u0105ce\u2026 Sprawdzili\u015bmy, co s\u0142ycha\u0107 w \u015bwiatowym peletonie.","og_url":"https:\/\/www.welovecycling.com\/pl\/2021\/01\/08\/w-nowy-rok-wjechali-z-przytupem-swiatowy-peleton-juz-sie-rozkreca\/","og_site_name":"\u0160koda We Love Cycling - Poland","article_published_time":"2021-01-08T11:27:57+00:00","og_image":[{"width":1024,"height":450,"url":"https:\/\/d2p6e6u75xmxt8.cloudfront.net\/5\/2021\/01\/New-Years-Christmas-profimedia-0579167435-CVR-1024x450-1.jpg","type":"image\/jpeg"}],"author":"oktawiamikulska","twitter_card":"summary_large_image","twitter_misc":{"Written by":"Piotr Nowik","Est. reading time":"3 minutes"},"schema":{"@context":"https:\/\/schema.org","@graph":[{"@type":"WebPage","@id":"https:\/\/www.welovecycling.com\/pl\/2021\/01\/08\/w-nowy-rok-wjechali-z-przytupem-swiatowy-peleton-juz-sie-rozkreca\/","url":"https:\/\/www.welovecycling.com\/pl\/2021\/01\/08\/w-nowy-rok-wjechali-z-przytupem-swiatowy-peleton-juz-sie-rozkreca\/","name":"W Nowy Rok wjechali z przytupem! \u015awiatowy peleton ju\u017c si\u0119 rozkr\u0119ca - \u0160koda We Love Cycling - Poland","isPartOf":{"@id":"https:\/\/www.welovecycling.com\/pl\/#website"},"primaryImageOfPage":{"@id":"https:\/\/www.welovecycling.com\/pl\/2021\/01\/08\/w-nowy-rok-wjechali-z-przytupem-swiatowy-peleton-juz-sie-rozkreca\/#primaryimage"},"image":{"@id":"https:\/\/www.welovecycling.com\/pl\/2021\/01\/08\/w-nowy-rok-wjechali-z-przytupem-swiatowy-peleton-juz-sie-rozkreca\/#primaryimage"},"thumbnailUrl":"https:\/\/d2p6e6u75xmxt8.cloudfront.net\/5\/2021\/01\/New-Years-Christmas-profimedia-0579167435-CVR-1024x450-1.jpg","datePublished":"2021-01-08T11:27:57+00:00","author":{"@id":"https:\/\/www.welovecycling.com\/pl\/#\/schema\/person\/4a79bac7bd265aa6a35a1079d36648be"},"description":"Jedni ton\u0119li w s\u0142o\u0144cu, inni ugrz\u0119\u017ali w \u015bniegu lub zostali postawieni w stan gotowo\u015bci. Dla niekt\u00f3rych zawodnik\u00f3w ju\u017c pierwsze dni 2021 roku by\u0142y bardzo zaskakuj\u0105ce\u2026 Sprawdzili\u015bmy, co s\u0142ycha\u0107 w \u015bwiatowym peletonie.","breadcrumb":{"@id":"https:\/\/www.welovecycling.com\/pl\/2021\/01\/08\/w-nowy-rok-wjechali-z-przytupem-swiatowy-peleton-juz-sie-rozkreca\/#breadcrumb"},"inLanguage":"pl-PL","potentialAction":[{"@type":"ReadAction","target":["https:\/\/www.welovecycling.com\/pl\/2021\/01\/08\/w-nowy-rok-wjechali-z-przytupem-swiatowy-peleton-juz-sie-rozkreca\/"]}]},{"@type":"ImageObject","inLanguage":"pl-PL","@id":"https:\/\/www.welovecycling.com\/pl\/2021\/01\/08\/w-nowy-rok-wjechali-z-przytupem-swiatowy-peleton-juz-sie-rozkreca\/#primaryimage","url":"https:\/\/d2p6e6u75xmxt8.cloudfront.net\/5\/2021\/01\/New-Years-Christmas-profimedia-0579167435-CVR-1024x450-1.jpg","contentUrl":"https:\/\/d2p6e6u75xmxt8.cloudfront.net\/5\/2021\/01\/New-Years-Christmas-profimedia-0579167435-CVR-1024x450-1.jpg","width":1024,"height":450},{"@type":"BreadcrumbList","@id":"https:\/\/www.welovecycling.com\/pl\/2021\/01\/08\/w-nowy-rok-wjechali-z-przytupem-swiatowy-peleton-juz-sie-rozkreca\/#breadcrumb","itemListElement":[{"@type":"ListItem","position":1,"name":"Home","item":"https:\/\/www.welovecycling.com\/pl\/"},{"@type":"ListItem","position":2,"name":"W Nowy Rok wjechali z przytupem! \u015awiatowy peleton ju\u017c si\u0119 rozkr\u0119ca"}]},{"@type":"WebSite","@id":"https:\/\/www.welovecycling.com\/pl\/#website","url":"https:\/\/www.welovecycling.com\/pl\/","name":"\u0160koda We Love Cycling - Poland","description":"","potentialAction":[{"@type":"SearchAction","target":{"@type":"EntryPoint","urlTemplate":"https:\/\/www.welovecycling.com\/pl\/?s={search_term_string}"},"query-input":{"@type":"PropertyValueSpecification","valueRequired":true,"valueName":"search_term_string"}}],"inLanguage":"pl-PL"},{"@type":"Person","@id":"https:\/\/www.welovecycling.com\/pl\/#\/schema\/person\/4a79bac7bd265aa6a35a1079d36648be","name":"oktawiamikulska","image":{"@type":"ImageObject","inLanguage":"pl-PL","@id":"https:\/\/www.welovecycling.com\/pl\/#\/schema\/person\/image\/","url":"https:\/\/secure.gravatar.com\/avatar\/b97a3f44e2de6d2f8dd358975937e49823662e12cbd810b9d1a2bff1c149e8a7?s=96&d=mm&r=g","contentUrl":"https:\/\/secure.gravatar.com\/avatar\/b97a3f44e2de6d2f8dd358975937e49823662e12cbd810b9d1a2bff1c149e8a7?s=96&d=mm&r=g","caption":"oktawiamikulska"},"url":"https:\/\/www.welovecycling.com\/pl\/author\/oktawiamikulska\/"}]}},"_links":{"self":[{"href":"https:\/\/www.welovecycling.com\/pl\/wp-json\/wp\/v2\/posts\/11400","targetHints":{"allow":["GET"]}}],"collection":[{"href":"https:\/\/www.welovecycling.com\/pl\/wp-json\/wp\/v2\/posts"}],"about":[{"href":"https:\/\/www.welovecycling.com\/pl\/wp-json\/wp\/v2\/types\/post"}],"author":[{"embeddable":true,"href":"https:\/\/www.welovecycling.com\/pl\/wp-json\/wp\/v2\/users\/125"}],"replies":[{"embeddable":true,"href":"https:\/\/www.welovecycling.com\/pl\/wp-json\/wp\/v2\/comments?post=11400"}],"version-history":[{"count":1,"href":"https:\/\/www.welovecycling.com\/pl\/wp-json\/wp\/v2\/posts\/11400\/revisions"}],"predecessor-version":[{"id":11412,"href":"https:\/\/www.welovecycling.com\/pl\/wp-json\/wp\/v2\/posts\/11400\/revisions\/11412"}],"wp:featuredmedia":[{"embeddable":true,"href":"https:\/\/www.welovecycling.com\/pl\/wp-json\/wp\/v2\/media\/11411"}],"wp:attachment":[{"href":"https:\/\/www.welovecycling.com\/pl\/wp-json\/wp\/v2\/media?parent=11400"}],"wp:term":[{"taxonomy":"category","embeddable":true,"href":"https:\/\/www.welovecycling.com\/pl\/wp-json\/wp\/v2\/categories?post=11400"},{"taxonomy":"post_tag","embeddable":true,"href":"https:\/\/www.welovecycling.com\/pl\/wp-json\/wp\/v2\/tags?post=11400"},{"taxonomy":"global-categories","embeddable":true,"href":"https:\/\/www.welovecycling.com\/pl\/wp-json\/wp\/v2\/global-categories?post=11400"}],"curies":[{"name":"wp","href":"https:\/\/api.w.org\/{rel}","templated":true}]}}