{"id":11390,"date":"2020-12-30T11:15:17","date_gmt":"2020-12-30T11:15:17","guid":{"rendered":"https:\/\/www.welovecycling.com\/pl\/?p=11390"},"modified":"2020-12-29T11:28:21","modified_gmt":"2020-12-29T11:28:21","slug":"za-nami-wielki-test-dla-swiatowego-kolarstwa-co-dalej","status":"publish","type":"post","link":"https:\/\/www.welovecycling.com\/pl\/2020\/12\/30\/za-nami-wielki-test-dla-swiatowego-kolarstwa-co-dalej\/","title":{"rendered":"Za nami wielki test dla \u015bwiatowego kolarstwa! Co dalej?"},"content":{"rendered":"<p><strong>To by\u0142 bardzo trudny dla zawodowego kolarstwa. Kto wie, czy wi\u0119cej wysi\u0142ku nie kosztowa\u0142 organizator\u00f3w wy\u015bcig\u00f3w, ni\u017c samych zawodnik\u00f3w. Oto co wydarzy\u0142o si\u0119 w szalonym 2020 r.<\/strong><\/p>\n<p>Zacz\u0119\u0142o si\u0119 zupe\u0142nie normalnie, bo od zaplanowanego na drug\u0105 po\u0142ow\u0119 stycznia Tour Down Under, kt\u00f3ry wygra\u0142 Australijczyk Richie Porte (Trek-Segafredo). Niestety, ju\u017c wiadomo, \u017ce w 2021 r. ten sam wy\u015bcig nie odb\u0119dzie si\u0119 z powodu pandemii koronawirusa.<\/p>\n<p>W minionym sezonie wszystko sz\u0142o zgodnie z planem mniej wi\u0119cej do pocz\u0105tku marca. Pierwszy znak zapytania pojawi\u0142 si\u0119 przy wy\u015bcig Pary\u017c \u2013 Nicea. Pandemia powoli zaczyna\u0142a rozlewa\u0107 si\u0119 po Europie, ale UCI chcia\u0142a, by wy\u015bcig si\u0119 odby\u0142. Wprowadzono wiele obostrze\u0144, ale mimo to zrezygnowano z rozegrania ostatniego etapu. W tej sytuacji zwyci\u0119zc\u0105 zosta\u0142 Maximilian Schachmann (Bora-Hansgrohe).<\/p>\n<p>Po tym wy\u015bcigu czas dla kolarzy zatrzyma\u0142 si\u0119 i nikt tak naprawd\u0119 nie wiedzia\u0142, kiedy zn\u00f3w b\u0119d\u0105 mogli stan\u0105\u0107 na starcie. Zawodnicy mieli problemy nawet z treningiem w dru\u017cynach, a podczas lockdownu wymy\u015blali r\u00f3\u017cne sposoby, by podtrzyma\u0107 form\u0119. Do gry wesz\u0142y trena\u017cery i wirtualne wy\u015bcigi, byle tylko by\u0107 gotowym na moment, gdy zn\u00f3w b\u0119dzie mo\u017cna zacz\u0105\u0107 si\u0119 \u015bciga\u0107<\/p>\n<div class=\"embed-controller-wrapper\">\n<blockquote class=\"twitter-tweet\" data-width=\"500\" data-dnt=\"true\">\n<p lang=\"en\" dir=\"ltr\">\ud83e\udd47 <a href=\"https:\/\/twitter.com\/chrisfroome?ref_src=twsrc%5Etfw\">@chrisfroome<\/a> <br \/>\ud83e\udd48 <a href=\"https:\/\/twitter.com\/KP24?ref_src=twsrc%5Etfw\">@KP24<\/a> <br \/>\ud83e\udd49 <a href=\"https:\/\/twitter.com\/MelanieCmusic?ref_src=twsrc%5Etfw\">@MelanieCmusic<\/a> <\/p>\n<p>It went down to the final 200 metres, but the Tour De France champion claims glory in the <a href=\"https:\/\/twitter.com\/hashtag\/WheelsForHeroes?src=hash&amp;ref_src=twsrc%5Etfw\">#WheelsForHeroes<\/a> race which helped raise money for charity <\/p>\n<p>More: <a href=\"https:\/\/t.co\/bN1vnYWpbP\">https:\/\/t.co\/bN1vnYWpbP<\/a> <a href=\"https:\/\/t.co\/zGF1jo0Yj1\">pic.twitter.com\/zGF1jo0Yj1<\/a><\/p>\n<p>&mdash; Sky Sports (@SkySports) <a href=\"https:\/\/twitter.com\/SkySports\/status\/1269712436459945985?ref_src=twsrc%5Etfw\">June 7, 2020<\/a><\/p><\/blockquote>\n<p><script async data-src=\"https:\/\/platform.twitter.com\/widgets.js\" charset=\"utf-8\"><\/script><\/div>\n<p>&nbsp;<\/p>\n<div class=\"embed-controller-wrapper\">\n<blockquote class=\"twitter-tweet\" data-width=\"500\" data-dnt=\"true\">\n<p lang=\"en\" dir=\"ltr\">Never. Ever. Race. Your. Teammates \ud83d\ude11 @TeamINEOS eRace &#8211; that hurts!<\/p>\n<p>\u2714\ufe0f <a href=\"https:\/\/twitter.com\/Pinarello_com?ref_src=twsrc%5Etfw\">@Pinarello_com<\/a> <br \/>\u2714\ufe0f <a href=\"https:\/\/twitter.com\/CastelliCycling?ref_src=twsrc%5Etfw\">@CastelliCycling<\/a><br \/>\u2714\ufe0f <a href=\"https:\/\/twitter.com\/wahoofitness?ref_src=twsrc%5Etfw\">@wahoofitness<\/a><br \/>\u2714\ufe0f<a href=\"https:\/\/twitter.com\/ScienceinSport?ref_src=twsrc%5Etfw\">@ScienceinSport<\/a> <a href=\"https:\/\/t.co\/kXc0foU7NG\">pic.twitter.com\/kXc0foU7NG<\/a><\/p>\n<p>&mdash; Micha\u0142 Kwiatkowski (@kwiato) <a href=\"https:\/\/twitter.com\/kwiato\/status\/1269328485782376451?ref_src=twsrc%5Etfw\">June 6, 2020<\/a><\/p><\/blockquote>\n<p><script async data-src=\"https:\/\/platform.twitter.com\/widgets.js\" charset=\"utf-8\"><\/script><\/div>\n<p>Zawodnicy kombinowali z treningami jak mogli, a organizatorzy g\u0142owili si\u0119 nad takim u\u0142o\u017ceniem kalendarza, by zaraz po za\u015bwieceniu zielonego \u015bwiat\u0142a mogli rozegra\u0107 jak najwi\u0119cej wy\u015bcig\u00f3w. Najtrudniejszym zadaniem by\u0142o upchni\u0119cie w ci\u0105gu trzech miesi\u0119cy trzech najwa\u017cniejszych wy\u015bcig\u00f3w: Tour de France, Giro d\u2019Italia i Vuelta a Espana.<\/p>\n<p>Zawodowy peleton w UCI World Tour do rywalizacji wr\u00f3ci\u0142 dok\u0142adnie 1 sierpnia wy\u015bcigiem Strade Bianche (zwyci\u0119stwo Wouta Van Aerta z Jumbo-Visma). W elitarnym gronie wy\u015bcig\u00f3w, kt\u00f3re odby\u0142y si\u0119 w 2020 r. znalaz\u0142o si\u0119 r\u00f3wnie\u017c Tour de Pologne, kt\u00f3re wygra\u0142 Remco Evenepoel (Deceuninck-Quick Step).<\/p>\n<p>Bardzo nietypowo odby\u0142 si\u0119 r\u00f3wnie\u017c najwi\u0119kszy wy\u015bcig \u015bwiata \u2013 Tour de France. Na og\u00f3\u0142 Wielka P\u0119tla przypada na lipiec, a w tym roku kolarze jechali od 29 sierpnia do 20 wrze\u015bnia.<\/p>\n<p>Wy\u015bcig by\u0142 pasjonuj\u0105cy, cho\u0107 r\u00f3wnie dobrze m\u00f3g\u0142by by\u0107\u2026 mistrzostwami S\u0142owenii. Do ko\u0144ca o zwyci\u0119stwo walczyli bowiem Tadej Pogacar z Primo\u017cem Rogliciem, ale ten pierwszy zdecydowanie wygra\u0142 przedostatni etap, czyli jazd\u0119 na czas, i na Pole Elizejskie wjecha\u0142 w \u017c\u00f3\u0142tej koszulce lidera.<\/p>\n<div class=\"embed-controller-wrapper\">\n<blockquote class=\"twitter-tweet\" data-width=\"500\" data-dnt=\"true\">\n<p lang=\"en\" dir=\"ltr\">\ud83e\udd29 Legendary finish up La Planche des Belles Filles!<\/p>\n<p>\ud83c\udfac Tune in for the 1 minute highlights of stage 20.<a href=\"https:\/\/twitter.com\/hashtag\/TDF2020?src=hash&amp;ref_src=twsrc%5Etfw\">#TDF2020<\/a> <a href=\"https:\/\/twitter.com\/hashtag\/TDFunited?src=hash&amp;ref_src=twsrc%5Etfw\">#TDFunited<\/a> <a href=\"https:\/\/t.co\/ICDe94iH14\">pic.twitter.com\/ICDe94iH14<\/a><\/p>\n<p>&mdash; Tour de France\u2122 (@LeTour) <a href=\"https:\/\/twitter.com\/LeTour\/status\/1307374243391438850?ref_src=twsrc%5Etfw\">September 19, 2020<\/a><\/p><\/blockquote>\n<p><script async data-src=\"https:\/\/platform.twitter.com\/widgets.js\" charset=\"utf-8\"><\/script><\/div>\n<p>Pi\u0119kna walka rozegra\u0142a si\u0119 r\u00f3wnie\u017c o zielon\u0105 koszulk\u0119 sponsorowan\u0105 przez \u0160kod\u0119. Ostatecznie w klasyfikacji punktowej triumfowa\u0142 Irlandczyk Sam Bennett (Deceuninck-Quick-Step), kt\u00f3ry zdetronizowa\u0142 Petera Sagana (Bora-Hansgrohe).<\/p>\n<div class=\"embed-controller-wrapper\">\n<blockquote class=\"twitter-tweet\" data-width=\"500\" data-dnt=\"true\">\n<p lang=\"fr\" dir=\"ltr\">\ud83d\ude46\u200d\u2642\ufe0f When you realize that you&#39;ve won the sprint on the Champs-Elys\u00e9es as well as the green jersey \ud83d\udc9a<\/p>\n<p>\ud83d\ude46\u200d\u2642\ufe0f Quand tu r\u00e9alises que tu as remport\u00e9 le sprint sur les Champs Elys\u00e9es et le maillot vert \ud83d\udc9a<a href=\"https:\/\/twitter.com\/hashtag\/TDF2020?src=hash&amp;ref_src=twsrc%5Etfw\">#TDF2020<\/a> <a href=\"https:\/\/twitter.com\/Sammmy_Be?ref_src=twsrc%5Etfw\">@Sammmy_Be<\/a> <a href=\"https:\/\/twitter.com\/deceuninck_qst?ref_src=twsrc%5Etfw\">@deceuninck_qst<\/a> <a href=\"https:\/\/t.co\/UyayBhXOc7\">pic.twitter.com\/UyayBhXOc7<\/a><\/p>\n<p>&mdash; Tour de France\u2122 (@LeTour) <a href=\"https:\/\/twitter.com\/LeTour\/status\/1307761150881345538?ref_src=twsrc%5Etfw\">September 20, 2020<\/a><\/p><\/blockquote>\n<p><script async data-src=\"https:\/\/platform.twitter.com\/widgets.js\" charset=\"utf-8\"><\/script><\/div>\n<p>Wielkie chwile podczas tegorocznego Tour de France prze\u017cywali r\u00f3wnie\u017c polscy kibice. A to dzi\u0119ki Micha\u0142owi Kwiatkowskiemu (Ineos Grenadiers), kt\u00f3ry by\u0142 najszybszy na 18. etapie. Tym samym \u201eKwiato\u201d zosta\u0142 czwartym Polakiem, kt\u00f3ry wygra\u0142 etap Wielkiej P\u0119tli. \u2013 Nie zapomn\u0119 tego zwyci\u0119stwa do ko\u0144ca \u017cycia \u2013 m\u00f3wi\u0142 wzruszony na mecie.<\/p>\n<div class=\"embed-controller-wrapper\">\n<blockquote class=\"twitter-tweet\" data-width=\"500\" data-dnt=\"true\">\n<p lang=\"en\" dir=\"ltr\">\ud83c\udfc6 Double delight for <a href=\"https:\/\/twitter.com\/INEOSGrenadiers?ref_src=twsrc%5Etfw\">@INEOSGrenadiers<\/a> , \ud83c\uddf5\ud83c\uddf1 <a href=\"https:\/\/twitter.com\/kwiato?ref_src=twsrc%5Etfw\">@kwiato<\/a> for the win, \ud83c\uddea\ud83c\udde8 <a href=\"https:\/\/twitter.com\/RichardCarapazM?ref_src=twsrc%5Etfw\">@RichardCarapazM<\/a> for the mountain jersey. \u26aa\ud83d\udd34<\/p>\n<p>\ud83d\udc9b\ud83c\uddf8\ud83c\uddee <a href=\"https:\/\/twitter.com\/rogla?ref_src=twsrc%5Etfw\">@rogla<\/a> is getting closer to the win!<\/p>\n<p>\ud83d\udd0a Pump up the sound and enjoy the highlights of stage 18.<a href=\"https:\/\/twitter.com\/hashtag\/TDF2020?src=hash&amp;ref_src=twsrc%5Etfw\">#TDF2020<\/a> <a href=\"https:\/\/twitter.com\/hashtag\/TDFunited?src=hash&amp;ref_src=twsrc%5Etfw\">#TDFunited<\/a> <a href=\"https:\/\/t.co\/ypziYWvQUO\">pic.twitter.com\/ypziYWvQUO<\/a><\/p>\n<p>&mdash; Tour de France\u2122 (@LeTour) <a href=\"https:\/\/twitter.com\/LeTour\/status\/1306651632449380352?ref_src=twsrc%5Etfw\">September 17, 2020<\/a><\/p><\/blockquote>\n<p><script async data-src=\"https:\/\/platform.twitter.com\/widgets.js\" charset=\"utf-8\"><\/script><\/div>\n<p>Kolejne dwa najwi\u0119ksze wy\u015bcigi zosta\u0142y rozegrane nietypowo. W kalendarzu UCI by\u0142o bowiem tak ciasno, \u017ce zawodnicy musieli decydowa\u0107, czy pojad\u0105 w Giro d\u2019Italia, czy w Vuelta a Espana, poniewa\u017c wy\u015bcigi nak\u0142ada\u0142y si\u0119. Gdy w Hiszpanii zawodnicy stawali na starcie, to we W\u0142oszech w\u0142a\u015bnie rozgrywano decyduj\u0105ce etapy. Najlepiej w nich spisa\u0142 si\u0119 Tao Geoghegan Hart (Ineos Grenadiers), kt\u00f3ry do\u015b\u0107 niespodziewanie triumfowa\u0142 w ca\u0142ym wy\u015bcigu.<\/p>\n<p>Z kolei w Vuelta a Espana najlepszy by\u0142 Primo\u017e Rogli\u010d (Team Jumbo-Visma), kt\u00f3ry tym samym os\u0142odzi\u0142 sobie przegran\u0105 ko\u0144c\u00f3wk\u0119 w Tour de France.<\/p>\n<div class=\"embed-controller-wrapper\">\n<blockquote class=\"twitter-tweet\" data-width=\"500\" data-dnt=\"true\">\n<p lang=\"en\" dir=\"ltr\">\ud83c\uddea\ud83c\uddf8 <a href=\"https:\/\/twitter.com\/hashtag\/LaVuelta20?src=hash&amp;ref_src=twsrc%5Etfw\">#LaVuelta20<\/a> <\/p>\n<p>That moment you realize&#8230;\ud83e\udd2f <a href=\"https:\/\/t.co\/kyLY8oSxBQ\">pic.twitter.com\/kyLY8oSxBQ<\/a><\/p>\n<p>&mdash; Team Visma | Lease a Bike (@vismaleaseabike) <a href=\"https:\/\/twitter.com\/vismaleaseabike\/status\/1325149920030990336?ref_src=twsrc%5Etfw\">November 7, 2020<\/a><\/p><\/blockquote>\n<p><script async data-src=\"https:\/\/platform.twitter.com\/widgets.js\" charset=\"utf-8\"><\/script><\/div>\n<p>Rok 2020 by\u0142 bardzo trudny dla kolarstwa, a w pewnym momencie sta\u0142 si\u0119 te\u017c sprawdzianem organizacyjnym, kt\u00f3ry w zdecydowanej wi\u0119kszo\u015bci uda\u0142o si\u0119 zda\u0107. Jak b\u0119dzie w 2021 r.? Na razie wiadomo, \u017ce dwa pierwsze wy\u015bcigi UCI World Tour (Tour Down Under oraz Cadel Evans Great Ocean Road Race) zosta\u0142y odwo\u0142ane i na ten moment inauguracja \u015bcigania planowana jest podczas UAE Tour (21 \u2013 27 lutego). Czy to si\u0119 uda? Czas poka\u017ce.<\/p>\n<p><span data-sheets-value=\"{&quot;1&quot;:2,&quot;2&quot;:&quot;Artyku\u0142 powsta\u0142 we wsp\u00f3\u0142pracy ze skoda-auto.pl&quot;}\" data-sheets-userformat=\"{&quot;2&quot;:1,&quot;3&quot;:{&quot;1&quot;:0}}\" data-sheets-hyperlink=\"http:\/\/www.skoda-auto.pl\/\"><a class=\"in-cell-link\" href=\"http:\/\/www.skoda-auto.pl\/\" target=\"_blank\" rel=\"noopener noreferrer\">Artyku\u0142 powsta\u0142 we wsp\u00f3\u0142pracy ze skoda-auto.pl<\/a><\/span><\/p>\n<p>&nbsp;<\/p>\n<p><a href=\"https:\/\/www.skoda-auto.pl\/modele\/karoq\"><img loading=\"lazy\" decoding=\"async\" class=\"aligncenter wp-image-9609 size-full loading\" src=\"https:\/\/d2p6e6u75xmxt8.cloudfront.net\/5\/2019\/08\/baner_WLC_640x350_4.png\" sizes=\"auto, (max-width: 640px) 100vw, 640px\" srcset=\"https:\/\/d2p6e6u75xmxt8.cloudfront.net\/5\/2019\/08\/baner_WLC_640x350_4.png 640w, https:\/\/d2p6e6u75xmxt8.cloudfront.net\/5\/2019\/08\/baner_WLC_640x350_4-300x164.png 300w\" alt=\"\" width=\"640\" height=\"350\" data-was-processed=\"true\" \/>\u00a0<\/a><\/p>\n<p>&nbsp;<\/p>\n<p>&nbsp;<\/p>\n<p>&nbsp;<\/p>\n","protected":false},"excerpt":{"rendered":"<p>To by\u0142 bardzo trudny dla zawodowego kolarstwa. Kto wie, czy wi\u0119cej wysi\u0142ku nie kosztowa\u0142 organizator\u00f3w wy\u015bcig\u00f3w, ni\u017c samych zawodnik\u00f3w. Oto [&hellip;]<\/p>\n","protected":false},"author":125,"featured_media":11394,"comment_status":"open","ping_status":"open","sticky":false,"template":"","format":"standard","meta":{"footnotes":""},"categories":[332],"tags":[],"global-categories":[303],"class_list":["post-11390","post","type-post","status-publish","format-standard","has-post-thumbnail","hentry","category-lifestyle","global-categories-cycling"],"yoast_head":"<!-- This site is optimized with the Yoast SEO Premium plugin v25.3 (Yoast SEO v25.9) - https:\/\/yoast.com\/wordpress\/plugins\/seo\/ -->\n<title>Za nami wielki test dla \u015bwiatowego kolarstwa! Co dalej? - \u0160koda We Love Cycling - Poland<\/title>\n<meta name=\"robots\" content=\"index, follow, max-snippet:-1, max-image-preview:large, max-video-preview:-1\" \/>\n<link rel=\"canonical\" href=\"https:\/\/www.welovecycling.com\/pl\/2020\/12\/30\/za-nami-wielki-test-dla-swiatowego-kolarstwa-co-dalej\/\" \/>\n<meta property=\"og:locale\" content=\"pl_PL\" \/>\n<meta property=\"og:type\" content=\"article\" \/>\n<meta property=\"og:title\" content=\"Za nami wielki test dla \u015bwiatowego kolarstwa! Co dalej?\" \/>\n<meta property=\"og:description\" content=\"To by\u0142 bardzo trudny dla zawodowego kolarstwa. Kto wie, czy wi\u0119cej wysi\u0142ku nie kosztowa\u0142 organizator\u00f3w wy\u015bcig\u00f3w, ni\u017c samych zawodnik\u00f3w. Oto [&hellip;]\" \/>\n<meta property=\"og:url\" content=\"https:\/\/www.welovecycling.com\/pl\/2020\/12\/30\/za-nami-wielki-test-dla-swiatowego-kolarstwa-co-dalej\/\" \/>\n<meta property=\"og:site_name\" content=\"\u0160koda We Love Cycling - Poland\" \/>\n<meta property=\"article:published_time\" content=\"2020-12-30T11:15:17+00:00\" \/>\n<meta property=\"og:image\" content=\"https:\/\/d2p6e6u75xmxt8.cloudfront.net\/5\/2020\/12\/Pogacar-Tour-profimedia-0558807037-CVR-1024x450-1.jpg\" \/>\n\t<meta property=\"og:image:width\" content=\"1024\" \/>\n\t<meta property=\"og:image:height\" content=\"450\" \/>\n\t<meta property=\"og:image:type\" content=\"image\/jpeg\" \/>\n<meta name=\"author\" content=\"oktawiamikulska\" \/>\n<meta name=\"twitter:card\" content=\"summary_large_image\" \/>\n<meta name=\"twitter:label1\" content=\"Written by\" \/>\n\t<meta name=\"twitter:data1\" content=\"Piotr Nowik\" \/>\n\t<meta name=\"twitter:label2\" content=\"Est. reading time\" \/>\n\t<meta name=\"twitter:data2\" content=\"4 minutes\" \/>\n<script type=\"application\/ld+json\" class=\"yoast-schema-graph\">{\"@context\":\"https:\/\/schema.org\",\"@graph\":[{\"@type\":\"WebPage\",\"@id\":\"https:\/\/www.welovecycling.com\/pl\/2020\/12\/30\/za-nami-wielki-test-dla-swiatowego-kolarstwa-co-dalej\/\",\"url\":\"https:\/\/www.welovecycling.com\/pl\/2020\/12\/30\/za-nami-wielki-test-dla-swiatowego-kolarstwa-co-dalej\/\",\"name\":\"Za nami wielki test dla \u015bwiatowego kolarstwa! Co dalej? - \u0160koda We Love Cycling - Poland\",\"isPartOf\":{\"@id\":\"https:\/\/www.welovecycling.com\/pl\/#website\"},\"primaryImageOfPage\":{\"@id\":\"https:\/\/www.welovecycling.com\/pl\/2020\/12\/30\/za-nami-wielki-test-dla-swiatowego-kolarstwa-co-dalej\/#primaryimage\"},\"image\":{\"@id\":\"https:\/\/www.welovecycling.com\/pl\/2020\/12\/30\/za-nami-wielki-test-dla-swiatowego-kolarstwa-co-dalej\/#primaryimage\"},\"thumbnailUrl\":\"https:\/\/d2p6e6u75xmxt8.cloudfront.net\/5\/2020\/12\/Pogacar-Tour-profimedia-0558807037-CVR-1024x450-1.jpg\",\"datePublished\":\"2020-12-30T11:15:17+00:00\",\"author\":{\"@id\":\"https:\/\/www.welovecycling.com\/pl\/#\/schema\/person\/4a79bac7bd265aa6a35a1079d36648be\"},\"breadcrumb\":{\"@id\":\"https:\/\/www.welovecycling.com\/pl\/2020\/12\/30\/za-nami-wielki-test-dla-swiatowego-kolarstwa-co-dalej\/#breadcrumb\"},\"inLanguage\":\"pl-PL\",\"potentialAction\":[{\"@type\":\"ReadAction\",\"target\":[\"https:\/\/www.welovecycling.com\/pl\/2020\/12\/30\/za-nami-wielki-test-dla-swiatowego-kolarstwa-co-dalej\/\"]}]},{\"@type\":\"ImageObject\",\"inLanguage\":\"pl-PL\",\"@id\":\"https:\/\/www.welovecycling.com\/pl\/2020\/12\/30\/za-nami-wielki-test-dla-swiatowego-kolarstwa-co-dalej\/#primaryimage\",\"url\":\"https:\/\/d2p6e6u75xmxt8.cloudfront.net\/5\/2020\/12\/Pogacar-Tour-profimedia-0558807037-CVR-1024x450-1.jpg\",\"contentUrl\":\"https:\/\/d2p6e6u75xmxt8.cloudfront.net\/5\/2020\/12\/Pogacar-Tour-profimedia-0558807037-CVR-1024x450-1.jpg\",\"width\":1024,\"height\":450},{\"@type\":\"BreadcrumbList\",\"@id\":\"https:\/\/www.welovecycling.com\/pl\/2020\/12\/30\/za-nami-wielki-test-dla-swiatowego-kolarstwa-co-dalej\/#breadcrumb\",\"itemListElement\":[{\"@type\":\"ListItem\",\"position\":1,\"name\":\"Home\",\"item\":\"https:\/\/www.welovecycling.com\/pl\/\"},{\"@type\":\"ListItem\",\"position\":2,\"name\":\"Za nami wielki test dla \u015bwiatowego kolarstwa! Co dalej?\"}]},{\"@type\":\"WebSite\",\"@id\":\"https:\/\/www.welovecycling.com\/pl\/#website\",\"url\":\"https:\/\/www.welovecycling.com\/pl\/\",\"name\":\"\u0160koda We Love Cycling - Poland\",\"description\":\"\",\"potentialAction\":[{\"@type\":\"SearchAction\",\"target\":{\"@type\":\"EntryPoint\",\"urlTemplate\":\"https:\/\/www.welovecycling.com\/pl\/?s={search_term_string}\"},\"query-input\":{\"@type\":\"PropertyValueSpecification\",\"valueRequired\":true,\"valueName\":\"search_term_string\"}}],\"inLanguage\":\"pl-PL\"},{\"@type\":\"Person\",\"@id\":\"https:\/\/www.welovecycling.com\/pl\/#\/schema\/person\/4a79bac7bd265aa6a35a1079d36648be\",\"name\":\"oktawiamikulska\",\"image\":{\"@type\":\"ImageObject\",\"inLanguage\":\"pl-PL\",\"@id\":\"https:\/\/www.welovecycling.com\/pl\/#\/schema\/person\/image\/\",\"url\":\"https:\/\/secure.gravatar.com\/avatar\/b97a3f44e2de6d2f8dd358975937e49823662e12cbd810b9d1a2bff1c149e8a7?s=96&d=mm&r=g\",\"contentUrl\":\"https:\/\/secure.gravatar.com\/avatar\/b97a3f44e2de6d2f8dd358975937e49823662e12cbd810b9d1a2bff1c149e8a7?s=96&d=mm&r=g\",\"caption\":\"oktawiamikulska\"},\"url\":\"https:\/\/www.welovecycling.com\/pl\/author\/oktawiamikulska\/\"}]}<\/script>\n<!-- \/ Yoast SEO Premium plugin. -->","yoast_head_json":{"title":"Za nami wielki test dla \u015bwiatowego kolarstwa! Co dalej? - \u0160koda We Love Cycling - Poland","robots":{"index":"index","follow":"follow","max-snippet":"max-snippet:-1","max-image-preview":"max-image-preview:large","max-video-preview":"max-video-preview:-1"},"canonical":"https:\/\/www.welovecycling.com\/pl\/2020\/12\/30\/za-nami-wielki-test-dla-swiatowego-kolarstwa-co-dalej\/","og_locale":"pl_PL","og_type":"article","og_title":"Za nami wielki test dla \u015bwiatowego kolarstwa! Co dalej?","og_description":"To by\u0142 bardzo trudny dla zawodowego kolarstwa. Kto wie, czy wi\u0119cej wysi\u0142ku nie kosztowa\u0142 organizator\u00f3w wy\u015bcig\u00f3w, ni\u017c samych zawodnik\u00f3w. Oto [&hellip;]","og_url":"https:\/\/www.welovecycling.com\/pl\/2020\/12\/30\/za-nami-wielki-test-dla-swiatowego-kolarstwa-co-dalej\/","og_site_name":"\u0160koda We Love Cycling - Poland","article_published_time":"2020-12-30T11:15:17+00:00","og_image":[{"width":1024,"height":450,"url":"https:\/\/d2p6e6u75xmxt8.cloudfront.net\/5\/2020\/12\/Pogacar-Tour-profimedia-0558807037-CVR-1024x450-1.jpg","type":"image\/jpeg"}],"author":"oktawiamikulska","twitter_card":"summary_large_image","twitter_misc":{"Written by":"Piotr Nowik","Est. reading time":"4 minutes"},"schema":{"@context":"https:\/\/schema.org","@graph":[{"@type":"WebPage","@id":"https:\/\/www.welovecycling.com\/pl\/2020\/12\/30\/za-nami-wielki-test-dla-swiatowego-kolarstwa-co-dalej\/","url":"https:\/\/www.welovecycling.com\/pl\/2020\/12\/30\/za-nami-wielki-test-dla-swiatowego-kolarstwa-co-dalej\/","name":"Za nami wielki test dla \u015bwiatowego kolarstwa! Co dalej? - \u0160koda We Love Cycling - Poland","isPartOf":{"@id":"https:\/\/www.welovecycling.com\/pl\/#website"},"primaryImageOfPage":{"@id":"https:\/\/www.welovecycling.com\/pl\/2020\/12\/30\/za-nami-wielki-test-dla-swiatowego-kolarstwa-co-dalej\/#primaryimage"},"image":{"@id":"https:\/\/www.welovecycling.com\/pl\/2020\/12\/30\/za-nami-wielki-test-dla-swiatowego-kolarstwa-co-dalej\/#primaryimage"},"thumbnailUrl":"https:\/\/d2p6e6u75xmxt8.cloudfront.net\/5\/2020\/12\/Pogacar-Tour-profimedia-0558807037-CVR-1024x450-1.jpg","datePublished":"2020-12-30T11:15:17+00:00","author":{"@id":"https:\/\/www.welovecycling.com\/pl\/#\/schema\/person\/4a79bac7bd265aa6a35a1079d36648be"},"breadcrumb":{"@id":"https:\/\/www.welovecycling.com\/pl\/2020\/12\/30\/za-nami-wielki-test-dla-swiatowego-kolarstwa-co-dalej\/#breadcrumb"},"inLanguage":"pl-PL","potentialAction":[{"@type":"ReadAction","target":["https:\/\/www.welovecycling.com\/pl\/2020\/12\/30\/za-nami-wielki-test-dla-swiatowego-kolarstwa-co-dalej\/"]}]},{"@type":"ImageObject","inLanguage":"pl-PL","@id":"https:\/\/www.welovecycling.com\/pl\/2020\/12\/30\/za-nami-wielki-test-dla-swiatowego-kolarstwa-co-dalej\/#primaryimage","url":"https:\/\/d2p6e6u75xmxt8.cloudfront.net\/5\/2020\/12\/Pogacar-Tour-profimedia-0558807037-CVR-1024x450-1.jpg","contentUrl":"https:\/\/d2p6e6u75xmxt8.cloudfront.net\/5\/2020\/12\/Pogacar-Tour-profimedia-0558807037-CVR-1024x450-1.jpg","width":1024,"height":450},{"@type":"BreadcrumbList","@id":"https:\/\/www.welovecycling.com\/pl\/2020\/12\/30\/za-nami-wielki-test-dla-swiatowego-kolarstwa-co-dalej\/#breadcrumb","itemListElement":[{"@type":"ListItem","position":1,"name":"Home","item":"https:\/\/www.welovecycling.com\/pl\/"},{"@type":"ListItem","position":2,"name":"Za nami wielki test dla \u015bwiatowego kolarstwa! Co dalej?"}]},{"@type":"WebSite","@id":"https:\/\/www.welovecycling.com\/pl\/#website","url":"https:\/\/www.welovecycling.com\/pl\/","name":"\u0160koda We Love Cycling - Poland","description":"","potentialAction":[{"@type":"SearchAction","target":{"@type":"EntryPoint","urlTemplate":"https:\/\/www.welovecycling.com\/pl\/?s={search_term_string}"},"query-input":{"@type":"PropertyValueSpecification","valueRequired":true,"valueName":"search_term_string"}}],"inLanguage":"pl-PL"},{"@type":"Person","@id":"https:\/\/www.welovecycling.com\/pl\/#\/schema\/person\/4a79bac7bd265aa6a35a1079d36648be","name":"oktawiamikulska","image":{"@type":"ImageObject","inLanguage":"pl-PL","@id":"https:\/\/www.welovecycling.com\/pl\/#\/schema\/person\/image\/","url":"https:\/\/secure.gravatar.com\/avatar\/b97a3f44e2de6d2f8dd358975937e49823662e12cbd810b9d1a2bff1c149e8a7?s=96&d=mm&r=g","contentUrl":"https:\/\/secure.gravatar.com\/avatar\/b97a3f44e2de6d2f8dd358975937e49823662e12cbd810b9d1a2bff1c149e8a7?s=96&d=mm&r=g","caption":"oktawiamikulska"},"url":"https:\/\/www.welovecycling.com\/pl\/author\/oktawiamikulska\/"}]}},"_links":{"self":[{"href":"https:\/\/www.welovecycling.com\/pl\/wp-json\/wp\/v2\/posts\/11390","targetHints":{"allow":["GET"]}}],"collection":[{"href":"https:\/\/www.welovecycling.com\/pl\/wp-json\/wp\/v2\/posts"}],"about":[{"href":"https:\/\/www.welovecycling.com\/pl\/wp-json\/wp\/v2\/types\/post"}],"author":[{"embeddable":true,"href":"https:\/\/www.welovecycling.com\/pl\/wp-json\/wp\/v2\/users\/125"}],"replies":[{"embeddable":true,"href":"https:\/\/www.welovecycling.com\/pl\/wp-json\/wp\/v2\/comments?post=11390"}],"version-history":[{"count":1,"href":"https:\/\/www.welovecycling.com\/pl\/wp-json\/wp\/v2\/posts\/11390\/revisions"}],"predecessor-version":[{"id":11395,"href":"https:\/\/www.welovecycling.com\/pl\/wp-json\/wp\/v2\/posts\/11390\/revisions\/11395"}],"wp:featuredmedia":[{"embeddable":true,"href":"https:\/\/www.welovecycling.com\/pl\/wp-json\/wp\/v2\/media\/11394"}],"wp:attachment":[{"href":"https:\/\/www.welovecycling.com\/pl\/wp-json\/wp\/v2\/media?parent=11390"}],"wp:term":[{"taxonomy":"category","embeddable":true,"href":"https:\/\/www.welovecycling.com\/pl\/wp-json\/wp\/v2\/categories?post=11390"},{"taxonomy":"post_tag","embeddable":true,"href":"https:\/\/www.welovecycling.com\/pl\/wp-json\/wp\/v2\/tags?post=11390"},{"taxonomy":"global-categories","embeddable":true,"href":"https:\/\/www.welovecycling.com\/pl\/wp-json\/wp\/v2\/global-categories?post=11390"}],"curies":[{"name":"wp","href":"https:\/\/api.w.org\/{rel}","templated":true}]}}