{"id":11379,"date":"2020-12-29T11:14:54","date_gmt":"2020-12-29T11:14:54","guid":{"rendered":"https:\/\/www.welovecycling.com\/pl\/?p=11379"},"modified":"2020-12-29T11:14:54","modified_gmt":"2020-12-29T11:14:54","slug":"to-byly-wyjatkowe-swieta-zagladamy-pod-choinki-kolarzy","status":"publish","type":"post","link":"https:\/\/www.welovecycling.com\/pl\/2020\/12\/29\/to-byly-wyjatkowe-swieta-zagladamy-pod-choinki-kolarzy\/","title":{"rendered":"To by\u0142y wyj\u0105tkowe \u015bwi\u0119ta! Zagl\u0105damy pod choinki kolarzy\u2026"},"content":{"rendered":"<p><strong>Najpi\u0119kniejszy prezent, niezwyk\u0142e po\u017cegnanie i kolarscy miko\u0142ajowie. Sprawdzili\u015bmy, jak \u015bwi\u0119ta sp\u0119dzili najlepsi zawodnicy na \u015bwiecie. Zajrzyjcie z nami do ich dom\u00f3w!<\/strong><\/p>\n<p>U Rafa\u0142a Majki te \u015bwi\u0119ta by\u0142y wyj\u0105tkowe. Zawodnik Bora-Hansgrohe (od nowego sezonu b\u0119dzie je\u017adzi\u0142 w UAE Emirates) ju\u017c wcze\u015bniej otrzyma\u0142 pi\u0119kny prezent, poniewa\u017c rodzina Bo\u017ce Narodzenie sp\u0119dzi\u0142a w wi\u0119kszym gronie. Majka po raz drugi zosta\u0142 ojcem, a to \u015bwi\u0105teczne zdj\u0119cie b\u0119dzie pewnie jednym z najwa\u017cniejszych w rodzinnym albumie<\/p>\n<div class=\"embed-controller-wrapper\">\n<blockquote class=\"twitter-tweet\" data-width=\"500\" data-dnt=\"true\">\n<p lang=\"pl\" dir=\"ltr\">\ud83e\udd70Simply having a wonderful Christmas time!<br \/>\ud83c\uddf5\ud83c\uddf1WESO\u0141YCH \u015aWI\u0104T\ud83c\udf84<a href=\"https:\/\/twitter.com\/hashtag\/%C5%9Awieta2020?src=hash&amp;ref_src=twsrc%5Etfw\">#\u015awieta2020<\/a> <a href=\"https:\/\/twitter.com\/hashtag\/Christmas2020?src=hash&amp;ref_src=twsrc%5Etfw\">#Christmas2020<\/a> <a href=\"https:\/\/t.co\/67p2eTlTWX\">pic.twitter.com\/67p2eTlTWX<\/a><\/p>\n<p>&mdash; Rafa\u0142 Majka (@majkaformal) <a href=\"https:\/\/twitter.com\/majkaformal\/status\/1342479306505773056?ref_src=twsrc%5Etfw\">December 25, 2020<\/a><\/p><\/blockquote>\n<p><script async data-src=\"https:\/\/platform.twitter.com\/widgets.js\" charset=\"utf-8\"><\/script><\/div>\n<p>Przed \u015bwi\u0119tami do Majki dotar\u0142a jednak smutna wiadomo\u015b\u0107, poniewa\u017c jego przyjaciel z zespo\u0142u \u2013 Pawe\u0142 Polja\u0144ski \u2013 postanowi\u0142 zako\u0144czy\u0107 karier\u0119. &#8211; Wiem, \u017ce nasza przyja\u017a\u0144 pomaga\u0142a nam by\u0107 lepszymi sportowcami. Dzi\u0119ki za ka\u017cdy dzie\u0144, kt\u00f3ry sp\u0119dzili\u015bmy razem na rowerze. Koniec jednego etapu w naszym \u017cyciu jest pocz\u0105tkiem kolejnego&#8230; Powodzenia \u2013 napisa\u0142 Majka.<\/p>\n<p>Za to Polja\u0144ski z kibicami po\u017cegna\u0142 si\u0119 takim wpisem:<\/p>\n<p>https:\/\/www.instagram.com\/p\/CIxwL1fBbcD\/?utm_source=ig_web_copy_link<\/p>\n<p>&#8211; To by\u0142a jedna z trudniejszych decyzji jak\u0105 musia\u0142em podj\u0105\u0107 w ostatnich latach. Rower od dzieci\u0144stwa by\u0142 moj\u0105 pasj\u0105 i z kolarstwem wi\u0105za\u0142em swoj\u0105 przysz\u0142o\u015b\u0107. Zawsze marzy\u0142em aby trafi\u0107 do najlepszych kolarskich ekip na \u015bwiecie &#8211; i to mi si\u0119 uda\u0142o. Spotka\u0142em wielu wspania\u0142ych ludzi i prze\u017cy\u0142em wiele wspania\u0142ych chwil w kolarskim peletonie. Mimo propozycji pozostania w WorldTourze, chcia\u0142bym jednak zako\u0144czy\u0107 ten etap mojego \u017cycia. Nie podpisa\u0142em kontraktu, gdy\u017c nie dawa\u0142 mi on takich perspektyw na przysz\u0142o\u015b\u0107, jak nowy kierunek kt\u00f3ry obra\u0142em. Kolarstwo nauczy\u0142o mnie wytrwa\u0142o\u015bci oraz kosztowa\u0142o mnie wiele wyrzecze\u0144. Z baga\u017cem do\u015bwiadcze\u0144 rozpoczynam nowy etap w \u017cyciu. Dzi\u0119kuj\u0119 za te wszystkie lata osobom bez kt\u00f3rych nie osi\u0105gn\u0105\u0142bym tak wiele, kt\u00f3rzy byli, wspierali i pomagali mi w sporcie. Ten rok du\u017co zmieni\u0142 w kolarstwie jak i u ka\u017cdego z nas. To by\u0142o ponad 15 lat wspania\u0142ej przygody, jestem szcz\u0119\u015bliwy, \u017ce tyle lat mog\u0142em by\u0107 w kolarstwie, na wy\u015bcigach i ze wszystkimi, kt\u00f3rzy r\u00f3wnie\u017c uwielbiaj\u0105 ten sport. Rower zawsze pozostanie w moim \u017cyciu, jednak teraz chcia\u0142bym realizowa\u0107 si\u0119 w czym\u015b innym \u2013 napisa\u0142 Polja\u0144ski, dla kt\u00f3rego by\u0142y to pierwsze \u015bwi\u0119ta, gdy przy wigilijnym stole nie musia\u0142 liczy\u0107 kilokalorii.<\/p>\n<p>Na pi\u0119kne gesty podczas \u015bwi\u0105t zdobyli si\u0119 wybitni kolarze z Ameryki Po\u0142udniowej. Kolumbijczyk Egan Bernal, zwyci\u0119zca ubieg\u0142orocznego Tour de France, rozdawa\u0142 podarunki dzieciom z okolicy, gdzie dorasta\u0142. \u2013 Gdy widzia\u0142em ich rado\u015b\u0107 po otrzymaniu prezentu, to przekona\u0142em si\u0119, \u017ce to, co zrobili\u015bmy, by\u0142 tego warte \u2013 przyzna\u0142 Bernal.<\/p>\n<div class=\"embed-controller-wrapper\">\n<blockquote class=\"twitter-tweet\" data-width=\"500\" data-dnt=\"true\">\n<p lang=\"es\" dir=\"ltr\">Ayer estuve de nuevo en el barrio donde crec\u00ed, me llen\u00f3 el coraz\u00f3n recorrer cada cuadra en la que jugaba cuando era ni\u00f1o, ver la inocencia de estos peques cuando recib\u00edan su regalito hizo valer la pena yo lo que hicimos \ud83d\udc9a Los quiero mucho Zipaquir\u00e1-Los quiero mucho Colombia!! <a href=\"https:\/\/t.co\/qWJuLlZgEc\">pic.twitter.com\/qWJuLlZgEc<\/a><\/p>\n<p>&mdash; Egan Arley Bernal (@Eganbernal) <a href=\"https:\/\/twitter.com\/Eganbernal\/status\/1342500547027472384?ref_src=twsrc%5Etfw\">December 25, 2020<\/a><\/p><\/blockquote>\n<p><script async data-src=\"https:\/\/platform.twitter.com\/widgets.js\" charset=\"utf-8\"><\/script><\/div>\n<p>Kolarski Miko\u0142aj odwiedzi\u0142 r\u00f3wnie\u017c Ekwador. Czerwony str\u00f3j przywdzia\u0142 Richard Carapaz, zwyci\u0119zca ubieg\u0142orocznego Giro d\u2019Italia<\/p>\n<p>https:\/\/www.instagram.com\/p\/CJJh4t_pdMw\/?utm_source=ig_web_copy_link<\/p>\n<p>Z kolei w domu Alejandro Valverde, mistrza \u015bwiata z 2018 r., \u015bwi\u0119ta up\u0142ywa\u0142y w rodzinnym gronie\u2026<\/p>\n<p>https:\/\/www.instagram.com\/p\/CJMLoP8Jai-\/?utm_source=ig_web_copy_link<\/p>\n<p>\u2026 podobnie jak u Primo\u017ca Roglicia, zwyci\u0119zcy tegorocznej Vuelta a Espana i drugiego zawodnika Tour de France. Tu w rol\u0119 fotografa wcieli\u0142 si\u0119 synek S\u0142owe\u0144ca<\/p>\n<p>https:\/\/www.instagram.com\/p\/CJOU_z2hwJE\/?utm_source=ig_web_copy_link<\/p>\n<p>Podczas \u015bwi\u0105t kolarze nie mog\u0105 jednak zapomina\u0107 o aktywno\u015bciach fizycznych. Na do\u015b\u0107 specyficzn\u0105 zdecydowa\u0142 si\u0119 Tao Geoghegan Hart, zwyci\u0119zca tegorocznego Giro d\u2019Italia, kt\u00f3ry w ramach krioterapii postawi\u0142 na morsowanie<\/p>\n<p>https:\/\/www.instagram.com\/p\/CJOJ4P0Hq_Q\/?utm_source=ig_web_copy_link<\/p>\n<p>A w swoim stylu \u017cyczenie \u015bwi\u0105teczno-noworoczne wszystkim fanom kolarstwa z\u0142o\u017cy\u0142 Peter Sagan<\/p>\n<div class=\"embed-controller-wrapper\">\n<blockquote class=\"twitter-tweet\" data-width=\"500\" data-dnt=\"true\">\n<p lang=\"en\" dir=\"ltr\">Merry Christmas everybody! I wish you all the best for the new year! <a href=\"https:\/\/t.co\/PJm2gLQ2s0\">pic.twitter.com\/PJm2gLQ2s0<\/a><\/p>\n<p>&mdash; Peter Sagan (@petosagan) <a href=\"https:\/\/twitter.com\/petosagan\/status\/1342151204835618816?ref_src=twsrc%5Etfw\">December 24, 2020<\/a><\/p><\/blockquote>\n<p><script async data-src=\"https:\/\/platform.twitter.com\/widgets.js\" charset=\"utf-8\"><\/script><\/div>\n<p>Do tych \u017cycze\u0144 do\u0142\u0105cza si\u0119 r\u00f3wnie\u017c ca\u0142a redakcja WeLoveCycling!<\/p>\n<p><span data-sheets-value=\"{&quot;1&quot;:2,&quot;2&quot;:&quot;Artyku\u0142 powsta\u0142 we wsp\u00f3\u0142pracy ze skoda-auto.pl&quot;}\" data-sheets-userformat=\"{&quot;2&quot;:1,&quot;3&quot;:{&quot;1&quot;:0}}\" data-sheets-hyperlink=\"http:\/\/www.skoda-auto.pl\/\"><a class=\"in-cell-link\" href=\"http:\/\/www.skoda-auto.pl\/\" target=\"_blank\" rel=\"noopener noreferrer\">Artyku\u0142 powsta\u0142 we wsp\u00f3\u0142pracy ze skoda-auto.pl<\/a><\/span><\/p>\n<p>&nbsp;<\/p>\n<p><a href=\"https:\/\/www.skoda-auto.pl\/modele\/karoq\"><img loading=\"lazy\" decoding=\"async\" class=\"aligncenter wp-image-9609 size-full loading\" src=\"https:\/\/d2p6e6u75xmxt8.cloudfront.net\/5\/2019\/08\/baner_WLC_640x350_4.png\" sizes=\"auto, (max-width: 640px) 100vw, 640px\" srcset=\"https:\/\/d2p6e6u75xmxt8.cloudfront.net\/5\/2019\/08\/baner_WLC_640x350_4.png 640w, https:\/\/d2p6e6u75xmxt8.cloudfront.net\/5\/2019\/08\/baner_WLC_640x350_4-300x164.png 300w\" alt=\"\" width=\"640\" height=\"350\" data-was-processed=\"true\" \/>\u00a0<\/a><\/p>\n<p>&nbsp;<\/p>\n<p>&nbsp;<\/p>\n","protected":false},"excerpt":{"rendered":"<p>Najpi\u0119kniejszy prezent, niezwyk\u0142e po\u017cegnanie i kolarscy miko\u0142ajowie. Sprawdzili\u015bmy, jak \u015bwi\u0119ta sp\u0119dzili najlepsi zawodnicy na \u015bwiecie. Zajrzyjcie z nami do ich [&hellip;]<\/p>\n","protected":false},"author":125,"featured_media":11388,"comment_status":"open","ping_status":"open","sticky":false,"template":"","format":"standard","meta":{"footnotes":""},"categories":[332],"tags":[],"global-categories":[303],"class_list":["post-11379","post","type-post","status-publish","format-standard","has-post-thumbnail","hentry","category-lifestyle","global-categories-cycling"],"yoast_head":"<!-- This site is optimized with the Yoast SEO Premium plugin v25.3 (Yoast SEO v25.9) - https:\/\/yoast.com\/wordpress\/plugins\/seo\/ -->\n<title>To by\u0142y wyj\u0105tkowe \u015bwi\u0119ta! Zagl\u0105damy pod choinki kolarzy\u2026 - \u0160koda We Love Cycling - Poland<\/title>\n<meta name=\"description\" content=\"Najpi\u0119kniejszy prezent, niezwyk\u0142e po\u017cegnanie i kolarscy miko\u0142ajowie. Sprawdzili\u015bmy, jak \u015bwi\u0119ta sp\u0119dzili najlepsi zawodnicy na \u015bwiecie. Zajrzyjcie z nami do ich dom\u00f3w!\" \/>\n<meta name=\"robots\" content=\"index, follow, max-snippet:-1, max-image-preview:large, max-video-preview:-1\" \/>\n<link rel=\"canonical\" href=\"https:\/\/www.welovecycling.com\/pl\/2020\/12\/29\/to-byly-wyjatkowe-swieta-zagladamy-pod-choinki-kolarzy\/\" \/>\n<meta property=\"og:locale\" content=\"pl_PL\" \/>\n<meta property=\"og:type\" content=\"article\" \/>\n<meta property=\"og:title\" content=\"To by\u0142y wyj\u0105tkowe \u015bwi\u0119ta! Zagl\u0105damy pod choinki kolarzy\u2026\" \/>\n<meta property=\"og:description\" content=\"Najpi\u0119kniejszy prezent, niezwyk\u0142e po\u017cegnanie i kolarscy miko\u0142ajowie. Sprawdzili\u015bmy, jak \u015bwi\u0119ta sp\u0119dzili najlepsi zawodnicy na \u015bwiecie. Zajrzyjcie z nami do ich dom\u00f3w!\" \/>\n<meta property=\"og:url\" content=\"https:\/\/www.welovecycling.com\/pl\/2020\/12\/29\/to-byly-wyjatkowe-swieta-zagladamy-pod-choinki-kolarzy\/\" \/>\n<meta property=\"og:site_name\" content=\"\u0160koda We Love Cycling - Poland\" \/>\n<meta property=\"article:published_time\" content=\"2020-12-29T11:14:54+00:00\" \/>\n<meta property=\"og:image\" content=\"https:\/\/d2p6e6u75xmxt8.cloudfront.net\/5\/2020\/12\/Christmas-profimedia-0568743345-CVR-1024x450-1.jpg\" \/>\n\t<meta property=\"og:image:width\" content=\"1024\" \/>\n\t<meta property=\"og:image:height\" content=\"450\" \/>\n\t<meta property=\"og:image:type\" content=\"image\/jpeg\" \/>\n<meta name=\"author\" content=\"oktawiamikulska\" \/>\n<meta name=\"twitter:card\" content=\"summary_large_image\" \/>\n<meta name=\"twitter:label1\" content=\"Written by\" \/>\n\t<meta name=\"twitter:data1\" content=\"Piotr Nowik\" \/>\n\t<meta name=\"twitter:label2\" content=\"Est. reading time\" \/>\n\t<meta name=\"twitter:data2\" content=\"3 minutes\" \/>\n<script type=\"application\/ld+json\" class=\"yoast-schema-graph\">{\"@context\":\"https:\/\/schema.org\",\"@graph\":[{\"@type\":\"WebPage\",\"@id\":\"https:\/\/www.welovecycling.com\/pl\/2020\/12\/29\/to-byly-wyjatkowe-swieta-zagladamy-pod-choinki-kolarzy\/\",\"url\":\"https:\/\/www.welovecycling.com\/pl\/2020\/12\/29\/to-byly-wyjatkowe-swieta-zagladamy-pod-choinki-kolarzy\/\",\"name\":\"To by\u0142y wyj\u0105tkowe \u015bwi\u0119ta! Zagl\u0105damy pod choinki kolarzy\u2026 - \u0160koda We Love Cycling - Poland\",\"isPartOf\":{\"@id\":\"https:\/\/www.welovecycling.com\/pl\/#website\"},\"primaryImageOfPage\":{\"@id\":\"https:\/\/www.welovecycling.com\/pl\/2020\/12\/29\/to-byly-wyjatkowe-swieta-zagladamy-pod-choinki-kolarzy\/#primaryimage\"},\"image\":{\"@id\":\"https:\/\/www.welovecycling.com\/pl\/2020\/12\/29\/to-byly-wyjatkowe-swieta-zagladamy-pod-choinki-kolarzy\/#primaryimage\"},\"thumbnailUrl\":\"https:\/\/d2p6e6u75xmxt8.cloudfront.net\/5\/2020\/12\/Christmas-profimedia-0568743345-CVR-1024x450-1.jpg\",\"datePublished\":\"2020-12-29T11:14:54+00:00\",\"author\":{\"@id\":\"https:\/\/www.welovecycling.com\/pl\/#\/schema\/person\/4a79bac7bd265aa6a35a1079d36648be\"},\"description\":\"Najpi\u0119kniejszy prezent, niezwyk\u0142e po\u017cegnanie i kolarscy miko\u0142ajowie. Sprawdzili\u015bmy, jak \u015bwi\u0119ta sp\u0119dzili najlepsi zawodnicy na \u015bwiecie. Zajrzyjcie z nami do ich dom\u00f3w!\",\"breadcrumb\":{\"@id\":\"https:\/\/www.welovecycling.com\/pl\/2020\/12\/29\/to-byly-wyjatkowe-swieta-zagladamy-pod-choinki-kolarzy\/#breadcrumb\"},\"inLanguage\":\"pl-PL\",\"potentialAction\":[{\"@type\":\"ReadAction\",\"target\":[\"https:\/\/www.welovecycling.com\/pl\/2020\/12\/29\/to-byly-wyjatkowe-swieta-zagladamy-pod-choinki-kolarzy\/\"]}]},{\"@type\":\"ImageObject\",\"inLanguage\":\"pl-PL\",\"@id\":\"https:\/\/www.welovecycling.com\/pl\/2020\/12\/29\/to-byly-wyjatkowe-swieta-zagladamy-pod-choinki-kolarzy\/#primaryimage\",\"url\":\"https:\/\/d2p6e6u75xmxt8.cloudfront.net\/5\/2020\/12\/Christmas-profimedia-0568743345-CVR-1024x450-1.jpg\",\"contentUrl\":\"https:\/\/d2p6e6u75xmxt8.cloudfront.net\/5\/2020\/12\/Christmas-profimedia-0568743345-CVR-1024x450-1.jpg\",\"width\":1024,\"height\":450},{\"@type\":\"BreadcrumbList\",\"@id\":\"https:\/\/www.welovecycling.com\/pl\/2020\/12\/29\/to-byly-wyjatkowe-swieta-zagladamy-pod-choinki-kolarzy\/#breadcrumb\",\"itemListElement\":[{\"@type\":\"ListItem\",\"position\":1,\"name\":\"Home\",\"item\":\"https:\/\/www.welovecycling.com\/pl\/\"},{\"@type\":\"ListItem\",\"position\":2,\"name\":\"To by\u0142y wyj\u0105tkowe \u015bwi\u0119ta! Zagl\u0105damy pod choinki kolarzy\u2026\"}]},{\"@type\":\"WebSite\",\"@id\":\"https:\/\/www.welovecycling.com\/pl\/#website\",\"url\":\"https:\/\/www.welovecycling.com\/pl\/\",\"name\":\"\u0160koda We Love Cycling - Poland\",\"description\":\"\",\"potentialAction\":[{\"@type\":\"SearchAction\",\"target\":{\"@type\":\"EntryPoint\",\"urlTemplate\":\"https:\/\/www.welovecycling.com\/pl\/?s={search_term_string}\"},\"query-input\":{\"@type\":\"PropertyValueSpecification\",\"valueRequired\":true,\"valueName\":\"search_term_string\"}}],\"inLanguage\":\"pl-PL\"},{\"@type\":\"Person\",\"@id\":\"https:\/\/www.welovecycling.com\/pl\/#\/schema\/person\/4a79bac7bd265aa6a35a1079d36648be\",\"name\":\"oktawiamikulska\",\"image\":{\"@type\":\"ImageObject\",\"inLanguage\":\"pl-PL\",\"@id\":\"https:\/\/www.welovecycling.com\/pl\/#\/schema\/person\/image\/\",\"url\":\"https:\/\/secure.gravatar.com\/avatar\/b97a3f44e2de6d2f8dd358975937e49823662e12cbd810b9d1a2bff1c149e8a7?s=96&d=mm&r=g\",\"contentUrl\":\"https:\/\/secure.gravatar.com\/avatar\/b97a3f44e2de6d2f8dd358975937e49823662e12cbd810b9d1a2bff1c149e8a7?s=96&d=mm&r=g\",\"caption\":\"oktawiamikulska\"},\"url\":\"https:\/\/www.welovecycling.com\/pl\/author\/oktawiamikulska\/\"}]}<\/script>\n<!-- \/ Yoast SEO Premium plugin. -->","yoast_head_json":{"title":"To by\u0142y wyj\u0105tkowe \u015bwi\u0119ta! Zagl\u0105damy pod choinki kolarzy\u2026 - \u0160koda We Love Cycling - Poland","description":"Najpi\u0119kniejszy prezent, niezwyk\u0142e po\u017cegnanie i kolarscy miko\u0142ajowie. Sprawdzili\u015bmy, jak \u015bwi\u0119ta sp\u0119dzili najlepsi zawodnicy na \u015bwiecie. Zajrzyjcie z nami do ich dom\u00f3w!","robots":{"index":"index","follow":"follow","max-snippet":"max-snippet:-1","max-image-preview":"max-image-preview:large","max-video-preview":"max-video-preview:-1"},"canonical":"https:\/\/www.welovecycling.com\/pl\/2020\/12\/29\/to-byly-wyjatkowe-swieta-zagladamy-pod-choinki-kolarzy\/","og_locale":"pl_PL","og_type":"article","og_title":"To by\u0142y wyj\u0105tkowe \u015bwi\u0119ta! Zagl\u0105damy pod choinki kolarzy\u2026","og_description":"Najpi\u0119kniejszy prezent, niezwyk\u0142e po\u017cegnanie i kolarscy miko\u0142ajowie. Sprawdzili\u015bmy, jak \u015bwi\u0119ta sp\u0119dzili najlepsi zawodnicy na \u015bwiecie. Zajrzyjcie z nami do ich dom\u00f3w!","og_url":"https:\/\/www.welovecycling.com\/pl\/2020\/12\/29\/to-byly-wyjatkowe-swieta-zagladamy-pod-choinki-kolarzy\/","og_site_name":"\u0160koda We Love Cycling - Poland","article_published_time":"2020-12-29T11:14:54+00:00","og_image":[{"width":1024,"height":450,"url":"https:\/\/d2p6e6u75xmxt8.cloudfront.net\/5\/2020\/12\/Christmas-profimedia-0568743345-CVR-1024x450-1.jpg","type":"image\/jpeg"}],"author":"oktawiamikulska","twitter_card":"summary_large_image","twitter_misc":{"Written by":"Piotr Nowik","Est. reading time":"3 minutes"},"schema":{"@context":"https:\/\/schema.org","@graph":[{"@type":"WebPage","@id":"https:\/\/www.welovecycling.com\/pl\/2020\/12\/29\/to-byly-wyjatkowe-swieta-zagladamy-pod-choinki-kolarzy\/","url":"https:\/\/www.welovecycling.com\/pl\/2020\/12\/29\/to-byly-wyjatkowe-swieta-zagladamy-pod-choinki-kolarzy\/","name":"To by\u0142y wyj\u0105tkowe \u015bwi\u0119ta! Zagl\u0105damy pod choinki kolarzy\u2026 - \u0160koda We Love Cycling - Poland","isPartOf":{"@id":"https:\/\/www.welovecycling.com\/pl\/#website"},"primaryImageOfPage":{"@id":"https:\/\/www.welovecycling.com\/pl\/2020\/12\/29\/to-byly-wyjatkowe-swieta-zagladamy-pod-choinki-kolarzy\/#primaryimage"},"image":{"@id":"https:\/\/www.welovecycling.com\/pl\/2020\/12\/29\/to-byly-wyjatkowe-swieta-zagladamy-pod-choinki-kolarzy\/#primaryimage"},"thumbnailUrl":"https:\/\/d2p6e6u75xmxt8.cloudfront.net\/5\/2020\/12\/Christmas-profimedia-0568743345-CVR-1024x450-1.jpg","datePublished":"2020-12-29T11:14:54+00:00","author":{"@id":"https:\/\/www.welovecycling.com\/pl\/#\/schema\/person\/4a79bac7bd265aa6a35a1079d36648be"},"description":"Najpi\u0119kniejszy prezent, niezwyk\u0142e po\u017cegnanie i kolarscy miko\u0142ajowie. Sprawdzili\u015bmy, jak \u015bwi\u0119ta sp\u0119dzili najlepsi zawodnicy na \u015bwiecie. Zajrzyjcie z nami do ich dom\u00f3w!","breadcrumb":{"@id":"https:\/\/www.welovecycling.com\/pl\/2020\/12\/29\/to-byly-wyjatkowe-swieta-zagladamy-pod-choinki-kolarzy\/#breadcrumb"},"inLanguage":"pl-PL","potentialAction":[{"@type":"ReadAction","target":["https:\/\/www.welovecycling.com\/pl\/2020\/12\/29\/to-byly-wyjatkowe-swieta-zagladamy-pod-choinki-kolarzy\/"]}]},{"@type":"ImageObject","inLanguage":"pl-PL","@id":"https:\/\/www.welovecycling.com\/pl\/2020\/12\/29\/to-byly-wyjatkowe-swieta-zagladamy-pod-choinki-kolarzy\/#primaryimage","url":"https:\/\/d2p6e6u75xmxt8.cloudfront.net\/5\/2020\/12\/Christmas-profimedia-0568743345-CVR-1024x450-1.jpg","contentUrl":"https:\/\/d2p6e6u75xmxt8.cloudfront.net\/5\/2020\/12\/Christmas-profimedia-0568743345-CVR-1024x450-1.jpg","width":1024,"height":450},{"@type":"BreadcrumbList","@id":"https:\/\/www.welovecycling.com\/pl\/2020\/12\/29\/to-byly-wyjatkowe-swieta-zagladamy-pod-choinki-kolarzy\/#breadcrumb","itemListElement":[{"@type":"ListItem","position":1,"name":"Home","item":"https:\/\/www.welovecycling.com\/pl\/"},{"@type":"ListItem","position":2,"name":"To by\u0142y wyj\u0105tkowe \u015bwi\u0119ta! Zagl\u0105damy pod choinki kolarzy\u2026"}]},{"@type":"WebSite","@id":"https:\/\/www.welovecycling.com\/pl\/#website","url":"https:\/\/www.welovecycling.com\/pl\/","name":"\u0160koda We Love Cycling - Poland","description":"","potentialAction":[{"@type":"SearchAction","target":{"@type":"EntryPoint","urlTemplate":"https:\/\/www.welovecycling.com\/pl\/?s={search_term_string}"},"query-input":{"@type":"PropertyValueSpecification","valueRequired":true,"valueName":"search_term_string"}}],"inLanguage":"pl-PL"},{"@type":"Person","@id":"https:\/\/www.welovecycling.com\/pl\/#\/schema\/person\/4a79bac7bd265aa6a35a1079d36648be","name":"oktawiamikulska","image":{"@type":"ImageObject","inLanguage":"pl-PL","@id":"https:\/\/www.welovecycling.com\/pl\/#\/schema\/person\/image\/","url":"https:\/\/secure.gravatar.com\/avatar\/b97a3f44e2de6d2f8dd358975937e49823662e12cbd810b9d1a2bff1c149e8a7?s=96&d=mm&r=g","contentUrl":"https:\/\/secure.gravatar.com\/avatar\/b97a3f44e2de6d2f8dd358975937e49823662e12cbd810b9d1a2bff1c149e8a7?s=96&d=mm&r=g","caption":"oktawiamikulska"},"url":"https:\/\/www.welovecycling.com\/pl\/author\/oktawiamikulska\/"}]}},"_links":{"self":[{"href":"https:\/\/www.welovecycling.com\/pl\/wp-json\/wp\/v2\/posts\/11379","targetHints":{"allow":["GET"]}}],"collection":[{"href":"https:\/\/www.welovecycling.com\/pl\/wp-json\/wp\/v2\/posts"}],"about":[{"href":"https:\/\/www.welovecycling.com\/pl\/wp-json\/wp\/v2\/types\/post"}],"author":[{"embeddable":true,"href":"https:\/\/www.welovecycling.com\/pl\/wp-json\/wp\/v2\/users\/125"}],"replies":[{"embeddable":true,"href":"https:\/\/www.welovecycling.com\/pl\/wp-json\/wp\/v2\/comments?post=11379"}],"version-history":[{"count":1,"href":"https:\/\/www.welovecycling.com\/pl\/wp-json\/wp\/v2\/posts\/11379\/revisions"}],"predecessor-version":[{"id":11389,"href":"https:\/\/www.welovecycling.com\/pl\/wp-json\/wp\/v2\/posts\/11379\/revisions\/11389"}],"wp:featuredmedia":[{"embeddable":true,"href":"https:\/\/www.welovecycling.com\/pl\/wp-json\/wp\/v2\/media\/11388"}],"wp:attachment":[{"href":"https:\/\/www.welovecycling.com\/pl\/wp-json\/wp\/v2\/media?parent=11379"}],"wp:term":[{"taxonomy":"category","embeddable":true,"href":"https:\/\/www.welovecycling.com\/pl\/wp-json\/wp\/v2\/categories?post=11379"},{"taxonomy":"post_tag","embeddable":true,"href":"https:\/\/www.welovecycling.com\/pl\/wp-json\/wp\/v2\/tags?post=11379"},{"taxonomy":"global-categories","embeddable":true,"href":"https:\/\/www.welovecycling.com\/pl\/wp-json\/wp\/v2\/global-categories?post=11379"}],"curies":[{"name":"wp","href":"https:\/\/api.w.org\/{rel}","templated":true}]}}