{"id":11371,"date":"2020-12-21T12:42:27","date_gmt":"2020-12-21T12:42:27","guid":{"rendered":"https:\/\/www.welovecycling.com\/pl\/?p=11371"},"modified":"2020-12-21T12:42:27","modified_gmt":"2020-12-21T12:42:27","slug":"5-slynnych-pojedynkow-kolarskich","status":"publish","type":"post","link":"https:\/\/www.welovecycling.com\/pl\/2020\/12\/21\/5-slynnych-pojedynkow-kolarskich\/","title":{"rendered":"5 s\u0142ynnych pojedynk\u00f3w kolarskich"},"content":{"rendered":"<p><strong>Si\u0142\u0105 nap\u0119dow\u0105 do osi\u0105gania najlepszych wynik\u00f3w sportowych jest bez w\u0105tpienia rywalizacja. Sprawia ona r\u00f3wnie\u017c, \u017ce \u200b\u200bsport jest tak ekscytuj\u0105cy zar\u00f3wno dla kibic\u00f3w, jak i sportowc\u00f3w. Zrodzone z ch\u0119ci pokonania innego wielkiego talentu, najlepsze rywalizacje stanowi\u0105 mieszank\u0119 antagonizmu, szacunku, a cz\u0119sto tak\u017ce przyja\u017ani.<\/strong><\/p>\n<p>W kolarstwie nie brakuje gwiazd, kt\u00f3re przez lata ze sob\u0105 walczy\u0142y, a obserwowanie, jak uk\u0142ada\u0142y si\u0119 ich wzajemne relacje, od dawna stanowi jeden z g\u0142\u00f3wnych element\u00f3w s\u0142ynnych wy\u015bcig\u00f3w. W miar\u0119 jak m\u0142odzi kolarze co roku do\u0142\u0105czaj\u0105 do grona zawodnik\u00f3w, pojawiaj\u0105 si\u0119 nowe rywalizacje pomi\u0119dzy nimi, kt\u00f3re wci\u0105\u017c dostarczaj\u0105 fanom emocji i plotek. Rzu\u0107my okiem na kilka wspania\u0142ych walk, kt\u00f3re pomog\u0142y przekszta\u0142ci\u0107 kolarstwo w widowiskowy sport, kt\u00f3rym jest do dzisiaj.<\/p>\n<h2><strong>Jacques Anquetil i Raymond Poulidor<\/strong><\/h2>\n<figure id=\"attachment_174509\" aria-describedby=\"caption-attachment-174509\" style=\"width: 1024px\" class=\"wp-caption alignnone\"><img loading=\"lazy\" decoding=\"async\" class=\"loading wp-image-174509 size-large\" src=\"https:\/\/d2p6e6u75xmxt8.cloudfront.net\/2\/2019\/07\/Raymond-Poulidor-Jacques-Anquetil-profimedia-0068091828-1024x779.jpg\" sizes=\"auto, (max-width: 1024px) 100vw, 1024px\" srcset=\"https:\/\/d2p6e6u75xmxt8.cloudfront.net\/2\/2019\/07\/Raymond-Poulidor-Jacques-Anquetil-profimedia-0068091828-1024x779.jpg 1024w, https:\/\/d2p6e6u75xmxt8.cloudfront.net\/2\/2019\/07\/Raymond-Poulidor-Jacques-Anquetil-profimedia-0068091828-300x228.jpg 300w, https:\/\/d2p6e6u75xmxt8.cloudfront.net\/2\/2019\/07\/Raymond-Poulidor-Jacques-Anquetil-profimedia-0068091828-768x584.jpg 768w, https:\/\/d2p6e6u75xmxt8.cloudfront.net\/2\/2019\/07\/Raymond-Poulidor-Jacques-Anquetil-profimedia-0068091828.jpg 1250w\" alt=\"\" width=\"1024\" height=\"779\" data-was-processed=\"true\" \/><figcaption id=\"caption-attachment-174509\" class=\"wp-caption-text\">Tour de France 1964. Anquetil (po lewej) i Poulidor na Puy-de-D\u00f4me. \u00a9 Profimedia, AFP<\/figcaption><\/figure>\n<p>Ka\u017cdy, kto zna koleje losu tych dw\u00f3ch francuskich mistrz\u00f3w, wie, \u017ce byli oni poniek\u0105d przyjaci\u00f3\u0142mi, darzyli si\u0119 ogromnym szacunkiem. To, co ostatecznie sta\u0142o si\u0119 \u015bwiadectwem warto\u015bci przyja\u017ani rozpoczynaj\u0105cej si\u0119 od sportowej rywalizacji, najpierw by\u0142o histori\u0105 o podzielonej Francji. Pochodz\u0105cy z p\u00f3\u0142nocy kraju Anquetil mia\u0142 charyzm\u0119 urodzonego zwyci\u0119zcy. By\u0142 stylowym, szanowanym i wspania\u0142ym kolarzem na czas. Tymczasem Poulidor by\u0142 wspinaczem z regionu centralnego. By\u0142 troch\u0119 nieokrzesany i cz\u0119sto ko\u0144czy\u0142 na drugim miejscu. <a href=\"https:\/\/www.welovecycling.com\/pl\/2020\/10\/23\/legendarna-bitwa-underdog-kontra-the-veteran-podczas-tour-de-france-1964\/\"><u>Ich niesamowity pojedynek<\/u><\/a> na Puy de D\u00f4me w 1964 roku to moment, kt\u00f3ry pokaza\u0142 r\u00f3\u017cnice styl\u00f3w obu zawodnik\u00f3w. Ogromny wysi\u0142ek Poulidora zako\u0144czy\u0142 si\u0119 jego wygran\u0105 22. etapu 51. <a href=\"https:\/\/www.letour.fr\/en\/\"><u>Tour de France<\/u><\/a>, ale to Anquetil wygra\u0142 ca\u0142y pojedynek.<\/p>\n<p>Chocia\u017c nigdy wi\u0119cej nie szli ju\u017c tak \u0142eb w \u0142eb, to wsp\u00f3lna obecno\u015b\u0107 na torze wy\u015bcigowym nadal podsyca\u0142a rywalizacj\u0119 w trakcie ich kariery. Jednak to ostatnie s\u0142owa Anquetila skierowane do Poulidora, a wypowiedziane na \u0142o\u017cu \u015bmierci, \u015bwiadcz\u0105 o \u0142\u0105cz\u0105cej ich przyja\u017ani. Jak wspomina Poulidor: \u201ePowiedzia\u0142 mi, \u017ce rak jest tak potwornie bolesny, \u017ce przypomina \u015bciganie si\u0119 po Puy de D\u00f4me o ka\u017cdej porze, przez ca\u0142y dzie\u0144. Nast\u0119pnie doda\u0142: \u00abNigdy tego nie zapomn\u0119, przyjacielu, zn\u00f3w zajmiesz drugie miejsce\u00bb\u201d.<\/p>\n<h2><strong>Leontien van Moorsel i Jeannie Longo<\/strong><\/h2>\n<div id=\"gallery-2\" class=\"gallery galleryid-180598 gallery-columns-2 gallery-size-large\">\n<figure class=\"gallery-item\">\n<div class=\"gallery-icon landscape\"><a class=\"colorbox-initialized cboxElement\" href=\"https:\/\/d2p6e6u75xmxt8.cloudfront.net\/2\/2020\/11\/Jeannie-Longo-profimedia-0164701637.jpg\"><img loading=\"lazy\" decoding=\"async\" class=\"attachment-large size-large istretcher-finished loading\" src=\"https:\/\/d2p6e6u75xmxt8.cloudfront.net\/2\/2020\/11\/Jeannie-Longo-profimedia-0164701637-1024x698.jpg\" sizes=\"auto, (max-width: 1024px) 100vw, 1024px\" srcset=\"https:\/\/d2p6e6u75xmxt8.cloudfront.net\/2\/2020\/11\/Jeannie-Longo-profimedia-0164701637-1024x698.jpg 1024w, https:\/\/d2p6e6u75xmxt8.cloudfront.net\/2\/2020\/11\/Jeannie-Longo-profimedia-0164701637-300x204.jpg 300w, https:\/\/d2p6e6u75xmxt8.cloudfront.net\/2\/2020\/11\/Jeannie-Longo-profimedia-0164701637-768x523.jpg 768w, https:\/\/d2p6e6u75xmxt8.cloudfront.net\/2\/2020\/11\/Jeannie-Longo-profimedia-0164701637.jpg 1250w\" alt=\"Moorsel v Longo\" width=\"1024\" height=\"698\" aria-describedby=\"gallery-2-180600\" data-was-processed=\"true\" \/><\/a><\/div>\n<\/figure>\n<figure class=\"gallery-item\">\n<div class=\"gallery-icon landscape\"><a class=\"colorbox-initialized cboxElement\" href=\"https:\/\/d2p6e6u75xmxt8.cloudfront.net\/2\/2020\/11\/Moorsel-profimedia-0068687478.jpg\"><img loading=\"lazy\" decoding=\"async\" class=\"attachment-large size-large istretcher-finished loading\" src=\"https:\/\/d2p6e6u75xmxt8.cloudfront.net\/2\/2020\/11\/Moorsel-profimedia-0068687478-1024x668.jpg\" sizes=\"auto, (max-width: 1024px) 100vw, 1024px\" srcset=\"https:\/\/d2p6e6u75xmxt8.cloudfront.net\/2\/2020\/11\/Moorsel-profimedia-0068687478-1024x668.jpg 1024w, https:\/\/d2p6e6u75xmxt8.cloudfront.net\/2\/2020\/11\/Moorsel-profimedia-0068687478-300x196.jpg 300w, https:\/\/d2p6e6u75xmxt8.cloudfront.net\/2\/2020\/11\/Moorsel-profimedia-0068687478-768x501.jpg 768w, https:\/\/d2p6e6u75xmxt8.cloudfront.net\/2\/2020\/11\/Moorsel-profimedia-0068687478.jpg 1250w\" alt=\"\" width=\"1024\" height=\"668\" aria-describedby=\"gallery-2-180601\" data-was-processed=\"true\" \/><\/a><\/div>\n<\/figure>\n<\/div>\n<p>Obecnie jest po sze\u015b\u0107dziesi\u0105tce i wci\u0105\u017c wygrywa wy\u015bcigi, dlatego Jeannie Longo pozostaje tak ciekaw\u0105 postaci\u0105 w \u015bwiecie kolarstwa. Przez lata wydawa\u0142o si\u0119, \u017ce nie da si\u0119 jej powstrzyma\u0107, a jej niezachwiana dominacja przy\u0107miewa\u0142a ca\u0142e pokolenie zawodniczek. Tak by\u0142o do czasu, gdy Leontien van Moorsel, zainspirowana dokonaniami Longo, pojawi\u0142a si\u0119, aby odcisn\u0105\u0107 swoje pi\u0119tno na kolarskiej scenie.<\/p>\n<p>M\u0142oda Holenderka, kt\u00f3ra p\u00f3\u017aniej sta\u0142a si\u0119 legend\u0105, zdoby\u0142a swoje pierwsze mistrzostwo kraju w wieku 15 lat. Trzeba si\u0119 by\u0142o liczy\u0107 z jej si\u0142\u0105 zar\u00f3wno na torze, jak i na szosie. Ostatecznie zmierzy\u0142a si\u0119 z Longo i zgarn\u0119\u0142a dwa tytu\u0142y Tour F\u00e9minin. Na igrzyskach olimpijskich w 2000 roku van Moorsel sta\u0142a si\u0119 najbardziej utytu\u0142owan\u0105 zawodniczk\u0105 na jednej olimpiadzie \u2013 zdoby\u0142a z\u0142ote medale w wy\u015bcigu szosowym, je\u017adzie na czas i indywidualnej, nie wspominaj\u0105c o srebrze w wy\u015bcigu punktowym. Trzy lata p\u00f3\u017aniej zdetronizowa\u0142a Jeannie Longo i ustanowi\u0142a rekord godzinowy, kt\u00f3ry utrzyma\u0142a przez 12 lat.<\/p>\n<h2><strong>Greg LeMond i Bernard Hinault<\/strong><\/h2>\n<figure id=\"attachment_180602\" aria-describedby=\"caption-attachment-180602\" style=\"width: 1024px\" class=\"wp-caption alignnone\"><img loading=\"lazy\" decoding=\"async\" class=\"loading wp-image-180602 size-large\" src=\"https:\/\/d2p6e6u75xmxt8.cloudfront.net\/2\/2020\/11\/Hinault-LeMond-profimedia-0020457183-1024x716.jpg\" sizes=\"auto, (max-width: 1024px) 100vw, 1024px\" srcset=\"https:\/\/d2p6e6u75xmxt8.cloudfront.net\/2\/2020\/11\/Hinault-LeMond-profimedia-0020457183-1024x716.jpg 1024w, https:\/\/d2p6e6u75xmxt8.cloudfront.net\/2\/2020\/11\/Hinault-LeMond-profimedia-0020457183-300x210.jpg 300w, https:\/\/d2p6e6u75xmxt8.cloudfront.net\/2\/2020\/11\/Hinault-LeMond-profimedia-0020457183-768x537.jpg 768w, https:\/\/d2p6e6u75xmxt8.cloudfront.net\/2\/2020\/11\/Hinault-LeMond-profimedia-0020457183.jpg 1250w\" alt=\"Hinault and LeMond\" width=\"1024\" height=\"716\" data-was-processed=\"true\" \/><figcaption id=\"caption-attachment-180602\" class=\"wp-caption-text\">Hinault (z lewej) i Lemond (z prawej) w 1986 roku. \u00a9 Profimedia, AFP<\/figcaption><\/figure>\n<p>To jest opowie\u015b\u0107 o bardziej kontrowersyjnym charakterze, kt\u00f3ra ilustruje, jak rywalizacja kolarska mo\u017ce \u0142\u0105czy\u0107 si\u0119 ze zdrad\u0105. W 1985 roku Bernard \u201eBadger\u201d Hinault obieca\u0142 swojemu przyjacielowi i koledze z dru\u017cyny Gregowi LeMondowi, \u017ce w zamian za jego pomoc w wygraniu Tour de France, pomo\u017ce mu zdoby\u0107 tytu\u0142 w nast\u0119pnym roku. Hinault rzeczywi\u015bcie wygra\u0142 w 1985 roku, ale w\u0142a\u015bnie wtedy sprawy przybra\u0142y nieoczekiwany obr\u00f3t. Chocia\u017c prawdopodobnie zmiana zdania by\u0142a czym\u015b wi\u0119cej ni\u017c zwyk\u0142ym aktem samolubstwa, to nieub\u0142agany atak Hinaulta na g\u00f3rskich etapach Tour &#8217;86 z pewno\u015bci\u0105 nie mia\u0142 na celu pom\u00f3c LeMondowi w zwyci\u0119stwie. Pe\u0142en w\u015bciek\u0142o\u015bci i \u017c\u0105dny zemsty LeMond skierowa\u0142 sw\u00f3j gniew na peda\u0142y i ostatecznie przeszed\u0142 do historii jako pierwszy Amerykanin, kt\u00f3ry wygra\u0142 presti\u017cowe mistrzostwa Tour de France.<\/p>\n<h2><strong>Marianna Vos i Lizzie Armitstead<\/strong><\/h2>\n<figure id=\"attachment_180603\" aria-describedby=\"caption-attachment-180603\" style=\"width: 1024px\" class=\"wp-caption alignnone\"><img loading=\"lazy\" decoding=\"async\" class=\"loading wp-image-180603 size-large\" src=\"https:\/\/d2p6e6u75xmxt8.cloudfront.net\/2\/2020\/11\/Vos-Armitstead-profimedia-0233737755-1024x625.jpg\" sizes=\"auto, (max-width: 1024px) 100vw, 1024px\" srcset=\"https:\/\/d2p6e6u75xmxt8.cloudfront.net\/2\/2020\/11\/Vos-Armitstead-profimedia-0233737755-1024x625.jpg 1024w, https:\/\/d2p6e6u75xmxt8.cloudfront.net\/2\/2020\/11\/Vos-Armitstead-profimedia-0233737755-300x183.jpg 300w, https:\/\/d2p6e6u75xmxt8.cloudfront.net\/2\/2020\/11\/Vos-Armitstead-profimedia-0233737755-768x469.jpg 768w, https:\/\/d2p6e6u75xmxt8.cloudfront.net\/2\/2020\/11\/Vos-Armitstead-profimedia-0233737755.jpg 1250w\" alt=\"2012 Olympics\" width=\"1024\" height=\"625\" data-was-processed=\"true\" \/><figcaption id=\"caption-attachment-180603\" class=\"wp-caption-text\">Vos pokonuje Armitstead na mecie i wygrywa wy\u015bcig kobiet na igrzyskach olimpijskich w 2012 roku. \u00a9 Profimedia<\/figcaption><\/figure>\n<p>Dwie z najlepszych zawodniczek na \u015bwiecie, Marianna Vos i Lizzie Armitstead (obecnie Deignan), zwr\u00f3ci\u0142y uwag\u0119 swoim historycznym pojedynkiem na igrzyskach olimpijskich w 2012 roku. Przyst\u0119puj\u0105c do zawod\u00f3w, Vos by\u0142a faworytk\u0105 i (po ci\u0119\u017ckiej pracy i wielu zas\u0142u\u017conych zwyci\u0119stwach) mia\u0142a ugruntowan\u0105 pozycj\u0119 w kolarstwie kobiet. Nie oznacza\u0142o to jednak, \u017ce mog\u0142a by\u0107 spokojna, poniewa\u017c na scenie pojawi\u0142y si\u0119 ju\u017c nowe talenty. W sk\u0142ad dru\u017cyny Wielkiej Brytanii wchodzi\u0142a 24-letnia Lizzie Armitstead, kt\u00f3ra wzi\u0119\u0142a udzia\u0142 w wy\u015bcigu jako liderka dru\u017cyny i mia\u0142a wsparcie ca\u0142ego kraju podczas zawod\u00f3w odbywaj\u0105cych si\u0119 w Londynie.<\/p>\n<p>Prasa szala\u0142a z dumy i opowiada\u0142a histori\u0119 za histori\u0105 o szansach Armitstead na medale. Kolarska rywalizacja Armitstead i Vos odegra\u0142a g\u0142\u00f3wn\u0105 rol\u0119 w generowaniu zainteresowania wok\u00f3\u0142 tego koronnego wydarzenia. Walka przebiega\u0142a w ulewnym deszczu, co tylko dodawa\u0142o rywalizacji widowiskowo\u015bci. Pe\u0142na by\u0142a nieprzewidywalnych akcji, agresji i emocji. Vos zosta\u0142a mistrzyni\u0105 zawod\u00f3w szosowych w 2012 roku, ale razem odby\u0142y jeszcze wiele dynamicznych wy\u015bcig\u00f3w i odegra\u0142y kluczow\u0105 rol\u0119 w podniesieniu presti\u017cu kobiecego kolarstwa.<\/p>\n<h2><strong>Fausto Coppi i Gino Bartali<\/strong><\/h2>\n<figure id=\"attachment_180604\" aria-describedby=\"caption-attachment-180604\" style=\"width: 1024px\" class=\"wp-caption alignnone\"><img loading=\"lazy\" decoding=\"async\" class=\"loading wp-image-180604 size-large\" src=\"https:\/\/d2p6e6u75xmxt8.cloudfront.net\/2\/2020\/11\/Bartali-Copi-profimedia-0068038080-1024x687.jpg\" sizes=\"auto, (max-width: 1024px) 100vw, 1024px\" srcset=\"https:\/\/d2p6e6u75xmxt8.cloudfront.net\/2\/2020\/11\/Bartali-Copi-profimedia-0068038080-1024x687.jpg 1024w, https:\/\/d2p6e6u75xmxt8.cloudfront.net\/2\/2020\/11\/Bartali-Copi-profimedia-0068038080-300x201.jpg 300w, https:\/\/d2p6e6u75xmxt8.cloudfront.net\/2\/2020\/11\/Bartali-Copi-profimedia-0068038080-768x515.jpg 768w, https:\/\/d2p6e6u75xmxt8.cloudfront.net\/2\/2020\/11\/Bartali-Copi-profimedia-0068038080-272x182.jpg 272w, https:\/\/d2p6e6u75xmxt8.cloudfront.net\/2\/2020\/11\/Bartali-Copi-profimedia-0068038080.jpg 1250w\" alt=\"Coppi vs Bartali\" width=\"1024\" height=\"687\" data-was-processed=\"true\" \/><figcaption id=\"caption-attachment-180604\" class=\"wp-caption-text\">Coppi od\u015bwie\u017ca si\u0119, jad\u0105c przed Bartalim, podczas wspinaczki na Col du Galibier. \u00a9 Profimedia<\/figcaption><\/figure>\n<p>M\u00f3wi\u0105c o rywalizacji kolarskiej, nie mo\u017cna pomin\u0105\u0107 tej, kt\u00f3ra rozegra\u0142a si\u0119 pomi\u0119dzy dwoma W\u0142ochami. Coppi do\u0142\u0105czy\u0142 do zespo\u0142u Bartalego w 1940 roku, czym podzieli\u0142 w\u0142oski \u015bwiat kolarstwa na dwie cz\u0119\u015bci. Odni\u00f3s\u0142 zwyci\u0119stwo podczas Giro d\u2019Italia (ku wielkiemu rozczarowaniu Bartalego) i w ten spos\u00f3b rozpocz\u0105\u0142 zawody, kt\u00f3re potem rozgrywali pomi\u0119dzy sob\u0105 wielokrotnie. W ci\u0105gu roku ci dwaj zawodnicy cz\u0119sto dawali do zrozumienia, \u017ce \u200b\u200bwol\u0105 ze sob\u0105 walczy\u0107 ni\u017c wsp\u00f3\u0142pracowa\u0107, nawet je\u015bli kosztowa\u0142o ich to utrat\u0119 zwyci\u0119stwa.<\/p>\n<p>Wytworzone przez nich napi\u0119cie nabra\u0142o tak\u017ce znaczenia poza \u015bwiatem kolarstwa i (podobnie jak u wspomnianych wcze\u015bniej Francuz\u00f3w) \u015bwiadczy\u0142o o istniej\u0105cym podziale spo\u0142ecznym w kraju, kt\u00f3ry obaj nazywali domem. Coppi reprezentowa\u0142 przemys\u0142ow\u0105 p\u00f3\u0142noc i by\u0142 bardzo nowoczesny, podczas gdy zwolennicy Bartalego pochodzili z po\u0142udnia i byli bardziej tradycyjni, religijni i \u017cyli na wsi. Chocia\u017c wrogo\u015b\u0107 nigdy tak naprawd\u0119 mi\u0119dzy nimi nie znikn\u0119\u0142a, mieli te\u017c chwile kole\u017ce\u0144stwa. Na przyk\u0142ad w 1952 roku na Col d&#8217;Izoard jeden poda\u0142 drugiemu butelk\u0119 wody. Obaj zawodnicy (wspierani przez swoich ha\u0142a\u015bliwych fan\u00f3w) w \u017cyciu jednak nie przyznali si\u0119 do tego, kt\u00f3ry przekaza\u0142 butelk\u0119 kt\u00f3remu.<\/p>\n<p>Powy\u017cej przedstawili\u015bmy najciekawsze naszym zdaniem pojedynki w historii kolarstwa. Kt\u00f3ry z nich Twoim zdaniem zas\u0142uguje na najwi\u0119ksze uznanie?<\/p>\n<p>&nbsp;<\/p>\n<p><span data-sheets-value=\"{&quot;1&quot;:2,&quot;2&quot;:&quot;Artyku\u0142 powsta\u0142 we wsp\u00f3\u0142pracy ze skoda-auto.pl&quot;}\" data-sheets-userformat=\"{&quot;2&quot;:1,&quot;3&quot;:{&quot;1&quot;:0}}\" data-sheets-hyperlink=\"http:\/\/www.skoda-auto.pl\/\"><a class=\"in-cell-link\" href=\"http:\/\/www.skoda-auto.pl\/\" target=\"_blank\" rel=\"noopener noreferrer\">Artyku\u0142 powsta\u0142 we wsp\u00f3\u0142pracy ze skoda-auto.pl<\/a><\/span><\/p>\n<p>&nbsp;<\/p>\n<p><a href=\"https:\/\/www.skoda-auto.pl\/modele\/kodiaq\"><img loading=\"lazy\" decoding=\"async\" class=\"size-full wp-image-11327 aligncenter\" src=\"https:\/\/d2p6e6u75xmxt8.cloudfront.net\/5\/2021\/12\/baner-WLC.jpg\" alt=\"\" width=\"640\" height=\"350\" srcset=\"https:\/\/d2p6e6u75xmxt8.cloudfront.net\/5\/2021\/12\/baner-WLC.jpg 640w, https:\/\/d2p6e6u75xmxt8.cloudfront.net\/5\/2021\/12\/baner-WLC-300x164.jpg 300w\" sizes=\"auto, (max-width: 640px) 100vw, 640px\" \/><\/a><\/p>\n<p>&nbsp;<\/p>\n","protected":false},"excerpt":{"rendered":"<p>Si\u0142\u0105 nap\u0119dow\u0105 do osi\u0105gania najlepszych wynik\u00f3w sportowych jest bez w\u0105tpienia rywalizacja. Sprawia ona r\u00f3wnie\u017c, \u017ce \u200b\u200bsport jest tak ekscytuj\u0105cy zar\u00f3wno [&hellip;]<\/p>\n","protected":false},"author":125,"featured_media":11372,"comment_status":"open","ping_status":"open","sticky":false,"template":"","format":"standard","meta":{"footnotes":""},"categories":[226,325],"tags":[],"global-categories":[303],"class_list":["post-11371","post","type-post","status-publish","format-standard","has-post-thumbnail","hentry","category-ciekawostki","category-historia","global-categories-cycling"],"yoast_head":"<!-- This site is optimized with the Yoast SEO Premium plugin v25.3 (Yoast SEO v25.9) - https:\/\/yoast.com\/wordpress\/plugins\/seo\/ -->\n<title>5 s\u0142ynnych pojedynk\u00f3w kolarskich - \u0160koda We Love Cycling - Poland<\/title>\n<meta name=\"description\" content=\"Si\u0142\u0105 nap\u0119dow\u0105 do osi\u0105gania najlepszych wynik\u00f3w sportowych jest bez w\u0105tpienia rywalizacja. Sprawia ona r\u00f3wnie\u017c, \u017ce \u200b\u200bsport jest tak ekscytuj\u0105cy zar\u00f3wno dla kibic\u00f3w, jak i sportowc\u00f3w. Zrodzone z ch\u0119ci pokonania innego wielkiego talentu, najlepsze rywalizacje stanowi\u0105 mieszank\u0119 antagonizmu, szacunku, a cz\u0119sto tak\u017ce przyja\u017ani.\" \/>\n<meta name=\"robots\" content=\"index, follow, max-snippet:-1, max-image-preview:large, max-video-preview:-1\" \/>\n<link rel=\"canonical\" href=\"https:\/\/www.welovecycling.com\/pl\/2020\/12\/21\/5-slynnych-pojedynkow-kolarskich\/\" \/>\n<meta property=\"og:locale\" content=\"pl_PL\" \/>\n<meta property=\"og:type\" content=\"article\" \/>\n<meta property=\"og:title\" content=\"5 s\u0142ynnych pojedynk\u00f3w kolarskich\" \/>\n<meta property=\"og:description\" content=\"Si\u0142\u0105 nap\u0119dow\u0105 do osi\u0105gania najlepszych wynik\u00f3w sportowych jest bez w\u0105tpienia rywalizacja. Sprawia ona r\u00f3wnie\u017c, \u017ce \u200b\u200bsport jest tak ekscytuj\u0105cy zar\u00f3wno dla kibic\u00f3w, jak i sportowc\u00f3w. Zrodzone z ch\u0119ci pokonania innego wielkiego talentu, najlepsze rywalizacje stanowi\u0105 mieszank\u0119 antagonizmu, szacunku, a cz\u0119sto tak\u017ce przyja\u017ani.\" \/>\n<meta property=\"og:url\" content=\"https:\/\/www.welovecycling.com\/pl\/2020\/12\/21\/5-slynnych-pojedynkow-kolarskich\/\" \/>\n<meta property=\"og:site_name\" content=\"\u0160koda We Love Cycling - Poland\" \/>\n<meta property=\"article:published_time\" content=\"2020-12-21T12:42:27+00:00\" \/>\n<meta property=\"og:image\" content=\"https:\/\/d2p6e6u75xmxt8.cloudfront.net\/5\/2020\/12\/Anquetil-Poulidor-profimedia-0068091902-CVR-1024x450-1-1.jpg\" \/>\n\t<meta property=\"og:image:width\" content=\"1024\" \/>\n\t<meta property=\"og:image:height\" content=\"450\" \/>\n\t<meta property=\"og:image:type\" content=\"image\/jpeg\" \/>\n<meta name=\"author\" content=\"oktawiamikulska\" \/>\n<meta name=\"twitter:card\" content=\"summary_large_image\" \/>\n<meta name=\"twitter:label1\" content=\"Written by\" \/>\n\t<meta name=\"twitter:data1\" content=\"oktawiamikulska\" \/>\n\t<meta name=\"twitter:label2\" content=\"Est. reading time\" \/>\n\t<meta name=\"twitter:data2\" content=\"6 minutes\" \/>\n<script type=\"application\/ld+json\" class=\"yoast-schema-graph\">{\"@context\":\"https:\/\/schema.org\",\"@graph\":[{\"@type\":\"WebPage\",\"@id\":\"https:\/\/www.welovecycling.com\/pl\/2020\/12\/21\/5-slynnych-pojedynkow-kolarskich\/\",\"url\":\"https:\/\/www.welovecycling.com\/pl\/2020\/12\/21\/5-slynnych-pojedynkow-kolarskich\/\",\"name\":\"5 s\u0142ynnych pojedynk\u00f3w kolarskich - \u0160koda We Love Cycling - Poland\",\"isPartOf\":{\"@id\":\"https:\/\/www.welovecycling.com\/pl\/#website\"},\"primaryImageOfPage\":{\"@id\":\"https:\/\/www.welovecycling.com\/pl\/2020\/12\/21\/5-slynnych-pojedynkow-kolarskich\/#primaryimage\"},\"image\":{\"@id\":\"https:\/\/www.welovecycling.com\/pl\/2020\/12\/21\/5-slynnych-pojedynkow-kolarskich\/#primaryimage\"},\"thumbnailUrl\":\"https:\/\/d2p6e6u75xmxt8.cloudfront.net\/5\/2020\/12\/Anquetil-Poulidor-profimedia-0068091902-CVR-1024x450-1-1.jpg\",\"datePublished\":\"2020-12-21T12:42:27+00:00\",\"author\":{\"@id\":\"https:\/\/www.welovecycling.com\/pl\/#\/schema\/person\/4a79bac7bd265aa6a35a1079d36648be\"},\"description\":\"Si\u0142\u0105 nap\u0119dow\u0105 do osi\u0105gania najlepszych wynik\u00f3w sportowych jest bez w\u0105tpienia rywalizacja. Sprawia ona r\u00f3wnie\u017c, \u017ce \u200b\u200bsport jest tak ekscytuj\u0105cy zar\u00f3wno dla kibic\u00f3w, jak i sportowc\u00f3w. Zrodzone z ch\u0119ci pokonania innego wielkiego talentu, najlepsze rywalizacje stanowi\u0105 mieszank\u0119 antagonizmu, szacunku, a cz\u0119sto tak\u017ce przyja\u017ani.\",\"breadcrumb\":{\"@id\":\"https:\/\/www.welovecycling.com\/pl\/2020\/12\/21\/5-slynnych-pojedynkow-kolarskich\/#breadcrumb\"},\"inLanguage\":\"pl-PL\",\"potentialAction\":[{\"@type\":\"ReadAction\",\"target\":[\"https:\/\/www.welovecycling.com\/pl\/2020\/12\/21\/5-slynnych-pojedynkow-kolarskich\/\"]}]},{\"@type\":\"ImageObject\",\"inLanguage\":\"pl-PL\",\"@id\":\"https:\/\/www.welovecycling.com\/pl\/2020\/12\/21\/5-slynnych-pojedynkow-kolarskich\/#primaryimage\",\"url\":\"https:\/\/d2p6e6u75xmxt8.cloudfront.net\/5\/2020\/12\/Anquetil-Poulidor-profimedia-0068091902-CVR-1024x450-1-1.jpg\",\"contentUrl\":\"https:\/\/d2p6e6u75xmxt8.cloudfront.net\/5\/2020\/12\/Anquetil-Poulidor-profimedia-0068091902-CVR-1024x450-1-1.jpg\",\"width\":1024,\"height\":450},{\"@type\":\"BreadcrumbList\",\"@id\":\"https:\/\/www.welovecycling.com\/pl\/2020\/12\/21\/5-slynnych-pojedynkow-kolarskich\/#breadcrumb\",\"itemListElement\":[{\"@type\":\"ListItem\",\"position\":1,\"name\":\"Home\",\"item\":\"https:\/\/www.welovecycling.com\/pl\/\"},{\"@type\":\"ListItem\",\"position\":2,\"name\":\"5 s\u0142ynnych pojedynk\u00f3w kolarskich\"}]},{\"@type\":\"WebSite\",\"@id\":\"https:\/\/www.welovecycling.com\/pl\/#website\",\"url\":\"https:\/\/www.welovecycling.com\/pl\/\",\"name\":\"\u0160koda We Love Cycling - Poland\",\"description\":\"\",\"potentialAction\":[{\"@type\":\"SearchAction\",\"target\":{\"@type\":\"EntryPoint\",\"urlTemplate\":\"https:\/\/www.welovecycling.com\/pl\/?s={search_term_string}\"},\"query-input\":{\"@type\":\"PropertyValueSpecification\",\"valueRequired\":true,\"valueName\":\"search_term_string\"}}],\"inLanguage\":\"pl-PL\"},{\"@type\":\"Person\",\"@id\":\"https:\/\/www.welovecycling.com\/pl\/#\/schema\/person\/4a79bac7bd265aa6a35a1079d36648be\",\"name\":\"oktawiamikulska\",\"image\":{\"@type\":\"ImageObject\",\"inLanguage\":\"pl-PL\",\"@id\":\"https:\/\/www.welovecycling.com\/pl\/#\/schema\/person\/image\/\",\"url\":\"https:\/\/secure.gravatar.com\/avatar\/b97a3f44e2de6d2f8dd358975937e49823662e12cbd810b9d1a2bff1c149e8a7?s=96&d=mm&r=g\",\"contentUrl\":\"https:\/\/secure.gravatar.com\/avatar\/b97a3f44e2de6d2f8dd358975937e49823662e12cbd810b9d1a2bff1c149e8a7?s=96&d=mm&r=g\",\"caption\":\"oktawiamikulska\"},\"url\":\"https:\/\/www.welovecycling.com\/pl\/author\/oktawiamikulska\/\"}]}<\/script>\n<!-- \/ Yoast SEO Premium plugin. -->","yoast_head_json":{"title":"5 s\u0142ynnych pojedynk\u00f3w kolarskich - \u0160koda We Love Cycling - Poland","description":"Si\u0142\u0105 nap\u0119dow\u0105 do osi\u0105gania najlepszych wynik\u00f3w sportowych jest bez w\u0105tpienia rywalizacja. Sprawia ona r\u00f3wnie\u017c, \u017ce \u200b\u200bsport jest tak ekscytuj\u0105cy zar\u00f3wno dla kibic\u00f3w, jak i sportowc\u00f3w. Zrodzone z ch\u0119ci pokonania innego wielkiego talentu, najlepsze rywalizacje stanowi\u0105 mieszank\u0119 antagonizmu, szacunku, a cz\u0119sto tak\u017ce przyja\u017ani.","robots":{"index":"index","follow":"follow","max-snippet":"max-snippet:-1","max-image-preview":"max-image-preview:large","max-video-preview":"max-video-preview:-1"},"canonical":"https:\/\/www.welovecycling.com\/pl\/2020\/12\/21\/5-slynnych-pojedynkow-kolarskich\/","og_locale":"pl_PL","og_type":"article","og_title":"5 s\u0142ynnych pojedynk\u00f3w kolarskich","og_description":"Si\u0142\u0105 nap\u0119dow\u0105 do osi\u0105gania najlepszych wynik\u00f3w sportowych jest bez w\u0105tpienia rywalizacja. Sprawia ona r\u00f3wnie\u017c, \u017ce \u200b\u200bsport jest tak ekscytuj\u0105cy zar\u00f3wno dla kibic\u00f3w, jak i sportowc\u00f3w. Zrodzone z ch\u0119ci pokonania innego wielkiego talentu, najlepsze rywalizacje stanowi\u0105 mieszank\u0119 antagonizmu, szacunku, a cz\u0119sto tak\u017ce przyja\u017ani.","og_url":"https:\/\/www.welovecycling.com\/pl\/2020\/12\/21\/5-slynnych-pojedynkow-kolarskich\/","og_site_name":"\u0160koda We Love Cycling - Poland","article_published_time":"2020-12-21T12:42:27+00:00","og_image":[{"width":1024,"height":450,"url":"https:\/\/d2p6e6u75xmxt8.cloudfront.net\/5\/2020\/12\/Anquetil-Poulidor-profimedia-0068091902-CVR-1024x450-1-1.jpg","type":"image\/jpeg"}],"author":"oktawiamikulska","twitter_card":"summary_large_image","twitter_misc":{"Written by":"oktawiamikulska","Est. reading time":"6 minutes"},"schema":{"@context":"https:\/\/schema.org","@graph":[{"@type":"WebPage","@id":"https:\/\/www.welovecycling.com\/pl\/2020\/12\/21\/5-slynnych-pojedynkow-kolarskich\/","url":"https:\/\/www.welovecycling.com\/pl\/2020\/12\/21\/5-slynnych-pojedynkow-kolarskich\/","name":"5 s\u0142ynnych pojedynk\u00f3w kolarskich - \u0160koda We Love Cycling - Poland","isPartOf":{"@id":"https:\/\/www.welovecycling.com\/pl\/#website"},"primaryImageOfPage":{"@id":"https:\/\/www.welovecycling.com\/pl\/2020\/12\/21\/5-slynnych-pojedynkow-kolarskich\/#primaryimage"},"image":{"@id":"https:\/\/www.welovecycling.com\/pl\/2020\/12\/21\/5-slynnych-pojedynkow-kolarskich\/#primaryimage"},"thumbnailUrl":"https:\/\/d2p6e6u75xmxt8.cloudfront.net\/5\/2020\/12\/Anquetil-Poulidor-profimedia-0068091902-CVR-1024x450-1-1.jpg","datePublished":"2020-12-21T12:42:27+00:00","author":{"@id":"https:\/\/www.welovecycling.com\/pl\/#\/schema\/person\/4a79bac7bd265aa6a35a1079d36648be"},"description":"Si\u0142\u0105 nap\u0119dow\u0105 do osi\u0105gania najlepszych wynik\u00f3w sportowych jest bez w\u0105tpienia rywalizacja. Sprawia ona r\u00f3wnie\u017c, \u017ce \u200b\u200bsport jest tak ekscytuj\u0105cy zar\u00f3wno dla kibic\u00f3w, jak i sportowc\u00f3w. Zrodzone z ch\u0119ci pokonania innego wielkiego talentu, najlepsze rywalizacje stanowi\u0105 mieszank\u0119 antagonizmu, szacunku, a cz\u0119sto tak\u017ce przyja\u017ani.","breadcrumb":{"@id":"https:\/\/www.welovecycling.com\/pl\/2020\/12\/21\/5-slynnych-pojedynkow-kolarskich\/#breadcrumb"},"inLanguage":"pl-PL","potentialAction":[{"@type":"ReadAction","target":["https:\/\/www.welovecycling.com\/pl\/2020\/12\/21\/5-slynnych-pojedynkow-kolarskich\/"]}]},{"@type":"ImageObject","inLanguage":"pl-PL","@id":"https:\/\/www.welovecycling.com\/pl\/2020\/12\/21\/5-slynnych-pojedynkow-kolarskich\/#primaryimage","url":"https:\/\/d2p6e6u75xmxt8.cloudfront.net\/5\/2020\/12\/Anquetil-Poulidor-profimedia-0068091902-CVR-1024x450-1-1.jpg","contentUrl":"https:\/\/d2p6e6u75xmxt8.cloudfront.net\/5\/2020\/12\/Anquetil-Poulidor-profimedia-0068091902-CVR-1024x450-1-1.jpg","width":1024,"height":450},{"@type":"BreadcrumbList","@id":"https:\/\/www.welovecycling.com\/pl\/2020\/12\/21\/5-slynnych-pojedynkow-kolarskich\/#breadcrumb","itemListElement":[{"@type":"ListItem","position":1,"name":"Home","item":"https:\/\/www.welovecycling.com\/pl\/"},{"@type":"ListItem","position":2,"name":"5 s\u0142ynnych pojedynk\u00f3w kolarskich"}]},{"@type":"WebSite","@id":"https:\/\/www.welovecycling.com\/pl\/#website","url":"https:\/\/www.welovecycling.com\/pl\/","name":"\u0160koda We Love Cycling - Poland","description":"","potentialAction":[{"@type":"SearchAction","target":{"@type":"EntryPoint","urlTemplate":"https:\/\/www.welovecycling.com\/pl\/?s={search_term_string}"},"query-input":{"@type":"PropertyValueSpecification","valueRequired":true,"valueName":"search_term_string"}}],"inLanguage":"pl-PL"},{"@type":"Person","@id":"https:\/\/www.welovecycling.com\/pl\/#\/schema\/person\/4a79bac7bd265aa6a35a1079d36648be","name":"oktawiamikulska","image":{"@type":"ImageObject","inLanguage":"pl-PL","@id":"https:\/\/www.welovecycling.com\/pl\/#\/schema\/person\/image\/","url":"https:\/\/secure.gravatar.com\/avatar\/b97a3f44e2de6d2f8dd358975937e49823662e12cbd810b9d1a2bff1c149e8a7?s=96&d=mm&r=g","contentUrl":"https:\/\/secure.gravatar.com\/avatar\/b97a3f44e2de6d2f8dd358975937e49823662e12cbd810b9d1a2bff1c149e8a7?s=96&d=mm&r=g","caption":"oktawiamikulska"},"url":"https:\/\/www.welovecycling.com\/pl\/author\/oktawiamikulska\/"}]}},"_links":{"self":[{"href":"https:\/\/www.welovecycling.com\/pl\/wp-json\/wp\/v2\/posts\/11371","targetHints":{"allow":["GET"]}}],"collection":[{"href":"https:\/\/www.welovecycling.com\/pl\/wp-json\/wp\/v2\/posts"}],"about":[{"href":"https:\/\/www.welovecycling.com\/pl\/wp-json\/wp\/v2\/types\/post"}],"author":[{"embeddable":true,"href":"https:\/\/www.welovecycling.com\/pl\/wp-json\/wp\/v2\/users\/125"}],"replies":[{"embeddable":true,"href":"https:\/\/www.welovecycling.com\/pl\/wp-json\/wp\/v2\/comments?post=11371"}],"version-history":[{"count":1,"href":"https:\/\/www.welovecycling.com\/pl\/wp-json\/wp\/v2\/posts\/11371\/revisions"}],"predecessor-version":[{"id":11373,"href":"https:\/\/www.welovecycling.com\/pl\/wp-json\/wp\/v2\/posts\/11371\/revisions\/11373"}],"wp:featuredmedia":[{"embeddable":true,"href":"https:\/\/www.welovecycling.com\/pl\/wp-json\/wp\/v2\/media\/11372"}],"wp:attachment":[{"href":"https:\/\/www.welovecycling.com\/pl\/wp-json\/wp\/v2\/media?parent=11371"}],"wp:term":[{"taxonomy":"category","embeddable":true,"href":"https:\/\/www.welovecycling.com\/pl\/wp-json\/wp\/v2\/categories?post=11371"},{"taxonomy":"post_tag","embeddable":true,"href":"https:\/\/www.welovecycling.com\/pl\/wp-json\/wp\/v2\/tags?post=11371"},{"taxonomy":"global-categories","embeddable":true,"href":"https:\/\/www.welovecycling.com\/pl\/wp-json\/wp\/v2\/global-categories?post=11371"}],"curies":[{"name":"wp","href":"https:\/\/api.w.org\/{rel}","templated":true}]}}