{"id":11357,"date":"2020-12-14T15:49:25","date_gmt":"2020-12-14T15:49:25","guid":{"rendered":"https:\/\/www.welovecycling.com\/pl\/?p=11357"},"modified":"2020-12-14T15:49:25","modified_gmt":"2020-12-14T15:49:25","slug":"skomplikowana-historia-juliana-berrendero-jednego-z-pierwszych-zawodnikow-la-vuelty","status":"publish","type":"post","link":"https:\/\/www.welovecycling.com\/pl\/2020\/12\/14\/skomplikowana-historia-juliana-berrendero-jednego-z-pierwszych-zawodnikow-la-vuelty\/","title":{"rendered":"Skomplikowana historia Juli\u00e1na Berrendero \u2013 jednego z pierwszych zawodnik\u00f3w La Vuelty"},"content":{"rendered":"<p><strong>Pocz\u0105tki hiszpa\u0144skiego Grand Tour przypominaj\u0105 historie znane z powie\u015bci przygodowych. Nasz urodzony w trudnym \u015brodowisku i walcz\u0105cy o przetrwanie bohater stara si\u0119 odnale\u017a\u0107 swoje miejsce w skomplikowanym i wrogim \u015bwiecie zdominowanym przez silniejszych graczy.<\/strong><\/p>\n<p>Niestabilna sytuacja polityczna i wojna wp\u0142yn\u0119\u0142y negatywnie na pierwsz\u0105 dekad\u0119 La Vuelty, poniewa\u017c odcisn\u0119\u0142y pi\u0119tno na \u017cyciu jednego z pierwszych uczestnik\u00f3w tego wy\u015bcigu, utalentowanego kolarza Juli\u00e1na Berrendero. Ten nieznany nikomu m\u0142ody Hiszpan pojawi\u0142 si\u0119 w drugiej edycji La Vuelty w 1936 roku i nieoczekiwanie sta\u0142 si\u0119 zagro\u017ceniem dla faworyta wy\u015bcigu, Gustaafa Deeloora. Podczas gdy Deeloor ostatecznie wygra\u0142 wy\u015bcig, Berrendero zaj\u0105\u0142 obiecuj\u0105c\u0105 czwart\u0105 pozycj\u0119 i miesi\u0105c p\u00f3\u017aniej do\u0142\u0105czy\u0142 do Tour de France.<\/p>\n<figure id=\"attachment_180248\" aria-describedby=\"caption-attachment-180248\" style=\"width: 1024px\" class=\"wp-caption alignnone\"><img loading=\"lazy\" decoding=\"async\" class=\"loading wp-image-180248 size-large\" src=\"https:\/\/d2p6e6u75xmxt8.cloudfront.net\/2\/2020\/11\/Berrendero-profimedia-0067993512-1024x715.jpg\" sizes=\"auto, (max-width: 1024px) 100vw, 1024px\" srcset=\"https:\/\/d2p6e6u75xmxt8.cloudfront.net\/2\/2020\/11\/Berrendero-profimedia-0067993512-1024x715.jpg 1024w, https:\/\/d2p6e6u75xmxt8.cloudfront.net\/2\/2020\/11\/Berrendero-profimedia-0067993512-300x210.jpg 300w, https:\/\/d2p6e6u75xmxt8.cloudfront.net\/2\/2020\/11\/Berrendero-profimedia-0067993512-768x536.jpg 768w, https:\/\/d2p6e6u75xmxt8.cloudfront.net\/2\/2020\/11\/Berrendero-profimedia-0067993512.jpg 1250w\" alt=\"Berrendero at the Tour\" width=\"1024\" height=\"715\" data-was-processed=\"true\" \/><figcaption id=\"caption-attachment-180248\" class=\"wp-caption-text\">Podczas Tour, 1937 rok. \u00a9 Profimedia<\/figcaption><\/figure>\n<p>Przekraczaj\u0105c lini\u0119 mety Grande Boucle, Juli\u00e1n dowiedzia\u0142 si\u0119, \u017ce jego kraj pogr\u0105\u017cy\u0142 si\u0119 w okrutnej wojnie domowej. M\u0142ody kolarz postanowi\u0142 zosta\u0107 we Francji i prowadzi\u0107 tam sklep rowerowy. Wci\u0105\u017c na wygnaniu podpisa\u0142 dokument, w kt\u00f3rym obieca\u0142 wierno\u015b\u0107 w\u0142adzom z 1931 roku. Kiedy wojna domowa dobieg\u0142a ko\u0144ca i tysi\u0105ce Hiszpan\u00f3w uciek\u0142o z kraju, Juli\u00e1n w ko\u0144cu wyruszy\u0142 w drog\u0119 powrotn\u0105. Sk\u0142oni\u0142y go do tego t\u0119sknota za domem i ch\u0119\u0107 zobaczenia swojej rodziny. Niestety w chwili, gdy Berrendero postawi\u0142 stop\u0119 na hiszpa\u0144skiej ziemi, zosta\u0142 aresztowany przez re\u017cim frankistowski, kt\u00f3ry wcze\u015bniej otwarcie krytykowa\u0142.<\/p>\n<p>Tym sposobem sp\u0119dzi\u0142 prawie dwa lata w obozach koncentracyjnych, niedo\u017cywiony i poddawany regularnym karom cielesnym. Na szcz\u0119\u015bcie wcze\u015bniejsza kariera kolarska Berrendero uratowa\u0142a mu \u017cycie.<\/p>\n<figure id=\"attachment_180249\" aria-describedby=\"caption-attachment-180249\" style=\"width: 1024px\" class=\"wp-caption alignnone\"><img loading=\"lazy\" decoding=\"async\" class=\"loading wp-image-180249 size-large\" src=\"https:\/\/d2p6e6u75xmxt8.cloudfront.net\/2\/2020\/11\/Berrendero-profimedia-0067993500-1024x722.jpg\" sizes=\"auto, (max-width: 1024px) 100vw, 1024px\" srcset=\"https:\/\/d2p6e6u75xmxt8.cloudfront.net\/2\/2020\/11\/Berrendero-profimedia-0067993500-1024x722.jpg 1024w, https:\/\/d2p6e6u75xmxt8.cloudfront.net\/2\/2020\/11\/Berrendero-profimedia-0067993500-300x211.jpg 300w, https:\/\/d2p6e6u75xmxt8.cloudfront.net\/2\/2020\/11\/Berrendero-profimedia-0067993500-768x541.jpg 768w, https:\/\/d2p6e6u75xmxt8.cloudfront.net\/2\/2020\/11\/Berrendero-profimedia-0067993500.jpg 1250w\" alt=\"Juli\u00e1n Berrendero Tour\" width=\"1024\" height=\"722\" data-was-processed=\"true\" \/><figcaption id=\"caption-attachment-180249\" class=\"wp-caption-text\">Podczas wy\u015bcigu przed uwi\u0119zieniem. \u00a9 Profimedia<\/figcaption><\/figure>\n<p>Kiedy wi\u0119\u017aniowie obozu ustawiali si\u0119 w Kadyksie w szeregu, pewien kapitan rozpozna\u0142 twarz i atletyczn\u0105 budow\u0119 jednego z wi\u0119\u017ani\u00f3w i poleci\u0142 mu i\u015b\u0107 za nim do biura. Wi\u0119\u017aniem by\u0142 oczywi\u015bcie Berrendero, kt\u00f3ry szed\u0142 przera\u017cony tym, co za chwil\u0119 si\u0119 wydarzy. Jednak ku jego wielkiemu zdziwieniu kapitan si\u0119 wzruszy\u0142, obj\u0105\u0142 wi\u0119\u017ania ramieniem i wyja\u015bni\u0142, \u017ce on r\u00f3wnie\u017c jest kolarzem. Co wi\u0119cej, okaza\u0142o si\u0119, \u017ce kapitan i Juli\u00e1n \u015bcigali si\u0119 razem przed wojn\u0105.<\/p>\n<p>W 1941 roku Berrendero zosta\u0142 uwolniony i na cze\u015b\u0107 swojego przetrwania powr\u00f3ci\u0142 do wy\u015bcig\u00f3w. Po intensywnych treningach zdeterminowany zawodnik odni\u00f3s\u0142 zwyci\u0119stwa podczas La Vuelty w 1941 i 1942 roku. Juli\u00e1n kontynuowa\u0142 karier\u0119 kolarsk\u0105, a na swoim koncie mia\u0142 \u0142\u0105cznie 79 g\u0142\u00f3wnych zwyci\u0119stw. Zmar\u0142 w 1995 roku w wieku 83 lat.<\/p>\n<p>Je\u015bli odwiedzisz Madryt, wpadnij do <a href=\"https:\/\/www.berrendero.es\/\"><u>sklepu rowerowego nosz\u0105cego jego nazwisko<\/u><\/a>.<\/p>\n<p><span data-sheets-value=\"{&quot;1&quot;:2,&quot;2&quot;:&quot;Artyku\u0142 powsta\u0142 we wsp\u00f3\u0142pracy ze skoda-auto.pl&quot;}\" data-sheets-userformat=\"{&quot;2&quot;:1,&quot;3&quot;:{&quot;1&quot;:0}}\" data-sheets-hyperlink=\"http:\/\/www.skoda-auto.pl\/\"><a class=\"in-cell-link\" href=\"http:\/\/www.skoda-auto.pl\/\" target=\"_blank\" rel=\"noopener noreferrer\">Artyku\u0142 powsta\u0142 we wsp\u00f3\u0142pracy ze skoda-auto.pl<\/a><\/span><\/p>\n<p>&nbsp;<\/p>\n<p><a href=\"https:\/\/www.skoda-auto.pl\/modele\/kodiaq\"><img loading=\"lazy\" decoding=\"async\" class=\"size-full wp-image-11327 aligncenter\" src=\"https:\/\/d2p6e6u75xmxt8.cloudfront.net\/5\/2021\/12\/baner-WLC.jpg\" alt=\"\" width=\"640\" height=\"350\" srcset=\"https:\/\/d2p6e6u75xmxt8.cloudfront.net\/5\/2021\/12\/baner-WLC.jpg 640w, https:\/\/d2p6e6u75xmxt8.cloudfront.net\/5\/2021\/12\/baner-WLC-300x164.jpg 300w\" sizes=\"auto, (max-width: 640px) 100vw, 640px\" \/><\/a><\/p>\n<p>&nbsp;<\/p>\n","protected":false},"excerpt":{"rendered":"<p>Pocz\u0105tki hiszpa\u0144skiego Grand Tour przypominaj\u0105 historie znane z powie\u015bci przygodowych. Nasz urodzony w trudnym \u015brodowisku i walcz\u0105cy o przetrwanie bohater [&hellip;]<\/p>\n","protected":false},"author":125,"featured_media":11358,"comment_status":"open","ping_status":"open","sticky":false,"template":"","format":"standard","meta":{"footnotes":""},"categories":[226,325],"tags":[],"global-categories":[303],"class_list":["post-11357","post","type-post","status-publish","format-standard","has-post-thumbnail","hentry","category-ciekawostki","category-historia","global-categories-cycling"],"yoast_head":"<!-- This site is optimized with the Yoast SEO Premium plugin v25.3 (Yoast SEO v25.9) - https:\/\/yoast.com\/wordpress\/plugins\/seo\/ -->\n<title>Skomplikowana historia Juli\u00e1na Berrendero \u2013 jednego z pierwszych zawodnik\u00f3w La Vuelty - \u0160koda We Love Cycling - Poland<\/title>\n<meta name=\"robots\" content=\"index, follow, max-snippet:-1, max-image-preview:large, max-video-preview:-1\" \/>\n<link rel=\"canonical\" href=\"https:\/\/www.welovecycling.com\/pl\/2020\/12\/14\/skomplikowana-historia-juliana-berrendero-jednego-z-pierwszych-zawodnikow-la-vuelty\/\" \/>\n<meta property=\"og:locale\" content=\"pl_PL\" \/>\n<meta property=\"og:type\" content=\"article\" \/>\n<meta property=\"og:title\" content=\"Skomplikowana historia Juli\u00e1na Berrendero \u2013 jednego z pierwszych zawodnik\u00f3w La Vuelty\" \/>\n<meta property=\"og:description\" content=\"Pocz\u0105tki hiszpa\u0144skiego Grand Tour przypominaj\u0105 historie znane z powie\u015bci przygodowych. Nasz urodzony w trudnym \u015brodowisku i walcz\u0105cy o przetrwanie bohater [&hellip;]\" \/>\n<meta property=\"og:url\" content=\"https:\/\/www.welovecycling.com\/pl\/2020\/12\/14\/skomplikowana-historia-juliana-berrendero-jednego-z-pierwszych-zawodnikow-la-vuelty\/\" \/>\n<meta property=\"og:site_name\" content=\"\u0160koda We Love Cycling - Poland\" \/>\n<meta property=\"article:published_time\" content=\"2020-12-14T15:49:25+00:00\" \/>\n<meta property=\"og:image\" content=\"https:\/\/d2p6e6u75xmxt8.cloudfront.net\/5\/2020\/12\/Julian-Berredero-profimedia-0198403010-CVR-1024x450-1.jpg\" \/>\n\t<meta property=\"og:image:width\" content=\"1024\" \/>\n\t<meta property=\"og:image:height\" content=\"450\" \/>\n\t<meta property=\"og:image:type\" content=\"image\/jpeg\" \/>\n<meta name=\"author\" content=\"oktawiamikulska\" \/>\n<meta name=\"twitter:card\" content=\"summary_large_image\" \/>\n<meta name=\"twitter:label1\" content=\"Written by\" \/>\n\t<meta name=\"twitter:data1\" content=\"Tereza Antonova\" \/>\n\t<meta name=\"twitter:label2\" content=\"Est. reading time\" \/>\n\t<meta name=\"twitter:data2\" content=\"2 minutes\" \/>\n<script type=\"application\/ld+json\" class=\"yoast-schema-graph\">{\"@context\":\"https:\/\/schema.org\",\"@graph\":[{\"@type\":\"WebPage\",\"@id\":\"https:\/\/www.welovecycling.com\/pl\/2020\/12\/14\/skomplikowana-historia-juliana-berrendero-jednego-z-pierwszych-zawodnikow-la-vuelty\/\",\"url\":\"https:\/\/www.welovecycling.com\/pl\/2020\/12\/14\/skomplikowana-historia-juliana-berrendero-jednego-z-pierwszych-zawodnikow-la-vuelty\/\",\"name\":\"Skomplikowana historia Juli\u00e1na Berrendero \u2013 jednego z pierwszych zawodnik\u00f3w La Vuelty - \u0160koda We Love Cycling - Poland\",\"isPartOf\":{\"@id\":\"https:\/\/www.welovecycling.com\/pl\/#website\"},\"primaryImageOfPage\":{\"@id\":\"https:\/\/www.welovecycling.com\/pl\/2020\/12\/14\/skomplikowana-historia-juliana-berrendero-jednego-z-pierwszych-zawodnikow-la-vuelty\/#primaryimage\"},\"image\":{\"@id\":\"https:\/\/www.welovecycling.com\/pl\/2020\/12\/14\/skomplikowana-historia-juliana-berrendero-jednego-z-pierwszych-zawodnikow-la-vuelty\/#primaryimage\"},\"thumbnailUrl\":\"https:\/\/d2p6e6u75xmxt8.cloudfront.net\/5\/2020\/12\/Julian-Berredero-profimedia-0198403010-CVR-1024x450-1.jpg\",\"datePublished\":\"2020-12-14T15:49:25+00:00\",\"author\":{\"@id\":\"https:\/\/www.welovecycling.com\/pl\/#\/schema\/person\/4a79bac7bd265aa6a35a1079d36648be\"},\"breadcrumb\":{\"@id\":\"https:\/\/www.welovecycling.com\/pl\/2020\/12\/14\/skomplikowana-historia-juliana-berrendero-jednego-z-pierwszych-zawodnikow-la-vuelty\/#breadcrumb\"},\"inLanguage\":\"pl-PL\",\"potentialAction\":[{\"@type\":\"ReadAction\",\"target\":[\"https:\/\/www.welovecycling.com\/pl\/2020\/12\/14\/skomplikowana-historia-juliana-berrendero-jednego-z-pierwszych-zawodnikow-la-vuelty\/\"]}]},{\"@type\":\"ImageObject\",\"inLanguage\":\"pl-PL\",\"@id\":\"https:\/\/www.welovecycling.com\/pl\/2020\/12\/14\/skomplikowana-historia-juliana-berrendero-jednego-z-pierwszych-zawodnikow-la-vuelty\/#primaryimage\",\"url\":\"https:\/\/d2p6e6u75xmxt8.cloudfront.net\/5\/2020\/12\/Julian-Berredero-profimedia-0198403010-CVR-1024x450-1.jpg\",\"contentUrl\":\"https:\/\/d2p6e6u75xmxt8.cloudfront.net\/5\/2020\/12\/Julian-Berredero-profimedia-0198403010-CVR-1024x450-1.jpg\",\"width\":1024,\"height\":450},{\"@type\":\"BreadcrumbList\",\"@id\":\"https:\/\/www.welovecycling.com\/pl\/2020\/12\/14\/skomplikowana-historia-juliana-berrendero-jednego-z-pierwszych-zawodnikow-la-vuelty\/#breadcrumb\",\"itemListElement\":[{\"@type\":\"ListItem\",\"position\":1,\"name\":\"Home\",\"item\":\"https:\/\/www.welovecycling.com\/pl\/\"},{\"@type\":\"ListItem\",\"position\":2,\"name\":\"Skomplikowana historia Juli\u00e1na Berrendero \u2013 jednego z pierwszych zawodnik\u00f3w La Vuelty\"}]},{\"@type\":\"WebSite\",\"@id\":\"https:\/\/www.welovecycling.com\/pl\/#website\",\"url\":\"https:\/\/www.welovecycling.com\/pl\/\",\"name\":\"\u0160koda We Love Cycling - Poland\",\"description\":\"\",\"potentialAction\":[{\"@type\":\"SearchAction\",\"target\":{\"@type\":\"EntryPoint\",\"urlTemplate\":\"https:\/\/www.welovecycling.com\/pl\/?s={search_term_string}\"},\"query-input\":{\"@type\":\"PropertyValueSpecification\",\"valueRequired\":true,\"valueName\":\"search_term_string\"}}],\"inLanguage\":\"pl-PL\"},{\"@type\":\"Person\",\"@id\":\"https:\/\/www.welovecycling.com\/pl\/#\/schema\/person\/4a79bac7bd265aa6a35a1079d36648be\",\"name\":\"oktawiamikulska\",\"image\":{\"@type\":\"ImageObject\",\"inLanguage\":\"pl-PL\",\"@id\":\"https:\/\/www.welovecycling.com\/pl\/#\/schema\/person\/image\/\",\"url\":\"https:\/\/secure.gravatar.com\/avatar\/b97a3f44e2de6d2f8dd358975937e49823662e12cbd810b9d1a2bff1c149e8a7?s=96&d=mm&r=g\",\"contentUrl\":\"https:\/\/secure.gravatar.com\/avatar\/b97a3f44e2de6d2f8dd358975937e49823662e12cbd810b9d1a2bff1c149e8a7?s=96&d=mm&r=g\",\"caption\":\"oktawiamikulska\"},\"url\":\"https:\/\/www.welovecycling.com\/pl\/author\/oktawiamikulska\/\"}]}<\/script>\n<!-- \/ Yoast SEO Premium plugin. -->","yoast_head_json":{"title":"Skomplikowana historia Juli\u00e1na Berrendero \u2013 jednego z pierwszych zawodnik\u00f3w La Vuelty - \u0160koda We Love Cycling - Poland","robots":{"index":"index","follow":"follow","max-snippet":"max-snippet:-1","max-image-preview":"max-image-preview:large","max-video-preview":"max-video-preview:-1"},"canonical":"https:\/\/www.welovecycling.com\/pl\/2020\/12\/14\/skomplikowana-historia-juliana-berrendero-jednego-z-pierwszych-zawodnikow-la-vuelty\/","og_locale":"pl_PL","og_type":"article","og_title":"Skomplikowana historia Juli\u00e1na Berrendero \u2013 jednego z pierwszych zawodnik\u00f3w La Vuelty","og_description":"Pocz\u0105tki hiszpa\u0144skiego Grand Tour przypominaj\u0105 historie znane z powie\u015bci przygodowych. Nasz urodzony w trudnym \u015brodowisku i walcz\u0105cy o przetrwanie bohater [&hellip;]","og_url":"https:\/\/www.welovecycling.com\/pl\/2020\/12\/14\/skomplikowana-historia-juliana-berrendero-jednego-z-pierwszych-zawodnikow-la-vuelty\/","og_site_name":"\u0160koda We Love Cycling - Poland","article_published_time":"2020-12-14T15:49:25+00:00","og_image":[{"width":1024,"height":450,"url":"https:\/\/d2p6e6u75xmxt8.cloudfront.net\/5\/2020\/12\/Julian-Berredero-profimedia-0198403010-CVR-1024x450-1.jpg","type":"image\/jpeg"}],"author":"oktawiamikulska","twitter_card":"summary_large_image","twitter_misc":{"Written by":"Tereza Antonova","Est. reading time":"2 minutes"},"schema":{"@context":"https:\/\/schema.org","@graph":[{"@type":"WebPage","@id":"https:\/\/www.welovecycling.com\/pl\/2020\/12\/14\/skomplikowana-historia-juliana-berrendero-jednego-z-pierwszych-zawodnikow-la-vuelty\/","url":"https:\/\/www.welovecycling.com\/pl\/2020\/12\/14\/skomplikowana-historia-juliana-berrendero-jednego-z-pierwszych-zawodnikow-la-vuelty\/","name":"Skomplikowana historia Juli\u00e1na Berrendero \u2013 jednego z pierwszych zawodnik\u00f3w La Vuelty - \u0160koda We Love Cycling - Poland","isPartOf":{"@id":"https:\/\/www.welovecycling.com\/pl\/#website"},"primaryImageOfPage":{"@id":"https:\/\/www.welovecycling.com\/pl\/2020\/12\/14\/skomplikowana-historia-juliana-berrendero-jednego-z-pierwszych-zawodnikow-la-vuelty\/#primaryimage"},"image":{"@id":"https:\/\/www.welovecycling.com\/pl\/2020\/12\/14\/skomplikowana-historia-juliana-berrendero-jednego-z-pierwszych-zawodnikow-la-vuelty\/#primaryimage"},"thumbnailUrl":"https:\/\/d2p6e6u75xmxt8.cloudfront.net\/5\/2020\/12\/Julian-Berredero-profimedia-0198403010-CVR-1024x450-1.jpg","datePublished":"2020-12-14T15:49:25+00:00","author":{"@id":"https:\/\/www.welovecycling.com\/pl\/#\/schema\/person\/4a79bac7bd265aa6a35a1079d36648be"},"breadcrumb":{"@id":"https:\/\/www.welovecycling.com\/pl\/2020\/12\/14\/skomplikowana-historia-juliana-berrendero-jednego-z-pierwszych-zawodnikow-la-vuelty\/#breadcrumb"},"inLanguage":"pl-PL","potentialAction":[{"@type":"ReadAction","target":["https:\/\/www.welovecycling.com\/pl\/2020\/12\/14\/skomplikowana-historia-juliana-berrendero-jednego-z-pierwszych-zawodnikow-la-vuelty\/"]}]},{"@type":"ImageObject","inLanguage":"pl-PL","@id":"https:\/\/www.welovecycling.com\/pl\/2020\/12\/14\/skomplikowana-historia-juliana-berrendero-jednego-z-pierwszych-zawodnikow-la-vuelty\/#primaryimage","url":"https:\/\/d2p6e6u75xmxt8.cloudfront.net\/5\/2020\/12\/Julian-Berredero-profimedia-0198403010-CVR-1024x450-1.jpg","contentUrl":"https:\/\/d2p6e6u75xmxt8.cloudfront.net\/5\/2020\/12\/Julian-Berredero-profimedia-0198403010-CVR-1024x450-1.jpg","width":1024,"height":450},{"@type":"BreadcrumbList","@id":"https:\/\/www.welovecycling.com\/pl\/2020\/12\/14\/skomplikowana-historia-juliana-berrendero-jednego-z-pierwszych-zawodnikow-la-vuelty\/#breadcrumb","itemListElement":[{"@type":"ListItem","position":1,"name":"Home","item":"https:\/\/www.welovecycling.com\/pl\/"},{"@type":"ListItem","position":2,"name":"Skomplikowana historia Juli\u00e1na Berrendero \u2013 jednego z pierwszych zawodnik\u00f3w La Vuelty"}]},{"@type":"WebSite","@id":"https:\/\/www.welovecycling.com\/pl\/#website","url":"https:\/\/www.welovecycling.com\/pl\/","name":"\u0160koda We Love Cycling - Poland","description":"","potentialAction":[{"@type":"SearchAction","target":{"@type":"EntryPoint","urlTemplate":"https:\/\/www.welovecycling.com\/pl\/?s={search_term_string}"},"query-input":{"@type":"PropertyValueSpecification","valueRequired":true,"valueName":"search_term_string"}}],"inLanguage":"pl-PL"},{"@type":"Person","@id":"https:\/\/www.welovecycling.com\/pl\/#\/schema\/person\/4a79bac7bd265aa6a35a1079d36648be","name":"oktawiamikulska","image":{"@type":"ImageObject","inLanguage":"pl-PL","@id":"https:\/\/www.welovecycling.com\/pl\/#\/schema\/person\/image\/","url":"https:\/\/secure.gravatar.com\/avatar\/b97a3f44e2de6d2f8dd358975937e49823662e12cbd810b9d1a2bff1c149e8a7?s=96&d=mm&r=g","contentUrl":"https:\/\/secure.gravatar.com\/avatar\/b97a3f44e2de6d2f8dd358975937e49823662e12cbd810b9d1a2bff1c149e8a7?s=96&d=mm&r=g","caption":"oktawiamikulska"},"url":"https:\/\/www.welovecycling.com\/pl\/author\/oktawiamikulska\/"}]}},"_links":{"self":[{"href":"https:\/\/www.welovecycling.com\/pl\/wp-json\/wp\/v2\/posts\/11357","targetHints":{"allow":["GET"]}}],"collection":[{"href":"https:\/\/www.welovecycling.com\/pl\/wp-json\/wp\/v2\/posts"}],"about":[{"href":"https:\/\/www.welovecycling.com\/pl\/wp-json\/wp\/v2\/types\/post"}],"author":[{"embeddable":true,"href":"https:\/\/www.welovecycling.com\/pl\/wp-json\/wp\/v2\/users\/125"}],"replies":[{"embeddable":true,"href":"https:\/\/www.welovecycling.com\/pl\/wp-json\/wp\/v2\/comments?post=11357"}],"version-history":[{"count":1,"href":"https:\/\/www.welovecycling.com\/pl\/wp-json\/wp\/v2\/posts\/11357\/revisions"}],"predecessor-version":[{"id":11359,"href":"https:\/\/www.welovecycling.com\/pl\/wp-json\/wp\/v2\/posts\/11357\/revisions\/11359"}],"wp:featuredmedia":[{"embeddable":true,"href":"https:\/\/www.welovecycling.com\/pl\/wp-json\/wp\/v2\/media\/11358"}],"wp:attachment":[{"href":"https:\/\/www.welovecycling.com\/pl\/wp-json\/wp\/v2\/media?parent=11357"}],"wp:term":[{"taxonomy":"category","embeddable":true,"href":"https:\/\/www.welovecycling.com\/pl\/wp-json\/wp\/v2\/categories?post=11357"},{"taxonomy":"post_tag","embeddable":true,"href":"https:\/\/www.welovecycling.com\/pl\/wp-json\/wp\/v2\/tags?post=11357"},{"taxonomy":"global-categories","embeddable":true,"href":"https:\/\/www.welovecycling.com\/pl\/wp-json\/wp\/v2\/global-categories?post=11357"}],"curies":[{"name":"wp","href":"https:\/\/api.w.org\/{rel}","templated":true}]}}