{"id":11342,"date":"2020-12-09T14:23:38","date_gmt":"2020-12-09T14:23:38","guid":{"rendered":"https:\/\/www.welovecycling.com\/pl\/?p=11342"},"modified":"2020-12-09T14:23:38","modified_gmt":"2020-12-09T14:23:38","slug":"niezapomniane-chwile-zagladamy-za-kulisy-kolarskiego-swiata","status":"publish","type":"post","link":"https:\/\/www.welovecycling.com\/pl\/2020\/12\/09\/niezapomniane-chwile-zagladamy-za-kulisy-kolarskiego-swiata\/","title":{"rendered":"Niezapomniane chwile\u2026 Zagl\u0105damy za kulisy kolarskiego \u015bwiata!"},"content":{"rendered":"<p><strong>Jedni zupe\u0142nie odci\u0119li si\u0119 od kolarstwa, drudzy bez roweru nie mog\u0105 wytrzyma\u0107, a jeszcze inni prze\u017cywaj\u0105 najpi\u0119kniejsze chwile w \u017cyciu lub prowadz\u0105 akcj\u0119 ratowania\u2026 w\u0119\u017ca! Sezon oficjalnie si\u0119 zako\u0144czy\u0142, wi\u0119c zagl\u0105damy, jak wolny czas sp\u0119dzaj\u0105 najlepsi zawodnicy na \u015bwiecie.<\/strong><\/p>\n<p>To nieliczne tygodnie w roku, gdy kolarze mog\u0105 poluzowa\u0107 re\u017cim treningowy i odda\u0107 si\u0119 pasjom niekoniecznie zwi\u0105zanym ze sportem. Cz\u0119\u015b\u0107 zawodnik\u00f3w odk\u0142ada rower w najdalszy k\u0105t i robi wszystko, by si\u0119 za nim st\u0119skni\u0107. Wi\u0119kszo\u015b\u0107 wytrzymuje jednak g\u00f3ra kilka dni i dla frajdy, a tak\u017ce podtrzymania formy, kr\u0119ci kilometry.<\/p>\n<p>Wygl\u0105da na to, \u017ce Radej Pogacar, zwyci\u0119zca Tour de France, w wolnym czasie wzi\u0105\u0142 si\u0119 za przegl\u0105danie zdj\u0119\u0107. I dobrze, bo z archiwum wygrzeba\u0142 tak\u0105 pere\u0142k\u0119<\/p>\n<p>https:\/\/www.instagram.com\/p\/CIQ7A2wFIjp\/?utm_source=ig_web_copy_link<\/p>\n<p>&#8211; Powr\u00f3t do mi\u0142ych wspomnie\u0144 \u2013 napisa\u0142 tegoroczny triumfator Wielkiej P\u0119tli.<\/p>\n<p>W otoczeniu najbli\u017cszych czas sp\u0119dza r\u00f3wnie\u017c najlepszy zawodnik Vuelta a Espana \u2013 Primo\u017c Rogli\u0107.<\/p>\n<p>https:\/\/www.instagram.com\/p\/CHagPeuByq0\/?utm_source=ig_web_copy_link<\/p>\n<p>&#8211; S\u0105 koszulki, trofea, nagrody, ale niekt\u00f3re rzeczy s\u0105 od tego troch\u0119 wa\u017cniejsze \u2013 przyznaje S\u0142oweniec.<\/p>\n<p>Pi\u0119kne rodzinne chwile prze\u017cywa r\u00f3wnie\u017c Rafa\u0142 Majka. Po ci\u0119\u017ckim i szalonym sezonie zmienia on zesp\u00f3l Bora-Hansgrohe na UAE Emirates. Jednak taka zmiana to nic w por\u00f3wnaniu z tym, co niedawno wydarzy\u0142o si\u0119 w \u017cyciu kolarza z Zegartowic<\/p>\n<div class=\"embed-controller-wrapper\">\n<blockquote class=\"twitter-tweet\" data-width=\"500\" data-dnt=\"true\">\n<p lang=\"pl\" dir=\"ltr\">Rodzina w komplecie! \ud83d\ude0d\ud83d\ude07 <a href=\"https:\/\/t.co\/DC7VYUGyH0\">pic.twitter.com\/DC7VYUGyH0<\/a><\/p>\n<p>&mdash; Rafa\u0142 Majka (@majkaformal) <a href=\"https:\/\/twitter.com\/majkaformal\/status\/1330936854376570881?ref_src=twsrc%5Etfw\">November 23, 2020<\/a><\/p><\/blockquote>\n<p><script async data-src=\"https:\/\/platform.twitter.com\/widgets.js\" charset=\"utf-8\"><\/script><\/div>\n<p>Przegl\u0105daj\u0105c profile najlepszych zawodnik\u00f3w \u015bwiata, \u0142atwo mo\u017cna zauwa\u017cy\u0107, \u017ce u wielu z nich czas po sezonie jest okresem, gdy wracaj\u0105 do \u017cycia rodzinnego i ka\u017cd\u0105 woln\u0105 chwil\u0119 sp\u0119dzaj\u0105 z dzie\u0107mi. Nie inaczej jest w przypadku Christophera Froome\u2019a, kt\u00f3ry z rodzin\u0105 przebywa w Stanach Zjednoczonych<\/p>\n<p>https:\/\/www.instagram.com\/p\/CIHU0u2n07Y\/?utm_source=ig_web_copy_link<\/p>\n<p>Brytyjczyk znajduje jednak czas, by wskoczy\u0107 na rower i z tej perspektywy zwiedza\u0107 Kaliforni\u0119. Podczas przeja\u017cd\u017cki natrafi\u0142 jednak na przeszkod\u0119, kt\u00f3r\u0105 wielu objecha\u0142oby szerokim \u0142ukiem. Froome jednak postanowi\u0142 si\u0119 zatrzyma\u0107, wzi\u0105\u0107 j\u0105 do r\u0119ki i zrobi\u0107 sobie pami\u0105tkowe selfie<\/p>\n<div class=\"embed-controller-wrapper\">\n<blockquote class=\"twitter-tweet\" data-width=\"500\" data-dnt=\"true\">\n<p lang=\"en\" dir=\"ltr\">Rescued this little guy from getting run over, anybody know what it is? \ud83d\udc0d <a href=\"https:\/\/t.co\/kppPiAQTe9\">pic.twitter.com\/kppPiAQTe9<\/a><\/p>\n<p>&mdash; Chris Froome (@chrisfroome) <a href=\"https:\/\/twitter.com\/chrisfroome\/status\/1334612749708488706?ref_src=twsrc%5Etfw\">December 3, 2020<\/a><\/p><\/blockquote>\n<p><script async data-src=\"https:\/\/platform.twitter.com\/widgets.js\" charset=\"utf-8\"><\/script><\/div>\n<p>&#8211; Uratowa\u0142em tego ma\u0142ego go\u015bcia przed rozjechaniem. Ktokolwiek wie, co to jest? \u2013 zapyta\u0142 kibic\u00f3w Brytyjczyk.<\/p>\n<p>W zupe\u0142nie innej scenerii wypoczywa z kolei zwyci\u0119zca Vuelta a Espana Tao Geoghegan Hart<\/p>\n<p>https:\/\/www.instagram.com\/p\/CIFpmahHQi-\/?utm_source=ig_web_copy_link<\/p>\n<p>Podczas gdy wi\u0119kszo\u015b\u0107 zawodnik\u00f3w odpoczywa, niekt\u00f3rzy jeszcze kr\u0119c\u0105 si\u0119 na transferowej karuzeli. Ciekaw\u0105 histori\u0119 ma za sob\u0105 Mark Cavendish. Gdy sta\u0142o si\u0119 jasne, \u017ce nie pozostanie w Bahrain McLaren, zacz\u0105\u0142 poszukiwania nowego zespo\u0142u. Pierwsze kroki skierowa\u0142 do szefostwa Deceuninck \u2013 Quick Step, ale us\u0142ysza\u0142, \u017ce dru\u017cyny na niego nie sta\u0107. Zawarto wi\u0119c uk\u0142ad, w kt\u00f3ry dzia\u0142acze nie za bardzo wierzyli, a mianowicie: Cavendish sam znajdzie ch\u0119tnego, kt\u00f3ry b\u0119dzie pokrywa\u0142 jego pensj\u0119, a w zamian belgijska grupa w\u0142\u0105czy go do teamu. Rozwi\u0105zanie w kolarskim \u015bwiecie rzadko spotykane okaza\u0142o si\u0119 jednak bardzo skuteczne, bo Cavendish za kilka dni wr\u00f3ci\u0142 ze sponsorem i od przysz\u0142ego sezonu b\u0119dzie je\u017adzi\u0142 w Deceuninck \u2013 Quick Step<\/p>\n<div class=\"embed-controller-wrapper\">\n<blockquote class=\"twitter-tweet\" data-width=\"500\" data-dnt=\"true\">\n<p lang=\"en\" dir=\"ltr\">To say I\u2019m excited would be an understatement. Incredibly proud to announce an agreement to again join my friends <a href=\"https:\/\/twitter.com\/deceuninck_qst?ref_src=twsrc%5Etfw\">@deceuninck_qst<\/a>. I\u2019ve never hidden how special my time was there, how special the people &amp; atmosphere are &amp; how special the Flemish heart philosophy of pure racing is <a href=\"https:\/\/t.co\/xJ6gjlijQs\">pic.twitter.com\/xJ6gjlijQs<\/a><\/p>\n<p>&mdash; Mark Cavendish (@MarkCavendish) <a href=\"https:\/\/twitter.com\/MarkCavendish\/status\/1335251042137726976?ref_src=twsrc%5Etfw\">December 5, 2020<\/a><\/p><\/blockquote>\n<p><script async data-src=\"https:\/\/platform.twitter.com\/widgets.js\" charset=\"utf-8\"><\/script><\/div>\n<p><span data-sheets-value=\"{&quot;1&quot;:2,&quot;2&quot;:&quot;Artyku\u0142 powsta\u0142 we wsp\u00f3\u0142pracy ze skoda-auto.pl&quot;}\" data-sheets-userformat=\"{&quot;2&quot;:1,&quot;3&quot;:{&quot;1&quot;:0}}\" data-sheets-hyperlink=\"http:\/\/www.skoda-auto.pl\/\"><a class=\"in-cell-link\" href=\"http:\/\/www.skoda-auto.pl\/\" target=\"_blank\" rel=\"noopener noreferrer\">Artyku\u0142 powsta\u0142 we wsp\u00f3\u0142pracy ze skoda-auto.pl<\/a><\/span><\/p>\n<p><a href=\"https:\/\/www.skoda-auto.pl\/modele\/karoq\">\u00a0<\/a><\/p>\n<p><a href=\"https:\/\/www.skoda-auto.pl\/modele\/kodiaq\"><img loading=\"lazy\" decoding=\"async\" class=\"size-full wp-image-11327 aligncenter\" src=\"https:\/\/d2p6e6u75xmxt8.cloudfront.net\/5\/2021\/12\/baner-WLC.jpg\" alt=\"\" width=\"640\" height=\"350\" srcset=\"https:\/\/d2p6e6u75xmxt8.cloudfront.net\/5\/2021\/12\/baner-WLC.jpg 640w, https:\/\/d2p6e6u75xmxt8.cloudfront.net\/5\/2021\/12\/baner-WLC-300x164.jpg 300w\" sizes=\"auto, (max-width: 640px) 100vw, 640px\" \/><\/a><\/p>\n<p>&nbsp;<\/p>\n","protected":false},"excerpt":{"rendered":"<p>Jedni zupe\u0142nie odci\u0119li si\u0119 od kolarstwa, drudzy bez roweru nie mog\u0105 wytrzyma\u0107, a jeszcze inni prze\u017cywaj\u0105 najpi\u0119kniejsze chwile w \u017cyciu [&hellip;]<\/p>\n","protected":false},"author":125,"featured_media":11350,"comment_status":"open","ping_status":"open","sticky":false,"template":"","format":"standard","meta":{"footnotes":""},"categories":[332],"tags":[],"global-categories":[303],"class_list":["post-11342","post","type-post","status-publish","format-standard","has-post-thumbnail","hentry","category-lifestyle","global-categories-cycling"],"yoast_head":"<!-- This site is optimized with the Yoast SEO Premium plugin v25.3 (Yoast SEO v25.9) - https:\/\/yoast.com\/wordpress\/plugins\/seo\/ -->\n<title>Niezapomniane chwile\u2026 Zagl\u0105damy za kulisy kolarskiego \u015bwiata! - \u0160koda We Love Cycling - Poland<\/title>\n<meta name=\"description\" content=\"Jedni zupe\u0142nie odci\u0119li si\u0119 od kolarstwa, drudzy bez roweru nie mog\u0105 wytrzyma\u0107, a jeszcze inni prze\u017cywaj\u0105 najpi\u0119kniejsze chwile w \u017cyciu lub prowadz\u0105 akcj\u0119 ratowania\u2026 w\u0119\u017ca! Sezon oficjalnie si\u0119 zako\u0144czy\u0142, wi\u0119c zagl\u0105damy, jak wolny czas sp\u0119dzaj\u0105 najlepsi zawodnicy na \u015bwiecie.\" \/>\n<meta name=\"robots\" content=\"index, follow, max-snippet:-1, max-image-preview:large, max-video-preview:-1\" \/>\n<link rel=\"canonical\" href=\"https:\/\/www.welovecycling.com\/pl\/2020\/12\/09\/niezapomniane-chwile-zagladamy-za-kulisy-kolarskiego-swiata\/\" \/>\n<meta property=\"og:locale\" content=\"pl_PL\" \/>\n<meta property=\"og:type\" content=\"article\" \/>\n<meta property=\"og:title\" content=\"Niezapomniane chwile\u2026 Zagl\u0105damy za kulisy kolarskiego \u015bwiata!\" \/>\n<meta property=\"og:description\" content=\"Jedni zupe\u0142nie odci\u0119li si\u0119 od kolarstwa, drudzy bez roweru nie mog\u0105 wytrzyma\u0107, a jeszcze inni prze\u017cywaj\u0105 najpi\u0119kniejsze chwile w \u017cyciu lub prowadz\u0105 akcj\u0119 ratowania\u2026 w\u0119\u017ca! Sezon oficjalnie si\u0119 zako\u0144czy\u0142, wi\u0119c zagl\u0105damy, jak wolny czas sp\u0119dzaj\u0105 najlepsi zawodnicy na \u015bwiecie.\" \/>\n<meta property=\"og:url\" content=\"https:\/\/www.welovecycling.com\/pl\/2020\/12\/09\/niezapomniane-chwile-zagladamy-za-kulisy-kolarskiego-swiata\/\" \/>\n<meta property=\"og:site_name\" content=\"\u0160koda We Love Cycling - Poland\" \/>\n<meta property=\"article:published_time\" content=\"2020-12-09T14:23:38+00:00\" \/>\n<meta property=\"og:image\" content=\"https:\/\/d2p6e6u75xmxt8.cloudfront.net\/5\/2020\/12\/Cavendish-profimedia-0500720636-CVR-1024x450-1.jpg\" \/>\n\t<meta property=\"og:image:width\" content=\"1024\" \/>\n\t<meta property=\"og:image:height\" content=\"450\" \/>\n\t<meta property=\"og:image:type\" content=\"image\/jpeg\" \/>\n<meta name=\"author\" content=\"oktawiamikulska\" \/>\n<meta name=\"twitter:card\" content=\"summary_large_image\" \/>\n<meta name=\"twitter:label1\" content=\"Written by\" \/>\n\t<meta name=\"twitter:data1\" content=\"Piotr Nowik\" \/>\n\t<meta name=\"twitter:label2\" content=\"Est. reading time\" \/>\n\t<meta name=\"twitter:data2\" content=\"3 minutes\" \/>\n<script type=\"application\/ld+json\" class=\"yoast-schema-graph\">{\"@context\":\"https:\/\/schema.org\",\"@graph\":[{\"@type\":\"WebPage\",\"@id\":\"https:\/\/www.welovecycling.com\/pl\/2020\/12\/09\/niezapomniane-chwile-zagladamy-za-kulisy-kolarskiego-swiata\/\",\"url\":\"https:\/\/www.welovecycling.com\/pl\/2020\/12\/09\/niezapomniane-chwile-zagladamy-za-kulisy-kolarskiego-swiata\/\",\"name\":\"Niezapomniane chwile\u2026 Zagl\u0105damy za kulisy kolarskiego \u015bwiata! - \u0160koda We Love Cycling - Poland\",\"isPartOf\":{\"@id\":\"https:\/\/www.welovecycling.com\/pl\/#website\"},\"primaryImageOfPage\":{\"@id\":\"https:\/\/www.welovecycling.com\/pl\/2020\/12\/09\/niezapomniane-chwile-zagladamy-za-kulisy-kolarskiego-swiata\/#primaryimage\"},\"image\":{\"@id\":\"https:\/\/www.welovecycling.com\/pl\/2020\/12\/09\/niezapomniane-chwile-zagladamy-za-kulisy-kolarskiego-swiata\/#primaryimage\"},\"thumbnailUrl\":\"https:\/\/d2p6e6u75xmxt8.cloudfront.net\/5\/2020\/12\/Cavendish-profimedia-0500720636-CVR-1024x450-1.jpg\",\"datePublished\":\"2020-12-09T14:23:38+00:00\",\"author\":{\"@id\":\"https:\/\/www.welovecycling.com\/pl\/#\/schema\/person\/4a79bac7bd265aa6a35a1079d36648be\"},\"description\":\"Jedni zupe\u0142nie odci\u0119li si\u0119 od kolarstwa, drudzy bez roweru nie mog\u0105 wytrzyma\u0107, a jeszcze inni prze\u017cywaj\u0105 najpi\u0119kniejsze chwile w \u017cyciu lub prowadz\u0105 akcj\u0119 ratowania\u2026 w\u0119\u017ca! Sezon oficjalnie si\u0119 zako\u0144czy\u0142, wi\u0119c zagl\u0105damy, jak wolny czas sp\u0119dzaj\u0105 najlepsi zawodnicy na \u015bwiecie.\",\"breadcrumb\":{\"@id\":\"https:\/\/www.welovecycling.com\/pl\/2020\/12\/09\/niezapomniane-chwile-zagladamy-za-kulisy-kolarskiego-swiata\/#breadcrumb\"},\"inLanguage\":\"pl-PL\",\"potentialAction\":[{\"@type\":\"ReadAction\",\"target\":[\"https:\/\/www.welovecycling.com\/pl\/2020\/12\/09\/niezapomniane-chwile-zagladamy-za-kulisy-kolarskiego-swiata\/\"]}]},{\"@type\":\"ImageObject\",\"inLanguage\":\"pl-PL\",\"@id\":\"https:\/\/www.welovecycling.com\/pl\/2020\/12\/09\/niezapomniane-chwile-zagladamy-za-kulisy-kolarskiego-swiata\/#primaryimage\",\"url\":\"https:\/\/d2p6e6u75xmxt8.cloudfront.net\/5\/2020\/12\/Cavendish-profimedia-0500720636-CVR-1024x450-1.jpg\",\"contentUrl\":\"https:\/\/d2p6e6u75xmxt8.cloudfront.net\/5\/2020\/12\/Cavendish-profimedia-0500720636-CVR-1024x450-1.jpg\",\"width\":1024,\"height\":450},{\"@type\":\"BreadcrumbList\",\"@id\":\"https:\/\/www.welovecycling.com\/pl\/2020\/12\/09\/niezapomniane-chwile-zagladamy-za-kulisy-kolarskiego-swiata\/#breadcrumb\",\"itemListElement\":[{\"@type\":\"ListItem\",\"position\":1,\"name\":\"Home\",\"item\":\"https:\/\/www.welovecycling.com\/pl\/\"},{\"@type\":\"ListItem\",\"position\":2,\"name\":\"Niezapomniane chwile\u2026 Zagl\u0105damy za kulisy kolarskiego \u015bwiata!\"}]},{\"@type\":\"WebSite\",\"@id\":\"https:\/\/www.welovecycling.com\/pl\/#website\",\"url\":\"https:\/\/www.welovecycling.com\/pl\/\",\"name\":\"\u0160koda We Love Cycling - Poland\",\"description\":\"\",\"potentialAction\":[{\"@type\":\"SearchAction\",\"target\":{\"@type\":\"EntryPoint\",\"urlTemplate\":\"https:\/\/www.welovecycling.com\/pl\/?s={search_term_string}\"},\"query-input\":{\"@type\":\"PropertyValueSpecification\",\"valueRequired\":true,\"valueName\":\"search_term_string\"}}],\"inLanguage\":\"pl-PL\"},{\"@type\":\"Person\",\"@id\":\"https:\/\/www.welovecycling.com\/pl\/#\/schema\/person\/4a79bac7bd265aa6a35a1079d36648be\",\"name\":\"oktawiamikulska\",\"image\":{\"@type\":\"ImageObject\",\"inLanguage\":\"pl-PL\",\"@id\":\"https:\/\/www.welovecycling.com\/pl\/#\/schema\/person\/image\/\",\"url\":\"https:\/\/secure.gravatar.com\/avatar\/b97a3f44e2de6d2f8dd358975937e49823662e12cbd810b9d1a2bff1c149e8a7?s=96&d=mm&r=g\",\"contentUrl\":\"https:\/\/secure.gravatar.com\/avatar\/b97a3f44e2de6d2f8dd358975937e49823662e12cbd810b9d1a2bff1c149e8a7?s=96&d=mm&r=g\",\"caption\":\"oktawiamikulska\"},\"url\":\"https:\/\/www.welovecycling.com\/pl\/author\/oktawiamikulska\/\"}]}<\/script>\n<!-- \/ Yoast SEO Premium plugin. -->","yoast_head_json":{"title":"Niezapomniane chwile\u2026 Zagl\u0105damy za kulisy kolarskiego \u015bwiata! - \u0160koda We Love Cycling - Poland","description":"Jedni zupe\u0142nie odci\u0119li si\u0119 od kolarstwa, drudzy bez roweru nie mog\u0105 wytrzyma\u0107, a jeszcze inni prze\u017cywaj\u0105 najpi\u0119kniejsze chwile w \u017cyciu lub prowadz\u0105 akcj\u0119 ratowania\u2026 w\u0119\u017ca! Sezon oficjalnie si\u0119 zako\u0144czy\u0142, wi\u0119c zagl\u0105damy, jak wolny czas sp\u0119dzaj\u0105 najlepsi zawodnicy na \u015bwiecie.","robots":{"index":"index","follow":"follow","max-snippet":"max-snippet:-1","max-image-preview":"max-image-preview:large","max-video-preview":"max-video-preview:-1"},"canonical":"https:\/\/www.welovecycling.com\/pl\/2020\/12\/09\/niezapomniane-chwile-zagladamy-za-kulisy-kolarskiego-swiata\/","og_locale":"pl_PL","og_type":"article","og_title":"Niezapomniane chwile\u2026 Zagl\u0105damy za kulisy kolarskiego \u015bwiata!","og_description":"Jedni zupe\u0142nie odci\u0119li si\u0119 od kolarstwa, drudzy bez roweru nie mog\u0105 wytrzyma\u0107, a jeszcze inni prze\u017cywaj\u0105 najpi\u0119kniejsze chwile w \u017cyciu lub prowadz\u0105 akcj\u0119 ratowania\u2026 w\u0119\u017ca! Sezon oficjalnie si\u0119 zako\u0144czy\u0142, wi\u0119c zagl\u0105damy, jak wolny czas sp\u0119dzaj\u0105 najlepsi zawodnicy na \u015bwiecie.","og_url":"https:\/\/www.welovecycling.com\/pl\/2020\/12\/09\/niezapomniane-chwile-zagladamy-za-kulisy-kolarskiego-swiata\/","og_site_name":"\u0160koda We Love Cycling - Poland","article_published_time":"2020-12-09T14:23:38+00:00","og_image":[{"width":1024,"height":450,"url":"https:\/\/d2p6e6u75xmxt8.cloudfront.net\/5\/2020\/12\/Cavendish-profimedia-0500720636-CVR-1024x450-1.jpg","type":"image\/jpeg"}],"author":"oktawiamikulska","twitter_card":"summary_large_image","twitter_misc":{"Written by":"Piotr Nowik","Est. reading time":"3 minutes"},"schema":{"@context":"https:\/\/schema.org","@graph":[{"@type":"WebPage","@id":"https:\/\/www.welovecycling.com\/pl\/2020\/12\/09\/niezapomniane-chwile-zagladamy-za-kulisy-kolarskiego-swiata\/","url":"https:\/\/www.welovecycling.com\/pl\/2020\/12\/09\/niezapomniane-chwile-zagladamy-za-kulisy-kolarskiego-swiata\/","name":"Niezapomniane chwile\u2026 Zagl\u0105damy za kulisy kolarskiego \u015bwiata! - \u0160koda We Love Cycling - Poland","isPartOf":{"@id":"https:\/\/www.welovecycling.com\/pl\/#website"},"primaryImageOfPage":{"@id":"https:\/\/www.welovecycling.com\/pl\/2020\/12\/09\/niezapomniane-chwile-zagladamy-za-kulisy-kolarskiego-swiata\/#primaryimage"},"image":{"@id":"https:\/\/www.welovecycling.com\/pl\/2020\/12\/09\/niezapomniane-chwile-zagladamy-za-kulisy-kolarskiego-swiata\/#primaryimage"},"thumbnailUrl":"https:\/\/d2p6e6u75xmxt8.cloudfront.net\/5\/2020\/12\/Cavendish-profimedia-0500720636-CVR-1024x450-1.jpg","datePublished":"2020-12-09T14:23:38+00:00","author":{"@id":"https:\/\/www.welovecycling.com\/pl\/#\/schema\/person\/4a79bac7bd265aa6a35a1079d36648be"},"description":"Jedni zupe\u0142nie odci\u0119li si\u0119 od kolarstwa, drudzy bez roweru nie mog\u0105 wytrzyma\u0107, a jeszcze inni prze\u017cywaj\u0105 najpi\u0119kniejsze chwile w \u017cyciu lub prowadz\u0105 akcj\u0119 ratowania\u2026 w\u0119\u017ca! Sezon oficjalnie si\u0119 zako\u0144czy\u0142, wi\u0119c zagl\u0105damy, jak wolny czas sp\u0119dzaj\u0105 najlepsi zawodnicy na \u015bwiecie.","breadcrumb":{"@id":"https:\/\/www.welovecycling.com\/pl\/2020\/12\/09\/niezapomniane-chwile-zagladamy-za-kulisy-kolarskiego-swiata\/#breadcrumb"},"inLanguage":"pl-PL","potentialAction":[{"@type":"ReadAction","target":["https:\/\/www.welovecycling.com\/pl\/2020\/12\/09\/niezapomniane-chwile-zagladamy-za-kulisy-kolarskiego-swiata\/"]}]},{"@type":"ImageObject","inLanguage":"pl-PL","@id":"https:\/\/www.welovecycling.com\/pl\/2020\/12\/09\/niezapomniane-chwile-zagladamy-za-kulisy-kolarskiego-swiata\/#primaryimage","url":"https:\/\/d2p6e6u75xmxt8.cloudfront.net\/5\/2020\/12\/Cavendish-profimedia-0500720636-CVR-1024x450-1.jpg","contentUrl":"https:\/\/d2p6e6u75xmxt8.cloudfront.net\/5\/2020\/12\/Cavendish-profimedia-0500720636-CVR-1024x450-1.jpg","width":1024,"height":450},{"@type":"BreadcrumbList","@id":"https:\/\/www.welovecycling.com\/pl\/2020\/12\/09\/niezapomniane-chwile-zagladamy-za-kulisy-kolarskiego-swiata\/#breadcrumb","itemListElement":[{"@type":"ListItem","position":1,"name":"Home","item":"https:\/\/www.welovecycling.com\/pl\/"},{"@type":"ListItem","position":2,"name":"Niezapomniane chwile\u2026 Zagl\u0105damy za kulisy kolarskiego \u015bwiata!"}]},{"@type":"WebSite","@id":"https:\/\/www.welovecycling.com\/pl\/#website","url":"https:\/\/www.welovecycling.com\/pl\/","name":"\u0160koda We Love Cycling - Poland","description":"","potentialAction":[{"@type":"SearchAction","target":{"@type":"EntryPoint","urlTemplate":"https:\/\/www.welovecycling.com\/pl\/?s={search_term_string}"},"query-input":{"@type":"PropertyValueSpecification","valueRequired":true,"valueName":"search_term_string"}}],"inLanguage":"pl-PL"},{"@type":"Person","@id":"https:\/\/www.welovecycling.com\/pl\/#\/schema\/person\/4a79bac7bd265aa6a35a1079d36648be","name":"oktawiamikulska","image":{"@type":"ImageObject","inLanguage":"pl-PL","@id":"https:\/\/www.welovecycling.com\/pl\/#\/schema\/person\/image\/","url":"https:\/\/secure.gravatar.com\/avatar\/b97a3f44e2de6d2f8dd358975937e49823662e12cbd810b9d1a2bff1c149e8a7?s=96&d=mm&r=g","contentUrl":"https:\/\/secure.gravatar.com\/avatar\/b97a3f44e2de6d2f8dd358975937e49823662e12cbd810b9d1a2bff1c149e8a7?s=96&d=mm&r=g","caption":"oktawiamikulska"},"url":"https:\/\/www.welovecycling.com\/pl\/author\/oktawiamikulska\/"}]}},"_links":{"self":[{"href":"https:\/\/www.welovecycling.com\/pl\/wp-json\/wp\/v2\/posts\/11342","targetHints":{"allow":["GET"]}}],"collection":[{"href":"https:\/\/www.welovecycling.com\/pl\/wp-json\/wp\/v2\/posts"}],"about":[{"href":"https:\/\/www.welovecycling.com\/pl\/wp-json\/wp\/v2\/types\/post"}],"author":[{"embeddable":true,"href":"https:\/\/www.welovecycling.com\/pl\/wp-json\/wp\/v2\/users\/125"}],"replies":[{"embeddable":true,"href":"https:\/\/www.welovecycling.com\/pl\/wp-json\/wp\/v2\/comments?post=11342"}],"version-history":[{"count":1,"href":"https:\/\/www.welovecycling.com\/pl\/wp-json\/wp\/v2\/posts\/11342\/revisions"}],"predecessor-version":[{"id":11351,"href":"https:\/\/www.welovecycling.com\/pl\/wp-json\/wp\/v2\/posts\/11342\/revisions\/11351"}],"wp:featuredmedia":[{"embeddable":true,"href":"https:\/\/www.welovecycling.com\/pl\/wp-json\/wp\/v2\/media\/11350"}],"wp:attachment":[{"href":"https:\/\/www.welovecycling.com\/pl\/wp-json\/wp\/v2\/media?parent=11342"}],"wp:term":[{"taxonomy":"category","embeddable":true,"href":"https:\/\/www.welovecycling.com\/pl\/wp-json\/wp\/v2\/categories?post=11342"},{"taxonomy":"post_tag","embeddable":true,"href":"https:\/\/www.welovecycling.com\/pl\/wp-json\/wp\/v2\/tags?post=11342"},{"taxonomy":"global-categories","embeddable":true,"href":"https:\/\/www.welovecycling.com\/pl\/wp-json\/wp\/v2\/global-categories?post=11342"}],"curies":[{"name":"wp","href":"https:\/\/api.w.org\/{rel}","templated":true}]}}