{"id":11330,"date":"2020-12-04T09:30:38","date_gmt":"2020-12-04T09:30:38","guid":{"rendered":"https:\/\/www.welovecycling.com\/pl\/?p=11330"},"modified":"2020-12-03T14:37:12","modified_gmt":"2020-12-03T14:37:12","slug":"jesienno-zimowa-poprawa-odpornosci-4-wskazowki-dotyczace-snu","status":"publish","type":"post","link":"https:\/\/www.welovecycling.com\/pl\/2020\/12\/04\/jesienno-zimowa-poprawa-odpornosci-4-wskazowki-dotyczace-snu\/","title":{"rendered":"Jesienno-zimowa poprawa odporno\u015bci \u2013 4 wskaz\u00f3wki dotycz\u0105ce snu"},"content":{"rendered":"<p><strong>Dlaczego tak wa\u017cne jest wzmacnianie swojej odporno\u015bci podczas zimnych i cz\u0119sto pozbawionych s\u0142o\u0144ca jesiennych i zimowych dni? Dzi\u0119ki temu mo\u017cna unikn\u0105\u0107 zachorowania oraz konieczno\u015bci rezygnacji z trening\u00f3w lub rekreacyjnej jazdy. Ju\u017c dawno udowodniono, \u017ce kilka czynnik\u00f3w zwi\u0105zanych ze stylem \u017cycia odgrywa wa\u017cn\u0105 rol\u0119 w przypadku budowania odporno\u015bci. Jednym z nich jest sen. Poni\u017csze wskaz\u00f3wki pomog\u0105 Ci zadba\u0107 o jego jako\u015b\u0107.<\/strong><\/p>\n<h2><strong>\u015apij jak na wakacjach<\/strong><\/h2>\n<p>Liczba godzin przeznaczonych na spanie jest bardzo wa\u017cna, a wi\u0119kszo\u015b\u0107 doros\u0142ych potrzebuje ich od 7 do 9. Aby dowiedzie\u0107 si\u0119, ile snu potrzebuj\u0105 Twoje cia\u0142o i m\u00f3zg, przypomnij sobie wakacje i to, ile godzin wtedy spa\u0142e\u015b. Jest to przybli\u017cony czas, kt\u00f3rego Tw\u00f3j organizm naturalnie potrzebuje, \u017ceby si\u0119 zregenerowa\u0107.<\/p>\n<figure id=\"attachment_180189\" aria-describedby=\"caption-attachment-180189\" style=\"width: 1024px\" class=\"wp-caption alignnone\"><img loading=\"lazy\" decoding=\"async\" class=\"initial loaded wp-image-180189 size-large\" src=\"https:\/\/d2p6e6u75xmxt8.cloudfront.net\/2\/2020\/11\/Sleeping-woman-profimedia-0358303598-1024x682.jpg\" sizes=\"auto, (max-width: 1024px) 100vw, 1024px\" srcset=\"https:\/\/d2p6e6u75xmxt8.cloudfront.net\/2\/2020\/11\/Sleeping-woman-profimedia-0358303598-1024x682.jpg 1024w, https:\/\/d2p6e6u75xmxt8.cloudfront.net\/2\/2020\/11\/Sleeping-woman-profimedia-0358303598-300x200.jpg 300w, https:\/\/d2p6e6u75xmxt8.cloudfront.net\/2\/2020\/11\/Sleeping-woman-profimedia-0358303598-768x512.jpg 768w, https:\/\/d2p6e6u75xmxt8.cloudfront.net\/2\/2020\/11\/Sleeping-woman-profimedia-0358303598-272x182.jpg 272w, https:\/\/d2p6e6u75xmxt8.cloudfront.net\/2\/2020\/11\/Sleeping-woman-profimedia-0358303598.jpg 1250w\" alt=\"Sleeping woman\" width=\"1024\" height=\"682\" data-was-processed=\"true\" \/><figcaption id=\"caption-attachment-180189\" class=\"wp-caption-text\">Jak d\u0142ugo \u015bpisz na wakacjach? \u00a9 Profimedia<\/figcaption><\/figure>\n<h2><strong>Przestrzegaj czasu pobudki<\/strong><\/h2>\n<p>Czas pobudki wp\u0142ywa na rytm dobowy oraz cykl snu i czuwania, dlatego wa\u017cna jest w tym przypadku regularno\u015b\u0107. Wybierz tak\u0105 por\u0119 budzenia si\u0119, kt\u00f3rej mo\u017cesz si\u0119 trzyma\u0107 r\u00f3wnie\u017c w weekend, a nie tylko w dni robocze. Niekt\u00f3rzy ludzie s\u0105 nocnymi markami, a inni rannymi ptaszkami. Skorzystaj z tego <a href=\"https:\/\/cet.org\/wp-content\/uploads\/2019\/12\/MEQ-SA-2019.pdf\"><u>kwestionariusza<\/u><\/a>, aby dowiedzie\u0107 si\u0119, jaki jest Tw\u00f3j chronotyp. Po przebudzeniu wystawiaj si\u0119 na dzia\u0142anie jasnego \u015bwiat\u0142a, to pomo\u017ce Ci uregulowa\u0107 rytm dobowy.<\/p>\n<h2><strong>M\u0105drze korzystaj z drzemek<\/strong><\/h2>\n<p>Drzemki mog\u0105 by\u0107 cz\u0119\u015bci\u0105 Twojej codziennej rutyny, je\u015bli nie masz problem\u00f3w z zasypianiem oraz budzeniem si\u0119 w nocy. Je\u015bli jednak za pomoc\u0105 drzemki chcesz nadrobi\u0107 brak snu, to w d\u0142u\u017cszej perspektywie nie rozwi\u0105\u017ce to Twoich problem\u00f3w. Drzemka co prawda pomaga zwalczy\u0107 senno\u015b\u0107 narastaj\u0105c\u0105 stopniowo w ci\u0105gu dnia, ale utrudnia zasypianie, gdy nadchodzi wiecz\u00f3r.<\/p>\n<figure id=\"attachment_145898\" aria-describedby=\"caption-attachment-145898\" style=\"width: 800px\" class=\"wp-caption alignnone\"><img loading=\"lazy\" decoding=\"async\" class=\"loading wp-image-145898 size-full\" src=\"https:\/\/d2p6e6u75xmxt8.cloudfront.net\/2\/2017\/01\/girl-on-bike-in-bed.jpg\" sizes=\"auto, (max-width: 800px) 100vw, 800px\" srcset=\"https:\/\/d2p6e6u75xmxt8.cloudfront.net\/2\/2017\/01\/girl-on-bike-in-bed.jpg 800w, https:\/\/d2p6e6u75xmxt8.cloudfront.net\/2\/2017\/01\/girl-on-bike-in-bed-300x277.jpg 300w, https:\/\/d2p6e6u75xmxt8.cloudfront.net\/2\/2017\/01\/girl-on-bike-in-bed-768x709.jpg 768w\" alt=\"Sleeping with a bicycle\" width=\"800\" height=\"739\" data-was-processed=\"true\" \/><figcaption id=\"caption-attachment-145898\" class=\"wp-caption-text\">Przemy\u015bl swoje drzemki<\/figcaption><\/figure>\n<h2><strong>Zmie\u0144 to, co Ci szkodzi przed p\u00f3j\u015bciem spa\u0107<\/strong><\/h2>\n<p>To, co robisz przed snem, mo\u017ce mie\u0107 du\u017cy wp\u0142yw na to, jak \u0142atwo zasypiasz. Staraj si\u0119 unika\u0107 poni\u017cszych czynno\u015bci na 1\u20132 godziny przed p\u00f3j\u015bciem spa\u0107, poniewa\u017c nadmiernie stymuluj\u0105 organizm i utrudniaj\u0105 zasypianie.<\/p>\n<ul>\n<li>&gt; Ogl\u0105danie wiadomo\u015bci.<\/li>\n<li>&gt; P\u0142acenie rachunk\u00f3w.<\/li>\n<li>&gt; Spo\u017cywanie kofeiny i u\u017cywek.<\/li>\n<li>&gt; Granie w gry wideo.<\/li>\n<li>&gt; Ogl\u0105danie wci\u0105gaj\u0105cych seriali czy program\u00f3w telewizyjnych.<\/li>\n<\/ul>\n<figure id=\"attachment_180192\" aria-describedby=\"caption-attachment-180192\" style=\"width: 1000px\" class=\"wp-caption alignnone\"><img loading=\"lazy\" decoding=\"async\" class=\"loading wp-image-180192 size-full\" src=\"https:\/\/d2p6e6u75xmxt8.cloudfront.net\/2\/2020\/11\/Move-night-profimedia-0562717380-1.jpg\" sizes=\"auto, (max-width: 1000px) 100vw, 1000px\" srcset=\"https:\/\/d2p6e6u75xmxt8.cloudfront.net\/2\/2020\/11\/Move-night-profimedia-0562717380-1.jpg 1000w, https:\/\/d2p6e6u75xmxt8.cloudfront.net\/2\/2020\/11\/Move-night-profimedia-0562717380-1-300x200.jpg 300w, https:\/\/d2p6e6u75xmxt8.cloudfront.net\/2\/2020\/11\/Move-night-profimedia-0562717380-1-768x512.jpg 768w, https:\/\/d2p6e6u75xmxt8.cloudfront.net\/2\/2020\/11\/Move-night-profimedia-0562717380-1-272x182.jpg 272w\" alt=\"TV watching\" width=\"1000\" height=\"667\" data-was-processed=\"true\" \/><figcaption id=\"caption-attachment-180192\" class=\"wp-caption-text\">Unikaj ogl\u0105dania wci\u0105gaj\u0105cych seriali przed p\u00f3j\u015bciem spa\u0107<\/figcaption><\/figure>\n<p>S\u0105 te\u017c takie czynno\u015bci, kt\u00f3re mog\u0105 powodowa\u0107 przedwczesne zasypianie. Nale\u017cy do nich czytanie w pozycji le\u017c\u0105cej w ciemnym pokoju lub picie alkoholu. Dodatkowo alkohol obni\u017ca og\u00f3ln\u0105 jako\u015b\u0107 snu, wi\u0119c lepiej go unika\u0107. Zamiast tego rozwa\u017c poni\u017csze aktywno\u015bci, kt\u00f3re nie pozwol\u0105 Ci przedwcze\u015bnie zasn\u0105\u0107 i jednocze\u015bnie nie b\u0119d\u0105 Ci\u0119 nadmiernie stymulowa\u0107.<\/p>\n<ul>\n<li>&gt; Czytanie, ale nie w \u0142\u00f3\u017cku.<\/li>\n<li>&gt; Rozmowa z partnerem.<\/li>\n<li>&gt; Przygotowywanie posi\u0142k\u00f3w i ubra\u0144 na jutro.<\/li>\n<li>&gt; Wieczorna higiena.<\/li>\n<li>&gt; S\u0142uchanie muzyki.<\/li>\n<\/ul>\n<p>Powy\u017csze zaj\u0119cia pomog\u0105 Ci wyciszy\u0107 si\u0119 i przygotowa\u0107 do snu. Wieczorem pomocne jest r\u00f3wnie\u017c unikanie niebieskiego \u015bwiat\u0142a. Je\u015bli musisz ogl\u0105da\u0107 co\u015b na wy\u015bwietlaczu ekranu, w\u0142\u0105cz tryb nocny lub zainstaluj aplikacj\u0119 blokuj\u0105c\u0105 niebieskie \u015bwiat\u0142o.<\/p>\n<p>Spr\u00f3buj wprowadzi\u0107 przynajmniej jedn\u0105 z powy\u017cszych wskaz\u00f3wek do swojej rutyny, a zobaczysz zmiany w jako\u015bci snu. Z pewno\u015bci\u0105 wzmocni to Tw\u00f3j uk\u0142ad odporno\u015bciowy!<\/p>\n<p><span data-sheets-value=\"{&quot;1&quot;:2,&quot;2&quot;:&quot;Artyku\u0142 powsta\u0142 we wsp\u00f3\u0142pracy ze skoda-auto.pl&quot;}\" data-sheets-userformat=\"{&quot;2&quot;:1,&quot;3&quot;:{&quot;1&quot;:0}}\" data-sheets-hyperlink=\"http:\/\/www.skoda-auto.pl\/\"><a class=\"in-cell-link\" href=\"http:\/\/www.skoda-auto.pl\/\" target=\"_blank\" rel=\"noopener noreferrer\">Artyku\u0142 powsta\u0142 we wsp\u00f3\u0142pracy ze skoda-auto.pl<\/a><\/span><\/p>\n<p>&nbsp;<\/p>\n<p><a href=\"https:\/\/www.skoda-auto.pl\/modele\/karoq\">\u00a0<\/a><a href=\"https:\/\/www.skoda-auto.pl\/modele\/kodiaq\"><img loading=\"lazy\" decoding=\"async\" class=\"aligncenter wp-image-9607 size-full\" src=\"https:\/\/d2p6e6u75xmxt8.cloudfront.net\/5\/2019\/08\/baner_WLC_640x350_2.png\" alt=\"\" width=\"640\" height=\"350\" srcset=\"https:\/\/d2p6e6u75xmxt8.cloudfront.net\/5\/2019\/08\/baner_WLC_640x350_2.png 640w, https:\/\/d2p6e6u75xmxt8.cloudfront.net\/5\/2019\/08\/baner_WLC_640x350_2-300x164.png 300w\" sizes=\"auto, (max-width: 640px) 100vw, 640px\" \/><\/a><\/p>\n<p>&nbsp;<\/p>\n","protected":false},"excerpt":{"rendered":"<p>Dlaczego tak wa\u017cne jest wzmacnianie swojej odporno\u015bci podczas zimnych i cz\u0119sto pozbawionych s\u0142o\u0144ca jesiennych i zimowych dni? Dzi\u0119ki temu mo\u017cna [&hellip;]<\/p>\n","protected":false},"author":125,"featured_media":11331,"comment_status":"open","ping_status":"open","sticky":false,"template":"","format":"standard","meta":{"footnotes":""},"categories":[4],"tags":[],"global-categories":[303],"class_list":["post-11330","post","type-post","status-publish","format-standard","has-post-thumbnail","hentry","category-zdrowie-i-trening","global-categories-cycling"],"yoast_head":"<!-- This site is optimized with the Yoast SEO Premium plugin v25.3 (Yoast SEO v25.9) - https:\/\/yoast.com\/wordpress\/plugins\/seo\/ -->\n<title>Jesienno-zimowa poprawa odporno\u015bci \u2013 4 wskaz\u00f3wki dotycz\u0105ce snu - \u0160koda We Love Cycling - Poland<\/title>\n<meta name=\"description\" content=\"Dlaczego tak wa\u017cne jest wzmacnianie swojej odporno\u015bci podczas zimnych i cz\u0119sto pozbawionych s\u0142o\u0144ca jesiennych i zimowych dni? Dzi\u0119ki temu mo\u017cna unikn\u0105\u0107 zachorowania oraz konieczno\u015bci rezygnacji z trening\u00f3w lub rekreacyjnej jazdy. Ju\u017c dawno udowodniono, \u017ce kilka czynnik\u00f3w zwi\u0105zanych ze stylem \u017cycia odgrywa wa\u017cn\u0105 rol\u0119 w przypadku budowania odporno\u015bci. Jednym z nich jest sen. Poni\u017csze wskaz\u00f3wki pomog\u0105 Ci zadba\u0107 o jego jako\u015b\u0107.\" \/>\n<meta name=\"robots\" content=\"index, follow, max-snippet:-1, max-image-preview:large, max-video-preview:-1\" \/>\n<link rel=\"canonical\" href=\"https:\/\/www.welovecycling.com\/pl\/2020\/12\/04\/jesienno-zimowa-poprawa-odpornosci-4-wskazowki-dotyczace-snu\/\" \/>\n<meta property=\"og:locale\" content=\"pl_PL\" \/>\n<meta property=\"og:type\" content=\"article\" \/>\n<meta property=\"og:title\" content=\"Jesienno-zimowa poprawa odporno\u015bci \u2013 4 wskaz\u00f3wki dotycz\u0105ce snu\" \/>\n<meta property=\"og:description\" content=\"Dlaczego tak wa\u017cne jest wzmacnianie swojej odporno\u015bci podczas zimnych i cz\u0119sto pozbawionych s\u0142o\u0144ca jesiennych i zimowych dni? Dzi\u0119ki temu mo\u017cna unikn\u0105\u0107 zachorowania oraz konieczno\u015bci rezygnacji z trening\u00f3w lub rekreacyjnej jazdy. Ju\u017c dawno udowodniono, \u017ce kilka czynnik\u00f3w zwi\u0105zanych ze stylem \u017cycia odgrywa wa\u017cn\u0105 rol\u0119 w przypadku budowania odporno\u015bci. Jednym z nich jest sen. Poni\u017csze wskaz\u00f3wki pomog\u0105 Ci zadba\u0107 o jego jako\u015b\u0107.\" \/>\n<meta property=\"og:url\" content=\"https:\/\/www.welovecycling.com\/pl\/2020\/12\/04\/jesienno-zimowa-poprawa-odpornosci-4-wskazowki-dotyczace-snu\/\" \/>\n<meta property=\"og:site_name\" content=\"\u0160koda We Love Cycling - Poland\" \/>\n<meta property=\"article:published_time\" content=\"2020-12-04T09:30:38+00:00\" \/>\n<meta property=\"og:image\" content=\"https:\/\/d2p6e6u75xmxt8.cloudfront.net\/5\/2020\/12\/Bedding-profimedia-0467849110-CVR-1024x450-1.jpg\" \/>\n\t<meta property=\"og:image:width\" content=\"1024\" \/>\n\t<meta property=\"og:image:height\" content=\"450\" \/>\n\t<meta property=\"og:image:type\" content=\"image\/jpeg\" \/>\n<meta name=\"author\" content=\"oktawiamikulska\" \/>\n<meta name=\"twitter:card\" content=\"summary_large_image\" \/>\n<meta name=\"twitter:label1\" content=\"Written by\" \/>\n\t<meta name=\"twitter:data1\" content=\"Jiri Kaloc\" \/>\n\t<meta name=\"twitter:label2\" content=\"Est. reading time\" \/>\n\t<meta name=\"twitter:data2\" content=\"3 minutes\" \/>\n<script type=\"application\/ld+json\" class=\"yoast-schema-graph\">{\"@context\":\"https:\/\/schema.org\",\"@graph\":[{\"@type\":\"WebPage\",\"@id\":\"https:\/\/www.welovecycling.com\/pl\/2020\/12\/04\/jesienno-zimowa-poprawa-odpornosci-4-wskazowki-dotyczace-snu\/\",\"url\":\"https:\/\/www.welovecycling.com\/pl\/2020\/12\/04\/jesienno-zimowa-poprawa-odpornosci-4-wskazowki-dotyczace-snu\/\",\"name\":\"Jesienno-zimowa poprawa odporno\u015bci \u2013 4 wskaz\u00f3wki dotycz\u0105ce snu - \u0160koda We Love Cycling - Poland\",\"isPartOf\":{\"@id\":\"https:\/\/www.welovecycling.com\/pl\/#website\"},\"primaryImageOfPage\":{\"@id\":\"https:\/\/www.welovecycling.com\/pl\/2020\/12\/04\/jesienno-zimowa-poprawa-odpornosci-4-wskazowki-dotyczace-snu\/#primaryimage\"},\"image\":{\"@id\":\"https:\/\/www.welovecycling.com\/pl\/2020\/12\/04\/jesienno-zimowa-poprawa-odpornosci-4-wskazowki-dotyczace-snu\/#primaryimage\"},\"thumbnailUrl\":\"https:\/\/d2p6e6u75xmxt8.cloudfront.net\/5\/2020\/12\/Bedding-profimedia-0467849110-CVR-1024x450-1.jpg\",\"datePublished\":\"2020-12-04T09:30:38+00:00\",\"author\":{\"@id\":\"https:\/\/www.welovecycling.com\/pl\/#\/schema\/person\/4a79bac7bd265aa6a35a1079d36648be\"},\"description\":\"Dlaczego tak wa\u017cne jest wzmacnianie swojej odporno\u015bci podczas zimnych i cz\u0119sto pozbawionych s\u0142o\u0144ca jesiennych i zimowych dni? Dzi\u0119ki temu mo\u017cna unikn\u0105\u0107 zachorowania oraz konieczno\u015bci rezygnacji z trening\u00f3w lub rekreacyjnej jazdy. Ju\u017c dawno udowodniono, \u017ce kilka czynnik\u00f3w zwi\u0105zanych ze stylem \u017cycia odgrywa wa\u017cn\u0105 rol\u0119 w przypadku budowania odporno\u015bci. Jednym z nich jest sen. Poni\u017csze wskaz\u00f3wki pomog\u0105 Ci zadba\u0107 o jego jako\u015b\u0107.\",\"breadcrumb\":{\"@id\":\"https:\/\/www.welovecycling.com\/pl\/2020\/12\/04\/jesienno-zimowa-poprawa-odpornosci-4-wskazowki-dotyczace-snu\/#breadcrumb\"},\"inLanguage\":\"pl-PL\",\"potentialAction\":[{\"@type\":\"ReadAction\",\"target\":[\"https:\/\/www.welovecycling.com\/pl\/2020\/12\/04\/jesienno-zimowa-poprawa-odpornosci-4-wskazowki-dotyczace-snu\/\"]}]},{\"@type\":\"ImageObject\",\"inLanguage\":\"pl-PL\",\"@id\":\"https:\/\/www.welovecycling.com\/pl\/2020\/12\/04\/jesienno-zimowa-poprawa-odpornosci-4-wskazowki-dotyczace-snu\/#primaryimage\",\"url\":\"https:\/\/d2p6e6u75xmxt8.cloudfront.net\/5\/2020\/12\/Bedding-profimedia-0467849110-CVR-1024x450-1.jpg\",\"contentUrl\":\"https:\/\/d2p6e6u75xmxt8.cloudfront.net\/5\/2020\/12\/Bedding-profimedia-0467849110-CVR-1024x450-1.jpg\",\"width\":1024,\"height\":450},{\"@type\":\"BreadcrumbList\",\"@id\":\"https:\/\/www.welovecycling.com\/pl\/2020\/12\/04\/jesienno-zimowa-poprawa-odpornosci-4-wskazowki-dotyczace-snu\/#breadcrumb\",\"itemListElement\":[{\"@type\":\"ListItem\",\"position\":1,\"name\":\"Home\",\"item\":\"https:\/\/www.welovecycling.com\/pl\/\"},{\"@type\":\"ListItem\",\"position\":2,\"name\":\"Jesienno-zimowa poprawa odporno\u015bci \u2013 4 wskaz\u00f3wki dotycz\u0105ce snu\"}]},{\"@type\":\"WebSite\",\"@id\":\"https:\/\/www.welovecycling.com\/pl\/#website\",\"url\":\"https:\/\/www.welovecycling.com\/pl\/\",\"name\":\"\u0160koda We Love Cycling - Poland\",\"description\":\"\",\"potentialAction\":[{\"@type\":\"SearchAction\",\"target\":{\"@type\":\"EntryPoint\",\"urlTemplate\":\"https:\/\/www.welovecycling.com\/pl\/?s={search_term_string}\"},\"query-input\":{\"@type\":\"PropertyValueSpecification\",\"valueRequired\":true,\"valueName\":\"search_term_string\"}}],\"inLanguage\":\"pl-PL\"},{\"@type\":\"Person\",\"@id\":\"https:\/\/www.welovecycling.com\/pl\/#\/schema\/person\/4a79bac7bd265aa6a35a1079d36648be\",\"name\":\"oktawiamikulska\",\"image\":{\"@type\":\"ImageObject\",\"inLanguage\":\"pl-PL\",\"@id\":\"https:\/\/www.welovecycling.com\/pl\/#\/schema\/person\/image\/\",\"url\":\"https:\/\/secure.gravatar.com\/avatar\/b97a3f44e2de6d2f8dd358975937e49823662e12cbd810b9d1a2bff1c149e8a7?s=96&d=mm&r=g\",\"contentUrl\":\"https:\/\/secure.gravatar.com\/avatar\/b97a3f44e2de6d2f8dd358975937e49823662e12cbd810b9d1a2bff1c149e8a7?s=96&d=mm&r=g\",\"caption\":\"oktawiamikulska\"},\"url\":\"https:\/\/www.welovecycling.com\/pl\/author\/oktawiamikulska\/\"}]}<\/script>\n<!-- \/ Yoast SEO Premium plugin. -->","yoast_head_json":{"title":"Jesienno-zimowa poprawa odporno\u015bci \u2013 4 wskaz\u00f3wki dotycz\u0105ce snu - \u0160koda We Love Cycling - Poland","description":"Dlaczego tak wa\u017cne jest wzmacnianie swojej odporno\u015bci podczas zimnych i cz\u0119sto pozbawionych s\u0142o\u0144ca jesiennych i zimowych dni? Dzi\u0119ki temu mo\u017cna unikn\u0105\u0107 zachorowania oraz konieczno\u015bci rezygnacji z trening\u00f3w lub rekreacyjnej jazdy. Ju\u017c dawno udowodniono, \u017ce kilka czynnik\u00f3w zwi\u0105zanych ze stylem \u017cycia odgrywa wa\u017cn\u0105 rol\u0119 w przypadku budowania odporno\u015bci. Jednym z nich jest sen. Poni\u017csze wskaz\u00f3wki pomog\u0105 Ci zadba\u0107 o jego jako\u015b\u0107.","robots":{"index":"index","follow":"follow","max-snippet":"max-snippet:-1","max-image-preview":"max-image-preview:large","max-video-preview":"max-video-preview:-1"},"canonical":"https:\/\/www.welovecycling.com\/pl\/2020\/12\/04\/jesienno-zimowa-poprawa-odpornosci-4-wskazowki-dotyczace-snu\/","og_locale":"pl_PL","og_type":"article","og_title":"Jesienno-zimowa poprawa odporno\u015bci \u2013 4 wskaz\u00f3wki dotycz\u0105ce snu","og_description":"Dlaczego tak wa\u017cne jest wzmacnianie swojej odporno\u015bci podczas zimnych i cz\u0119sto pozbawionych s\u0142o\u0144ca jesiennych i zimowych dni? Dzi\u0119ki temu mo\u017cna unikn\u0105\u0107 zachorowania oraz konieczno\u015bci rezygnacji z trening\u00f3w lub rekreacyjnej jazdy. Ju\u017c dawno udowodniono, \u017ce kilka czynnik\u00f3w zwi\u0105zanych ze stylem \u017cycia odgrywa wa\u017cn\u0105 rol\u0119 w przypadku budowania odporno\u015bci. Jednym z nich jest sen. Poni\u017csze wskaz\u00f3wki pomog\u0105 Ci zadba\u0107 o jego jako\u015b\u0107.","og_url":"https:\/\/www.welovecycling.com\/pl\/2020\/12\/04\/jesienno-zimowa-poprawa-odpornosci-4-wskazowki-dotyczace-snu\/","og_site_name":"\u0160koda We Love Cycling - Poland","article_published_time":"2020-12-04T09:30:38+00:00","og_image":[{"width":1024,"height":450,"url":"https:\/\/d2p6e6u75xmxt8.cloudfront.net\/5\/2020\/12\/Bedding-profimedia-0467849110-CVR-1024x450-1.jpg","type":"image\/jpeg"}],"author":"oktawiamikulska","twitter_card":"summary_large_image","twitter_misc":{"Written by":"Jiri Kaloc","Est. reading time":"3 minutes"},"schema":{"@context":"https:\/\/schema.org","@graph":[{"@type":"WebPage","@id":"https:\/\/www.welovecycling.com\/pl\/2020\/12\/04\/jesienno-zimowa-poprawa-odpornosci-4-wskazowki-dotyczace-snu\/","url":"https:\/\/www.welovecycling.com\/pl\/2020\/12\/04\/jesienno-zimowa-poprawa-odpornosci-4-wskazowki-dotyczace-snu\/","name":"Jesienno-zimowa poprawa odporno\u015bci \u2013 4 wskaz\u00f3wki dotycz\u0105ce snu - \u0160koda We Love Cycling - Poland","isPartOf":{"@id":"https:\/\/www.welovecycling.com\/pl\/#website"},"primaryImageOfPage":{"@id":"https:\/\/www.welovecycling.com\/pl\/2020\/12\/04\/jesienno-zimowa-poprawa-odpornosci-4-wskazowki-dotyczace-snu\/#primaryimage"},"image":{"@id":"https:\/\/www.welovecycling.com\/pl\/2020\/12\/04\/jesienno-zimowa-poprawa-odpornosci-4-wskazowki-dotyczace-snu\/#primaryimage"},"thumbnailUrl":"https:\/\/d2p6e6u75xmxt8.cloudfront.net\/5\/2020\/12\/Bedding-profimedia-0467849110-CVR-1024x450-1.jpg","datePublished":"2020-12-04T09:30:38+00:00","author":{"@id":"https:\/\/www.welovecycling.com\/pl\/#\/schema\/person\/4a79bac7bd265aa6a35a1079d36648be"},"description":"Dlaczego tak wa\u017cne jest wzmacnianie swojej odporno\u015bci podczas zimnych i cz\u0119sto pozbawionych s\u0142o\u0144ca jesiennych i zimowych dni? Dzi\u0119ki temu mo\u017cna unikn\u0105\u0107 zachorowania oraz konieczno\u015bci rezygnacji z trening\u00f3w lub rekreacyjnej jazdy. Ju\u017c dawno udowodniono, \u017ce kilka czynnik\u00f3w zwi\u0105zanych ze stylem \u017cycia odgrywa wa\u017cn\u0105 rol\u0119 w przypadku budowania odporno\u015bci. Jednym z nich jest sen. Poni\u017csze wskaz\u00f3wki pomog\u0105 Ci zadba\u0107 o jego jako\u015b\u0107.","breadcrumb":{"@id":"https:\/\/www.welovecycling.com\/pl\/2020\/12\/04\/jesienno-zimowa-poprawa-odpornosci-4-wskazowki-dotyczace-snu\/#breadcrumb"},"inLanguage":"pl-PL","potentialAction":[{"@type":"ReadAction","target":["https:\/\/www.welovecycling.com\/pl\/2020\/12\/04\/jesienno-zimowa-poprawa-odpornosci-4-wskazowki-dotyczace-snu\/"]}]},{"@type":"ImageObject","inLanguage":"pl-PL","@id":"https:\/\/www.welovecycling.com\/pl\/2020\/12\/04\/jesienno-zimowa-poprawa-odpornosci-4-wskazowki-dotyczace-snu\/#primaryimage","url":"https:\/\/d2p6e6u75xmxt8.cloudfront.net\/5\/2020\/12\/Bedding-profimedia-0467849110-CVR-1024x450-1.jpg","contentUrl":"https:\/\/d2p6e6u75xmxt8.cloudfront.net\/5\/2020\/12\/Bedding-profimedia-0467849110-CVR-1024x450-1.jpg","width":1024,"height":450},{"@type":"BreadcrumbList","@id":"https:\/\/www.welovecycling.com\/pl\/2020\/12\/04\/jesienno-zimowa-poprawa-odpornosci-4-wskazowki-dotyczace-snu\/#breadcrumb","itemListElement":[{"@type":"ListItem","position":1,"name":"Home","item":"https:\/\/www.welovecycling.com\/pl\/"},{"@type":"ListItem","position":2,"name":"Jesienno-zimowa poprawa odporno\u015bci \u2013 4 wskaz\u00f3wki dotycz\u0105ce snu"}]},{"@type":"WebSite","@id":"https:\/\/www.welovecycling.com\/pl\/#website","url":"https:\/\/www.welovecycling.com\/pl\/","name":"\u0160koda We Love Cycling - Poland","description":"","potentialAction":[{"@type":"SearchAction","target":{"@type":"EntryPoint","urlTemplate":"https:\/\/www.welovecycling.com\/pl\/?s={search_term_string}"},"query-input":{"@type":"PropertyValueSpecification","valueRequired":true,"valueName":"search_term_string"}}],"inLanguage":"pl-PL"},{"@type":"Person","@id":"https:\/\/www.welovecycling.com\/pl\/#\/schema\/person\/4a79bac7bd265aa6a35a1079d36648be","name":"oktawiamikulska","image":{"@type":"ImageObject","inLanguage":"pl-PL","@id":"https:\/\/www.welovecycling.com\/pl\/#\/schema\/person\/image\/","url":"https:\/\/secure.gravatar.com\/avatar\/b97a3f44e2de6d2f8dd358975937e49823662e12cbd810b9d1a2bff1c149e8a7?s=96&d=mm&r=g","contentUrl":"https:\/\/secure.gravatar.com\/avatar\/b97a3f44e2de6d2f8dd358975937e49823662e12cbd810b9d1a2bff1c149e8a7?s=96&d=mm&r=g","caption":"oktawiamikulska"},"url":"https:\/\/www.welovecycling.com\/pl\/author\/oktawiamikulska\/"}]}},"_links":{"self":[{"href":"https:\/\/www.welovecycling.com\/pl\/wp-json\/wp\/v2\/posts\/11330","targetHints":{"allow":["GET"]}}],"collection":[{"href":"https:\/\/www.welovecycling.com\/pl\/wp-json\/wp\/v2\/posts"}],"about":[{"href":"https:\/\/www.welovecycling.com\/pl\/wp-json\/wp\/v2\/types\/post"}],"author":[{"embeddable":true,"href":"https:\/\/www.welovecycling.com\/pl\/wp-json\/wp\/v2\/users\/125"}],"replies":[{"embeddable":true,"href":"https:\/\/www.welovecycling.com\/pl\/wp-json\/wp\/v2\/comments?post=11330"}],"version-history":[{"count":1,"href":"https:\/\/www.welovecycling.com\/pl\/wp-json\/wp\/v2\/posts\/11330\/revisions"}],"predecessor-version":[{"id":11332,"href":"https:\/\/www.welovecycling.com\/pl\/wp-json\/wp\/v2\/posts\/11330\/revisions\/11332"}],"wp:featuredmedia":[{"embeddable":true,"href":"https:\/\/www.welovecycling.com\/pl\/wp-json\/wp\/v2\/media\/11331"}],"wp:attachment":[{"href":"https:\/\/www.welovecycling.com\/pl\/wp-json\/wp\/v2\/media?parent=11330"}],"wp:term":[{"taxonomy":"category","embeddable":true,"href":"https:\/\/www.welovecycling.com\/pl\/wp-json\/wp\/v2\/categories?post=11330"},{"taxonomy":"post_tag","embeddable":true,"href":"https:\/\/www.welovecycling.com\/pl\/wp-json\/wp\/v2\/tags?post=11330"},{"taxonomy":"global-categories","embeddable":true,"href":"https:\/\/www.welovecycling.com\/pl\/wp-json\/wp\/v2\/global-categories?post=11330"}],"curies":[{"name":"wp","href":"https:\/\/api.w.org\/{rel}","templated":true}]}}