{"id":11321,"date":"2020-12-02T14:40:32","date_gmt":"2020-12-02T14:40:32","guid":{"rendered":"https:\/\/www.welovecycling.com\/pl\/?p=11321"},"modified":"2020-12-02T14:40:32","modified_gmt":"2020-12-02T14:40:32","slug":"zapewnil-amerykanom-worek-medali-kolarski-swiat-pozegnal-polskiego-trenera","status":"publish","type":"post","link":"https:\/\/www.welovecycling.com\/pl\/2020\/12\/02\/zapewnil-amerykanom-worek-medali-kolarski-swiat-pozegnal-polskiego-trenera\/","title":{"rendered":"Zapewni\u0142 Amerykanom worek medali! Kolarski \u015bwiat po\u017cegna\u0142 polskiego trenera\u2026"},"content":{"rendered":"<p><strong>Je\u015bli Amerykanie nauczyli \u015bwiat koszyk\u00f3wki, to Polacy nauczyli Amerykan\u00f3w kolarstwa. A dok\u0142adnie jeden Polak \u2013 Edward Borysewicz, kt\u00f3rego kilkana\u015bcie dni temu po\u017cegna\u0142 \u015bwiat sportu.<\/strong><\/p>\n<p>Gdyby nie on, nie wiadomo, gdzie dzi\u015b znajdowa\u0142oby si\u0119 ameryka\u0144skie kolarstwo. Greg LeMond pewnie nie odni\u00f3s\u0142by takich sukces\u00f3w, a talent Lance\u2019a Armstronga m\u00f3g\u0142by nie zosta\u0107 dostrze\u017cony. Tak, to w\u0142a\u015bnie Polak Edward Borysewicz wychowa\u0142 setki \u015bwietnych zawodnik\u00f3w i zbudowa\u0142 fundamenty kolarstwa w Stanach Zjednoczonych.<\/p>\n<p>Nazywanie go ameryka\u0144sk\u0105 legend\u0105 tego sportu nie jest wi\u0119c \u017cadn\u0105 przesad\u0105, ale w Polsce te\u017c zas\u0142u\u017cy\u0142 na szacunek. Tak np. po\u017cegna\u0142 go znakomity zawodnik Dariusz Baranowski<\/p>\n<div class=\"embed-controller-wrapper\">\n<blockquote class=\"twitter-tweet\" data-width=\"500\" data-dnt=\"true\">\n<p lang=\"pl\" dir=\"ltr\">Odszed\u0142 od nas Wspania\u0142y Cz\u0142owiek\u2026 \ud83d\ude22 Wielki Trener&#8230; Edward Borysewicz\u2026 \ud83d\udda4 To \u201eEddie B\u201d otworzy\u0142 mi drog\u0119 do kolarstwa zawodowego&#8230; \ud83d\ude22 Spoczywaj w Pokoju nasz Przyjacielu&#8230; \ud83d\ude4f\ud83d\ude4f\ud83d\ude4f <a href=\"https:\/\/t.co\/OF5591kai4\">pic.twitter.com\/OF5591kai4<\/a><\/p>\n<p>&mdash; Dariusz Baranowski (@BaranowskiDarek) <a href=\"https:\/\/twitter.com\/BaranowskiDarek\/status\/1328750785073647619?ref_src=twsrc%5Etfw\">November 17, 2020<\/a><\/p><\/blockquote>\n<p><script async data-src=\"https:\/\/platform.twitter.com\/widgets.js\" charset=\"utf-8\"><\/script><\/div>\n<p>Z Polski wyjecha\u0142 w 1976 r. jako Edward Borysewicz, ale z racji trudnej wymowy nazwiska, dla Amerykan\u00f3w szybko sta\u0142 si\u0119 \u201eEddym B.\u201d. Ju\u017c wtedy m\u00f3g\u0142 si\u0119 pochwali\u0107 ciekawym CV, w kt\u00f3rym znajdowa\u0142y si\u0119 m.in. dwa mistrzostwa Polski w dru\u017cynowym wy\u015bcigu na 100 km. Jako zawodnik mia\u0142 szans\u0119 osi\u0105gn\u0105\u0107 znacznie wi\u0119cej, ale jego organizm wyniszczy\u0142y leki na gru\u017alic\u0119, kt\u00f3ra okaza\u0142a si\u0119\u2026 \u017ale zdiagnozowana. Borysewicz pozosta\u0142 jednak przy kolarstwie i zbiera\u0142 do\u015bwiadczenie jako trener m.in. Spo\u0142em \u0141\u00f3d\u017a i W\u0142\u00f3kniarza \u0141\u00f3d\u017a.<\/p>\n<p>Do 1975 r. by\u0142 trenerem reprezentacji Polski junior\u00f3w, ale rok p\u00f3\u017aniej mieszka\u0142 ju\u017c za oceanem. Dosz\u0142o do tego w do\u015b\u0107 typowych na tamte czasy okoliczno\u015bciach. W 1976 r. polecia\u0142 z kadr\u0105 olimpijsk\u0105 do Montrealu i do Polski ju\u017c nie wr\u00f3ci\u0142. Pojecha\u0142 odwiedzi\u0107 znajomych w Ner Jersey i szybko wci\u0105gn\u0105\u0142 si\u0119 w kolarski \u015bwiat, kt\u00f3ry wtedy nie przypomina\u0142 jeszcze \u201eamerican dream\u201d.<\/p>\n<p>Borysewicz Amerykan\u00f3w nie musia\u0142 jednak d\u0142ugo do siebie przekonywa\u0107, bo ju\u017c po kilku miesi\u0105cach powierzyli mu powa\u017cn\u0105 misj\u0119 \u2013 przygotowa\u0107 dru\u017cyn\u0119 Stan\u00f3w Zjednoczonych do startu w igrzyskach olimpijskich. Szybko okaza\u0142o si\u0119 jednak, \u017ce nie sprowadza si\u0119 to tylko do samego trenowania, ale przede wszystkim do stworzenia podstaw ca\u0142ego systemu szkolenia i bazy treningowej, kt\u00f3ra zosta\u0142a zlokalizowana w Kalifornii. \u2013 Gdy zaczyna\u0142em, nie by\u0142o tam niczego. Mia\u0142em tylko telefon, ale nawet biurko musia\u0142em sobie sam zorganizowa\u0107 \u2013 wspomina\u0142 w rozmowie z International Herald Tribune.<\/p>\n<p>Amerykanie po jego okiem robili post\u0119py. \u015awietnie rozwija\u0142 si\u0119 legendarny Greg LeMond, kt\u00f3rego Borysewicz nazywa\u0142 diamentem. Zreszt\u0105 nieprzypadkowo to w\u0142a\u015bnie LeMond zosta\u0142 pierwszym zawodnikiem spoza Europy, kt\u00f3ry wygra\u0142 Tour de France (w 1986 r.). Rozw\u00f3j kolarstwa w USA przyspieszy\u0142, gdy Los Angeles otrzyma\u0142o organizacj\u0119 igrzysk olimpijskich w 1984 r. Na tej imprezie Amerykanie mieli urz\u0105dzi\u0107 pokaz si\u0142y i tak te\u017c si\u0119 sta\u0142o. Prowadzona przez Borysewicza kadra zdoby\u0142a a\u017c dziewi\u0119\u0107 medali, w tym cztery z\u0142ote!<\/p>\n<div class=\"embed-controller-wrapper\">\n<blockquote class=\"twitter-tweet\" data-width=\"500\" data-dnt=\"true\">\n<p lang=\"pl\" dir=\"ltr\">R.I.P. Edward \u2018Eddie B\u2019 Borysewicz <a href=\"https:\/\/t.co\/NNMVc6a0so\">https:\/\/t.co\/NNMVc6a0so<\/a> <a href=\"https:\/\/t.co\/8kM0v8t8uk\">pic.twitter.com\/8kM0v8t8uk<\/a><\/p>\n<p>&mdash; PezCycling News (@PezCycling) <a href=\"https:\/\/twitter.com\/PezCycling\/status\/1329052498229829633?ref_src=twsrc%5Etfw\">November 18, 2020<\/a><\/p><\/blockquote>\n<p><script async data-src=\"https:\/\/platform.twitter.com\/widgets.js\" charset=\"utf-8\"><\/script><\/div>\n<p>Ca\u0142a historia zako\u0144czy\u0142a si\u0119 jednak zgrzytem, bo okaza\u0142o si\u0119, \u017ce zawodnicy USA stosowali transfuzj\u0119 krwi. Nie by\u0142a ona w\u00f3wczas zabroniona, ale niesmak pozosta\u0142.<\/p>\n<p>P\u00f3\u017aniej Borysewicz rozpocz\u0105\u0142 prac\u0119 z zawodowcami. To on nam\u00f3wi\u0142 na kolarstwo \u015bwietnie zapowiadaj\u0105cego si\u0119 w\u00f3wczas triathlonist\u0119 \u2013 Lance\u2019a Amstronga. Borysewicz widzia\u0142 w nim ogromny talent, kt\u00f3ry ma wielk\u0105 wytrzyma\u0142o\u015b\u0107 i nie boi si\u0119 ci\u0119\u017ckiej pracy. Cho\u0107 by\u0142o wiele os\u00f3b, kt\u00f3re chwali\u0142y si\u0119 odkryciem Amstronga, to Borysewicz zapewnia\u0142, \u017ce w\u0142a\u015bnie on przekona\u0142 go do kolarstwa. Drogi obu pan\u00f3w jednak szybko si\u0119 rozesz\u0142y i polski trener nie mia\u0142 ju\u017c nic wsp\u00f3lnego z tym, co ze swoj\u0105 karier\u0105 zrobi\u0142 Amstrong.<\/p>\n<p>P\u00f3\u017aniej na pewien czas Borysewicz rozsta\u0142 si\u0119 z kolarstwem, ale wr\u00f3ci\u0142, by m.in. poprowadzi\u0107 polsk\u0105 kadr\u0119\u00a0 kolarzy torowych (2005-2007).<\/p>\n<p>Zmar\u0142 16 listopada w wieku 81 lat. Powodem by\u0142o zaka\u017ceniem Covid-19, o czym poinformowa\u0142 Wac\u0142aw Skarul, by\u0142y prezes Polskiego Zwi\u0105zku Kolarskiego.<\/p>\n<div class=\"embed-controller-wrapper\">\n<blockquote class=\"twitter-tweet\" data-width=\"500\" data-dnt=\"true\">\n<p lang=\"pl\" dir=\"ltr\">Kolejna smutna wiadomo\u015b\u0107 &#8211; nie \u017cyje trener kolarstwa Edward Borysewicz. \u017bniwo coronawirusa jest zastraszaj\u0105ce. RiP.<\/p>\n<p>&mdash; Wac\u0142aw Skarul (@WSkarul) <a href=\"https:\/\/twitter.com\/WSkarul\/status\/1328636801704136704?ref_src=twsrc%5Etfw\">November 17, 2020<\/a><\/p><\/blockquote>\n<p><script async data-src=\"https:\/\/platform.twitter.com\/widgets.js\" charset=\"utf-8\"><\/script><\/div>\n<p><span data-sheets-value=\"{&quot;1&quot;:2,&quot;2&quot;:&quot;Artyku\u0142 powsta\u0142 we wsp\u00f3\u0142pracy ze skoda-auto.pl&quot;}\" data-sheets-userformat=\"{&quot;2&quot;:1,&quot;3&quot;:{&quot;1&quot;:0}}\" data-sheets-hyperlink=\"http:\/\/www.skoda-auto.pl\/\"><a class=\"in-cell-link\" href=\"http:\/\/www.skoda-auto.pl\/\" target=\"_blank\" rel=\"noopener noreferrer\">Artyku\u0142 powsta\u0142 we wsp\u00f3\u0142pracy ze skoda-auto.pl<\/a><\/span><\/p>\n<p>&nbsp;<\/p>\n<p><a href=\"https:\/\/www.skoda-auto.pl\/modele\/karoq\">\u00a0<\/a><a href=\"https:\/\/www.skoda-auto.pl\/modele\/kodiaq\"><img loading=\"lazy\" decoding=\"async\" class=\"aligncenter wp-image-9607 size-full\" src=\"https:\/\/d2p6e6u75xmxt8.cloudfront.net\/5\/2019\/08\/baner_WLC_640x350_2.png\" alt=\"\" width=\"640\" height=\"350\" srcset=\"https:\/\/d2p6e6u75xmxt8.cloudfront.net\/5\/2019\/08\/baner_WLC_640x350_2.png 640w, https:\/\/d2p6e6u75xmxt8.cloudfront.net\/5\/2019\/08\/baner_WLC_640x350_2-300x164.png 300w\" sizes=\"auto, (max-width: 640px) 100vw, 640px\" \/><\/a><\/p>\n<p>&nbsp;<\/p>\n<p>&nbsp;<\/p>\n<p>&nbsp;<\/p>\n","protected":false},"excerpt":{"rendered":"<p>Je\u015bli Amerykanie nauczyli \u015bwiat koszyk\u00f3wki, to Polacy nauczyli Amerykan\u00f3w kolarstwa. A dok\u0142adnie jeden Polak \u2013 Edward Borysewicz, kt\u00f3rego kilkana\u015bcie dni [&hellip;]<\/p>\n","protected":false},"author":125,"featured_media":11325,"comment_status":"open","ping_status":"open","sticky":false,"template":"","format":"standard","meta":{"footnotes":""},"categories":[226,325],"tags":[],"global-categories":[303],"class_list":["post-11321","post","type-post","status-publish","format-standard","has-post-thumbnail","hentry","category-ciekawostki","category-historia","global-categories-cycling"],"yoast_head":"<!-- This site is optimized with the Yoast SEO Premium plugin v25.3 (Yoast SEO v25.9) - https:\/\/yoast.com\/wordpress\/plugins\/seo\/ -->\n<title>Zapewni\u0142 Amerykanom worek medali! Kolarski \u015bwiat po\u017cegna\u0142 polskiego trenera\u2026 - \u0160koda We Love Cycling - Poland<\/title>\n<meta name=\"description\" content=\"Je\u015bli Amerykanie nauczyli \u015bwiat koszyk\u00f3wki, to Polacy nauczyli Amerykan\u00f3w kolarstwa. A dok\u0142adnie jeden Polak \u2013 Edward Borysewicz, kt\u00f3rego kilkana\u015bcie dni temu po\u017cegna\u0142 \u015bwiat sportu.\" \/>\n<meta name=\"robots\" content=\"index, follow, max-snippet:-1, max-image-preview:large, max-video-preview:-1\" \/>\n<link rel=\"canonical\" href=\"https:\/\/www.welovecycling.com\/pl\/2020\/12\/02\/zapewnil-amerykanom-worek-medali-kolarski-swiat-pozegnal-polskiego-trenera\/\" \/>\n<meta property=\"og:locale\" content=\"pl_PL\" \/>\n<meta property=\"og:type\" content=\"article\" \/>\n<meta property=\"og:title\" content=\"Zapewni\u0142 Amerykanom worek medali! Kolarski \u015bwiat po\u017cegna\u0142 polskiego trenera\u2026\" \/>\n<meta property=\"og:description\" content=\"Je\u015bli Amerykanie nauczyli \u015bwiat koszyk\u00f3wki, to Polacy nauczyli Amerykan\u00f3w kolarstwa. A dok\u0142adnie jeden Polak \u2013 Edward Borysewicz, kt\u00f3rego kilkana\u015bcie dni temu po\u017cegna\u0142 \u015bwiat sportu.\" \/>\n<meta property=\"og:url\" content=\"https:\/\/www.welovecycling.com\/pl\/2020\/12\/02\/zapewnil-amerykanom-worek-medali-kolarski-swiat-pozegnal-polskiego-trenera\/\" \/>\n<meta property=\"og:site_name\" content=\"\u0160koda We Love Cycling - Poland\" \/>\n<meta property=\"article:published_time\" content=\"2020-12-02T14:40:32+00:00\" \/>\n<meta property=\"og:image\" content=\"https:\/\/d2p6e6u75xmxt8.cloudfront.net\/5\/2020\/12\/Anquetil-Poulidor-profimedia-0068091902-CVR-1024x450-1.jpg\" \/>\n\t<meta property=\"og:image:width\" content=\"1024\" \/>\n\t<meta property=\"og:image:height\" content=\"450\" \/>\n\t<meta property=\"og:image:type\" content=\"image\/jpeg\" \/>\n<meta name=\"author\" content=\"oktawiamikulska\" \/>\n<meta name=\"twitter:card\" content=\"summary_large_image\" \/>\n<meta name=\"twitter:label1\" content=\"Written by\" \/>\n\t<meta name=\"twitter:data1\" content=\"Piotr Nowik\" \/>\n\t<meta name=\"twitter:label2\" content=\"Est. reading time\" \/>\n\t<meta name=\"twitter:data2\" content=\"3 minutes\" \/>\n<script type=\"application\/ld+json\" class=\"yoast-schema-graph\">{\"@context\":\"https:\/\/schema.org\",\"@graph\":[{\"@type\":\"WebPage\",\"@id\":\"https:\/\/www.welovecycling.com\/pl\/2020\/12\/02\/zapewnil-amerykanom-worek-medali-kolarski-swiat-pozegnal-polskiego-trenera\/\",\"url\":\"https:\/\/www.welovecycling.com\/pl\/2020\/12\/02\/zapewnil-amerykanom-worek-medali-kolarski-swiat-pozegnal-polskiego-trenera\/\",\"name\":\"Zapewni\u0142 Amerykanom worek medali! Kolarski \u015bwiat po\u017cegna\u0142 polskiego trenera\u2026 - \u0160koda We Love Cycling - Poland\",\"isPartOf\":{\"@id\":\"https:\/\/www.welovecycling.com\/pl\/#website\"},\"primaryImageOfPage\":{\"@id\":\"https:\/\/www.welovecycling.com\/pl\/2020\/12\/02\/zapewnil-amerykanom-worek-medali-kolarski-swiat-pozegnal-polskiego-trenera\/#primaryimage\"},\"image\":{\"@id\":\"https:\/\/www.welovecycling.com\/pl\/2020\/12\/02\/zapewnil-amerykanom-worek-medali-kolarski-swiat-pozegnal-polskiego-trenera\/#primaryimage\"},\"thumbnailUrl\":\"https:\/\/d2p6e6u75xmxt8.cloudfront.net\/5\/2020\/12\/Anquetil-Poulidor-profimedia-0068091902-CVR-1024x450-1.jpg\",\"datePublished\":\"2020-12-02T14:40:32+00:00\",\"author\":{\"@id\":\"https:\/\/www.welovecycling.com\/pl\/#\/schema\/person\/4a79bac7bd265aa6a35a1079d36648be\"},\"description\":\"Je\u015bli Amerykanie nauczyli \u015bwiat koszyk\u00f3wki, to Polacy nauczyli Amerykan\u00f3w kolarstwa. A dok\u0142adnie jeden Polak \u2013 Edward Borysewicz, kt\u00f3rego kilkana\u015bcie dni temu po\u017cegna\u0142 \u015bwiat sportu.\",\"breadcrumb\":{\"@id\":\"https:\/\/www.welovecycling.com\/pl\/2020\/12\/02\/zapewnil-amerykanom-worek-medali-kolarski-swiat-pozegnal-polskiego-trenera\/#breadcrumb\"},\"inLanguage\":\"pl-PL\",\"potentialAction\":[{\"@type\":\"ReadAction\",\"target\":[\"https:\/\/www.welovecycling.com\/pl\/2020\/12\/02\/zapewnil-amerykanom-worek-medali-kolarski-swiat-pozegnal-polskiego-trenera\/\"]}]},{\"@type\":\"ImageObject\",\"inLanguage\":\"pl-PL\",\"@id\":\"https:\/\/www.welovecycling.com\/pl\/2020\/12\/02\/zapewnil-amerykanom-worek-medali-kolarski-swiat-pozegnal-polskiego-trenera\/#primaryimage\",\"url\":\"https:\/\/d2p6e6u75xmxt8.cloudfront.net\/5\/2020\/12\/Anquetil-Poulidor-profimedia-0068091902-CVR-1024x450-1.jpg\",\"contentUrl\":\"https:\/\/d2p6e6u75xmxt8.cloudfront.net\/5\/2020\/12\/Anquetil-Poulidor-profimedia-0068091902-CVR-1024x450-1.jpg\",\"width\":1024,\"height\":450},{\"@type\":\"BreadcrumbList\",\"@id\":\"https:\/\/www.welovecycling.com\/pl\/2020\/12\/02\/zapewnil-amerykanom-worek-medali-kolarski-swiat-pozegnal-polskiego-trenera\/#breadcrumb\",\"itemListElement\":[{\"@type\":\"ListItem\",\"position\":1,\"name\":\"Home\",\"item\":\"https:\/\/www.welovecycling.com\/pl\/\"},{\"@type\":\"ListItem\",\"position\":2,\"name\":\"Zapewni\u0142 Amerykanom worek medali! Kolarski \u015bwiat po\u017cegna\u0142 polskiego trenera\u2026\"}]},{\"@type\":\"WebSite\",\"@id\":\"https:\/\/www.welovecycling.com\/pl\/#website\",\"url\":\"https:\/\/www.welovecycling.com\/pl\/\",\"name\":\"\u0160koda We Love Cycling - Poland\",\"description\":\"\",\"potentialAction\":[{\"@type\":\"SearchAction\",\"target\":{\"@type\":\"EntryPoint\",\"urlTemplate\":\"https:\/\/www.welovecycling.com\/pl\/?s={search_term_string}\"},\"query-input\":{\"@type\":\"PropertyValueSpecification\",\"valueRequired\":true,\"valueName\":\"search_term_string\"}}],\"inLanguage\":\"pl-PL\"},{\"@type\":\"Person\",\"@id\":\"https:\/\/www.welovecycling.com\/pl\/#\/schema\/person\/4a79bac7bd265aa6a35a1079d36648be\",\"name\":\"oktawiamikulska\",\"image\":{\"@type\":\"ImageObject\",\"inLanguage\":\"pl-PL\",\"@id\":\"https:\/\/www.welovecycling.com\/pl\/#\/schema\/person\/image\/\",\"url\":\"https:\/\/secure.gravatar.com\/avatar\/b97a3f44e2de6d2f8dd358975937e49823662e12cbd810b9d1a2bff1c149e8a7?s=96&d=mm&r=g\",\"contentUrl\":\"https:\/\/secure.gravatar.com\/avatar\/b97a3f44e2de6d2f8dd358975937e49823662e12cbd810b9d1a2bff1c149e8a7?s=96&d=mm&r=g\",\"caption\":\"oktawiamikulska\"},\"url\":\"https:\/\/www.welovecycling.com\/pl\/author\/oktawiamikulska\/\"}]}<\/script>\n<!-- \/ Yoast SEO Premium plugin. -->","yoast_head_json":{"title":"Zapewni\u0142 Amerykanom worek medali! Kolarski \u015bwiat po\u017cegna\u0142 polskiego trenera\u2026 - \u0160koda We Love Cycling - Poland","description":"Je\u015bli Amerykanie nauczyli \u015bwiat koszyk\u00f3wki, to Polacy nauczyli Amerykan\u00f3w kolarstwa. A dok\u0142adnie jeden Polak \u2013 Edward Borysewicz, kt\u00f3rego kilkana\u015bcie dni temu po\u017cegna\u0142 \u015bwiat sportu.","robots":{"index":"index","follow":"follow","max-snippet":"max-snippet:-1","max-image-preview":"max-image-preview:large","max-video-preview":"max-video-preview:-1"},"canonical":"https:\/\/www.welovecycling.com\/pl\/2020\/12\/02\/zapewnil-amerykanom-worek-medali-kolarski-swiat-pozegnal-polskiego-trenera\/","og_locale":"pl_PL","og_type":"article","og_title":"Zapewni\u0142 Amerykanom worek medali! Kolarski \u015bwiat po\u017cegna\u0142 polskiego trenera\u2026","og_description":"Je\u015bli Amerykanie nauczyli \u015bwiat koszyk\u00f3wki, to Polacy nauczyli Amerykan\u00f3w kolarstwa. A dok\u0142adnie jeden Polak \u2013 Edward Borysewicz, kt\u00f3rego kilkana\u015bcie dni temu po\u017cegna\u0142 \u015bwiat sportu.","og_url":"https:\/\/www.welovecycling.com\/pl\/2020\/12\/02\/zapewnil-amerykanom-worek-medali-kolarski-swiat-pozegnal-polskiego-trenera\/","og_site_name":"\u0160koda We Love Cycling - Poland","article_published_time":"2020-12-02T14:40:32+00:00","og_image":[{"width":1024,"height":450,"url":"https:\/\/d2p6e6u75xmxt8.cloudfront.net\/5\/2020\/12\/Anquetil-Poulidor-profimedia-0068091902-CVR-1024x450-1.jpg","type":"image\/jpeg"}],"author":"oktawiamikulska","twitter_card":"summary_large_image","twitter_misc":{"Written by":"Piotr Nowik","Est. reading time":"3 minutes"},"schema":{"@context":"https:\/\/schema.org","@graph":[{"@type":"WebPage","@id":"https:\/\/www.welovecycling.com\/pl\/2020\/12\/02\/zapewnil-amerykanom-worek-medali-kolarski-swiat-pozegnal-polskiego-trenera\/","url":"https:\/\/www.welovecycling.com\/pl\/2020\/12\/02\/zapewnil-amerykanom-worek-medali-kolarski-swiat-pozegnal-polskiego-trenera\/","name":"Zapewni\u0142 Amerykanom worek medali! Kolarski \u015bwiat po\u017cegna\u0142 polskiego trenera\u2026 - \u0160koda We Love Cycling - Poland","isPartOf":{"@id":"https:\/\/www.welovecycling.com\/pl\/#website"},"primaryImageOfPage":{"@id":"https:\/\/www.welovecycling.com\/pl\/2020\/12\/02\/zapewnil-amerykanom-worek-medali-kolarski-swiat-pozegnal-polskiego-trenera\/#primaryimage"},"image":{"@id":"https:\/\/www.welovecycling.com\/pl\/2020\/12\/02\/zapewnil-amerykanom-worek-medali-kolarski-swiat-pozegnal-polskiego-trenera\/#primaryimage"},"thumbnailUrl":"https:\/\/d2p6e6u75xmxt8.cloudfront.net\/5\/2020\/12\/Anquetil-Poulidor-profimedia-0068091902-CVR-1024x450-1.jpg","datePublished":"2020-12-02T14:40:32+00:00","author":{"@id":"https:\/\/www.welovecycling.com\/pl\/#\/schema\/person\/4a79bac7bd265aa6a35a1079d36648be"},"description":"Je\u015bli Amerykanie nauczyli \u015bwiat koszyk\u00f3wki, to Polacy nauczyli Amerykan\u00f3w kolarstwa. A dok\u0142adnie jeden Polak \u2013 Edward Borysewicz, kt\u00f3rego kilkana\u015bcie dni temu po\u017cegna\u0142 \u015bwiat sportu.","breadcrumb":{"@id":"https:\/\/www.welovecycling.com\/pl\/2020\/12\/02\/zapewnil-amerykanom-worek-medali-kolarski-swiat-pozegnal-polskiego-trenera\/#breadcrumb"},"inLanguage":"pl-PL","potentialAction":[{"@type":"ReadAction","target":["https:\/\/www.welovecycling.com\/pl\/2020\/12\/02\/zapewnil-amerykanom-worek-medali-kolarski-swiat-pozegnal-polskiego-trenera\/"]}]},{"@type":"ImageObject","inLanguage":"pl-PL","@id":"https:\/\/www.welovecycling.com\/pl\/2020\/12\/02\/zapewnil-amerykanom-worek-medali-kolarski-swiat-pozegnal-polskiego-trenera\/#primaryimage","url":"https:\/\/d2p6e6u75xmxt8.cloudfront.net\/5\/2020\/12\/Anquetil-Poulidor-profimedia-0068091902-CVR-1024x450-1.jpg","contentUrl":"https:\/\/d2p6e6u75xmxt8.cloudfront.net\/5\/2020\/12\/Anquetil-Poulidor-profimedia-0068091902-CVR-1024x450-1.jpg","width":1024,"height":450},{"@type":"BreadcrumbList","@id":"https:\/\/www.welovecycling.com\/pl\/2020\/12\/02\/zapewnil-amerykanom-worek-medali-kolarski-swiat-pozegnal-polskiego-trenera\/#breadcrumb","itemListElement":[{"@type":"ListItem","position":1,"name":"Home","item":"https:\/\/www.welovecycling.com\/pl\/"},{"@type":"ListItem","position":2,"name":"Zapewni\u0142 Amerykanom worek medali! Kolarski \u015bwiat po\u017cegna\u0142 polskiego trenera\u2026"}]},{"@type":"WebSite","@id":"https:\/\/www.welovecycling.com\/pl\/#website","url":"https:\/\/www.welovecycling.com\/pl\/","name":"\u0160koda We Love Cycling - Poland","description":"","potentialAction":[{"@type":"SearchAction","target":{"@type":"EntryPoint","urlTemplate":"https:\/\/www.welovecycling.com\/pl\/?s={search_term_string}"},"query-input":{"@type":"PropertyValueSpecification","valueRequired":true,"valueName":"search_term_string"}}],"inLanguage":"pl-PL"},{"@type":"Person","@id":"https:\/\/www.welovecycling.com\/pl\/#\/schema\/person\/4a79bac7bd265aa6a35a1079d36648be","name":"oktawiamikulska","image":{"@type":"ImageObject","inLanguage":"pl-PL","@id":"https:\/\/www.welovecycling.com\/pl\/#\/schema\/person\/image\/","url":"https:\/\/secure.gravatar.com\/avatar\/b97a3f44e2de6d2f8dd358975937e49823662e12cbd810b9d1a2bff1c149e8a7?s=96&d=mm&r=g","contentUrl":"https:\/\/secure.gravatar.com\/avatar\/b97a3f44e2de6d2f8dd358975937e49823662e12cbd810b9d1a2bff1c149e8a7?s=96&d=mm&r=g","caption":"oktawiamikulska"},"url":"https:\/\/www.welovecycling.com\/pl\/author\/oktawiamikulska\/"}]}},"_links":{"self":[{"href":"https:\/\/www.welovecycling.com\/pl\/wp-json\/wp\/v2\/posts\/11321","targetHints":{"allow":["GET"]}}],"collection":[{"href":"https:\/\/www.welovecycling.com\/pl\/wp-json\/wp\/v2\/posts"}],"about":[{"href":"https:\/\/www.welovecycling.com\/pl\/wp-json\/wp\/v2\/types\/post"}],"author":[{"embeddable":true,"href":"https:\/\/www.welovecycling.com\/pl\/wp-json\/wp\/v2\/users\/125"}],"replies":[{"embeddable":true,"href":"https:\/\/www.welovecycling.com\/pl\/wp-json\/wp\/v2\/comments?post=11321"}],"version-history":[{"count":1,"href":"https:\/\/www.welovecycling.com\/pl\/wp-json\/wp\/v2\/posts\/11321\/revisions"}],"predecessor-version":[{"id":11326,"href":"https:\/\/www.welovecycling.com\/pl\/wp-json\/wp\/v2\/posts\/11321\/revisions\/11326"}],"wp:featuredmedia":[{"embeddable":true,"href":"https:\/\/www.welovecycling.com\/pl\/wp-json\/wp\/v2\/media\/11325"}],"wp:attachment":[{"href":"https:\/\/www.welovecycling.com\/pl\/wp-json\/wp\/v2\/media?parent=11321"}],"wp:term":[{"taxonomy":"category","embeddable":true,"href":"https:\/\/www.welovecycling.com\/pl\/wp-json\/wp\/v2\/categories?post=11321"},{"taxonomy":"post_tag","embeddable":true,"href":"https:\/\/www.welovecycling.com\/pl\/wp-json\/wp\/v2\/tags?post=11321"},{"taxonomy":"global-categories","embeddable":true,"href":"https:\/\/www.welovecycling.com\/pl\/wp-json\/wp\/v2\/global-categories?post=11321"}],"curies":[{"name":"wp","href":"https:\/\/api.w.org\/{rel}","templated":true}]}}