{"id":11317,"date":"2020-11-30T13:13:23","date_gmt":"2020-11-30T13:13:23","guid":{"rendered":"https:\/\/www.welovecycling.com\/pl\/?p=11317"},"modified":"2020-11-30T13:13:23","modified_gmt":"2020-11-30T13:13:23","slug":"zmiany-zmiany-zmiany-duzy-ruch-na-rynku-transferowym","status":"publish","type":"post","link":"https:\/\/www.welovecycling.com\/pl\/2020\/11\/30\/zmiany-zmiany-zmiany-duzy-ruch-na-rynku-transferowym\/","title":{"rendered":"Zmiany, zmiany, zmiany. Du\u017cy ruch na rynku transferowym!"},"content":{"rendered":"<p><strong>W kolarstwie transferowa karuzela rozkr\u0119ci\u0142a si\u0119 tak mocno, \u017ce niekt\u00f3rym a\u017c zaszumia\u0142o w g\u0142owie. Jedno jest pewne \u2013 w przysz\u0142ym roku cz\u0119\u015b\u0107 ekip zmieni si\u0119 nie do poznania.<\/strong><\/p>\n<p>Transfery w kolarstwie to niemal codzienno\u015b\u0107. W pierwszej po\u0142owie sezonu plotkuje si\u0119 kto i gdzie mo\u017ce trafi\u0107, w drugiej og\u0142asza kolejne zmiany zespo\u0142\u00f3w. Obecne okno transferowe oficjalnie zosta\u0142o otwarte 1 sierpnia, ale potajemne negocjacje zacz\u0119\u0142y si\u0119 znacznie wcze\u015bniej.<\/p>\n<p>R\u00f3\u017cne s\u0105 powody zmian. Jedni zawodnicy czuj\u0105 si\u0119 niedoceniani i nie mog\u0105 pogodzi\u0107 si\u0119 z odsuni\u0119ciem na drugi plan. Dla innych zmiana dru\u017cyny to bodziec do jeszcze ci\u0119\u017cszej pracy, ale nie ma te\u017c co ukrywa\u0107 \u2013 za wieloma transferami stoj\u0105 pieni\u0105dze, bo to najlepszy moment na wynegocjowanie podwy\u017cki.<\/p>\n<p>W tym roku najsmakowitszym k\u0105skiem na rynku transferowym by\u0142 Christopher Froome. W jego Team Ineos dochodzi do zmiany warty, ale Brytyjczyk uwa\u017ca, \u017ce po fatalnym upadku w poprzednim roku, jest jeszcze w stanie si\u0119 odbudowa\u0107. Potrzebuje do tego jednak czasu i zaufania, a to wszystko ma otrzyma\u0107 w Israel Start-Up Nation.<\/p>\n<p>W Team Ineos ostatnie dwa lata Froome mia\u0142 zupe\u0142nie nieudane. Przygotowuj\u0105c si\u0119 do Tour de France zaliczy\u0142 pechowy upadek podczas\u2026 wycierania nosa i do ko\u0144ca roku dochodzi\u0142 do siebie. Formy jednak nie odnalaz\u0142 i w tegorocznej Wielkiej P\u0119tli nie pojecha\u0142 wcale, a w Vuelta a Espana zaj\u0105\u0142 dopiero 98. miejsce. W Team Ineos zostanie jednak zapami\u0119tany jako wielki wojownik i czterokrotny zwyci\u0119zca \u017c\u00f3\u0142tej koszulki Tour de France.<\/p>\n<div class=\"embed-controller-wrapper\">\n<blockquote class=\"twitter-tweet\" data-width=\"500\" data-dnt=\"true\">\n<p lang=\"en\" dir=\"ltr\">In 11 years we&#39;ve been through it all, together. There will never be enough words, so we&#39;ll just say this:<\/p>\n<p>Thank you, Froomey \u2764\ufe0f <a href=\"https:\/\/t.co\/cQlMI3HTVv\">pic.twitter.com\/cQlMI3HTVv<\/a><\/p>\n<p>&mdash; INEOS Grenadiers (@INEOSGrenadiers) <a href=\"https:\/\/twitter.com\/INEOSGrenadiers\/status\/1325517629814136832?ref_src=twsrc%5Etfw\">November 8, 2020<\/a><\/p><\/blockquote>\n<p><script async data-src=\"https:\/\/platform.twitter.com\/widgets.js\" charset=\"utf-8\"><\/script><\/div>\n<p>35-letni Brytyjczyk ma jednak nadziej\u0119, \u017ce w tym wy\u015bcigu nie powiedzia\u0142 jeszcze ostatniego s\u0142owa, a je\u015bli wygra go po raz pi\u0105ty, to zr\u00f3wna si\u0119 zwyci\u0119stwami z najlepszymi kolarzami tego wy\u015bcigu. A do historii chce przej\u015b\u0107 w\u0142a\u015bnie w koszulce Israel Start-Up Nation.<\/p>\n<div class=\"embed-controller-wrapper\">\n<blockquote class=\"twitter-tweet\" data-width=\"500\" data-dnt=\"true\">\n<p lang=\"en\" dir=\"ltr\">Ready to take on the 2020 <a href=\"https:\/\/twitter.com\/lavuelta?ref_src=twsrc%5Etfw\">@lavuelta<\/a>, my last race for the <a href=\"https:\/\/twitter.com\/INEOSGrenadiers?ref_src=twsrc%5Etfw\">@INEOSGrenadiers<\/a>! Let\u2019s do this \ud83d\udc4d <a href=\"https:\/\/t.co\/wjLcBmJttv\">pic.twitter.com\/wjLcBmJttv<\/a><\/p>\n<p>&mdash; Chris Froome (@chrisfroome) <a href=\"https:\/\/twitter.com\/chrisfroome\/status\/1318503858432315394?ref_src=twsrc%5Etfw\">October 20, 2020<\/a><\/p><\/blockquote>\n<p><script async data-src=\"https:\/\/platform.twitter.com\/widgets.js\" charset=\"utf-8\"><\/script><\/div>\n<p>To jednak nie koniec zbroje\u0144 Isreal Start-Up Nation. Do ekipy do\u0142\u0105cza m.in. Daryl Impey (pierwszy w historii afryka\u0144ski kolarz, kt\u00f3ry jecha\u0142 w koszulce lidera Tour de France), Michael Woods, czy Sep Vanmarcke.<\/p>\n<p>Z kolei Ineos wzmocni\u0142 m.in. Adam Yates, kt\u00f3ry cztery lata temu wygra\u0142 klasyfikacj\u0119 m\u0142odzie\u017cow\u0105 Tour de France, a w generalnej znalaz\u0142 si\u0119 tu\u017c za podium.<\/p>\n<p>Do ekipy, kt\u00f3ra w tym roku zachwyci\u0142a kibic\u00f3w podczas Tour de France, do\u0142\u0105cza z kolei Rafa\u0142 Majka. Po czterech latach Polak opuszcza Bora-Hansgrohe i do\u0142\u0105cza do UAE Emirates Team, a to oznacza, \u017ce jego nowym koleg\u0105 w zespole b\u0119dzie Tadej Pogacar, zwyci\u0119zca tegorocznej Wielkiej P\u0119tli.<\/p>\n<p>&#8211; Nie\u0142atwo powiedzie\u0107 do widzenia, ale chcia\u0142bym podzi\u0119kowa\u0107 Ralfowi Denkowi [mened\u017cer Bora-hangrohe], sponsorom i kolegom z dru\u017cyny. To by\u0142a przyjemno\u015b\u0107 by\u0107 cz\u0119\u015bci\u0105 tej grupy \u2013 napisa\u0142 Majka w mediach spo\u0142eczno\u015bciowych, a UAE Emirates przedstawi\u0142o go kibicom go jako \u201esilnego polskiego g\u00f3rala\u201d.<\/p>\n<div class=\"embed-controller-wrapper\">\n<blockquote class=\"twitter-tweet\" data-width=\"500\" data-dnt=\"true\">\n<p lang=\"en\" dir=\"ltr\">\u270d\ufe0f | We&#39;re delighted to announce the signing of <a href=\"https:\/\/twitter.com\/majkaformal?ref_src=twsrc%5Etfw\">@majkaformal<\/a> .<\/p>\n<p>Strong Polish climber signs deal with the Emirati team. <\/p>\n<p>Full story\u27a1\ufe0f: <a href=\"https:\/\/t.co\/aFYgKYN3Ul\">https:\/\/t.co\/aFYgKYN3Ul<\/a><a href=\"https:\/\/twitter.com\/hashtag\/UAETeamEmirates?src=hash&amp;ref_src=twsrc%5Etfw\">#UAETeamEmirates<\/a> <a href=\"https:\/\/twitter.com\/hashtag\/RideTogether?src=hash&amp;ref_src=twsrc%5Etfw\">#RideTogether<\/a> <a href=\"https:\/\/t.co\/WtccjUJYt5\">pic.twitter.com\/WtccjUJYt5<\/a><\/p>\n<p>&mdash; @UAE-TeamEmirates (@TeamEmiratesUAE) <a href=\"https:\/\/twitter.com\/TeamEmiratesUAE\/status\/1318097048051322880?ref_src=twsrc%5Etfw\">October 19, 2020<\/a><\/p><\/blockquote>\n<p><script async data-src=\"https:\/\/platform.twitter.com\/widgets.js\" charset=\"utf-8\"><\/script><\/div>\n<p>Na ciekawy ruch zdecydowa\u0142a si\u0119 tak\u017ce grupa AG2R La Mondiale, kt\u00f3ra z CCC Team wzi\u0119\u0142a trzech zawodnik\u00f3w:\u00a0 Grega Van Avermaeta, Michaela Schaera i Gijsa Van Hoecke. W tej ekipie b\u0119dzie je\u017adzi\u0142 r\u00f3wnie\u017c Romain Bardet, kt\u00f3ry opu\u015bci\u0142 Team Suweb.<\/p>\n<p>Wycofanie CCC Team z World Touru oznacza r\u00f3wnie\u017c zmian\u0119 barw dla kilku Polak\u00f3w. Szymon Sajnok przenosi si\u0119 do Cofidisu, Kamil Ma\u0142ecki do Lotto Soudal, \u0141ukasz Wi\u015bnowski do Team NTT, a Jakub Mareczko i Kamil Gradek do Vini Zabu \u2013 KTM.<\/p>\n<p>Jak kolarze spisz\u0105 si\u0119 w nowych zespo\u0142ach? Pierwsze odpowiedzi ju\u017c za ok. trzy miesi\u0105ce, gdy rozpocznie si\u0119 \u015bwiatowe \u015bciganie. UCI World Tour 2021 ma wystartowa\u0107 wy\u015bcigiem UAE Tour (21-27 lutego).<\/p>\n<p><span data-sheets-value=\"{&quot;1&quot;:2,&quot;2&quot;:&quot;Artyku\u0142 powsta\u0142 we wsp\u00f3\u0142pracy ze skoda-auto.pl&quot;}\" data-sheets-userformat=\"{&quot;2&quot;:1,&quot;3&quot;:{&quot;1&quot;:0}}\" data-sheets-hyperlink=\"http:\/\/www.skoda-auto.pl\/\"><a class=\"in-cell-link\" href=\"http:\/\/www.skoda-auto.pl\/\" target=\"_blank\" rel=\"noopener noreferrer\">Artyku\u0142 powsta\u0142 we wsp\u00f3\u0142pracy ze skoda-auto.pl<\/a><\/span><\/p>\n<p>&nbsp;<\/p>\n<p><a href=\"https:\/\/www.skoda-auto.pl\/modele\/karoq\"><img loading=\"lazy\" decoding=\"async\" class=\"aligncenter wp-image-9609 size-full loading\" src=\"https:\/\/d2p6e6u75xmxt8.cloudfront.net\/5\/2019\/08\/baner_WLC_640x350_4.png\" sizes=\"auto, (max-width: 640px) 100vw, 640px\" srcset=\"https:\/\/d2p6e6u75xmxt8.cloudfront.net\/5\/2019\/08\/baner_WLC_640x350_4.png 640w, https:\/\/d2p6e6u75xmxt8.cloudfront.net\/5\/2019\/08\/baner_WLC_640x350_4-300x164.png 300w\" alt=\"\" width=\"640\" height=\"350\" data-was-processed=\"true\" \/>\u00a0<\/a><\/p>\n<p>&nbsp;<\/p>\n","protected":false},"excerpt":{"rendered":"<p>W kolarstwie transferowa karuzela rozkr\u0119ci\u0142a si\u0119 tak mocno, \u017ce niekt\u00f3rym a\u017c zaszumia\u0142o w g\u0142owie. Jedno jest pewne \u2013 w przysz\u0142ym [&hellip;]<\/p>\n","protected":false},"author":125,"featured_media":11319,"comment_status":"open","ping_status":"open","sticky":false,"template":"","format":"standard","meta":{"footnotes":""},"categories":[337],"tags":[],"global-categories":[303],"class_list":["post-11317","post","type-post","status-publish","format-standard","has-post-thumbnail","hentry","category-tour-de-france","global-categories-cycling"],"yoast_head":"<!-- This site is optimized with the Yoast SEO Premium plugin v25.3 (Yoast SEO v25.9) - https:\/\/yoast.com\/wordpress\/plugins\/seo\/ -->\n<title>Zmiany, zmiany, zmiany. Du\u017cy ruch na rynku transferowym! - \u0160koda We Love Cycling - Poland<\/title>\n<meta name=\"description\" content=\"W kolarstwie transferowa karuzela rozkr\u0119ci\u0142a si\u0119 tak mocno, \u017ce niekt\u00f3rym a\u017c zaszumia\u0142o w g\u0142owie. Jedno jest pewne \u2013 w przysz\u0142ym roku cz\u0119\u015b\u0107 ekip zmieni si\u0119 nie do poznania.\" \/>\n<meta name=\"robots\" content=\"index, follow, max-snippet:-1, max-image-preview:large, max-video-preview:-1\" \/>\n<link rel=\"canonical\" href=\"https:\/\/www.welovecycling.com\/pl\/2020\/11\/30\/zmiany-zmiany-zmiany-duzy-ruch-na-rynku-transferowym\/\" \/>\n<meta property=\"og:locale\" content=\"pl_PL\" \/>\n<meta property=\"og:type\" content=\"article\" \/>\n<meta property=\"og:title\" content=\"Zmiany, zmiany, zmiany. Du\u017cy ruch na rynku transferowym!\" \/>\n<meta property=\"og:description\" content=\"W kolarstwie transferowa karuzela rozkr\u0119ci\u0142a si\u0119 tak mocno, \u017ce niekt\u00f3rym a\u017c zaszumia\u0142o w g\u0142owie. Jedno jest pewne \u2013 w przysz\u0142ym roku cz\u0119\u015b\u0107 ekip zmieni si\u0119 nie do poznania.\" \/>\n<meta property=\"og:url\" content=\"https:\/\/www.welovecycling.com\/pl\/2020\/11\/30\/zmiany-zmiany-zmiany-duzy-ruch-na-rynku-transferowym\/\" \/>\n<meta property=\"og:site_name\" content=\"\u0160koda We Love Cycling - Poland\" \/>\n<meta property=\"article:published_time\" content=\"2020-11-30T13:13:23+00:00\" \/>\n<meta property=\"og:image\" content=\"https:\/\/d2p6e6u75xmxt8.cloudfront.net\/5\/2020\/11\/sam-bennet-2020-tour-profimedia-0558939652-CVR-1024x450-1.jpg\" \/>\n\t<meta property=\"og:image:width\" content=\"1024\" \/>\n\t<meta property=\"og:image:height\" content=\"450\" \/>\n\t<meta property=\"og:image:type\" content=\"image\/jpeg\" \/>\n<meta name=\"author\" content=\"oktawiamikulska\" \/>\n<meta name=\"twitter:card\" content=\"summary_large_image\" \/>\n<meta name=\"twitter:label1\" content=\"Written by\" \/>\n\t<meta name=\"twitter:data1\" content=\"Piotr Nowik\" \/>\n\t<meta name=\"twitter:label2\" content=\"Est. reading time\" \/>\n\t<meta name=\"twitter:data2\" content=\"3 minutes\" \/>\n<script type=\"application\/ld+json\" class=\"yoast-schema-graph\">{\"@context\":\"https:\/\/schema.org\",\"@graph\":[{\"@type\":\"WebPage\",\"@id\":\"https:\/\/www.welovecycling.com\/pl\/2020\/11\/30\/zmiany-zmiany-zmiany-duzy-ruch-na-rynku-transferowym\/\",\"url\":\"https:\/\/www.welovecycling.com\/pl\/2020\/11\/30\/zmiany-zmiany-zmiany-duzy-ruch-na-rynku-transferowym\/\",\"name\":\"Zmiany, zmiany, zmiany. Du\u017cy ruch na rynku transferowym! - \u0160koda We Love Cycling - Poland\",\"isPartOf\":{\"@id\":\"https:\/\/www.welovecycling.com\/pl\/#website\"},\"primaryImageOfPage\":{\"@id\":\"https:\/\/www.welovecycling.com\/pl\/2020\/11\/30\/zmiany-zmiany-zmiany-duzy-ruch-na-rynku-transferowym\/#primaryimage\"},\"image\":{\"@id\":\"https:\/\/www.welovecycling.com\/pl\/2020\/11\/30\/zmiany-zmiany-zmiany-duzy-ruch-na-rynku-transferowym\/#primaryimage\"},\"thumbnailUrl\":\"https:\/\/d2p6e6u75xmxt8.cloudfront.net\/5\/2020\/11\/sam-bennet-2020-tour-profimedia-0558939652-CVR-1024x450-1.jpg\",\"datePublished\":\"2020-11-30T13:13:23+00:00\",\"author\":{\"@id\":\"https:\/\/www.welovecycling.com\/pl\/#\/schema\/person\/4a79bac7bd265aa6a35a1079d36648be\"},\"description\":\"W kolarstwie transferowa karuzela rozkr\u0119ci\u0142a si\u0119 tak mocno, \u017ce niekt\u00f3rym a\u017c zaszumia\u0142o w g\u0142owie. Jedno jest pewne \u2013 w przysz\u0142ym roku cz\u0119\u015b\u0107 ekip zmieni si\u0119 nie do poznania.\",\"breadcrumb\":{\"@id\":\"https:\/\/www.welovecycling.com\/pl\/2020\/11\/30\/zmiany-zmiany-zmiany-duzy-ruch-na-rynku-transferowym\/#breadcrumb\"},\"inLanguage\":\"pl-PL\",\"potentialAction\":[{\"@type\":\"ReadAction\",\"target\":[\"https:\/\/www.welovecycling.com\/pl\/2020\/11\/30\/zmiany-zmiany-zmiany-duzy-ruch-na-rynku-transferowym\/\"]}]},{\"@type\":\"ImageObject\",\"inLanguage\":\"pl-PL\",\"@id\":\"https:\/\/www.welovecycling.com\/pl\/2020\/11\/30\/zmiany-zmiany-zmiany-duzy-ruch-na-rynku-transferowym\/#primaryimage\",\"url\":\"https:\/\/d2p6e6u75xmxt8.cloudfront.net\/5\/2020\/11\/sam-bennet-2020-tour-profimedia-0558939652-CVR-1024x450-1.jpg\",\"contentUrl\":\"https:\/\/d2p6e6u75xmxt8.cloudfront.net\/5\/2020\/11\/sam-bennet-2020-tour-profimedia-0558939652-CVR-1024x450-1.jpg\",\"width\":1024,\"height\":450},{\"@type\":\"BreadcrumbList\",\"@id\":\"https:\/\/www.welovecycling.com\/pl\/2020\/11\/30\/zmiany-zmiany-zmiany-duzy-ruch-na-rynku-transferowym\/#breadcrumb\",\"itemListElement\":[{\"@type\":\"ListItem\",\"position\":1,\"name\":\"Home\",\"item\":\"https:\/\/www.welovecycling.com\/pl\/\"},{\"@type\":\"ListItem\",\"position\":2,\"name\":\"Zmiany, zmiany, zmiany. Du\u017cy ruch na rynku transferowym!\"}]},{\"@type\":\"WebSite\",\"@id\":\"https:\/\/www.welovecycling.com\/pl\/#website\",\"url\":\"https:\/\/www.welovecycling.com\/pl\/\",\"name\":\"\u0160koda We Love Cycling - Poland\",\"description\":\"\",\"potentialAction\":[{\"@type\":\"SearchAction\",\"target\":{\"@type\":\"EntryPoint\",\"urlTemplate\":\"https:\/\/www.welovecycling.com\/pl\/?s={search_term_string}\"},\"query-input\":{\"@type\":\"PropertyValueSpecification\",\"valueRequired\":true,\"valueName\":\"search_term_string\"}}],\"inLanguage\":\"pl-PL\"},{\"@type\":\"Person\",\"@id\":\"https:\/\/www.welovecycling.com\/pl\/#\/schema\/person\/4a79bac7bd265aa6a35a1079d36648be\",\"name\":\"oktawiamikulska\",\"image\":{\"@type\":\"ImageObject\",\"inLanguage\":\"pl-PL\",\"@id\":\"https:\/\/www.welovecycling.com\/pl\/#\/schema\/person\/image\/\",\"url\":\"https:\/\/secure.gravatar.com\/avatar\/b97a3f44e2de6d2f8dd358975937e49823662e12cbd810b9d1a2bff1c149e8a7?s=96&d=mm&r=g\",\"contentUrl\":\"https:\/\/secure.gravatar.com\/avatar\/b97a3f44e2de6d2f8dd358975937e49823662e12cbd810b9d1a2bff1c149e8a7?s=96&d=mm&r=g\",\"caption\":\"oktawiamikulska\"},\"url\":\"https:\/\/www.welovecycling.com\/pl\/author\/oktawiamikulska\/\"}]}<\/script>\n<!-- \/ Yoast SEO Premium plugin. -->","yoast_head_json":{"title":"Zmiany, zmiany, zmiany. Du\u017cy ruch na rynku transferowym! - \u0160koda We Love Cycling - Poland","description":"W kolarstwie transferowa karuzela rozkr\u0119ci\u0142a si\u0119 tak mocno, \u017ce niekt\u00f3rym a\u017c zaszumia\u0142o w g\u0142owie. Jedno jest pewne \u2013 w przysz\u0142ym roku cz\u0119\u015b\u0107 ekip zmieni si\u0119 nie do poznania.","robots":{"index":"index","follow":"follow","max-snippet":"max-snippet:-1","max-image-preview":"max-image-preview:large","max-video-preview":"max-video-preview:-1"},"canonical":"https:\/\/www.welovecycling.com\/pl\/2020\/11\/30\/zmiany-zmiany-zmiany-duzy-ruch-na-rynku-transferowym\/","og_locale":"pl_PL","og_type":"article","og_title":"Zmiany, zmiany, zmiany. Du\u017cy ruch na rynku transferowym!","og_description":"W kolarstwie transferowa karuzela rozkr\u0119ci\u0142a si\u0119 tak mocno, \u017ce niekt\u00f3rym a\u017c zaszumia\u0142o w g\u0142owie. Jedno jest pewne \u2013 w przysz\u0142ym roku cz\u0119\u015b\u0107 ekip zmieni si\u0119 nie do poznania.","og_url":"https:\/\/www.welovecycling.com\/pl\/2020\/11\/30\/zmiany-zmiany-zmiany-duzy-ruch-na-rynku-transferowym\/","og_site_name":"\u0160koda We Love Cycling - Poland","article_published_time":"2020-11-30T13:13:23+00:00","og_image":[{"width":1024,"height":450,"url":"https:\/\/d2p6e6u75xmxt8.cloudfront.net\/5\/2020\/11\/sam-bennet-2020-tour-profimedia-0558939652-CVR-1024x450-1.jpg","type":"image\/jpeg"}],"author":"oktawiamikulska","twitter_card":"summary_large_image","twitter_misc":{"Written by":"Piotr Nowik","Est. reading time":"3 minutes"},"schema":{"@context":"https:\/\/schema.org","@graph":[{"@type":"WebPage","@id":"https:\/\/www.welovecycling.com\/pl\/2020\/11\/30\/zmiany-zmiany-zmiany-duzy-ruch-na-rynku-transferowym\/","url":"https:\/\/www.welovecycling.com\/pl\/2020\/11\/30\/zmiany-zmiany-zmiany-duzy-ruch-na-rynku-transferowym\/","name":"Zmiany, zmiany, zmiany. Du\u017cy ruch na rynku transferowym! - \u0160koda We Love Cycling - Poland","isPartOf":{"@id":"https:\/\/www.welovecycling.com\/pl\/#website"},"primaryImageOfPage":{"@id":"https:\/\/www.welovecycling.com\/pl\/2020\/11\/30\/zmiany-zmiany-zmiany-duzy-ruch-na-rynku-transferowym\/#primaryimage"},"image":{"@id":"https:\/\/www.welovecycling.com\/pl\/2020\/11\/30\/zmiany-zmiany-zmiany-duzy-ruch-na-rynku-transferowym\/#primaryimage"},"thumbnailUrl":"https:\/\/d2p6e6u75xmxt8.cloudfront.net\/5\/2020\/11\/sam-bennet-2020-tour-profimedia-0558939652-CVR-1024x450-1.jpg","datePublished":"2020-11-30T13:13:23+00:00","author":{"@id":"https:\/\/www.welovecycling.com\/pl\/#\/schema\/person\/4a79bac7bd265aa6a35a1079d36648be"},"description":"W kolarstwie transferowa karuzela rozkr\u0119ci\u0142a si\u0119 tak mocno, \u017ce niekt\u00f3rym a\u017c zaszumia\u0142o w g\u0142owie. Jedno jest pewne \u2013 w przysz\u0142ym roku cz\u0119\u015b\u0107 ekip zmieni si\u0119 nie do poznania.","breadcrumb":{"@id":"https:\/\/www.welovecycling.com\/pl\/2020\/11\/30\/zmiany-zmiany-zmiany-duzy-ruch-na-rynku-transferowym\/#breadcrumb"},"inLanguage":"pl-PL","potentialAction":[{"@type":"ReadAction","target":["https:\/\/www.welovecycling.com\/pl\/2020\/11\/30\/zmiany-zmiany-zmiany-duzy-ruch-na-rynku-transferowym\/"]}]},{"@type":"ImageObject","inLanguage":"pl-PL","@id":"https:\/\/www.welovecycling.com\/pl\/2020\/11\/30\/zmiany-zmiany-zmiany-duzy-ruch-na-rynku-transferowym\/#primaryimage","url":"https:\/\/d2p6e6u75xmxt8.cloudfront.net\/5\/2020\/11\/sam-bennet-2020-tour-profimedia-0558939652-CVR-1024x450-1.jpg","contentUrl":"https:\/\/d2p6e6u75xmxt8.cloudfront.net\/5\/2020\/11\/sam-bennet-2020-tour-profimedia-0558939652-CVR-1024x450-1.jpg","width":1024,"height":450},{"@type":"BreadcrumbList","@id":"https:\/\/www.welovecycling.com\/pl\/2020\/11\/30\/zmiany-zmiany-zmiany-duzy-ruch-na-rynku-transferowym\/#breadcrumb","itemListElement":[{"@type":"ListItem","position":1,"name":"Home","item":"https:\/\/www.welovecycling.com\/pl\/"},{"@type":"ListItem","position":2,"name":"Zmiany, zmiany, zmiany. Du\u017cy ruch na rynku transferowym!"}]},{"@type":"WebSite","@id":"https:\/\/www.welovecycling.com\/pl\/#website","url":"https:\/\/www.welovecycling.com\/pl\/","name":"\u0160koda We Love Cycling - Poland","description":"","potentialAction":[{"@type":"SearchAction","target":{"@type":"EntryPoint","urlTemplate":"https:\/\/www.welovecycling.com\/pl\/?s={search_term_string}"},"query-input":{"@type":"PropertyValueSpecification","valueRequired":true,"valueName":"search_term_string"}}],"inLanguage":"pl-PL"},{"@type":"Person","@id":"https:\/\/www.welovecycling.com\/pl\/#\/schema\/person\/4a79bac7bd265aa6a35a1079d36648be","name":"oktawiamikulska","image":{"@type":"ImageObject","inLanguage":"pl-PL","@id":"https:\/\/www.welovecycling.com\/pl\/#\/schema\/person\/image\/","url":"https:\/\/secure.gravatar.com\/avatar\/b97a3f44e2de6d2f8dd358975937e49823662e12cbd810b9d1a2bff1c149e8a7?s=96&d=mm&r=g","contentUrl":"https:\/\/secure.gravatar.com\/avatar\/b97a3f44e2de6d2f8dd358975937e49823662e12cbd810b9d1a2bff1c149e8a7?s=96&d=mm&r=g","caption":"oktawiamikulska"},"url":"https:\/\/www.welovecycling.com\/pl\/author\/oktawiamikulska\/"}]}},"_links":{"self":[{"href":"https:\/\/www.welovecycling.com\/pl\/wp-json\/wp\/v2\/posts\/11317","targetHints":{"allow":["GET"]}}],"collection":[{"href":"https:\/\/www.welovecycling.com\/pl\/wp-json\/wp\/v2\/posts"}],"about":[{"href":"https:\/\/www.welovecycling.com\/pl\/wp-json\/wp\/v2\/types\/post"}],"author":[{"embeddable":true,"href":"https:\/\/www.welovecycling.com\/pl\/wp-json\/wp\/v2\/users\/125"}],"replies":[{"embeddable":true,"href":"https:\/\/www.welovecycling.com\/pl\/wp-json\/wp\/v2\/comments?post=11317"}],"version-history":[{"count":1,"href":"https:\/\/www.welovecycling.com\/pl\/wp-json\/wp\/v2\/posts\/11317\/revisions"}],"predecessor-version":[{"id":11320,"href":"https:\/\/www.welovecycling.com\/pl\/wp-json\/wp\/v2\/posts\/11317\/revisions\/11320"}],"wp:featuredmedia":[{"embeddable":true,"href":"https:\/\/www.welovecycling.com\/pl\/wp-json\/wp\/v2\/media\/11319"}],"wp:attachment":[{"href":"https:\/\/www.welovecycling.com\/pl\/wp-json\/wp\/v2\/media?parent=11317"}],"wp:term":[{"taxonomy":"category","embeddable":true,"href":"https:\/\/www.welovecycling.com\/pl\/wp-json\/wp\/v2\/categories?post=11317"},{"taxonomy":"post_tag","embeddable":true,"href":"https:\/\/www.welovecycling.com\/pl\/wp-json\/wp\/v2\/tags?post=11317"},{"taxonomy":"global-categories","embeddable":true,"href":"https:\/\/www.welovecycling.com\/pl\/wp-json\/wp\/v2\/global-categories?post=11317"}],"curies":[{"name":"wp","href":"https:\/\/api.w.org\/{rel}","templated":true}]}}