{"id":11313,"date":"2020-11-27T09:15:57","date_gmt":"2020-11-27T09:15:57","guid":{"rendered":"https:\/\/www.welovecycling.com\/pl\/?p=11313"},"modified":"2020-11-26T14:10:30","modified_gmt":"2020-11-26T14:10:30","slug":"wskazowki-i-inspiracje-od-entuzjastki-bikepackingu","status":"publish","type":"post","link":"https:\/\/www.welovecycling.com\/pl\/2020\/11\/27\/wskazowki-i-inspiracje-od-entuzjastki-bikepackingu\/","title":{"rendered":"Wskaz\u00f3wki i inspiracje od entuzjastki bikepackingu"},"content":{"rendered":"<p><strong>\u201eJestem podekscytowana tym, \u017ce mog\u0119 si\u0119 rozwija\u0107, nabiera\u0107 pewno\u015bci siebie i dojecha\u0107 jeszcze dalej\u201d.<\/strong><\/p>\n<p>Wielu z nas odkrywa obecnie prawdziwe znaczenie tego, co to znaczy by\u0107 swoim najlepszym przyjacielem, zdecydowanie ro\u015bnie zatem liczba wycieczek rowerowych w pojedynk\u0119. Trudno sobie wyobrazi\u0107 aktywno\u015b\u0107 lepiej pasuj\u0105c\u0105 do czas\u00f3w, w kt\u00f3rych \u017cyjemy. Sklepy sportowe na ca\u0142ym \u015bwiecie odnotowa\u0142y znaczny wzrost liczby klient\u00f3w poszukuj\u0105cych sprz\u0119tu niezb\u0119dnego do samodzielnego prze\u017cywania przyg\u00f3d.<\/p>\n<figure id=\"attachment_179840\" aria-describedby=\"caption-attachment-179840\" style=\"width: 1024px\" class=\"wp-caption alignnone\"><img loading=\"lazy\" decoding=\"async\" class=\"initial loaded wp-image-179840 size-large\" src=\"https:\/\/d2p6e6u75xmxt8.cloudfront.net\/2\/2020\/10\/trip7-1-1024x849.jpg\" sizes=\"auto, (max-width: 1024px) 100vw, 1024px\" srcset=\"https:\/\/d2p6e6u75xmxt8.cloudfront.net\/2\/2020\/10\/trip7-1-1024x849.jpg 1024w, https:\/\/d2p6e6u75xmxt8.cloudfront.net\/2\/2020\/10\/trip7-1-300x249.jpg 300w, https:\/\/d2p6e6u75xmxt8.cloudfront.net\/2\/2020\/10\/trip7-1-768x637.jpg 768w, https:\/\/d2p6e6u75xmxt8.cloudfront.net\/2\/2020\/10\/trip7-1.jpg 1440w\" alt=\"Trip\" width=\"1024\" height=\"849\" data-was-processed=\"true\" \/><figcaption id=\"caption-attachment-179840\" class=\"wp-caption-text\">\u00a9 Emilie Hauss<\/figcaption><\/figure>\n<p>Jednak dla wielu z nas wyobra\u017cenie sobie samotnej kilkudniowej wyprawy przez dzikie tereny wywo\u0142uje mieszank\u0119 ekscytacji i strachu. Podczas takiej podr\u00f3\u017cy polega si\u0119 wy\u0142\u0105cznie na sobie i swoim rowerze, wi\u0119c trzeba si\u0119 do tego porz\u0105dnie przygotowa\u0107 oraz dobrze zaplanowa\u0107 ca\u0142\u0105 eskapad\u0119. Zw\u0142aszcza je\u015bli cel i trasa s\u0105 ambitne. Jednak mi\u0142o\u015bnik\u00f3w rower\u00f3w to nie zniech\u0119ca, a niekt\u00f3rzy z nich w\u0142a\u015bnie teraz po raz pierwszy w \u017cyciu odkrywaj\u0105 wolno\u015b\u0107, jak\u0105 daje bikepacking. Ch\u0119tnie dziel\u0105 si\u0119 te\u017c swoj\u0105 nowo odkryt\u0105 pasj\u0105.<\/p>\n<p>Emilie Hauss z Montrealu jest jedn\u0105 z takich os\u00f3b. Projektantka czapek rowerowych i pracowniczka sklepu rowerowego, a przede wszystkim utalentowana kolarka niedawno odby\u0142a sw\u00f3j pierwszy bikepacking. Przez ograniczone mo\u017cliwo\u015bci podr\u00f3\u017cowania i jednoczesn\u0105 ch\u0119\u0107 ucieczki z miasta zdecydowa\u0142a si\u0119 osi\u0105gn\u0105\u0107 co\u015b wi\u0119cej na swoim rowerze. Ma ju\u017c za sob\u0105 kilka wycieczek i z przyjemno\u015bci\u0105 planuje kolejne. Porozmawiali\u015bmy z ni\u0105 o umiej\u0119tno\u015bciach, kt\u00f3rych potrzeba, \u017ceby wyruszy\u0107 w pojedynk\u0119. Emilie opowiedzia\u0142a nam, jak wybra\u0107 odpowiedni rower, dlaczego tak cenne s\u0105 suche skarpetki oraz dlaczego oderwanie si\u0119 od bie\u017c\u0105cej sytuacji by\u0142o dla niej czym\u015b wspania\u0142ym.<\/p>\n<figure id=\"attachment_179839\" aria-describedby=\"caption-attachment-179839\" style=\"width: 960px\" class=\"wp-caption alignnone\"><img loading=\"lazy\" decoding=\"async\" class=\"loading wp-image-179839 size-full\" src=\"https:\/\/d2p6e6u75xmxt8.cloudfront.net\/2\/2020\/10\/trip2-1.jpg\" sizes=\"auto, (max-width: 960px) 100vw, 960px\" srcset=\"https:\/\/d2p6e6u75xmxt8.cloudfront.net\/2\/2020\/10\/trip2-1.jpg 960w, https:\/\/d2p6e6u75xmxt8.cloudfront.net\/2\/2020\/10\/trip2-1-300x234.jpg 300w, https:\/\/d2p6e6u75xmxt8.cloudfront.net\/2\/2020\/10\/trip2-1-768x600.jpg 768w\" alt=\"Bikepacking\" width=\"960\" height=\"750\" data-was-processed=\"true\" \/><figcaption id=\"caption-attachment-179839\" class=\"wp-caption-text\">\u00a9 Emilie Hauss<\/figcaption><\/figure>\n<p><strong>Zanim przejdziemy do Twojej nowej pasji, bikepackingu, opowiedz, jak zacz\u0119\u0142a si\u0119 Twoja przygoda z kolarstwem i jak ewoluowa\u0142a Twoja mi\u0142o\u015b\u0107 do tego sportu.<\/strong><\/p>\n<p>Oko\u0142o 13 lat temu zacz\u0119\u0142am doje\u017cd\u017ca\u0107 do szko\u0142y rowerem. Od razu si\u0119 wci\u0105gn\u0119\u0142am i wkr\u00f3tce do\u0142\u0105czy\u0142am do moich przyjaci\u00f3\u0142, z kt\u00f3rymi bra\u0142am udzia\u0142 w ma\u0142ych wy\u015bcigach. Szybko si\u0119 rozwija\u0142am i wkr\u00f3tce uczestniczy\u0142am ju\u017c w oficjalnych zawodach organizowanych przez FQSC (F\u00e9d\u00e9rarion Qu\u00e9b\u00e9coise des Sports Cyclistes). Zach\u0119cono mnie, \u017cebym do\u0142\u0105czy\u0142a do zespo\u0142u Bikurious Racing Collective i wyst\u0105pi\u0142a w prawdziwym wy\u015bcigu szosowym. W moich pierwszych zawodach zaj\u0119\u0142am 10. miejsce \u2013 to nie\u017ale jak na nowicjusza.<\/p>\n<p>Ostatni rok by\u0142 dla mnie najlepszy, je\u015bli chodzi o wy\u015bcigi. Podj\u0119\u0142am odwa\u017cne dzia\u0142ania oraz mia\u0142am szcz\u0119\u015bcie, \u017ce m\u00f3j zesp\u00f3\u0142 wspiera\u0142 mnie w 100%. Ciesz\u0119 si\u0119, \u017ce przez ca\u0142y sezon zajmowa\u0142am miejsca na podium.<\/p>\n<figure id=\"attachment_179841\" aria-describedby=\"caption-attachment-179841\" style=\"width: 1024px\" class=\"wp-caption alignnone\"><img loading=\"lazy\" decoding=\"async\" class=\"loading wp-image-179841 size-full\" src=\"https:\/\/d2p6e6u75xmxt8.cloudfront.net\/2\/2020\/10\/trip8-1.jpg\" sizes=\"auto, (max-width: 1024px) 100vw, 1024px\" srcset=\"https:\/\/d2p6e6u75xmxt8.cloudfront.net\/2\/2020\/10\/trip8-1.jpg 1024w, https:\/\/d2p6e6u75xmxt8.cloudfront.net\/2\/2020\/10\/trip8-1-300x236.jpg 300w, https:\/\/d2p6e6u75xmxt8.cloudfront.net\/2\/2020\/10\/trip8-1-768x605.jpg 768w\" alt=\"Bikepacking trip\" width=\"1024\" height=\"806\" data-was-processed=\"true\" \/><figcaption id=\"caption-attachment-179841\" class=\"wp-caption-text\">\u00a9 Emilie Hauss<\/figcaption><\/figure>\n<p><strong>To cudownie! Wida\u0107, \u017ce jazda na rowerze stanowi\u0142a ju\u017c od jakiego\u015b czasu du\u017c\u0105 cz\u0119\u015bci\u0105 Twojego \u017cycia, ale co sprawi\u0142o, \u017ce w ko\u0144cu zdecydowa\u0142a\u015b si\u0119 wybra\u0107 na bikepacking?<\/strong><\/p>\n<p>Zwykle pracuj\u0119 w weekendy w sklepie rowerowym, wi\u0119c wszyscy moi znajomi byli wtedy na wycieczkach rowerowych, a ja nie mog\u0142am do nich do\u0142\u0105czy\u0107. Jesieni\u0105 szef przypomnia\u0142 mi, \u017ce mam tydzie\u0144 urlopu, kt\u00f3ry musz\u0119 jak najszybciej wykorzysta\u0107. Od razu pomy\u015bla\u0142am o bikepackingu. Tego samego dnia los si\u0119 do mnie u\u015bmiechn\u0105\u0142. Kolega mija\u0142 akurat m\u00f3j sklep rowerowy, gdy wychodzi\u0142am z pracy. Opowiedzia\u0142am mu o swoim pomy\u015ble, a on zaproponowa\u0142 mi po\u017cyczenie cz\u0119\u015bci swojego sprz\u0119tu. Plan by\u0142 gotowy.<\/p>\n<p>Poleci\u0142 mi tras\u0119 na bikepacking.ca, kt\u00f3ra wygl\u0105da\u0142a ekscytuj\u0105co. Zmodyfikowa\u0142am j\u0105 troch\u0119, \u017ceby m\u00f3c obozowa\u0107 w dw\u00f3ch r\u00f3\u017cnych miejscach, i zacz\u0119\u0142am zbiera\u0107 ekwipunek. Na szcz\u0119\u015bcie mog\u0142am po\u017cyczy\u0107 od znajomych prawie wszystko, czego potrzebowa\u0142am (torby, sprz\u0119t biwakowy, karimat\u0119, \u015bpiw\u00f3r, bojler i akumulatory). Wkr\u00f3tce by\u0142am gotowa na <u>przygody w pojedynk\u0119<\/u>. To potoczy\u0142o si\u0119 bardzo szybko, ale powiedzia\u0142am sobie, \u017ce mam wszystko, czego potrzebuj\u0119, wi\u0119c czas ruszy\u0107 w drog\u0119!<\/p>\n<figure id=\"attachment_179847\" aria-describedby=\"caption-attachment-179847\" style=\"width: 960px\" class=\"wp-caption alignnone\"><img loading=\"lazy\" decoding=\"async\" class=\"loaded wp-image-179847 size-full\" src=\"https:\/\/d2p6e6u75xmxt8.cloudfront.net\/2\/2020\/10\/trip3-2-1.jpg\" sizes=\"auto, (max-width: 960px) 100vw, 960px\" srcset=\"https:\/\/d2p6e6u75xmxt8.cloudfront.net\/2\/2020\/10\/trip3-2-1.jpg 960w, https:\/\/d2p6e6u75xmxt8.cloudfront.net\/2\/2020\/10\/trip3-2-1-300x255.jpg 300w, https:\/\/d2p6e6u75xmxt8.cloudfront.net\/2\/2020\/10\/trip3-2-1-768x654.jpg 768w\" alt=\"Bike\" width=\"960\" height=\"817\" data-was-processed=\"true\" \/><figcaption id=\"caption-attachment-179847\" class=\"wp-caption-text\">\u00a9 Emilie Hauss<\/figcaption><\/figure>\n<p><strong>Czasami to najlepszy spos\u00f3b na zrobienie czego\u015b. Jak planowanie samodzielnej wyprawy r\u00f3\u017cni\u0142o si\u0119 od innych rowerowych wyzwa\u0144?<\/strong><\/p>\n<p>Jestem przyzwyczajona do planowania 150-kilometrowych przeja\u017cd\u017cek, wi\u0119c wiedzia\u0142am, co zabra\u0107 do jedzenia i kiedy je\u015b\u0107. Mia\u0142am wszystko, czego potrzebowa\u0142am, \u017ceby nie pa\u015b\u0107 ze zm\u0119czenia. Ale bycie zupe\u0142nie sam\u0105 przez trzy dni by\u0142o czym\u015b zupe\u0142nie nowym. Mia\u0142am wsparcie ze strony moich przyjaci\u00f3\u0142, kt\u00f3rzy powiedzieli mi, co musz\u0119 koniecznie spakowa\u0107, ale by\u0142am te\u017c ograniczona tym, co zmie\u015bci si\u0119 w moich \u201elekko spakowanych\u201d sakwach. Jedna wskaz\u00f3wka: we\u017a ze sob\u0105 sznurowad\u0142o! Pasek w jednej z moich sakw p\u0119k\u0142 pierwszego dnia i sznur\u00f3wka pozwoli\u0142a mi na dalsz\u0105 podr\u00f3\u017c.<\/p>\n<p>Generalnie wzi\u0119\u0142am absolutne minimum i nie przejmowa\u0142am si\u0119 noszeniem tych samych ubra\u0144 przez kilka dni \u2013 z wyj\u0105tkiem skarpet! Je\u015bli chodzi o suche skarpetki, nigdy nie b\u0119d\u0119 si\u0119 ogranicza\u0107. Najwa\u017cniejsze by\u0142o dla mnie, \u017ceby zarezerwowa\u0107 miejsce na kempingu i dotrze\u0107 do niego, zanim si\u0119 \u015bciemni. To by\u0142 m\u00f3j g\u0142\u00f3wny cel.<\/p>\n<figure id=\"attachment_179842\" aria-describedby=\"caption-attachment-179842\" style=\"width: 1024px\" class=\"wp-caption alignnone\"><img loading=\"lazy\" decoding=\"async\" class=\"loading wp-image-179842 size-large\" src=\"https:\/\/d2p6e6u75xmxt8.cloudfront.net\/2\/2020\/10\/trip10-1-1024x828.jpg\" sizes=\"auto, (max-width: 1024px) 100vw, 1024px\" srcset=\"https:\/\/d2p6e6u75xmxt8.cloudfront.net\/2\/2020\/10\/trip10-1-1024x828.jpg 1024w, https:\/\/d2p6e6u75xmxt8.cloudfront.net\/2\/2020\/10\/trip10-1-300x243.jpg 300w, https:\/\/d2p6e6u75xmxt8.cloudfront.net\/2\/2020\/10\/trip10-1-768x621.jpg 768w, https:\/\/d2p6e6u75xmxt8.cloudfront.net\/2\/2020\/10\/trip10-1.jpg 1440w\" alt=\"Woods\" width=\"1024\" height=\"828\" data-was-processed=\"true\" \/><figcaption id=\"caption-attachment-179842\" class=\"wp-caption-text\">\u00a9 Emilie Hauss<\/figcaption><\/figure>\n<p><strong>Czego opr\u00f3cz jazdy w ciemno\u015bci obawia\u0142a\u015b si\u0119 przed podr\u00f3\u017c\u0105?<\/strong><\/p>\n<p>Najbardziej ba\u0142am si\u0119 bycia sam\u0105. Na pocz\u0105tku szuka\u0142am towarzysza do podr\u00f3\u017cy, ale poniewa\u017c planowa\u0142am j\u0105 z uwzgl\u0119dnieniem pogody, op\u00f3\u017ani\u0142o to m\u00f3j wyjazd o kilka dni i zda\u0142am sobie spraw\u0119, \u017ce jad\u0119 sama albo wcale.<\/p>\n<p>Nie by\u0142am te\u017c pewna, kt\u00f3ry rower wybra\u0107. Czy m\u00f3j rower prze\u0142ajowy, kt\u00f3ry w\u0142a\u015bnie zmodyfikowa\u0142am za pomoc\u0105 grubszych opon szutrowych, ale kt\u00f3ry by\u0142 bardziej dostosowany do wy\u015bcig\u00f3w? A mo\u017ce twardy ogon, kt\u00f3ry mia\u0142 grube opony i by\u0142 bardziej g\u00f3ralem? Sprawdzi\u0142am wzniesienia na trasie i zdecydowa\u0142am si\u0119 na ten drugi, aby by\u0142o \u0142atwiej si\u0119 wspina\u0107. M\u00f3j plan obejmowa\u0142 mi\u0119dzy innymi pokonanie 20-kilometrowego odcinka terenowego, kt\u00f3ry by\u0142 w zasadzie jedn\u0105 wielk\u0105 piaskownic\u0105 ze ska\u0142ami dooko\u0142a \u2013 by\u0142 niezwykle trudny do jazdy. Podsumowuj\u0105c, by\u0142am BARDZO zadowolona, \u017ce wzi\u0119\u0142am twardy ogon.<\/p>\n<figure id=\"attachment_179844\" aria-describedby=\"caption-attachment-179844\" style=\"width: 953px\" class=\"wp-caption alignnone\"><img loading=\"lazy\" decoding=\"async\" class=\"loading wp-image-179844 size-full\" src=\"https:\/\/d2p6e6u75xmxt8.cloudfront.net\/2\/2020\/10\/trip1-1.jpg\" sizes=\"auto, (max-width: 953px) 100vw, 953px\" srcset=\"https:\/\/d2p6e6u75xmxt8.cloudfront.net\/2\/2020\/10\/trip1-1.jpg 953w, https:\/\/d2p6e6u75xmxt8.cloudfront.net\/2\/2020\/10\/trip1-1-300x237.jpg 300w, https:\/\/d2p6e6u75xmxt8.cloudfront.net\/2\/2020\/10\/trip1-1-768x606.jpg 768w\" alt=\"Trip\" width=\"953\" height=\"752\" data-was-processed=\"true\" \/><figcaption id=\"caption-attachment-179844\" class=\"wp-caption-text\">\u00a9 Emilie Hauss<\/figcaption><\/figure>\n<p>Ciesz\u0119 si\u0119, \u017ce dokona\u0142a\u015b w\u0142a\u015bciwego wyboru! A co najbardziej Ci\u0119 zaskoczy\u0142o w podr\u00f3\u017cy?<\/p>\n<p>Szczerze m\u00f3wi\u0105c, by\u0142am z siebie po prostu bardzo dumna, \u017ce robi\u0142am to sama. Jecha\u0142am swoim tempem, czasami naciskaj\u0105c ostro na peda\u0142, a czasami spokojnie, gdy czu\u0142am si\u0119 zm\u0119czona. Nie musia\u0142am czeka\u0107 na innych i po prostu cieszy\u0142am si\u0119 jazd\u0105. S\u0142ucha\u0142am muzyki, my\u015bla\u0142am o przysz\u0142ych projektach, \u015bpiewa\u0142am\u2026 by\u0142o super!<\/p>\n<p><strong>Brzmi wspaniale. Czy masz jak\u0105\u015b rad\u0119 dla tych, kt\u00f3rzy chc\u0105 wyruszy\u0107 na sw\u00f3j pierwszy bikepacking?<\/strong><\/p>\n<p>Wa\u017cna kwestia: je\u015bli chcesz jecha\u0107 sam, musisz umie\u0107 naprawi\u0107 rower. Nie b\u00f3j si\u0119 ubrudzi\u0107 i spoci\u0107 \u2013 i tak jeste\u015b sam, wi\u0119c kogo to obchodzi. I jeszcze jedno: we\u017a ze sob\u0105 chusteczki dla niemowl\u0105t. Rano zast\u0105pi\u0105 prysznic. Zaufaj mi, to wspania\u0142e uczucie m\u00f3c si\u0119 nimi umy\u0107, gdy nie masz sk\u0105d wzi\u0105\u0107 wody!<\/p>\n<figure id=\"attachment_179843\" aria-describedby=\"caption-attachment-179843\" style=\"width: 684px\" class=\"wp-caption alignnone\"><img loading=\"lazy\" decoding=\"async\" class=\"loading wp-image-179843 size-full\" src=\"https:\/\/d2p6e6u75xmxt8.cloudfront.net\/2\/2020\/10\/trip5-1.jpg\" sizes=\"auto, (max-width: 684px) 100vw, 684px\" srcset=\"https:\/\/d2p6e6u75xmxt8.cloudfront.net\/2\/2020\/10\/trip5-1.jpg 684w, https:\/\/d2p6e6u75xmxt8.cloudfront.net\/2\/2020\/10\/trip5-1-300x244.jpg 300w\" alt=\"Bicycle\" width=\"684\" height=\"556\" data-was-processed=\"true\" \/><figcaption id=\"caption-attachment-179843\" class=\"wp-caption-text\">\u00a9 Emilie Hauss<\/figcaption><\/figure>\n<p>[podpis pod zdj\u0119ciem: ]<br \/>\nBy\u0142am mocno zdeterminowana i zdecydowa\u0142am, \u017ce chc\u0119 to zrobi\u0107. Nie \u017ca\u0142uj\u0119, bo by\u0142o to niesamowite do\u015bwiadczenie. Na pewno musisz czu\u0107 si\u0119 komfortowo w samotno\u015bci, je\u015bli masz zamiar zrobi\u0107 to, co ja. Zawsze mo\u017cesz te\u017c wybra\u0107 si\u0119 z przyjacielem lub bez towarzystwa, ale tylko na jedn\u0105 noc, dop\u00f3ki nie poczujesz si\u0119 pewniej.<\/p>\n<p><strong>Domy\u015blam si\u0119, \u017ce ju\u017c nie mo\u017cesz si\u0119 doczeka\u0107 nast\u0119pnego sezonu.<\/strong><\/p>\n<p>Tak! Je\u015bli chodzi o wy\u015bcigi, z powodu pandemii wci\u0105\u017c jest wiele niewiadomych. Na razie skupiam si\u0119 na je\u017adzie na moim nowym rowerze szutrowym i nie mog\u0119 si\u0119 doczeka\u0107 wypraw, kt\u00f3re s\u0105 przede mn\u0105. Mam ju\u017c troch\u0119 sprz\u0119tu do bikepackingu. My\u015bl\u0119, \u017ce nabior\u0119 jeszcze wi\u0119kszej pewno\u015bci siebie i zrobi\u0119 kolejny krok naprz\u00f3d. S\u0105dz\u0119, \u017ce kilka tygodni sam na sam ze sob\u0105 na rowerze by\u0142oby niesamowite, wi\u0119c zamierzam si\u0119 do tego przygotowa\u0107!<\/p>\n<p>Wielkie podzi\u0119kowania dla Emilie za podzielenie si\u0119 swoimi do\u015bwiadczeniami z bikepackingu. <u>Tutaj<\/u> mo\u017cesz \u015bledzi\u0107 wszystkie jej rowerowe przygody.<\/p>\n<p>&nbsp;<\/p>\n","protected":false},"excerpt":{"rendered":"<p>\u201eJestem podekscytowana tym, \u017ce mog\u0119 si\u0119 rozwija\u0107, nabiera\u0107 pewno\u015bci siebie i dojecha\u0107 jeszcze dalej\u201d. Wielu z nas odkrywa obecnie prawdziwe [&hellip;]<\/p>\n","protected":false},"author":125,"featured_media":11315,"comment_status":"open","ping_status":"open","sticky":false,"template":"","format":"standard","meta":{"footnotes":""},"categories":[5],"tags":[],"global-categories":[303],"class_list":["post-11313","post","type-post","status-publish","format-standard","has-post-thumbnail","hentry","category-outdoormtb","global-categories-cycling"],"yoast_head":"<!-- This site is optimized with the Yoast SEO Premium plugin v25.3 (Yoast SEO v25.9) - https:\/\/yoast.com\/wordpress\/plugins\/seo\/ -->\n<title>Wskaz\u00f3wki i inspiracje od entuzjastki bikepackingu - \u0160koda We Love Cycling - Poland<\/title>\n<meta name=\"description\" content=\"\u201eJestem podekscytowana tym, \u017ce mog\u0119 si\u0119 rozwija\u0107, nabiera\u0107 pewno\u015bci siebie i dojecha\u0107 jeszcze dalej\u201d.\" \/>\n<meta name=\"robots\" content=\"index, follow, max-snippet:-1, max-image-preview:large, max-video-preview:-1\" \/>\n<link rel=\"canonical\" href=\"https:\/\/www.welovecycling.com\/pl\/2020\/11\/27\/wskazowki-i-inspiracje-od-entuzjastki-bikepackingu\/\" \/>\n<meta property=\"og:locale\" content=\"pl_PL\" \/>\n<meta property=\"og:type\" content=\"article\" \/>\n<meta property=\"og:title\" content=\"Wskaz\u00f3wki i inspiracje od entuzjastki bikepackingu\" \/>\n<meta property=\"og:description\" content=\"\u201eJestem podekscytowana tym, \u017ce mog\u0119 si\u0119 rozwija\u0107, nabiera\u0107 pewno\u015bci siebie i dojecha\u0107 jeszcze dalej\u201d.\" \/>\n<meta property=\"og:url\" content=\"https:\/\/www.welovecycling.com\/pl\/2020\/11\/27\/wskazowki-i-inspiracje-od-entuzjastki-bikepackingu\/\" \/>\n<meta property=\"og:site_name\" content=\"\u0160koda We Love Cycling - Poland\" \/>\n<meta property=\"article:published_time\" content=\"2020-11-27T09:15:57+00:00\" \/>\n<meta property=\"og:image\" content=\"https:\/\/d2p6e6u75xmxt8.cloudfront.net\/5\/2020\/11\/bikepacking-profimedia-0410768718-cVR-1024x450-1.jpg\" \/>\n\t<meta property=\"og:image:width\" content=\"1024\" \/>\n\t<meta property=\"og:image:height\" content=\"450\" \/>\n\t<meta property=\"og:image:type\" content=\"image\/jpeg\" \/>\n<meta name=\"author\" content=\"oktawiamikulska\" \/>\n<meta name=\"twitter:card\" content=\"summary_large_image\" \/>\n<meta name=\"twitter:label1\" content=\"Written by\" \/>\n\t<meta name=\"twitter:data1\" content=\"Megan Flottorp\" \/>\n\t<meta name=\"twitter:label2\" content=\"Est. reading time\" \/>\n\t<meta name=\"twitter:data2\" content=\"7 minutes\" \/>\n<script type=\"application\/ld+json\" class=\"yoast-schema-graph\">{\"@context\":\"https:\/\/schema.org\",\"@graph\":[{\"@type\":\"WebPage\",\"@id\":\"https:\/\/www.welovecycling.com\/pl\/2020\/11\/27\/wskazowki-i-inspiracje-od-entuzjastki-bikepackingu\/\",\"url\":\"https:\/\/www.welovecycling.com\/pl\/2020\/11\/27\/wskazowki-i-inspiracje-od-entuzjastki-bikepackingu\/\",\"name\":\"Wskaz\u00f3wki i inspiracje od entuzjastki bikepackingu - \u0160koda We Love Cycling - Poland\",\"isPartOf\":{\"@id\":\"https:\/\/www.welovecycling.com\/pl\/#website\"},\"primaryImageOfPage\":{\"@id\":\"https:\/\/www.welovecycling.com\/pl\/2020\/11\/27\/wskazowki-i-inspiracje-od-entuzjastki-bikepackingu\/#primaryimage\"},\"image\":{\"@id\":\"https:\/\/www.welovecycling.com\/pl\/2020\/11\/27\/wskazowki-i-inspiracje-od-entuzjastki-bikepackingu\/#primaryimage\"},\"thumbnailUrl\":\"https:\/\/d2p6e6u75xmxt8.cloudfront.net\/5\/2020\/11\/bikepacking-profimedia-0410768718-cVR-1024x450-1.jpg\",\"datePublished\":\"2020-11-27T09:15:57+00:00\",\"author\":{\"@id\":\"https:\/\/www.welovecycling.com\/pl\/#\/schema\/person\/4a79bac7bd265aa6a35a1079d36648be\"},\"description\":\"\u201eJestem podekscytowana tym, \u017ce mog\u0119 si\u0119 rozwija\u0107, nabiera\u0107 pewno\u015bci siebie i dojecha\u0107 jeszcze dalej\u201d.\",\"breadcrumb\":{\"@id\":\"https:\/\/www.welovecycling.com\/pl\/2020\/11\/27\/wskazowki-i-inspiracje-od-entuzjastki-bikepackingu\/#breadcrumb\"},\"inLanguage\":\"pl-PL\",\"potentialAction\":[{\"@type\":\"ReadAction\",\"target\":[\"https:\/\/www.welovecycling.com\/pl\/2020\/11\/27\/wskazowki-i-inspiracje-od-entuzjastki-bikepackingu\/\"]}]},{\"@type\":\"ImageObject\",\"inLanguage\":\"pl-PL\",\"@id\":\"https:\/\/www.welovecycling.com\/pl\/2020\/11\/27\/wskazowki-i-inspiracje-od-entuzjastki-bikepackingu\/#primaryimage\",\"url\":\"https:\/\/d2p6e6u75xmxt8.cloudfront.net\/5\/2020\/11\/bikepacking-profimedia-0410768718-cVR-1024x450-1.jpg\",\"contentUrl\":\"https:\/\/d2p6e6u75xmxt8.cloudfront.net\/5\/2020\/11\/bikepacking-profimedia-0410768718-cVR-1024x450-1.jpg\",\"width\":1024,\"height\":450},{\"@type\":\"BreadcrumbList\",\"@id\":\"https:\/\/www.welovecycling.com\/pl\/2020\/11\/27\/wskazowki-i-inspiracje-od-entuzjastki-bikepackingu\/#breadcrumb\",\"itemListElement\":[{\"@type\":\"ListItem\",\"position\":1,\"name\":\"Home\",\"item\":\"https:\/\/www.welovecycling.com\/pl\/\"},{\"@type\":\"ListItem\",\"position\":2,\"name\":\"Wskaz\u00f3wki i inspiracje od entuzjastki bikepackingu\"}]},{\"@type\":\"WebSite\",\"@id\":\"https:\/\/www.welovecycling.com\/pl\/#website\",\"url\":\"https:\/\/www.welovecycling.com\/pl\/\",\"name\":\"\u0160koda We Love Cycling - Poland\",\"description\":\"\",\"potentialAction\":[{\"@type\":\"SearchAction\",\"target\":{\"@type\":\"EntryPoint\",\"urlTemplate\":\"https:\/\/www.welovecycling.com\/pl\/?s={search_term_string}\"},\"query-input\":{\"@type\":\"PropertyValueSpecification\",\"valueRequired\":true,\"valueName\":\"search_term_string\"}}],\"inLanguage\":\"pl-PL\"},{\"@type\":\"Person\",\"@id\":\"https:\/\/www.welovecycling.com\/pl\/#\/schema\/person\/4a79bac7bd265aa6a35a1079d36648be\",\"name\":\"oktawiamikulska\",\"image\":{\"@type\":\"ImageObject\",\"inLanguage\":\"pl-PL\",\"@id\":\"https:\/\/www.welovecycling.com\/pl\/#\/schema\/person\/image\/\",\"url\":\"https:\/\/secure.gravatar.com\/avatar\/b97a3f44e2de6d2f8dd358975937e49823662e12cbd810b9d1a2bff1c149e8a7?s=96&d=mm&r=g\",\"contentUrl\":\"https:\/\/secure.gravatar.com\/avatar\/b97a3f44e2de6d2f8dd358975937e49823662e12cbd810b9d1a2bff1c149e8a7?s=96&d=mm&r=g\",\"caption\":\"oktawiamikulska\"},\"url\":\"https:\/\/www.welovecycling.com\/pl\/author\/oktawiamikulska\/\"}]}<\/script>\n<!-- \/ Yoast SEO Premium plugin. -->","yoast_head_json":{"title":"Wskaz\u00f3wki i inspiracje od entuzjastki bikepackingu - \u0160koda We Love Cycling - Poland","description":"\u201eJestem podekscytowana tym, \u017ce mog\u0119 si\u0119 rozwija\u0107, nabiera\u0107 pewno\u015bci siebie i dojecha\u0107 jeszcze dalej\u201d.","robots":{"index":"index","follow":"follow","max-snippet":"max-snippet:-1","max-image-preview":"max-image-preview:large","max-video-preview":"max-video-preview:-1"},"canonical":"https:\/\/www.welovecycling.com\/pl\/2020\/11\/27\/wskazowki-i-inspiracje-od-entuzjastki-bikepackingu\/","og_locale":"pl_PL","og_type":"article","og_title":"Wskaz\u00f3wki i inspiracje od entuzjastki bikepackingu","og_description":"\u201eJestem podekscytowana tym, \u017ce mog\u0119 si\u0119 rozwija\u0107, nabiera\u0107 pewno\u015bci siebie i dojecha\u0107 jeszcze dalej\u201d.","og_url":"https:\/\/www.welovecycling.com\/pl\/2020\/11\/27\/wskazowki-i-inspiracje-od-entuzjastki-bikepackingu\/","og_site_name":"\u0160koda We Love Cycling - Poland","article_published_time":"2020-11-27T09:15:57+00:00","og_image":[{"width":1024,"height":450,"url":"https:\/\/d2p6e6u75xmxt8.cloudfront.net\/5\/2020\/11\/bikepacking-profimedia-0410768718-cVR-1024x450-1.jpg","type":"image\/jpeg"}],"author":"oktawiamikulska","twitter_card":"summary_large_image","twitter_misc":{"Written by":"Megan Flottorp","Est. reading time":"7 minutes"},"schema":{"@context":"https:\/\/schema.org","@graph":[{"@type":"WebPage","@id":"https:\/\/www.welovecycling.com\/pl\/2020\/11\/27\/wskazowki-i-inspiracje-od-entuzjastki-bikepackingu\/","url":"https:\/\/www.welovecycling.com\/pl\/2020\/11\/27\/wskazowki-i-inspiracje-od-entuzjastki-bikepackingu\/","name":"Wskaz\u00f3wki i inspiracje od entuzjastki bikepackingu - \u0160koda We Love Cycling - Poland","isPartOf":{"@id":"https:\/\/www.welovecycling.com\/pl\/#website"},"primaryImageOfPage":{"@id":"https:\/\/www.welovecycling.com\/pl\/2020\/11\/27\/wskazowki-i-inspiracje-od-entuzjastki-bikepackingu\/#primaryimage"},"image":{"@id":"https:\/\/www.welovecycling.com\/pl\/2020\/11\/27\/wskazowki-i-inspiracje-od-entuzjastki-bikepackingu\/#primaryimage"},"thumbnailUrl":"https:\/\/d2p6e6u75xmxt8.cloudfront.net\/5\/2020\/11\/bikepacking-profimedia-0410768718-cVR-1024x450-1.jpg","datePublished":"2020-11-27T09:15:57+00:00","author":{"@id":"https:\/\/www.welovecycling.com\/pl\/#\/schema\/person\/4a79bac7bd265aa6a35a1079d36648be"},"description":"\u201eJestem podekscytowana tym, \u017ce mog\u0119 si\u0119 rozwija\u0107, nabiera\u0107 pewno\u015bci siebie i dojecha\u0107 jeszcze dalej\u201d.","breadcrumb":{"@id":"https:\/\/www.welovecycling.com\/pl\/2020\/11\/27\/wskazowki-i-inspiracje-od-entuzjastki-bikepackingu\/#breadcrumb"},"inLanguage":"pl-PL","potentialAction":[{"@type":"ReadAction","target":["https:\/\/www.welovecycling.com\/pl\/2020\/11\/27\/wskazowki-i-inspiracje-od-entuzjastki-bikepackingu\/"]}]},{"@type":"ImageObject","inLanguage":"pl-PL","@id":"https:\/\/www.welovecycling.com\/pl\/2020\/11\/27\/wskazowki-i-inspiracje-od-entuzjastki-bikepackingu\/#primaryimage","url":"https:\/\/d2p6e6u75xmxt8.cloudfront.net\/5\/2020\/11\/bikepacking-profimedia-0410768718-cVR-1024x450-1.jpg","contentUrl":"https:\/\/d2p6e6u75xmxt8.cloudfront.net\/5\/2020\/11\/bikepacking-profimedia-0410768718-cVR-1024x450-1.jpg","width":1024,"height":450},{"@type":"BreadcrumbList","@id":"https:\/\/www.welovecycling.com\/pl\/2020\/11\/27\/wskazowki-i-inspiracje-od-entuzjastki-bikepackingu\/#breadcrumb","itemListElement":[{"@type":"ListItem","position":1,"name":"Home","item":"https:\/\/www.welovecycling.com\/pl\/"},{"@type":"ListItem","position":2,"name":"Wskaz\u00f3wki i inspiracje od entuzjastki bikepackingu"}]},{"@type":"WebSite","@id":"https:\/\/www.welovecycling.com\/pl\/#website","url":"https:\/\/www.welovecycling.com\/pl\/","name":"\u0160koda We Love Cycling - Poland","description":"","potentialAction":[{"@type":"SearchAction","target":{"@type":"EntryPoint","urlTemplate":"https:\/\/www.welovecycling.com\/pl\/?s={search_term_string}"},"query-input":{"@type":"PropertyValueSpecification","valueRequired":true,"valueName":"search_term_string"}}],"inLanguage":"pl-PL"},{"@type":"Person","@id":"https:\/\/www.welovecycling.com\/pl\/#\/schema\/person\/4a79bac7bd265aa6a35a1079d36648be","name":"oktawiamikulska","image":{"@type":"ImageObject","inLanguage":"pl-PL","@id":"https:\/\/www.welovecycling.com\/pl\/#\/schema\/person\/image\/","url":"https:\/\/secure.gravatar.com\/avatar\/b97a3f44e2de6d2f8dd358975937e49823662e12cbd810b9d1a2bff1c149e8a7?s=96&d=mm&r=g","contentUrl":"https:\/\/secure.gravatar.com\/avatar\/b97a3f44e2de6d2f8dd358975937e49823662e12cbd810b9d1a2bff1c149e8a7?s=96&d=mm&r=g","caption":"oktawiamikulska"},"url":"https:\/\/www.welovecycling.com\/pl\/author\/oktawiamikulska\/"}]}},"_links":{"self":[{"href":"https:\/\/www.welovecycling.com\/pl\/wp-json\/wp\/v2\/posts\/11313","targetHints":{"allow":["GET"]}}],"collection":[{"href":"https:\/\/www.welovecycling.com\/pl\/wp-json\/wp\/v2\/posts"}],"about":[{"href":"https:\/\/www.welovecycling.com\/pl\/wp-json\/wp\/v2\/types\/post"}],"author":[{"embeddable":true,"href":"https:\/\/www.welovecycling.com\/pl\/wp-json\/wp\/v2\/users\/125"}],"replies":[{"embeddable":true,"href":"https:\/\/www.welovecycling.com\/pl\/wp-json\/wp\/v2\/comments?post=11313"}],"version-history":[{"count":2,"href":"https:\/\/www.welovecycling.com\/pl\/wp-json\/wp\/v2\/posts\/11313\/revisions"}],"predecessor-version":[{"id":11316,"href":"https:\/\/www.welovecycling.com\/pl\/wp-json\/wp\/v2\/posts\/11313\/revisions\/11316"}],"wp:featuredmedia":[{"embeddable":true,"href":"https:\/\/www.welovecycling.com\/pl\/wp-json\/wp\/v2\/media\/11315"}],"wp:attachment":[{"href":"https:\/\/www.welovecycling.com\/pl\/wp-json\/wp\/v2\/media?parent=11313"}],"wp:term":[{"taxonomy":"category","embeddable":true,"href":"https:\/\/www.welovecycling.com\/pl\/wp-json\/wp\/v2\/categories?post=11313"},{"taxonomy":"post_tag","embeddable":true,"href":"https:\/\/www.welovecycling.com\/pl\/wp-json\/wp\/v2\/tags?post=11313"},{"taxonomy":"global-categories","embeddable":true,"href":"https:\/\/www.welovecycling.com\/pl\/wp-json\/wp\/v2\/global-categories?post=11313"}],"curies":[{"name":"wp","href":"https:\/\/api.w.org\/{rel}","templated":true}]}}