{"id":11306,"date":"2020-11-25T09:51:59","date_gmt":"2020-11-25T09:51:59","guid":{"rendered":"https:\/\/www.welovecycling.com\/pl\/?p=11306"},"modified":"2020-11-24T12:00:13","modified_gmt":"2020-11-24T12:00:13","slug":"czekali-na-to-ponad-sto-lat-bylo-warto","status":"publish","type":"post","link":"https:\/\/www.welovecycling.com\/pl\/2020\/11\/25\/czekali-na-to-ponad-sto-lat-bylo-warto\/","title":{"rendered":"Czekali na to ponad sto lat\u2026 By\u0142o warto!"},"content":{"rendered":"<p><strong>Kiedy\u015b recepta na sukces kolarskiego \u017c\u00f3\u0142todzioba by\u0142a taka: nieuczciwy rywal, 11 litr\u00f3w czekolady lub 6 kolet\u00f3w i 12 jajek. Dzi\u015b m\u0142odzi kolarze radz\u0105 sobie inaczej, ale po ponad 100 latach zaczynaj\u0105 rozdawa\u0107 karty na Tour de France!<\/strong><\/p>\n<p>Talent, wytrzyma\u0142o\u015b\u0107, ambicja i do\u015bwiadczenie. W kolarskim \u015bwiecie pierwsze trzy cechy ci\u0105gle s\u0105 kluczowe, ale czwart\u0105 powoli wypiera \u201em\u0142odzie\u0144cza nieprzewidywalno\u015b\u0107.\u201d<\/p>\n<p>Rok temu Wielk\u0105 P\u0119tl\u0119 wygra\u0142 22-letni Egan Bernal i wydawa\u0142o si\u0119, \u017ce pod wzgl\u0119dem wieku poprzeczk\u0119 wyni\u00f3s\u0142 na niemal nieosi\u0105galn\u0105 wysoko\u015b\u0107. Tymczasem ju\u017c podczas Tour de France 2020 przeskoczy\u0142 j\u0105 Tadej Pogacar, kt\u00f3ry w dniu zwyci\u0119stwa nie mia\u0142 jeszcze sko\u0144czonych 22 lat. Czy to oznacza, \u017ce w Wielkiej P\u0119tli nadchodzi m\u0142odo\u015b\u0107?<\/p>\n<div class=\"embed-controller-wrapper\">\n<blockquote class=\"twitter-tweet\" data-width=\"500\" data-dnt=\"true\">\n<p lang=\"en\" dir=\"ltr\">Tadej Poga\u010dar: My life is the same as before after winning Tour de France | <a href=\"https:\/\/t.co\/wxvvjmndcO\">https:\/\/t.co\/wxvvjmndcO<\/a> <a href=\"https:\/\/t.co\/HMmcVkZvZb\">pic.twitter.com\/HMmcVkZvZb<\/a><\/p>\n<p>&mdash; Cycling Weekly (@cyclingweekly) <a href=\"https:\/\/twitter.com\/cyclingweekly\/status\/1328412650519277584?ref_src=twsrc%5Etfw\">November 16, 2020<\/a><\/p><\/blockquote>\n<p><script async data-src=\"https:\/\/platform.twitter.com\/widgets.js\" charset=\"utf-8\"><\/script><\/div>\n<p>Rekord wy\u015brubowa\u0142 Henri Cornet w 1904 r., ale zrobi\u0142 to w okoliczno\u015bciach, kt\u00f3re dzi\u015b nie mia\u0142yby prawa si\u0119 wydarzy\u0107. Cornet wy\u015bcig sko\u0144czy\u0142 na pi\u0105tym miejscu w klasyfikacji generalnej. Pogratulowa\u0142 zwyci\u0119zcy \u2013 Mauricowi Garinowi, spakowa\u0142 si\u0119 i pojecha\u0142 do domu. P\u00f3\u0142 roku p\u00f3\u017aniej otrzyma\u0142 jednak wiadomo\u015b\u0107, \u017ce to on jest zwyci\u0119zc\u0105. Wysz\u0142o bowiem na jaw, \u017ce zawodnicy z miejsc 1-4 w klasyfikacji generalnej oszukiwali i po trasie przemieszczali si\u0119 nie tylko dzi\u0119ki sile n\u00f3g, ale r\u00f3wnie\u017c poci\u0105gami. Oszust\u00f3w wi\u0119c zdyskwalifikowano, zweryfikowano wyniki i zwyci\u0119stwo przypad\u0142o Cornetowi, kt\u00f3ry jeszcze kilka miesi\u0119cy wcze\u015bniej by\u0142 absolutnym amatorem, a w dniu triumfu mia\u0142 zaledwie 19 lat, 11 miesi\u0119cy i 20 dni!<\/p>\n<p>A \u017ceby by\u0142o jeszcze bardziej spektakularnie, to Cornet do mety dojecha\u0142 dzi\u0119ki 11 litrom gor\u0105cej czekolady, 4 litrom herbaty, jednemu szampanowi oraz 1,5-kilogramowej porcji puddingu ry\u017cowego, kt\u00f3re wrzuci\u0142 w siebie w ci\u0105gu\u2026 jednego dnia!<\/p>\n<p>Porz\u0105dny posi\u0142ek najwyra\u017aniej sprzyja\u0142 m\u0142odym zawodnikom na pocz\u0105tku XX wieku, bo Francois Faber przed startem potrafi\u0142 zje\u015b\u0107 sze\u015b\u0107 kotlet\u00f3w oraz omlet z 12 jajek. Efekt? Wygra\u0142 Tour de France w 1909 r., maj\u0105c 22 lata. Dzi\u015b taka wygrana r\u00f3wnie\u017c by nie przesz\u0142a, bo kolarzy mierz\u0105cych 178 cm, a przy tym wa\u017c\u0105cych a\u017c 90 kg w peletonie ju\u017c po prostu nie ma.<\/p>\n<div class=\"embed-controller-wrapper\">\n<blockquote class=\"twitter-tweet\" data-width=\"500\" data-dnt=\"true\">\n<p lang=\"fr\" dir=\"ltr\">Les premiers coups de p\u00e9dales du Tour de France 1909. On reconna\u00eet notamment Henri Cornet (2e \u00e0 g.) et Fran\u00e7ois Faber (\u00e0 droite). <a href=\"https:\/\/t.co\/PzXQ3McVnZ\">pic.twitter.com\/PzXQ3McVnZ<\/a><\/p>\n<p>&mdash; David Gu\u00e9nel (@davidguenel) <a href=\"https:\/\/twitter.com\/davidguenel\/status\/1164801948740182016?ref_src=twsrc%5Etfw\">August 23, 2019<\/a><\/p><\/blockquote>\n<p><script async data-src=\"https:\/\/platform.twitter.com\/widgets.js\" charset=\"utf-8\"><\/script><\/div>\n<p>Tak samo, jak wydawa\u0142o si\u0119, \u017ce nie ma ju\u017c zawodnik\u00f3w, kt\u00f3rzy b\u0119d\u0105 w stanie wygra\u0107 Tour de France w tak m\u0142odym wieku jak Faber, o Cornetcie nie wspominaj\u0105c. A jednak! Trendy w Wielkiej P\u0119tli najwyra\u017aniej si\u0119 zmieniaj\u0105, bo do g\u0142osu dochodz\u0105 coraz m\u0142odsi zawodnicy.<\/p>\n<p>W poprzednim roku Tour de France wygra\u0142 Egan Bernal, kt\u00f3ry by\u0142 o zaledwie dziewi\u0119\u0107 dni starszy od Fabera. W\u00f3wczas nie brakowa\u0142o jednak g\u0142os\u00f3w, \u017ce to tylko m\u0142odzie\u0144czy wyskok, kt\u00f3ry zdarza si\u0119 raz na 100 lat. Po tegorocznym Tour de France zacz\u0119to jednak stawia\u0107 pytanie, czy m\u0142odzi zawodnicy nie zaczynaj\u0105 przejmowa\u0107 panowania w peletonie.<\/p>\n<p>Wszystko za spraw\u0105 zwyci\u0119zcy Tadeja Pogacara, kt\u00f3ry na Polach Elizejskich \u015bwi\u0119towa\u0142 20 wrze\u015bnia, czyli dok\u0142adnie dzie\u0144 przed swoimi 22. urodzinami, a to oznacza, \u017ce sta\u0142 si\u0119 drugim najm\u0142odszym triumfatorem w historii Wielkiej P\u0119tli!<\/p>\n<p>&#8211; Czy dociera do mnie ta wygrana? Je\u015bli spytacie mnie za tydzie\u0144 czy miesi\u0105c, to dalej nie wiem, czy powiem \u201etak\u201d \u2013 radowa\u0142 si\u0119 na mecie Pogacar.<\/p>\n<div class=\"embed-controller-wrapper\">\n<blockquote class=\"twitter-tweet\" data-width=\"500\" data-dnt=\"true\">\n<p lang=\"en\" dir=\"ltr\">N\u00ba1<\/p>\n<p>Tadej Pogacar breaking Jumbo-Visma and the Tour de France with the most epic time-trial one could&#39;ve imagined. Overpowering everyone with distance and turning the race on it&#39;s head on the final day, giving him a debut Tour de France win \ud83c\uddeb\ud83c\uddf7\ud83c\udfc6<a href=\"https:\/\/twitter.com\/hashtag\/EchelonsTop10?src=hash&amp;ref_src=twsrc%5Etfw\">#EchelonsTop10<\/a> <a href=\"https:\/\/t.co\/sudTggAmxL\">pic.twitter.com\/sudTggAmxL<\/a><\/p>\n<p>&mdash; R\u00faben Silva (@EchelonsHub) <a href=\"https:\/\/twitter.com\/EchelonsHub\/status\/1328047616181952512?ref_src=twsrc%5Etfw\">November 15, 2020<\/a><\/p><\/blockquote>\n<p><script async data-src=\"https:\/\/platform.twitter.com\/widgets.js\" charset=\"utf-8\"><\/script><\/div>\n<p>Czy m\u0142odzi p\u00f3jd\u0105 jeszcze krok dalej i b\u0119d\u0105 rozdawa\u0107 karty tak\u017ce w przysz\u0142ym roku? A mo\u017ce do\u015bwiadczeni kolarze ju\u017c dali im si\u0119 wyszumie\u0107 i wszystko zn\u00f3w zacznie si\u0119 toczy\u0107 tak, jak przez ostatnich 100 lat? Tego dowiemy si\u0119 w dniach 26 czerwca &#8211; 18 lipca 2021 r., gdy zostanie rozegrany kolejny, ju\u017c 108. Tour de France.<\/p>\n<p><span data-sheets-value=\"{&quot;1&quot;:2,&quot;2&quot;:&quot;Artyku\u0142 powsta\u0142 we wsp\u00f3\u0142pracy ze skoda-auto.pl&quot;}\" data-sheets-userformat=\"{&quot;2&quot;:1,&quot;3&quot;:{&quot;1&quot;:0}}\" data-sheets-hyperlink=\"http:\/\/www.skoda-auto.pl\/\"><a class=\"in-cell-link\" href=\"http:\/\/www.skoda-auto.pl\/\" target=\"_blank\" rel=\"noopener noreferrer\">Artyku\u0142 powsta\u0142 we wsp\u00f3\u0142pracy ze skoda-auto.pl<\/a><\/span><\/p>\n<p>&nbsp;<\/p>\n<p><a href=\"https:\/\/www.skoda-auto.pl\/modele\/karoq\"><img loading=\"lazy\" decoding=\"async\" class=\"aligncenter wp-image-9609 size-full loading\" src=\"https:\/\/d2p6e6u75xmxt8.cloudfront.net\/5\/2019\/08\/baner_WLC_640x350_4.png\" sizes=\"auto, (max-width: 640px) 100vw, 640px\" srcset=\"https:\/\/d2p6e6u75xmxt8.cloudfront.net\/5\/2019\/08\/baner_WLC_640x350_4.png 640w, https:\/\/d2p6e6u75xmxt8.cloudfront.net\/5\/2019\/08\/baner_WLC_640x350_4-300x164.png 300w\" alt=\"\" width=\"640\" height=\"350\" data-was-processed=\"true\" \/>\u00a0<\/a><\/p>\n<p>&nbsp;<\/p>\n<p>&nbsp;<\/p>\n","protected":false},"excerpt":{"rendered":"<p>Kiedy\u015b recepta na sukces kolarskiego \u017c\u00f3\u0142todzioba by\u0142a taka: nieuczciwy rywal, 11 litr\u00f3w czekolady lub 6 kolet\u00f3w i 12 jajek. Dzi\u015b [&hellip;]<\/p>\n","protected":false},"author":125,"featured_media":11307,"comment_status":"open","ping_status":"open","sticky":false,"template":"","format":"standard","meta":{"footnotes":""},"categories":[321],"tags":[],"global-categories":[303],"class_list":["post-11306","post","type-post","status-publish","format-standard","has-post-thumbnail","hentry","category-tour-de-france-2020","global-categories-cycling"],"yoast_head":"<!-- This site is optimized with the Yoast SEO Premium plugin v25.3 (Yoast SEO v25.9) - https:\/\/yoast.com\/wordpress\/plugins\/seo\/ -->\n<title>Czekali na to ponad sto lat\u2026 By\u0142o warto! - \u0160koda We Love Cycling - Poland<\/title>\n<meta name=\"description\" content=\"Kiedy\u015b recepta na sukces kolarskiego \u017c\u00f3\u0142todzioba by\u0142a taka: nieuczciwy rywal, 11 litr\u00f3w czekolady lub 6 kolet\u00f3w i 12 jajek. Dzi\u015b m\u0142odzi kolarze radz\u0105 sobie inaczej, ale po ponad 100 latach zaczynaj\u0105 rozdawa\u0107 karty na Tour de France!\" \/>\n<meta name=\"robots\" content=\"index, follow, max-snippet:-1, max-image-preview:large, max-video-preview:-1\" \/>\n<link rel=\"canonical\" href=\"https:\/\/www.welovecycling.com\/pl\/2020\/11\/25\/czekali-na-to-ponad-sto-lat-bylo-warto\/\" \/>\n<meta property=\"og:locale\" content=\"pl_PL\" \/>\n<meta property=\"og:type\" content=\"article\" \/>\n<meta property=\"og:title\" content=\"Czekali na to ponad sto lat\u2026 By\u0142o warto!\" \/>\n<meta property=\"og:description\" content=\"Kiedy\u015b recepta na sukces kolarskiego \u017c\u00f3\u0142todzioba by\u0142a taka: nieuczciwy rywal, 11 litr\u00f3w czekolady lub 6 kolet\u00f3w i 12 jajek. Dzi\u015b m\u0142odzi kolarze radz\u0105 sobie inaczej, ale po ponad 100 latach zaczynaj\u0105 rozdawa\u0107 karty na Tour de France!\" \/>\n<meta property=\"og:url\" content=\"https:\/\/www.welovecycling.com\/pl\/2020\/11\/25\/czekali-na-to-ponad-sto-lat-bylo-warto\/\" \/>\n<meta property=\"og:site_name\" content=\"\u0160koda We Love Cycling - Poland\" \/>\n<meta property=\"article:published_time\" content=\"2020-11-25T09:51:59+00:00\" \/>\n<meta property=\"og:image\" content=\"https:\/\/d2p6e6u75xmxt8.cloudfront.net\/5\/2020\/11\/pogacar-profimedia-0558970827-CVR.jpg\" \/>\n\t<meta property=\"og:image:width\" content=\"1366\" \/>\n\t<meta property=\"og:image:height\" content=\"600\" \/>\n\t<meta property=\"og:image:type\" content=\"image\/jpeg\" \/>\n<meta name=\"author\" content=\"oktawiamikulska\" \/>\n<meta name=\"twitter:card\" content=\"summary_large_image\" \/>\n<meta name=\"twitter:label1\" content=\"Written by\" \/>\n\t<meta name=\"twitter:data1\" content=\"Piotr Nowik\" \/>\n\t<meta name=\"twitter:label2\" content=\"Est. reading time\" \/>\n\t<meta name=\"twitter:data2\" content=\"3 minutes\" \/>\n<script type=\"application\/ld+json\" class=\"yoast-schema-graph\">{\"@context\":\"https:\/\/schema.org\",\"@graph\":[{\"@type\":\"WebPage\",\"@id\":\"https:\/\/www.welovecycling.com\/pl\/2020\/11\/25\/czekali-na-to-ponad-sto-lat-bylo-warto\/\",\"url\":\"https:\/\/www.welovecycling.com\/pl\/2020\/11\/25\/czekali-na-to-ponad-sto-lat-bylo-warto\/\",\"name\":\"Czekali na to ponad sto lat\u2026 By\u0142o warto! - \u0160koda We Love Cycling - Poland\",\"isPartOf\":{\"@id\":\"https:\/\/www.welovecycling.com\/pl\/#website\"},\"primaryImageOfPage\":{\"@id\":\"https:\/\/www.welovecycling.com\/pl\/2020\/11\/25\/czekali-na-to-ponad-sto-lat-bylo-warto\/#primaryimage\"},\"image\":{\"@id\":\"https:\/\/www.welovecycling.com\/pl\/2020\/11\/25\/czekali-na-to-ponad-sto-lat-bylo-warto\/#primaryimage\"},\"thumbnailUrl\":\"https:\/\/d2p6e6u75xmxt8.cloudfront.net\/5\/2020\/11\/pogacar-profimedia-0558970827-CVR.jpg\",\"datePublished\":\"2020-11-25T09:51:59+00:00\",\"author\":{\"@id\":\"https:\/\/www.welovecycling.com\/pl\/#\/schema\/person\/4a79bac7bd265aa6a35a1079d36648be\"},\"description\":\"Kiedy\u015b recepta na sukces kolarskiego \u017c\u00f3\u0142todzioba by\u0142a taka: nieuczciwy rywal, 11 litr\u00f3w czekolady lub 6 kolet\u00f3w i 12 jajek. Dzi\u015b m\u0142odzi kolarze radz\u0105 sobie inaczej, ale po ponad 100 latach zaczynaj\u0105 rozdawa\u0107 karty na Tour de France!\",\"breadcrumb\":{\"@id\":\"https:\/\/www.welovecycling.com\/pl\/2020\/11\/25\/czekali-na-to-ponad-sto-lat-bylo-warto\/#breadcrumb\"},\"inLanguage\":\"pl-PL\",\"potentialAction\":[{\"@type\":\"ReadAction\",\"target\":[\"https:\/\/www.welovecycling.com\/pl\/2020\/11\/25\/czekali-na-to-ponad-sto-lat-bylo-warto\/\"]}]},{\"@type\":\"ImageObject\",\"inLanguage\":\"pl-PL\",\"@id\":\"https:\/\/www.welovecycling.com\/pl\/2020\/11\/25\/czekali-na-to-ponad-sto-lat-bylo-warto\/#primaryimage\",\"url\":\"https:\/\/d2p6e6u75xmxt8.cloudfront.net\/5\/2020\/11\/pogacar-profimedia-0558970827-CVR.jpg\",\"contentUrl\":\"https:\/\/d2p6e6u75xmxt8.cloudfront.net\/5\/2020\/11\/pogacar-profimedia-0558970827-CVR.jpg\",\"width\":1366,\"height\":600},{\"@type\":\"BreadcrumbList\",\"@id\":\"https:\/\/www.welovecycling.com\/pl\/2020\/11\/25\/czekali-na-to-ponad-sto-lat-bylo-warto\/#breadcrumb\",\"itemListElement\":[{\"@type\":\"ListItem\",\"position\":1,\"name\":\"Home\",\"item\":\"https:\/\/www.welovecycling.com\/pl\/\"},{\"@type\":\"ListItem\",\"position\":2,\"name\":\"Czekali na to ponad sto lat\u2026 By\u0142o warto!\"}]},{\"@type\":\"WebSite\",\"@id\":\"https:\/\/www.welovecycling.com\/pl\/#website\",\"url\":\"https:\/\/www.welovecycling.com\/pl\/\",\"name\":\"\u0160koda We Love Cycling - Poland\",\"description\":\"\",\"potentialAction\":[{\"@type\":\"SearchAction\",\"target\":{\"@type\":\"EntryPoint\",\"urlTemplate\":\"https:\/\/www.welovecycling.com\/pl\/?s={search_term_string}\"},\"query-input\":{\"@type\":\"PropertyValueSpecification\",\"valueRequired\":true,\"valueName\":\"search_term_string\"}}],\"inLanguage\":\"pl-PL\"},{\"@type\":\"Person\",\"@id\":\"https:\/\/www.welovecycling.com\/pl\/#\/schema\/person\/4a79bac7bd265aa6a35a1079d36648be\",\"name\":\"oktawiamikulska\",\"image\":{\"@type\":\"ImageObject\",\"inLanguage\":\"pl-PL\",\"@id\":\"https:\/\/www.welovecycling.com\/pl\/#\/schema\/person\/image\/\",\"url\":\"https:\/\/secure.gravatar.com\/avatar\/b97a3f44e2de6d2f8dd358975937e49823662e12cbd810b9d1a2bff1c149e8a7?s=96&d=mm&r=g\",\"contentUrl\":\"https:\/\/secure.gravatar.com\/avatar\/b97a3f44e2de6d2f8dd358975937e49823662e12cbd810b9d1a2bff1c149e8a7?s=96&d=mm&r=g\",\"caption\":\"oktawiamikulska\"},\"url\":\"https:\/\/www.welovecycling.com\/pl\/author\/oktawiamikulska\/\"}]}<\/script>\n<!-- \/ Yoast SEO Premium plugin. -->","yoast_head_json":{"title":"Czekali na to ponad sto lat\u2026 By\u0142o warto! - \u0160koda We Love Cycling - Poland","description":"Kiedy\u015b recepta na sukces kolarskiego \u017c\u00f3\u0142todzioba by\u0142a taka: nieuczciwy rywal, 11 litr\u00f3w czekolady lub 6 kolet\u00f3w i 12 jajek. Dzi\u015b m\u0142odzi kolarze radz\u0105 sobie inaczej, ale po ponad 100 latach zaczynaj\u0105 rozdawa\u0107 karty na Tour de France!","robots":{"index":"index","follow":"follow","max-snippet":"max-snippet:-1","max-image-preview":"max-image-preview:large","max-video-preview":"max-video-preview:-1"},"canonical":"https:\/\/www.welovecycling.com\/pl\/2020\/11\/25\/czekali-na-to-ponad-sto-lat-bylo-warto\/","og_locale":"pl_PL","og_type":"article","og_title":"Czekali na to ponad sto lat\u2026 By\u0142o warto!","og_description":"Kiedy\u015b recepta na sukces kolarskiego \u017c\u00f3\u0142todzioba by\u0142a taka: nieuczciwy rywal, 11 litr\u00f3w czekolady lub 6 kolet\u00f3w i 12 jajek. Dzi\u015b m\u0142odzi kolarze radz\u0105 sobie inaczej, ale po ponad 100 latach zaczynaj\u0105 rozdawa\u0107 karty na Tour de France!","og_url":"https:\/\/www.welovecycling.com\/pl\/2020\/11\/25\/czekali-na-to-ponad-sto-lat-bylo-warto\/","og_site_name":"\u0160koda We Love Cycling - Poland","article_published_time":"2020-11-25T09:51:59+00:00","og_image":[{"width":1366,"height":600,"url":"https:\/\/d2p6e6u75xmxt8.cloudfront.net\/5\/2020\/11\/pogacar-profimedia-0558970827-CVR.jpg","type":"image\/jpeg"}],"author":"oktawiamikulska","twitter_card":"summary_large_image","twitter_misc":{"Written by":"Piotr Nowik","Est. reading time":"3 minutes"},"schema":{"@context":"https:\/\/schema.org","@graph":[{"@type":"WebPage","@id":"https:\/\/www.welovecycling.com\/pl\/2020\/11\/25\/czekali-na-to-ponad-sto-lat-bylo-warto\/","url":"https:\/\/www.welovecycling.com\/pl\/2020\/11\/25\/czekali-na-to-ponad-sto-lat-bylo-warto\/","name":"Czekali na to ponad sto lat\u2026 By\u0142o warto! - \u0160koda We Love Cycling - Poland","isPartOf":{"@id":"https:\/\/www.welovecycling.com\/pl\/#website"},"primaryImageOfPage":{"@id":"https:\/\/www.welovecycling.com\/pl\/2020\/11\/25\/czekali-na-to-ponad-sto-lat-bylo-warto\/#primaryimage"},"image":{"@id":"https:\/\/www.welovecycling.com\/pl\/2020\/11\/25\/czekali-na-to-ponad-sto-lat-bylo-warto\/#primaryimage"},"thumbnailUrl":"https:\/\/d2p6e6u75xmxt8.cloudfront.net\/5\/2020\/11\/pogacar-profimedia-0558970827-CVR.jpg","datePublished":"2020-11-25T09:51:59+00:00","author":{"@id":"https:\/\/www.welovecycling.com\/pl\/#\/schema\/person\/4a79bac7bd265aa6a35a1079d36648be"},"description":"Kiedy\u015b recepta na sukces kolarskiego \u017c\u00f3\u0142todzioba by\u0142a taka: nieuczciwy rywal, 11 litr\u00f3w czekolady lub 6 kolet\u00f3w i 12 jajek. Dzi\u015b m\u0142odzi kolarze radz\u0105 sobie inaczej, ale po ponad 100 latach zaczynaj\u0105 rozdawa\u0107 karty na Tour de France!","breadcrumb":{"@id":"https:\/\/www.welovecycling.com\/pl\/2020\/11\/25\/czekali-na-to-ponad-sto-lat-bylo-warto\/#breadcrumb"},"inLanguage":"pl-PL","potentialAction":[{"@type":"ReadAction","target":["https:\/\/www.welovecycling.com\/pl\/2020\/11\/25\/czekali-na-to-ponad-sto-lat-bylo-warto\/"]}]},{"@type":"ImageObject","inLanguage":"pl-PL","@id":"https:\/\/www.welovecycling.com\/pl\/2020\/11\/25\/czekali-na-to-ponad-sto-lat-bylo-warto\/#primaryimage","url":"https:\/\/d2p6e6u75xmxt8.cloudfront.net\/5\/2020\/11\/pogacar-profimedia-0558970827-CVR.jpg","contentUrl":"https:\/\/d2p6e6u75xmxt8.cloudfront.net\/5\/2020\/11\/pogacar-profimedia-0558970827-CVR.jpg","width":1366,"height":600},{"@type":"BreadcrumbList","@id":"https:\/\/www.welovecycling.com\/pl\/2020\/11\/25\/czekali-na-to-ponad-sto-lat-bylo-warto\/#breadcrumb","itemListElement":[{"@type":"ListItem","position":1,"name":"Home","item":"https:\/\/www.welovecycling.com\/pl\/"},{"@type":"ListItem","position":2,"name":"Czekali na to ponad sto lat\u2026 By\u0142o warto!"}]},{"@type":"WebSite","@id":"https:\/\/www.welovecycling.com\/pl\/#website","url":"https:\/\/www.welovecycling.com\/pl\/","name":"\u0160koda We Love Cycling - Poland","description":"","potentialAction":[{"@type":"SearchAction","target":{"@type":"EntryPoint","urlTemplate":"https:\/\/www.welovecycling.com\/pl\/?s={search_term_string}"},"query-input":{"@type":"PropertyValueSpecification","valueRequired":true,"valueName":"search_term_string"}}],"inLanguage":"pl-PL"},{"@type":"Person","@id":"https:\/\/www.welovecycling.com\/pl\/#\/schema\/person\/4a79bac7bd265aa6a35a1079d36648be","name":"oktawiamikulska","image":{"@type":"ImageObject","inLanguage":"pl-PL","@id":"https:\/\/www.welovecycling.com\/pl\/#\/schema\/person\/image\/","url":"https:\/\/secure.gravatar.com\/avatar\/b97a3f44e2de6d2f8dd358975937e49823662e12cbd810b9d1a2bff1c149e8a7?s=96&d=mm&r=g","contentUrl":"https:\/\/secure.gravatar.com\/avatar\/b97a3f44e2de6d2f8dd358975937e49823662e12cbd810b9d1a2bff1c149e8a7?s=96&d=mm&r=g","caption":"oktawiamikulska"},"url":"https:\/\/www.welovecycling.com\/pl\/author\/oktawiamikulska\/"}]}},"_links":{"self":[{"href":"https:\/\/www.welovecycling.com\/pl\/wp-json\/wp\/v2\/posts\/11306","targetHints":{"allow":["GET"]}}],"collection":[{"href":"https:\/\/www.welovecycling.com\/pl\/wp-json\/wp\/v2\/posts"}],"about":[{"href":"https:\/\/www.welovecycling.com\/pl\/wp-json\/wp\/v2\/types\/post"}],"author":[{"embeddable":true,"href":"https:\/\/www.welovecycling.com\/pl\/wp-json\/wp\/v2\/users\/125"}],"replies":[{"embeddable":true,"href":"https:\/\/www.welovecycling.com\/pl\/wp-json\/wp\/v2\/comments?post=11306"}],"version-history":[{"count":1,"href":"https:\/\/www.welovecycling.com\/pl\/wp-json\/wp\/v2\/posts\/11306\/revisions"}],"predecessor-version":[{"id":11311,"href":"https:\/\/www.welovecycling.com\/pl\/wp-json\/wp\/v2\/posts\/11306\/revisions\/11311"}],"wp:featuredmedia":[{"embeddable":true,"href":"https:\/\/www.welovecycling.com\/pl\/wp-json\/wp\/v2\/media\/11307"}],"wp:attachment":[{"href":"https:\/\/www.welovecycling.com\/pl\/wp-json\/wp\/v2\/media?parent=11306"}],"wp:term":[{"taxonomy":"category","embeddable":true,"href":"https:\/\/www.welovecycling.com\/pl\/wp-json\/wp\/v2\/categories?post=11306"},{"taxonomy":"post_tag","embeddable":true,"href":"https:\/\/www.welovecycling.com\/pl\/wp-json\/wp\/v2\/tags?post=11306"},{"taxonomy":"global-categories","embeddable":true,"href":"https:\/\/www.welovecycling.com\/pl\/wp-json\/wp\/v2\/global-categories?post=11306"}],"curies":[{"name":"wp","href":"https:\/\/api.w.org\/{rel}","templated":true}]}}