{"id":11285,"date":"2020-11-20T15:26:29","date_gmt":"2020-11-20T15:26:29","guid":{"rendered":"https:\/\/www.welovecycling.com\/pl\/?p=11285"},"modified":"2020-11-20T15:34:19","modified_gmt":"2020-11-20T15:34:19","slug":"jazda-na-rowerze-w-kosmosie-jak-najbardziej-wskazana-studium-przypadku-misji-apollo-z-1973-roku","status":"publish","type":"post","link":"https:\/\/www.welovecycling.com\/pl\/2020\/11\/20\/jazda-na-rowerze-w-kosmosie-jak-najbardziej-wskazana-studium-przypadku-misji-apollo-z-1973-roku\/","title":{"rendered":"Jazda na rowerze w kosmosie jak najbardziej wskazana: studium przypadku misji Apollo z 1973 roku"},"content":{"rendered":"<p><strong>Mamy 1973 rok. Misja Skylab 3 powraca z udanej 59-dniowej misji w kosmosie. Trzyosobowa za\u0142oga opu\u015bci\u0142a Ziemi\u0119 w lipcu i sp\u0119dzi\u0142a prawie dwa miesi\u0105ce na pok\u0142adzie ameryka\u0144skiej stacji kosmicznej Skylab. We wrze\u015bniu Alan Bean, Owen Garriott i Jack Lousma s\u0105 entuzjastycznie witani zar\u00f3wno przez opini\u0119 publiczn\u0105, jak i naukowc\u00f3w, poniewa\u017c szcz\u0119\u015bliwie powr\u00f3cili na Ziemi\u0119. W ten spos\u00f3b podwoili \u00f3wczesny rekord pobytu cz\u0142owieka w kosmosie.<\/strong><\/p>\n<p>To, co szczeg\u00f3lnie cieszy lekarzy witaj\u0105cych za\u0142og\u0119, to fakt, \u017ce astronauci s\u0105 w zauwa\u017calnie lepszej kondycji fizycznej ni\u017c ci z poprzednich misji Skylab. Jak to mo\u017cliwe? Okazuje si\u0119, \u017ce to, co dzia\u0142a na Ziemi, dzia\u0142a r\u00f3wnie\u017c w kosmosie. Regularne \u0107wiczenia i, ku naszej ogromnej rado\u015bci, jazda na rowerze odegra\u0142y g\u0142\u00f3wn\u0105 rol\u0119 w utrzymaniu dobrego stanu zdrowia astronaut\u00f3w.<\/p>\n<p>https:\/\/www.instagram.com\/p\/B-I1Mv_p81t\/?utm_source=ig_web_copy_link<\/p>\n<h2><strong>Eksploruj kosmos, zdobywaj wiedz\u0119 i nie zapomnij o codziennej je\u017adzie na rowerze!<\/strong><\/h2>\n<p>Za\u0142oga Skylab 3 dowodzona przez Alana Beana, czwartego cz\u0142owieka w historii, kt\u00f3ry by\u0142 <u>na Ksi\u0119\u017cycu<\/u>, zosta\u0142a wybrana do udzia\u0142u w badaniach medycznych. Mia\u0142y one pom\u00f3c naukowcom zrozumie\u0107 przystosowywanie si\u0119 ludzkiego organizmu nara\u017conego na nietypowe warunki, jakie panuj\u0105 podczas lotu kosmicznego. Wa\u017cn\u0105 cech\u0105 test\u00f3w okaza\u0142y si\u0119 \u0107wiczenia. I tu przechodzimy do cz\u0119\u015bci rowerowej.<\/p>\n<p>Przez oko\u0142o godzin\u0119 dziennie cz\u0142onkowie za\u0142ogi peda\u0142owali na rowerze, aby pom\u00f3c naukowcom lepiej zrozumie\u0107 ludzk\u0105 fizjologi\u0119, przestrze\u0144 i wszech\u015bwiat. Niestety, dzia\u0142o si\u0119 to tylko wewn\u0105trz Skylabu. Szkoda, bo bardzo chcieliby\u015bmy zobaczy\u0107 zdj\u0119cia astronauty peda\u0142uj\u0105cego po orbicie. \u0106wiczenia za\u0142ogi okaza\u0142y si\u0119 bardziej statyczne i w rzeczywisto\u015bci by\u0142o to wiele rurek i urz\u0105dze\u0144 podpi\u0119tych do cia\u0142a i do roweru stacjonarnego.<\/p>\n<figure id=\"attachment_179907\" aria-describedby=\"caption-attachment-179907\" style=\"width: 1024px\" class=\"wp-caption alignnone\"><img loading=\"lazy\" decoding=\"async\" class=\"loading wp-image-179907 size-large\" src=\"https:\/\/d2p6e6u75xmxt8.cloudfront.net\/2\/2020\/10\/profimedia-0373100175-1024x676.jpg\" sizes=\"auto, (max-width: 1024px) 100vw, 1024px\" srcset=\"https:\/\/d2p6e6u75xmxt8.cloudfront.net\/2\/2020\/10\/profimedia-0373100175-1024x676.jpg 1024w, https:\/\/d2p6e6u75xmxt8.cloudfront.net\/2\/2020\/10\/profimedia-0373100175-300x198.jpg 300w, https:\/\/d2p6e6u75xmxt8.cloudfront.net\/2\/2020\/10\/profimedia-0373100175-768x507.jpg 768w, https:\/\/d2p6e6u75xmxt8.cloudfront.net\/2\/2020\/10\/profimedia-0373100175.jpg 1250w\" alt=\"Alan Bean\" width=\"1024\" height=\"676\" data-was-processed=\"true\" \/><figcaption id=\"caption-attachment-179907\" class=\"wp-caption-text\">Alan Bean w swojej kabinie do spania. \u00a9 Profimedia<\/figcaption><\/figure>\n<h2><strong>Je\u015bli b\u0119dziesz trzyma\u0107 si\u0119 swojego planu trening\u00f3w, pokonasz innych astronaut\u00f3w!<\/strong><\/h2>\n<p>Opr\u00f3cz cel\u00f3w naukowych wszystkie plany \u0107wicze\u0144 zosta\u0142y stworzone te\u017c po to, aby zapobiec nadmiernemu rozleniwieniu si\u0119 cia\u0142 astronaut\u00f3w w stanie niewa\u017cko\u015bci. Jak wykaza\u0142a seria bada\u0144 lekarskich po powrocie za\u0142ogi, ten wysi\u0142ek si\u0119 op\u0142aci\u0142.<\/p>\n<p>Nasze wnioski z tej historii s\u0105 jasne. \u0106wiczenia i jazda na rowerze s\u0142u\u017c\u0105 zdrowiu, nawet je\u015bli odbywaj\u0105 si\u0119 w najdziwniejszych i najbardziej niezwyk\u0142ych okoliczno\u015bciach. Zosta\u0142o to zweryfikowane i potwierdzone przez cz\u0142onk\u00f3w <u>NASA<\/u>. Nie wierzysz? Obejrzyj ten dokument:<\/p>\n<p>&nbsp;<\/p>\n<div class=\"embed-controller-wrapper\">\n<div class=\"embed-wrapper\"><iframe title=\"1973 THIRD MANNED MISSION SKYLAB 63534\" width=\"500\" height=\"281\" data-src=\"https:\/\/www.youtube.com\/embed\/nnB1yQ4zylY?feature=oembed\" frameborder=\"0\" allow=\"accelerometer; autoplay; clipboard-write; encrypted-media; gyroscope; picture-in-picture; web-share\" referrerpolicy=\"strict-origin-when-cross-origin\" allowfullscreen><\/iframe><\/div>\n<\/div>\n","protected":false},"excerpt":{"rendered":"<p>Mamy 1973 rok. Misja Skylab 3 powraca z udanej 59-dniowej misji w kosmosie. Trzyosobowa za\u0142oga opu\u015bci\u0142a Ziemi\u0119 w lipcu i [&hellip;]<\/p>\n","protected":false},"author":125,"featured_media":11288,"comment_status":"open","ping_status":"open","sticky":false,"template":"","format":"standard","meta":{"footnotes":""},"categories":[226,325],"tags":[],"global-categories":[303],"class_list":["post-11285","post","type-post","status-publish","format-standard","has-post-thumbnail","hentry","category-ciekawostki","category-historia","global-categories-cycling"],"yoast_head":"<!-- This site is optimized with the Yoast SEO Premium plugin v25.3 (Yoast SEO v25.9) - https:\/\/yoast.com\/wordpress\/plugins\/seo\/ -->\n<title>Jazda na rowerze w kosmosie jak najbardziej wskazana: studium przypadku misji Apollo z 1973 roku - \u0160koda We Love Cycling - Poland<\/title>\n<meta name=\"robots\" content=\"index, follow, max-snippet:-1, max-image-preview:large, max-video-preview:-1\" \/>\n<link rel=\"canonical\" href=\"https:\/\/www.welovecycling.com\/pl\/2020\/11\/20\/jazda-na-rowerze-w-kosmosie-jak-najbardziej-wskazana-studium-przypadku-misji-apollo-z-1973-roku\/\" \/>\n<meta property=\"og:locale\" content=\"pl_PL\" \/>\n<meta property=\"og:type\" content=\"article\" \/>\n<meta property=\"og:title\" content=\"Jazda na rowerze w kosmosie jak najbardziej wskazana: studium przypadku misji Apollo z 1973 roku\" \/>\n<meta property=\"og:description\" content=\"Mamy 1973 rok. Misja Skylab 3 powraca z udanej 59-dniowej misji w kosmosie. Trzyosobowa za\u0142oga opu\u015bci\u0142a Ziemi\u0119 w lipcu i [&hellip;]\" \/>\n<meta property=\"og:url\" content=\"https:\/\/www.welovecycling.com\/pl\/2020\/11\/20\/jazda-na-rowerze-w-kosmosie-jak-najbardziej-wskazana-studium-przypadku-misji-apollo-z-1973-roku\/\" \/>\n<meta property=\"og:site_name\" content=\"\u0160koda We Love Cycling - Poland\" \/>\n<meta property=\"article:published_time\" content=\"2020-11-20T15:26:29+00:00\" \/>\n<meta property=\"article:modified_time\" content=\"2020-11-20T15:34:19+00:00\" \/>\n<meta property=\"og:image\" content=\"https:\/\/d2p6e6u75xmxt8.cloudfront.net\/5\/2020\/11\/skylab-profimedia-0373100163-CVR-1024x450-1.jpg\" \/>\n\t<meta property=\"og:image:width\" content=\"1024\" \/>\n\t<meta property=\"og:image:height\" content=\"450\" \/>\n\t<meta property=\"og:image:type\" content=\"image\/jpeg\" \/>\n<meta name=\"author\" content=\"oktawiamikulska\" \/>\n<meta name=\"twitter:card\" content=\"summary_large_image\" \/>\n<meta name=\"twitter:label1\" content=\"Written by\" \/>\n\t<meta name=\"twitter:data1\" content=\"oktawiamikulska\" \/>\n\t<meta name=\"twitter:label2\" content=\"Est. reading time\" \/>\n\t<meta name=\"twitter:data2\" content=\"2 minutes\" \/>\n<script type=\"application\/ld+json\" class=\"yoast-schema-graph\">{\"@context\":\"https:\/\/schema.org\",\"@graph\":[{\"@type\":\"WebPage\",\"@id\":\"https:\/\/www.welovecycling.com\/pl\/2020\/11\/20\/jazda-na-rowerze-w-kosmosie-jak-najbardziej-wskazana-studium-przypadku-misji-apollo-z-1973-roku\/\",\"url\":\"https:\/\/www.welovecycling.com\/pl\/2020\/11\/20\/jazda-na-rowerze-w-kosmosie-jak-najbardziej-wskazana-studium-przypadku-misji-apollo-z-1973-roku\/\",\"name\":\"Jazda na rowerze w kosmosie jak najbardziej wskazana: studium przypadku misji Apollo z 1973 roku - \u0160koda We Love Cycling - Poland\",\"isPartOf\":{\"@id\":\"https:\/\/www.welovecycling.com\/pl\/#website\"},\"primaryImageOfPage\":{\"@id\":\"https:\/\/www.welovecycling.com\/pl\/2020\/11\/20\/jazda-na-rowerze-w-kosmosie-jak-najbardziej-wskazana-studium-przypadku-misji-apollo-z-1973-roku\/#primaryimage\"},\"image\":{\"@id\":\"https:\/\/www.welovecycling.com\/pl\/2020\/11\/20\/jazda-na-rowerze-w-kosmosie-jak-najbardziej-wskazana-studium-przypadku-misji-apollo-z-1973-roku\/#primaryimage\"},\"thumbnailUrl\":\"https:\/\/d2p6e6u75xmxt8.cloudfront.net\/5\/2020\/11\/skylab-profimedia-0373100163-CVR-1024x450-1.jpg\",\"datePublished\":\"2020-11-20T15:26:29+00:00\",\"dateModified\":\"2020-11-20T15:34:19+00:00\",\"author\":{\"@id\":\"https:\/\/www.welovecycling.com\/pl\/#\/schema\/person\/4a79bac7bd265aa6a35a1079d36648be\"},\"breadcrumb\":{\"@id\":\"https:\/\/www.welovecycling.com\/pl\/2020\/11\/20\/jazda-na-rowerze-w-kosmosie-jak-najbardziej-wskazana-studium-przypadku-misji-apollo-z-1973-roku\/#breadcrumb\"},\"inLanguage\":\"pl-PL\",\"potentialAction\":[{\"@type\":\"ReadAction\",\"target\":[\"https:\/\/www.welovecycling.com\/pl\/2020\/11\/20\/jazda-na-rowerze-w-kosmosie-jak-najbardziej-wskazana-studium-przypadku-misji-apollo-z-1973-roku\/\"]}]},{\"@type\":\"ImageObject\",\"inLanguage\":\"pl-PL\",\"@id\":\"https:\/\/www.welovecycling.com\/pl\/2020\/11\/20\/jazda-na-rowerze-w-kosmosie-jak-najbardziej-wskazana-studium-przypadku-misji-apollo-z-1973-roku\/#primaryimage\",\"url\":\"https:\/\/d2p6e6u75xmxt8.cloudfront.net\/5\/2020\/11\/skylab-profimedia-0373100163-CVR-1024x450-1.jpg\",\"contentUrl\":\"https:\/\/d2p6e6u75xmxt8.cloudfront.net\/5\/2020\/11\/skylab-profimedia-0373100163-CVR-1024x450-1.jpg\",\"width\":1024,\"height\":450},{\"@type\":\"BreadcrumbList\",\"@id\":\"https:\/\/www.welovecycling.com\/pl\/2020\/11\/20\/jazda-na-rowerze-w-kosmosie-jak-najbardziej-wskazana-studium-przypadku-misji-apollo-z-1973-roku\/#breadcrumb\",\"itemListElement\":[{\"@type\":\"ListItem\",\"position\":1,\"name\":\"Home\",\"item\":\"https:\/\/www.welovecycling.com\/pl\/\"},{\"@type\":\"ListItem\",\"position\":2,\"name\":\"Jazda na rowerze w kosmosie jak najbardziej wskazana: studium przypadku misji Apollo z 1973 roku\"}]},{\"@type\":\"WebSite\",\"@id\":\"https:\/\/www.welovecycling.com\/pl\/#website\",\"url\":\"https:\/\/www.welovecycling.com\/pl\/\",\"name\":\"\u0160koda We Love Cycling - Poland\",\"description\":\"\",\"potentialAction\":[{\"@type\":\"SearchAction\",\"target\":{\"@type\":\"EntryPoint\",\"urlTemplate\":\"https:\/\/www.welovecycling.com\/pl\/?s={search_term_string}\"},\"query-input\":{\"@type\":\"PropertyValueSpecification\",\"valueRequired\":true,\"valueName\":\"search_term_string\"}}],\"inLanguage\":\"pl-PL\"},{\"@type\":\"Person\",\"@id\":\"https:\/\/www.welovecycling.com\/pl\/#\/schema\/person\/4a79bac7bd265aa6a35a1079d36648be\",\"name\":\"oktawiamikulska\",\"image\":{\"@type\":\"ImageObject\",\"inLanguage\":\"pl-PL\",\"@id\":\"https:\/\/www.welovecycling.com\/pl\/#\/schema\/person\/image\/\",\"url\":\"https:\/\/secure.gravatar.com\/avatar\/b97a3f44e2de6d2f8dd358975937e49823662e12cbd810b9d1a2bff1c149e8a7?s=96&d=mm&r=g\",\"contentUrl\":\"https:\/\/secure.gravatar.com\/avatar\/b97a3f44e2de6d2f8dd358975937e49823662e12cbd810b9d1a2bff1c149e8a7?s=96&d=mm&r=g\",\"caption\":\"oktawiamikulska\"},\"url\":\"https:\/\/www.welovecycling.com\/pl\/author\/oktawiamikulska\/\"}]}<\/script>\n<!-- \/ Yoast SEO Premium plugin. -->","yoast_head_json":{"title":"Jazda na rowerze w kosmosie jak najbardziej wskazana: studium przypadku misji Apollo z 1973 roku - \u0160koda We Love Cycling - Poland","robots":{"index":"index","follow":"follow","max-snippet":"max-snippet:-1","max-image-preview":"max-image-preview:large","max-video-preview":"max-video-preview:-1"},"canonical":"https:\/\/www.welovecycling.com\/pl\/2020\/11\/20\/jazda-na-rowerze-w-kosmosie-jak-najbardziej-wskazana-studium-przypadku-misji-apollo-z-1973-roku\/","og_locale":"pl_PL","og_type":"article","og_title":"Jazda na rowerze w kosmosie jak najbardziej wskazana: studium przypadku misji Apollo z 1973 roku","og_description":"Mamy 1973 rok. Misja Skylab 3 powraca z udanej 59-dniowej misji w kosmosie. Trzyosobowa za\u0142oga opu\u015bci\u0142a Ziemi\u0119 w lipcu i [&hellip;]","og_url":"https:\/\/www.welovecycling.com\/pl\/2020\/11\/20\/jazda-na-rowerze-w-kosmosie-jak-najbardziej-wskazana-studium-przypadku-misji-apollo-z-1973-roku\/","og_site_name":"\u0160koda We Love Cycling - Poland","article_published_time":"2020-11-20T15:26:29+00:00","article_modified_time":"2020-11-20T15:34:19+00:00","og_image":[{"width":1024,"height":450,"url":"https:\/\/d2p6e6u75xmxt8.cloudfront.net\/5\/2020\/11\/skylab-profimedia-0373100163-CVR-1024x450-1.jpg","type":"image\/jpeg"}],"author":"oktawiamikulska","twitter_card":"summary_large_image","twitter_misc":{"Written by":"oktawiamikulska","Est. reading time":"2 minutes"},"schema":{"@context":"https:\/\/schema.org","@graph":[{"@type":"WebPage","@id":"https:\/\/www.welovecycling.com\/pl\/2020\/11\/20\/jazda-na-rowerze-w-kosmosie-jak-najbardziej-wskazana-studium-przypadku-misji-apollo-z-1973-roku\/","url":"https:\/\/www.welovecycling.com\/pl\/2020\/11\/20\/jazda-na-rowerze-w-kosmosie-jak-najbardziej-wskazana-studium-przypadku-misji-apollo-z-1973-roku\/","name":"Jazda na rowerze w kosmosie jak najbardziej wskazana: studium przypadku misji Apollo z 1973 roku - \u0160koda We Love Cycling - Poland","isPartOf":{"@id":"https:\/\/www.welovecycling.com\/pl\/#website"},"primaryImageOfPage":{"@id":"https:\/\/www.welovecycling.com\/pl\/2020\/11\/20\/jazda-na-rowerze-w-kosmosie-jak-najbardziej-wskazana-studium-przypadku-misji-apollo-z-1973-roku\/#primaryimage"},"image":{"@id":"https:\/\/www.welovecycling.com\/pl\/2020\/11\/20\/jazda-na-rowerze-w-kosmosie-jak-najbardziej-wskazana-studium-przypadku-misji-apollo-z-1973-roku\/#primaryimage"},"thumbnailUrl":"https:\/\/d2p6e6u75xmxt8.cloudfront.net\/5\/2020\/11\/skylab-profimedia-0373100163-CVR-1024x450-1.jpg","datePublished":"2020-11-20T15:26:29+00:00","dateModified":"2020-11-20T15:34:19+00:00","author":{"@id":"https:\/\/www.welovecycling.com\/pl\/#\/schema\/person\/4a79bac7bd265aa6a35a1079d36648be"},"breadcrumb":{"@id":"https:\/\/www.welovecycling.com\/pl\/2020\/11\/20\/jazda-na-rowerze-w-kosmosie-jak-najbardziej-wskazana-studium-przypadku-misji-apollo-z-1973-roku\/#breadcrumb"},"inLanguage":"pl-PL","potentialAction":[{"@type":"ReadAction","target":["https:\/\/www.welovecycling.com\/pl\/2020\/11\/20\/jazda-na-rowerze-w-kosmosie-jak-najbardziej-wskazana-studium-przypadku-misji-apollo-z-1973-roku\/"]}]},{"@type":"ImageObject","inLanguage":"pl-PL","@id":"https:\/\/www.welovecycling.com\/pl\/2020\/11\/20\/jazda-na-rowerze-w-kosmosie-jak-najbardziej-wskazana-studium-przypadku-misji-apollo-z-1973-roku\/#primaryimage","url":"https:\/\/d2p6e6u75xmxt8.cloudfront.net\/5\/2020\/11\/skylab-profimedia-0373100163-CVR-1024x450-1.jpg","contentUrl":"https:\/\/d2p6e6u75xmxt8.cloudfront.net\/5\/2020\/11\/skylab-profimedia-0373100163-CVR-1024x450-1.jpg","width":1024,"height":450},{"@type":"BreadcrumbList","@id":"https:\/\/www.welovecycling.com\/pl\/2020\/11\/20\/jazda-na-rowerze-w-kosmosie-jak-najbardziej-wskazana-studium-przypadku-misji-apollo-z-1973-roku\/#breadcrumb","itemListElement":[{"@type":"ListItem","position":1,"name":"Home","item":"https:\/\/www.welovecycling.com\/pl\/"},{"@type":"ListItem","position":2,"name":"Jazda na rowerze w kosmosie jak najbardziej wskazana: studium przypadku misji Apollo z 1973 roku"}]},{"@type":"WebSite","@id":"https:\/\/www.welovecycling.com\/pl\/#website","url":"https:\/\/www.welovecycling.com\/pl\/","name":"\u0160koda We Love Cycling - Poland","description":"","potentialAction":[{"@type":"SearchAction","target":{"@type":"EntryPoint","urlTemplate":"https:\/\/www.welovecycling.com\/pl\/?s={search_term_string}"},"query-input":{"@type":"PropertyValueSpecification","valueRequired":true,"valueName":"search_term_string"}}],"inLanguage":"pl-PL"},{"@type":"Person","@id":"https:\/\/www.welovecycling.com\/pl\/#\/schema\/person\/4a79bac7bd265aa6a35a1079d36648be","name":"oktawiamikulska","image":{"@type":"ImageObject","inLanguage":"pl-PL","@id":"https:\/\/www.welovecycling.com\/pl\/#\/schema\/person\/image\/","url":"https:\/\/secure.gravatar.com\/avatar\/b97a3f44e2de6d2f8dd358975937e49823662e12cbd810b9d1a2bff1c149e8a7?s=96&d=mm&r=g","contentUrl":"https:\/\/secure.gravatar.com\/avatar\/b97a3f44e2de6d2f8dd358975937e49823662e12cbd810b9d1a2bff1c149e8a7?s=96&d=mm&r=g","caption":"oktawiamikulska"},"url":"https:\/\/www.welovecycling.com\/pl\/author\/oktawiamikulska\/"}]}},"_links":{"self":[{"href":"https:\/\/www.welovecycling.com\/pl\/wp-json\/wp\/v2\/posts\/11285","targetHints":{"allow":["GET"]}}],"collection":[{"href":"https:\/\/www.welovecycling.com\/pl\/wp-json\/wp\/v2\/posts"}],"about":[{"href":"https:\/\/www.welovecycling.com\/pl\/wp-json\/wp\/v2\/types\/post"}],"author":[{"embeddable":true,"href":"https:\/\/www.welovecycling.com\/pl\/wp-json\/wp\/v2\/users\/125"}],"replies":[{"embeddable":true,"href":"https:\/\/www.welovecycling.com\/pl\/wp-json\/wp\/v2\/comments?post=11285"}],"version-history":[{"count":2,"href":"https:\/\/www.welovecycling.com\/pl\/wp-json\/wp\/v2\/posts\/11285\/revisions"}],"predecessor-version":[{"id":11302,"href":"https:\/\/www.welovecycling.com\/pl\/wp-json\/wp\/v2\/posts\/11285\/revisions\/11302"}],"wp:featuredmedia":[{"embeddable":true,"href":"https:\/\/www.welovecycling.com\/pl\/wp-json\/wp\/v2\/media\/11288"}],"wp:attachment":[{"href":"https:\/\/www.welovecycling.com\/pl\/wp-json\/wp\/v2\/media?parent=11285"}],"wp:term":[{"taxonomy":"category","embeddable":true,"href":"https:\/\/www.welovecycling.com\/pl\/wp-json\/wp\/v2\/categories?post=11285"},{"taxonomy":"post_tag","embeddable":true,"href":"https:\/\/www.welovecycling.com\/pl\/wp-json\/wp\/v2\/tags?post=11285"},{"taxonomy":"global-categories","embeddable":true,"href":"https:\/\/www.welovecycling.com\/pl\/wp-json\/wp\/v2\/global-categories?post=11285"}],"curies":[{"name":"wp","href":"https:\/\/api.w.org\/{rel}","templated":true}]}}