{"id":11280,"date":"2020-11-18T15:24:25","date_gmt":"2020-11-18T15:24:25","guid":{"rendered":"https:\/\/www.welovecycling.com\/pl\/?p=11280"},"modified":"2020-11-18T15:24:25","modified_gmt":"2020-11-18T15:24:25","slug":"w-czym-jezdzic-na-rowerze-zima-zeby-nie-marznac","status":"publish","type":"post","link":"https:\/\/www.welovecycling.com\/pl\/2020\/11\/18\/w-czym-jezdzic-na-rowerze-zima-zeby-nie-marznac\/","title":{"rendered":"W czym je\u017adzi\u0107 na rowerze zim\u0105, \u017ceby nie marzn\u0105\u0107"},"content":{"rendered":"<p><strong>Tej zimy zrobi\u0119 co\u015b innego: b\u0119d\u0119 je\u017adzi\u0142 na rowerze po parku, w pobli\u017cu miejsca, gdzie mieszkam. Wsi\u0105d\u0119 na mojego nowego g\u00f3rala, poniewa\u017c zimy zawsze mnie przygn\u0119biaj\u0105, za to rower zawsze sprawia mi przyjemno\u015b\u0107. Nie zamierzam je\u017adzi\u0107 podczas deszczu ani \u015bniegu \u2013 nie jestem a\u017c tak szalony i naprawd\u0119 nie cierpi\u0119 zimna. Musz\u0119 wi\u0119c zadba\u0107 o to, \u017ceby by\u0142o mi ciep\u0142o, co oznacza noszenie lekkiej, wygodnej i oczywi\u015bcie wydajnej termicznie odzie\u017cy. Podziel\u0119 si\u0119 z Tob\u0105 swoimi pomys\u0142ami.<\/strong><\/p>\n<p>Poniewa\u017c dorasta\u0142em w Nowym Jorku, gdzie zimy \u2013 przed ociepleniem klimatu \u2013 by\u0142y mro\u017ane, wiem, \u017ce istniej\u0105 trzy sposoby na zachowanie ciep\u0142a w niskich temperaturach: ubiera\u0107 si\u0119 na cebulk\u0119, chroni\u0107 d\u0142onie i stopy oraz zakrywa\u0107 g\u0142ow\u0119. Dzi\u0119ki kaskowi zadbam o g\u0142ow\u0119, ale co z reszt\u0105?<\/p>\n<figure id=\"attachment_179776\" aria-describedby=\"caption-attachment-179776\" style=\"width: 1024px\" class=\"wp-caption alignnone\"><img loading=\"lazy\" decoding=\"async\" class=\"initial loaded wp-image-179776 size-large\" src=\"https:\/\/d2p6e6u75xmxt8.cloudfront.net\/2\/2020\/10\/winter-profimedia-0271711076-1024x681.jpg\" sizes=\"auto, (max-width: 1024px) 100vw, 1024px\" srcset=\"https:\/\/d2p6e6u75xmxt8.cloudfront.net\/2\/2020\/10\/winter-profimedia-0271711076-1024x681.jpg 1024w, https:\/\/d2p6e6u75xmxt8.cloudfront.net\/2\/2020\/10\/winter-profimedia-0271711076-300x199.jpg 300w, https:\/\/d2p6e6u75xmxt8.cloudfront.net\/2\/2020\/10\/winter-profimedia-0271711076-768x511.jpg 768w, https:\/\/d2p6e6u75xmxt8.cloudfront.net\/2\/2020\/10\/winter-profimedia-0271711076-272x182.jpg 272w, https:\/\/d2p6e6u75xmxt8.cloudfront.net\/2\/2020\/10\/winter-profimedia-0271711076.jpg 1250w\" alt=\"\" width=\"1024\" height=\"681\" data-was-processed=\"true\" \/><figcaption id=\"caption-attachment-179776\" class=\"wp-caption-text\">Zim\u0105 trzymaj si\u0119 ciep\u0142o. \u00a9 Profimedia<\/figcaption><\/figure>\n<p>Zacznijmy od st\u00f3p. Warto rozwa\u017cy\u0107 zakup ochraniaczy na buty, na przyk\u0142ad Pro Barrier WxB firmy Pearl Izumi. S\u0105 wodoodporne i wiatroszczelne, maj\u0105 klejone szwy, \u017ceby stopy by\u0142y suche, a wn\u0119trze jest wykonane z polaru, kt\u00f3ry zapewnia ciep\u0142o. Regulowany system zapinania na rzepy u\u0142atwia ich zak\u0142adanie i zdejmowanie. Na <a href=\"https:\/\/www.amazon.com\/PEARL-IZUMI-Barrier-Shoe-Cover\/dp\/B07NNT2QS8\"><u>Amazonie kosztuj\u0105 oko\u0142o 55 dolar\u00f3w<\/u><\/a>.<\/p>\n<p>Je\u015bli uwa\u017casz, \u017ce ochraniacze to troch\u0119 za ma\u0142o na mrozy, a w dodatku s\u0105 niezgrabne, pomy\u015bl o \u00a0prawdziwych zimowych butach rowerowych, takich jak Fizik R5 Artica. S\u0105 ca\u0142kowicie odporne na trudne warunki atmosferyczne i maj\u0105 sztywn\u0105 nylonow\u0105 podeszw\u0119 wzmocnion\u0105 w\u0119glem, kt\u00f3ra zapewnia normalne peda\u0142owanie. Na <a href=\"https:\/\/www.amazon.com\/Fizik-R5-Artica-Shoe-Black\/dp\/B0778R1G94\/ref=sr_1_1?dchild=1&amp;keywords=Fizik+R5+Artica&amp;qid=1601901978&amp;sr=8-1\"><u>Amazonie kupisz je za oko\u0142o 150 euro<\/u>.<\/a><\/p>\n<figure id=\"attachment_179772\" aria-describedby=\"caption-attachment-179772\" style=\"width: 1024px\" class=\"wp-caption alignnone\"><img loading=\"lazy\" decoding=\"async\" class=\"loading wp-image-179772 size-large\" src=\"https:\/\/d2p6e6u75xmxt8.cloudfront.net\/2\/2020\/10\/fizik-arctica-1024x725.jpg\" sizes=\"auto, (max-width: 1024px) 100vw, 1024px\" srcset=\"https:\/\/d2p6e6u75xmxt8.cloudfront.net\/2\/2020\/10\/fizik-arctica-1024x725.jpg 1024w, https:\/\/d2p6e6u75xmxt8.cloudfront.net\/2\/2020\/10\/fizik-arctica-300x213.jpg 300w, https:\/\/d2p6e6u75xmxt8.cloudfront.net\/2\/2020\/10\/fizik-arctica-768x544.jpg 768w, https:\/\/d2p6e6u75xmxt8.cloudfront.net\/2\/2020\/10\/fizik-arctica.jpg 1214w\" alt=\"Fizik Arctica\" width=\"1024\" height=\"725\" data-was-processed=\"true\" \/><figcaption id=\"caption-attachment-179772\" class=\"wp-caption-text\">Buty rowerowe Fizik R5 Artica. \u00a9 Fizik<\/figcaption><\/figure>\n<p>Je\u015bli lubisz swoje zwyk\u0142e buty rowerowe albo do biegania, poniewa\u017c s\u0105 wygodne i fajnie wygl\u0105daj\u0105, mo\u017cesz poprzesta\u0107 na wodoodpornych skarpetach Crosspoint (za oko\u0142o 38 dolar\u00f3w) firmy <u>Showers Pass<\/u>. Tutaj zam\u00f3wisz te\u017c zimowe r\u0119kawiczki rowerowe. S\u0105 wykonane z dzianiny i wodoodpornego materia\u0142y, potrafi\u0105 utrzyma\u0107 ciep\u0142o d\u0142oni do temperatury bliskiej zamarzania i kosztuj\u0105 oko\u0142o 45 dolar\u00f3w.<\/p>\n<p>Porz\u0105dne ocieplane podkoszulki s\u0105 dost\u0119pne w wi\u0119kszo\u015bci sklep\u00f3w sportowych, kt\u00f3re sprzedaj\u0105 odzie\u017c narciarsk\u0105. Je\u015bli jednak chcesz mie\u0107 taki przeznaczony specjalnie do jazdy na rowerze, to polecam <a href=\"https:\/\/www.amazon.com\/Castelli-Prosecco-Sleeve-Cycling-Layer\/dp\/B01M1OJSCV\"><u>Prosecco Long Sleeve firmy Castelli<\/u><\/a>. Zapobiega gromadzeniu si\u0119 potu pod kurtk\u0105, dzi\u0119ki czemu nie marzniesz podczas szybkiej jazdy. Mo\u017cna go u\u017cywa\u0107 r\u00f3wnie\u017c latem, poniewa\u017c zatrzymuje pot na sk\u00f3rze. Jest obcis\u0142y, wykonany w 100% z poliestru i ma po bokach panele z mikrofibry, kt\u00f3re pozwalaj\u0105 cia\u0142u oddycha\u0107. Jego koszt to oko\u0142o 55 dolar\u00f3w na Amazonie.<\/p>\n<figure id=\"attachment_179773\" aria-describedby=\"caption-attachment-179773\" style=\"width: 1024px\" class=\"wp-caption alignnone\"><img loading=\"lazy\" decoding=\"async\" class=\"loading wp-image-179773 size-large\" src=\"https:\/\/d2p6e6u75xmxt8.cloudfront.net\/2\/2020\/10\/castelli-1024x820.jpg\" sizes=\"auto, (max-width: 1024px) 100vw, 1024px\" srcset=\"https:\/\/d2p6e6u75xmxt8.cloudfront.net\/2\/2020\/10\/castelli-1024x820.jpg 1024w, https:\/\/d2p6e6u75xmxt8.cloudfront.net\/2\/2020\/10\/castelli-300x240.jpg 300w, https:\/\/d2p6e6u75xmxt8.cloudfront.net\/2\/2020\/10\/castelli-768x615.jpg 768w, https:\/\/d2p6e6u75xmxt8.cloudfront.net\/2\/2020\/10\/castelli.jpg 1272w\" alt=\"Castelli\" width=\"1024\" height=\"820\" data-was-processed=\"true\" \/><figcaption id=\"caption-attachment-179773\" class=\"wp-caption-text\">Prosecco Long Sleeve \u00a9 Castelli<\/figcaption><\/figure>\n<p>Kurtka<a href=\"https:\/\/www.rapha.cc\/gb\/en\/shop\/mens-brevet-insulated-jacket\/product\/BIJ04XX\"> <u>Brevet Insulated Jacket<\/u><\/a> firmy Rapha to krok naprz\u00f3d w ochronie przed zim\u0105. Wygl\u0105da nowocze\u015bnie (to wa\u017cne) i ma izolacj\u0119 Polartec Alpha pokryt\u0105 lekkim, wiatroodpornym nylonem. Ty\u0142 kurtki jest w pe\u0142ni ocieplony, podobnie jak przednie cz\u0119\u015bci r\u0119kaw\u00f3w. Pasek lekkiej i elastycznej dzianiny biegnie przez ty\u0142 ka\u017cdego ramienia i wzd\u0142u\u017c bok\u00f3w, co pomaga kurtce oddycha\u0107. Odzie\u017c dopasowuje si\u0119 do cia\u0142a, wi\u0119c zapewnia komfort i wygod\u0119 podczas jazdy.<\/p>\n<p>Kurtka ta nie jest przeznaczona do jazdy w deszczu, chocia\u017c ma pow\u0142ok\u0119 chroni\u0105c\u0105 przed wod\u0105 pryskaj\u0105c\u0105 z ka\u0142u\u017c i niedu\u017cymi opadami. Brevet jest zaskakuj\u0105co lekka jak na ocieplan\u0105 kurtk\u0119. Kosztuje sporo, bo oko\u0142o 205 dolar\u00f3w, ale je\u015bli dzi\u0119ki temu mo\u017cna zapomnie\u0107 o zimnie i czu\u0107 rado\u015b\u0107 podczas d\u0142ugich, ciemnych i mro\u017anych zimowych dni, to warto w ni\u0105 zainwestowa\u0107.<\/p>\n<p>Tym sposobem str\u00f3j na zim\u0119 zosta\u0142 skompletowany. Mo\u017cna rusza\u0107 w drog\u0119 nawet w bardzo zimne dni. Je\u015bli zakupi\u0142e\u015b kt\u00f3r\u0105\u015b z tych rzeczy, daj zna\u0107 w komentarzu, jak si\u0119 sprawdza.<\/p>\n<p><span data-sheets-value=\"{&quot;1&quot;:2,&quot;2&quot;:&quot;Artyku\u0142 powsta\u0142 we wsp\u00f3\u0142pracy ze skoda-auto.pl&quot;}\" data-sheets-userformat=\"{&quot;2&quot;:1,&quot;3&quot;:{&quot;1&quot;:0}}\" data-sheets-hyperlink=\"http:\/\/www.skoda-auto.pl\/\"><a class=\"in-cell-link\" href=\"http:\/\/www.skoda-auto.pl\/\" target=\"_blank\" rel=\"noopener noreferrer\">Artyku\u0142 powsta\u0142 we wsp\u00f3\u0142pracy ze skoda-auto.pl<\/a><\/span><\/p>\n<p><a href=\"https:\/\/www.skoda-auto.pl\/modele\/karoq\">\u00a0<\/a><\/p>\n<p><a href=\"https:\/\/www.skoda-auto.pl\/modele\/karoq\"><img loading=\"lazy\" decoding=\"async\" class=\"aligncenter wp-image-9606 size-full\" src=\"https:\/\/d2p6e6u75xmxt8.cloudfront.net\/5\/2019\/08\/baner_WLC_640x350_1.png\" alt=\"\" width=\"640\" height=\"350\" srcset=\"https:\/\/d2p6e6u75xmxt8.cloudfront.net\/5\/2019\/08\/baner_WLC_640x350_1.png 640w, https:\/\/d2p6e6u75xmxt8.cloudfront.net\/5\/2019\/08\/baner_WLC_640x350_1-300x164.png 300w\" sizes=\"auto, (max-width: 640px) 100vw, 640px\" \/><\/a><\/p>\n<p>&nbsp;<\/p>\n","protected":false},"excerpt":{"rendered":"<p>Tej zimy zrobi\u0119 co\u015b innego: b\u0119d\u0119 je\u017adzi\u0142 na rowerze po parku, w pobli\u017cu miejsca, gdzie mieszkam. Wsi\u0105d\u0119 na mojego nowego [&hellip;]<\/p>\n","protected":false},"author":125,"featured_media":11281,"comment_status":"open","ping_status":"open","sticky":false,"template":"","format":"standard","meta":{"footnotes":""},"categories":[1],"tags":[],"global-categories":[303],"class_list":["post-11280","post","type-post","status-publish","format-standard","has-post-thumbnail","hentry","category-uncategorized","global-categories-cycling"],"yoast_head":"<!-- This site is optimized with the Yoast SEO Premium plugin v25.3 (Yoast SEO v25.9) - https:\/\/yoast.com\/wordpress\/plugins\/seo\/ -->\n<title>W czym je\u017adzi\u0107 na rowerze zim\u0105, \u017ceby nie marzn\u0105\u0107 - \u0160koda We Love Cycling - Poland<\/title>\n<meta name=\"robots\" content=\"index, follow, max-snippet:-1, max-image-preview:large, max-video-preview:-1\" \/>\n<link rel=\"canonical\" href=\"https:\/\/www.welovecycling.com\/pl\/2020\/11\/18\/w-czym-jezdzic-na-rowerze-zima-zeby-nie-marznac\/\" \/>\n<meta property=\"og:locale\" content=\"pl_PL\" \/>\n<meta property=\"og:type\" content=\"article\" \/>\n<meta property=\"og:title\" content=\"W czym je\u017adzi\u0107 na rowerze zim\u0105, \u017ceby nie marzn\u0105\u0107\" \/>\n<meta property=\"og:description\" content=\"Tej zimy zrobi\u0119 co\u015b innego: b\u0119d\u0119 je\u017adzi\u0142 na rowerze po parku, w pobli\u017cu miejsca, gdzie mieszkam. Wsi\u0105d\u0119 na mojego nowego [&hellip;]\" \/>\n<meta property=\"og:url\" content=\"https:\/\/www.welovecycling.com\/pl\/2020\/11\/18\/w-czym-jezdzic-na-rowerze-zima-zeby-nie-marznac\/\" \/>\n<meta property=\"og:site_name\" content=\"\u0160koda We Love Cycling - Poland\" \/>\n<meta property=\"article:published_time\" content=\"2020-11-18T15:24:25+00:00\" \/>\n<meta property=\"og:image\" content=\"https:\/\/d2p6e6u75xmxt8.cloudfront.net\/5\/2020\/11\/winter-cycling-profimedia-0399018180-CVR-1024x450-1.jpg\" \/>\n\t<meta property=\"og:image:width\" content=\"1024\" \/>\n\t<meta property=\"og:image:height\" content=\"450\" \/>\n\t<meta property=\"og:image:type\" content=\"image\/jpeg\" \/>\n<meta name=\"author\" content=\"oktawiamikulska\" \/>\n<meta name=\"twitter:card\" content=\"summary_large_image\" \/>\n<meta name=\"twitter:label1\" content=\"Written by\" \/>\n\t<meta name=\"twitter:data1\" content=\"oktawiamikulska\" \/>\n\t<meta name=\"twitter:label2\" content=\"Est. reading time\" \/>\n\t<meta name=\"twitter:data2\" content=\"3 minutes\" \/>\n<script type=\"application\/ld+json\" class=\"yoast-schema-graph\">{\"@context\":\"https:\/\/schema.org\",\"@graph\":[{\"@type\":\"WebPage\",\"@id\":\"https:\/\/www.welovecycling.com\/pl\/2020\/11\/18\/w-czym-jezdzic-na-rowerze-zima-zeby-nie-marznac\/\",\"url\":\"https:\/\/www.welovecycling.com\/pl\/2020\/11\/18\/w-czym-jezdzic-na-rowerze-zima-zeby-nie-marznac\/\",\"name\":\"W czym je\u017adzi\u0107 na rowerze zim\u0105, \u017ceby nie marzn\u0105\u0107 - \u0160koda We Love Cycling - Poland\",\"isPartOf\":{\"@id\":\"https:\/\/www.welovecycling.com\/pl\/#website\"},\"primaryImageOfPage\":{\"@id\":\"https:\/\/www.welovecycling.com\/pl\/2020\/11\/18\/w-czym-jezdzic-na-rowerze-zima-zeby-nie-marznac\/#primaryimage\"},\"image\":{\"@id\":\"https:\/\/www.welovecycling.com\/pl\/2020\/11\/18\/w-czym-jezdzic-na-rowerze-zima-zeby-nie-marznac\/#primaryimage\"},\"thumbnailUrl\":\"https:\/\/d2p6e6u75xmxt8.cloudfront.net\/5\/2020\/11\/winter-cycling-profimedia-0399018180-CVR-1024x450-1.jpg\",\"datePublished\":\"2020-11-18T15:24:25+00:00\",\"author\":{\"@id\":\"https:\/\/www.welovecycling.com\/pl\/#\/schema\/person\/4a79bac7bd265aa6a35a1079d36648be\"},\"breadcrumb\":{\"@id\":\"https:\/\/www.welovecycling.com\/pl\/2020\/11\/18\/w-czym-jezdzic-na-rowerze-zima-zeby-nie-marznac\/#breadcrumb\"},\"inLanguage\":\"pl-PL\",\"potentialAction\":[{\"@type\":\"ReadAction\",\"target\":[\"https:\/\/www.welovecycling.com\/pl\/2020\/11\/18\/w-czym-jezdzic-na-rowerze-zima-zeby-nie-marznac\/\"]}]},{\"@type\":\"ImageObject\",\"inLanguage\":\"pl-PL\",\"@id\":\"https:\/\/www.welovecycling.com\/pl\/2020\/11\/18\/w-czym-jezdzic-na-rowerze-zima-zeby-nie-marznac\/#primaryimage\",\"url\":\"https:\/\/d2p6e6u75xmxt8.cloudfront.net\/5\/2020\/11\/winter-cycling-profimedia-0399018180-CVR-1024x450-1.jpg\",\"contentUrl\":\"https:\/\/d2p6e6u75xmxt8.cloudfront.net\/5\/2020\/11\/winter-cycling-profimedia-0399018180-CVR-1024x450-1.jpg\",\"width\":1024,\"height\":450},{\"@type\":\"BreadcrumbList\",\"@id\":\"https:\/\/www.welovecycling.com\/pl\/2020\/11\/18\/w-czym-jezdzic-na-rowerze-zima-zeby-nie-marznac\/#breadcrumb\",\"itemListElement\":[{\"@type\":\"ListItem\",\"position\":1,\"name\":\"Home\",\"item\":\"https:\/\/www.welovecycling.com\/pl\/\"},{\"@type\":\"ListItem\",\"position\":2,\"name\":\"W czym je\u017adzi\u0107 na rowerze zim\u0105, \u017ceby nie marzn\u0105\u0107\"}]},{\"@type\":\"WebSite\",\"@id\":\"https:\/\/www.welovecycling.com\/pl\/#website\",\"url\":\"https:\/\/www.welovecycling.com\/pl\/\",\"name\":\"\u0160koda We Love Cycling - Poland\",\"description\":\"\",\"potentialAction\":[{\"@type\":\"SearchAction\",\"target\":{\"@type\":\"EntryPoint\",\"urlTemplate\":\"https:\/\/www.welovecycling.com\/pl\/?s={search_term_string}\"},\"query-input\":{\"@type\":\"PropertyValueSpecification\",\"valueRequired\":true,\"valueName\":\"search_term_string\"}}],\"inLanguage\":\"pl-PL\"},{\"@type\":\"Person\",\"@id\":\"https:\/\/www.welovecycling.com\/pl\/#\/schema\/person\/4a79bac7bd265aa6a35a1079d36648be\",\"name\":\"oktawiamikulska\",\"image\":{\"@type\":\"ImageObject\",\"inLanguage\":\"pl-PL\",\"@id\":\"https:\/\/www.welovecycling.com\/pl\/#\/schema\/person\/image\/\",\"url\":\"https:\/\/secure.gravatar.com\/avatar\/b97a3f44e2de6d2f8dd358975937e49823662e12cbd810b9d1a2bff1c149e8a7?s=96&d=mm&r=g\",\"contentUrl\":\"https:\/\/secure.gravatar.com\/avatar\/b97a3f44e2de6d2f8dd358975937e49823662e12cbd810b9d1a2bff1c149e8a7?s=96&d=mm&r=g\",\"caption\":\"oktawiamikulska\"},\"url\":\"https:\/\/www.welovecycling.com\/pl\/author\/oktawiamikulska\/\"}]}<\/script>\n<!-- \/ Yoast SEO Premium plugin. -->","yoast_head_json":{"title":"W czym je\u017adzi\u0107 na rowerze zim\u0105, \u017ceby nie marzn\u0105\u0107 - \u0160koda We Love Cycling - Poland","robots":{"index":"index","follow":"follow","max-snippet":"max-snippet:-1","max-image-preview":"max-image-preview:large","max-video-preview":"max-video-preview:-1"},"canonical":"https:\/\/www.welovecycling.com\/pl\/2020\/11\/18\/w-czym-jezdzic-na-rowerze-zima-zeby-nie-marznac\/","og_locale":"pl_PL","og_type":"article","og_title":"W czym je\u017adzi\u0107 na rowerze zim\u0105, \u017ceby nie marzn\u0105\u0107","og_description":"Tej zimy zrobi\u0119 co\u015b innego: b\u0119d\u0119 je\u017adzi\u0142 na rowerze po parku, w pobli\u017cu miejsca, gdzie mieszkam. Wsi\u0105d\u0119 na mojego nowego [&hellip;]","og_url":"https:\/\/www.welovecycling.com\/pl\/2020\/11\/18\/w-czym-jezdzic-na-rowerze-zima-zeby-nie-marznac\/","og_site_name":"\u0160koda We Love Cycling - Poland","article_published_time":"2020-11-18T15:24:25+00:00","og_image":[{"width":1024,"height":450,"url":"https:\/\/d2p6e6u75xmxt8.cloudfront.net\/5\/2020\/11\/winter-cycling-profimedia-0399018180-CVR-1024x450-1.jpg","type":"image\/jpeg"}],"author":"oktawiamikulska","twitter_card":"summary_large_image","twitter_misc":{"Written by":"oktawiamikulska","Est. reading time":"3 minutes"},"schema":{"@context":"https:\/\/schema.org","@graph":[{"@type":"WebPage","@id":"https:\/\/www.welovecycling.com\/pl\/2020\/11\/18\/w-czym-jezdzic-na-rowerze-zima-zeby-nie-marznac\/","url":"https:\/\/www.welovecycling.com\/pl\/2020\/11\/18\/w-czym-jezdzic-na-rowerze-zima-zeby-nie-marznac\/","name":"W czym je\u017adzi\u0107 na rowerze zim\u0105, \u017ceby nie marzn\u0105\u0107 - \u0160koda We Love Cycling - Poland","isPartOf":{"@id":"https:\/\/www.welovecycling.com\/pl\/#website"},"primaryImageOfPage":{"@id":"https:\/\/www.welovecycling.com\/pl\/2020\/11\/18\/w-czym-jezdzic-na-rowerze-zima-zeby-nie-marznac\/#primaryimage"},"image":{"@id":"https:\/\/www.welovecycling.com\/pl\/2020\/11\/18\/w-czym-jezdzic-na-rowerze-zima-zeby-nie-marznac\/#primaryimage"},"thumbnailUrl":"https:\/\/d2p6e6u75xmxt8.cloudfront.net\/5\/2020\/11\/winter-cycling-profimedia-0399018180-CVR-1024x450-1.jpg","datePublished":"2020-11-18T15:24:25+00:00","author":{"@id":"https:\/\/www.welovecycling.com\/pl\/#\/schema\/person\/4a79bac7bd265aa6a35a1079d36648be"},"breadcrumb":{"@id":"https:\/\/www.welovecycling.com\/pl\/2020\/11\/18\/w-czym-jezdzic-na-rowerze-zima-zeby-nie-marznac\/#breadcrumb"},"inLanguage":"pl-PL","potentialAction":[{"@type":"ReadAction","target":["https:\/\/www.welovecycling.com\/pl\/2020\/11\/18\/w-czym-jezdzic-na-rowerze-zima-zeby-nie-marznac\/"]}]},{"@type":"ImageObject","inLanguage":"pl-PL","@id":"https:\/\/www.welovecycling.com\/pl\/2020\/11\/18\/w-czym-jezdzic-na-rowerze-zima-zeby-nie-marznac\/#primaryimage","url":"https:\/\/d2p6e6u75xmxt8.cloudfront.net\/5\/2020\/11\/winter-cycling-profimedia-0399018180-CVR-1024x450-1.jpg","contentUrl":"https:\/\/d2p6e6u75xmxt8.cloudfront.net\/5\/2020\/11\/winter-cycling-profimedia-0399018180-CVR-1024x450-1.jpg","width":1024,"height":450},{"@type":"BreadcrumbList","@id":"https:\/\/www.welovecycling.com\/pl\/2020\/11\/18\/w-czym-jezdzic-na-rowerze-zima-zeby-nie-marznac\/#breadcrumb","itemListElement":[{"@type":"ListItem","position":1,"name":"Home","item":"https:\/\/www.welovecycling.com\/pl\/"},{"@type":"ListItem","position":2,"name":"W czym je\u017adzi\u0107 na rowerze zim\u0105, \u017ceby nie marzn\u0105\u0107"}]},{"@type":"WebSite","@id":"https:\/\/www.welovecycling.com\/pl\/#website","url":"https:\/\/www.welovecycling.com\/pl\/","name":"\u0160koda We Love Cycling - Poland","description":"","potentialAction":[{"@type":"SearchAction","target":{"@type":"EntryPoint","urlTemplate":"https:\/\/www.welovecycling.com\/pl\/?s={search_term_string}"},"query-input":{"@type":"PropertyValueSpecification","valueRequired":true,"valueName":"search_term_string"}}],"inLanguage":"pl-PL"},{"@type":"Person","@id":"https:\/\/www.welovecycling.com\/pl\/#\/schema\/person\/4a79bac7bd265aa6a35a1079d36648be","name":"oktawiamikulska","image":{"@type":"ImageObject","inLanguage":"pl-PL","@id":"https:\/\/www.welovecycling.com\/pl\/#\/schema\/person\/image\/","url":"https:\/\/secure.gravatar.com\/avatar\/b97a3f44e2de6d2f8dd358975937e49823662e12cbd810b9d1a2bff1c149e8a7?s=96&d=mm&r=g","contentUrl":"https:\/\/secure.gravatar.com\/avatar\/b97a3f44e2de6d2f8dd358975937e49823662e12cbd810b9d1a2bff1c149e8a7?s=96&d=mm&r=g","caption":"oktawiamikulska"},"url":"https:\/\/www.welovecycling.com\/pl\/author\/oktawiamikulska\/"}]}},"_links":{"self":[{"href":"https:\/\/www.welovecycling.com\/pl\/wp-json\/wp\/v2\/posts\/11280","targetHints":{"allow":["GET"]}}],"collection":[{"href":"https:\/\/www.welovecycling.com\/pl\/wp-json\/wp\/v2\/posts"}],"about":[{"href":"https:\/\/www.welovecycling.com\/pl\/wp-json\/wp\/v2\/types\/post"}],"author":[{"embeddable":true,"href":"https:\/\/www.welovecycling.com\/pl\/wp-json\/wp\/v2\/users\/125"}],"replies":[{"embeddable":true,"href":"https:\/\/www.welovecycling.com\/pl\/wp-json\/wp\/v2\/comments?post=11280"}],"version-history":[{"count":1,"href":"https:\/\/www.welovecycling.com\/pl\/wp-json\/wp\/v2\/posts\/11280\/revisions"}],"predecessor-version":[{"id":11283,"href":"https:\/\/www.welovecycling.com\/pl\/wp-json\/wp\/v2\/posts\/11280\/revisions\/11283"}],"wp:featuredmedia":[{"embeddable":true,"href":"https:\/\/www.welovecycling.com\/pl\/wp-json\/wp\/v2\/media\/11281"}],"wp:attachment":[{"href":"https:\/\/www.welovecycling.com\/pl\/wp-json\/wp\/v2\/media?parent=11280"}],"wp:term":[{"taxonomy":"category","embeddable":true,"href":"https:\/\/www.welovecycling.com\/pl\/wp-json\/wp\/v2\/categories?post=11280"},{"taxonomy":"post_tag","embeddable":true,"href":"https:\/\/www.welovecycling.com\/pl\/wp-json\/wp\/v2\/tags?post=11280"},{"taxonomy":"global-categories","embeddable":true,"href":"https:\/\/www.welovecycling.com\/pl\/wp-json\/wp\/v2\/global-categories?post=11280"}],"curies":[{"name":"wp","href":"https:\/\/api.w.org\/{rel}","templated":true}]}}