{"id":11277,"date":"2020-11-16T16:20:41","date_gmt":"2020-11-16T16:20:41","guid":{"rendered":"https:\/\/www.welovecycling.com\/pl\/?p=11277"},"modified":"2020-11-16T16:20:41","modified_gmt":"2020-11-16T16:20:41","slug":"jak-dbac-o-rower-zima","status":"publish","type":"post","link":"https:\/\/www.welovecycling.com\/pl\/2020\/11\/16\/jak-dbac-o-rower-zima\/","title":{"rendered":"Jak dba\u0107 o rower zim\u0105"},"content":{"rendered":"<p><strong>Czas na kilka sugestii dotycz\u0105cych ochrony samego roweru.<\/strong><\/p>\n<p>Po pierwsze, zr\u00f3b przegl\u0105d, aby upewni\u0107 si\u0119, \u017ce pojazd jest w pe\u0142ni sprawny. Rozwa\u017c ewentualn\u0105 wymian\u0119 przewod\u00f3w hamulcowych i przerzutek, poniewa\u017c woda mo\u017ce dostawa\u0107 si\u0119 do obudowy linki i z czasem zmniejszy\u0107 skuteczno\u015b\u0107 hamowania i zmiany bieg\u00f3w. Mo\u017cesz tak\u017ce wymieni\u0107 opony na zimowe. Je\u015bli jest na to wystarczaj\u0105ca ilo\u015b\u0107 miejsca, wybierz jak najszersz\u0105 (700 x 30 lub wi\u0119cej), \u017ceby uzyska\u0107 lepsz\u0105 przyczepno\u015b\u0107.<\/p>\n<p>Mo\u017cesz tak\u017ce zmniejszy\u0107 ci\u015bnienie w oponach. Zr\u00f3b to, a nast\u0119pnie w deszczowy dzie\u0144 uwa\u017cnie obserwuj swoj\u0105 jazd\u0119. Masz wra\u017cenie, \u017ce przyczepno\u015b\u0107 si\u0119 poprawi\u0142a i masz lepsz\u0105 kontrol\u0119 nad rowerem, czy nadal czujesz wyboje na drodze? Je\u015bli nie odczuwasz \u017cadnych nier\u00f3wno\u015bci, ci\u015bnienie w oponach mo\u017ce by\u0107 tak niskie, \u017ce ryzykujesz ich zgniecenie. Je\u015bli wa\u017cysz niedu\u017co lub \u015brednio, prawdopodobnie mo\u017cesz je\u017adzi\u0107 na najni\u017cszym zalecanym ci\u015bnieniu. Je\u015bli jednak wa\u017cysz sporo, by\u0107 mo\u017ce b\u0119dziesz musia\u0142 pozosta\u0107 powy\u017cej zalecanego minimum, aby nie dopu\u015bci\u0107 do zgniecenia opony.<\/p>\n<figure id=\"attachment_179864\" aria-describedby=\"caption-attachment-179864\" style=\"width: 1000px\" class=\"wp-caption alignnone\"><img loading=\"lazy\" decoding=\"async\" class=\"loading wp-image-179864 size-full\" src=\"https:\/\/d2p6e6u75xmxt8.cloudfront.net\/2\/2020\/10\/winter-profimedia-0543270441-1.jpg\" sizes=\"auto, (max-width: 1000px) 100vw, 1000px\" srcset=\"https:\/\/d2p6e6u75xmxt8.cloudfront.net\/2\/2020\/10\/winter-profimedia-0543270441-1.jpg 1000w, https:\/\/d2p6e6u75xmxt8.cloudfront.net\/2\/2020\/10\/winter-profimedia-0543270441-1-300x225.jpg 300w, https:\/\/d2p6e6u75xmxt8.cloudfront.net\/2\/2020\/10\/winter-profimedia-0543270441-1-768x576.jpg 768w\" alt=\"Tire\" width=\"1000\" height=\"750\" data-was-processed=\"true\" \/><figcaption id=\"caption-attachment-179864\" class=\"wp-caption-text\">Tw\u00f3j rower wymaga specjalnej piel\u0119gnacji zim\u0105. \u00a9 Profimedia<\/figcaption><\/figure>\n<p>Zim\u0105 powiniene\u015b doda\u0107 akcesoria, kt\u00f3rych jeszcze nie masz lub o kt\u00f3rych nie s\u0105dzi\u0142e\u015b, \u017ce b\u0119d\u0105 potrzebne, takie jak porz\u0105dny zestaw \u015bwiate\u0142, odblaski i b\u0142otniki. Te ostatnie nie tylko ochroni\u0105 Ci\u0119 przed ochlapaniem przez zimow\u0105 czarn\u0105 brej\u0119, ale tak\u017ce zapobiegn\u0105 psuciu si\u0119 \u0142a\u0144cucha, osi suportu i uk\u0142adu nap\u0119dowego \u2013 je\u015bli b\u0142otniki s\u0105 wystarczaj\u0105co du\u017ce.<\/p>\n<p>Mo\u017ce to brzmie\u0107 ekstremalnie, ale znam kogo\u015b, komu linka hamulca zamarz\u0142a i postawi\u0142a go w niebezpiecznej dla \u017cycia sytuacji. Jednym ze sposob\u00f3w, aby temu zapobiec, jest spryskanie wszystkich kabli p\u0142ynem wypieraj\u0105cym wod\u0119, np. WD 40, a nast\u0119pnie starcie jego nadmiaru. Mo\u017cesz tak\u017ce u\u017cy\u0107 tego produktu do czyszczenia \u0142a\u0144cucha, ale musisz go potem umy\u0107, a nast\u0119pnie ponownie nasmarowa\u0107 zwyk\u0142ym olejem do \u0142a\u0144cuch\u00f3w. Idealnym rozwi\u0105zaniem by\u0142oby wyczyszczenie \u0142a\u0144cucha za pomoc\u0105 rozpuszczalnika do \u0142a\u0144cuch\u00f3w (lub WD 40) i szorowarki lub szczoteczki do z\u0119b\u00f3w. Je\u015bli na \u0142a\u0144cuchu nagromadzi si\u0119 zbyt du\u017co brudu, mo\u017ce on zatka\u0107 ko\u0142a z\u0119bate, a wtedy rower b\u0119dzie wymaga\u0107 profesjonalnej regulacji lub dro\u017cszych napraw. Pami\u0119taj, aby nasmarowa\u0107 \u0142a\u0144cuch smarem na bazie oleju, zanim wyruszysz ponownie na przeja\u017cd\u017ck\u0119.<\/p>\n<figure id=\"attachment_179865\" aria-describedby=\"caption-attachment-179865\" style=\"width: 1000px\" class=\"wp-caption alignnone\"><img loading=\"lazy\" decoding=\"async\" class=\"loading wp-image-179865 size-full\" src=\"https:\/\/d2p6e6u75xmxt8.cloudfront.net\/2\/2020\/10\/chain-profimedia-0392184263.jpg\" sizes=\"auto, (max-width: 1000px) 100vw, 1000px\" srcset=\"https:\/\/d2p6e6u75xmxt8.cloudfront.net\/2\/2020\/10\/chain-profimedia-0392184263.jpg 1000w, https:\/\/d2p6e6u75xmxt8.cloudfront.net\/2\/2020\/10\/chain-profimedia-0392184263-300x200.jpg 300w, https:\/\/d2p6e6u75xmxt8.cloudfront.net\/2\/2020\/10\/chain-profimedia-0392184263-768x512.jpg 768w, https:\/\/d2p6e6u75xmxt8.cloudfront.net\/2\/2020\/10\/chain-profimedia-0392184263-272x182.jpg 272w\" alt=\"Bicycle chain\" width=\"1000\" height=\"667\" data-was-processed=\"true\" \/><figcaption id=\"caption-attachment-179865\" class=\"wp-caption-text\">Ponownie nasmaruj \u0142a\u0144cuch przed przeja\u017cd\u017ck\u0105. \u00a9 Profimedia<\/figcaption><\/figure>\n<p>Wytrzyj rower po KA\u017bDEJ je\u017adzie. Trzymaj pod r\u0119k\u0105 stary r\u0119cznik i u\u017cywaj go do wycierania ramy, felg, szprych, z\u0119batek, \u0142a\u0144cucha, linek hamulcowych i korb. Zapobiegnie to rdzewieniu i powstawaniu mokrych plam w miejscu przechowywania roweru. Raz w miesi\u0105cu lub co tydzie\u0144, w zale\u017cno\u015bci od warunk\u00f3w pogodowych, rozpyl strumie\u0144 smaru w aerozolu na ruchome cz\u0119\u015bci roweru, aby zapobiec ich zatarciu lub rdzewieniu. Staraj si\u0119 nie rozpyla\u0107 smaru na felgi i hamulce.<\/p>\n<p>Klocki hamulcowe zu\u017cywaj\u0105 si\u0119 szybciej, gdy s\u0105 mokre i zabrudzone, wi\u0119c sprawdzaj je regularnie, aby upewni\u0107 si\u0119, \u017ce nadal dzia\u0142aj\u0105. Je\u015bli maj\u0105 wska\u017anik zu\u017cycia, systematycznie go kontroluj. Je\u015bli nie chcesz wymienia\u0107 starych linek hamulcowych, zdejmij te obecne, wyczy\u015b\u0107 i ponownie nasmaruj. Powy\u017csze wskaz\u00f3wki nie dotycz\u0105 rower\u00f3w z hamulcami tarczowymi, kt\u00f3re s\u0105 odpowiednie do jazdy zim\u0105.<\/p>\n<p>Je\u015bli to wszystko wydaje Ci si\u0119 zbyt pracoch\u0142onne, podczas gdy Ty chcesz po prostu je\u017adzi\u0107, pomy\u015bl o zakupie dobrego u\u017cywanego roweru tylko do wycieczek zimow\u0105 por\u0105. Najlepiej je\u015bli b\u0119dzie to rower g\u00f3rski z rakietami \u015bnie\u017cnymi. Zanim na niego wsi\u0105dziesz, wyreguluj go, sprawd\u017a hamulce i przerzutki.<\/p>\n<p>Baw si\u0119 dobrze \u2013 i uwa\u017caj na zb\u0142\u0105kane renifery, kiedy b\u0119dziesz peda\u0142owa\u0107 w\u015br\u00f3d p\u0142atk\u00f3w \u015bniegu.<\/p>\n<p><span data-sheets-value=\"{&quot;1&quot;:2,&quot;2&quot;:&quot;Artyku\u0142 powsta\u0142 we wsp\u00f3\u0142pracy ze skoda-auto.pl&quot;}\" data-sheets-userformat=\"{&quot;2&quot;:1,&quot;3&quot;:{&quot;1&quot;:0}}\" data-sheets-hyperlink=\"http:\/\/www.skoda-auto.pl\/\"><a class=\"in-cell-link\" href=\"http:\/\/www.skoda-auto.pl\/\" target=\"_blank\" rel=\"noopener noreferrer\">Artyku\u0142 powsta\u0142 we wsp\u00f3\u0142pracy ze skoda-auto.pl<\/a><\/span><\/p>\n<p><a href=\"https:\/\/www.skoda-auto.pl\/modele\/karoq\"><img loading=\"lazy\" decoding=\"async\" class=\"aligncenter wp-image-9609 size-full loading\" src=\"https:\/\/d2p6e6u75xmxt8.cloudfront.net\/5\/2019\/08\/baner_WLC_640x350_4.png\" sizes=\"auto, (max-width: 640px) 100vw, 640px\" srcset=\"https:\/\/d2p6e6u75xmxt8.cloudfront.net\/5\/2019\/08\/baner_WLC_640x350_4.png 640w, https:\/\/d2p6e6u75xmxt8.cloudfront.net\/5\/2019\/08\/baner_WLC_640x350_4-300x164.png 300w\" alt=\"\" width=\"640\" height=\"350\" data-was-processed=\"true\" \/>\u00a0<\/a><\/p>\n","protected":false},"excerpt":{"rendered":"<p>Czas na kilka sugestii dotycz\u0105cych ochrony samego roweru. Po pierwsze, zr\u00f3b przegl\u0105d, aby upewni\u0107 si\u0119, \u017ce pojazd jest w pe\u0142ni [&hellip;]<\/p>\n","protected":false},"author":125,"featured_media":11278,"comment_status":"open","ping_status":"open","sticky":false,"template":"","format":"standard","meta":{"footnotes":""},"categories":[6],"tags":[],"global-categories":[303],"class_list":["post-11277","post","type-post","status-publish","format-standard","has-post-thumbnail","hentry","category-kolarstwo-szosowe","global-categories-cycling"],"yoast_head":"<!-- This site is optimized with the Yoast SEO Premium plugin v25.3 (Yoast SEO v25.9) - https:\/\/yoast.com\/wordpress\/plugins\/seo\/ -->\n<title>Jak dba\u0107 o rower zim\u0105 - \u0160koda We Love Cycling - Poland<\/title>\n<meta name=\"robots\" content=\"index, follow, max-snippet:-1, max-image-preview:large, max-video-preview:-1\" \/>\n<link rel=\"canonical\" href=\"https:\/\/www.welovecycling.com\/pl\/2020\/11\/16\/jak-dbac-o-rower-zima\/\" \/>\n<meta property=\"og:locale\" content=\"pl_PL\" \/>\n<meta property=\"og:type\" content=\"article\" \/>\n<meta property=\"og:title\" content=\"Jak dba\u0107 o rower zim\u0105\" \/>\n<meta property=\"og:description\" content=\"Czas na kilka sugestii dotycz\u0105cych ochrony samego roweru. Po pierwsze, zr\u00f3b przegl\u0105d, aby upewni\u0107 si\u0119, \u017ce pojazd jest w pe\u0142ni [&hellip;]\" \/>\n<meta property=\"og:url\" content=\"https:\/\/www.welovecycling.com\/pl\/2020\/11\/16\/jak-dbac-o-rower-zima\/\" \/>\n<meta property=\"og:site_name\" content=\"\u0160koda We Love Cycling - Poland\" \/>\n<meta property=\"article:published_time\" content=\"2020-11-16T16:20:41+00:00\" \/>\n<meta property=\"og:image\" content=\"https:\/\/d2p6e6u75xmxt8.cloudfront.net\/5\/2020\/11\/winter-bicycle-profimedia-0402648358-CVR-1024x450-1.jpg\" \/>\n\t<meta property=\"og:image:width\" content=\"1024\" \/>\n\t<meta property=\"og:image:height\" content=\"450\" \/>\n\t<meta property=\"og:image:type\" content=\"image\/jpeg\" \/>\n<meta name=\"author\" content=\"oktawiamikulska\" \/>\n<meta name=\"twitter:card\" content=\"summary_large_image\" \/>\n<meta name=\"twitter:label1\" content=\"Written by\" \/>\n\t<meta name=\"twitter:data1\" content=\"Siegfried Mortkowitz\" \/>\n\t<meta name=\"twitter:label2\" content=\"Est. reading time\" \/>\n\t<meta name=\"twitter:data2\" content=\"3 minutes\" \/>\n<script type=\"application\/ld+json\" class=\"yoast-schema-graph\">{\"@context\":\"https:\/\/schema.org\",\"@graph\":[{\"@type\":\"WebPage\",\"@id\":\"https:\/\/www.welovecycling.com\/pl\/2020\/11\/16\/jak-dbac-o-rower-zima\/\",\"url\":\"https:\/\/www.welovecycling.com\/pl\/2020\/11\/16\/jak-dbac-o-rower-zima\/\",\"name\":\"Jak dba\u0107 o rower zim\u0105 - \u0160koda We Love Cycling - Poland\",\"isPartOf\":{\"@id\":\"https:\/\/www.welovecycling.com\/pl\/#website\"},\"primaryImageOfPage\":{\"@id\":\"https:\/\/www.welovecycling.com\/pl\/2020\/11\/16\/jak-dbac-o-rower-zima\/#primaryimage\"},\"image\":{\"@id\":\"https:\/\/www.welovecycling.com\/pl\/2020\/11\/16\/jak-dbac-o-rower-zima\/#primaryimage\"},\"thumbnailUrl\":\"https:\/\/d2p6e6u75xmxt8.cloudfront.net\/5\/2020\/11\/winter-bicycle-profimedia-0402648358-CVR-1024x450-1.jpg\",\"datePublished\":\"2020-11-16T16:20:41+00:00\",\"author\":{\"@id\":\"https:\/\/www.welovecycling.com\/pl\/#\/schema\/person\/4a79bac7bd265aa6a35a1079d36648be\"},\"breadcrumb\":{\"@id\":\"https:\/\/www.welovecycling.com\/pl\/2020\/11\/16\/jak-dbac-o-rower-zima\/#breadcrumb\"},\"inLanguage\":\"pl-PL\",\"potentialAction\":[{\"@type\":\"ReadAction\",\"target\":[\"https:\/\/www.welovecycling.com\/pl\/2020\/11\/16\/jak-dbac-o-rower-zima\/\"]}]},{\"@type\":\"ImageObject\",\"inLanguage\":\"pl-PL\",\"@id\":\"https:\/\/www.welovecycling.com\/pl\/2020\/11\/16\/jak-dbac-o-rower-zima\/#primaryimage\",\"url\":\"https:\/\/d2p6e6u75xmxt8.cloudfront.net\/5\/2020\/11\/winter-bicycle-profimedia-0402648358-CVR-1024x450-1.jpg\",\"contentUrl\":\"https:\/\/d2p6e6u75xmxt8.cloudfront.net\/5\/2020\/11\/winter-bicycle-profimedia-0402648358-CVR-1024x450-1.jpg\",\"width\":1024,\"height\":450},{\"@type\":\"BreadcrumbList\",\"@id\":\"https:\/\/www.welovecycling.com\/pl\/2020\/11\/16\/jak-dbac-o-rower-zima\/#breadcrumb\",\"itemListElement\":[{\"@type\":\"ListItem\",\"position\":1,\"name\":\"Home\",\"item\":\"https:\/\/www.welovecycling.com\/pl\/\"},{\"@type\":\"ListItem\",\"position\":2,\"name\":\"Jak dba\u0107 o rower zim\u0105\"}]},{\"@type\":\"WebSite\",\"@id\":\"https:\/\/www.welovecycling.com\/pl\/#website\",\"url\":\"https:\/\/www.welovecycling.com\/pl\/\",\"name\":\"\u0160koda We Love Cycling - Poland\",\"description\":\"\",\"potentialAction\":[{\"@type\":\"SearchAction\",\"target\":{\"@type\":\"EntryPoint\",\"urlTemplate\":\"https:\/\/www.welovecycling.com\/pl\/?s={search_term_string}\"},\"query-input\":{\"@type\":\"PropertyValueSpecification\",\"valueRequired\":true,\"valueName\":\"search_term_string\"}}],\"inLanguage\":\"pl-PL\"},{\"@type\":\"Person\",\"@id\":\"https:\/\/www.welovecycling.com\/pl\/#\/schema\/person\/4a79bac7bd265aa6a35a1079d36648be\",\"name\":\"oktawiamikulska\",\"image\":{\"@type\":\"ImageObject\",\"inLanguage\":\"pl-PL\",\"@id\":\"https:\/\/www.welovecycling.com\/pl\/#\/schema\/person\/image\/\",\"url\":\"https:\/\/secure.gravatar.com\/avatar\/b97a3f44e2de6d2f8dd358975937e49823662e12cbd810b9d1a2bff1c149e8a7?s=96&d=mm&r=g\",\"contentUrl\":\"https:\/\/secure.gravatar.com\/avatar\/b97a3f44e2de6d2f8dd358975937e49823662e12cbd810b9d1a2bff1c149e8a7?s=96&d=mm&r=g\",\"caption\":\"oktawiamikulska\"},\"url\":\"https:\/\/www.welovecycling.com\/pl\/author\/oktawiamikulska\/\"}]}<\/script>\n<!-- \/ Yoast SEO Premium plugin. -->","yoast_head_json":{"title":"Jak dba\u0107 o rower zim\u0105 - \u0160koda We Love Cycling - Poland","robots":{"index":"index","follow":"follow","max-snippet":"max-snippet:-1","max-image-preview":"max-image-preview:large","max-video-preview":"max-video-preview:-1"},"canonical":"https:\/\/www.welovecycling.com\/pl\/2020\/11\/16\/jak-dbac-o-rower-zima\/","og_locale":"pl_PL","og_type":"article","og_title":"Jak dba\u0107 o rower zim\u0105","og_description":"Czas na kilka sugestii dotycz\u0105cych ochrony samego roweru. Po pierwsze, zr\u00f3b przegl\u0105d, aby upewni\u0107 si\u0119, \u017ce pojazd jest w pe\u0142ni [&hellip;]","og_url":"https:\/\/www.welovecycling.com\/pl\/2020\/11\/16\/jak-dbac-o-rower-zima\/","og_site_name":"\u0160koda We Love Cycling - Poland","article_published_time":"2020-11-16T16:20:41+00:00","og_image":[{"width":1024,"height":450,"url":"https:\/\/d2p6e6u75xmxt8.cloudfront.net\/5\/2020\/11\/winter-bicycle-profimedia-0402648358-CVR-1024x450-1.jpg","type":"image\/jpeg"}],"author":"oktawiamikulska","twitter_card":"summary_large_image","twitter_misc":{"Written by":"Siegfried Mortkowitz","Est. reading time":"3 minutes"},"schema":{"@context":"https:\/\/schema.org","@graph":[{"@type":"WebPage","@id":"https:\/\/www.welovecycling.com\/pl\/2020\/11\/16\/jak-dbac-o-rower-zima\/","url":"https:\/\/www.welovecycling.com\/pl\/2020\/11\/16\/jak-dbac-o-rower-zima\/","name":"Jak dba\u0107 o rower zim\u0105 - \u0160koda We Love Cycling - Poland","isPartOf":{"@id":"https:\/\/www.welovecycling.com\/pl\/#website"},"primaryImageOfPage":{"@id":"https:\/\/www.welovecycling.com\/pl\/2020\/11\/16\/jak-dbac-o-rower-zima\/#primaryimage"},"image":{"@id":"https:\/\/www.welovecycling.com\/pl\/2020\/11\/16\/jak-dbac-o-rower-zima\/#primaryimage"},"thumbnailUrl":"https:\/\/d2p6e6u75xmxt8.cloudfront.net\/5\/2020\/11\/winter-bicycle-profimedia-0402648358-CVR-1024x450-1.jpg","datePublished":"2020-11-16T16:20:41+00:00","author":{"@id":"https:\/\/www.welovecycling.com\/pl\/#\/schema\/person\/4a79bac7bd265aa6a35a1079d36648be"},"breadcrumb":{"@id":"https:\/\/www.welovecycling.com\/pl\/2020\/11\/16\/jak-dbac-o-rower-zima\/#breadcrumb"},"inLanguage":"pl-PL","potentialAction":[{"@type":"ReadAction","target":["https:\/\/www.welovecycling.com\/pl\/2020\/11\/16\/jak-dbac-o-rower-zima\/"]}]},{"@type":"ImageObject","inLanguage":"pl-PL","@id":"https:\/\/www.welovecycling.com\/pl\/2020\/11\/16\/jak-dbac-o-rower-zima\/#primaryimage","url":"https:\/\/d2p6e6u75xmxt8.cloudfront.net\/5\/2020\/11\/winter-bicycle-profimedia-0402648358-CVR-1024x450-1.jpg","contentUrl":"https:\/\/d2p6e6u75xmxt8.cloudfront.net\/5\/2020\/11\/winter-bicycle-profimedia-0402648358-CVR-1024x450-1.jpg","width":1024,"height":450},{"@type":"BreadcrumbList","@id":"https:\/\/www.welovecycling.com\/pl\/2020\/11\/16\/jak-dbac-o-rower-zima\/#breadcrumb","itemListElement":[{"@type":"ListItem","position":1,"name":"Home","item":"https:\/\/www.welovecycling.com\/pl\/"},{"@type":"ListItem","position":2,"name":"Jak dba\u0107 o rower zim\u0105"}]},{"@type":"WebSite","@id":"https:\/\/www.welovecycling.com\/pl\/#website","url":"https:\/\/www.welovecycling.com\/pl\/","name":"\u0160koda We Love Cycling - Poland","description":"","potentialAction":[{"@type":"SearchAction","target":{"@type":"EntryPoint","urlTemplate":"https:\/\/www.welovecycling.com\/pl\/?s={search_term_string}"},"query-input":{"@type":"PropertyValueSpecification","valueRequired":true,"valueName":"search_term_string"}}],"inLanguage":"pl-PL"},{"@type":"Person","@id":"https:\/\/www.welovecycling.com\/pl\/#\/schema\/person\/4a79bac7bd265aa6a35a1079d36648be","name":"oktawiamikulska","image":{"@type":"ImageObject","inLanguage":"pl-PL","@id":"https:\/\/www.welovecycling.com\/pl\/#\/schema\/person\/image\/","url":"https:\/\/secure.gravatar.com\/avatar\/b97a3f44e2de6d2f8dd358975937e49823662e12cbd810b9d1a2bff1c149e8a7?s=96&d=mm&r=g","contentUrl":"https:\/\/secure.gravatar.com\/avatar\/b97a3f44e2de6d2f8dd358975937e49823662e12cbd810b9d1a2bff1c149e8a7?s=96&d=mm&r=g","caption":"oktawiamikulska"},"url":"https:\/\/www.welovecycling.com\/pl\/author\/oktawiamikulska\/"}]}},"_links":{"self":[{"href":"https:\/\/www.welovecycling.com\/pl\/wp-json\/wp\/v2\/posts\/11277","targetHints":{"allow":["GET"]}}],"collection":[{"href":"https:\/\/www.welovecycling.com\/pl\/wp-json\/wp\/v2\/posts"}],"about":[{"href":"https:\/\/www.welovecycling.com\/pl\/wp-json\/wp\/v2\/types\/post"}],"author":[{"embeddable":true,"href":"https:\/\/www.welovecycling.com\/pl\/wp-json\/wp\/v2\/users\/125"}],"replies":[{"embeddable":true,"href":"https:\/\/www.welovecycling.com\/pl\/wp-json\/wp\/v2\/comments?post=11277"}],"version-history":[{"count":1,"href":"https:\/\/www.welovecycling.com\/pl\/wp-json\/wp\/v2\/posts\/11277\/revisions"}],"predecessor-version":[{"id":11279,"href":"https:\/\/www.welovecycling.com\/pl\/wp-json\/wp\/v2\/posts\/11277\/revisions\/11279"}],"wp:featuredmedia":[{"embeddable":true,"href":"https:\/\/www.welovecycling.com\/pl\/wp-json\/wp\/v2\/media\/11278"}],"wp:attachment":[{"href":"https:\/\/www.welovecycling.com\/pl\/wp-json\/wp\/v2\/media?parent=11277"}],"wp:term":[{"taxonomy":"category","embeddable":true,"href":"https:\/\/www.welovecycling.com\/pl\/wp-json\/wp\/v2\/categories?post=11277"},{"taxonomy":"post_tag","embeddable":true,"href":"https:\/\/www.welovecycling.com\/pl\/wp-json\/wp\/v2\/tags?post=11277"},{"taxonomy":"global-categories","embeddable":true,"href":"https:\/\/www.welovecycling.com\/pl\/wp-json\/wp\/v2\/global-categories?post=11277"}],"curies":[{"name":"wp","href":"https:\/\/api.w.org\/{rel}","templated":true}]}}