{"id":11236,"date":"2020-11-02T13:46:40","date_gmt":"2020-11-02T13:46:40","guid":{"rendered":"https:\/\/www.welovecycling.com\/pl\/?p=11236"},"modified":"2020-11-02T13:46:40","modified_gmt":"2020-11-02T13:46:40","slug":"wkrotce-wszystko-bedzie-wiadome-przed-kolarzami-tydzien-prawdy","status":"publish","type":"post","link":"https:\/\/www.welovecycling.com\/pl\/2020\/11\/02\/wkrotce-wszystko-bedzie-wiadome-przed-kolarzami-tydzien-prawdy\/","title":{"rendered":"Wkr\u00f3tce wszystko b\u0119dzie wiadome&#8230; Przed kolarzami tydzie\u0144 prawdy!"},"content":{"rendered":"<p>Ostatni tydzie\u0144, sze\u015b\u0107 etap\u00f3w i tylko jedna koszulka lidera \u2013 w Vuelta a zaczyna si\u0119 czas decyduj\u0105cych rozstrzygni\u0119\u0107, a walka o zwyci\u0119stwo zapowiada si\u0119 pasjonuj\u0105co.<\/p>\n<p>Przed nami ostatnie dni rywalizacji czo\u0142owych kolarzy \u015bwiata w tym roku. Po zaskakuj\u0105cym Tour de France i pasjonuj\u0105cym Giro d\u2019Italia, przychodzi kolej na rozstrzygni\u0119cie w Vuelta a Espa\u00f1a, kt\u00f3ra nie zamierza wypa\u015b\u0107 gorzej od konkurent\u00f3w.<\/p>\n<div class=\"embed-controller-wrapper\">\n<blockquote class=\"twitter-tweet\" data-width=\"500\" data-dnt=\"true\">\n<p lang=\"es\" dir=\"ltr\">\ud83d\udcf8 FOTO DEL D\u00cdA | PIC OF THE DAY \ud83d\ude0d<br \/>Powered by <a href=\"https:\/\/twitter.com\/fenieenergia?ref_src=twsrc%5Etfw\">@fenieenergia<\/a> <a href=\"https:\/\/twitter.com\/hashtag\/LaVuelta20?src=hash&amp;ref_src=twsrc%5Etfw\">#LaVuelta20<\/a><\/p>\n<p>\ud83d\udcf8 <a href=\"https:\/\/twitter.com\/charlylopezph?ref_src=twsrc%5Etfw\">@charlylopezph<\/a> <a href=\"https:\/\/t.co\/cnclTS25xb\">pic.twitter.com\/cnclTS25xb<\/a><\/p>\n<p>&mdash; La Vuelta (@lavuelta) <a href=\"https:\/\/twitter.com\/lavuelta\/status\/1323022005495541760?ref_src=twsrc%5Etfw\">November 1, 2020<\/a><\/p><\/blockquote>\n<p><script async data-src=\"https:\/\/platform.twitter.com\/widgets.js\" charset=\"utf-8\"><\/script><\/div>\n<p>Zawodnicy zrobili sporo, by kibice na ostatni tydzie\u0144 Vuelty czekali z niecierpliwo\u015bci\u0105. Podczas niedzielnego etapu dzia\u0142o si\u0119 wiele, cho\u0107 po cz\u0119\u015bci zawodnik\u00f3w ju\u017c wida\u0107, \u017ce powoli maj\u0105 serdecznie do\u015b\u0107 sezonu. Nie ma si\u0119 jednak co dziwi\u0107, skoro po blisko 100 km jazdy musieli jeszcze zmierzy\u0107 si\u0119 z morderczym podjazdem na Alto de l\u2019Angliru.<\/p>\n<p>Od pocz\u0105tku etapu trwa\u0142y , a do tego nale\u017ca\u0142o zmierzy\u0107 si\u0119 z wzniesieniami. Kolejni kolarze pr\u00f3bowali zabiera\u0107 si\u0119 do ucieczki, ale konkurencja wiedzia\u0142a, \u017ce nie mo\u017ce zdrzemn\u0105\u0107 si\u0119 nawet na sekund\u0119. Na czele dochodzi\u0142o do zmian, ale wszyscy i tak ostrzyli sobie z\u0119by na podjazd pod Alto de l\u2019Angliru. Uk\u0142ad by\u0142 prosty \u2013 kto odpadnie, mo\u017ce zapomnie\u0107 o dobrym miejscu w klasyfikacji generalnej.<\/p>\n<p>Dwa kilometry przed met\u0105 wy\u0142oni\u0142a si\u0119 niewielka grupa i by\u0142o wiadomo, \u017ce w niej znajduje si\u0119 przysz\u0142y zwyci\u0119zca etapu. Na 1000 metr\u00f3w przed kresk\u0105 na atak zdecydowa\u0142 si\u0119 Hugh Carthy (EF Pro Cycling) i okaza\u0142o si\u0119, \u017ce by\u0142a to ostatnia ofensywa tego dnia. Brytyjczyk odskoczy\u0142 jakby nap\u0119dzany paliwem atomowym i wygranej ju\u017c nie odda\u0142.<\/p>\n<p>Tym samym Carthy zaliczy\u0142 sw\u00f3j najwi\u0119kszy sukces w karierze. &#8211; Moje marzenie si\u0119 spe\u0142ni\u0142o. Trudno znale\u017a\u0107 s\u0142owa, kt\u00f3re by\u0142yby w stanie opisa\u0107, co czuj\u0119 \u2013 cieszy\u0142 si\u0119 na mecie Brytyjczyk, kt\u00f3ry dzi\u0119ki wygranej wskoczy\u0142 na trzecie miejsce klasyfikacji generalnej.<\/p>\n<div class=\"embed-controller-wrapper\">\n<blockquote class=\"twitter-tweet\" data-width=\"500\" data-dnt=\"true\">\n<p lang=\"es\" dir=\"ltr\">\u26a1\ufe0f \u00a1El ataque de Hugh Carthy, el momento energ\u00e9tico del d\u00eda by <a href=\"https:\/\/twitter.com\/NamedSport?ref_src=twsrc%5Etfw\">@NamedSport<\/a>!<\/p>\n<p> \u26a1\ufe0f Attack by Hugh Carthy! The energetic moment of the day by <a href=\"https:\/\/twitter.com\/NamedSport?ref_src=twsrc%5Etfw\">@NamedSport<\/a>!<a href=\"https:\/\/twitter.com\/hashtag\/LaVuelta20?src=hash&amp;ref_src=twsrc%5Etfw\">#LaVuelta20<\/a> <a href=\"https:\/\/t.co\/oXVvsOVgaD\">pic.twitter.com\/oXVvsOVgaD<\/a><\/p>\n<p>&mdash; La Vuelta (@lavuelta) <a href=\"https:\/\/twitter.com\/lavuelta\/status\/1322995828370280449?ref_src=twsrc%5Etfw\">November 1, 2020<\/a><\/p><\/blockquote>\n<p><script async data-src=\"https:\/\/platform.twitter.com\/widgets.js\" charset=\"utf-8\"><\/script><\/div>\n<p>Oczy kibic\u00f3w zwr\u00f3cone by\u0142y jednak na walk\u0119 faworyt\u00f3w wy\u015bciguRoglicia (Team Jumbo &#8211; Visma) i Richarda Carapaza (Ineos Grenadiers). Kryzys szybciej dopad\u0142 S\u0142owe\u0144ca, kt\u00f3ry zosta\u0142 z ty\u0142u, podczas gdy Carapaz ca\u0142y czas trzyma\u0142 si\u0119 blisko Carthy\u2019ego. Ostatecznie na met\u0119 wpad\u0142 jako czwarty, ale z 10-sekundow\u0105 przewag\u0105 nad Rogliciem. To wystarczy\u0142o, by Carapaz przej\u0105\u0142 czerwon\u0105 koszulk\u0119 lidera. \u2013 C\u00f3\u017c, to nie by\u0142 m\u00f3j najlepszy dzie\u0144, ale ju\u017c przygotowuj\u0119 si\u0119 na kolejne etapy \u2013 podkre\u015bla\u0142 S\u0142oweniec.<\/p>\n<div class=\"embed-controller-wrapper\">\n<blockquote class=\"twitter-tweet\" data-width=\"500\" data-dnt=\"true\">\n<p lang=\"en\" dir=\"ltr\">\u2764\ufe0fLas temidas rampas de L&#39;Angliru han vuelto a poner a <a href=\"https:\/\/twitter.com\/RichardCarapazM?ref_src=twsrc%5Etfw\">@RichardCarapazM<\/a> al mando de <a href=\"https:\/\/twitter.com\/hashtag\/LaVuelta20?src=hash&amp;ref_src=twsrc%5Etfw\">#LaVuelta20<\/a> <br \/>\ud83c\udfac \u00a1Disfruta del minuto de La Roja!<\/p>\n<p>\u2764\ufe0fCarapaz will wear the red jersey again as he showed his abilities in the slopes of L&#39;Angliru<br \/>\ud83c\udfac Tune in for the red jersey minute!<a href=\"https:\/\/twitter.com\/CarrefourES?ref_src=twsrc%5Etfw\">@CarrefourES<\/a> <a href=\"https:\/\/t.co\/53yuc36BE1\">pic.twitter.com\/53yuc36BE1<\/a><\/p>\n<p>&mdash; La Vuelta (@lavuelta) <a href=\"https:\/\/twitter.com\/lavuelta\/status\/1322967429593661441?ref_src=twsrc%5Etfw\">November 1, 2020<\/a><\/p><\/blockquote>\n<p><script async data-src=\"https:\/\/platform.twitter.com\/widgets.js\" charset=\"utf-8\"><\/script><\/div>\n<p>straty spr\u00f3buje odrobi\u0107 ju\u017c we wtorek, podczas jazdy indywidualnej na czas. Etap b\u0119dzie mia\u0142 niespe\u0142na 34 kilometry, ale zn\u00f3w poprowadzi g\u00f3rami. P\u00f3\u017aniej zawodnik\u00f3w czekaj\u0105 trzy dni jazdy po terenie pag\u00f3rkowatym, a w sobot\u0119 po raz ostatni zmierz\u0105 si\u0119 ze strzelistymi wzniesieniami na etapie Sequeros \u2013 La Covatilla. .<\/p>\n<p>Vuelta a Espa\u00f1a ko\u0144czy tegoroczne zmagania zawodnik\u00f3w, ale ju\u017c wiemy, \u017ce przysz\u0142y sezon rozpocznie si\u0119 p\u00f3\u017aniej. Wszystko dlatego, \u017ce Tour Down Under, , zosta\u0142 oficjalnie odwo\u0142any z powodu obostrze\u0144 zwi\u0105zanych z pandemi\u0105 koronawirusa w Australii.<\/p>\n<p>Odwo\u0142ano tak\u017ce Cadel Evans Great Ocean Road Race, kt\u00f3ry by\u0142 zaplanowany na 2 lutego.<\/p>\n<p>Teraz jednak ca\u0142y kolarski \u015bwiat czeka na rozstrzygni\u0119cia w Vuelta a Espa\u00f1a!<\/p>\n<p><span data-sheets-value=\"{&quot;1&quot;:2,&quot;2&quot;:&quot;Artyku\u0142 powsta\u0142 we wsp\u00f3\u0142pracy ze skoda-auto.pl&quot;}\" data-sheets-userformat=\"{&quot;2&quot;:1,&quot;3&quot;:{&quot;1&quot;:0}}\" data-sheets-hyperlink=\"http:\/\/www.skoda-auto.pl\/\"><a class=\"in-cell-link\" href=\"http:\/\/www.skoda-auto.pl\/\" target=\"_blank\" rel=\"noopener noreferrer\">Artyku\u0142 powsta\u0142 we wsp\u00f3\u0142pracy ze skoda-auto.pl<\/a><\/span><\/p>\n<p><a href=\"https:\/\/www.skoda-auto.pl\/modele\/karoq\">\u00a0<\/a><\/p>\n<p><a href=\"https:\/\/www.skoda-auto.pl\/modele\/karoq\"><img loading=\"lazy\" decoding=\"async\" class=\"aligncenter wp-image-9606 size-full\" src=\"https:\/\/d2p6e6u75xmxt8.cloudfront.net\/5\/2019\/08\/baner_WLC_640x350_1.png\" alt=\"\" width=\"640\" height=\"350\" srcset=\"https:\/\/d2p6e6u75xmxt8.cloudfront.net\/5\/2019\/08\/baner_WLC_640x350_1.png 640w, https:\/\/d2p6e6u75xmxt8.cloudfront.net\/5\/2019\/08\/baner_WLC_640x350_1-300x164.png 300w\" sizes=\"auto, (max-width: 640px) 100vw, 640px\" \/><\/a><\/p>\n<p>&nbsp;<\/p>\n","protected":false},"excerpt":{"rendered":"<p>Ostatni tydzie\u0144, sze\u015b\u0107 etap\u00f3w i tylko jedna koszulka lidera \u2013 w Vuelta a zaczyna si\u0119 czas decyduj\u0105cych rozstrzygni\u0119\u0107, a walka [&hellip;]<\/p>\n","protected":false},"author":125,"featured_media":11240,"comment_status":"open","ping_status":"open","sticky":false,"template":"","format":"standard","meta":{"footnotes":""},"categories":[6,295],"tags":[],"global-categories":[303],"class_list":["post-11236","post","type-post","status-publish","format-standard","has-post-thumbnail","hentry","category-kolarstwo-szosowe","category-zawody","global-categories-cycling"],"yoast_head":"<!-- This site is optimized with the Yoast SEO Premium plugin v25.3 (Yoast SEO v25.9) - https:\/\/yoast.com\/wordpress\/plugins\/seo\/ -->\n<title>Wkr\u00f3tce wszystko b\u0119dzie wiadome... Przed kolarzami tydzie\u0144 prawdy! - \u0160koda We Love Cycling - Poland<\/title>\n<meta name=\"robots\" content=\"index, follow, max-snippet:-1, max-image-preview:large, max-video-preview:-1\" \/>\n<link rel=\"canonical\" href=\"https:\/\/www.welovecycling.com\/pl\/2020\/11\/02\/wkrotce-wszystko-bedzie-wiadome-przed-kolarzami-tydzien-prawdy\/\" \/>\n<meta property=\"og:locale\" content=\"pl_PL\" \/>\n<meta property=\"og:type\" content=\"article\" \/>\n<meta property=\"og:title\" content=\"Wkr\u00f3tce wszystko b\u0119dzie wiadome... Przed kolarzami tydzie\u0144 prawdy!\" \/>\n<meta property=\"og:description\" content=\"Ostatni tydzie\u0144, sze\u015b\u0107 etap\u00f3w i tylko jedna koszulka lidera \u2013 w Vuelta a zaczyna si\u0119 czas decyduj\u0105cych rozstrzygni\u0119\u0107, a walka [&hellip;]\" \/>\n<meta property=\"og:url\" content=\"https:\/\/www.welovecycling.com\/pl\/2020\/11\/02\/wkrotce-wszystko-bedzie-wiadome-przed-kolarzami-tydzien-prawdy\/\" \/>\n<meta property=\"og:site_name\" content=\"\u0160koda We Love Cycling - Poland\" \/>\n<meta property=\"article:published_time\" content=\"2020-11-02T13:46:40+00:00\" \/>\n<meta property=\"og:image\" content=\"https:\/\/d2p6e6u75xmxt8.cloudfront.net\/5\/2020\/11\/Richard-Carapaz-profimedia-0566764778-CVR-1024x450-1.jpg\" \/>\n\t<meta property=\"og:image:width\" content=\"1024\" \/>\n\t<meta property=\"og:image:height\" content=\"450\" \/>\n\t<meta property=\"og:image:type\" content=\"image\/jpeg\" \/>\n<meta name=\"author\" content=\"oktawiamikulska\" \/>\n<meta name=\"twitter:card\" content=\"summary_large_image\" \/>\n<meta name=\"twitter:label1\" content=\"Written by\" \/>\n\t<meta name=\"twitter:data1\" content=\"Piotr Nowik\" \/>\n\t<meta name=\"twitter:label2\" content=\"Est. reading time\" \/>\n\t<meta name=\"twitter:data2\" content=\"3 minutes\" \/>\n<script type=\"application\/ld+json\" class=\"yoast-schema-graph\">{\"@context\":\"https:\/\/schema.org\",\"@graph\":[{\"@type\":\"WebPage\",\"@id\":\"https:\/\/www.welovecycling.com\/pl\/2020\/11\/02\/wkrotce-wszystko-bedzie-wiadome-przed-kolarzami-tydzien-prawdy\/\",\"url\":\"https:\/\/www.welovecycling.com\/pl\/2020\/11\/02\/wkrotce-wszystko-bedzie-wiadome-przed-kolarzami-tydzien-prawdy\/\",\"name\":\"Wkr\u00f3tce wszystko b\u0119dzie wiadome... Przed kolarzami tydzie\u0144 prawdy! - \u0160koda We Love Cycling - Poland\",\"isPartOf\":{\"@id\":\"https:\/\/www.welovecycling.com\/pl\/#website\"},\"primaryImageOfPage\":{\"@id\":\"https:\/\/www.welovecycling.com\/pl\/2020\/11\/02\/wkrotce-wszystko-bedzie-wiadome-przed-kolarzami-tydzien-prawdy\/#primaryimage\"},\"image\":{\"@id\":\"https:\/\/www.welovecycling.com\/pl\/2020\/11\/02\/wkrotce-wszystko-bedzie-wiadome-przed-kolarzami-tydzien-prawdy\/#primaryimage\"},\"thumbnailUrl\":\"https:\/\/d2p6e6u75xmxt8.cloudfront.net\/5\/2020\/11\/Richard-Carapaz-profimedia-0566764778-CVR-1024x450-1.jpg\",\"datePublished\":\"2020-11-02T13:46:40+00:00\",\"author\":{\"@id\":\"https:\/\/www.welovecycling.com\/pl\/#\/schema\/person\/4a79bac7bd265aa6a35a1079d36648be\"},\"breadcrumb\":{\"@id\":\"https:\/\/www.welovecycling.com\/pl\/2020\/11\/02\/wkrotce-wszystko-bedzie-wiadome-przed-kolarzami-tydzien-prawdy\/#breadcrumb\"},\"inLanguage\":\"pl-PL\",\"potentialAction\":[{\"@type\":\"ReadAction\",\"target\":[\"https:\/\/www.welovecycling.com\/pl\/2020\/11\/02\/wkrotce-wszystko-bedzie-wiadome-przed-kolarzami-tydzien-prawdy\/\"]}]},{\"@type\":\"ImageObject\",\"inLanguage\":\"pl-PL\",\"@id\":\"https:\/\/www.welovecycling.com\/pl\/2020\/11\/02\/wkrotce-wszystko-bedzie-wiadome-przed-kolarzami-tydzien-prawdy\/#primaryimage\",\"url\":\"https:\/\/d2p6e6u75xmxt8.cloudfront.net\/5\/2020\/11\/Richard-Carapaz-profimedia-0566764778-CVR-1024x450-1.jpg\",\"contentUrl\":\"https:\/\/d2p6e6u75xmxt8.cloudfront.net\/5\/2020\/11\/Richard-Carapaz-profimedia-0566764778-CVR-1024x450-1.jpg\",\"width\":1024,\"height\":450},{\"@type\":\"BreadcrumbList\",\"@id\":\"https:\/\/www.welovecycling.com\/pl\/2020\/11\/02\/wkrotce-wszystko-bedzie-wiadome-przed-kolarzami-tydzien-prawdy\/#breadcrumb\",\"itemListElement\":[{\"@type\":\"ListItem\",\"position\":1,\"name\":\"Home\",\"item\":\"https:\/\/www.welovecycling.com\/pl\/\"},{\"@type\":\"ListItem\",\"position\":2,\"name\":\"Wkr\u00f3tce wszystko b\u0119dzie wiadome&#8230; Przed kolarzami tydzie\u0144 prawdy!\"}]},{\"@type\":\"WebSite\",\"@id\":\"https:\/\/www.welovecycling.com\/pl\/#website\",\"url\":\"https:\/\/www.welovecycling.com\/pl\/\",\"name\":\"\u0160koda We Love Cycling - Poland\",\"description\":\"\",\"potentialAction\":[{\"@type\":\"SearchAction\",\"target\":{\"@type\":\"EntryPoint\",\"urlTemplate\":\"https:\/\/www.welovecycling.com\/pl\/?s={search_term_string}\"},\"query-input\":{\"@type\":\"PropertyValueSpecification\",\"valueRequired\":true,\"valueName\":\"search_term_string\"}}],\"inLanguage\":\"pl-PL\"},{\"@type\":\"Person\",\"@id\":\"https:\/\/www.welovecycling.com\/pl\/#\/schema\/person\/4a79bac7bd265aa6a35a1079d36648be\",\"name\":\"oktawiamikulska\",\"image\":{\"@type\":\"ImageObject\",\"inLanguage\":\"pl-PL\",\"@id\":\"https:\/\/www.welovecycling.com\/pl\/#\/schema\/person\/image\/\",\"url\":\"https:\/\/secure.gravatar.com\/avatar\/b97a3f44e2de6d2f8dd358975937e49823662e12cbd810b9d1a2bff1c149e8a7?s=96&d=mm&r=g\",\"contentUrl\":\"https:\/\/secure.gravatar.com\/avatar\/b97a3f44e2de6d2f8dd358975937e49823662e12cbd810b9d1a2bff1c149e8a7?s=96&d=mm&r=g\",\"caption\":\"oktawiamikulska\"},\"url\":\"https:\/\/www.welovecycling.com\/pl\/author\/oktawiamikulska\/\"}]}<\/script>\n<!-- \/ Yoast SEO Premium plugin. -->","yoast_head_json":{"title":"Wkr\u00f3tce wszystko b\u0119dzie wiadome... Przed kolarzami tydzie\u0144 prawdy! - \u0160koda We Love Cycling - Poland","robots":{"index":"index","follow":"follow","max-snippet":"max-snippet:-1","max-image-preview":"max-image-preview:large","max-video-preview":"max-video-preview:-1"},"canonical":"https:\/\/www.welovecycling.com\/pl\/2020\/11\/02\/wkrotce-wszystko-bedzie-wiadome-przed-kolarzami-tydzien-prawdy\/","og_locale":"pl_PL","og_type":"article","og_title":"Wkr\u00f3tce wszystko b\u0119dzie wiadome... Przed kolarzami tydzie\u0144 prawdy!","og_description":"Ostatni tydzie\u0144, sze\u015b\u0107 etap\u00f3w i tylko jedna koszulka lidera \u2013 w Vuelta a zaczyna si\u0119 czas decyduj\u0105cych rozstrzygni\u0119\u0107, a walka [&hellip;]","og_url":"https:\/\/www.welovecycling.com\/pl\/2020\/11\/02\/wkrotce-wszystko-bedzie-wiadome-przed-kolarzami-tydzien-prawdy\/","og_site_name":"\u0160koda We Love Cycling - Poland","article_published_time":"2020-11-02T13:46:40+00:00","og_image":[{"width":1024,"height":450,"url":"https:\/\/d2p6e6u75xmxt8.cloudfront.net\/5\/2020\/11\/Richard-Carapaz-profimedia-0566764778-CVR-1024x450-1.jpg","type":"image\/jpeg"}],"author":"oktawiamikulska","twitter_card":"summary_large_image","twitter_misc":{"Written by":"Piotr Nowik","Est. reading time":"3 minutes"},"schema":{"@context":"https:\/\/schema.org","@graph":[{"@type":"WebPage","@id":"https:\/\/www.welovecycling.com\/pl\/2020\/11\/02\/wkrotce-wszystko-bedzie-wiadome-przed-kolarzami-tydzien-prawdy\/","url":"https:\/\/www.welovecycling.com\/pl\/2020\/11\/02\/wkrotce-wszystko-bedzie-wiadome-przed-kolarzami-tydzien-prawdy\/","name":"Wkr\u00f3tce wszystko b\u0119dzie wiadome... Przed kolarzami tydzie\u0144 prawdy! - \u0160koda We Love Cycling - Poland","isPartOf":{"@id":"https:\/\/www.welovecycling.com\/pl\/#website"},"primaryImageOfPage":{"@id":"https:\/\/www.welovecycling.com\/pl\/2020\/11\/02\/wkrotce-wszystko-bedzie-wiadome-przed-kolarzami-tydzien-prawdy\/#primaryimage"},"image":{"@id":"https:\/\/www.welovecycling.com\/pl\/2020\/11\/02\/wkrotce-wszystko-bedzie-wiadome-przed-kolarzami-tydzien-prawdy\/#primaryimage"},"thumbnailUrl":"https:\/\/d2p6e6u75xmxt8.cloudfront.net\/5\/2020\/11\/Richard-Carapaz-profimedia-0566764778-CVR-1024x450-1.jpg","datePublished":"2020-11-02T13:46:40+00:00","author":{"@id":"https:\/\/www.welovecycling.com\/pl\/#\/schema\/person\/4a79bac7bd265aa6a35a1079d36648be"},"breadcrumb":{"@id":"https:\/\/www.welovecycling.com\/pl\/2020\/11\/02\/wkrotce-wszystko-bedzie-wiadome-przed-kolarzami-tydzien-prawdy\/#breadcrumb"},"inLanguage":"pl-PL","potentialAction":[{"@type":"ReadAction","target":["https:\/\/www.welovecycling.com\/pl\/2020\/11\/02\/wkrotce-wszystko-bedzie-wiadome-przed-kolarzami-tydzien-prawdy\/"]}]},{"@type":"ImageObject","inLanguage":"pl-PL","@id":"https:\/\/www.welovecycling.com\/pl\/2020\/11\/02\/wkrotce-wszystko-bedzie-wiadome-przed-kolarzami-tydzien-prawdy\/#primaryimage","url":"https:\/\/d2p6e6u75xmxt8.cloudfront.net\/5\/2020\/11\/Richard-Carapaz-profimedia-0566764778-CVR-1024x450-1.jpg","contentUrl":"https:\/\/d2p6e6u75xmxt8.cloudfront.net\/5\/2020\/11\/Richard-Carapaz-profimedia-0566764778-CVR-1024x450-1.jpg","width":1024,"height":450},{"@type":"BreadcrumbList","@id":"https:\/\/www.welovecycling.com\/pl\/2020\/11\/02\/wkrotce-wszystko-bedzie-wiadome-przed-kolarzami-tydzien-prawdy\/#breadcrumb","itemListElement":[{"@type":"ListItem","position":1,"name":"Home","item":"https:\/\/www.welovecycling.com\/pl\/"},{"@type":"ListItem","position":2,"name":"Wkr\u00f3tce wszystko b\u0119dzie wiadome&#8230; Przed kolarzami tydzie\u0144 prawdy!"}]},{"@type":"WebSite","@id":"https:\/\/www.welovecycling.com\/pl\/#website","url":"https:\/\/www.welovecycling.com\/pl\/","name":"\u0160koda We Love Cycling - Poland","description":"","potentialAction":[{"@type":"SearchAction","target":{"@type":"EntryPoint","urlTemplate":"https:\/\/www.welovecycling.com\/pl\/?s={search_term_string}"},"query-input":{"@type":"PropertyValueSpecification","valueRequired":true,"valueName":"search_term_string"}}],"inLanguage":"pl-PL"},{"@type":"Person","@id":"https:\/\/www.welovecycling.com\/pl\/#\/schema\/person\/4a79bac7bd265aa6a35a1079d36648be","name":"oktawiamikulska","image":{"@type":"ImageObject","inLanguage":"pl-PL","@id":"https:\/\/www.welovecycling.com\/pl\/#\/schema\/person\/image\/","url":"https:\/\/secure.gravatar.com\/avatar\/b97a3f44e2de6d2f8dd358975937e49823662e12cbd810b9d1a2bff1c149e8a7?s=96&d=mm&r=g","contentUrl":"https:\/\/secure.gravatar.com\/avatar\/b97a3f44e2de6d2f8dd358975937e49823662e12cbd810b9d1a2bff1c149e8a7?s=96&d=mm&r=g","caption":"oktawiamikulska"},"url":"https:\/\/www.welovecycling.com\/pl\/author\/oktawiamikulska\/"}]}},"_links":{"self":[{"href":"https:\/\/www.welovecycling.com\/pl\/wp-json\/wp\/v2\/posts\/11236","targetHints":{"allow":["GET"]}}],"collection":[{"href":"https:\/\/www.welovecycling.com\/pl\/wp-json\/wp\/v2\/posts"}],"about":[{"href":"https:\/\/www.welovecycling.com\/pl\/wp-json\/wp\/v2\/types\/post"}],"author":[{"embeddable":true,"href":"https:\/\/www.welovecycling.com\/pl\/wp-json\/wp\/v2\/users\/125"}],"replies":[{"embeddable":true,"href":"https:\/\/www.welovecycling.com\/pl\/wp-json\/wp\/v2\/comments?post=11236"}],"version-history":[{"count":2,"href":"https:\/\/www.welovecycling.com\/pl\/wp-json\/wp\/v2\/posts\/11236\/revisions"}],"predecessor-version":[{"id":11242,"href":"https:\/\/www.welovecycling.com\/pl\/wp-json\/wp\/v2\/posts\/11236\/revisions\/11242"}],"wp:featuredmedia":[{"embeddable":true,"href":"https:\/\/www.welovecycling.com\/pl\/wp-json\/wp\/v2\/media\/11240"}],"wp:attachment":[{"href":"https:\/\/www.welovecycling.com\/pl\/wp-json\/wp\/v2\/media?parent=11236"}],"wp:term":[{"taxonomy":"category","embeddable":true,"href":"https:\/\/www.welovecycling.com\/pl\/wp-json\/wp\/v2\/categories?post=11236"},{"taxonomy":"post_tag","embeddable":true,"href":"https:\/\/www.welovecycling.com\/pl\/wp-json\/wp\/v2\/tags?post=11236"},{"taxonomy":"global-categories","embeddable":true,"href":"https:\/\/www.welovecycling.com\/pl\/wp-json\/wp\/v2\/global-categories?post=11236"}],"curies":[{"name":"wp","href":"https:\/\/api.w.org\/{rel}","templated":true}]}}