{"id":11232,"date":"2020-10-30T13:34:41","date_gmt":"2020-10-30T13:34:41","guid":{"rendered":"https:\/\/www.welovecycling.com\/pl\/?p=11232"},"modified":"2020-10-30T13:34:41","modified_gmt":"2020-10-30T13:34:41","slug":"rowerzysci-wegetarianie-sa-szczuplejsi","status":"publish","type":"post","link":"https:\/\/www.welovecycling.com\/pl\/2020\/10\/30\/rowerzysci-wegetarianie-sa-szczuplejsi\/","title":{"rendered":"Rowerzy\u015bci wegetarianie s\u0105 szczuplejsi?"},"content":{"rendered":"<p><strong>Niedawne badanie obejmuj\u0105ce prawie 9000 os\u00f3b wykaza\u0142o, \u017ce wegetarianie wa\u017c\u0105 \u015brednio mniej ni\u017c ci, kt\u00f3rzy jedz\u0105 mi\u0119so. Dlaczego tak si\u0119 dzieje? Naukowcy z University Hospital w Lipsku i z Max Planck Institute for Human Cognitive and Brain Sciences pr\u00f3bowali odpowiedzie\u0107 na to pytanie.<\/strong><\/p>\n<p><a href=\"https:\/\/www.mdpi.com\/2072-6643\/12\/5\/1492\"><u>Badanie<\/u> <\/a>dotyczy\u0142o wp\u0142ywu wybor\u00f3w \u017cywieniowych na cia\u0142o i psychik\u0119, niezale\u017cnie od wieku, p\u0142ci i poziomu wykszta\u0142cenia. Naukowcy okre\u015blili indywidualne diety za pomoc\u0105 kwestionariuszy. Uczestnicy byli proszeni o podanie w nich, jak cz\u0119sto spo\u017cywali produkty pochodzenia zwierz\u0119cego w ci\u0105gu ostatnich 12 miesi\u0119cy: od \u201ekilka razy dziennie\u201d do \u201enigdy\u201d. Wyniki by\u0142y jednoznaczne \u2013 im mniej pokarm\u00f3w zwierz\u0119cych w diecie danej osoby, tym mniejszy u niej \u015bredni wska\u017anik masy cia\u0142a.<\/p>\n<figure id=\"attachment_179722\" aria-describedby=\"caption-attachment-179722\" style=\"width: 1024px\" class=\"wp-caption alignnone\"><img loading=\"lazy\" decoding=\"async\" class=\"initial loaded wp-image-179722 size-large\" src=\"https:\/\/d2p6e6u75xmxt8.cloudfront.net\/2\/2020\/09\/pexels-bulbfish-1143754-1024x682.jpg\" sizes=\"auto, (max-width: 1024px) 100vw, 1024px\" srcset=\"https:\/\/d2p6e6u75xmxt8.cloudfront.net\/2\/2020\/09\/pexels-bulbfish-1143754-1024x682.jpg 1024w, https:\/\/d2p6e6u75xmxt8.cloudfront.net\/2\/2020\/09\/pexels-bulbfish-1143754-300x200.jpg 300w, https:\/\/d2p6e6u75xmxt8.cloudfront.net\/2\/2020\/09\/pexels-bulbfish-1143754-768x512.jpg 768w, https:\/\/d2p6e6u75xmxt8.cloudfront.net\/2\/2020\/09\/pexels-bulbfish-1143754-272x182.jpg 272w, https:\/\/d2p6e6u75xmxt8.cloudfront.net\/2\/2020\/09\/pexels-bulbfish-1143754.jpg 1280w\" alt=\"Vegetarian Diet\" width=\"1024\" height=\"682\" data-was-processed=\"true\" \/><figcaption id=\"caption-attachment-179722\" class=\"wp-caption-text\">Aby w\u0142a\u015bciwie stosowa\u0107 diet\u0119 wegetaria\u0144sk\u0105, powiniene\u015b wiedzie\u0107, gdzie szuka\u0107 alternatywnych \u017ar\u00f3de\u0142 bia\u0142ka, witamin z grupy B, \u017celaza, wapnia, cynku, kwas\u00f3w t\u0142uszczowych omega-3 i innych kluczowych sk\u0142adnik\u00f3w od\u017cywczych.<\/figcaption><\/figure>\n<h2><strong>Czy problemem jest przetworzona \u017cywno\u015b\u0107?<\/strong><\/h2>\n<p>Pierwsza autorka badania, Evelyn Medawar, tak skomentowa\u0142a jeden z mo\u017cliwych powod\u00f3w takich wynik\u00f3w: \u201eSzczeg\u00f3lnie tucz\u0105ce s\u0105 produkty nadmiernie bogate w t\u0142uszcz i cukier. Pobudzaj\u0105 apetyt i op\u00f3\u017aniaj\u0105 uczucie syto\u015bci. Unikaj\u0105c pokarm\u00f3w pochodzenia zwierz\u0119cego, spo\u017cywasz zwykle mniej takich produkt\u00f3w. Dlatego ludzie, kt\u00f3rzy jedz\u0105 g\u0142\u00f3wnie produkty ro\u015blinne, mog\u0105 przyjmowa\u0107 mniej energii\u201d. Doda\u0142a te\u017c, \u017ce \u200b\u200bopr\u00f3cz innego poczucia syto\u015bci decyduj\u0105c\u0105 rol\u0119 mog\u0105 r\u00f3wnie\u017c odgrywa\u0107 czynniki zwi\u0105zane ze stylem \u017cycia, takie jak wi\u0119cej sportu i wi\u0119ksza \u015bwiadomo\u015b\u0107 zdrowotna.<\/p>\n<h2><strong>Mi\u0119so i w\u0119dliny maj\u0105 wi\u0119kszy negatywny wp\u0142yw ni\u017c jajka i nabia\u0142?<\/strong><\/h2>\n<p>Badanie wykaza\u0142o r\u00f3wnie\u017c, \u017ce spo\u017cywanie pierwotnych produkt\u00f3w pochodzenia zwierz\u0119cego, takich jak mi\u0119so, ryby i w\u0119dliny, korelowa\u0142o z wi\u0119ksz\u0105 wag\u0105 ni\u017c przyjmowanie wt\u00f3rnych produkt\u00f3w pochodzenia zwierz\u0119cego, takich jak jaja i nabia\u0142. Medawar poda\u0142a nast\u0119puj\u0105cy przyk\u0142ad: \u201eOsoba o \u015brednim wska\u017aniku masy cia\u0142a ni\u017cszym o 1,2 pkt albo ca\u0142kowicie unika pierwotnych produkt\u00f3w pochodzenia zwierz\u0119cego i jest na diecie wegetaria\u0144skiej, albo nadal je mi\u0119so i ryby, ale rzadziej. Na podstawie danych nie mo\u017cna jednak okre\u015bli\u0107, czy od\u017cywianie jest ostatecznie przyczyn\u0105 ni\u017cszej masy cia\u0142a, czy te\u017c inne czynniki s\u0105 za to odpowiedzialne\u201d.<\/p>\n<figure id=\"attachment_173458\" aria-describedby=\"caption-attachment-173458\" style=\"width: 1024px\" class=\"wp-caption alignnone\"><img loading=\"lazy\" decoding=\"async\" class=\"loading wp-image-173458 size-large\" src=\"https:\/\/d2p6e6u75xmxt8.cloudfront.net\/2\/2019\/04\/beef-beef-chuck-beef-steak-1539684-1024x697.jpg\" sizes=\"auto, (max-width: 1024px) 100vw, 1024px\" srcset=\"https:\/\/d2p6e6u75xmxt8.cloudfront.net\/2\/2019\/04\/beef-beef-chuck-beef-steak-1539684-1024x697.jpg 1024w, https:\/\/d2p6e6u75xmxt8.cloudfront.net\/2\/2019\/04\/beef-beef-chuck-beef-steak-1539684-300x204.jpg 300w, https:\/\/d2p6e6u75xmxt8.cloudfront.net\/2\/2019\/04\/beef-beef-chuck-beef-steak-1539684-768x523.jpg 768w, https:\/\/d2p6e6u75xmxt8.cloudfront.net\/2\/2019\/04\/beef-beef-chuck-beef-steak-1539684.jpg 1280w\" alt=\"Meat\" width=\"1024\" height=\"697\" data-was-processed=\"true\" \/><figcaption id=\"caption-attachment-173458\" class=\"wp-caption-text\">Przyjmowanie pierwotnych produkt\u00f3w zwierz\u0119cych korelowa\u0142o z wi\u0119ksz\u0105 mas\u0105 cia\u0142a ni\u017c w przypadku wt\u00f3rnych produkt\u00f3w zwierz\u0119cych. \u00a9 Profimedia<\/figcaption><\/figure>\n<h2><strong>Osoby niejedz\u0105ce mi\u0119sa s\u0105 bardziej introwertyczne?<\/strong><\/h2>\n<p>Badacze ocenili r\u00f3wnie\u017c cechy osobowo\u015bci badanych za pomoc\u0105 tzw. testu inwentaryzacji osobowo\u015bci. Dzi\u0119ki temu odkryli, \u017ce dieta wegetaria\u0144ska czy <u>wega\u0144ska<\/u> wi\u0105\u017c\u0105 si\u0119 r\u00f3wnie\u017c z osobowo\u015bci\u0105. Wykazano, \u017ce ludzie, kt\u00f3rzy w swojej diecie maj\u0105 g\u0142\u00f3wnie pokarmy ro\u015blinne, s\u0105 bardziej introwertyczni ni\u017c ci, kt\u00f3rzy jedz\u0105 wi\u0119cej produkt\u00f3w pochodzenia zwierz\u0119cego.<\/p>\n<p>\u201eTrudno powiedzie\u0107, dlaczego tak jest. Mo\u017ce to by\u0107 spowodowane tym, \u017ce bardziej introwertyczni ludzie maj\u0105 bardziej restrykcyjne nawyki \u017cywieniowe lub s\u0105 bardziej podzieleni spo\u0142ecznie ze wzgl\u0119du na te nawyki\u201d \u2013 podsumowa\u0142a Veronica Witte.<\/p>\n<p>A jak to jest u Ciebie? Czy by\u0142by\u015b sk\u0142onny ograniczy\u0107 diet\u0119 mi\u0119sn\u0105, aby mie\u0107 wi\u0119ksze szanse na obni\u017cenie wagi? Twoim zdaniem wegerowerzy\u015bci s\u0105 cz\u0119\u015bciej introwertyczni?<\/p>\n<p><span data-sheets-value=\"{&quot;1&quot;:2,&quot;2&quot;:&quot;Artyku\u0142 powsta\u0142 we wsp\u00f3\u0142pracy ze skoda-auto.pl&quot;}\" data-sheets-userformat=\"{&quot;2&quot;:1,&quot;3&quot;:{&quot;1&quot;:0}}\" data-sheets-hyperlink=\"http:\/\/www.skoda-auto.pl\/\"><a class=\"in-cell-link\" href=\"http:\/\/www.skoda-auto.pl\/\" target=\"_blank\" rel=\"noopener noreferrer\">Artyku\u0142 powsta\u0142 we wsp\u00f3\u0142pracy ze skoda-auto.pl<\/a><\/span><\/p>\n<p>&nbsp;<\/p>\n<p><a href=\"https:\/\/www.skoda-auto.pl\/modele\/karoq\"><img loading=\"lazy\" decoding=\"async\" class=\"aligncenter wp-image-9609 size-full loading\" src=\"https:\/\/d2p6e6u75xmxt8.cloudfront.net\/5\/2019\/08\/baner_WLC_640x350_4.png\" sizes=\"auto, (max-width: 640px) 100vw, 640px\" srcset=\"https:\/\/d2p6e6u75xmxt8.cloudfront.net\/5\/2019\/08\/baner_WLC_640x350_4.png 640w, https:\/\/d2p6e6u75xmxt8.cloudfront.net\/5\/2019\/08\/baner_WLC_640x350_4-300x164.png 300w\" alt=\"\" width=\"640\" height=\"350\" data-was-processed=\"true\" \/>\u00a0<\/a><\/p>\n<p>&nbsp;<\/p>\n","protected":false},"excerpt":{"rendered":"<p>Niedawne badanie obejmuj\u0105ce prawie 9000 os\u00f3b wykaza\u0142o, \u017ce wegetarianie wa\u017c\u0105 \u015brednio mniej ni\u017c ci, kt\u00f3rzy jedz\u0105 mi\u0119so. Dlaczego tak si\u0119 [&hellip;]<\/p>\n","protected":false},"author":125,"featured_media":11233,"comment_status":"open","ping_status":"open","sticky":false,"template":"","format":"standard","meta":{"footnotes":""},"categories":[4],"tags":[],"global-categories":[303],"class_list":["post-11232","post","type-post","status-publish","format-standard","has-post-thumbnail","hentry","category-zdrowie-i-trening","global-categories-cycling"],"yoast_head":"<!-- This site is optimized with the Yoast SEO Premium plugin v25.3 (Yoast SEO v25.9) - https:\/\/yoast.com\/wordpress\/plugins\/seo\/ -->\n<title>Rowerzy\u015bci wegetarianie s\u0105 szczuplejsi? - \u0160koda We Love Cycling - Poland<\/title>\n<meta name=\"description\" content=\"Niedawne badanie obejmuj\u0105ce prawie 9000 os\u00f3b wykaza\u0142o, \u017ce wegetarianie wa\u017c\u0105 \u015brednio mniej ni\u017c ci, kt\u00f3rzy jedz\u0105 mi\u0119so. Dlaczego tak si\u0119 dzieje? Naukowcy z University Hospital w Lipsku i z Max Planck Institute for Human Cognitive and Brain Sciences pr\u00f3bowali odpowiedzie\u0107 na to pytanie.\" \/>\n<meta name=\"robots\" content=\"index, follow, max-snippet:-1, max-image-preview:large, max-video-preview:-1\" \/>\n<link rel=\"canonical\" href=\"https:\/\/www.welovecycling.com\/pl\/2020\/10\/30\/rowerzysci-wegetarianie-sa-szczuplejsi\/\" \/>\n<meta property=\"og:locale\" content=\"pl_PL\" \/>\n<meta property=\"og:type\" content=\"article\" \/>\n<meta property=\"og:title\" content=\"Rowerzy\u015bci wegetarianie s\u0105 szczuplejsi?\" \/>\n<meta property=\"og:description\" content=\"Niedawne badanie obejmuj\u0105ce prawie 9000 os\u00f3b wykaza\u0142o, \u017ce wegetarianie wa\u017c\u0105 \u015brednio mniej ni\u017c ci, kt\u00f3rzy jedz\u0105 mi\u0119so. Dlaczego tak si\u0119 dzieje? Naukowcy z University Hospital w Lipsku i z Max Planck Institute for Human Cognitive and Brain Sciences pr\u00f3bowali odpowiedzie\u0107 na to pytanie.\" \/>\n<meta property=\"og:url\" content=\"https:\/\/www.welovecycling.com\/pl\/2020\/10\/30\/rowerzysci-wegetarianie-sa-szczuplejsi\/\" \/>\n<meta property=\"og:site_name\" content=\"\u0160koda We Love Cycling - Poland\" \/>\n<meta property=\"article:published_time\" content=\"2020-10-30T13:34:41+00:00\" \/>\n<meta property=\"og:image\" content=\"https:\/\/d2p6e6u75xmxt8.cloudfront.net\/5\/2020\/10\/vegetarian-pexels-ella-olsson-1640774-CVR-1024x450-1-1.jpg\" \/>\n\t<meta property=\"og:image:width\" content=\"1024\" \/>\n\t<meta property=\"og:image:height\" content=\"450\" \/>\n\t<meta property=\"og:image:type\" content=\"image\/jpeg\" \/>\n<meta name=\"author\" content=\"oktawiamikulska\" \/>\n<meta name=\"twitter:card\" content=\"summary_large_image\" \/>\n<meta name=\"twitter:label1\" content=\"Written by\" \/>\n\t<meta name=\"twitter:data1\" content=\"Jiri Kaloc\" \/>\n\t<meta name=\"twitter:label2\" content=\"Est. reading time\" \/>\n\t<meta name=\"twitter:data2\" content=\"3 minutes\" \/>\n<script type=\"application\/ld+json\" class=\"yoast-schema-graph\">{\"@context\":\"https:\/\/schema.org\",\"@graph\":[{\"@type\":\"WebPage\",\"@id\":\"https:\/\/www.welovecycling.com\/pl\/2020\/10\/30\/rowerzysci-wegetarianie-sa-szczuplejsi\/\",\"url\":\"https:\/\/www.welovecycling.com\/pl\/2020\/10\/30\/rowerzysci-wegetarianie-sa-szczuplejsi\/\",\"name\":\"Rowerzy\u015bci wegetarianie s\u0105 szczuplejsi? - \u0160koda We Love Cycling - Poland\",\"isPartOf\":{\"@id\":\"https:\/\/www.welovecycling.com\/pl\/#website\"},\"primaryImageOfPage\":{\"@id\":\"https:\/\/www.welovecycling.com\/pl\/2020\/10\/30\/rowerzysci-wegetarianie-sa-szczuplejsi\/#primaryimage\"},\"image\":{\"@id\":\"https:\/\/www.welovecycling.com\/pl\/2020\/10\/30\/rowerzysci-wegetarianie-sa-szczuplejsi\/#primaryimage\"},\"thumbnailUrl\":\"https:\/\/d2p6e6u75xmxt8.cloudfront.net\/5\/2020\/10\/vegetarian-pexels-ella-olsson-1640774-CVR-1024x450-1-1.jpg\",\"datePublished\":\"2020-10-30T13:34:41+00:00\",\"author\":{\"@id\":\"https:\/\/www.welovecycling.com\/pl\/#\/schema\/person\/4a79bac7bd265aa6a35a1079d36648be\"},\"description\":\"Niedawne badanie obejmuj\u0105ce prawie 9000 os\u00f3b wykaza\u0142o, \u017ce wegetarianie wa\u017c\u0105 \u015brednio mniej ni\u017c ci, kt\u00f3rzy jedz\u0105 mi\u0119so. Dlaczego tak si\u0119 dzieje? Naukowcy z University Hospital w Lipsku i z Max Planck Institute for Human Cognitive and Brain Sciences pr\u00f3bowali odpowiedzie\u0107 na to pytanie.\",\"breadcrumb\":{\"@id\":\"https:\/\/www.welovecycling.com\/pl\/2020\/10\/30\/rowerzysci-wegetarianie-sa-szczuplejsi\/#breadcrumb\"},\"inLanguage\":\"pl-PL\",\"potentialAction\":[{\"@type\":\"ReadAction\",\"target\":[\"https:\/\/www.welovecycling.com\/pl\/2020\/10\/30\/rowerzysci-wegetarianie-sa-szczuplejsi\/\"]}]},{\"@type\":\"ImageObject\",\"inLanguage\":\"pl-PL\",\"@id\":\"https:\/\/www.welovecycling.com\/pl\/2020\/10\/30\/rowerzysci-wegetarianie-sa-szczuplejsi\/#primaryimage\",\"url\":\"https:\/\/d2p6e6u75xmxt8.cloudfront.net\/5\/2020\/10\/vegetarian-pexels-ella-olsson-1640774-CVR-1024x450-1-1.jpg\",\"contentUrl\":\"https:\/\/d2p6e6u75xmxt8.cloudfront.net\/5\/2020\/10\/vegetarian-pexels-ella-olsson-1640774-CVR-1024x450-1-1.jpg\",\"width\":1024,\"height\":450},{\"@type\":\"BreadcrumbList\",\"@id\":\"https:\/\/www.welovecycling.com\/pl\/2020\/10\/30\/rowerzysci-wegetarianie-sa-szczuplejsi\/#breadcrumb\",\"itemListElement\":[{\"@type\":\"ListItem\",\"position\":1,\"name\":\"Home\",\"item\":\"https:\/\/www.welovecycling.com\/pl\/\"},{\"@type\":\"ListItem\",\"position\":2,\"name\":\"Rowerzy\u015bci wegetarianie s\u0105 szczuplejsi?\"}]},{\"@type\":\"WebSite\",\"@id\":\"https:\/\/www.welovecycling.com\/pl\/#website\",\"url\":\"https:\/\/www.welovecycling.com\/pl\/\",\"name\":\"\u0160koda We Love Cycling - Poland\",\"description\":\"\",\"potentialAction\":[{\"@type\":\"SearchAction\",\"target\":{\"@type\":\"EntryPoint\",\"urlTemplate\":\"https:\/\/www.welovecycling.com\/pl\/?s={search_term_string}\"},\"query-input\":{\"@type\":\"PropertyValueSpecification\",\"valueRequired\":true,\"valueName\":\"search_term_string\"}}],\"inLanguage\":\"pl-PL\"},{\"@type\":\"Person\",\"@id\":\"https:\/\/www.welovecycling.com\/pl\/#\/schema\/person\/4a79bac7bd265aa6a35a1079d36648be\",\"name\":\"oktawiamikulska\",\"image\":{\"@type\":\"ImageObject\",\"inLanguage\":\"pl-PL\",\"@id\":\"https:\/\/www.welovecycling.com\/pl\/#\/schema\/person\/image\/\",\"url\":\"https:\/\/secure.gravatar.com\/avatar\/b97a3f44e2de6d2f8dd358975937e49823662e12cbd810b9d1a2bff1c149e8a7?s=96&d=mm&r=g\",\"contentUrl\":\"https:\/\/secure.gravatar.com\/avatar\/b97a3f44e2de6d2f8dd358975937e49823662e12cbd810b9d1a2bff1c149e8a7?s=96&d=mm&r=g\",\"caption\":\"oktawiamikulska\"},\"url\":\"https:\/\/www.welovecycling.com\/pl\/author\/oktawiamikulska\/\"}]}<\/script>\n<!-- \/ Yoast SEO Premium plugin. -->","yoast_head_json":{"title":"Rowerzy\u015bci wegetarianie s\u0105 szczuplejsi? - \u0160koda We Love Cycling - Poland","description":"Niedawne badanie obejmuj\u0105ce prawie 9000 os\u00f3b wykaza\u0142o, \u017ce wegetarianie wa\u017c\u0105 \u015brednio mniej ni\u017c ci, kt\u00f3rzy jedz\u0105 mi\u0119so. Dlaczego tak si\u0119 dzieje? Naukowcy z University Hospital w Lipsku i z Max Planck Institute for Human Cognitive and Brain Sciences pr\u00f3bowali odpowiedzie\u0107 na to pytanie.","robots":{"index":"index","follow":"follow","max-snippet":"max-snippet:-1","max-image-preview":"max-image-preview:large","max-video-preview":"max-video-preview:-1"},"canonical":"https:\/\/www.welovecycling.com\/pl\/2020\/10\/30\/rowerzysci-wegetarianie-sa-szczuplejsi\/","og_locale":"pl_PL","og_type":"article","og_title":"Rowerzy\u015bci wegetarianie s\u0105 szczuplejsi?","og_description":"Niedawne badanie obejmuj\u0105ce prawie 9000 os\u00f3b wykaza\u0142o, \u017ce wegetarianie wa\u017c\u0105 \u015brednio mniej ni\u017c ci, kt\u00f3rzy jedz\u0105 mi\u0119so. Dlaczego tak si\u0119 dzieje? Naukowcy z University Hospital w Lipsku i z Max Planck Institute for Human Cognitive and Brain Sciences pr\u00f3bowali odpowiedzie\u0107 na to pytanie.","og_url":"https:\/\/www.welovecycling.com\/pl\/2020\/10\/30\/rowerzysci-wegetarianie-sa-szczuplejsi\/","og_site_name":"\u0160koda We Love Cycling - Poland","article_published_time":"2020-10-30T13:34:41+00:00","og_image":[{"width":1024,"height":450,"url":"https:\/\/d2p6e6u75xmxt8.cloudfront.net\/5\/2020\/10\/vegetarian-pexels-ella-olsson-1640774-CVR-1024x450-1-1.jpg","type":"image\/jpeg"}],"author":"oktawiamikulska","twitter_card":"summary_large_image","twitter_misc":{"Written by":"Jiri Kaloc","Est. reading time":"3 minutes"},"schema":{"@context":"https:\/\/schema.org","@graph":[{"@type":"WebPage","@id":"https:\/\/www.welovecycling.com\/pl\/2020\/10\/30\/rowerzysci-wegetarianie-sa-szczuplejsi\/","url":"https:\/\/www.welovecycling.com\/pl\/2020\/10\/30\/rowerzysci-wegetarianie-sa-szczuplejsi\/","name":"Rowerzy\u015bci wegetarianie s\u0105 szczuplejsi? - \u0160koda We Love Cycling - Poland","isPartOf":{"@id":"https:\/\/www.welovecycling.com\/pl\/#website"},"primaryImageOfPage":{"@id":"https:\/\/www.welovecycling.com\/pl\/2020\/10\/30\/rowerzysci-wegetarianie-sa-szczuplejsi\/#primaryimage"},"image":{"@id":"https:\/\/www.welovecycling.com\/pl\/2020\/10\/30\/rowerzysci-wegetarianie-sa-szczuplejsi\/#primaryimage"},"thumbnailUrl":"https:\/\/d2p6e6u75xmxt8.cloudfront.net\/5\/2020\/10\/vegetarian-pexels-ella-olsson-1640774-CVR-1024x450-1-1.jpg","datePublished":"2020-10-30T13:34:41+00:00","author":{"@id":"https:\/\/www.welovecycling.com\/pl\/#\/schema\/person\/4a79bac7bd265aa6a35a1079d36648be"},"description":"Niedawne badanie obejmuj\u0105ce prawie 9000 os\u00f3b wykaza\u0142o, \u017ce wegetarianie wa\u017c\u0105 \u015brednio mniej ni\u017c ci, kt\u00f3rzy jedz\u0105 mi\u0119so. Dlaczego tak si\u0119 dzieje? Naukowcy z University Hospital w Lipsku i z Max Planck Institute for Human Cognitive and Brain Sciences pr\u00f3bowali odpowiedzie\u0107 na to pytanie.","breadcrumb":{"@id":"https:\/\/www.welovecycling.com\/pl\/2020\/10\/30\/rowerzysci-wegetarianie-sa-szczuplejsi\/#breadcrumb"},"inLanguage":"pl-PL","potentialAction":[{"@type":"ReadAction","target":["https:\/\/www.welovecycling.com\/pl\/2020\/10\/30\/rowerzysci-wegetarianie-sa-szczuplejsi\/"]}]},{"@type":"ImageObject","inLanguage":"pl-PL","@id":"https:\/\/www.welovecycling.com\/pl\/2020\/10\/30\/rowerzysci-wegetarianie-sa-szczuplejsi\/#primaryimage","url":"https:\/\/d2p6e6u75xmxt8.cloudfront.net\/5\/2020\/10\/vegetarian-pexels-ella-olsson-1640774-CVR-1024x450-1-1.jpg","contentUrl":"https:\/\/d2p6e6u75xmxt8.cloudfront.net\/5\/2020\/10\/vegetarian-pexels-ella-olsson-1640774-CVR-1024x450-1-1.jpg","width":1024,"height":450},{"@type":"BreadcrumbList","@id":"https:\/\/www.welovecycling.com\/pl\/2020\/10\/30\/rowerzysci-wegetarianie-sa-szczuplejsi\/#breadcrumb","itemListElement":[{"@type":"ListItem","position":1,"name":"Home","item":"https:\/\/www.welovecycling.com\/pl\/"},{"@type":"ListItem","position":2,"name":"Rowerzy\u015bci wegetarianie s\u0105 szczuplejsi?"}]},{"@type":"WebSite","@id":"https:\/\/www.welovecycling.com\/pl\/#website","url":"https:\/\/www.welovecycling.com\/pl\/","name":"\u0160koda We Love Cycling - Poland","description":"","potentialAction":[{"@type":"SearchAction","target":{"@type":"EntryPoint","urlTemplate":"https:\/\/www.welovecycling.com\/pl\/?s={search_term_string}"},"query-input":{"@type":"PropertyValueSpecification","valueRequired":true,"valueName":"search_term_string"}}],"inLanguage":"pl-PL"},{"@type":"Person","@id":"https:\/\/www.welovecycling.com\/pl\/#\/schema\/person\/4a79bac7bd265aa6a35a1079d36648be","name":"oktawiamikulska","image":{"@type":"ImageObject","inLanguage":"pl-PL","@id":"https:\/\/www.welovecycling.com\/pl\/#\/schema\/person\/image\/","url":"https:\/\/secure.gravatar.com\/avatar\/b97a3f44e2de6d2f8dd358975937e49823662e12cbd810b9d1a2bff1c149e8a7?s=96&d=mm&r=g","contentUrl":"https:\/\/secure.gravatar.com\/avatar\/b97a3f44e2de6d2f8dd358975937e49823662e12cbd810b9d1a2bff1c149e8a7?s=96&d=mm&r=g","caption":"oktawiamikulska"},"url":"https:\/\/www.welovecycling.com\/pl\/author\/oktawiamikulska\/"}]}},"_links":{"self":[{"href":"https:\/\/www.welovecycling.com\/pl\/wp-json\/wp\/v2\/posts\/11232","targetHints":{"allow":["GET"]}}],"collection":[{"href":"https:\/\/www.welovecycling.com\/pl\/wp-json\/wp\/v2\/posts"}],"about":[{"href":"https:\/\/www.welovecycling.com\/pl\/wp-json\/wp\/v2\/types\/post"}],"author":[{"embeddable":true,"href":"https:\/\/www.welovecycling.com\/pl\/wp-json\/wp\/v2\/users\/125"}],"replies":[{"embeddable":true,"href":"https:\/\/www.welovecycling.com\/pl\/wp-json\/wp\/v2\/comments?post=11232"}],"version-history":[{"count":1,"href":"https:\/\/www.welovecycling.com\/pl\/wp-json\/wp\/v2\/posts\/11232\/revisions"}],"predecessor-version":[{"id":11234,"href":"https:\/\/www.welovecycling.com\/pl\/wp-json\/wp\/v2\/posts\/11232\/revisions\/11234"}],"wp:featuredmedia":[{"embeddable":true,"href":"https:\/\/www.welovecycling.com\/pl\/wp-json\/wp\/v2\/media\/11233"}],"wp:attachment":[{"href":"https:\/\/www.welovecycling.com\/pl\/wp-json\/wp\/v2\/media?parent=11232"}],"wp:term":[{"taxonomy":"category","embeddable":true,"href":"https:\/\/www.welovecycling.com\/pl\/wp-json\/wp\/v2\/categories?post=11232"},{"taxonomy":"post_tag","embeddable":true,"href":"https:\/\/www.welovecycling.com\/pl\/wp-json\/wp\/v2\/tags?post=11232"},{"taxonomy":"global-categories","embeddable":true,"href":"https:\/\/www.welovecycling.com\/pl\/wp-json\/wp\/v2\/global-categories?post=11232"}],"curies":[{"name":"wp","href":"https:\/\/api.w.org\/{rel}","templated":true}]}}