{"id":1123,"date":"2016-05-24T15:42:10","date_gmt":"2016-05-24T15:42:10","guid":{"rendered":"http:\/\/skoda-rowery.pl\/?p=1123"},"modified":"2016-12-05T08:53:24","modified_gmt":"2016-12-05T08:53:24","slug":"czy-samochod-wyprzedzi-samolot","status":"publish","type":"post","link":"https:\/\/www.welovecycling.com\/pl\/2016\/05\/24\/czy-samochod-wyprzedzi-samolot\/","title":{"rendered":"Czy samoch\u00f3d wyprzedzi samolot?"},"content":{"rendered":"<p style=\"text-align: justify\">Przysz\u0142y weekend zaplanowany? Mi\u0119dzy 28 a 29 maja zapraszamy do Poznania na wielkie podniebne widowisko! Pokazy Lotnicze Aerofestival to wspania\u0142y spektakl w wykonaniu \u015bwiatowej s\u0142awy mistrz\u00f3w awiacji.<!--more--><\/p>\n<p style=\"text-align: justify\">Na wydarzenie mo\u017cna przyjecha\u0107 rowerem i zostawi\u0107 go na bezpiecznym parkingu, kt\u00f3ry przygotowali\u015bmy razem z organizatorami. Na rowerzyst\u00f3w b\u0119dzie czeka\u0107 a\u017c 200 miejsc parkingowych.<\/p>\n<p style=\"text-align: justify\">W ramach wydarzenia czeka\u0107 na Was b\u0119d\u0105 dziesi\u0105tki statk\u00f3w powietrznych, 720 minut pokaz\u00f3w z 8 kraj\u00f3w \u015bwiata, wielka wystawa sprz\u0119tu lotniczego i wojskowego, a co najciekawsze\u2026 wy\u015bcig samochodu z samolotem!<\/p>\n<p style=\"text-align: justify\">Razem z redakcj\u0105 magazynu motoryzacyjnego Top Gear Polska specjalnie na Aerofestival przygotowali\u015bmy wyj\u0105tkowy pokaz mo\u017cliwo\u015bci \u0160KODY Octavia RS. Na specjalnie wydzielonej przestrzeni pasa startowego lotniska \u0141awica, samoch\u00f3d prowadzony przez redaktora naczelnego Top Gear Polska \u2013 Szymona So\u0142tysika, zmierzy si\u0119 z samolotem Extra 330 LC pilotowanym przez legend\u0119 polskiego lotnictwa, dow\u00f3dc\u0119 grupy akrobacyjnej \u017belazny p\u0142k. rez. dypl. in\u017c. pil. Wojciecha Krup\u0119.<\/p>\n<p style=\"text-align: justify\"><img loading=\"lazy\" decoding=\"async\" class=\"alignnone size-large wp-image-1124\" src=\"http:\/\/skoda-rowery.pl\/wp-content\/uploads\/2016\/05\/2016_05_23_aerofestival4-1024x678.jpg\" alt=\"2016_05_23_aerofestival4\" width=\"1024\" height=\"678\" srcset=\"https:\/\/d2p6e6u75xmxt8.cloudfront.net\/5\/2016\/05\/2016_05_23_aerofestival4-1024x678.jpg 1024w, https:\/\/d2p6e6u75xmxt8.cloudfront.net\/5\/2016\/05\/2016_05_23_aerofestival4-300x199.jpg 300w, https:\/\/d2p6e6u75xmxt8.cloudfront.net\/5\/2016\/05\/2016_05_23_aerofestival4-768x508.jpg 768w, https:\/\/d2p6e6u75xmxt8.cloudfront.net\/5\/2016\/05\/2016_05_23_aerofestival4.jpg 2047w\" sizes=\"auto, (max-width: 1024px) 100vw, 1024px\" \/><\/p>\n<p style=\"text-align: justify\">Dla wszystkich odwiedzaj\u0105cych przygotowali\u015bmy r\u00f3wnie\u017c ekspozycj\u0119 najnowszych modeli \u0160KODY, a podczas trwania wydarzenia nasza flota Superb VIP Shuttle zadba o komfortowy transport pilot\u00f3w i zaproszonych go\u015bci podczas festiwalu.<\/p>\n<p style=\"text-align: justify\">Co wsp\u00f3lnego ma \u0160koda z lotnictwem?<\/p>\n<p style=\"text-align: justify\">Spieszymy z wyja\u015bnieniem! Pod koniec lat dwudziestych zak\u0142ady \u0160koda wytwarza\u0142y silniki na licencji Lorraine-Dietrich o mocy 450 KM w uk\u0142adzie W12. Silniki te s\u0142u\u017cy\u0142y do nap\u0119du samolot\u00f3w francuskich, sprowadzanych i budowanych wg licencji, oraz mi\u0119dzy innymi polskiego PWS-10.<\/p>\n<p style=\"text-align: justify\">Zabierzcie ca\u0142\u0105 rodzin\u0119 na Aerofestival do Poznania i razem z nami przyjcie ekstremalne emocje!<\/p>\n<p style=\"text-align: justify\">Bilety dost\u0119pne na www.aerofestival.tixer.pl<\/p>\n","protected":false},"excerpt":{"rendered":"<p>Przysz\u0142y weekend zaplanowany? Mi\u0119dzy 28 a 29 maja zapraszamy do Poznania na wielkie podniebne widowisko! Pokazy Lotnicze Aerofestival to wspania\u0142y [&hellip;]<\/p>\n","protected":false},"author":1,"featured_media":1127,"comment_status":"open","ping_status":"closed","sticky":false,"template":"","format":"standard","meta":{"footnotes":""},"categories":[3],"tags":[36,59],"global-categories":[],"class_list":["post-1123","post","type-post","status-publish","format-standard","has-post-thumbnail","hentry","category-adrenalina","tag-aerofestival","tag-octaviars230"],"yoast_head":"<!-- This site is optimized with the Yoast SEO Premium plugin v25.3 (Yoast SEO v25.9) - https:\/\/yoast.com\/wordpress\/plugins\/seo\/ -->\n<title>Czy samoch\u00f3d wyprzedzi samolot? - \u0160koda We Love Cycling - Poland<\/title>\n<meta name=\"robots\" content=\"index, follow, max-snippet:-1, max-image-preview:large, max-video-preview:-1\" \/>\n<link rel=\"canonical\" href=\"https:\/\/www.welovecycling.com\/pl\/2016\/05\/24\/czy-samochod-wyprzedzi-samolot\/\" \/>\n<meta property=\"og:locale\" content=\"pl_PL\" \/>\n<meta property=\"og:type\" content=\"article\" \/>\n<meta property=\"og:title\" content=\"Czy samoch\u00f3d wyprzedzi samolot?\" \/>\n<meta property=\"og:description\" content=\"Przysz\u0142y weekend zaplanowany? Mi\u0119dzy 28 a 29 maja zapraszamy do Poznania na wielkie podniebne widowisko! Pokazy Lotnicze Aerofestival to wspania\u0142y [&hellip;]\" \/>\n<meta property=\"og:url\" content=\"https:\/\/www.welovecycling.com\/pl\/2016\/05\/24\/czy-samochod-wyprzedzi-samolot\/\" \/>\n<meta property=\"og:site_name\" content=\"\u0160koda We Love Cycling - Poland\" \/>\n<meta property=\"article:published_time\" content=\"2016-05-24T15:42:10+00:00\" \/>\n<meta property=\"article:modified_time\" content=\"2016-12-05T08:53:24+00:00\" \/>\n<meta property=\"og:image\" content=\"https:\/\/d2p6e6u75xmxt8.cloudfront.net\/5\/2016\/05\/2016_05_23_aerofestival6-1.jpg\" \/>\n\t<meta property=\"og:image:width\" content=\"2362\" \/>\n\t<meta property=\"og:image:height\" content=\"973\" \/>\n\t<meta property=\"og:image:type\" content=\"image\/jpeg\" \/>\n<meta name=\"author\" content=\"WeLoveCycling\" \/>\n<meta name=\"twitter:card\" content=\"summary_large_image\" \/>\n<meta name=\"twitter:label1\" content=\"Written by\" \/>\n\t<meta name=\"twitter:data1\" content=\"WeLoveCycling\" \/>\n\t<meta name=\"twitter:label2\" content=\"Est. reading time\" \/>\n\t<meta name=\"twitter:data2\" content=\"1 minute\" \/>\n<script type=\"application\/ld+json\" class=\"yoast-schema-graph\">{\"@context\":\"https:\/\/schema.org\",\"@graph\":[{\"@type\":\"WebPage\",\"@id\":\"https:\/\/www.welovecycling.com\/pl\/2016\/05\/24\/czy-samochod-wyprzedzi-samolot\/\",\"url\":\"https:\/\/www.welovecycling.com\/pl\/2016\/05\/24\/czy-samochod-wyprzedzi-samolot\/\",\"name\":\"Czy samoch\u00f3d wyprzedzi samolot? - \u0160koda We Love Cycling - Poland\",\"isPartOf\":{\"@id\":\"https:\/\/www.welovecycling.com\/pl\/#website\"},\"primaryImageOfPage\":{\"@id\":\"https:\/\/www.welovecycling.com\/pl\/2016\/05\/24\/czy-samochod-wyprzedzi-samolot\/#primaryimage\"},\"image\":{\"@id\":\"https:\/\/www.welovecycling.com\/pl\/2016\/05\/24\/czy-samochod-wyprzedzi-samolot\/#primaryimage\"},\"thumbnailUrl\":\"https:\/\/d2p6e6u75xmxt8.cloudfront.net\/5\/2016\/05\/2016_05_23_aerofestival6-1.jpg\",\"datePublished\":\"2016-05-24T15:42:10+00:00\",\"dateModified\":\"2016-12-05T08:53:24+00:00\",\"author\":{\"@id\":\"https:\/\/www.welovecycling.com\/pl\/#\/schema\/person\/e5187c9cac8dd619ebc7b41bd73c2fd9\"},\"breadcrumb\":{\"@id\":\"https:\/\/www.welovecycling.com\/pl\/2016\/05\/24\/czy-samochod-wyprzedzi-samolot\/#breadcrumb\"},\"inLanguage\":\"pl-PL\",\"potentialAction\":[{\"@type\":\"ReadAction\",\"target\":[\"https:\/\/www.welovecycling.com\/pl\/2016\/05\/24\/czy-samochod-wyprzedzi-samolot\/\"]}]},{\"@type\":\"ImageObject\",\"inLanguage\":\"pl-PL\",\"@id\":\"https:\/\/www.welovecycling.com\/pl\/2016\/05\/24\/czy-samochod-wyprzedzi-samolot\/#primaryimage\",\"url\":\"https:\/\/d2p6e6u75xmxt8.cloudfront.net\/5\/2016\/05\/2016_05_23_aerofestival6-1.jpg\",\"contentUrl\":\"https:\/\/d2p6e6u75xmxt8.cloudfront.net\/5\/2016\/05\/2016_05_23_aerofestival6-1.jpg\",\"width\":2362,\"height\":973},{\"@type\":\"BreadcrumbList\",\"@id\":\"https:\/\/www.welovecycling.com\/pl\/2016\/05\/24\/czy-samochod-wyprzedzi-samolot\/#breadcrumb\",\"itemListElement\":[{\"@type\":\"ListItem\",\"position\":1,\"name\":\"Home\",\"item\":\"https:\/\/www.welovecycling.com\/pl\/\"},{\"@type\":\"ListItem\",\"position\":2,\"name\":\"Czy samoch\u00f3d wyprzedzi samolot?\"}]},{\"@type\":\"WebSite\",\"@id\":\"https:\/\/www.welovecycling.com\/pl\/#website\",\"url\":\"https:\/\/www.welovecycling.com\/pl\/\",\"name\":\"\u0160koda We Love Cycling - Poland\",\"description\":\"\",\"potentialAction\":[{\"@type\":\"SearchAction\",\"target\":{\"@type\":\"EntryPoint\",\"urlTemplate\":\"https:\/\/www.welovecycling.com\/pl\/?s={search_term_string}\"},\"query-input\":{\"@type\":\"PropertyValueSpecification\",\"valueRequired\":true,\"valueName\":\"search_term_string\"}}],\"inLanguage\":\"pl-PL\"},{\"@type\":\"Person\",\"@id\":\"https:\/\/www.welovecycling.com\/pl\/#\/schema\/person\/e5187c9cac8dd619ebc7b41bd73c2fd9\",\"name\":\"WeLoveCycling\",\"image\":{\"@type\":\"ImageObject\",\"inLanguage\":\"pl-PL\",\"@id\":\"https:\/\/www.welovecycling.com\/pl\/#\/schema\/person\/image\/\",\"url\":\"https:\/\/secure.gravatar.com\/avatar\/7e1ee0ecc5e294b19ef32b9f6086e0afbb9da00c3cb0d465ba4695331f4a9187?s=96&d=mm&r=g\",\"contentUrl\":\"https:\/\/secure.gravatar.com\/avatar\/7e1ee0ecc5e294b19ef32b9f6086e0afbb9da00c3cb0d465ba4695331f4a9187?s=96&d=mm&r=g\",\"caption\":\"WeLoveCycling\"},\"url\":\"https:\/\/www.welovecycling.com\/pl\/author\/lukascech\/\"}]}<\/script>\n<!-- \/ Yoast SEO Premium plugin. -->","yoast_head_json":{"title":"Czy samoch\u00f3d wyprzedzi samolot? - \u0160koda We Love Cycling - Poland","robots":{"index":"index","follow":"follow","max-snippet":"max-snippet:-1","max-image-preview":"max-image-preview:large","max-video-preview":"max-video-preview:-1"},"canonical":"https:\/\/www.welovecycling.com\/pl\/2016\/05\/24\/czy-samochod-wyprzedzi-samolot\/","og_locale":"pl_PL","og_type":"article","og_title":"Czy samoch\u00f3d wyprzedzi samolot?","og_description":"Przysz\u0142y weekend zaplanowany? Mi\u0119dzy 28 a 29 maja zapraszamy do Poznania na wielkie podniebne widowisko! Pokazy Lotnicze Aerofestival to wspania\u0142y [&hellip;]","og_url":"https:\/\/www.welovecycling.com\/pl\/2016\/05\/24\/czy-samochod-wyprzedzi-samolot\/","og_site_name":"\u0160koda We Love Cycling - Poland","article_published_time":"2016-05-24T15:42:10+00:00","article_modified_time":"2016-12-05T08:53:24+00:00","og_image":[{"width":2362,"height":973,"url":"https:\/\/d2p6e6u75xmxt8.cloudfront.net\/5\/2016\/05\/2016_05_23_aerofestival6-1.jpg","type":"image\/jpeg"}],"author":"WeLoveCycling","twitter_card":"summary_large_image","twitter_misc":{"Written by":"WeLoveCycling","Est. reading time":"1 minute"},"schema":{"@context":"https:\/\/schema.org","@graph":[{"@type":"WebPage","@id":"https:\/\/www.welovecycling.com\/pl\/2016\/05\/24\/czy-samochod-wyprzedzi-samolot\/","url":"https:\/\/www.welovecycling.com\/pl\/2016\/05\/24\/czy-samochod-wyprzedzi-samolot\/","name":"Czy samoch\u00f3d wyprzedzi samolot? - \u0160koda We Love Cycling - Poland","isPartOf":{"@id":"https:\/\/www.welovecycling.com\/pl\/#website"},"primaryImageOfPage":{"@id":"https:\/\/www.welovecycling.com\/pl\/2016\/05\/24\/czy-samochod-wyprzedzi-samolot\/#primaryimage"},"image":{"@id":"https:\/\/www.welovecycling.com\/pl\/2016\/05\/24\/czy-samochod-wyprzedzi-samolot\/#primaryimage"},"thumbnailUrl":"https:\/\/d2p6e6u75xmxt8.cloudfront.net\/5\/2016\/05\/2016_05_23_aerofestival6-1.jpg","datePublished":"2016-05-24T15:42:10+00:00","dateModified":"2016-12-05T08:53:24+00:00","author":{"@id":"https:\/\/www.welovecycling.com\/pl\/#\/schema\/person\/e5187c9cac8dd619ebc7b41bd73c2fd9"},"breadcrumb":{"@id":"https:\/\/www.welovecycling.com\/pl\/2016\/05\/24\/czy-samochod-wyprzedzi-samolot\/#breadcrumb"},"inLanguage":"pl-PL","potentialAction":[{"@type":"ReadAction","target":["https:\/\/www.welovecycling.com\/pl\/2016\/05\/24\/czy-samochod-wyprzedzi-samolot\/"]}]},{"@type":"ImageObject","inLanguage":"pl-PL","@id":"https:\/\/www.welovecycling.com\/pl\/2016\/05\/24\/czy-samochod-wyprzedzi-samolot\/#primaryimage","url":"https:\/\/d2p6e6u75xmxt8.cloudfront.net\/5\/2016\/05\/2016_05_23_aerofestival6-1.jpg","contentUrl":"https:\/\/d2p6e6u75xmxt8.cloudfront.net\/5\/2016\/05\/2016_05_23_aerofestival6-1.jpg","width":2362,"height":973},{"@type":"BreadcrumbList","@id":"https:\/\/www.welovecycling.com\/pl\/2016\/05\/24\/czy-samochod-wyprzedzi-samolot\/#breadcrumb","itemListElement":[{"@type":"ListItem","position":1,"name":"Home","item":"https:\/\/www.welovecycling.com\/pl\/"},{"@type":"ListItem","position":2,"name":"Czy samoch\u00f3d wyprzedzi samolot?"}]},{"@type":"WebSite","@id":"https:\/\/www.welovecycling.com\/pl\/#website","url":"https:\/\/www.welovecycling.com\/pl\/","name":"\u0160koda We Love Cycling - Poland","description":"","potentialAction":[{"@type":"SearchAction","target":{"@type":"EntryPoint","urlTemplate":"https:\/\/www.welovecycling.com\/pl\/?s={search_term_string}"},"query-input":{"@type":"PropertyValueSpecification","valueRequired":true,"valueName":"search_term_string"}}],"inLanguage":"pl-PL"},{"@type":"Person","@id":"https:\/\/www.welovecycling.com\/pl\/#\/schema\/person\/e5187c9cac8dd619ebc7b41bd73c2fd9","name":"WeLoveCycling","image":{"@type":"ImageObject","inLanguage":"pl-PL","@id":"https:\/\/www.welovecycling.com\/pl\/#\/schema\/person\/image\/","url":"https:\/\/secure.gravatar.com\/avatar\/7e1ee0ecc5e294b19ef32b9f6086e0afbb9da00c3cb0d465ba4695331f4a9187?s=96&d=mm&r=g","contentUrl":"https:\/\/secure.gravatar.com\/avatar\/7e1ee0ecc5e294b19ef32b9f6086e0afbb9da00c3cb0d465ba4695331f4a9187?s=96&d=mm&r=g","caption":"WeLoveCycling"},"url":"https:\/\/www.welovecycling.com\/pl\/author\/lukascech\/"}]}},"_links":{"self":[{"href":"https:\/\/www.welovecycling.com\/pl\/wp-json\/wp\/v2\/posts\/1123","targetHints":{"allow":["GET"]}}],"collection":[{"href":"https:\/\/www.welovecycling.com\/pl\/wp-json\/wp\/v2\/posts"}],"about":[{"href":"https:\/\/www.welovecycling.com\/pl\/wp-json\/wp\/v2\/types\/post"}],"author":[{"embeddable":true,"href":"https:\/\/www.welovecycling.com\/pl\/wp-json\/wp\/v2\/users\/1"}],"replies":[{"embeddable":true,"href":"https:\/\/www.welovecycling.com\/pl\/wp-json\/wp\/v2\/comments?post=1123"}],"version-history":[{"count":1,"href":"https:\/\/www.welovecycling.com\/pl\/wp-json\/wp\/v2\/posts\/1123\/revisions"}],"predecessor-version":[{"id":2459,"href":"https:\/\/www.welovecycling.com\/pl\/wp-json\/wp\/v2\/posts\/1123\/revisions\/2459"}],"wp:featuredmedia":[{"embeddable":true,"href":"https:\/\/www.welovecycling.com\/pl\/wp-json\/wp\/v2\/media\/1127"}],"wp:attachment":[{"href":"https:\/\/www.welovecycling.com\/pl\/wp-json\/wp\/v2\/media?parent=1123"}],"wp:term":[{"taxonomy":"category","embeddable":true,"href":"https:\/\/www.welovecycling.com\/pl\/wp-json\/wp\/v2\/categories?post=1123"},{"taxonomy":"post_tag","embeddable":true,"href":"https:\/\/www.welovecycling.com\/pl\/wp-json\/wp\/v2\/tags?post=1123"},{"taxonomy":"global-categories","embeddable":true,"href":"https:\/\/www.welovecycling.com\/pl\/wp-json\/wp\/v2\/global-categories?post=1123"}],"curies":[{"name":"wp","href":"https:\/\/api.w.org\/{rel}","templated":true}]}}