{"id":11220,"date":"2020-10-26T17:40:18","date_gmt":"2020-10-26T17:40:18","guid":{"rendered":"https:\/\/www.welovecycling.com\/pl\/?p=11220"},"modified":"2020-10-26T17:40:50","modified_gmt":"2020-10-26T17:40:50","slug":"mlodzi-znow-rozdaja-karty-niesamowita-koncowka-giro-ditalia","status":"publish","type":"post","link":"https:\/\/www.welovecycling.com\/pl\/2020\/10\/26\/mlodzi-znow-rozdaja-karty-niesamowita-koncowka-giro-ditalia\/","title":{"rendered":"M\u0142odzi zn\u00f3w rozdaj\u0105 karty! Niesamowita ko\u0144c\u00f3wka Giro d\u2019Italia"},"content":{"rendered":"<p><strong>Co to by\u0142 za wy\u015bcig! Przed ostatnim etapem dw\u00f3ch zawodnik\u00f3w mia\u0142o identyczny czas, ale czas\u00f3wka nie pozostawi\u0142a ju\u017c w\u0105tpliwo\u015bci. Tao Geoghegan Hart (Team Ineos Grenadiers) wygra\u0142 103. Giro d\u2019Italia!<\/strong><\/p>\n<div class=\"embed-controller-wrapper\">\n<blockquote class=\"twitter-tweet\" data-width=\"500\" data-dnt=\"true\">\n<p lang=\"es\" dir=\"ltr\">\ud83d\udc97 AMORE INFINITO \ud83d\udc97 <a href=\"https:\/\/twitter.com\/hashtag\/Giro?src=hash&amp;ref_src=twsrc%5Etfw\">#Giro<\/a> <a href=\"https:\/\/t.co\/mI9HplJ6jF\">pic.twitter.com\/mI9HplJ6jF<\/a><\/p>\n<p>&mdash; Giro d&#39;Italia (@giroditalia) <a href=\"https:\/\/twitter.com\/giroditalia\/status\/1320396985191567361?ref_src=twsrc%5Etfw\">October 25, 2020<\/a><\/p><\/blockquote>\n<p><script async data-src=\"https:\/\/platform.twitter.com\/widgets.js\" charset=\"utf-8\"><\/script><\/div>\n<p>&#8211; Kiedy zaczynali\u015bmy wy\u015bcig, to nawet nie marzy\u0142em o takim wyniku. Liczy\u0142em na czo\u0142ow\u0105 \u201e10\u201d, najwy\u017cej \u201e5\u201d, ale nic wi\u0119cej \u2013 m\u00f3wi\u0142 na mecie szcz\u0119\u015bliwy 25-letni Brytyjczyk, kt\u00f3ry wygra\u0142 tak\u017ce klasyfikacj\u0119<\/p>\n<p>Emocje w wy\u015bcigu by\u0142y do ostatniego dnia. Przed niedzieln\u0105 czas\u00f3wk\u0105 ulicami Mediolanu Geoghegan mia\u0142 identyczny czas jak Jai Hindley (Tema Sunweb). By\u0142o wi\u0119c jasne, \u017ce wszystko rozstrzygnie si\u0119 na niedzielnym 16-kilometrowym odcinku<\/p>\n<p>&#8211; Umr\u0119 na rowerze, byle wygra\u0107. To b\u0119dzie czas\u00f3wka mojego \u017cycia \u2013 zapowiada\u0142 Jai.<\/p>\n<p>&#8211; Jeszcze jeden krok, przyjacielu \u2013 zagrzewa\u0142 z kolei Geoghegana Micha\u0142 Kwiatkowski, jego kolega z zespo\u0142u.<\/p>\n<div class=\"embed-controller-wrapper\">\n<blockquote class=\"twitter-tweet\" data-width=\"500\" data-dnt=\"true\">\n<p lang=\"en\" dir=\"ltr\">TA\u2b55\ufe0f\u2019Italia \ud83d\udd25<br \/>One more step buddy \ud83d\udcaa\ud83c\udffb<a href=\"https:\/\/twitter.com\/INEOSGrenadiers?ref_src=twsrc%5Etfw\">@INEOSGrenadiers<\/a> <a href=\"https:\/\/twitter.com\/taogeoghegan?ref_src=twsrc%5Etfw\">@taogeoghegan<\/a> <a href=\"https:\/\/t.co\/zBm064eALm\">pic.twitter.com\/zBm064eALm<\/a><\/p>\n<p>&mdash; Micha\u0142 Kwiatkowski (@kwiato) <a href=\"https:\/\/twitter.com\/kwiato\/status\/1320005562101366784?ref_src=twsrc%5Etfw\">October 24, 2020<\/a><\/p><\/blockquote>\n<p><script async data-src=\"https:\/\/platform.twitter.com\/widgets.js\" charset=\"utf-8\"><\/script><\/div>\n<p><em>Faworytem ostatniego etapu by\u0142 Geoghegan, kt\u00f3ry nie zawi\u00f3d\u0142 i od pierwszych kilometr\u00f3w budowa\u0142 przewag\u0119. A gdy by\u0142a ona ju\u017c wystraczaj\u0105ca, zacz\u0105\u0142 jecha\u0107 bardziej asekurancko.<\/em><\/p>\n<p>&#8211; Wiedzia\u0142em, \u017ce sytuacja jest dobra, gdy na ostatnich kilometrach dyrektor sportowy zacz\u0105\u0142 krzycze\u0107, \u017cebym jecha\u0142 bez ryzyka \u2013 przyzna\u0142 na mecie.<\/p>\n<p>A jego walka o triumf i rado\u015b\u0107 wygl\u0105da\u0142y tak:<\/p>\n<div class=\"embed-controller-wrapper\">\n<blockquote class=\"twitter-tweet\" data-width=\"500\" data-dnt=\"true\">\n<p lang=\"it\" dir=\"ltr\">Everything is about timing.<br \/>As it is in life, likewise it is for the Amore Infinito. Giro d\u2019Italia 2020<\/p>\n<p>Tutto \u00e8 questione di tempo.<br \/>Nella vita e per l&#39;Amore Infinito. Giro d&#39;Italia 2020<a href=\"https:\/\/twitter.com\/hashtag\/Giro?src=hash&amp;ref_src=twsrc%5Etfw\">#Giro<\/a> <a href=\"https:\/\/t.co\/TWWrCXvhVB\">pic.twitter.com\/TWWrCXvhVB<\/a><\/p>\n<p>&mdash; Giro d&#39;Italia (@giroditalia) <a href=\"https:\/\/twitter.com\/giroditalia\/status\/1320481511028756481?ref_src=twsrc%5Etfw\">October 25, 2020<\/a><\/p><\/blockquote>\n<p><script async data-src=\"https:\/\/platform.twitter.com\/widgets.js\" charset=\"utf-8\"><\/script><\/div>\n<p>To pierwsze tak wielkie zwyci\u0119stwo Brytyjczyka. Rok temu Giro d\u2019Italia nie uko\u0144czy\u0142, w Tour de France jeszcze nigdy nie startowa\u0142, a w Vuelta a Espana zajmowa\u0142 62. oraz 20. miejsce. Teraz jednak pojawiaj\u0105 si\u0119 pytania, czy to nie on przejmie pa\u0142eczk\u0119 od innych wielkich zawodnik\u00f3w Team Ineos Grenadiers, czyli Christophera Froome\u2019a i Gerainta Thomasa.<\/p>\n<p>&#8211; Nie chc\u0119 nawet my\u015ble\u0107 o tym, czy p\u00f3jd\u0119 w czyje\u015b \u015blady. Chc\u0119 po prostu robi\u0107 to, co dot\u0105d, czyli je\u017adzi\u0107 na rowerze i cieszy\u0107 si\u0119 \u017cyciem \u2013 podkre\u015bla\u0142 na mecie Geoghegan.<\/p>\n<p>Tegoroczne Giro d\u2019Italia nie by\u0142o udane dla Rafa\u0142a Majki. W\u0142oski wy\u015bcig Polak zawsze ko\u0144czy\u0142 w pierwszej \u201e10\u201d, ale tym razem z niej wypad\u0142. Zdecydowa\u0142 o tym przedostatni etap, kt\u00f3ry Majka zako\u0144czy\u0142 dopiero na 48. miejscu. M\u0119czarni\u0105 okaza\u0142a si\u0119 nie tylko wspinaczka do Sestriere, ale przede wszystkim walka z os\u0142abionym chorob\u0105 organizmem.<\/p>\n<p>&#8211; Problemy, z kt\u00f3rymi zmaga\u0142em si\u0119 przez ostatnie dni sprawi\u0142y, \u017ce nie mog\u0142em dzi\u015b podj\u0105\u0107 walki. Wczoraj my\u015bla\u0142em nawet o wycofaniu si\u0119 z wy\u015bcigu, ale poddanie si\u0119 2 dni przez ko\u0144cem by\u0142oby p\u00f3j\u015bciem na \u0142atwizn\u0119 \u2013 napisa\u0142 Majka.<\/p>\n<div class=\"embed-controller-wrapper\">\n<blockquote class=\"twitter-tweet\" data-width=\"500\" data-dnt=\"true\">\n<p lang=\"pl\" dir=\"ltr\">Problemy, z kt\u00f3rymi zmaga\u0142em si\u0119 przez ostatnie dni sprawi\u0142y, \u017ce nie mog\u0142em dzi\u015b podj\u0105\u0107 walki. Wczoraj my\u015bla\u0142em nawet o wycofaniu si\u0119 z wy\u015bcigu, ale poddanie si\u0119 2 dni przez ko\u0144cem by\u0142oby p\u00f3j\u015bciem na \u0142atwizn\u0119.<a href=\"https:\/\/twitter.com\/hashtag\/BORAhansgrohe?src=hash&amp;ref_src=twsrc%5Etfw\">#BORAhansgrohe<\/a> <a href=\"https:\/\/twitter.com\/hashtag\/BandOfBrothers?src=hash&amp;ref_src=twsrc%5Etfw\">#BandOfBrothers<\/a> <a href=\"https:\/\/twitter.com\/hashtag\/Giro?src=hash&amp;ref_src=twsrc%5Etfw\">#Giro<\/a> <a href=\"https:\/\/t.co\/eTk8XWUxkh\">pic.twitter.com\/eTk8XWUxkh<\/a><\/p>\n<p>&mdash; Rafa\u0142 Majka (@majkaformal) <a href=\"https:\/\/twitter.com\/majkaformal\/status\/1320122278198300672?ref_src=twsrc%5Etfw\">October 24, 2020<\/a><\/p><\/blockquote>\n<p><script async data-src=\"https:\/\/platform.twitter.com\/widgets.js\" charset=\"utf-8\"><\/script><\/div>\n<p>Ostatecznie Polak w klasyfikacji generalnej zaj\u0105\u0142 12. miejsce. Klasyfikacj\u0119 punktow\u0105 103. Giro d\u2019Italia wygra\u0142 Arnaud D\u00e9mare (Groupama-FDJ), g\u00f3rsk\u0105 Ruben Guerreiro (EF Pro Cycling), a sprintersk\u0105 Simon Pellaud (Androni Giocattoli-Sidermec). Z kolei najaktywniejszym zawodnikiem wy\u015bcigu zosta\u0142 Thomas De Gendt (Lotto-Soudal).<\/p>\n<p>Po zako\u0144czeniu Giro d\u2019Italia oczy wszystkich kibic\u00f3w kolarstwa skierowa\u0142y si\u0119 na Hiszpani\u0119, gdzie trwa ostatni wy\u015bcig sezonu \u2013 Vuelta a Espana. Na razie liderem klasyfikacji generalnej jest Richard Carapaz (Team Ineos Grenadiers). Koszulk\u0119 lidera przej\u0105\u0142 od Primo\u017ca Roglicia (Jumbo-Visma), kt\u00f3ry podczas niedzielnego etapu mia\u0142 problemy z\u2026 kurtk\u0105, kt\u00f3rej nie by\u0142 w stanie zapi\u0105\u0107. Ostatecznie S\u0142owe\u0144cowi uda\u0142o si\u0119 dogoni\u0107 peleton, ale na ostatnim podje\u017adzie zabrak\u0142o mu si\u0142 do walki z najlepszymi i w klasyfikacji generalnej spad\u0142 na czwart\u0105 pozycj\u0119, a do Carapaza traci 30 sekund.<\/p>\n<p>Dzi\u015b zawodnicy \u015bcigaj\u0105cy si\u0119 w Vuelcie odpoczywaj\u0105, a nast\u0119pnie czekaj\u0105 ich etapy pag\u00f3rkowate oraz g\u00f3rskie. Zako\u0144czenie wy\u015bcigu 8 listopada.<\/p>\n","protected":false},"excerpt":{"rendered":"<p>Co to by\u0142 za wy\u015bcig! Przed ostatnim etapem dw\u00f3ch zawodnik\u00f3w mia\u0142o identyczny czas, ale czas\u00f3wka nie pozostawi\u0142a ju\u017c w\u0105tpliwo\u015bci. Tao [&hellip;]<\/p>\n","protected":false},"author":125,"featured_media":11225,"comment_status":"open","ping_status":"open","sticky":false,"template":"","format":"standard","meta":{"footnotes":""},"categories":[336],"tags":[],"global-categories":[303],"class_list":["post-11220","post","type-post","status-publish","format-standard","has-post-thumbnail","hentry","category-giro-ditalia-2020","global-categories-cycling"],"yoast_head":"<!-- This site is optimized with the Yoast SEO Premium plugin v25.3 (Yoast SEO v25.9) - https:\/\/yoast.com\/wordpress\/plugins\/seo\/ -->\n<title>M\u0142odzi zn\u00f3w rozdaj\u0105 karty! Niesamowita ko\u0144c\u00f3wka Giro d\u2019Italia - \u0160koda We Love Cycling - Poland<\/title>\n<meta name=\"description\" content=\"Co to by\u0142 za wy\u015bcig! Przed ostatnim etapem dw\u00f3ch zawodnik\u00f3w mia\u0142o identyczny czas, ale czas\u00f3wka nie pozostawi\u0142a ju\u017c w\u0105tpliwo\u015bci. Tao Geoghegan Hart (Team Ineos Grenadiers) wygra\u0142 103. Giro d\u2019Italia!\" \/>\n<meta name=\"robots\" content=\"index, follow, max-snippet:-1, max-image-preview:large, max-video-preview:-1\" \/>\n<link rel=\"canonical\" href=\"https:\/\/www.welovecycling.com\/pl\/2020\/10\/26\/mlodzi-znow-rozdaja-karty-niesamowita-koncowka-giro-ditalia\/\" \/>\n<meta property=\"og:locale\" content=\"pl_PL\" \/>\n<meta property=\"og:type\" content=\"article\" \/>\n<meta property=\"og:title\" content=\"M\u0142odzi zn\u00f3w rozdaj\u0105 karty! Niesamowita ko\u0144c\u00f3wka Giro d\u2019Italia\" \/>\n<meta property=\"og:description\" content=\"Co to by\u0142 za wy\u015bcig! Przed ostatnim etapem dw\u00f3ch zawodnik\u00f3w mia\u0142o identyczny czas, ale czas\u00f3wka nie pozostawi\u0142a ju\u017c w\u0105tpliwo\u015bci. Tao Geoghegan Hart (Team Ineos Grenadiers) wygra\u0142 103. Giro d\u2019Italia!\" \/>\n<meta property=\"og:url\" content=\"https:\/\/www.welovecycling.com\/pl\/2020\/10\/26\/mlodzi-znow-rozdaja-karty-niesamowita-koncowka-giro-ditalia\/\" \/>\n<meta property=\"og:site_name\" content=\"\u0160koda We Love Cycling - Poland\" \/>\n<meta property=\"article:published_time\" content=\"2020-10-26T17:40:18+00:00\" \/>\n<meta property=\"article:modified_time\" content=\"2020-10-26T17:40:50+00:00\" \/>\n<meta property=\"og:image\" content=\"https:\/\/d2p6e6u75xmxt8.cloudfront.net\/5\/2020\/10\/Tao-Geoghagen-Hart-profimedia-0565468651-CVR-1024x450-1.jpg\" \/>\n\t<meta property=\"og:image:width\" content=\"1024\" \/>\n\t<meta property=\"og:image:height\" content=\"450\" \/>\n\t<meta property=\"og:image:type\" content=\"image\/jpeg\" \/>\n<meta name=\"author\" content=\"oktawiamikulska\" \/>\n<meta name=\"twitter:card\" content=\"summary_large_image\" \/>\n<meta name=\"twitter:label1\" content=\"Written by\" \/>\n\t<meta name=\"twitter:data1\" content=\"Piotr Nowik\" \/>\n\t<meta name=\"twitter:label2\" content=\"Est. reading time\" \/>\n\t<meta name=\"twitter:data2\" content=\"3 minutes\" \/>\n<script type=\"application\/ld+json\" class=\"yoast-schema-graph\">{\"@context\":\"https:\/\/schema.org\",\"@graph\":[{\"@type\":\"WebPage\",\"@id\":\"https:\/\/www.welovecycling.com\/pl\/2020\/10\/26\/mlodzi-znow-rozdaja-karty-niesamowita-koncowka-giro-ditalia\/\",\"url\":\"https:\/\/www.welovecycling.com\/pl\/2020\/10\/26\/mlodzi-znow-rozdaja-karty-niesamowita-koncowka-giro-ditalia\/\",\"name\":\"M\u0142odzi zn\u00f3w rozdaj\u0105 karty! Niesamowita ko\u0144c\u00f3wka Giro d\u2019Italia - \u0160koda We Love Cycling - Poland\",\"isPartOf\":{\"@id\":\"https:\/\/www.welovecycling.com\/pl\/#website\"},\"primaryImageOfPage\":{\"@id\":\"https:\/\/www.welovecycling.com\/pl\/2020\/10\/26\/mlodzi-znow-rozdaja-karty-niesamowita-koncowka-giro-ditalia\/#primaryimage\"},\"image\":{\"@id\":\"https:\/\/www.welovecycling.com\/pl\/2020\/10\/26\/mlodzi-znow-rozdaja-karty-niesamowita-koncowka-giro-ditalia\/#primaryimage\"},\"thumbnailUrl\":\"https:\/\/d2p6e6u75xmxt8.cloudfront.net\/5\/2020\/10\/Tao-Geoghagen-Hart-profimedia-0565468651-CVR-1024x450-1.jpg\",\"datePublished\":\"2020-10-26T17:40:18+00:00\",\"dateModified\":\"2020-10-26T17:40:50+00:00\",\"author\":{\"@id\":\"https:\/\/www.welovecycling.com\/pl\/#\/schema\/person\/4a79bac7bd265aa6a35a1079d36648be\"},\"description\":\"Co to by\u0142 za wy\u015bcig! Przed ostatnim etapem dw\u00f3ch zawodnik\u00f3w mia\u0142o identyczny czas, ale czas\u00f3wka nie pozostawi\u0142a ju\u017c w\u0105tpliwo\u015bci. Tao Geoghegan Hart (Team Ineos Grenadiers) wygra\u0142 103. Giro d\u2019Italia!\",\"breadcrumb\":{\"@id\":\"https:\/\/www.welovecycling.com\/pl\/2020\/10\/26\/mlodzi-znow-rozdaja-karty-niesamowita-koncowka-giro-ditalia\/#breadcrumb\"},\"inLanguage\":\"pl-PL\",\"potentialAction\":[{\"@type\":\"ReadAction\",\"target\":[\"https:\/\/www.welovecycling.com\/pl\/2020\/10\/26\/mlodzi-znow-rozdaja-karty-niesamowita-koncowka-giro-ditalia\/\"]}]},{\"@type\":\"ImageObject\",\"inLanguage\":\"pl-PL\",\"@id\":\"https:\/\/www.welovecycling.com\/pl\/2020\/10\/26\/mlodzi-znow-rozdaja-karty-niesamowita-koncowka-giro-ditalia\/#primaryimage\",\"url\":\"https:\/\/d2p6e6u75xmxt8.cloudfront.net\/5\/2020\/10\/Tao-Geoghagen-Hart-profimedia-0565468651-CVR-1024x450-1.jpg\",\"contentUrl\":\"https:\/\/d2p6e6u75xmxt8.cloudfront.net\/5\/2020\/10\/Tao-Geoghagen-Hart-profimedia-0565468651-CVR-1024x450-1.jpg\",\"width\":1024,\"height\":450},{\"@type\":\"BreadcrumbList\",\"@id\":\"https:\/\/www.welovecycling.com\/pl\/2020\/10\/26\/mlodzi-znow-rozdaja-karty-niesamowita-koncowka-giro-ditalia\/#breadcrumb\",\"itemListElement\":[{\"@type\":\"ListItem\",\"position\":1,\"name\":\"Home\",\"item\":\"https:\/\/www.welovecycling.com\/pl\/\"},{\"@type\":\"ListItem\",\"position\":2,\"name\":\"M\u0142odzi zn\u00f3w rozdaj\u0105 karty! Niesamowita ko\u0144c\u00f3wka Giro d\u2019Italia\"}]},{\"@type\":\"WebSite\",\"@id\":\"https:\/\/www.welovecycling.com\/pl\/#website\",\"url\":\"https:\/\/www.welovecycling.com\/pl\/\",\"name\":\"\u0160koda We Love Cycling - Poland\",\"description\":\"\",\"potentialAction\":[{\"@type\":\"SearchAction\",\"target\":{\"@type\":\"EntryPoint\",\"urlTemplate\":\"https:\/\/www.welovecycling.com\/pl\/?s={search_term_string}\"},\"query-input\":{\"@type\":\"PropertyValueSpecification\",\"valueRequired\":true,\"valueName\":\"search_term_string\"}}],\"inLanguage\":\"pl-PL\"},{\"@type\":\"Person\",\"@id\":\"https:\/\/www.welovecycling.com\/pl\/#\/schema\/person\/4a79bac7bd265aa6a35a1079d36648be\",\"name\":\"oktawiamikulska\",\"image\":{\"@type\":\"ImageObject\",\"inLanguage\":\"pl-PL\",\"@id\":\"https:\/\/www.welovecycling.com\/pl\/#\/schema\/person\/image\/\",\"url\":\"https:\/\/secure.gravatar.com\/avatar\/b97a3f44e2de6d2f8dd358975937e49823662e12cbd810b9d1a2bff1c149e8a7?s=96&d=mm&r=g\",\"contentUrl\":\"https:\/\/secure.gravatar.com\/avatar\/b97a3f44e2de6d2f8dd358975937e49823662e12cbd810b9d1a2bff1c149e8a7?s=96&d=mm&r=g\",\"caption\":\"oktawiamikulska\"},\"url\":\"https:\/\/www.welovecycling.com\/pl\/author\/oktawiamikulska\/\"}]}<\/script>\n<!-- \/ Yoast SEO Premium plugin. -->","yoast_head_json":{"title":"M\u0142odzi zn\u00f3w rozdaj\u0105 karty! Niesamowita ko\u0144c\u00f3wka Giro d\u2019Italia - \u0160koda We Love Cycling - Poland","description":"Co to by\u0142 za wy\u015bcig! Przed ostatnim etapem dw\u00f3ch zawodnik\u00f3w mia\u0142o identyczny czas, ale czas\u00f3wka nie pozostawi\u0142a ju\u017c w\u0105tpliwo\u015bci. Tao Geoghegan Hart (Team Ineos Grenadiers) wygra\u0142 103. Giro d\u2019Italia!","robots":{"index":"index","follow":"follow","max-snippet":"max-snippet:-1","max-image-preview":"max-image-preview:large","max-video-preview":"max-video-preview:-1"},"canonical":"https:\/\/www.welovecycling.com\/pl\/2020\/10\/26\/mlodzi-znow-rozdaja-karty-niesamowita-koncowka-giro-ditalia\/","og_locale":"pl_PL","og_type":"article","og_title":"M\u0142odzi zn\u00f3w rozdaj\u0105 karty! Niesamowita ko\u0144c\u00f3wka Giro d\u2019Italia","og_description":"Co to by\u0142 za wy\u015bcig! Przed ostatnim etapem dw\u00f3ch zawodnik\u00f3w mia\u0142o identyczny czas, ale czas\u00f3wka nie pozostawi\u0142a ju\u017c w\u0105tpliwo\u015bci. Tao Geoghegan Hart (Team Ineos Grenadiers) wygra\u0142 103. Giro d\u2019Italia!","og_url":"https:\/\/www.welovecycling.com\/pl\/2020\/10\/26\/mlodzi-znow-rozdaja-karty-niesamowita-koncowka-giro-ditalia\/","og_site_name":"\u0160koda We Love Cycling - Poland","article_published_time":"2020-10-26T17:40:18+00:00","article_modified_time":"2020-10-26T17:40:50+00:00","og_image":[{"width":1024,"height":450,"url":"https:\/\/d2p6e6u75xmxt8.cloudfront.net\/5\/2020\/10\/Tao-Geoghagen-Hart-profimedia-0565468651-CVR-1024x450-1.jpg","type":"image\/jpeg"}],"author":"oktawiamikulska","twitter_card":"summary_large_image","twitter_misc":{"Written by":"Piotr Nowik","Est. reading time":"3 minutes"},"schema":{"@context":"https:\/\/schema.org","@graph":[{"@type":"WebPage","@id":"https:\/\/www.welovecycling.com\/pl\/2020\/10\/26\/mlodzi-znow-rozdaja-karty-niesamowita-koncowka-giro-ditalia\/","url":"https:\/\/www.welovecycling.com\/pl\/2020\/10\/26\/mlodzi-znow-rozdaja-karty-niesamowita-koncowka-giro-ditalia\/","name":"M\u0142odzi zn\u00f3w rozdaj\u0105 karty! Niesamowita ko\u0144c\u00f3wka Giro d\u2019Italia - \u0160koda We Love Cycling - Poland","isPartOf":{"@id":"https:\/\/www.welovecycling.com\/pl\/#website"},"primaryImageOfPage":{"@id":"https:\/\/www.welovecycling.com\/pl\/2020\/10\/26\/mlodzi-znow-rozdaja-karty-niesamowita-koncowka-giro-ditalia\/#primaryimage"},"image":{"@id":"https:\/\/www.welovecycling.com\/pl\/2020\/10\/26\/mlodzi-znow-rozdaja-karty-niesamowita-koncowka-giro-ditalia\/#primaryimage"},"thumbnailUrl":"https:\/\/d2p6e6u75xmxt8.cloudfront.net\/5\/2020\/10\/Tao-Geoghagen-Hart-profimedia-0565468651-CVR-1024x450-1.jpg","datePublished":"2020-10-26T17:40:18+00:00","dateModified":"2020-10-26T17:40:50+00:00","author":{"@id":"https:\/\/www.welovecycling.com\/pl\/#\/schema\/person\/4a79bac7bd265aa6a35a1079d36648be"},"description":"Co to by\u0142 za wy\u015bcig! Przed ostatnim etapem dw\u00f3ch zawodnik\u00f3w mia\u0142o identyczny czas, ale czas\u00f3wka nie pozostawi\u0142a ju\u017c w\u0105tpliwo\u015bci. Tao Geoghegan Hart (Team Ineos Grenadiers) wygra\u0142 103. Giro d\u2019Italia!","breadcrumb":{"@id":"https:\/\/www.welovecycling.com\/pl\/2020\/10\/26\/mlodzi-znow-rozdaja-karty-niesamowita-koncowka-giro-ditalia\/#breadcrumb"},"inLanguage":"pl-PL","potentialAction":[{"@type":"ReadAction","target":["https:\/\/www.welovecycling.com\/pl\/2020\/10\/26\/mlodzi-znow-rozdaja-karty-niesamowita-koncowka-giro-ditalia\/"]}]},{"@type":"ImageObject","inLanguage":"pl-PL","@id":"https:\/\/www.welovecycling.com\/pl\/2020\/10\/26\/mlodzi-znow-rozdaja-karty-niesamowita-koncowka-giro-ditalia\/#primaryimage","url":"https:\/\/d2p6e6u75xmxt8.cloudfront.net\/5\/2020\/10\/Tao-Geoghagen-Hart-profimedia-0565468651-CVR-1024x450-1.jpg","contentUrl":"https:\/\/d2p6e6u75xmxt8.cloudfront.net\/5\/2020\/10\/Tao-Geoghagen-Hart-profimedia-0565468651-CVR-1024x450-1.jpg","width":1024,"height":450},{"@type":"BreadcrumbList","@id":"https:\/\/www.welovecycling.com\/pl\/2020\/10\/26\/mlodzi-znow-rozdaja-karty-niesamowita-koncowka-giro-ditalia\/#breadcrumb","itemListElement":[{"@type":"ListItem","position":1,"name":"Home","item":"https:\/\/www.welovecycling.com\/pl\/"},{"@type":"ListItem","position":2,"name":"M\u0142odzi zn\u00f3w rozdaj\u0105 karty! Niesamowita ko\u0144c\u00f3wka Giro d\u2019Italia"}]},{"@type":"WebSite","@id":"https:\/\/www.welovecycling.com\/pl\/#website","url":"https:\/\/www.welovecycling.com\/pl\/","name":"\u0160koda We Love Cycling - Poland","description":"","potentialAction":[{"@type":"SearchAction","target":{"@type":"EntryPoint","urlTemplate":"https:\/\/www.welovecycling.com\/pl\/?s={search_term_string}"},"query-input":{"@type":"PropertyValueSpecification","valueRequired":true,"valueName":"search_term_string"}}],"inLanguage":"pl-PL"},{"@type":"Person","@id":"https:\/\/www.welovecycling.com\/pl\/#\/schema\/person\/4a79bac7bd265aa6a35a1079d36648be","name":"oktawiamikulska","image":{"@type":"ImageObject","inLanguage":"pl-PL","@id":"https:\/\/www.welovecycling.com\/pl\/#\/schema\/person\/image\/","url":"https:\/\/secure.gravatar.com\/avatar\/b97a3f44e2de6d2f8dd358975937e49823662e12cbd810b9d1a2bff1c149e8a7?s=96&d=mm&r=g","contentUrl":"https:\/\/secure.gravatar.com\/avatar\/b97a3f44e2de6d2f8dd358975937e49823662e12cbd810b9d1a2bff1c149e8a7?s=96&d=mm&r=g","caption":"oktawiamikulska"},"url":"https:\/\/www.welovecycling.com\/pl\/author\/oktawiamikulska\/"}]}},"_links":{"self":[{"href":"https:\/\/www.welovecycling.com\/pl\/wp-json\/wp\/v2\/posts\/11220","targetHints":{"allow":["GET"]}}],"collection":[{"href":"https:\/\/www.welovecycling.com\/pl\/wp-json\/wp\/v2\/posts"}],"about":[{"href":"https:\/\/www.welovecycling.com\/pl\/wp-json\/wp\/v2\/types\/post"}],"author":[{"embeddable":true,"href":"https:\/\/www.welovecycling.com\/pl\/wp-json\/wp\/v2\/users\/125"}],"replies":[{"embeddable":true,"href":"https:\/\/www.welovecycling.com\/pl\/wp-json\/wp\/v2\/comments?post=11220"}],"version-history":[{"count":1,"href":"https:\/\/www.welovecycling.com\/pl\/wp-json\/wp\/v2\/posts\/11220\/revisions"}],"predecessor-version":[{"id":11226,"href":"https:\/\/www.welovecycling.com\/pl\/wp-json\/wp\/v2\/posts\/11220\/revisions\/11226"}],"wp:featuredmedia":[{"embeddable":true,"href":"https:\/\/www.welovecycling.com\/pl\/wp-json\/wp\/v2\/media\/11225"}],"wp:attachment":[{"href":"https:\/\/www.welovecycling.com\/pl\/wp-json\/wp\/v2\/media?parent=11220"}],"wp:term":[{"taxonomy":"category","embeddable":true,"href":"https:\/\/www.welovecycling.com\/pl\/wp-json\/wp\/v2\/categories?post=11220"},{"taxonomy":"post_tag","embeddable":true,"href":"https:\/\/www.welovecycling.com\/pl\/wp-json\/wp\/v2\/tags?post=11220"},{"taxonomy":"global-categories","embeddable":true,"href":"https:\/\/www.welovecycling.com\/pl\/wp-json\/wp\/v2\/global-categories?post=11220"}],"curies":[{"name":"wp","href":"https:\/\/api.w.org\/{rel}","templated":true}]}}