{"id":11216,"date":"2020-10-23T14:00:41","date_gmt":"2020-10-23T14:00:41","guid":{"rendered":"https:\/\/www.welovecycling.com\/pl\/?p=11216"},"modified":"2020-10-23T14:03:19","modified_gmt":"2020-10-23T14:03:19","slug":"legendarna-bitwa-underdog-kontra-the-veteran-podczas-tour-de-france-1964","status":"publish","type":"post","link":"https:\/\/www.welovecycling.com\/pl\/2020\/10\/23\/legendarna-bitwa-underdog-kontra-the-veteran-podczas-tour-de-france-1964\/","title":{"rendered":"Legendarna bitwa: Underdog kontra The Veteran podczas Tour de France 1964"},"content":{"rendered":"<p><strong>Ka\u017cda walka, kt\u00f3ra przechodzi potem do historii, musi mie\u0107 swoich wyj\u0105tkowych bohater\u00f3w. Trasa z 1964 roku r\u00f3wnie\u017c ich mia\u0142a \u2013 byli to Raymond Poulidor i Jacques Anquetil. Obaj mieli wystarczaj\u0105ce umiej\u0119tno\u015bci, by wygra\u0107 TdF, ale nie mogli si\u0119 bardziej od siebie r\u00f3\u017cni\u0107. Wr\u00f3\u0107my do jednej z ich najbardziej pami\u0119tnych rywalizacji.<\/strong><\/p>\n<p>Jacques Anquetil to legenda kolarstwa. By\u0142 pierwsz\u0105 osob\u0105, kt\u00f3ra pi\u0119\u0107 razy wygra\u0142a Tour. W 1961 roku zdoby\u0142 \u017c\u00f3\u0142t\u0105 koszulk\u0119 na 1. etapie i utrzyma\u0142 j\u0105 a\u017c do ostatniego. Bezapelacyjnie zdominowa\u0142 TdF, lecz w ko\u0144cu kto\u015b go musia\u0142 pokona\u0107. Uda\u0142o si\u0119 to w 1964 roku Raymondowi Poulidorowi, kt\u00f3ry wychowywa\u0142 si\u0119 na farmie i mia\u0142 ogromny wrodzony talent. W 1959 roku do\u0142\u0105czy\u0142 do Mercier, tego samego zespo\u0142u, w kt\u00f3rym zaczyna\u0142 Anquetil. Po dw\u00f3ch udanych startach w Tour i triumfie w Vuelta w 1964 roku by\u0142 got\u00f3w rzuci\u0107 Anquetilowi wyzwanie o tytu\u0142.<\/p>\n<figure id=\"attachment_179511\" aria-describedby=\"caption-attachment-179511\" style=\"width: 1019px\" class=\"wp-caption alignnone\"><img loading=\"lazy\" decoding=\"async\" class=\"loading wp-image-179511 size-large\" src=\"https:\/\/d2p6e6u75xmxt8.cloudfront.net\/2\/2020\/09\/profimedia-0068093164-1019x1024.jpg\" sizes=\"auto, (max-width: 1019px) 100vw, 1019px\" srcset=\"https:\/\/d2p6e6u75xmxt8.cloudfront.net\/2\/2020\/09\/profimedia-0068093164-1019x1024.jpg 1019w, https:\/\/d2p6e6u75xmxt8.cloudfront.net\/2\/2020\/09\/profimedia-0068093164-300x300.jpg 300w, https:\/\/d2p6e6u75xmxt8.cloudfront.net\/2\/2020\/09\/profimedia-0068093164-150x150.jpg 150w, https:\/\/d2p6e6u75xmxt8.cloudfront.net\/2\/2020\/09\/profimedia-0068093164-768x772.jpg 768w, https:\/\/d2p6e6u75xmxt8.cloudfront.net\/2\/2020\/09\/profimedia-0068093164.jpg 1244w\" alt=\"Jacques Anquetil\" width=\"1019\" height=\"1024\" data-was-processed=\"true\" \/><figcaption id=\"caption-attachment-179511\" class=\"wp-caption-text\">Anquetil podczas etapu w g\u00f3rach. \u00a9 Profimedia<\/figcaption><\/figure>\n<p>Poulidor mia\u0142 tak\u017ce po swojej stronie francuskich kibic\u00f3w. By\u0142 totalnym przeciwie\u0144stwem Anquetila. Ten ostatni by\u0142 nazywany kolarskim arystokrat\u0105 ze wzgl\u0119du na wystaj\u0105ce ko\u015bci policzkowe, stylizowane blond w\u0142osy, g\u0142adk\u0105 blad\u0105 sk\u00f3r\u0119, ostry p\u00f3\u0142nocnofrancuski akcent i elegancki styl kolarski. Poulidor nale\u017ca\u0142 do ludu, m\u00f3wi\u0142 powoli ze \u015brodkowofrancuskim akcentem, mia\u0142 pomarszczon\u0105, opalon\u0105 sk\u00f3r\u0119 i podczas jazdy na rowerze jego twarz wygl\u0105da\u0142a mniej korzystniej.<\/p>\n<p>Ich najbardziej dramatyczna konfrontacja mia\u0142a miejsce podczas 20. etapu. Anquetil mia\u0142 w\u00f3wczas \u017c\u00f3\u0142t\u0105 koszulk\u0119, ale Poulidor traci\u0142 do niego tylko 56 sekund. Plan Poulidora polega\u0142 na ataku podczas podjazdu na Puy de D\u00f4me i obj\u0119ciu prowadzenia w klasyfikacji generalnej.<\/p>\n<p>Oto, jaki przebieg mia\u0142 ten historyczny pojedynek. Zawodnicy wspinali si\u0119 przez 10 kilometr\u00f3w strom\u0105 drog\u0105 do s\u0142ynnego krateru <u>Puy de D\u00f4me<\/u>. Rami\u0119 w rami\u0119, \u0142okie\u0107 przy \u0142okciu, po\u0142\u0105czeni w b\u00f3lu, mocno naciskali na peda\u0142y. Obaj s\u0142yszeli siebie nawzajem, jak \u0142api\u0105 powietrze, i to mimo wiwatuj\u0105cego wok\u00f3\u0142 p\u00f3\u0142 miliona fan\u00f3w. To by\u0142 niesamowity obraz zaciek\u0142ej walki. Poulidor by\u0142 faworytem, \u200b\u200bponiewa\u017c by\u0142 lepszym wspinaczem, ale Anquetil u\u017cywa\u0142 swojej najlepszej broni \u2013 strategii. Jecha\u0142 wewn\u0119trznym pasem, bli\u017cej g\u00f3ry. Trzy razy blefowa\u0142, udaj\u0105c, \u017ce nie jest w stanie dopasowa\u0107 tempa. Poulidor trzykrotnie pr\u00f3bowa\u0142 go zostawi\u0107 w tyle, trac\u0105c przy tym si\u0142y, ale bez powodzenia. Kiedy Poulidor ponownie pr\u00f3bowa\u0142 zaatakowa\u0107, Anquetil chwyci\u0142 go za koszulk\u0119, wiedz\u0105c, \u017ce nie jest ju\u017c w stanie odpowiedzie\u0107 kolejnym atakiem nogami. Anquetil przegra\u0142 moralnie, ale zdo\u0142a\u0142 utrzyma\u0107 si\u0119 w dalszej walce.<\/p>\n<figure id=\"attachment_179515\" aria-describedby=\"caption-attachment-179515\" style=\"width: 1024px\" class=\"wp-caption alignnone\"><img loading=\"lazy\" decoding=\"async\" class=\"loading wp-image-179515 size-large\" src=\"https:\/\/d2p6e6u75xmxt8.cloudfront.net\/2\/2020\/09\/profimedia-0068092118-1024x798.jpg\" sizes=\"auto, (max-width: 1024px) 100vw, 1024px\" srcset=\"https:\/\/d2p6e6u75xmxt8.cloudfront.net\/2\/2020\/09\/profimedia-0068092118-1024x798.jpg 1024w, https:\/\/d2p6e6u75xmxt8.cloudfront.net\/2\/2020\/09\/profimedia-0068092118-300x234.jpg 300w, https:\/\/d2p6e6u75xmxt8.cloudfront.net\/2\/2020\/09\/profimedia-0068092118-768x598.jpg 768w, https:\/\/d2p6e6u75xmxt8.cloudfront.net\/2\/2020\/09\/profimedia-0068092118.jpg 1250w\" alt=\"Raymond Poulidor\" width=\"1024\" height=\"798\" data-was-processed=\"true\" \/><figcaption id=\"caption-attachment-179515\" class=\"wp-caption-text\">Poulidor i Federico Bahamont\u00e8s. \u00a9 Profimedia<\/figcaption><\/figure>\n<p>\u201eZwolni\u0142em, on zwolni\u0142. Zaatakowa\u0142em, on odpowiedzia\u0142. To by\u0142o niewiarygodne. Nigdy nie czu\u0142em si\u0119 tak okropnie na rowerze\u201d \u2013 przyzna\u0142 Poulidor, opowiadaj\u0105c o tamtych wydarzeniach.<\/p>\n<p>Poulidorowi uda\u0142o si\u0119 zostawi\u0107 rywala z ty\u0142u na oko\u0142o 500 metr\u00f3w przed szczytem podjazdu. Anquetil szybko traci\u0142 pozycj\u0119, ale mia\u0142 nadziej\u0119, \u017ce wcze\u015bniej zrobi\u0142 wystarczaj\u0105co du\u017co. Poulidor nie m\u00f3g\u0142 mu ukra\u015b\u0107 pe\u0142nych 56 sekund, prawda?<\/p>\n<p>Poulidor wygra\u0142 etap. Anquetil sko\u0144czy\u0142 za nim i prawie upad\u0142 na samoch\u00f3d swojej dru\u017cyny. Nie m\u00f3g\u0142 z\u0142apa\u0107 oddechu. Jego sk\u00f3ra sta\u0142a si\u0119 fioletowa, a potem bia\u0142a, ale wci\u0105\u017c liczy\u0142 sekundy.<\/p>\n<blockquote class=\"secondary-quote\"><p><span style=\"font-size: 12pt;\">\u201eIle?\u201d \u2013 zapyta\u0142 Anquetil.<\/span><\/p><\/blockquote>\n<blockquote class=\"secondary-quote\"><p><span style=\"font-size: 12pt;\">\u201e14 sekund\u201d \u2013 us\u0142ysza\u0142 w odpowiedzi.<\/span><\/p><\/blockquote>\n<blockquote class=\"secondary-quote\"><p><span style=\"font-size: 12pt;\">\u201eTo wi\u0119cej, ni\u017c potrzebuj\u0119\u201d \u2013 odsapn\u0105\u0142 z ulg\u0105.<\/span><\/p><\/blockquote>\n<p>Ostatnim etapem by\u0142a jazda na czas, w kt\u00f3rej faworytem by\u0142 Anquetil, bo to by\u0142a jego dyscyplina. Poulidor jecha\u0142 bardzo szybko i utrzyma\u0142 najszybszy czas dnia, zanim nadesz\u0142a kolej Anquetila. Poulidor by\u0142 szybszy w pierwszej zako\u0144czonej po\u0142owie o pi\u0119\u0107 sekund. To da\u0142o mu nadziej\u0119, \u017ce zrobi\u0142 ju\u017c wystarczaj\u0105co du\u017co. Jednak Anquetil by\u0142 du\u017co szybszy w drugiej po\u0142owie i wygra\u0142 jazd\u0119 na czas oraz ca\u0142y Tour o 55 sekund. W tamtym czasie by\u0142a to najmniejsza przewaga czasowa w historii.<\/p>\n<figure id=\"attachment_179514\" aria-describedby=\"caption-attachment-179514\" style=\"width: 1024px\" class=\"wp-caption alignnone\"><img loading=\"lazy\" decoding=\"async\" class=\"loading wp-image-179514 size-large\" src=\"https:\/\/d2p6e6u75xmxt8.cloudfront.net\/2\/2020\/09\/profimedia-0068096148-1024x693.jpg\" sizes=\"auto, (max-width: 1024px) 100vw, 1024px\" srcset=\"https:\/\/d2p6e6u75xmxt8.cloudfront.net\/2\/2020\/09\/profimedia-0068096148-1024x693.jpg 1024w, https:\/\/d2p6e6u75xmxt8.cloudfront.net\/2\/2020\/09\/profimedia-0068096148-300x203.jpg 300w, https:\/\/d2p6e6u75xmxt8.cloudfront.net\/2\/2020\/09\/profimedia-0068096148-768x520.jpg 768w, https:\/\/d2p6e6u75xmxt8.cloudfront.net\/2\/2020\/09\/profimedia-0068096148.jpg 1250w\" alt=\"1964 Tour\" width=\"1024\" height=\"693\" data-was-processed=\"true\" \/><figcaption id=\"caption-attachment-179514\" class=\"wp-caption-text\">Anquetil i Poulidor jad\u0105 na zwyci\u0119skim okr\u0105\u017ceniu na Parc des Princes w Pary\u017cu. \u00a9 Profimedia<\/figcaption><\/figure>\n<p>Fani w Pary\u017cu nie byli zadowoleni, \u017ce ich ulubiony Poulidor przegra\u0142, i nie kibicowali mistrzowi. Anquetil musia\u0142 si\u0119 z tym pogodzi\u0107. Poulidor zawsze by\u0142 faworytem kibic\u00f3w TdF, ale to Jacques Anquetil zdoby\u0142 bardzo wa\u017cny, pi\u0105ty tytu\u0142. Za to my wszyscy mo\u017cemy wspomina\u0107 ich zaci\u0119t\u0105 rywalizacj\u0119 do dzi\u015b.<\/p>\n<p><span data-sheets-value=\"{&quot;1&quot;:2,&quot;2&quot;:&quot;Artyku\u0142 powsta\u0142 we wsp\u00f3\u0142pracy ze skoda-auto.pl&quot;}\" data-sheets-userformat=\"{&quot;2&quot;:1,&quot;3&quot;:{&quot;1&quot;:0}}\" data-sheets-hyperlink=\"http:\/\/www.skoda-auto.pl\/\"><a class=\"in-cell-link\" href=\"http:\/\/www.skoda-auto.pl\/\" target=\"_blank\" rel=\"noopener noreferrer\">Artyku\u0142 powsta\u0142 we wsp\u00f3\u0142pracy ze skoda-auto.pl<\/a><\/span><\/p>\n<p>&nbsp;<\/p>\n<p><a href=\"https:\/\/www.skoda-auto.pl\/modele\/karoq\">\u00a0<\/a><\/p>\n<p><a href=\"https:\/\/www.skoda-auto.pl\/modele\/karoq\"><img loading=\"lazy\" decoding=\"async\" class=\"aligncenter wp-image-9606 size-full\" src=\"https:\/\/d2p6e6u75xmxt8.cloudfront.net\/5\/2019\/08\/baner_WLC_640x350_1.png\" alt=\"\" width=\"640\" height=\"350\" srcset=\"https:\/\/d2p6e6u75xmxt8.cloudfront.net\/5\/2019\/08\/baner_WLC_640x350_1.png 640w, https:\/\/d2p6e6u75xmxt8.cloudfront.net\/5\/2019\/08\/baner_WLC_640x350_1-300x164.png 300w\" sizes=\"auto, (max-width: 640px) 100vw, 640px\" \/><\/a><\/p>\n<p>&nbsp;<\/p>\n<p>&nbsp;<\/p>\n","protected":false},"excerpt":{"rendered":"<p>Ka\u017cda walka, kt\u00f3ra przechodzi potem do historii, musi mie\u0107 swoich wyj\u0105tkowych bohater\u00f3w. Trasa z 1964 roku r\u00f3wnie\u017c ich mia\u0142a \u2013 [&hellip;]<\/p>\n","protected":false},"author":125,"featured_media":11217,"comment_status":"open","ping_status":"open","sticky":false,"template":"","format":"standard","meta":{"footnotes":""},"categories":[337],"tags":[],"global-categories":[303],"class_list":["post-11216","post","type-post","status-publish","format-standard","has-post-thumbnail","hentry","category-tour-de-france","global-categories-cycling"],"yoast_head":"<!-- This site is optimized with the Yoast SEO Premium plugin v25.3 (Yoast SEO v25.9) - https:\/\/yoast.com\/wordpress\/plugins\/seo\/ -->\n<title>Legendarna bitwa: Underdog kontra The Veteran podczas Tour de France 1964 - \u0160koda We Love Cycling - Poland<\/title>\n<meta name=\"robots\" content=\"index, follow, max-snippet:-1, max-image-preview:large, max-video-preview:-1\" \/>\n<link rel=\"canonical\" href=\"https:\/\/www.welovecycling.com\/pl\/2020\/10\/23\/legendarna-bitwa-underdog-kontra-the-veteran-podczas-tour-de-france-1964\/\" \/>\n<meta property=\"og:locale\" content=\"pl_PL\" \/>\n<meta property=\"og:type\" content=\"article\" \/>\n<meta property=\"og:title\" content=\"Legendarna bitwa: Underdog kontra The Veteran podczas Tour de France 1964\" \/>\n<meta property=\"og:description\" content=\"Ka\u017cda walka, kt\u00f3ra przechodzi potem do historii, musi mie\u0107 swoich wyj\u0105tkowych bohater\u00f3w. Trasa z 1964 roku r\u00f3wnie\u017c ich mia\u0142a \u2013 [&hellip;]\" \/>\n<meta property=\"og:url\" content=\"https:\/\/www.welovecycling.com\/pl\/2020\/10\/23\/legendarna-bitwa-underdog-kontra-the-veteran-podczas-tour-de-france-1964\/\" \/>\n<meta property=\"og:site_name\" content=\"\u0160koda We Love Cycling - Poland\" \/>\n<meta property=\"article:published_time\" content=\"2020-10-23T14:00:41+00:00\" \/>\n<meta property=\"article:modified_time\" content=\"2020-10-23T14:03:19+00:00\" \/>\n<meta property=\"og:image\" content=\"https:\/\/d2p6e6u75xmxt8.cloudfront.net\/5\/2020\/10\/anquetil-poulidor-profimedia-0289505694-CVR-1024x450-1.jpg\" \/>\n\t<meta property=\"og:image:width\" content=\"1024\" \/>\n\t<meta property=\"og:image:height\" content=\"450\" \/>\n\t<meta property=\"og:image:type\" content=\"image\/jpeg\" \/>\n<meta name=\"author\" content=\"oktawiamikulska\" \/>\n<meta name=\"twitter:card\" content=\"summary_large_image\" \/>\n<meta name=\"twitter:label1\" content=\"Written by\" \/>\n\t<meta name=\"twitter:data1\" content=\"Jiri Kaloc\" \/>\n\t<meta name=\"twitter:label2\" content=\"Est. reading time\" \/>\n\t<meta name=\"twitter:data2\" content=\"4 minutes\" \/>\n<script type=\"application\/ld+json\" class=\"yoast-schema-graph\">{\"@context\":\"https:\/\/schema.org\",\"@graph\":[{\"@type\":\"WebPage\",\"@id\":\"https:\/\/www.welovecycling.com\/pl\/2020\/10\/23\/legendarna-bitwa-underdog-kontra-the-veteran-podczas-tour-de-france-1964\/\",\"url\":\"https:\/\/www.welovecycling.com\/pl\/2020\/10\/23\/legendarna-bitwa-underdog-kontra-the-veteran-podczas-tour-de-france-1964\/\",\"name\":\"Legendarna bitwa: Underdog kontra The Veteran podczas Tour de France 1964 - \u0160koda We Love Cycling - Poland\",\"isPartOf\":{\"@id\":\"https:\/\/www.welovecycling.com\/pl\/#website\"},\"primaryImageOfPage\":{\"@id\":\"https:\/\/www.welovecycling.com\/pl\/2020\/10\/23\/legendarna-bitwa-underdog-kontra-the-veteran-podczas-tour-de-france-1964\/#primaryimage\"},\"image\":{\"@id\":\"https:\/\/www.welovecycling.com\/pl\/2020\/10\/23\/legendarna-bitwa-underdog-kontra-the-veteran-podczas-tour-de-france-1964\/#primaryimage\"},\"thumbnailUrl\":\"https:\/\/d2p6e6u75xmxt8.cloudfront.net\/5\/2020\/10\/anquetil-poulidor-profimedia-0289505694-CVR-1024x450-1.jpg\",\"datePublished\":\"2020-10-23T14:00:41+00:00\",\"dateModified\":\"2020-10-23T14:03:19+00:00\",\"author\":{\"@id\":\"https:\/\/www.welovecycling.com\/pl\/#\/schema\/person\/4a79bac7bd265aa6a35a1079d36648be\"},\"breadcrumb\":{\"@id\":\"https:\/\/www.welovecycling.com\/pl\/2020\/10\/23\/legendarna-bitwa-underdog-kontra-the-veteran-podczas-tour-de-france-1964\/#breadcrumb\"},\"inLanguage\":\"pl-PL\",\"potentialAction\":[{\"@type\":\"ReadAction\",\"target\":[\"https:\/\/www.welovecycling.com\/pl\/2020\/10\/23\/legendarna-bitwa-underdog-kontra-the-veteran-podczas-tour-de-france-1964\/\"]}]},{\"@type\":\"ImageObject\",\"inLanguage\":\"pl-PL\",\"@id\":\"https:\/\/www.welovecycling.com\/pl\/2020\/10\/23\/legendarna-bitwa-underdog-kontra-the-veteran-podczas-tour-de-france-1964\/#primaryimage\",\"url\":\"https:\/\/d2p6e6u75xmxt8.cloudfront.net\/5\/2020\/10\/anquetil-poulidor-profimedia-0289505694-CVR-1024x450-1.jpg\",\"contentUrl\":\"https:\/\/d2p6e6u75xmxt8.cloudfront.net\/5\/2020\/10\/anquetil-poulidor-profimedia-0289505694-CVR-1024x450-1.jpg\",\"width\":1024,\"height\":450},{\"@type\":\"BreadcrumbList\",\"@id\":\"https:\/\/www.welovecycling.com\/pl\/2020\/10\/23\/legendarna-bitwa-underdog-kontra-the-veteran-podczas-tour-de-france-1964\/#breadcrumb\",\"itemListElement\":[{\"@type\":\"ListItem\",\"position\":1,\"name\":\"Home\",\"item\":\"https:\/\/www.welovecycling.com\/pl\/\"},{\"@type\":\"ListItem\",\"position\":2,\"name\":\"Legendarna bitwa: Underdog kontra The Veteran podczas Tour de France 1964\"}]},{\"@type\":\"WebSite\",\"@id\":\"https:\/\/www.welovecycling.com\/pl\/#website\",\"url\":\"https:\/\/www.welovecycling.com\/pl\/\",\"name\":\"\u0160koda We Love Cycling - Poland\",\"description\":\"\",\"potentialAction\":[{\"@type\":\"SearchAction\",\"target\":{\"@type\":\"EntryPoint\",\"urlTemplate\":\"https:\/\/www.welovecycling.com\/pl\/?s={search_term_string}\"},\"query-input\":{\"@type\":\"PropertyValueSpecification\",\"valueRequired\":true,\"valueName\":\"search_term_string\"}}],\"inLanguage\":\"pl-PL\"},{\"@type\":\"Person\",\"@id\":\"https:\/\/www.welovecycling.com\/pl\/#\/schema\/person\/4a79bac7bd265aa6a35a1079d36648be\",\"name\":\"oktawiamikulska\",\"image\":{\"@type\":\"ImageObject\",\"inLanguage\":\"pl-PL\",\"@id\":\"https:\/\/www.welovecycling.com\/pl\/#\/schema\/person\/image\/\",\"url\":\"https:\/\/secure.gravatar.com\/avatar\/b97a3f44e2de6d2f8dd358975937e49823662e12cbd810b9d1a2bff1c149e8a7?s=96&d=mm&r=g\",\"contentUrl\":\"https:\/\/secure.gravatar.com\/avatar\/b97a3f44e2de6d2f8dd358975937e49823662e12cbd810b9d1a2bff1c149e8a7?s=96&d=mm&r=g\",\"caption\":\"oktawiamikulska\"},\"url\":\"https:\/\/www.welovecycling.com\/pl\/author\/oktawiamikulska\/\"}]}<\/script>\n<!-- \/ Yoast SEO Premium plugin. -->","yoast_head_json":{"title":"Legendarna bitwa: Underdog kontra The Veteran podczas Tour de France 1964 - \u0160koda We Love Cycling - Poland","robots":{"index":"index","follow":"follow","max-snippet":"max-snippet:-1","max-image-preview":"max-image-preview:large","max-video-preview":"max-video-preview:-1"},"canonical":"https:\/\/www.welovecycling.com\/pl\/2020\/10\/23\/legendarna-bitwa-underdog-kontra-the-veteran-podczas-tour-de-france-1964\/","og_locale":"pl_PL","og_type":"article","og_title":"Legendarna bitwa: Underdog kontra The Veteran podczas Tour de France 1964","og_description":"Ka\u017cda walka, kt\u00f3ra przechodzi potem do historii, musi mie\u0107 swoich wyj\u0105tkowych bohater\u00f3w. Trasa z 1964 roku r\u00f3wnie\u017c ich mia\u0142a \u2013 [&hellip;]","og_url":"https:\/\/www.welovecycling.com\/pl\/2020\/10\/23\/legendarna-bitwa-underdog-kontra-the-veteran-podczas-tour-de-france-1964\/","og_site_name":"\u0160koda We Love Cycling - Poland","article_published_time":"2020-10-23T14:00:41+00:00","article_modified_time":"2020-10-23T14:03:19+00:00","og_image":[{"width":1024,"height":450,"url":"https:\/\/d2p6e6u75xmxt8.cloudfront.net\/5\/2020\/10\/anquetil-poulidor-profimedia-0289505694-CVR-1024x450-1.jpg","type":"image\/jpeg"}],"author":"oktawiamikulska","twitter_card":"summary_large_image","twitter_misc":{"Written by":"Jiri Kaloc","Est. reading time":"4 minutes"},"schema":{"@context":"https:\/\/schema.org","@graph":[{"@type":"WebPage","@id":"https:\/\/www.welovecycling.com\/pl\/2020\/10\/23\/legendarna-bitwa-underdog-kontra-the-veteran-podczas-tour-de-france-1964\/","url":"https:\/\/www.welovecycling.com\/pl\/2020\/10\/23\/legendarna-bitwa-underdog-kontra-the-veteran-podczas-tour-de-france-1964\/","name":"Legendarna bitwa: Underdog kontra The Veteran podczas Tour de France 1964 - \u0160koda We Love Cycling - Poland","isPartOf":{"@id":"https:\/\/www.welovecycling.com\/pl\/#website"},"primaryImageOfPage":{"@id":"https:\/\/www.welovecycling.com\/pl\/2020\/10\/23\/legendarna-bitwa-underdog-kontra-the-veteran-podczas-tour-de-france-1964\/#primaryimage"},"image":{"@id":"https:\/\/www.welovecycling.com\/pl\/2020\/10\/23\/legendarna-bitwa-underdog-kontra-the-veteran-podczas-tour-de-france-1964\/#primaryimage"},"thumbnailUrl":"https:\/\/d2p6e6u75xmxt8.cloudfront.net\/5\/2020\/10\/anquetil-poulidor-profimedia-0289505694-CVR-1024x450-1.jpg","datePublished":"2020-10-23T14:00:41+00:00","dateModified":"2020-10-23T14:03:19+00:00","author":{"@id":"https:\/\/www.welovecycling.com\/pl\/#\/schema\/person\/4a79bac7bd265aa6a35a1079d36648be"},"breadcrumb":{"@id":"https:\/\/www.welovecycling.com\/pl\/2020\/10\/23\/legendarna-bitwa-underdog-kontra-the-veteran-podczas-tour-de-france-1964\/#breadcrumb"},"inLanguage":"pl-PL","potentialAction":[{"@type":"ReadAction","target":["https:\/\/www.welovecycling.com\/pl\/2020\/10\/23\/legendarna-bitwa-underdog-kontra-the-veteran-podczas-tour-de-france-1964\/"]}]},{"@type":"ImageObject","inLanguage":"pl-PL","@id":"https:\/\/www.welovecycling.com\/pl\/2020\/10\/23\/legendarna-bitwa-underdog-kontra-the-veteran-podczas-tour-de-france-1964\/#primaryimage","url":"https:\/\/d2p6e6u75xmxt8.cloudfront.net\/5\/2020\/10\/anquetil-poulidor-profimedia-0289505694-CVR-1024x450-1.jpg","contentUrl":"https:\/\/d2p6e6u75xmxt8.cloudfront.net\/5\/2020\/10\/anquetil-poulidor-profimedia-0289505694-CVR-1024x450-1.jpg","width":1024,"height":450},{"@type":"BreadcrumbList","@id":"https:\/\/www.welovecycling.com\/pl\/2020\/10\/23\/legendarna-bitwa-underdog-kontra-the-veteran-podczas-tour-de-france-1964\/#breadcrumb","itemListElement":[{"@type":"ListItem","position":1,"name":"Home","item":"https:\/\/www.welovecycling.com\/pl\/"},{"@type":"ListItem","position":2,"name":"Legendarna bitwa: Underdog kontra The Veteran podczas Tour de France 1964"}]},{"@type":"WebSite","@id":"https:\/\/www.welovecycling.com\/pl\/#website","url":"https:\/\/www.welovecycling.com\/pl\/","name":"\u0160koda We Love Cycling - Poland","description":"","potentialAction":[{"@type":"SearchAction","target":{"@type":"EntryPoint","urlTemplate":"https:\/\/www.welovecycling.com\/pl\/?s={search_term_string}"},"query-input":{"@type":"PropertyValueSpecification","valueRequired":true,"valueName":"search_term_string"}}],"inLanguage":"pl-PL"},{"@type":"Person","@id":"https:\/\/www.welovecycling.com\/pl\/#\/schema\/person\/4a79bac7bd265aa6a35a1079d36648be","name":"oktawiamikulska","image":{"@type":"ImageObject","inLanguage":"pl-PL","@id":"https:\/\/www.welovecycling.com\/pl\/#\/schema\/person\/image\/","url":"https:\/\/secure.gravatar.com\/avatar\/b97a3f44e2de6d2f8dd358975937e49823662e12cbd810b9d1a2bff1c149e8a7?s=96&d=mm&r=g","contentUrl":"https:\/\/secure.gravatar.com\/avatar\/b97a3f44e2de6d2f8dd358975937e49823662e12cbd810b9d1a2bff1c149e8a7?s=96&d=mm&r=g","caption":"oktawiamikulska"},"url":"https:\/\/www.welovecycling.com\/pl\/author\/oktawiamikulska\/"}]}},"_links":{"self":[{"href":"https:\/\/www.welovecycling.com\/pl\/wp-json\/wp\/v2\/posts\/11216","targetHints":{"allow":["GET"]}}],"collection":[{"href":"https:\/\/www.welovecycling.com\/pl\/wp-json\/wp\/v2\/posts"}],"about":[{"href":"https:\/\/www.welovecycling.com\/pl\/wp-json\/wp\/v2\/types\/post"}],"author":[{"embeddable":true,"href":"https:\/\/www.welovecycling.com\/pl\/wp-json\/wp\/v2\/users\/125"}],"replies":[{"embeddable":true,"href":"https:\/\/www.welovecycling.com\/pl\/wp-json\/wp\/v2\/comments?post=11216"}],"version-history":[{"count":1,"href":"https:\/\/www.welovecycling.com\/pl\/wp-json\/wp\/v2\/posts\/11216\/revisions"}],"predecessor-version":[{"id":11218,"href":"https:\/\/www.welovecycling.com\/pl\/wp-json\/wp\/v2\/posts\/11216\/revisions\/11218"}],"wp:featuredmedia":[{"embeddable":true,"href":"https:\/\/www.welovecycling.com\/pl\/wp-json\/wp\/v2\/media\/11217"}],"wp:attachment":[{"href":"https:\/\/www.welovecycling.com\/pl\/wp-json\/wp\/v2\/media?parent=11216"}],"wp:term":[{"taxonomy":"category","embeddable":true,"href":"https:\/\/www.welovecycling.com\/pl\/wp-json\/wp\/v2\/categories?post=11216"},{"taxonomy":"post_tag","embeddable":true,"href":"https:\/\/www.welovecycling.com\/pl\/wp-json\/wp\/v2\/tags?post=11216"},{"taxonomy":"global-categories","embeddable":true,"href":"https:\/\/www.welovecycling.com\/pl\/wp-json\/wp\/v2\/global-categories?post=11216"}],"curies":[{"name":"wp","href":"https:\/\/api.w.org\/{rel}","templated":true}]}}