{"id":11204,"date":"2020-10-19T15:34:52","date_gmt":"2020-10-19T15:34:52","guid":{"rendered":"https:\/\/www.welovecycling.com\/pl\/?p=11204"},"modified":"2020-10-19T15:34:52","modified_gmt":"2020-10-19T15:34:52","slug":"czas-na-ostatni-akcent-sezonu-startuje-vuelta-a-espana","status":"publish","type":"post","link":"https:\/\/www.welovecycling.com\/pl\/2020\/10\/19\/czas-na-ostatni-akcent-sezonu-startuje-vuelta-a-espana\/","title":{"rendered":"Czas na ostatni akcent sezonu. Startuje Vuelta a Espana!"},"content":{"rendered":"<p><strong>W nietypowy spos\u00f3b i w niecodziennych okoliczno\u015bciach rozpoczyna si\u0119 we wtorek ostatni z wielkich tour\u00f3w &#8211; Vuelta a Espana. Ciekawe wie\u015bci nap\u0142yn\u0119\u0142y tak\u017ce z Giro d\u2019Italia.<\/strong><\/p>\n<p>W tym roku kolarskie w\u0142adze musia\u0142y mocno si\u0119 nagimnastykowa\u0107, by zmie\u015bci\u0107 w kalendarzu najwa\u017cniejsze wy\u015bcigi \u015bwiata. Pierwotnie Vuelta a Espana mia\u0142a startowa\u0107 w po\u0142owie sierpnia, ale z powodu pandemii COVID-19 prze\u0142o\u017cono j\u0105 o dwa miesi\u0105ce. Zmieniono r\u00f3wnie\u017c tras\u0119 oraz zmniejszono liczb\u0119 etap\u00f3w \u2013 do 18.<\/p>\n<p>Najwa\u017cniejsze jednak, \u017ce Vuelta wystartuje, cho\u0107 dba\u0142o\u015b\u0107 o wzgl\u0119dy bezpiecze\u0144stwa b\u0119dzie w\u00a0 Hiszpanii szczeg\u00f3lna. Zawodnicy maj\u0105 by\u0107 oczywi\u015bcie odizolowani, a kibice proszeni s\u0105 o \u015bledzenie wy\u015bcigu w telewizji.<\/p>\n<div class=\"embed-controller-wrapper\">\n<blockquote class=\"twitter-tweet\" data-width=\"500\" data-dnt=\"true\">\n<p lang=\"en\" dir=\"ltr\">Listos para <a href=\"https:\/\/twitter.com\/hashtag\/LaVuelta20?src=hash&amp;ref_src=twsrc%5Etfw\">#LaVuelta20<\/a> <\/p>\n<p>Ready for <a href=\"https:\/\/twitter.com\/hashtag\/LaVuelta20?src=hash&amp;ref_src=twsrc%5Etfw\">#LaVuelta20<\/a> <br \/>-2 days to go \ud83c\udfc1 <a href=\"https:\/\/t.co\/oHjLcyYDky\">pic.twitter.com\/oHjLcyYDky<\/a><\/p>\n<p>&mdash; La Vuelta (@lavuelta) <a href=\"https:\/\/twitter.com\/lavuelta\/status\/1317890258860728328?ref_src=twsrc%5Etfw\">October 18, 2020<\/a><\/p><\/blockquote>\n<p><script async data-src=\"https:\/\/platform.twitter.com\/widgets.js\" charset=\"utf-8\"><\/script><\/div>\n<p>O to samo do rodak\u00f3w apeluje hiszpa\u0144ski kolarz \u2013 Alejandro Valverde (Movistar).<\/p>\n<p>\u201eVuelta to specjalny wy\u015bcig ka\u017cdego sezonu, ale w tym roku b\u0119dzie znacznie trudniejszy dla wielu ludzi. Dlatego prosimy was, by\u015bcie kibicowali nam w domach\u201d \u2013 napisa\u0142 Valverde.<\/p>\n<div class=\"embed-controller-wrapper\">\n<blockquote class=\"twitter-tweet\" data-width=\"500\" data-dnt=\"true\">\n<p lang=\"es\" dir=\"ltr\">\u27a1\ufe0f\ud83c\uddea\ud83c\uddf8 Nos vamos a <a href=\"https:\/\/twitter.com\/hashtag\/LaVuelta20?src=hash&amp;ref_src=twsrc%5Etfw\">#LaVuelta20<\/a>, una carrera especial cada temporada pero mucho m\u00e1s en un a\u00f1o complicado para tanta gente. Por eso os pedimos que este a\u00f1o nos anim\u00e9is desde casa. \u00bf14 ya? \ud83d\ude05 Pasan volando con <a href=\"https:\/\/twitter.com\/Movistar_Team?ref_src=twsrc%5Etfw\">@Movistar_Team<\/a>.<\/p>\n<p>\ud83d\udd17 <a href=\"https:\/\/t.co\/2u52L3itt7\">https:\/\/t.co\/2u52L3itt7<\/a> <a href=\"https:\/\/twitter.com\/hashtag\/RodamosJuntos?src=hash&amp;ref_src=twsrc%5Etfw\">#RodamosJuntos<\/a> <a href=\"https:\/\/t.co\/FtU5Exfl9a\">pic.twitter.com\/FtU5Exfl9a<\/a><\/p>\n<p>&mdash; alejandro valverde (@alejanvalverde) <a href=\"https:\/\/twitter.com\/alejanvalverde\/status\/1317058399088029699?ref_src=twsrc%5Etfw\">October 16, 2020<\/a><\/p><\/blockquote>\n<p><script async data-src=\"https:\/\/platform.twitter.com\/widgets.js\" charset=\"utf-8\"><\/script><\/div>\n<p>O jak najlepsze przekazanie tego, co dzieje si\u0119 na trasie, b\u0119dzie dba\u0142o ponad 1000 dziennikarzy oraz 91 fotoreporter\u00f3w. 398 to dziennikarze prasowi i internetowi, 423 radiowi oraz telewizyjni, a 169 to pracownicy hiszpa\u0144skiej RTVE.<\/p>\n<div class=\"embed-controller-wrapper\">\n<blockquote class=\"twitter-tweet\" data-width=\"500\" data-dnt=\"true\">\n<p lang=\"en\" dir=\"ltr\">\ud83d\udd22 <a href=\"https:\/\/twitter.com\/hashtag\/LaVuelta20?src=hash&amp;ref_src=twsrc%5Etfw\">#LaVuelta20<\/a> Key figures <a href=\"https:\/\/t.co\/VgitzJysn0\">pic.twitter.com\/VgitzJysn0<\/a><\/p>\n<p>&mdash; La Vuelta (@lavuelta) <a href=\"https:\/\/twitter.com\/lavuelta\/status\/1317518990349053954?ref_src=twsrc%5Etfw\">October 17, 2020<\/a><\/p><\/blockquote>\n<p><script async data-src=\"https:\/\/platform.twitter.com\/widgets.js\" charset=\"utf-8\"><\/script><\/div>\n<p>Vuelta b\u0119dzie pr\u00f3b\u0105 si\u0142 dla wielu zawodnik\u00f3w, ale przede wszystkim dla Christophera Froome\u2019a. Wielu ekspert\u00f3w twierdzi, \u017ce po zesz\u0142orocznym wypadku Brytyjczyk ju\u017c nigdy nie wr\u00f3ci do wielkiego \u015bcigania. Froome ma jednak marzenie, by po raz pi\u0105ty wygra\u0107 Tour de France i tym samym do\u0142\u0105czy\u0107 do najwi\u0119kszych zawodnik\u00f3w najwi\u0119kszego wy\u015bcigu \u015bwiata. W tym roku nie mia\u0142 jednak na to szans, bo Ineos Grenadier w og\u00f3le nie zg\u0142osi\u0142o go do wy\u015bcigu, a na otarcie \u0142ez Froome pojedzie w\u0142a\u015bnie w Vuelta a Espana.<\/p>\n<p>W Wy\u015bcigu dooko\u0142a Hiszpanii wystartuj\u0105 r\u00f3wnie\u017c Polacy. Tomasz Marczy\u0144ski (zwyci\u0119zca dw\u00f3ch etap\u00f3w w 2017), kt\u00f3ry w\u0142a\u015bnie przed\u0142u\u017cy\u0142 umow\u0119 z Lotto Soudal do ko\u0144ca 2021 r., a tak\u017ce \u0141ukasz Wi\u015bniowski i Micha\u0142 Paluta (CCC Team).<\/p>\n<p>&#8211; Jestem bardzo podekscytowany, \u017ce b\u0119d\u0119 m\u00f3g\u0142 wystartowa\u0107 w Vuelcie. Odk\u0105d zacz\u0105\u0142em je\u017adzi\u0107, zawsze marzy\u0142em, by wyst\u0119powa\u0107 w najwi\u0119kszych wy\u015bcigach. Przygotowania do Vuelty podtrzymywa\u0142y moj\u0105 motywacj\u0119 przez kilka miesi\u0119cy. Moim celem b\u0119dzie jej uko\u0144czenie, ale ambicja nakazuje mi walczy\u0107 o fajne wyniki na etapach \u2013 m\u00f3wi Paluta na oficjalnej stronie CCC.<\/p>\n<p>Vuelta zaczyna si\u0119 we wtorek etapem Irun \u2013 Arrate, a zako\u0144czy si\u0119 8 listopada w Madrycie.<\/p>\n<p>Ciekawe rzeczy dziej\u0105 si\u0119 na Giro d\u2019Italia. Dzielnie walczy Rafa\u0142 Majka (Bora-hansgrohe), kt\u00f3ry wi\u0119kszo\u015b\u0107 etap\u00f3w ko\u0144czy\u0142 w okolicach pierwszej \u201e10\u201d, a w klasyfikacji generalnej zajmuje sz\u00f3ste miejsce i do prowadz\u0105cego w klasyfikacji generalnej Joao Almeidy (Deceuninck &#8211; Quick &#8211; Step) traci 3 minuty i 18 sekund, ale do trzeciego miejsca ju\u017c tylko 22 sekundy. Najwa\u017cniejsze rozstrzygni\u0119cia jednak dopiero przed nami, bo wy\u015bcig wje\u017cd\u017ca w g\u00f3ry, a zako\u0144czy si\u0119 w niedziel\u0119 w Mediolanie.<\/p>\n<p>To jednak nie s\u0105 jedyne wie\u015bci dotycz\u0105ce Majki, poniewa\u017c w\u0142a\u015bnie potwierdzono, \u017ce od przysz\u0142ego sezonu Polak b\u0119dzie je\u017adzi\u0142 w ekipie UAE Team Emirates, wi\u0119c jego dru\u017cynowym koleg\u0105 b\u0119dzie Tadej Pogacar, tegoroczny zwyci\u0119zca Tour de France.<\/p>\n<div class=\"embed-controller-wrapper\">\n<blockquote class=\"twitter-tweet\" data-width=\"500\" data-dnt=\"true\">\n<p lang=\"en\" dir=\"ltr\">\u270d\ufe0f | We&#39;re delighted to announce the signing of <a href=\"https:\/\/twitter.com\/majkaformal?ref_src=twsrc%5Etfw\">@majkaformal<\/a> .<\/p>\n<p>Strong Polish climber signs deal with the Emirati team. <\/p>\n<p>Full story\u27a1\ufe0f: <a href=\"https:\/\/t.co\/aFYgKYN3Ul\">https:\/\/t.co\/aFYgKYN3Ul<\/a><a href=\"https:\/\/twitter.com\/hashtag\/UAETeamEmirates?src=hash&amp;ref_src=twsrc%5Etfw\">#UAETeamEmirates<\/a> <a href=\"https:\/\/twitter.com\/hashtag\/RideTogether?src=hash&amp;ref_src=twsrc%5Etfw\">#RideTogether<\/a> <a href=\"https:\/\/t.co\/WtccjUJYt5\">pic.twitter.com\/WtccjUJYt5<\/a><\/p>\n<p>&mdash; @UAE-TeamEmirates (@TeamEmiratesUAE) <a href=\"https:\/\/twitter.com\/TeamEmiratesUAE\/status\/1318097048051322880?ref_src=twsrc%5Etfw\">October 19, 2020<\/a><\/p><\/blockquote>\n<p><script async data-src=\"https:\/\/platform.twitter.com\/widgets.js\" charset=\"utf-8\"><\/script><\/div>\n<p>W tej sytuacji przysz\u0142oroczna Wielka P\u0119tla dla polskich kibic\u00f3w zapowiada si\u0119 jeszcze bardziej emocjonuj\u0105co.<\/p>\n<p>&nbsp;<\/p>\n","protected":false},"excerpt":{"rendered":"<p>W nietypowy spos\u00f3b i w niecodziennych okoliczno\u015bciach rozpoczyna si\u0119 we wtorek ostatni z wielkich tour\u00f3w &#8211; Vuelta a Espana. Ciekawe [&hellip;]<\/p>\n","protected":false},"author":125,"featured_media":11209,"comment_status":"open","ping_status":"open","sticky":false,"template":"","format":"standard","meta":{"footnotes":""},"categories":[6,295],"tags":[],"global-categories":[303],"class_list":["post-11204","post","type-post","status-publish","format-standard","has-post-thumbnail","hentry","category-kolarstwo-szosowe","category-zawody","global-categories-cycling"],"yoast_head":"<!-- This site is optimized with the Yoast SEO Premium plugin v25.3 (Yoast SEO v25.9) - https:\/\/yoast.com\/wordpress\/plugins\/seo\/ -->\n<title>Czas na ostatni akcent sezonu. Startuje Vuelta a Espana! - \u0160koda We Love Cycling - Poland<\/title>\n<meta name=\"robots\" content=\"index, follow, max-snippet:-1, max-image-preview:large, max-video-preview:-1\" \/>\n<link rel=\"canonical\" href=\"https:\/\/www.welovecycling.com\/pl\/2020\/10\/19\/czas-na-ostatni-akcent-sezonu-startuje-vuelta-a-espana\/\" \/>\n<meta property=\"og:locale\" content=\"pl_PL\" \/>\n<meta property=\"og:type\" content=\"article\" \/>\n<meta property=\"og:title\" content=\"Czas na ostatni akcent sezonu. Startuje Vuelta a Espana!\" \/>\n<meta property=\"og:description\" content=\"W nietypowy spos\u00f3b i w niecodziennych okoliczno\u015bciach rozpoczyna si\u0119 we wtorek ostatni z wielkich tour\u00f3w &#8211; Vuelta a Espana. Ciekawe [&hellip;]\" \/>\n<meta property=\"og:url\" content=\"https:\/\/www.welovecycling.com\/pl\/2020\/10\/19\/czas-na-ostatni-akcent-sezonu-startuje-vuelta-a-espana\/\" \/>\n<meta property=\"og:site_name\" content=\"\u0160koda We Love Cycling - Poland\" \/>\n<meta property=\"article:published_time\" content=\"2020-10-19T15:34:52+00:00\" \/>\n<meta property=\"og:image\" content=\"https:\/\/d2p6e6u75xmxt8.cloudfront.net\/5\/2020\/10\/Primoz-Roglic-CVR-profimedia-0471012719-1024x450-1.jpg\" \/>\n\t<meta property=\"og:image:width\" content=\"1024\" \/>\n\t<meta property=\"og:image:height\" content=\"450\" \/>\n\t<meta property=\"og:image:type\" content=\"image\/jpeg\" \/>\n<meta name=\"author\" content=\"oktawiamikulska\" \/>\n<meta name=\"twitter:card\" content=\"summary_large_image\" \/>\n<meta name=\"twitter:label1\" content=\"Written by\" \/>\n\t<meta name=\"twitter:data1\" content=\"Piotr Nowik\" \/>\n\t<meta name=\"twitter:label2\" content=\"Est. reading time\" \/>\n\t<meta name=\"twitter:data2\" content=\"3 minutes\" \/>\n<script type=\"application\/ld+json\" class=\"yoast-schema-graph\">{\"@context\":\"https:\/\/schema.org\",\"@graph\":[{\"@type\":\"WebPage\",\"@id\":\"https:\/\/www.welovecycling.com\/pl\/2020\/10\/19\/czas-na-ostatni-akcent-sezonu-startuje-vuelta-a-espana\/\",\"url\":\"https:\/\/www.welovecycling.com\/pl\/2020\/10\/19\/czas-na-ostatni-akcent-sezonu-startuje-vuelta-a-espana\/\",\"name\":\"Czas na ostatni akcent sezonu. Startuje Vuelta a Espana! - \u0160koda We Love Cycling - Poland\",\"isPartOf\":{\"@id\":\"https:\/\/www.welovecycling.com\/pl\/#website\"},\"primaryImageOfPage\":{\"@id\":\"https:\/\/www.welovecycling.com\/pl\/2020\/10\/19\/czas-na-ostatni-akcent-sezonu-startuje-vuelta-a-espana\/#primaryimage\"},\"image\":{\"@id\":\"https:\/\/www.welovecycling.com\/pl\/2020\/10\/19\/czas-na-ostatni-akcent-sezonu-startuje-vuelta-a-espana\/#primaryimage\"},\"thumbnailUrl\":\"https:\/\/d2p6e6u75xmxt8.cloudfront.net\/5\/2020\/10\/Primoz-Roglic-CVR-profimedia-0471012719-1024x450-1.jpg\",\"datePublished\":\"2020-10-19T15:34:52+00:00\",\"author\":{\"@id\":\"https:\/\/www.welovecycling.com\/pl\/#\/schema\/person\/4a79bac7bd265aa6a35a1079d36648be\"},\"breadcrumb\":{\"@id\":\"https:\/\/www.welovecycling.com\/pl\/2020\/10\/19\/czas-na-ostatni-akcent-sezonu-startuje-vuelta-a-espana\/#breadcrumb\"},\"inLanguage\":\"pl-PL\",\"potentialAction\":[{\"@type\":\"ReadAction\",\"target\":[\"https:\/\/www.welovecycling.com\/pl\/2020\/10\/19\/czas-na-ostatni-akcent-sezonu-startuje-vuelta-a-espana\/\"]}]},{\"@type\":\"ImageObject\",\"inLanguage\":\"pl-PL\",\"@id\":\"https:\/\/www.welovecycling.com\/pl\/2020\/10\/19\/czas-na-ostatni-akcent-sezonu-startuje-vuelta-a-espana\/#primaryimage\",\"url\":\"https:\/\/d2p6e6u75xmxt8.cloudfront.net\/5\/2020\/10\/Primoz-Roglic-CVR-profimedia-0471012719-1024x450-1.jpg\",\"contentUrl\":\"https:\/\/d2p6e6u75xmxt8.cloudfront.net\/5\/2020\/10\/Primoz-Roglic-CVR-profimedia-0471012719-1024x450-1.jpg\",\"width\":1024,\"height\":450},{\"@type\":\"BreadcrumbList\",\"@id\":\"https:\/\/www.welovecycling.com\/pl\/2020\/10\/19\/czas-na-ostatni-akcent-sezonu-startuje-vuelta-a-espana\/#breadcrumb\",\"itemListElement\":[{\"@type\":\"ListItem\",\"position\":1,\"name\":\"Home\",\"item\":\"https:\/\/www.welovecycling.com\/pl\/\"},{\"@type\":\"ListItem\",\"position\":2,\"name\":\"Czas na ostatni akcent sezonu. Startuje Vuelta a Espana!\"}]},{\"@type\":\"WebSite\",\"@id\":\"https:\/\/www.welovecycling.com\/pl\/#website\",\"url\":\"https:\/\/www.welovecycling.com\/pl\/\",\"name\":\"\u0160koda We Love Cycling - Poland\",\"description\":\"\",\"potentialAction\":[{\"@type\":\"SearchAction\",\"target\":{\"@type\":\"EntryPoint\",\"urlTemplate\":\"https:\/\/www.welovecycling.com\/pl\/?s={search_term_string}\"},\"query-input\":{\"@type\":\"PropertyValueSpecification\",\"valueRequired\":true,\"valueName\":\"search_term_string\"}}],\"inLanguage\":\"pl-PL\"},{\"@type\":\"Person\",\"@id\":\"https:\/\/www.welovecycling.com\/pl\/#\/schema\/person\/4a79bac7bd265aa6a35a1079d36648be\",\"name\":\"oktawiamikulska\",\"image\":{\"@type\":\"ImageObject\",\"inLanguage\":\"pl-PL\",\"@id\":\"https:\/\/www.welovecycling.com\/pl\/#\/schema\/person\/image\/\",\"url\":\"https:\/\/secure.gravatar.com\/avatar\/b97a3f44e2de6d2f8dd358975937e49823662e12cbd810b9d1a2bff1c149e8a7?s=96&d=mm&r=g\",\"contentUrl\":\"https:\/\/secure.gravatar.com\/avatar\/b97a3f44e2de6d2f8dd358975937e49823662e12cbd810b9d1a2bff1c149e8a7?s=96&d=mm&r=g\",\"caption\":\"oktawiamikulska\"},\"url\":\"https:\/\/www.welovecycling.com\/pl\/author\/oktawiamikulska\/\"}]}<\/script>\n<!-- \/ Yoast SEO Premium plugin. -->","yoast_head_json":{"title":"Czas na ostatni akcent sezonu. Startuje Vuelta a Espana! - \u0160koda We Love Cycling - Poland","robots":{"index":"index","follow":"follow","max-snippet":"max-snippet:-1","max-image-preview":"max-image-preview:large","max-video-preview":"max-video-preview:-1"},"canonical":"https:\/\/www.welovecycling.com\/pl\/2020\/10\/19\/czas-na-ostatni-akcent-sezonu-startuje-vuelta-a-espana\/","og_locale":"pl_PL","og_type":"article","og_title":"Czas na ostatni akcent sezonu. Startuje Vuelta a Espana!","og_description":"W nietypowy spos\u00f3b i w niecodziennych okoliczno\u015bciach rozpoczyna si\u0119 we wtorek ostatni z wielkich tour\u00f3w &#8211; Vuelta a Espana. Ciekawe [&hellip;]","og_url":"https:\/\/www.welovecycling.com\/pl\/2020\/10\/19\/czas-na-ostatni-akcent-sezonu-startuje-vuelta-a-espana\/","og_site_name":"\u0160koda We Love Cycling - Poland","article_published_time":"2020-10-19T15:34:52+00:00","og_image":[{"width":1024,"height":450,"url":"https:\/\/d2p6e6u75xmxt8.cloudfront.net\/5\/2020\/10\/Primoz-Roglic-CVR-profimedia-0471012719-1024x450-1.jpg","type":"image\/jpeg"}],"author":"oktawiamikulska","twitter_card":"summary_large_image","twitter_misc":{"Written by":"Piotr Nowik","Est. reading time":"3 minutes"},"schema":{"@context":"https:\/\/schema.org","@graph":[{"@type":"WebPage","@id":"https:\/\/www.welovecycling.com\/pl\/2020\/10\/19\/czas-na-ostatni-akcent-sezonu-startuje-vuelta-a-espana\/","url":"https:\/\/www.welovecycling.com\/pl\/2020\/10\/19\/czas-na-ostatni-akcent-sezonu-startuje-vuelta-a-espana\/","name":"Czas na ostatni akcent sezonu. Startuje Vuelta a Espana! - \u0160koda We Love Cycling - Poland","isPartOf":{"@id":"https:\/\/www.welovecycling.com\/pl\/#website"},"primaryImageOfPage":{"@id":"https:\/\/www.welovecycling.com\/pl\/2020\/10\/19\/czas-na-ostatni-akcent-sezonu-startuje-vuelta-a-espana\/#primaryimage"},"image":{"@id":"https:\/\/www.welovecycling.com\/pl\/2020\/10\/19\/czas-na-ostatni-akcent-sezonu-startuje-vuelta-a-espana\/#primaryimage"},"thumbnailUrl":"https:\/\/d2p6e6u75xmxt8.cloudfront.net\/5\/2020\/10\/Primoz-Roglic-CVR-profimedia-0471012719-1024x450-1.jpg","datePublished":"2020-10-19T15:34:52+00:00","author":{"@id":"https:\/\/www.welovecycling.com\/pl\/#\/schema\/person\/4a79bac7bd265aa6a35a1079d36648be"},"breadcrumb":{"@id":"https:\/\/www.welovecycling.com\/pl\/2020\/10\/19\/czas-na-ostatni-akcent-sezonu-startuje-vuelta-a-espana\/#breadcrumb"},"inLanguage":"pl-PL","potentialAction":[{"@type":"ReadAction","target":["https:\/\/www.welovecycling.com\/pl\/2020\/10\/19\/czas-na-ostatni-akcent-sezonu-startuje-vuelta-a-espana\/"]}]},{"@type":"ImageObject","inLanguage":"pl-PL","@id":"https:\/\/www.welovecycling.com\/pl\/2020\/10\/19\/czas-na-ostatni-akcent-sezonu-startuje-vuelta-a-espana\/#primaryimage","url":"https:\/\/d2p6e6u75xmxt8.cloudfront.net\/5\/2020\/10\/Primoz-Roglic-CVR-profimedia-0471012719-1024x450-1.jpg","contentUrl":"https:\/\/d2p6e6u75xmxt8.cloudfront.net\/5\/2020\/10\/Primoz-Roglic-CVR-profimedia-0471012719-1024x450-1.jpg","width":1024,"height":450},{"@type":"BreadcrumbList","@id":"https:\/\/www.welovecycling.com\/pl\/2020\/10\/19\/czas-na-ostatni-akcent-sezonu-startuje-vuelta-a-espana\/#breadcrumb","itemListElement":[{"@type":"ListItem","position":1,"name":"Home","item":"https:\/\/www.welovecycling.com\/pl\/"},{"@type":"ListItem","position":2,"name":"Czas na ostatni akcent sezonu. Startuje Vuelta a Espana!"}]},{"@type":"WebSite","@id":"https:\/\/www.welovecycling.com\/pl\/#website","url":"https:\/\/www.welovecycling.com\/pl\/","name":"\u0160koda We Love Cycling - Poland","description":"","potentialAction":[{"@type":"SearchAction","target":{"@type":"EntryPoint","urlTemplate":"https:\/\/www.welovecycling.com\/pl\/?s={search_term_string}"},"query-input":{"@type":"PropertyValueSpecification","valueRequired":true,"valueName":"search_term_string"}}],"inLanguage":"pl-PL"},{"@type":"Person","@id":"https:\/\/www.welovecycling.com\/pl\/#\/schema\/person\/4a79bac7bd265aa6a35a1079d36648be","name":"oktawiamikulska","image":{"@type":"ImageObject","inLanguage":"pl-PL","@id":"https:\/\/www.welovecycling.com\/pl\/#\/schema\/person\/image\/","url":"https:\/\/secure.gravatar.com\/avatar\/b97a3f44e2de6d2f8dd358975937e49823662e12cbd810b9d1a2bff1c149e8a7?s=96&d=mm&r=g","contentUrl":"https:\/\/secure.gravatar.com\/avatar\/b97a3f44e2de6d2f8dd358975937e49823662e12cbd810b9d1a2bff1c149e8a7?s=96&d=mm&r=g","caption":"oktawiamikulska"},"url":"https:\/\/www.welovecycling.com\/pl\/author\/oktawiamikulska\/"}]}},"_links":{"self":[{"href":"https:\/\/www.welovecycling.com\/pl\/wp-json\/wp\/v2\/posts\/11204","targetHints":{"allow":["GET"]}}],"collection":[{"href":"https:\/\/www.welovecycling.com\/pl\/wp-json\/wp\/v2\/posts"}],"about":[{"href":"https:\/\/www.welovecycling.com\/pl\/wp-json\/wp\/v2\/types\/post"}],"author":[{"embeddable":true,"href":"https:\/\/www.welovecycling.com\/pl\/wp-json\/wp\/v2\/users\/125"}],"replies":[{"embeddable":true,"href":"https:\/\/www.welovecycling.com\/pl\/wp-json\/wp\/v2\/comments?post=11204"}],"version-history":[{"count":1,"href":"https:\/\/www.welovecycling.com\/pl\/wp-json\/wp\/v2\/posts\/11204\/revisions"}],"predecessor-version":[{"id":11210,"href":"https:\/\/www.welovecycling.com\/pl\/wp-json\/wp\/v2\/posts\/11204\/revisions\/11210"}],"wp:featuredmedia":[{"embeddable":true,"href":"https:\/\/www.welovecycling.com\/pl\/wp-json\/wp\/v2\/media\/11209"}],"wp:attachment":[{"href":"https:\/\/www.welovecycling.com\/pl\/wp-json\/wp\/v2\/media?parent=11204"}],"wp:term":[{"taxonomy":"category","embeddable":true,"href":"https:\/\/www.welovecycling.com\/pl\/wp-json\/wp\/v2\/categories?post=11204"},{"taxonomy":"post_tag","embeddable":true,"href":"https:\/\/www.welovecycling.com\/pl\/wp-json\/wp\/v2\/tags?post=11204"},{"taxonomy":"global-categories","embeddable":true,"href":"https:\/\/www.welovecycling.com\/pl\/wp-json\/wp\/v2\/global-categories?post=11204"}],"curies":[{"name":"wp","href":"https:\/\/api.w.org\/{rel}","templated":true}]}}