{"id":11200,"date":"2020-10-16T10:26:26","date_gmt":"2020-10-16T10:26:26","guid":{"rendered":"https:\/\/www.welovecycling.com\/pl\/?p=11200"},"modified":"2020-10-16T10:27:00","modified_gmt":"2020-10-16T10:27:00","slug":"zaskakujace-chwile-z-historii-tour-de-france","status":"publish","type":"post","link":"https:\/\/www.welovecycling.com\/pl\/2020\/10\/16\/zaskakujace-chwile-z-historii-tour-de-france\/","title":{"rendered":"Zaskakuj\u0105ce chwile z historii Tour de France"},"content":{"rendered":"<p><strong>Ka\u017cdego roku podczas TdF mamy do czynienia z emocjonuj\u0105cymi chwilami i zdarzeniami, o kt\u00f3rych m\u00f3wi ca\u0142y \u015bwiat. Niekt\u00f3re s\u0105 tak spektakularne, \u017ce \u017cyj\u0105 w naszej pami\u0119ci do dzi\u015b. Poni\u017cej przedstawiamy wyb\u00f3r najbardziej szokuj\u0105cych wydarze\u0144 w historii Tour de France.<\/strong><\/p>\n<h2><strong>Zaskakuj\u0105ce pocz\u0105tki<\/strong><\/h2>\n<p>Zawodnicy pr\u00f3bowali znale\u017a\u0107 kreatywne sposoby na zminimalizowanie zm\u0119czenia podczas wy\u015bcigu na d\u0142ugo przed tym, zanim Tour sta\u0142 si\u0119 globalnym fenomenem. Niekt\u00f3rzy chwytali si\u0119 samochod\u00f3w na trudnych podjazdach, inni, chc\u0105c unikn\u0105\u0107 morderczego peda\u0142owania, zostali nawet przy\u0142apani na je\u017adzie poci\u0105giem. Patrz\u0105c na dzisiejsze standardy, od\u017cywianie si\u0119 pierwszych zawodnik\u00f3w podczas TdF by\u0142o wi\u0119cej ni\u017c szokuj\u0105ce. \u00d3wczesne picie alkoholu podczas etap\u00f3w, palenie papieros\u00f3w przed wspinaczk\u0105 lub u\u017cywanie \u015brodk\u00f3w poprawiaj\u0105cych wydajno\u015b\u0107 dzi\u015b by\u0142oby uwa\u017cane za niedopuszczalne. Doping by\u0142 legalny do lat 40. i musia\u0142o min\u0105\u0107 kolejnych 20 lat, \u017ceby sta\u0142 si\u0119 karalny.<\/p>\n<figure id=\"attachment_179429\" aria-describedby=\"caption-attachment-179429\" style=\"width: 1024px\" class=\"wp-caption alignnone\"><img loading=\"lazy\" decoding=\"async\" class=\"loading wp-image-179429 size-large\" src=\"https:\/\/d2p6e6u75xmxt8.cloudfront.net\/2\/2020\/09\/profimedia-0381022607-1024x904.jpg\" sizes=\"auto, (max-width: 1024px) 100vw, 1024px\" srcset=\"https:\/\/d2p6e6u75xmxt8.cloudfront.net\/2\/2020\/09\/profimedia-0381022607-1024x904.jpg 1024w, https:\/\/d2p6e6u75xmxt8.cloudfront.net\/2\/2020\/09\/profimedia-0381022607-300x265.jpg 300w, https:\/\/d2p6e6u75xmxt8.cloudfront.net\/2\/2020\/09\/profimedia-0381022607-768x678.jpg 768w, https:\/\/d2p6e6u75xmxt8.cloudfront.net\/2\/2020\/09\/profimedia-0381022607.jpg 1250w\" alt=\"Tour de France 1927\" width=\"1024\" height=\"904\" data-was-processed=\"true\" \/><figcaption id=\"caption-attachment-179429\" class=\"wp-caption-text\">Kiedy\u015b palenie papieros\u00f3w przed wspinaczk\u0105 lub nawet podczas etapu by\u0142o normaln\u0105 praktyk\u0105. \u00a9 Profimedia<\/figcaption><\/figure>\n<h2><strong>\u015amier\u0107 Toma Simpsona<\/strong><\/h2>\n<p>Pierwszym naprawd\u0119 tragicznym wydarzeniem w historii Tour de France unaoczniaj\u0105cym niebezpiecze\u0144stwa zwi\u0105zane z nielegalnym dopingiem by\u0142a \u015bmier\u0107 Toma Simpsona podczas Tour 1967. Na 13. etapie niespodziewanie spad\u0142 z roweru oko\u0142o kilometra poni\u017cej szczytu Mount Ventoux. Pomimo ostrze\u017ce\u0144 mechanika zespo\u0142u zdecydowa\u0142 si\u0119 kontynuowa\u0107 wy\u015bcig. Po kolejnych 500 metrach znowu zacz\u0105\u0142 si\u0119 chwia\u0107 i upad\u0142. Wkr\u00f3tce po przewiezieniu do miejscowego szpitala zmar\u0142. P\u00f3\u017aniej ustalono, \u017ce Simpson pi\u0142 alkohol i bra\u0142 amfetamin\u0119 podczas wy\u015bcigu, co w po\u0142\u0105czeniu z ekstremalnym upa\u0142em i ci\u0119\u017ck\u0105 wspinaczk\u0105 okaza\u0142o si\u0119 dla niego zab\u00f3jcze. Jego \u015bmier\u0107 skutkowa\u0142a obowi\u0105zkowymi badaniami na obecno\u015b\u0107 nielegalnych substancji podczas jazdy. Zosta\u0142y one wprowadzone ju\u017c w kolejnym roku podczas Tour, Giro d&#8217;Italia, a nawet na letnich igrzyskach olimpijskich.<\/p>\n<h2><strong>Eddy Merckx pobity przez kibica<\/strong><\/h2>\n<p>TdF w 1975 roku pokaza\u0142, jak nieobliczalni potrafi\u0105 by\u0107 fani wy\u015bcigu. Pi\u0119ciokrotny mistrz z Belgii, Eddy Merckx, d\u0105\u017cy\u0142 do zdobycia sz\u00f3stego tytu\u0142u. Da\u0142oby to mu to miejsce w historii przed Francuzem Jacquesem Anquetilem, kt\u00f3ry wcze\u015bniej zdoby\u0142 sw\u00f3j pi\u0105ty tytu\u0142. Pewien w\u015bciek\u0142y \u201ekibic\u201d z Francji nie chcia\u0142, aby ten zaszczyt przypad\u0142 belgijskiemu kolarzowi. Postanowi\u0142 wzi\u0105\u0107 sprawy w swoje r\u0119ce i uderzy\u0142 Merckxa w okolice nerek podczas wspinaczki na Puy de D\u00f4me. Do dzi\u015b nie jest jasne, czy siniaki i uszkodzenia spowodowane tym uderzeniem by\u0142y przyczyn\u0105, dla kt\u00f3rej Merckx nie wygra\u0142, czy po prostu jego konkurenci byli lepsi. Niezale\u017cnie od tego, jaka jest prawda, to zdarzenie pokazuje dobitnie, jakie emocje jest w stanie wywo\u0142a\u0107 Tour.<\/p>\n<figure id=\"attachment_179428\" aria-describedby=\"caption-attachment-179428\" style=\"width: 1024px\" class=\"wp-caption alignnone\"><img loading=\"lazy\" decoding=\"async\" class=\"loading wp-image-179428 size-large\" src=\"https:\/\/d2p6e6u75xmxt8.cloudfront.net\/2\/2020\/09\/profimedia-0226021800-1024x662.jpg\" sizes=\"auto, (max-width: 1024px) 100vw, 1024px\" srcset=\"https:\/\/d2p6e6u75xmxt8.cloudfront.net\/2\/2020\/09\/profimedia-0226021800-1024x662.jpg 1024w, https:\/\/d2p6e6u75xmxt8.cloudfront.net\/2\/2020\/09\/profimedia-0226021800-300x194.jpg 300w, https:\/\/d2p6e6u75xmxt8.cloudfront.net\/2\/2020\/09\/profimedia-0226021800-768x496.jpg 768w, https:\/\/d2p6e6u75xmxt8.cloudfront.net\/2\/2020\/09\/profimedia-0226021800.jpg 1250w\" alt=\"Eddy Merckx\" width=\"1024\" height=\"662\" data-was-processed=\"true\" \/><figcaption id=\"caption-attachment-179428\" class=\"wp-caption-text\">Eddy Merckx w 1975 podczas TdF. \u00a9 Profimedia<\/figcaption><\/figure>\n<h2><strong>Zdrada w zespole<\/strong><\/h2>\n<p>Tour de France to sport zespo\u0142owy. Mimo \u017ce mamy indywidualnych bohater\u00f3w, to zawsze polegaj\u0105 oni na swojej dru\u017cynie, kt\u00f3ra pomaga im zneutralizowa\u0107 ataki i wspiera ich w ka\u017cdy mo\u017cliwy spos\u00f3b. Greg LeMond pomaga\u0142 swojemu kapitanowi z dru\u017cyny, Bernardowi Hinaultowi, w 1985 roku podczas jego pi\u0105tego zwyci\u0119stwa. Rok p\u00f3\u017aniej Hinault obieca\u0142 tak\u0105 sam\u0105 pomoc LeMondowi. Ku zaskoczeniu wszystkich Hinault z\u0142ama\u0142 obietnic\u0119 na 12. etapie, kiedy to zacz\u0105\u0142 atakowa\u0107 koleg\u0119 z dru\u017cyny, kt\u00f3rego mia\u0142 wspiera\u0107. Hinault wykorzysta\u0142 fakt, \u017ce by\u0142 w \u017c\u00f3\u0142tej koszulce, a LeMond nie m\u00f3g\u0142 odpowiedzie\u0107 na jego atak. Dzi\u0119ki temu wyczynowi Hinault uzyska\u0142 pi\u0119ciominutow\u0105 przewag\u0119 nad LeMondem. Jednak ten pomimo zdrady nie straci\u0142 opanowania i przez kolejne etapy wraca\u0142 na prowadzenie minuta po minucie, aby ostatecznie zdoby\u0107 zwyci\u0119ski tytu\u0142. Udowodni\u0142 tym samym, \u017ce by\u0142 naprawd\u0119 najlepszym kolarzem TdF tego roku. Po tym wy\u015bcigu Hinault zako\u0144czy\u0142 karier\u0119.<\/p>\n<h2><strong>Brak szacunku dla niepisanych zasad<\/strong><\/h2>\n<p>Alberto Contador zszokowa\u0142 \u015bwiat kolarski, gdy w trakcie Tour 2010 post\u0105pi\u0142 wbrew niepisanym zasadom. Jad\u0105cy w \u017c\u00f3\u0142tej koszulce Andy Schleck dogoni\u0142 czo\u0142ow\u0105 grup\u0119 kolarzy na 15. etapie podczas podjazdu do Port de Bal\u00e8s. Nied\u0142ugo potem musia\u0142 zsi\u0105\u015b\u0107 z roweru z powodu problemu z \u0142a\u0144cuchem. Niepisane zasady m\u00f3wi\u0105, \u017ce kiedy kolarz w \u017c\u00f3\u0142tej koszulce ma usterk\u0119 mechaniczn\u0105, jego rywale nie mog\u0105 atakowa\u0107, poniewa\u017c zyskaliby niehonorow\u0105 przewag\u0119. Alberto Contador nie uszanowa\u0142 tej zasady i rozpocz\u0105\u0142 atak. Schleck nie by\u0142 ju\u017c w stanie dogoni\u0107 go po naprawieniu \u0142a\u0144cucha i straci\u0142 koszulk\u0119 lidera. Ostatecznie j\u0105 odzyska\u0142, ale do dzi\u015b dyskutuje si\u0119, czy atak Contadora by\u0142 uzasadniony, czy nie.<\/p>\n<p>Czy pami\u0119tasz jakie\u015b inne spektakularne wydarzenia z TdF? Podziel si\u0119 nimi z nami.<\/p>\n<p><span data-sheets-value=\"{&quot;1&quot;:2,&quot;2&quot;:&quot;Artyku\u0142 powsta\u0142 we wsp\u00f3\u0142pracy ze skoda-auto.pl&quot;}\" data-sheets-userformat=\"{&quot;2&quot;:1,&quot;3&quot;:{&quot;1&quot;:0}}\" data-sheets-hyperlink=\"http:\/\/www.skoda-auto.pl\/\"><a class=\"in-cell-link\" href=\"http:\/\/www.skoda-auto.pl\/\" target=\"_blank\" rel=\"noopener noreferrer\">Artyku\u0142 powsta\u0142 we wsp\u00f3\u0142pracy ze skoda-auto.pl<\/a><\/span><\/p>\n<p><a href=\"https:\/\/www.skoda-auto.pl\/modele\/karoq\">\u00a0<\/a><\/p>\n<p><a href=\"https:\/\/www.skoda-auto.pl\/modele\/karoq\"><img loading=\"lazy\" decoding=\"async\" class=\"aligncenter wp-image-9606 size-full\" src=\"https:\/\/d2p6e6u75xmxt8.cloudfront.net\/5\/2019\/08\/baner_WLC_640x350_1.png\" alt=\"\" width=\"640\" height=\"350\" srcset=\"https:\/\/d2p6e6u75xmxt8.cloudfront.net\/5\/2019\/08\/baner_WLC_640x350_1.png 640w, https:\/\/d2p6e6u75xmxt8.cloudfront.net\/5\/2019\/08\/baner_WLC_640x350_1-300x164.png 300w\" sizes=\"auto, (max-width: 640px) 100vw, 640px\" \/><\/a><\/p>\n<p>&nbsp;<\/p>\n","protected":false},"excerpt":{"rendered":"<p>Ka\u017cdego roku podczas TdF mamy do czynienia z emocjonuj\u0105cymi chwilami i zdarzeniami, o kt\u00f3rych m\u00f3wi ca\u0142y \u015bwiat. Niekt\u00f3re s\u0105 tak [&hellip;]<\/p>\n","protected":false},"author":125,"featured_media":11201,"comment_status":"open","ping_status":"open","sticky":false,"template":"","format":"standard","meta":{"footnotes":""},"categories":[337],"tags":[],"global-categories":[303],"class_list":["post-11200","post","type-post","status-publish","format-standard","has-post-thumbnail","hentry","category-tour-de-france","global-categories-cycling"],"yoast_head":"<!-- This site is optimized with the Yoast SEO Premium plugin v25.3 (Yoast SEO v25.9) - https:\/\/yoast.com\/wordpress\/plugins\/seo\/ -->\n<title>Zaskakuj\u0105ce chwile z historii Tour de France - \u0160koda We Love Cycling - Poland<\/title>\n<meta name=\"description\" content=\"Ka\u017cdego roku podczas TdF mamy do czynienia z emocjonuj\u0105cymi chwilami i zdarzeniami, o kt\u00f3rych m\u00f3wi ca\u0142y \u015bwiat. Niekt\u00f3re s\u0105 tak spektakularne, \u017ce \u017cyj\u0105 w naszej pami\u0119ci do dzi\u015b. Poni\u017cej przedstawiamy wyb\u00f3r najbardziej szokuj\u0105cych wydarze\u0144 w historii Tour de France.\" \/>\n<meta name=\"robots\" content=\"index, follow, max-snippet:-1, max-image-preview:large, max-video-preview:-1\" \/>\n<link rel=\"canonical\" href=\"https:\/\/www.welovecycling.com\/pl\/2020\/10\/16\/zaskakujace-chwile-z-historii-tour-de-france\/\" \/>\n<meta property=\"og:locale\" content=\"pl_PL\" \/>\n<meta property=\"og:type\" content=\"article\" \/>\n<meta property=\"og:title\" content=\"Zaskakuj\u0105ce chwile z historii Tour de France\" \/>\n<meta property=\"og:description\" content=\"Ka\u017cdego roku podczas TdF mamy do czynienia z emocjonuj\u0105cymi chwilami i zdarzeniami, o kt\u00f3rych m\u00f3wi ca\u0142y \u015bwiat. Niekt\u00f3re s\u0105 tak spektakularne, \u017ce \u017cyj\u0105 w naszej pami\u0119ci do dzi\u015b. Poni\u017cej przedstawiamy wyb\u00f3r najbardziej szokuj\u0105cych wydarze\u0144 w historii Tour de France.\" \/>\n<meta property=\"og:url\" content=\"https:\/\/www.welovecycling.com\/pl\/2020\/10\/16\/zaskakujace-chwile-z-historii-tour-de-france\/\" \/>\n<meta property=\"og:site_name\" content=\"\u0160koda We Love Cycling - Poland\" \/>\n<meta property=\"article:published_time\" content=\"2020-10-16T10:26:26+00:00\" \/>\n<meta property=\"article:modified_time\" content=\"2020-10-16T10:27:00+00:00\" \/>\n<meta property=\"og:image\" content=\"https:\/\/d2p6e6u75xmxt8.cloudfront.net\/5\/2020\/10\/merckx-anquetil-profimedia-0247358181-CVR-1024x450-1.jpg\" \/>\n\t<meta property=\"og:image:width\" content=\"1024\" \/>\n\t<meta property=\"og:image:height\" content=\"450\" \/>\n\t<meta property=\"og:image:type\" content=\"image\/jpeg\" \/>\n<meta name=\"author\" content=\"oktawiamikulska\" \/>\n<meta name=\"twitter:card\" content=\"summary_large_image\" \/>\n<meta name=\"twitter:label1\" content=\"Written by\" \/>\n\t<meta name=\"twitter:data1\" content=\"Jiri Kaloc\" \/>\n\t<meta name=\"twitter:label2\" content=\"Est. reading time\" \/>\n\t<meta name=\"twitter:data2\" content=\"4 minutes\" \/>\n<script type=\"application\/ld+json\" class=\"yoast-schema-graph\">{\"@context\":\"https:\/\/schema.org\",\"@graph\":[{\"@type\":\"WebPage\",\"@id\":\"https:\/\/www.welovecycling.com\/pl\/2020\/10\/16\/zaskakujace-chwile-z-historii-tour-de-france\/\",\"url\":\"https:\/\/www.welovecycling.com\/pl\/2020\/10\/16\/zaskakujace-chwile-z-historii-tour-de-france\/\",\"name\":\"Zaskakuj\u0105ce chwile z historii Tour de France - \u0160koda We Love Cycling - Poland\",\"isPartOf\":{\"@id\":\"https:\/\/www.welovecycling.com\/pl\/#website\"},\"primaryImageOfPage\":{\"@id\":\"https:\/\/www.welovecycling.com\/pl\/2020\/10\/16\/zaskakujace-chwile-z-historii-tour-de-france\/#primaryimage\"},\"image\":{\"@id\":\"https:\/\/www.welovecycling.com\/pl\/2020\/10\/16\/zaskakujace-chwile-z-historii-tour-de-france\/#primaryimage\"},\"thumbnailUrl\":\"https:\/\/d2p6e6u75xmxt8.cloudfront.net\/5\/2020\/10\/merckx-anquetil-profimedia-0247358181-CVR-1024x450-1.jpg\",\"datePublished\":\"2020-10-16T10:26:26+00:00\",\"dateModified\":\"2020-10-16T10:27:00+00:00\",\"author\":{\"@id\":\"https:\/\/www.welovecycling.com\/pl\/#\/schema\/person\/4a79bac7bd265aa6a35a1079d36648be\"},\"description\":\"Ka\u017cdego roku podczas TdF mamy do czynienia z emocjonuj\u0105cymi chwilami i zdarzeniami, o kt\u00f3rych m\u00f3wi ca\u0142y \u015bwiat. Niekt\u00f3re s\u0105 tak spektakularne, \u017ce \u017cyj\u0105 w naszej pami\u0119ci do dzi\u015b. Poni\u017cej przedstawiamy wyb\u00f3r najbardziej szokuj\u0105cych wydarze\u0144 w historii Tour de France.\",\"breadcrumb\":{\"@id\":\"https:\/\/www.welovecycling.com\/pl\/2020\/10\/16\/zaskakujace-chwile-z-historii-tour-de-france\/#breadcrumb\"},\"inLanguage\":\"pl-PL\",\"potentialAction\":[{\"@type\":\"ReadAction\",\"target\":[\"https:\/\/www.welovecycling.com\/pl\/2020\/10\/16\/zaskakujace-chwile-z-historii-tour-de-france\/\"]}]},{\"@type\":\"ImageObject\",\"inLanguage\":\"pl-PL\",\"@id\":\"https:\/\/www.welovecycling.com\/pl\/2020\/10\/16\/zaskakujace-chwile-z-historii-tour-de-france\/#primaryimage\",\"url\":\"https:\/\/d2p6e6u75xmxt8.cloudfront.net\/5\/2020\/10\/merckx-anquetil-profimedia-0247358181-CVR-1024x450-1.jpg\",\"contentUrl\":\"https:\/\/d2p6e6u75xmxt8.cloudfront.net\/5\/2020\/10\/merckx-anquetil-profimedia-0247358181-CVR-1024x450-1.jpg\",\"width\":1024,\"height\":450},{\"@type\":\"BreadcrumbList\",\"@id\":\"https:\/\/www.welovecycling.com\/pl\/2020\/10\/16\/zaskakujace-chwile-z-historii-tour-de-france\/#breadcrumb\",\"itemListElement\":[{\"@type\":\"ListItem\",\"position\":1,\"name\":\"Home\",\"item\":\"https:\/\/www.welovecycling.com\/pl\/\"},{\"@type\":\"ListItem\",\"position\":2,\"name\":\"Zaskakuj\u0105ce chwile z historii Tour de France\"}]},{\"@type\":\"WebSite\",\"@id\":\"https:\/\/www.welovecycling.com\/pl\/#website\",\"url\":\"https:\/\/www.welovecycling.com\/pl\/\",\"name\":\"\u0160koda We Love Cycling - Poland\",\"description\":\"\",\"potentialAction\":[{\"@type\":\"SearchAction\",\"target\":{\"@type\":\"EntryPoint\",\"urlTemplate\":\"https:\/\/www.welovecycling.com\/pl\/?s={search_term_string}\"},\"query-input\":{\"@type\":\"PropertyValueSpecification\",\"valueRequired\":true,\"valueName\":\"search_term_string\"}}],\"inLanguage\":\"pl-PL\"},{\"@type\":\"Person\",\"@id\":\"https:\/\/www.welovecycling.com\/pl\/#\/schema\/person\/4a79bac7bd265aa6a35a1079d36648be\",\"name\":\"oktawiamikulska\",\"image\":{\"@type\":\"ImageObject\",\"inLanguage\":\"pl-PL\",\"@id\":\"https:\/\/www.welovecycling.com\/pl\/#\/schema\/person\/image\/\",\"url\":\"https:\/\/secure.gravatar.com\/avatar\/b97a3f44e2de6d2f8dd358975937e49823662e12cbd810b9d1a2bff1c149e8a7?s=96&d=mm&r=g\",\"contentUrl\":\"https:\/\/secure.gravatar.com\/avatar\/b97a3f44e2de6d2f8dd358975937e49823662e12cbd810b9d1a2bff1c149e8a7?s=96&d=mm&r=g\",\"caption\":\"oktawiamikulska\"},\"url\":\"https:\/\/www.welovecycling.com\/pl\/author\/oktawiamikulska\/\"}]}<\/script>\n<!-- \/ Yoast SEO Premium plugin. -->","yoast_head_json":{"title":"Zaskakuj\u0105ce chwile z historii Tour de France - \u0160koda We Love Cycling - Poland","description":"Ka\u017cdego roku podczas TdF mamy do czynienia z emocjonuj\u0105cymi chwilami i zdarzeniami, o kt\u00f3rych m\u00f3wi ca\u0142y \u015bwiat. Niekt\u00f3re s\u0105 tak spektakularne, \u017ce \u017cyj\u0105 w naszej pami\u0119ci do dzi\u015b. Poni\u017cej przedstawiamy wyb\u00f3r najbardziej szokuj\u0105cych wydarze\u0144 w historii Tour de France.","robots":{"index":"index","follow":"follow","max-snippet":"max-snippet:-1","max-image-preview":"max-image-preview:large","max-video-preview":"max-video-preview:-1"},"canonical":"https:\/\/www.welovecycling.com\/pl\/2020\/10\/16\/zaskakujace-chwile-z-historii-tour-de-france\/","og_locale":"pl_PL","og_type":"article","og_title":"Zaskakuj\u0105ce chwile z historii Tour de France","og_description":"Ka\u017cdego roku podczas TdF mamy do czynienia z emocjonuj\u0105cymi chwilami i zdarzeniami, o kt\u00f3rych m\u00f3wi ca\u0142y \u015bwiat. Niekt\u00f3re s\u0105 tak spektakularne, \u017ce \u017cyj\u0105 w naszej pami\u0119ci do dzi\u015b. Poni\u017cej przedstawiamy wyb\u00f3r najbardziej szokuj\u0105cych wydarze\u0144 w historii Tour de France.","og_url":"https:\/\/www.welovecycling.com\/pl\/2020\/10\/16\/zaskakujace-chwile-z-historii-tour-de-france\/","og_site_name":"\u0160koda We Love Cycling - Poland","article_published_time":"2020-10-16T10:26:26+00:00","article_modified_time":"2020-10-16T10:27:00+00:00","og_image":[{"width":1024,"height":450,"url":"https:\/\/d2p6e6u75xmxt8.cloudfront.net\/5\/2020\/10\/merckx-anquetil-profimedia-0247358181-CVR-1024x450-1.jpg","type":"image\/jpeg"}],"author":"oktawiamikulska","twitter_card":"summary_large_image","twitter_misc":{"Written by":"Jiri Kaloc","Est. reading time":"4 minutes"},"schema":{"@context":"https:\/\/schema.org","@graph":[{"@type":"WebPage","@id":"https:\/\/www.welovecycling.com\/pl\/2020\/10\/16\/zaskakujace-chwile-z-historii-tour-de-france\/","url":"https:\/\/www.welovecycling.com\/pl\/2020\/10\/16\/zaskakujace-chwile-z-historii-tour-de-france\/","name":"Zaskakuj\u0105ce chwile z historii Tour de France - \u0160koda We Love Cycling - Poland","isPartOf":{"@id":"https:\/\/www.welovecycling.com\/pl\/#website"},"primaryImageOfPage":{"@id":"https:\/\/www.welovecycling.com\/pl\/2020\/10\/16\/zaskakujace-chwile-z-historii-tour-de-france\/#primaryimage"},"image":{"@id":"https:\/\/www.welovecycling.com\/pl\/2020\/10\/16\/zaskakujace-chwile-z-historii-tour-de-france\/#primaryimage"},"thumbnailUrl":"https:\/\/d2p6e6u75xmxt8.cloudfront.net\/5\/2020\/10\/merckx-anquetil-profimedia-0247358181-CVR-1024x450-1.jpg","datePublished":"2020-10-16T10:26:26+00:00","dateModified":"2020-10-16T10:27:00+00:00","author":{"@id":"https:\/\/www.welovecycling.com\/pl\/#\/schema\/person\/4a79bac7bd265aa6a35a1079d36648be"},"description":"Ka\u017cdego roku podczas TdF mamy do czynienia z emocjonuj\u0105cymi chwilami i zdarzeniami, o kt\u00f3rych m\u00f3wi ca\u0142y \u015bwiat. Niekt\u00f3re s\u0105 tak spektakularne, \u017ce \u017cyj\u0105 w naszej pami\u0119ci do dzi\u015b. Poni\u017cej przedstawiamy wyb\u00f3r najbardziej szokuj\u0105cych wydarze\u0144 w historii Tour de France.","breadcrumb":{"@id":"https:\/\/www.welovecycling.com\/pl\/2020\/10\/16\/zaskakujace-chwile-z-historii-tour-de-france\/#breadcrumb"},"inLanguage":"pl-PL","potentialAction":[{"@type":"ReadAction","target":["https:\/\/www.welovecycling.com\/pl\/2020\/10\/16\/zaskakujace-chwile-z-historii-tour-de-france\/"]}]},{"@type":"ImageObject","inLanguage":"pl-PL","@id":"https:\/\/www.welovecycling.com\/pl\/2020\/10\/16\/zaskakujace-chwile-z-historii-tour-de-france\/#primaryimage","url":"https:\/\/d2p6e6u75xmxt8.cloudfront.net\/5\/2020\/10\/merckx-anquetil-profimedia-0247358181-CVR-1024x450-1.jpg","contentUrl":"https:\/\/d2p6e6u75xmxt8.cloudfront.net\/5\/2020\/10\/merckx-anquetil-profimedia-0247358181-CVR-1024x450-1.jpg","width":1024,"height":450},{"@type":"BreadcrumbList","@id":"https:\/\/www.welovecycling.com\/pl\/2020\/10\/16\/zaskakujace-chwile-z-historii-tour-de-france\/#breadcrumb","itemListElement":[{"@type":"ListItem","position":1,"name":"Home","item":"https:\/\/www.welovecycling.com\/pl\/"},{"@type":"ListItem","position":2,"name":"Zaskakuj\u0105ce chwile z historii Tour de France"}]},{"@type":"WebSite","@id":"https:\/\/www.welovecycling.com\/pl\/#website","url":"https:\/\/www.welovecycling.com\/pl\/","name":"\u0160koda We Love Cycling - Poland","description":"","potentialAction":[{"@type":"SearchAction","target":{"@type":"EntryPoint","urlTemplate":"https:\/\/www.welovecycling.com\/pl\/?s={search_term_string}"},"query-input":{"@type":"PropertyValueSpecification","valueRequired":true,"valueName":"search_term_string"}}],"inLanguage":"pl-PL"},{"@type":"Person","@id":"https:\/\/www.welovecycling.com\/pl\/#\/schema\/person\/4a79bac7bd265aa6a35a1079d36648be","name":"oktawiamikulska","image":{"@type":"ImageObject","inLanguage":"pl-PL","@id":"https:\/\/www.welovecycling.com\/pl\/#\/schema\/person\/image\/","url":"https:\/\/secure.gravatar.com\/avatar\/b97a3f44e2de6d2f8dd358975937e49823662e12cbd810b9d1a2bff1c149e8a7?s=96&d=mm&r=g","contentUrl":"https:\/\/secure.gravatar.com\/avatar\/b97a3f44e2de6d2f8dd358975937e49823662e12cbd810b9d1a2bff1c149e8a7?s=96&d=mm&r=g","caption":"oktawiamikulska"},"url":"https:\/\/www.welovecycling.com\/pl\/author\/oktawiamikulska\/"}]}},"_links":{"self":[{"href":"https:\/\/www.welovecycling.com\/pl\/wp-json\/wp\/v2\/posts\/11200","targetHints":{"allow":["GET"]}}],"collection":[{"href":"https:\/\/www.welovecycling.com\/pl\/wp-json\/wp\/v2\/posts"}],"about":[{"href":"https:\/\/www.welovecycling.com\/pl\/wp-json\/wp\/v2\/types\/post"}],"author":[{"embeddable":true,"href":"https:\/\/www.welovecycling.com\/pl\/wp-json\/wp\/v2\/users\/125"}],"replies":[{"embeddable":true,"href":"https:\/\/www.welovecycling.com\/pl\/wp-json\/wp\/v2\/comments?post=11200"}],"version-history":[{"count":2,"href":"https:\/\/www.welovecycling.com\/pl\/wp-json\/wp\/v2\/posts\/11200\/revisions"}],"predecessor-version":[{"id":11203,"href":"https:\/\/www.welovecycling.com\/pl\/wp-json\/wp\/v2\/posts\/11200\/revisions\/11203"}],"wp:featuredmedia":[{"embeddable":true,"href":"https:\/\/www.welovecycling.com\/pl\/wp-json\/wp\/v2\/media\/11201"}],"wp:attachment":[{"href":"https:\/\/www.welovecycling.com\/pl\/wp-json\/wp\/v2\/media?parent=11200"}],"wp:term":[{"taxonomy":"category","embeddable":true,"href":"https:\/\/www.welovecycling.com\/pl\/wp-json\/wp\/v2\/categories?post=11200"},{"taxonomy":"post_tag","embeddable":true,"href":"https:\/\/www.welovecycling.com\/pl\/wp-json\/wp\/v2\/tags?post=11200"},{"taxonomy":"global-categories","embeddable":true,"href":"https:\/\/www.welovecycling.com\/pl\/wp-json\/wp\/v2\/global-categories?post=11200"}],"curies":[{"name":"wp","href":"https:\/\/api.w.org\/{rel}","templated":true}]}}