{"id":11196,"date":"2020-10-14T14:28:55","date_gmt":"2020-10-14T14:28:55","guid":{"rendered":"https:\/\/www.welovecycling.com\/pl\/?p=11196"},"modified":"2020-10-14T14:28:55","modified_gmt":"2020-10-14T14:28:55","slug":"rowerzysto-nie-ryzykuj-badz-widoczny","status":"publish","type":"post","link":"https:\/\/www.welovecycling.com\/pl\/2020\/10\/14\/rowerzysto-nie-ryzykuj-badz-widoczny\/","title":{"rendered":"Rowerzysto, nie ryzykuj\u2026 B\u0105d\u017a widoczny!"},"content":{"rendered":"<p><strong>Nieo\u015bwietlony rowerzysta zaczyna by\u0107 widoczny dopiero z ok. 40 metr\u00f3w, natomiast o\u015bwietlonego mo\u017cna zauwa\u017cy\u0107 ju\u017c z kilkuset. Jesieni\u0105, gdy zmrok zapada wyj\u0105tkowo wcze\u015bnie, pami\u0119tajmy o o\u015bwietleniu. Nie wiesz, na jakie si\u0119 zdecydowa\u0107? Oto nasz szybki przegl\u0105d lampek.<\/strong><\/p>\n<p>Na pocz\u0105tek przepisy \u2013 ka\u017cdy rower musi by\u0107 wyposa\u017cony w jedno \u015bwiat\u0142o pozycyjne przednie barwy jasnej (bia\u0142ej lub \u017c\u00f3\u0142tej) oraz \u015bwiat\u0142a tylne barwy czerwonej. Jedno z nich musi by\u0107 odblaskowe (o kszta\u0142c\u0119 innym ni\u017c tr\u00f3jk\u0105t), drugie pozycyjne.<\/p>\n<p>\u015awiat\u0142a pozycyjne mog\u0105 \u015bwieci\u0107 barw\u0105 ci\u0105g\u0142\u0105 lub migaj\u0105c\u0105. To drugie rozwi\u0105zanie lepsze jest jednak w przypadku tylnego \u015bwiat\u0142a, poniewa\u017c przednie mocno \u015bwiec\u0105ce i migaj\u0105ce mo\u017ce utrudnia\u0107 jazd\u0119 pojazdom z naprzeciwka.<\/p>\n<p>Tyle przepis\u00f3w, teraz mo\u017cemy przej\u015b\u0107 do poszukiwania odpowiedniego o\u015bwietlenia. Odpowiedniego nie oznacza jednak idealnego dla wszystkich, poniewa\u017c ka\u017cdemu rowerzy\u015bcie mo\u017ce pasowa\u0107 inny spos\u00f3b i rodzaj o\u015bwietlenia.<\/p>\n<h2><strong>Pr\u0105downica, klips, a mo\u017ce opaska?<\/strong><\/h2>\n<p>Jednym z rozwi\u0105za\u0144 jest o\u015bwietlenie na tzw. dynamo. Kiedy\u015b kojarzy\u0142o si\u0119 ono z dziwnym przyrz\u0105dem przyk\u0142adanym do ramy ko\u0142a, ale dzi\u015b wygl\u0105da zupe\u0142nie inaczej. Pr\u0105downica zamontowana jest w pia\u015bcie, jest praktycznie niewidoczna i nie utrudnia jazdy. Przewodem po\u0142\u0105czona jest z lampkami i t\u0105 drog\u0105 przekazuje im energi\u0119 do \u015bwiecenia. Najwi\u0119kszym minusem takiego rozwi\u0105zania jest fakt, \u017ce z powodu takiego dynama rower jest ci\u0119\u017cszy (o ok. 0,5 kg). Z kolei plusami jest brak potrzeby u\u017cywania baterii i obawy przed ich niespodziewanym roz\u0142adowaniem si\u0119.<\/p>\n<p>Je\u015bli jednak baterie komu\u015b nie przeszkadzaj\u0105, to pole manewru robi si\u0119 znacznie wi\u0119ksze. Bardzo cz\u0119sto u\u017cywane s\u0105 \u015bwiat\u0142a z montowaniem do roweru, kt\u00f3re mo\u017cna jednak \u0142atwo odczepi\u0107, bo przytwierdzane s\u0105 na tzw. klips. To rozwi\u0105zanie przydaje si\u0119, gdy ci\u0105gniemy przyczepk\u0119 lub jedziemy z fotelikiem. W\u00f3wczas \u015bwiat\u0142o tylne zamontowane np. w okolicach \u00a0siod\u0142a jest zas\u0142oni\u0119te, wi\u0119c mo\u017cna je \u0142atwo \u015bci\u0105gn\u0105\u0107 za pomoc\u0105 klipsa i przytwierdzi\u0107 do fotelika czy przyczepki.<\/p>\n<p>Ostatnio na popularno\u015bci zyskuj\u0105 r\u00f3wnie\u017c o\u015bwietlenia jednodiodowe montowane np. na gumowej opasce. Da si\u0119 je zaczepi\u0107 niemal wsz\u0119dzie i cho\u0107 nie daj\u0105 takiego \u015bwiat\u0142a jak tradycyjne o\u015bwietlenie, to jednak po zmierzchu alarmuj\u0105 kierowc\u0119, \u017ce zbli\u017ca si\u0119 do rowerzysty.<\/p>\n<p>Na rynku mo\u017cna spotka\u0107 r\u00f3wnie\u017c o\u015bwietlenie, kt\u00f3re wyposa\u017cone jest w uchwyt magnetyczny, dzi\u0119ki czemu mo\u017cna przypi\u0105\u0107 je w wiele miejsc \u2013 np. do kierownicy, widelca, czy ubrania. Nale\u017cy pami\u0119ta\u0107 r\u00f3wnie\u017c, \u017ce niekt\u00f3re lampki nie s\u0105 zasilane bateriami, ale akumulatorami, kt\u00f3re nale\u017cy \u0142adowa\u0107 co kilkana\u015bcie \u2013 kilkadziesi\u0105t godzin \u015bwiecenia, jednak w eksploatacji b\u0119d\u0105 znaczenie ta\u0144sze.<\/p>\n<h2><strong>Lampka jak latarka<\/strong><\/h2>\n<p>Niew\u0105tpliwym plusem \u015bci\u0105ganych lampek jest r\u00f3wnie\u017c mo\u017cliwo\u015b\u0107 wzi\u0119cia ich ze sob\u0105 np. na spacer. Teraz, gdy ju\u017c popo\u0142udniem si\u0119 \u015bciemnia, takie rozwi\u0105zanie jest bardzo praktyczne. Dodatkowo mocna lampka mo\u017ce pe\u0142ni\u0107 r\u00f3wnie\u017c rol\u0119 latarki np. podczas biwaku.<\/p>\n<p>To, co w tym przypadku jest plusem, mo\u017ce jednak okaza\u0107 si\u0119 tak\u017ce\u2026 minusem. Nie trzeba bowiem mie\u0107 bujnej wyobra\u017ani, by wyobrazi\u0107 sobie, \u017ce po spacerze zapominamy wpi\u0105\u0107 o\u015bwietlenie do roweru, o czym przypominamy sobie dopiero podczas przeja\u017cd\u017cki i to dopiero wtedy, gdy robi si\u0119 ju\u017c ciemno\u2026<\/p>\n<h2><strong>Policja ostrzega<\/strong><\/h2>\n<p>Ceny o\u015bwietlenia s\u0105 bardzo r\u00f3\u017cne. Zale\u017c\u0105 od firmy, wykonania, mocy \u015bwiat\u0142a, designu itd. Mog\u0105 one kosztowa\u0107 nawet kilkaset z\u0142otych, ale najta\u0144sze dostaniemy nawet za kilka z\u0142otych, co nie jest wyg\u00f3rowan\u0105 cen\u0105 za bezpiecze\u0144stwo. Szczeg\u00f3lnie, \u017ce mandat za niepe\u0142ne wyposa\u017cenie roweru wynosi od 50 a\u017c do 500 z\u0142!<\/p>\n<p>Wa\u017cniejsze od pieni\u0119dzy s\u0105 jednak dane podawane przez policj\u0119, a mianowicie &#8211; po zmroku nieo\u015bwietlony rowerzysta ubrany na ciemno widoczny jest dopiero z ok. 40 metr\u00f3w, a to zdecydowanie za ma\u0142o na szybk\u0105 reakcj\u0119.<\/p>\n<p><span data-sheets-value=\"{&quot;1&quot;:2,&quot;2&quot;:&quot;Artyku\u0142 powsta\u0142 we wsp\u00f3\u0142pracy ze skoda-auto.pl&quot;}\" data-sheets-userformat=\"{&quot;2&quot;:1,&quot;3&quot;:{&quot;1&quot;:0}}\" data-sheets-hyperlink=\"http:\/\/www.skoda-auto.pl\/\"><a class=\"in-cell-link\" href=\"http:\/\/www.skoda-auto.pl\/\" target=\"_blank\" rel=\"noopener noreferrer\">Artyku\u0142 powsta\u0142 we wsp\u00f3\u0142pracy ze skoda-auto.pl<\/a><\/span><\/p>\n<p><a href=\"https:\/\/www.skoda-auto.pl\/modele\/karoq\">\u00a0<\/a><a href=\"https:\/\/www.skoda-auto.pl\/modele\/kodiaq\"><img loading=\"lazy\" decoding=\"async\" class=\"aligncenter wp-image-9607 size-full\" src=\"https:\/\/d2p6e6u75xmxt8.cloudfront.net\/5\/2019\/08\/baner_WLC_640x350_2.png\" alt=\"\" width=\"640\" height=\"350\" srcset=\"https:\/\/d2p6e6u75xmxt8.cloudfront.net\/5\/2019\/08\/baner_WLC_640x350_2.png 640w, https:\/\/d2p6e6u75xmxt8.cloudfront.net\/5\/2019\/08\/baner_WLC_640x350_2-300x164.png 300w\" sizes=\"auto, (max-width: 640px) 100vw, 640px\" \/><\/a><\/p>\n<p>&nbsp;<\/p>\n<p>&nbsp;<\/p>\n","protected":false},"excerpt":{"rendered":"<p>Nieo\u015bwietlony rowerzysta zaczyna by\u0107 widoczny dopiero z ok. 40 metr\u00f3w, natomiast o\u015bwietlonego mo\u017cna zauwa\u017cy\u0107 ju\u017c z kilkuset. Jesieni\u0105, gdy zmrok [&hellip;]<\/p>\n","protected":false},"author":125,"featured_media":11197,"comment_status":"open","ping_status":"open","sticky":false,"template":"","format":"standard","meta":{"footnotes":""},"categories":[7],"tags":[],"global-categories":[303],"class_list":["post-11196","post","type-post","status-publish","format-standard","has-post-thumbnail","hentry","category-bezpieczenstwo","global-categories-cycling"],"yoast_head":"<!-- This site is optimized with the Yoast SEO Premium plugin v25.3 (Yoast SEO v25.9) - https:\/\/yoast.com\/wordpress\/plugins\/seo\/ -->\n<title>Rowerzysto, nie ryzykuj\u2026 B\u0105d\u017a widoczny! - \u0160koda We Love Cycling - Poland<\/title>\n<meta name=\"description\" content=\"Nieo\u015bwietlony rowerzysta zaczyna by\u0107 widoczny dopiero z ok. 40 metr\u00f3w, natomiast o\u015bwietlonego mo\u017cna zauwa\u017cy\u0107 ju\u017c z kilkuset. Jesieni\u0105, gdy zmrok zapada wyj\u0105tkowo wcze\u015bnie, pami\u0119tajmy o o\u015bwietleniu. Nie wiesz, na jakie si\u0119 zdecydowa\u0107? Oto nasz szybki przegl\u0105d lampek.\" \/>\n<meta name=\"robots\" content=\"index, follow, max-snippet:-1, max-image-preview:large, max-video-preview:-1\" \/>\n<link rel=\"canonical\" href=\"https:\/\/www.welovecycling.com\/pl\/2020\/10\/14\/rowerzysto-nie-ryzykuj-badz-widoczny\/\" \/>\n<meta property=\"og:locale\" content=\"pl_PL\" \/>\n<meta property=\"og:type\" content=\"article\" \/>\n<meta property=\"og:title\" content=\"Rowerzysto, nie ryzykuj\u2026 B\u0105d\u017a widoczny!\" \/>\n<meta property=\"og:description\" content=\"Nieo\u015bwietlony rowerzysta zaczyna by\u0107 widoczny dopiero z ok. 40 metr\u00f3w, natomiast o\u015bwietlonego mo\u017cna zauwa\u017cy\u0107 ju\u017c z kilkuset. Jesieni\u0105, gdy zmrok zapada wyj\u0105tkowo wcze\u015bnie, pami\u0119tajmy o o\u015bwietleniu. Nie wiesz, na jakie si\u0119 zdecydowa\u0107? Oto nasz szybki przegl\u0105d lampek.\" \/>\n<meta property=\"og:url\" content=\"https:\/\/www.welovecycling.com\/pl\/2020\/10\/14\/rowerzysto-nie-ryzykuj-badz-widoczny\/\" \/>\n<meta property=\"og:site_name\" content=\"\u0160koda We Love Cycling - Poland\" \/>\n<meta property=\"article:published_time\" content=\"2020-10-14T14:28:55+00:00\" \/>\n<meta property=\"og:image\" content=\"https:\/\/d2p6e6u75xmxt8.cloudfront.net\/5\/2020\/10\/bicycle-detail-profimedia-0532131691-CVR-1024x450-1.jpg\" \/>\n\t<meta property=\"og:image:width\" content=\"1024\" \/>\n\t<meta property=\"og:image:height\" content=\"450\" \/>\n\t<meta property=\"og:image:type\" content=\"image\/jpeg\" \/>\n<meta name=\"author\" content=\"oktawiamikulska\" \/>\n<meta name=\"twitter:card\" content=\"summary_large_image\" \/>\n<meta name=\"twitter:label1\" content=\"Written by\" \/>\n\t<meta name=\"twitter:data1\" content=\"Piotr Nowik\" \/>\n\t<meta name=\"twitter:label2\" content=\"Est. reading time\" \/>\n\t<meta name=\"twitter:data2\" content=\"3 minutes\" \/>\n<script type=\"application\/ld+json\" class=\"yoast-schema-graph\">{\"@context\":\"https:\/\/schema.org\",\"@graph\":[{\"@type\":\"WebPage\",\"@id\":\"https:\/\/www.welovecycling.com\/pl\/2020\/10\/14\/rowerzysto-nie-ryzykuj-badz-widoczny\/\",\"url\":\"https:\/\/www.welovecycling.com\/pl\/2020\/10\/14\/rowerzysto-nie-ryzykuj-badz-widoczny\/\",\"name\":\"Rowerzysto, nie ryzykuj\u2026 B\u0105d\u017a widoczny! - \u0160koda We Love Cycling - Poland\",\"isPartOf\":{\"@id\":\"https:\/\/www.welovecycling.com\/pl\/#website\"},\"primaryImageOfPage\":{\"@id\":\"https:\/\/www.welovecycling.com\/pl\/2020\/10\/14\/rowerzysto-nie-ryzykuj-badz-widoczny\/#primaryimage\"},\"image\":{\"@id\":\"https:\/\/www.welovecycling.com\/pl\/2020\/10\/14\/rowerzysto-nie-ryzykuj-badz-widoczny\/#primaryimage\"},\"thumbnailUrl\":\"https:\/\/d2p6e6u75xmxt8.cloudfront.net\/5\/2020\/10\/bicycle-detail-profimedia-0532131691-CVR-1024x450-1.jpg\",\"datePublished\":\"2020-10-14T14:28:55+00:00\",\"author\":{\"@id\":\"https:\/\/www.welovecycling.com\/pl\/#\/schema\/person\/4a79bac7bd265aa6a35a1079d36648be\"},\"description\":\"Nieo\u015bwietlony rowerzysta zaczyna by\u0107 widoczny dopiero z ok. 40 metr\u00f3w, natomiast o\u015bwietlonego mo\u017cna zauwa\u017cy\u0107 ju\u017c z kilkuset. Jesieni\u0105, gdy zmrok zapada wyj\u0105tkowo wcze\u015bnie, pami\u0119tajmy o o\u015bwietleniu. Nie wiesz, na jakie si\u0119 zdecydowa\u0107? Oto nasz szybki przegl\u0105d lampek.\",\"breadcrumb\":{\"@id\":\"https:\/\/www.welovecycling.com\/pl\/2020\/10\/14\/rowerzysto-nie-ryzykuj-badz-widoczny\/#breadcrumb\"},\"inLanguage\":\"pl-PL\",\"potentialAction\":[{\"@type\":\"ReadAction\",\"target\":[\"https:\/\/www.welovecycling.com\/pl\/2020\/10\/14\/rowerzysto-nie-ryzykuj-badz-widoczny\/\"]}]},{\"@type\":\"ImageObject\",\"inLanguage\":\"pl-PL\",\"@id\":\"https:\/\/www.welovecycling.com\/pl\/2020\/10\/14\/rowerzysto-nie-ryzykuj-badz-widoczny\/#primaryimage\",\"url\":\"https:\/\/d2p6e6u75xmxt8.cloudfront.net\/5\/2020\/10\/bicycle-detail-profimedia-0532131691-CVR-1024x450-1.jpg\",\"contentUrl\":\"https:\/\/d2p6e6u75xmxt8.cloudfront.net\/5\/2020\/10\/bicycle-detail-profimedia-0532131691-CVR-1024x450-1.jpg\",\"width\":1024,\"height\":450},{\"@type\":\"BreadcrumbList\",\"@id\":\"https:\/\/www.welovecycling.com\/pl\/2020\/10\/14\/rowerzysto-nie-ryzykuj-badz-widoczny\/#breadcrumb\",\"itemListElement\":[{\"@type\":\"ListItem\",\"position\":1,\"name\":\"Home\",\"item\":\"https:\/\/www.welovecycling.com\/pl\/\"},{\"@type\":\"ListItem\",\"position\":2,\"name\":\"Rowerzysto, nie ryzykuj\u2026 B\u0105d\u017a widoczny!\"}]},{\"@type\":\"WebSite\",\"@id\":\"https:\/\/www.welovecycling.com\/pl\/#website\",\"url\":\"https:\/\/www.welovecycling.com\/pl\/\",\"name\":\"\u0160koda We Love Cycling - Poland\",\"description\":\"\",\"potentialAction\":[{\"@type\":\"SearchAction\",\"target\":{\"@type\":\"EntryPoint\",\"urlTemplate\":\"https:\/\/www.welovecycling.com\/pl\/?s={search_term_string}\"},\"query-input\":{\"@type\":\"PropertyValueSpecification\",\"valueRequired\":true,\"valueName\":\"search_term_string\"}}],\"inLanguage\":\"pl-PL\"},{\"@type\":\"Person\",\"@id\":\"https:\/\/www.welovecycling.com\/pl\/#\/schema\/person\/4a79bac7bd265aa6a35a1079d36648be\",\"name\":\"oktawiamikulska\",\"image\":{\"@type\":\"ImageObject\",\"inLanguage\":\"pl-PL\",\"@id\":\"https:\/\/www.welovecycling.com\/pl\/#\/schema\/person\/image\/\",\"url\":\"https:\/\/secure.gravatar.com\/avatar\/b97a3f44e2de6d2f8dd358975937e49823662e12cbd810b9d1a2bff1c149e8a7?s=96&d=mm&r=g\",\"contentUrl\":\"https:\/\/secure.gravatar.com\/avatar\/b97a3f44e2de6d2f8dd358975937e49823662e12cbd810b9d1a2bff1c149e8a7?s=96&d=mm&r=g\",\"caption\":\"oktawiamikulska\"},\"url\":\"https:\/\/www.welovecycling.com\/pl\/author\/oktawiamikulska\/\"}]}<\/script>\n<!-- \/ Yoast SEO Premium plugin. -->","yoast_head_json":{"title":"Rowerzysto, nie ryzykuj\u2026 B\u0105d\u017a widoczny! - \u0160koda We Love Cycling - Poland","description":"Nieo\u015bwietlony rowerzysta zaczyna by\u0107 widoczny dopiero z ok. 40 metr\u00f3w, natomiast o\u015bwietlonego mo\u017cna zauwa\u017cy\u0107 ju\u017c z kilkuset. Jesieni\u0105, gdy zmrok zapada wyj\u0105tkowo wcze\u015bnie, pami\u0119tajmy o o\u015bwietleniu. Nie wiesz, na jakie si\u0119 zdecydowa\u0107? Oto nasz szybki przegl\u0105d lampek.","robots":{"index":"index","follow":"follow","max-snippet":"max-snippet:-1","max-image-preview":"max-image-preview:large","max-video-preview":"max-video-preview:-1"},"canonical":"https:\/\/www.welovecycling.com\/pl\/2020\/10\/14\/rowerzysto-nie-ryzykuj-badz-widoczny\/","og_locale":"pl_PL","og_type":"article","og_title":"Rowerzysto, nie ryzykuj\u2026 B\u0105d\u017a widoczny!","og_description":"Nieo\u015bwietlony rowerzysta zaczyna by\u0107 widoczny dopiero z ok. 40 metr\u00f3w, natomiast o\u015bwietlonego mo\u017cna zauwa\u017cy\u0107 ju\u017c z kilkuset. Jesieni\u0105, gdy zmrok zapada wyj\u0105tkowo wcze\u015bnie, pami\u0119tajmy o o\u015bwietleniu. Nie wiesz, na jakie si\u0119 zdecydowa\u0107? Oto nasz szybki przegl\u0105d lampek.","og_url":"https:\/\/www.welovecycling.com\/pl\/2020\/10\/14\/rowerzysto-nie-ryzykuj-badz-widoczny\/","og_site_name":"\u0160koda We Love Cycling - Poland","article_published_time":"2020-10-14T14:28:55+00:00","og_image":[{"width":1024,"height":450,"url":"https:\/\/d2p6e6u75xmxt8.cloudfront.net\/5\/2020\/10\/bicycle-detail-profimedia-0532131691-CVR-1024x450-1.jpg","type":"image\/jpeg"}],"author":"oktawiamikulska","twitter_card":"summary_large_image","twitter_misc":{"Written by":"Piotr Nowik","Est. reading time":"3 minutes"},"schema":{"@context":"https:\/\/schema.org","@graph":[{"@type":"WebPage","@id":"https:\/\/www.welovecycling.com\/pl\/2020\/10\/14\/rowerzysto-nie-ryzykuj-badz-widoczny\/","url":"https:\/\/www.welovecycling.com\/pl\/2020\/10\/14\/rowerzysto-nie-ryzykuj-badz-widoczny\/","name":"Rowerzysto, nie ryzykuj\u2026 B\u0105d\u017a widoczny! - \u0160koda We Love Cycling - Poland","isPartOf":{"@id":"https:\/\/www.welovecycling.com\/pl\/#website"},"primaryImageOfPage":{"@id":"https:\/\/www.welovecycling.com\/pl\/2020\/10\/14\/rowerzysto-nie-ryzykuj-badz-widoczny\/#primaryimage"},"image":{"@id":"https:\/\/www.welovecycling.com\/pl\/2020\/10\/14\/rowerzysto-nie-ryzykuj-badz-widoczny\/#primaryimage"},"thumbnailUrl":"https:\/\/d2p6e6u75xmxt8.cloudfront.net\/5\/2020\/10\/bicycle-detail-profimedia-0532131691-CVR-1024x450-1.jpg","datePublished":"2020-10-14T14:28:55+00:00","author":{"@id":"https:\/\/www.welovecycling.com\/pl\/#\/schema\/person\/4a79bac7bd265aa6a35a1079d36648be"},"description":"Nieo\u015bwietlony rowerzysta zaczyna by\u0107 widoczny dopiero z ok. 40 metr\u00f3w, natomiast o\u015bwietlonego mo\u017cna zauwa\u017cy\u0107 ju\u017c z kilkuset. Jesieni\u0105, gdy zmrok zapada wyj\u0105tkowo wcze\u015bnie, pami\u0119tajmy o o\u015bwietleniu. Nie wiesz, na jakie si\u0119 zdecydowa\u0107? Oto nasz szybki przegl\u0105d lampek.","breadcrumb":{"@id":"https:\/\/www.welovecycling.com\/pl\/2020\/10\/14\/rowerzysto-nie-ryzykuj-badz-widoczny\/#breadcrumb"},"inLanguage":"pl-PL","potentialAction":[{"@type":"ReadAction","target":["https:\/\/www.welovecycling.com\/pl\/2020\/10\/14\/rowerzysto-nie-ryzykuj-badz-widoczny\/"]}]},{"@type":"ImageObject","inLanguage":"pl-PL","@id":"https:\/\/www.welovecycling.com\/pl\/2020\/10\/14\/rowerzysto-nie-ryzykuj-badz-widoczny\/#primaryimage","url":"https:\/\/d2p6e6u75xmxt8.cloudfront.net\/5\/2020\/10\/bicycle-detail-profimedia-0532131691-CVR-1024x450-1.jpg","contentUrl":"https:\/\/d2p6e6u75xmxt8.cloudfront.net\/5\/2020\/10\/bicycle-detail-profimedia-0532131691-CVR-1024x450-1.jpg","width":1024,"height":450},{"@type":"BreadcrumbList","@id":"https:\/\/www.welovecycling.com\/pl\/2020\/10\/14\/rowerzysto-nie-ryzykuj-badz-widoczny\/#breadcrumb","itemListElement":[{"@type":"ListItem","position":1,"name":"Home","item":"https:\/\/www.welovecycling.com\/pl\/"},{"@type":"ListItem","position":2,"name":"Rowerzysto, nie ryzykuj\u2026 B\u0105d\u017a widoczny!"}]},{"@type":"WebSite","@id":"https:\/\/www.welovecycling.com\/pl\/#website","url":"https:\/\/www.welovecycling.com\/pl\/","name":"\u0160koda We Love Cycling - Poland","description":"","potentialAction":[{"@type":"SearchAction","target":{"@type":"EntryPoint","urlTemplate":"https:\/\/www.welovecycling.com\/pl\/?s={search_term_string}"},"query-input":{"@type":"PropertyValueSpecification","valueRequired":true,"valueName":"search_term_string"}}],"inLanguage":"pl-PL"},{"@type":"Person","@id":"https:\/\/www.welovecycling.com\/pl\/#\/schema\/person\/4a79bac7bd265aa6a35a1079d36648be","name":"oktawiamikulska","image":{"@type":"ImageObject","inLanguage":"pl-PL","@id":"https:\/\/www.welovecycling.com\/pl\/#\/schema\/person\/image\/","url":"https:\/\/secure.gravatar.com\/avatar\/b97a3f44e2de6d2f8dd358975937e49823662e12cbd810b9d1a2bff1c149e8a7?s=96&d=mm&r=g","contentUrl":"https:\/\/secure.gravatar.com\/avatar\/b97a3f44e2de6d2f8dd358975937e49823662e12cbd810b9d1a2bff1c149e8a7?s=96&d=mm&r=g","caption":"oktawiamikulska"},"url":"https:\/\/www.welovecycling.com\/pl\/author\/oktawiamikulska\/"}]}},"_links":{"self":[{"href":"https:\/\/www.welovecycling.com\/pl\/wp-json\/wp\/v2\/posts\/11196","targetHints":{"allow":["GET"]}}],"collection":[{"href":"https:\/\/www.welovecycling.com\/pl\/wp-json\/wp\/v2\/posts"}],"about":[{"href":"https:\/\/www.welovecycling.com\/pl\/wp-json\/wp\/v2\/types\/post"}],"author":[{"embeddable":true,"href":"https:\/\/www.welovecycling.com\/pl\/wp-json\/wp\/v2\/users\/125"}],"replies":[{"embeddable":true,"href":"https:\/\/www.welovecycling.com\/pl\/wp-json\/wp\/v2\/comments?post=11196"}],"version-history":[{"count":2,"href":"https:\/\/www.welovecycling.com\/pl\/wp-json\/wp\/v2\/posts\/11196\/revisions"}],"predecessor-version":[{"id":11199,"href":"https:\/\/www.welovecycling.com\/pl\/wp-json\/wp\/v2\/posts\/11196\/revisions\/11199"}],"wp:featuredmedia":[{"embeddable":true,"href":"https:\/\/www.welovecycling.com\/pl\/wp-json\/wp\/v2\/media\/11197"}],"wp:attachment":[{"href":"https:\/\/www.welovecycling.com\/pl\/wp-json\/wp\/v2\/media?parent=11196"}],"wp:term":[{"taxonomy":"category","embeddable":true,"href":"https:\/\/www.welovecycling.com\/pl\/wp-json\/wp\/v2\/categories?post=11196"},{"taxonomy":"post_tag","embeddable":true,"href":"https:\/\/www.welovecycling.com\/pl\/wp-json\/wp\/v2\/tags?post=11196"},{"taxonomy":"global-categories","embeddable":true,"href":"https:\/\/www.welovecycling.com\/pl\/wp-json\/wp\/v2\/global-categories?post=11196"}],"curies":[{"name":"wp","href":"https:\/\/api.w.org\/{rel}","templated":true}]}}