{"id":11190,"date":"2020-10-12T14:36:32","date_gmt":"2020-10-12T14:36:32","guid":{"rendered":"https:\/\/www.welovecycling.com\/pl\/?p=11190"},"modified":"2020-10-12T14:37:42","modified_gmt":"2020-10-12T14:37:42","slug":"jak-sobie-radzic-z-lekiem-przed-kradzieza-roweru","status":"publish","type":"post","link":"https:\/\/www.welovecycling.com\/pl\/2020\/10\/12\/jak-sobie-radzic-z-lekiem-przed-kradzieza-roweru\/","title":{"rendered":"Jak sobie radzi\u0107 z l\u0119kiem przed kradzie\u017c\u0105 roweru?"},"content":{"rendered":"<p><strong>Na przestrzeni ostatnich miesi\u0119cy coraz wi\u0119cej os\u00f3b wybiera rower nie tylko jako \u015brodek transportu, ale te\u017c jako odskoczni\u0119 od stresu. Rowery sprzedaj\u0105 si\u0119 w niespotykanym wcze\u015bniej tempie. To, \u017ce coraz wi\u0119cej os\u00f3b zaczyna nimi je\u017adzi\u0107, oznacza r\u00f3wnie\u017c brak na rynku nowych, a nawet u\u017cywanych pojazd\u00f3w. A z tym niestety wi\u0105\u017ce si\u0119 wzrost liczby kradzie\u017cy.<\/strong><\/p>\n<p>Wzrost kradzie\u017cy rower\u00f3w jest faktem. Z niekt\u00f3rych miejsc, np. z Wielkiej Brytanii, mamy doniesienia, \u017ce \u200b\u200bzwi\u0119kszy\u0142a si\u0119 ona dwukrotnie. Znamy smutne historie z tym zwi\u0105zane. Na przyk\u0142ad piel\u0119gniarki, kt\u00f3ra po sko\u0144czeniu wyczerpuj\u0105cej 12-godzinnej zmiany, odkry\u0142a, \u017ce jej roweru nie ma tam, gdzie go zostawi\u0142a. Albo przypadek sze\u015bcioosobowej rodziny, kt\u00f3rej ca\u0142a flota rowerowa zosta\u0142a wyniesiona z gara\u017cu. Rosn\u0105ca fala kradzie\u017cy nie tylko stanowi powa\u017cn\u0105 niedogodno\u015b\u0107 dla os\u00f3b, kt\u00f3re pad\u0142y ofiar\u0105 rabunku, ale tak\u017ce wzmaga og\u00f3lny niepok\u00f3j.<\/p>\n<p>Kiedy polegasz na swoim rowerze w kwestii zdrowia psychicznego, mobilno\u015bci, sprawno\u015bci, a nawet zakup\u00f3w spo\u017cywczych, nic dziwnego, \u017ce obawiasz si\u0119 o jego los. Jednak dla niekt\u00f3rych ten niepok\u00f3j jest a\u017c trudny do zniesienia. Dobrze wyja\u015bnia to jeden z naszych czytelnik\u00f3w: \u201eBardzo kocham sw\u00f3j rower, ale nieustannie martwi\u0119 si\u0119, \u017ce zostanie skradziony. Zastanawiam si\u0119 nad jego sprzeda\u017c\u0105, poniewa\u017c nawet kiedy starannie go zamykam, nadal jestem tak zdenerwowany, \u017ce nie mog\u0119 my\u015ble\u0107 o niczym innym\u201d. Ten rodzaj stresu mo\u017ce os\u0142abia\u0107 pozytywne skutki, kt\u00f3re zapewnia jazda na rowerze.<\/p>\n<p>Przyjrzyjmy si\u0119 bli\u017cej niepokoj\u0105cym sytuacjom zwi\u0105zanym z kradzie\u017c\u0105 rower\u00f3w. Na szcz\u0119\u015bcie mamy te\u017c dla Was kilka wskaz\u00f3wek, kt\u00f3re powinny pom\u00f3c sobie z nimi poradzi\u0107.<\/p>\n<figure id=\"attachment_179386\" aria-describedby=\"caption-attachment-179386\" style=\"width: 1024px\" class=\"wp-caption alignnone\"><img loading=\"lazy\" decoding=\"async\" class=\"loading wp-image-179386 size-large\" src=\"https:\/\/d2p6e6u75xmxt8.cloudfront.net\/2\/2020\/09\/profimedia-0351755860-1-1024x768.jpg\" sizes=\"auto, (max-width: 1024px) 100vw, 1024px\" srcset=\"https:\/\/d2p6e6u75xmxt8.cloudfront.net\/2\/2020\/09\/profimedia-0351755860-1-1024x768.jpg 1024w, https:\/\/d2p6e6u75xmxt8.cloudfront.net\/2\/2020\/09\/profimedia-0351755860-1-300x225.jpg 300w, https:\/\/d2p6e6u75xmxt8.cloudfront.net\/2\/2020\/09\/profimedia-0351755860-1-768x576.jpg 768w, https:\/\/d2p6e6u75xmxt8.cloudfront.net\/2\/2020\/09\/profimedia-0351755860-1.jpg 1250w\" alt=\"Bike theft\" width=\"1024\" height=\"768\" data-was-processed=\"true\" \/><figcaption id=\"caption-attachment-179386\" class=\"wp-caption-text\">To, \u017ce ro\u015bnie liczba kradzie\u017cy rower\u00f3w, jest faktem. \u00a9 Profimedia<\/figcaption><\/figure>\n<h2><strong>Zrozum, dlaczego czujesz niepok\u00f3j<\/strong><\/h2>\n<p>Troska o to, co posiadamy, jest naturalna, wi\u0119c nie dziwi, \u017ce my\u015blisz o ochronie swojego roweru. Jednak gdy niepok\u00f3j nieustannie Ci\u0119 dr\u0119czy i sprawia, \u017ce nie mo\u017cesz si\u0119 zrelaksowa\u0107 ani pomy\u015ble\u0107 o czymkolwiek innym, zastan\u00f3w si\u0119, z czego mo\u017ce to wynika\u0107. Je\u015bli mia\u0142e\u015b w przesz\u0142o\u015bci negatywne do\u015bwiadczenie, np. Tw\u00f3j rower zosta\u0142 skradziony, istnieje zdecydowanie wi\u0119ksze ryzyko, \u017ce b\u0119dziesz czu\u0142 l\u0119k przed (ponown\u0105) kradzie\u017c\u0105. Nawet je\u015bli osobi\u015bcie nie dotkn\u0105\u0142 Ci\u0119 ten problem, informacje z zewn\u0105trz r\u00f3wnie\u017c pog\u0142\u0119biaj\u0105 stres. Doniesienia o wzro\u015bcie kradzie\u017cy pojawiaj\u0105 si\u0119 r\u00f3wnie\u017c w przestrzeni publicznej. Je\u015bli ju\u017c od jakiego\u015b czasu martwisz si\u0119 tym, prawdopodobne b\u0119dziesz bardziej wyczulony na takie wiadomo\u015bci. B\u0119dzie Ci si\u0119 wydawa\u0107, \u017ce takie zdarzenia s\u0105 cz\u0119stsze, a przez to bardziej prawdopodobne wyda Ci si\u0119 to, \u017ce kradzie\u017c przydarzy si\u0119 r\u00f3wnie\u017c Tobie.<\/p>\n<h2><strong>Konfrontacja z l\u0119kiem<\/strong><\/h2>\n<p>Zrozumie\u0107 przyczyn\u0119 to jedno, ale co mo\u017cesz realnie zrobi\u0107, aby czu\u0107 si\u0119 bezpiecznie? Przede wszystkim nie poddawaj si\u0119 l\u0119kowi i pami\u0119taj, \u017ce zawsze mo\u017cesz podj\u0105\u0107 konkretne kroki, aby zmniejszy\u0107 ryzyko kradzie\u017cy i uspokoi\u0107 nerwy. Opr\u00f3cz podstaw, takich jak posiadanie solidnego U-locka, parkowanie roweru w widocznym miejscu i niezostawianie go nigdzie na noc, mamy dla Ciebie kilka pomys\u0142\u00f3w na z\u0142agodzenie niepokoju.<\/p>\n<h2><strong>Rozwa\u017c ubezpieczenie<\/strong><\/h2>\n<p>Spokojny sen powinno zapewni\u0107 Ci ubezpieczenie roweru od kradzie\u017cy. To dobre rozwi\u0105zanie, sprawd\u017a tylko, na ile jest dost\u0119pne, i oszacuj, ile wart jest Tw\u00f3j rower. Je\u015bli jeste\u015b ubezpieczony, zazwyczaj w przypadku kradzie\u017cy mo\u017cesz odzyska\u0107 r\u00f3wnowarto\u015b\u0107 nowego roweru. Wielu ubezpieczycieli oferuje r\u00f3wnie\u017c dostarczenie identycznego modelu. W tej bran\u017cy panuje spora konkurencja i niekt\u00f3rzy ubezpieczyciele maj\u0105 z\u0142\u0105 opini\u0119, wi\u0119c warto po\u015bwi\u0119ci\u0107 troch\u0119 czasu na znalezienie rozs\u0105dnej oferty.<\/p>\n<figure id=\"attachment_179390\" aria-describedby=\"caption-attachment-179390\" style=\"width: 1024px\" class=\"wp-caption alignnone\"><img loading=\"lazy\" decoding=\"async\" class=\"loading wp-image-179390 size-large\" src=\"https:\/\/d2p6e6u75xmxt8.cloudfront.net\/2\/2020\/09\/profimedia-0315549214-1024x682.jpg\" sizes=\"auto, (max-width: 1024px) 100vw, 1024px\" srcset=\"https:\/\/d2p6e6u75xmxt8.cloudfront.net\/2\/2020\/09\/profimedia-0315549214-1024x682.jpg 1024w, https:\/\/d2p6e6u75xmxt8.cloudfront.net\/2\/2020\/09\/profimedia-0315549214-300x200.jpg 300w, https:\/\/d2p6e6u75xmxt8.cloudfront.net\/2\/2020\/09\/profimedia-0315549214-768x512.jpg 768w, https:\/\/d2p6e6u75xmxt8.cloudfront.net\/2\/2020\/09\/profimedia-0315549214-272x182.jpg 272w, https:\/\/d2p6e6u75xmxt8.cloudfront.net\/2\/2020\/09\/profimedia-0315549214.jpg 1250w\" alt=\"Bike theft\" width=\"1024\" height=\"682\" data-was-processed=\"true\" \/><figcaption id=\"caption-attachment-179390\" class=\"wp-caption-text\">Je\u015bli jeste\u015b ubezpieczony, zazwyczaj mo\u017cesz odzyska\u0107 r\u00f3wnowarto\u015b\u0107 nowego roweru. \u00a9 Profimedia<\/figcaption><\/figure>\n<p>Liderzy na rynku wyp\u0142acaj\u0105 obecnie do 95% roszcze\u0144. Mo\u017cesz ubezpieczy\u0107 sw\u00f3j rower r\u00f3wnie\u017c poprzez wykup ubezpieczenia domu lub mieszkania. Pami\u0119taj tylko, \u017ceby sprawdzi\u0107 wszystkie warunki i ewentualne haczyki, zanim podpiszesz umow\u0119.<\/p>\n<h2><strong>\u015aled\u017a lokalizacj\u0119 swojego roweru<\/strong><\/h2>\n<p>Urz\u0105dzenia do \u015bledzenia rower\u00f3w przesz\u0142y d\u0142ug\u0105 drog\u0119. Obecnie s\u0105 \u0142atwe w instalacji i zapewniaj\u0105 du\u017cy poziom bezpiecze\u0144stwa, co jest ich ogromnym atutem. Dzi\u0119ki zainstalowanym aplikacjom, je\u015bli Tw\u00f3j rower zostanie naruszony lub przeniesiony, informacja o tym od razu pojawi si\u0119 na Twoim smartfonie. Wi\u0119kszo\u015b\u0107 akcesori\u00f3w do \u015bledzenia roweru jest tak ma\u0142a, \u017ce \u200b\u200bnawet ich nie zauwa\u017cysz, a niekt\u00f3re urz\u0105dzenia maj\u0105 nawet alarm, kt\u00f3ry wydaje g\u0142o\u015bny, przera\u017aliwy d\u017awi\u0119k, gdy kto\u015b manipuluje przy rowerze.<\/p>\n<p>Je\u015bli chcia\u0142by\u015b kupi\u0107 tracker, ale obecnie nie sta\u0107 Ci\u0119 na taki zakup, mo\u017cesz zam\u00f3wi\u0107 przez internet naklejk\u0119 z napisem: \u201eTen rower jest wyposa\u017cony w lokalizator GPS\u201d \u2013 to powinno odstraszy\u0107 niekt\u00f3rych potencjalnych z\u0142odziei.<\/p>\n<h2><strong>B\u0105d\u017a pomys\u0142owy<\/strong><\/h2>\n<p>S\u0105 te\u017c inne kreatywne sposoby zmniejszenia ryzyka kradzie\u017cy. Lubimy chwali\u0107 si\u0119 naszymi rowerami, ale je\u015bli Tw\u00f3j pojazd by\u0142 wyj\u0105tkowo drogi, mo\u017cesz sprawi\u0107, \u017ce dla niewprawnego oka b\u0119dzie wygl\u0105da\u0142 na mniej warto\u015bciowy, ni\u017c faktycznie jest. U\u017cycie sprayu lub naklejek w du\u017cym stopniu przyczyni si\u0119 do tego, \u017ce rower przestanie by\u0107 tak atrakcyjny, a przynajmniej b\u0119dzie si\u0119 mocno wyr\u00f3\u017cnia\u0142. Je\u015bli pasuje to do Twojego stylu, pomy\u015bl o ciekawym pokrowcu na siode\u0142ko lub kolorowych sakwach.<\/p>\n<figure id=\"attachment_179387\" aria-describedby=\"caption-attachment-179387\" style=\"width: 1024px\" class=\"wp-caption alignnone\"><img loading=\"lazy\" decoding=\"async\" class=\"loading wp-image-179387 size-large\" src=\"https:\/\/d2p6e6u75xmxt8.cloudfront.net\/2\/2020\/09\/profimedia-0518913353-1024x682.jpg\" sizes=\"auto, (max-width: 1024px) 100vw, 1024px\" srcset=\"https:\/\/d2p6e6u75xmxt8.cloudfront.net\/2\/2020\/09\/profimedia-0518913353-1024x682.jpg 1024w, https:\/\/d2p6e6u75xmxt8.cloudfront.net\/2\/2020\/09\/profimedia-0518913353-300x200.jpg 300w, https:\/\/d2p6e6u75xmxt8.cloudfront.net\/2\/2020\/09\/profimedia-0518913353-768x512.jpg 768w, https:\/\/d2p6e6u75xmxt8.cloudfront.net\/2\/2020\/09\/profimedia-0518913353-272x182.jpg 272w, https:\/\/d2p6e6u75xmxt8.cloudfront.net\/2\/2020\/09\/profimedia-0518913353.jpg 1250w\" alt=\"Bicycle Wheels\" width=\"1024\" height=\"682\" data-was-processed=\"true\" \/><figcaption id=\"caption-attachment-179387\" class=\"wp-caption-text\">Uwa\u017caj na z\u0142odziei. \u00a9 Profimedia<\/figcaption><\/figure>\n<h2>Zarejestruj sw\u00f3j rower<\/h2>\n<p>Sprawd\u017a, czy masz gdzie\u015b w pobli\u017cu lokalny rejestr rower\u00f3w. Je\u015bli nie, to mo\u017cesz zarejestrowa\u0107 pojazd w Bike Index i 529 Garage, kt\u00f3re s\u0105 og\u00f3lno\u015bwiatowymi bazami danych. Je\u015bli chodzi o niekt\u00f3re funkcje, te aplikacje maj\u0105 troch\u0119 b\u0142\u0119d\u00f3w do naprawienia, ale generalnie s\u0105 bardzo przydatne do \u015bledzenia roweru i zg\u0142aszania jego kradzie\u017cy. W ci\u0105gu zaledwie kilku minut masz dost\u0119p do wszystkich istotnych informacji o swoim poje\u017adzie, kt\u00f3re b\u0119d\u0105 przydatne zar\u00f3wno dla organ\u00f3w \u015bcigania, jak i dla firmy ubezpieczeniowej.<\/p>\n<h2><strong>Nie jeste\u015bmy sami<\/strong><\/h2>\n<p>Je\u015bli podejmiesz \u015brodki ostro\u017cno\u015bci i b\u0119dziesz kierowa\u0107 si\u0119 instynktem przy zostawianiu roweru, prawdopodobnie nie spotka Ci\u0119 nic z\u0142ego. Statystyki mog\u0105 niepokoi\u0107, ale w rzeczywisto\u015bci wi\u0119kszo\u015b\u0107 skradzionych rower\u00f3w nie by\u0142a przechowywana w bezpieczny spos\u00f3b.<\/p>\n<p>Pomocne w walce z kradzie\u017c\u0105 s\u0105 te\u017c troska i \u017cyczliwo\u015b\u0107. Je\u015bli zauwa\u017cysz, \u017ce dzieje si\u0119 co\u015b podejrzanego, a jest to bezpieczne i zaludnione miejsce, nie b\u00f3j si\u0119 podej\u015b\u0107 do kr\u0119c\u0105cej si\u0119 przy rowerze osoby i zadaj jej pytanie, co robi. W wielu przypadkach wystarczy taka drobna interwencja, \u017ceby sp\u0142oszy\u0107 z\u0142odzieja. Pomagajmy sobie wzajemnie chroni\u0107 nasze rowery!<\/p>\n<p><span data-sheets-value=\"{&quot;1&quot;:2,&quot;2&quot;:&quot;Artyku\u0142 powsta\u0142 we wsp\u00f3\u0142pracy ze skoda-auto.pl&quot;}\" data-sheets-userformat=\"{&quot;2&quot;:1,&quot;3&quot;:{&quot;1&quot;:0}}\" data-sheets-hyperlink=\"http:\/\/www.skoda-auto.pl\/\"><a class=\"in-cell-link\" href=\"http:\/\/www.skoda-auto.pl\/\" target=\"_blank\" rel=\"noopener noreferrer\">Artyku\u0142 powsta\u0142 we wsp\u00f3\u0142pracy ze skoda-auto.pl<\/a><\/span><\/p>\n<p><a href=\"https:\/\/www.skoda-auto.pl\/modele\/karoq\">\u00a0<\/a><a href=\"https:\/\/www.skoda-auto.pl\/modele\/kodiaq\"><img loading=\"lazy\" decoding=\"async\" class=\"aligncenter wp-image-9607 size-full\" src=\"https:\/\/d2p6e6u75xmxt8.cloudfront.net\/5\/2019\/08\/baner_WLC_640x350_2.png\" alt=\"\" width=\"640\" height=\"350\" srcset=\"https:\/\/d2p6e6u75xmxt8.cloudfront.net\/5\/2019\/08\/baner_WLC_640x350_2.png 640w, https:\/\/d2p6e6u75xmxt8.cloudfront.net\/5\/2019\/08\/baner_WLC_640x350_2-300x164.png 300w\" sizes=\"auto, (max-width: 640px) 100vw, 640px\" \/><\/a><\/p>\n<p>&nbsp;<\/p>\n","protected":false},"excerpt":{"rendered":"<p>Na przestrzeni ostatnich miesi\u0119cy coraz wi\u0119cej os\u00f3b wybiera rower nie tylko jako \u015brodek transportu, ale te\u017c jako odskoczni\u0119 od stresu. [&hellip;]<\/p>\n","protected":false},"author":125,"featured_media":11191,"comment_status":"open","ping_status":"open","sticky":false,"template":"","format":"standard","meta":{"footnotes":""},"categories":[7],"tags":[],"global-categories":[303],"class_list":["post-11190","post","type-post","status-publish","format-standard","has-post-thumbnail","hentry","category-bezpieczenstwo","global-categories-cycling"],"yoast_head":"<!-- This site is optimized with the Yoast SEO Premium plugin v25.3 (Yoast SEO v25.9) - https:\/\/yoast.com\/wordpress\/plugins\/seo\/ -->\n<title>Jak sobie radzi\u0107 z l\u0119kiem przed kradzie\u017c\u0105 roweru? - \u0160koda We Love Cycling - Poland<\/title>\n<meta name=\"description\" content=\"Na przestrzeni ostatnich miesi\u0119cy coraz wi\u0119cej os\u00f3b wybiera rower nie tylko jako \u015brodek transportu, ale te\u017c jako odskoczni\u0119 od stresu. Rowery sprzedaj\u0105 si\u0119 w niespotykanym wcze\u015bniej tempie. To, \u017ce coraz wi\u0119cej os\u00f3b zaczyna nimi je\u017adzi\u0107, oznacza r\u00f3wnie\u017c brak na rynku nowych, a nawet u\u017cywanych pojazd\u00f3w. A z tym niestety wi\u0105\u017ce si\u0119 wzrost liczby kradzie\u017cy.\" \/>\n<meta name=\"robots\" content=\"index, follow, max-snippet:-1, max-image-preview:large, max-video-preview:-1\" \/>\n<link rel=\"canonical\" href=\"https:\/\/www.welovecycling.com\/pl\/2020\/10\/12\/jak-sobie-radzic-z-lekiem-przed-kradzieza-roweru\/\" \/>\n<meta property=\"og:locale\" content=\"pl_PL\" \/>\n<meta property=\"og:type\" content=\"article\" \/>\n<meta property=\"og:title\" content=\"Jak sobie radzi\u0107 z l\u0119kiem przed kradzie\u017c\u0105 roweru?\" \/>\n<meta property=\"og:description\" content=\"Na przestrzeni ostatnich miesi\u0119cy coraz wi\u0119cej os\u00f3b wybiera rower nie tylko jako \u015brodek transportu, ale te\u017c jako odskoczni\u0119 od stresu. Rowery sprzedaj\u0105 si\u0119 w niespotykanym wcze\u015bniej tempie. To, \u017ce coraz wi\u0119cej os\u00f3b zaczyna nimi je\u017adzi\u0107, oznacza r\u00f3wnie\u017c brak na rynku nowych, a nawet u\u017cywanych pojazd\u00f3w. A z tym niestety wi\u0105\u017ce si\u0119 wzrost liczby kradzie\u017cy.\" \/>\n<meta property=\"og:url\" content=\"https:\/\/www.welovecycling.com\/pl\/2020\/10\/12\/jak-sobie-radzic-z-lekiem-przed-kradzieza-roweru\/\" \/>\n<meta property=\"og:site_name\" content=\"\u0160koda We Love Cycling - Poland\" \/>\n<meta property=\"article:published_time\" content=\"2020-10-12T14:36:32+00:00\" \/>\n<meta property=\"article:modified_time\" content=\"2020-10-12T14:37:42+00:00\" \/>\n<meta property=\"og:image\" content=\"https:\/\/d2p6e6u75xmxt8.cloudfront.net\/5\/2020\/10\/theft-profimedia-0400069814-CVR-1024x450-1.jpg\" \/>\n\t<meta property=\"og:image:width\" content=\"1024\" \/>\n\t<meta property=\"og:image:height\" content=\"450\" \/>\n\t<meta property=\"og:image:type\" content=\"image\/jpeg\" \/>\n<meta name=\"author\" content=\"oktawiamikulska\" \/>\n<meta name=\"twitter:card\" content=\"summary_large_image\" \/>\n<meta name=\"twitter:label1\" content=\"Written by\" \/>\n\t<meta name=\"twitter:data1\" content=\"Megan Flottorp\" \/>\n\t<meta name=\"twitter:label2\" content=\"Est. reading time\" \/>\n\t<meta name=\"twitter:data2\" content=\"6 minutes\" \/>\n<script type=\"application\/ld+json\" class=\"yoast-schema-graph\">{\"@context\":\"https:\/\/schema.org\",\"@graph\":[{\"@type\":\"WebPage\",\"@id\":\"https:\/\/www.welovecycling.com\/pl\/2020\/10\/12\/jak-sobie-radzic-z-lekiem-przed-kradzieza-roweru\/\",\"url\":\"https:\/\/www.welovecycling.com\/pl\/2020\/10\/12\/jak-sobie-radzic-z-lekiem-przed-kradzieza-roweru\/\",\"name\":\"Jak sobie radzi\u0107 z l\u0119kiem przed kradzie\u017c\u0105 roweru? - \u0160koda We Love Cycling - Poland\",\"isPartOf\":{\"@id\":\"https:\/\/www.welovecycling.com\/pl\/#website\"},\"primaryImageOfPage\":{\"@id\":\"https:\/\/www.welovecycling.com\/pl\/2020\/10\/12\/jak-sobie-radzic-z-lekiem-przed-kradzieza-roweru\/#primaryimage\"},\"image\":{\"@id\":\"https:\/\/www.welovecycling.com\/pl\/2020\/10\/12\/jak-sobie-radzic-z-lekiem-przed-kradzieza-roweru\/#primaryimage\"},\"thumbnailUrl\":\"https:\/\/d2p6e6u75xmxt8.cloudfront.net\/5\/2020\/10\/theft-profimedia-0400069814-CVR-1024x450-1.jpg\",\"datePublished\":\"2020-10-12T14:36:32+00:00\",\"dateModified\":\"2020-10-12T14:37:42+00:00\",\"author\":{\"@id\":\"https:\/\/www.welovecycling.com\/pl\/#\/schema\/person\/4a79bac7bd265aa6a35a1079d36648be\"},\"description\":\"Na przestrzeni ostatnich miesi\u0119cy coraz wi\u0119cej os\u00f3b wybiera rower nie tylko jako \u015brodek transportu, ale te\u017c jako odskoczni\u0119 od stresu. Rowery sprzedaj\u0105 si\u0119 w niespotykanym wcze\u015bniej tempie. To, \u017ce coraz wi\u0119cej os\u00f3b zaczyna nimi je\u017adzi\u0107, oznacza r\u00f3wnie\u017c brak na rynku nowych, a nawet u\u017cywanych pojazd\u00f3w. A z tym niestety wi\u0105\u017ce si\u0119 wzrost liczby kradzie\u017cy.\",\"breadcrumb\":{\"@id\":\"https:\/\/www.welovecycling.com\/pl\/2020\/10\/12\/jak-sobie-radzic-z-lekiem-przed-kradzieza-roweru\/#breadcrumb\"},\"inLanguage\":\"pl-PL\",\"potentialAction\":[{\"@type\":\"ReadAction\",\"target\":[\"https:\/\/www.welovecycling.com\/pl\/2020\/10\/12\/jak-sobie-radzic-z-lekiem-przed-kradzieza-roweru\/\"]}]},{\"@type\":\"ImageObject\",\"inLanguage\":\"pl-PL\",\"@id\":\"https:\/\/www.welovecycling.com\/pl\/2020\/10\/12\/jak-sobie-radzic-z-lekiem-przed-kradzieza-roweru\/#primaryimage\",\"url\":\"https:\/\/d2p6e6u75xmxt8.cloudfront.net\/5\/2020\/10\/theft-profimedia-0400069814-CVR-1024x450-1.jpg\",\"contentUrl\":\"https:\/\/d2p6e6u75xmxt8.cloudfront.net\/5\/2020\/10\/theft-profimedia-0400069814-CVR-1024x450-1.jpg\",\"width\":1024,\"height\":450},{\"@type\":\"BreadcrumbList\",\"@id\":\"https:\/\/www.welovecycling.com\/pl\/2020\/10\/12\/jak-sobie-radzic-z-lekiem-przed-kradzieza-roweru\/#breadcrumb\",\"itemListElement\":[{\"@type\":\"ListItem\",\"position\":1,\"name\":\"Home\",\"item\":\"https:\/\/www.welovecycling.com\/pl\/\"},{\"@type\":\"ListItem\",\"position\":2,\"name\":\"Jak sobie radzi\u0107 z l\u0119kiem przed kradzie\u017c\u0105 roweru?\"}]},{\"@type\":\"WebSite\",\"@id\":\"https:\/\/www.welovecycling.com\/pl\/#website\",\"url\":\"https:\/\/www.welovecycling.com\/pl\/\",\"name\":\"\u0160koda We Love Cycling - Poland\",\"description\":\"\",\"potentialAction\":[{\"@type\":\"SearchAction\",\"target\":{\"@type\":\"EntryPoint\",\"urlTemplate\":\"https:\/\/www.welovecycling.com\/pl\/?s={search_term_string}\"},\"query-input\":{\"@type\":\"PropertyValueSpecification\",\"valueRequired\":true,\"valueName\":\"search_term_string\"}}],\"inLanguage\":\"pl-PL\"},{\"@type\":\"Person\",\"@id\":\"https:\/\/www.welovecycling.com\/pl\/#\/schema\/person\/4a79bac7bd265aa6a35a1079d36648be\",\"name\":\"oktawiamikulska\",\"image\":{\"@type\":\"ImageObject\",\"inLanguage\":\"pl-PL\",\"@id\":\"https:\/\/www.welovecycling.com\/pl\/#\/schema\/person\/image\/\",\"url\":\"https:\/\/secure.gravatar.com\/avatar\/b97a3f44e2de6d2f8dd358975937e49823662e12cbd810b9d1a2bff1c149e8a7?s=96&d=mm&r=g\",\"contentUrl\":\"https:\/\/secure.gravatar.com\/avatar\/b97a3f44e2de6d2f8dd358975937e49823662e12cbd810b9d1a2bff1c149e8a7?s=96&d=mm&r=g\",\"caption\":\"oktawiamikulska\"},\"url\":\"https:\/\/www.welovecycling.com\/pl\/author\/oktawiamikulska\/\"}]}<\/script>\n<!-- \/ Yoast SEO Premium plugin. -->","yoast_head_json":{"title":"Jak sobie radzi\u0107 z l\u0119kiem przed kradzie\u017c\u0105 roweru? - \u0160koda We Love Cycling - Poland","description":"Na przestrzeni ostatnich miesi\u0119cy coraz wi\u0119cej os\u00f3b wybiera rower nie tylko jako \u015brodek transportu, ale te\u017c jako odskoczni\u0119 od stresu. Rowery sprzedaj\u0105 si\u0119 w niespotykanym wcze\u015bniej tempie. To, \u017ce coraz wi\u0119cej os\u00f3b zaczyna nimi je\u017adzi\u0107, oznacza r\u00f3wnie\u017c brak na rynku nowych, a nawet u\u017cywanych pojazd\u00f3w. A z tym niestety wi\u0105\u017ce si\u0119 wzrost liczby kradzie\u017cy.","robots":{"index":"index","follow":"follow","max-snippet":"max-snippet:-1","max-image-preview":"max-image-preview:large","max-video-preview":"max-video-preview:-1"},"canonical":"https:\/\/www.welovecycling.com\/pl\/2020\/10\/12\/jak-sobie-radzic-z-lekiem-przed-kradzieza-roweru\/","og_locale":"pl_PL","og_type":"article","og_title":"Jak sobie radzi\u0107 z l\u0119kiem przed kradzie\u017c\u0105 roweru?","og_description":"Na przestrzeni ostatnich miesi\u0119cy coraz wi\u0119cej os\u00f3b wybiera rower nie tylko jako \u015brodek transportu, ale te\u017c jako odskoczni\u0119 od stresu. Rowery sprzedaj\u0105 si\u0119 w niespotykanym wcze\u015bniej tempie. To, \u017ce coraz wi\u0119cej os\u00f3b zaczyna nimi je\u017adzi\u0107, oznacza r\u00f3wnie\u017c brak na rynku nowych, a nawet u\u017cywanych pojazd\u00f3w. A z tym niestety wi\u0105\u017ce si\u0119 wzrost liczby kradzie\u017cy.","og_url":"https:\/\/www.welovecycling.com\/pl\/2020\/10\/12\/jak-sobie-radzic-z-lekiem-przed-kradzieza-roweru\/","og_site_name":"\u0160koda We Love Cycling - Poland","article_published_time":"2020-10-12T14:36:32+00:00","article_modified_time":"2020-10-12T14:37:42+00:00","og_image":[{"width":1024,"height":450,"url":"https:\/\/d2p6e6u75xmxt8.cloudfront.net\/5\/2020\/10\/theft-profimedia-0400069814-CVR-1024x450-1.jpg","type":"image\/jpeg"}],"author":"oktawiamikulska","twitter_card":"summary_large_image","twitter_misc":{"Written by":"Megan Flottorp","Est. reading time":"6 minutes"},"schema":{"@context":"https:\/\/schema.org","@graph":[{"@type":"WebPage","@id":"https:\/\/www.welovecycling.com\/pl\/2020\/10\/12\/jak-sobie-radzic-z-lekiem-przed-kradzieza-roweru\/","url":"https:\/\/www.welovecycling.com\/pl\/2020\/10\/12\/jak-sobie-radzic-z-lekiem-przed-kradzieza-roweru\/","name":"Jak sobie radzi\u0107 z l\u0119kiem przed kradzie\u017c\u0105 roweru? - \u0160koda We Love Cycling - Poland","isPartOf":{"@id":"https:\/\/www.welovecycling.com\/pl\/#website"},"primaryImageOfPage":{"@id":"https:\/\/www.welovecycling.com\/pl\/2020\/10\/12\/jak-sobie-radzic-z-lekiem-przed-kradzieza-roweru\/#primaryimage"},"image":{"@id":"https:\/\/www.welovecycling.com\/pl\/2020\/10\/12\/jak-sobie-radzic-z-lekiem-przed-kradzieza-roweru\/#primaryimage"},"thumbnailUrl":"https:\/\/d2p6e6u75xmxt8.cloudfront.net\/5\/2020\/10\/theft-profimedia-0400069814-CVR-1024x450-1.jpg","datePublished":"2020-10-12T14:36:32+00:00","dateModified":"2020-10-12T14:37:42+00:00","author":{"@id":"https:\/\/www.welovecycling.com\/pl\/#\/schema\/person\/4a79bac7bd265aa6a35a1079d36648be"},"description":"Na przestrzeni ostatnich miesi\u0119cy coraz wi\u0119cej os\u00f3b wybiera rower nie tylko jako \u015brodek transportu, ale te\u017c jako odskoczni\u0119 od stresu. Rowery sprzedaj\u0105 si\u0119 w niespotykanym wcze\u015bniej tempie. To, \u017ce coraz wi\u0119cej os\u00f3b zaczyna nimi je\u017adzi\u0107, oznacza r\u00f3wnie\u017c brak na rynku nowych, a nawet u\u017cywanych pojazd\u00f3w. A z tym niestety wi\u0105\u017ce si\u0119 wzrost liczby kradzie\u017cy.","breadcrumb":{"@id":"https:\/\/www.welovecycling.com\/pl\/2020\/10\/12\/jak-sobie-radzic-z-lekiem-przed-kradzieza-roweru\/#breadcrumb"},"inLanguage":"pl-PL","potentialAction":[{"@type":"ReadAction","target":["https:\/\/www.welovecycling.com\/pl\/2020\/10\/12\/jak-sobie-radzic-z-lekiem-przed-kradzieza-roweru\/"]}]},{"@type":"ImageObject","inLanguage":"pl-PL","@id":"https:\/\/www.welovecycling.com\/pl\/2020\/10\/12\/jak-sobie-radzic-z-lekiem-przed-kradzieza-roweru\/#primaryimage","url":"https:\/\/d2p6e6u75xmxt8.cloudfront.net\/5\/2020\/10\/theft-profimedia-0400069814-CVR-1024x450-1.jpg","contentUrl":"https:\/\/d2p6e6u75xmxt8.cloudfront.net\/5\/2020\/10\/theft-profimedia-0400069814-CVR-1024x450-1.jpg","width":1024,"height":450},{"@type":"BreadcrumbList","@id":"https:\/\/www.welovecycling.com\/pl\/2020\/10\/12\/jak-sobie-radzic-z-lekiem-przed-kradzieza-roweru\/#breadcrumb","itemListElement":[{"@type":"ListItem","position":1,"name":"Home","item":"https:\/\/www.welovecycling.com\/pl\/"},{"@type":"ListItem","position":2,"name":"Jak sobie radzi\u0107 z l\u0119kiem przed kradzie\u017c\u0105 roweru?"}]},{"@type":"WebSite","@id":"https:\/\/www.welovecycling.com\/pl\/#website","url":"https:\/\/www.welovecycling.com\/pl\/","name":"\u0160koda We Love Cycling - Poland","description":"","potentialAction":[{"@type":"SearchAction","target":{"@type":"EntryPoint","urlTemplate":"https:\/\/www.welovecycling.com\/pl\/?s={search_term_string}"},"query-input":{"@type":"PropertyValueSpecification","valueRequired":true,"valueName":"search_term_string"}}],"inLanguage":"pl-PL"},{"@type":"Person","@id":"https:\/\/www.welovecycling.com\/pl\/#\/schema\/person\/4a79bac7bd265aa6a35a1079d36648be","name":"oktawiamikulska","image":{"@type":"ImageObject","inLanguage":"pl-PL","@id":"https:\/\/www.welovecycling.com\/pl\/#\/schema\/person\/image\/","url":"https:\/\/secure.gravatar.com\/avatar\/b97a3f44e2de6d2f8dd358975937e49823662e12cbd810b9d1a2bff1c149e8a7?s=96&d=mm&r=g","contentUrl":"https:\/\/secure.gravatar.com\/avatar\/b97a3f44e2de6d2f8dd358975937e49823662e12cbd810b9d1a2bff1c149e8a7?s=96&d=mm&r=g","caption":"oktawiamikulska"},"url":"https:\/\/www.welovecycling.com\/pl\/author\/oktawiamikulska\/"}]}},"_links":{"self":[{"href":"https:\/\/www.welovecycling.com\/pl\/wp-json\/wp\/v2\/posts\/11190","targetHints":{"allow":["GET"]}}],"collection":[{"href":"https:\/\/www.welovecycling.com\/pl\/wp-json\/wp\/v2\/posts"}],"about":[{"href":"https:\/\/www.welovecycling.com\/pl\/wp-json\/wp\/v2\/types\/post"}],"author":[{"embeddable":true,"href":"https:\/\/www.welovecycling.com\/pl\/wp-json\/wp\/v2\/users\/125"}],"replies":[{"embeddable":true,"href":"https:\/\/www.welovecycling.com\/pl\/wp-json\/wp\/v2\/comments?post=11190"}],"version-history":[{"count":2,"href":"https:\/\/www.welovecycling.com\/pl\/wp-json\/wp\/v2\/posts\/11190\/revisions"}],"predecessor-version":[{"id":11194,"href":"https:\/\/www.welovecycling.com\/pl\/wp-json\/wp\/v2\/posts\/11190\/revisions\/11194"}],"wp:featuredmedia":[{"embeddable":true,"href":"https:\/\/www.welovecycling.com\/pl\/wp-json\/wp\/v2\/media\/11191"}],"wp:attachment":[{"href":"https:\/\/www.welovecycling.com\/pl\/wp-json\/wp\/v2\/media?parent=11190"}],"wp:term":[{"taxonomy":"category","embeddable":true,"href":"https:\/\/www.welovecycling.com\/pl\/wp-json\/wp\/v2\/categories?post=11190"},{"taxonomy":"post_tag","embeddable":true,"href":"https:\/\/www.welovecycling.com\/pl\/wp-json\/wp\/v2\/tags?post=11190"},{"taxonomy":"global-categories","embeddable":true,"href":"https:\/\/www.welovecycling.com\/pl\/wp-json\/wp\/v2\/global-categories?post=11190"}],"curies":[{"name":"wp","href":"https:\/\/api.w.org\/{rel}","templated":true}]}}