{"id":11180,"date":"2020-10-07T13:38:59","date_gmt":"2020-10-07T13:38:59","guid":{"rendered":"https:\/\/www.welovecycling.com\/pl\/?p=11180"},"modified":"2020-10-07T13:38:59","modified_gmt":"2020-10-07T13:38:59","slug":"swietowanie-bez-szampana-takich-rozstrzygniec-nikt-sie-nie-spodziewal","status":"publish","type":"post","link":"https:\/\/www.welovecycling.com\/pl\/2020\/10\/07\/swietowanie-bez-szampana-takich-rozstrzygniec-nikt-sie-nie-spodziewal\/","title":{"rendered":"\u015awi\u0119towanie bez szampana\u2026 Takich rozstrzygni\u0119\u0107 nikt si\u0119 nie spodziewa\u0142!"},"content":{"rendered":"<p><strong>Gdyby przed Tour de France kto\u015b wytypowa\u0142 takich triumfator\u00f3w, to zgarn\u0105\u0142by fortun\u0119. Wielka P\u0119tla po raz kolejny udowodni\u0142a, \u017ce jej pi\u0119kno drzemie m.in. w nieprzewidywalno\u015bci.<\/strong><\/p>\n<p>Nie wiadomo, co by\u0142o wi\u0119kszym zaskoczeniem \u2013 wygranie klasyfikacji generalnej przez Tadeja Pogacara (UAE Team Emirates), czy zgarni\u0119cie zielonej koszulki przez Sama Bennetta (Deceuninck-Quick-Step). Tegoroczni triumfatorzy udowodnili jednak, \u017ce w \u015bwiatowym peletonie jeszcze wiele mo\u017ce nas zaskoczy\u0107.<\/p>\n<p>O \u017c\u00f3\u0142t\u0105 koszulk\u0119 mieli bi\u0107 si\u0119 przedstawiciele Jumbo-Visma i Ineos Grenadiers. W tym drugim zespole wewn\u0119trzna konkurencja by\u0142a tak wielka, \u017ce w domu musieli zosta\u0107 Chris Froome (cztery triumfy w Tour de France) i Geraint Thomas (jeden). Wszystkich pogodzi\u0142 jednak 22-letni Pogacar.<\/p>\n<div class=\"embed-controller-wrapper\">\n<blockquote class=\"twitter-tweet\" data-width=\"500\" data-dnt=\"true\">\n<p lang=\"fr\" dir=\"ltr\">A peculiar year and spectacular Tour de France \ud83d\ude0d <br \/>\ud83c\udfac Relive the greatest moments of the <a href=\"https:\/\/twitter.com\/hashtag\/TDF2020?src=hash&amp;ref_src=twsrc%5Etfw\">#TDF2020<\/a> \ud83d\udeb4\u200d\u2642\ufe0f<\/p>\n<p>Ann\u00e9e particuli\u00e8re, <a href=\"https:\/\/twitter.com\/LeTour?ref_src=twsrc%5Etfw\">@letour<\/a> spectaculaire \ud83d\ude0d <br \/>\ud83c\udfac Revivez les meilleurs moments du <a href=\"https:\/\/twitter.com\/hashtag\/TDF2020?src=hash&amp;ref_src=twsrc%5Etfw\">#TDF2020<\/a> \ud83d\udeb4\u200d\u2642\ufe0f<a href=\"https:\/\/twitter.com\/hashtag\/TDFunited?src=hash&amp;ref_src=twsrc%5Etfw\">#TDFunited<\/a> <a href=\"https:\/\/t.co\/8o86dTfFiZ\">pic.twitter.com\/8o86dTfFiZ<\/a><\/p>\n<p>&mdash; Tour de France\u2122 (@LeTour) <a href=\"https:\/\/twitter.com\/LeTour\/status\/1307983157413711873?ref_src=twsrc%5Etfw\">September 21, 2020<\/a><\/p><\/blockquote>\n<p><script async data-src=\"https:\/\/platform.twitter.com\/widgets.js\" charset=\"utf-8\"><\/script><\/div>\n<p>Gdy Froome po raz pierwszy wygrywa\u0142 Wielk\u0105 P\u0119tl\u0119, Pogacar nie by\u0142 nawet pewny, czy zostanie zawodowym kolarzem. Jako 15-letni m\u0142okos by\u0142 jednym z wielu, kt\u00f3rzy my\u015bleli o powa\u017cnym \u015bciganiu, a o sukcesach Froome m\u00f3g\u0142 co najwy\u017cej \u015bni\u0107. Cho\u0107 ju\u017c wtedy S\u0142oweniec wpad\u0142 w oko trenerom, bo za plecami zostawia\u0142 znacznie starszych koleg\u00f3w.<\/p>\n<p>&#8211; Kiedy\u015b moim marzeniem by\u0142 start w Tour de France, a teraz jestem jego zwyci\u0119zc\u0105 \u2013 m\u00f3wi\u0142 na mecie wzruszony Pogacar.<\/p>\n<p>Pierwszy raz kolarski \u015bwiat us\u0142ysza\u0142 o nim w 2019 r., gdy sta\u0142 si\u0119 najm\u0142odszym zawodnikiem, kt\u00f3ry wygra\u0142 wy\u015bcig z serii UCI World Tour. Na najwy\u017cszym stopniu podium stan\u0105\u0142 w Kalifornii i jako zwyci\u0119zca nie m\u00f3g\u0142\u2026 napi\u0107 si\u0119 szampana! Pow\u00f3d? Tamtejsze prawo zakazuje spo\u017cywania alkoholu osobom poni\u017cej 21. roku \u017cycia.<\/p>\n<p>O tym, \u017ce jest ju\u017c dojrza\u0142ym zawodnikiem nikt nie mia\u0142 jednak w\u0105tpliwo\u015bci podczas zesz\u0142orocznego Vuelta a Espana. Pogacar wygra\u0142 trzy etapy, zdoby\u0142 koszulk\u0119 najlepszego m\u0142odzie\u017cowca i zaj\u0105\u0142 trzecie miejsce w klasyfikacji generalnej. To jednak ci\u0105gle by\u0142o za ma\u0142o, by traktowa\u0107 go jako powa\u017cnego kandydata do wygrania Wielkiej P\u0119tli. A jednak!<\/p>\n<p>Sprzed nosa zwin\u0105\u0142 \u017c\u00f3\u0142t\u0105 koszulk\u0119 swojego rodakowi Primo\u017cowi Rogliciowi i zosta\u0142 najm\u0142odszym zwyci\u0119zc\u0105 Tour de France od 116 lat! Do tego wszystkiego do\u0142o\u017cy\u0142 jeszcze triumf w klasyfikacji g\u00f3rskiej oraz m\u0142odzie\u017cowej. &#8211; To dla mnie co\u015b niewyobra\u017calnego \u2013 napisa\u0142 na Instagramie.<\/p>\n<p>https:\/\/www.instagram.com\/p\/CFZ5u7ElfXD\/?utm_source=ig_web_copy_link<\/p>\n<p>Podobne uczucia panowa\u0142y w zespole i domu Sama Bennetta. 29-letni Irlandczyk tak\u017ce zdetronizowa\u0142 hegemona &#8211; Petera Sagana (Bora-hansgrohe). S\u0142owak zielon\u0105 koszulk\u0119 Tour de France co roku otrzymywa\u0142 niemal z przydzia\u0142u &#8211; przez osiem lat zdoby\u0142 ich siedem. A mia\u0142by pewnie komplet, gdyby nie dyskwalifikacja za uderzenie przeciwnika w 2017 r.<\/p>\n<p>W tym roku S\u0142owak r\u00f3wnie\u017c ostrzy\u0142 sobie z\u0119by na triumf w klasyfikacji punktowej. By\u0142 w grze do ostatniego etapu, ale musia\u0142 uzna\u0107 wy\u017cszo\u015b\u0107 Bennetta. \u2013 By\u0142em dobrze ustawiony, ale ostatecznie Sam by\u0142 szybszy \u2013 przyzna\u0142 na mecie Sagan.<\/p>\n<p>https:\/\/www.instagram.com\/p\/CFXtAXgKQbO\/?utm_source=ig_web_copy_link<\/p>\n<p>Bennett urodzi\u0142 si\u0119 w Belgii, gdzie jego ojciec przyjecha\u0142 gra\u0107 w pi\u0142k\u0119 no\u017cn\u0119. Gdy Sam mia\u0142 cztery lata, rodzina zdecydowa\u0142a si\u0119 na powr\u00f3t do Irlandii, a m\u0142ody ch\u0142opak zacz\u0105\u0142 rozwija\u0107 swoj\u0105 rowerow\u0105 pasj\u0119. Jeszcze przed osi\u0105gni\u0119ciem pe\u0142noletno\u015bci je\u017adzi\u0142 w klubie, ale profesjonalist\u0105 pe\u0142n\u0105 g\u0119b\u0105 sta\u0142 si\u0119 w 2011 r. Wygrywa\u0142 etapy wielkich tour\u00f3w, zwyci\u0119\u017ca\u0142 w klasyfikacjach punktowych mniejszych wy\u015bcig\u00f3w, ale nigdy nie nale\u017ca\u0142 do \u015bcis\u0142ej czo\u0142\u00f3wki. Finisz Tour de France rozegra\u0142 jednak jak stary wyjadacz i po Polach Elizejskich paradowa\u0142 w koszulce sponsorowanej przed \u0160kod\u0119.<\/p>\n<p>https:\/\/www.instagram.com\/p\/CFSbJmMJvy-\/?utm_source=ig_web_copy_link<\/p>\n<p>&#8211; Nawet nie marzy\u0142em o takim sukcesie, to co\u015b wspania\u0142ego. Ciesz\u0119 si\u0119, \u017ce mog\u0142em reprezentowa\u0107 irlandzkich fan\u00f3w na drogach Francji \u2013 cieszy\u0142 si\u0119 Bennett po zako\u0144czeniu wy\u015bcigu.<\/p>\n<p>7. edycja Tour de France ju\u017c za nami, przysz\u0142oroczny wy\u015bcig zacznie si\u0119 26 czerwca 2021 r. w Danii. Czym tym razem nas zaskoczy?<\/p>\n<p>&nbsp;<\/p>\n<p><span data-sheets-value=\"{&quot;1&quot;:2,&quot;2&quot;:&quot;Artyku\u0142 powsta\u0142 we wsp\u00f3\u0142pracy ze skoda-auto.pl&quot;}\" data-sheets-userformat=\"{&quot;2&quot;:1,&quot;3&quot;:{&quot;1&quot;:0}}\" data-sheets-hyperlink=\"http:\/\/www.skoda-auto.pl\/\"><a class=\"in-cell-link\" href=\"http:\/\/www.skoda-auto.pl\/\" target=\"_blank\" rel=\"noopener noreferrer\">Artyku\u0142 powsta\u0142 we wsp\u00f3\u0142pracy ze skoda-auto.pl<\/a><\/span><\/p>\n<p><a href=\"https:\/\/www.skoda-auto.pl\/modele\/karoq\">\u00a0<\/a><\/p>\n<p><a href=\"https:\/\/www.skoda-auto.pl\/modele\/karoq\"><img loading=\"lazy\" decoding=\"async\" class=\"aligncenter wp-image-9606 size-full\" src=\"https:\/\/d2p6e6u75xmxt8.cloudfront.net\/5\/2019\/08\/baner_WLC_640x350_1.png\" alt=\"\" width=\"640\" height=\"350\" srcset=\"https:\/\/d2p6e6u75xmxt8.cloudfront.net\/5\/2019\/08\/baner_WLC_640x350_1.png 640w, https:\/\/d2p6e6u75xmxt8.cloudfront.net\/5\/2019\/08\/baner_WLC_640x350_1-300x164.png 300w\" sizes=\"auto, (max-width: 640px) 100vw, 640px\" \/><\/a><\/p>\n<p>&nbsp;<\/p>\n","protected":false},"excerpt":{"rendered":"<p>Gdyby przed Tour de France kto\u015b wytypowa\u0142 takich triumfator\u00f3w, to zgarn\u0105\u0142by fortun\u0119. Wielka P\u0119tla po raz kolejny udowodni\u0142a, \u017ce jej [&hellip;]<\/p>\n","protected":false},"author":125,"featured_media":11185,"comment_status":"open","ping_status":"open","sticky":false,"template":"","format":"standard","meta":{"footnotes":""},"categories":[335],"tags":[77,334],"global-categories":[303],"class_list":["post-11180","post","type-post","status-publish","format-standard","has-post-thumbnail","hentry","category-2020-tour-de-france","tag-tour-de-france","tag-tour-de-france-2020","global-categories-cycling"],"yoast_head":"<!-- This site is optimized with the Yoast SEO Premium plugin v25.3 (Yoast SEO v25.9) - https:\/\/yoast.com\/wordpress\/plugins\/seo\/ -->\n<title>\u015awi\u0119towanie bez szampana\u2026 Takich rozstrzygni\u0119\u0107 nikt si\u0119 nie spodziewa\u0142! - \u0160koda We Love Cycling - Poland<\/title>\n<meta name=\"robots\" content=\"index, follow, max-snippet:-1, max-image-preview:large, max-video-preview:-1\" \/>\n<link rel=\"canonical\" href=\"https:\/\/www.welovecycling.com\/pl\/2020\/10\/07\/swietowanie-bez-szampana-takich-rozstrzygniec-nikt-sie-nie-spodziewal\/\" \/>\n<meta property=\"og:locale\" content=\"pl_PL\" \/>\n<meta property=\"og:type\" content=\"article\" \/>\n<meta property=\"og:title\" content=\"\u015awi\u0119towanie bez szampana\u2026 Takich rozstrzygni\u0119\u0107 nikt si\u0119 nie spodziewa\u0142!\" \/>\n<meta property=\"og:description\" content=\"Gdyby przed Tour de France kto\u015b wytypowa\u0142 takich triumfator\u00f3w, to zgarn\u0105\u0142by fortun\u0119. Wielka P\u0119tla po raz kolejny udowodni\u0142a, \u017ce jej [&hellip;]\" \/>\n<meta property=\"og:url\" content=\"https:\/\/www.welovecycling.com\/pl\/2020\/10\/07\/swietowanie-bez-szampana-takich-rozstrzygniec-nikt-sie-nie-spodziewal\/\" \/>\n<meta property=\"og:site_name\" content=\"\u0160koda We Love Cycling - Poland\" \/>\n<meta property=\"article:published_time\" content=\"2020-10-07T13:38:59+00:00\" \/>\n<meta property=\"og:image\" content=\"https:\/\/d2p6e6u75xmxt8.cloudfront.net\/5\/2020\/10\/Tadej-Pogacar-CVR-profimedia-0558912872-1024x450-1.jpg\" \/>\n\t<meta property=\"og:image:width\" content=\"1024\" \/>\n\t<meta property=\"og:image:height\" content=\"450\" \/>\n\t<meta property=\"og:image:type\" content=\"image\/jpeg\" \/>\n<meta name=\"author\" content=\"oktawiamikulska\" \/>\n<meta name=\"twitter:card\" content=\"summary_large_image\" \/>\n<meta name=\"twitter:label1\" content=\"Written by\" \/>\n\t<meta name=\"twitter:data1\" content=\"Piotr Nowik\" \/>\n\t<meta name=\"twitter:label2\" content=\"Est. reading time\" \/>\n\t<meta name=\"twitter:data2\" content=\"3 minutes\" \/>\n<script type=\"application\/ld+json\" class=\"yoast-schema-graph\">{\"@context\":\"https:\/\/schema.org\",\"@graph\":[{\"@type\":\"WebPage\",\"@id\":\"https:\/\/www.welovecycling.com\/pl\/2020\/10\/07\/swietowanie-bez-szampana-takich-rozstrzygniec-nikt-sie-nie-spodziewal\/\",\"url\":\"https:\/\/www.welovecycling.com\/pl\/2020\/10\/07\/swietowanie-bez-szampana-takich-rozstrzygniec-nikt-sie-nie-spodziewal\/\",\"name\":\"\u015awi\u0119towanie bez szampana\u2026 Takich rozstrzygni\u0119\u0107 nikt si\u0119 nie spodziewa\u0142! - \u0160koda We Love Cycling - Poland\",\"isPartOf\":{\"@id\":\"https:\/\/www.welovecycling.com\/pl\/#website\"},\"primaryImageOfPage\":{\"@id\":\"https:\/\/www.welovecycling.com\/pl\/2020\/10\/07\/swietowanie-bez-szampana-takich-rozstrzygniec-nikt-sie-nie-spodziewal\/#primaryimage\"},\"image\":{\"@id\":\"https:\/\/www.welovecycling.com\/pl\/2020\/10\/07\/swietowanie-bez-szampana-takich-rozstrzygniec-nikt-sie-nie-spodziewal\/#primaryimage\"},\"thumbnailUrl\":\"https:\/\/d2p6e6u75xmxt8.cloudfront.net\/5\/2020\/10\/Tadej-Pogacar-CVR-profimedia-0558912872-1024x450-1.jpg\",\"datePublished\":\"2020-10-07T13:38:59+00:00\",\"author\":{\"@id\":\"https:\/\/www.welovecycling.com\/pl\/#\/schema\/person\/4a79bac7bd265aa6a35a1079d36648be\"},\"breadcrumb\":{\"@id\":\"https:\/\/www.welovecycling.com\/pl\/2020\/10\/07\/swietowanie-bez-szampana-takich-rozstrzygniec-nikt-sie-nie-spodziewal\/#breadcrumb\"},\"inLanguage\":\"pl-PL\",\"potentialAction\":[{\"@type\":\"ReadAction\",\"target\":[\"https:\/\/www.welovecycling.com\/pl\/2020\/10\/07\/swietowanie-bez-szampana-takich-rozstrzygniec-nikt-sie-nie-spodziewal\/\"]}]},{\"@type\":\"ImageObject\",\"inLanguage\":\"pl-PL\",\"@id\":\"https:\/\/www.welovecycling.com\/pl\/2020\/10\/07\/swietowanie-bez-szampana-takich-rozstrzygniec-nikt-sie-nie-spodziewal\/#primaryimage\",\"url\":\"https:\/\/d2p6e6u75xmxt8.cloudfront.net\/5\/2020\/10\/Tadej-Pogacar-CVR-profimedia-0558912872-1024x450-1.jpg\",\"contentUrl\":\"https:\/\/d2p6e6u75xmxt8.cloudfront.net\/5\/2020\/10\/Tadej-Pogacar-CVR-profimedia-0558912872-1024x450-1.jpg\",\"width\":1024,\"height\":450},{\"@type\":\"BreadcrumbList\",\"@id\":\"https:\/\/www.welovecycling.com\/pl\/2020\/10\/07\/swietowanie-bez-szampana-takich-rozstrzygniec-nikt-sie-nie-spodziewal\/#breadcrumb\",\"itemListElement\":[{\"@type\":\"ListItem\",\"position\":1,\"name\":\"Home\",\"item\":\"https:\/\/www.welovecycling.com\/pl\/\"},{\"@type\":\"ListItem\",\"position\":2,\"name\":\"\u015awi\u0119towanie bez szampana\u2026 Takich rozstrzygni\u0119\u0107 nikt si\u0119 nie spodziewa\u0142!\"}]},{\"@type\":\"WebSite\",\"@id\":\"https:\/\/www.welovecycling.com\/pl\/#website\",\"url\":\"https:\/\/www.welovecycling.com\/pl\/\",\"name\":\"\u0160koda We Love Cycling - Poland\",\"description\":\"\",\"potentialAction\":[{\"@type\":\"SearchAction\",\"target\":{\"@type\":\"EntryPoint\",\"urlTemplate\":\"https:\/\/www.welovecycling.com\/pl\/?s={search_term_string}\"},\"query-input\":{\"@type\":\"PropertyValueSpecification\",\"valueRequired\":true,\"valueName\":\"search_term_string\"}}],\"inLanguage\":\"pl-PL\"},{\"@type\":\"Person\",\"@id\":\"https:\/\/www.welovecycling.com\/pl\/#\/schema\/person\/4a79bac7bd265aa6a35a1079d36648be\",\"name\":\"oktawiamikulska\",\"image\":{\"@type\":\"ImageObject\",\"inLanguage\":\"pl-PL\",\"@id\":\"https:\/\/www.welovecycling.com\/pl\/#\/schema\/person\/image\/\",\"url\":\"https:\/\/secure.gravatar.com\/avatar\/b97a3f44e2de6d2f8dd358975937e49823662e12cbd810b9d1a2bff1c149e8a7?s=96&d=mm&r=g\",\"contentUrl\":\"https:\/\/secure.gravatar.com\/avatar\/b97a3f44e2de6d2f8dd358975937e49823662e12cbd810b9d1a2bff1c149e8a7?s=96&d=mm&r=g\",\"caption\":\"oktawiamikulska\"},\"url\":\"https:\/\/www.welovecycling.com\/pl\/author\/oktawiamikulska\/\"}]}<\/script>\n<!-- \/ Yoast SEO Premium plugin. -->","yoast_head_json":{"title":"\u015awi\u0119towanie bez szampana\u2026 Takich rozstrzygni\u0119\u0107 nikt si\u0119 nie spodziewa\u0142! - \u0160koda We Love Cycling - Poland","robots":{"index":"index","follow":"follow","max-snippet":"max-snippet:-1","max-image-preview":"max-image-preview:large","max-video-preview":"max-video-preview:-1"},"canonical":"https:\/\/www.welovecycling.com\/pl\/2020\/10\/07\/swietowanie-bez-szampana-takich-rozstrzygniec-nikt-sie-nie-spodziewal\/","og_locale":"pl_PL","og_type":"article","og_title":"\u015awi\u0119towanie bez szampana\u2026 Takich rozstrzygni\u0119\u0107 nikt si\u0119 nie spodziewa\u0142!","og_description":"Gdyby przed Tour de France kto\u015b wytypowa\u0142 takich triumfator\u00f3w, to zgarn\u0105\u0142by fortun\u0119. Wielka P\u0119tla po raz kolejny udowodni\u0142a, \u017ce jej [&hellip;]","og_url":"https:\/\/www.welovecycling.com\/pl\/2020\/10\/07\/swietowanie-bez-szampana-takich-rozstrzygniec-nikt-sie-nie-spodziewal\/","og_site_name":"\u0160koda We Love Cycling - Poland","article_published_time":"2020-10-07T13:38:59+00:00","og_image":[{"width":1024,"height":450,"url":"https:\/\/d2p6e6u75xmxt8.cloudfront.net\/5\/2020\/10\/Tadej-Pogacar-CVR-profimedia-0558912872-1024x450-1.jpg","type":"image\/jpeg"}],"author":"oktawiamikulska","twitter_card":"summary_large_image","twitter_misc":{"Written by":"Piotr Nowik","Est. reading time":"3 minutes"},"schema":{"@context":"https:\/\/schema.org","@graph":[{"@type":"WebPage","@id":"https:\/\/www.welovecycling.com\/pl\/2020\/10\/07\/swietowanie-bez-szampana-takich-rozstrzygniec-nikt-sie-nie-spodziewal\/","url":"https:\/\/www.welovecycling.com\/pl\/2020\/10\/07\/swietowanie-bez-szampana-takich-rozstrzygniec-nikt-sie-nie-spodziewal\/","name":"\u015awi\u0119towanie bez szampana\u2026 Takich rozstrzygni\u0119\u0107 nikt si\u0119 nie spodziewa\u0142! - \u0160koda We Love Cycling - Poland","isPartOf":{"@id":"https:\/\/www.welovecycling.com\/pl\/#website"},"primaryImageOfPage":{"@id":"https:\/\/www.welovecycling.com\/pl\/2020\/10\/07\/swietowanie-bez-szampana-takich-rozstrzygniec-nikt-sie-nie-spodziewal\/#primaryimage"},"image":{"@id":"https:\/\/www.welovecycling.com\/pl\/2020\/10\/07\/swietowanie-bez-szampana-takich-rozstrzygniec-nikt-sie-nie-spodziewal\/#primaryimage"},"thumbnailUrl":"https:\/\/d2p6e6u75xmxt8.cloudfront.net\/5\/2020\/10\/Tadej-Pogacar-CVR-profimedia-0558912872-1024x450-1.jpg","datePublished":"2020-10-07T13:38:59+00:00","author":{"@id":"https:\/\/www.welovecycling.com\/pl\/#\/schema\/person\/4a79bac7bd265aa6a35a1079d36648be"},"breadcrumb":{"@id":"https:\/\/www.welovecycling.com\/pl\/2020\/10\/07\/swietowanie-bez-szampana-takich-rozstrzygniec-nikt-sie-nie-spodziewal\/#breadcrumb"},"inLanguage":"pl-PL","potentialAction":[{"@type":"ReadAction","target":["https:\/\/www.welovecycling.com\/pl\/2020\/10\/07\/swietowanie-bez-szampana-takich-rozstrzygniec-nikt-sie-nie-spodziewal\/"]}]},{"@type":"ImageObject","inLanguage":"pl-PL","@id":"https:\/\/www.welovecycling.com\/pl\/2020\/10\/07\/swietowanie-bez-szampana-takich-rozstrzygniec-nikt-sie-nie-spodziewal\/#primaryimage","url":"https:\/\/d2p6e6u75xmxt8.cloudfront.net\/5\/2020\/10\/Tadej-Pogacar-CVR-profimedia-0558912872-1024x450-1.jpg","contentUrl":"https:\/\/d2p6e6u75xmxt8.cloudfront.net\/5\/2020\/10\/Tadej-Pogacar-CVR-profimedia-0558912872-1024x450-1.jpg","width":1024,"height":450},{"@type":"BreadcrumbList","@id":"https:\/\/www.welovecycling.com\/pl\/2020\/10\/07\/swietowanie-bez-szampana-takich-rozstrzygniec-nikt-sie-nie-spodziewal\/#breadcrumb","itemListElement":[{"@type":"ListItem","position":1,"name":"Home","item":"https:\/\/www.welovecycling.com\/pl\/"},{"@type":"ListItem","position":2,"name":"\u015awi\u0119towanie bez szampana\u2026 Takich rozstrzygni\u0119\u0107 nikt si\u0119 nie spodziewa\u0142!"}]},{"@type":"WebSite","@id":"https:\/\/www.welovecycling.com\/pl\/#website","url":"https:\/\/www.welovecycling.com\/pl\/","name":"\u0160koda We Love Cycling - Poland","description":"","potentialAction":[{"@type":"SearchAction","target":{"@type":"EntryPoint","urlTemplate":"https:\/\/www.welovecycling.com\/pl\/?s={search_term_string}"},"query-input":{"@type":"PropertyValueSpecification","valueRequired":true,"valueName":"search_term_string"}}],"inLanguage":"pl-PL"},{"@type":"Person","@id":"https:\/\/www.welovecycling.com\/pl\/#\/schema\/person\/4a79bac7bd265aa6a35a1079d36648be","name":"oktawiamikulska","image":{"@type":"ImageObject","inLanguage":"pl-PL","@id":"https:\/\/www.welovecycling.com\/pl\/#\/schema\/person\/image\/","url":"https:\/\/secure.gravatar.com\/avatar\/b97a3f44e2de6d2f8dd358975937e49823662e12cbd810b9d1a2bff1c149e8a7?s=96&d=mm&r=g","contentUrl":"https:\/\/secure.gravatar.com\/avatar\/b97a3f44e2de6d2f8dd358975937e49823662e12cbd810b9d1a2bff1c149e8a7?s=96&d=mm&r=g","caption":"oktawiamikulska"},"url":"https:\/\/www.welovecycling.com\/pl\/author\/oktawiamikulska\/"}]}},"_links":{"self":[{"href":"https:\/\/www.welovecycling.com\/pl\/wp-json\/wp\/v2\/posts\/11180","targetHints":{"allow":["GET"]}}],"collection":[{"href":"https:\/\/www.welovecycling.com\/pl\/wp-json\/wp\/v2\/posts"}],"about":[{"href":"https:\/\/www.welovecycling.com\/pl\/wp-json\/wp\/v2\/types\/post"}],"author":[{"embeddable":true,"href":"https:\/\/www.welovecycling.com\/pl\/wp-json\/wp\/v2\/users\/125"}],"replies":[{"embeddable":true,"href":"https:\/\/www.welovecycling.com\/pl\/wp-json\/wp\/v2\/comments?post=11180"}],"version-history":[{"count":1,"href":"https:\/\/www.welovecycling.com\/pl\/wp-json\/wp\/v2\/posts\/11180\/revisions"}],"predecessor-version":[{"id":11186,"href":"https:\/\/www.welovecycling.com\/pl\/wp-json\/wp\/v2\/posts\/11180\/revisions\/11186"}],"wp:featuredmedia":[{"embeddable":true,"href":"https:\/\/www.welovecycling.com\/pl\/wp-json\/wp\/v2\/media\/11185"}],"wp:attachment":[{"href":"https:\/\/www.welovecycling.com\/pl\/wp-json\/wp\/v2\/media?parent=11180"}],"wp:term":[{"taxonomy":"category","embeddable":true,"href":"https:\/\/www.welovecycling.com\/pl\/wp-json\/wp\/v2\/categories?post=11180"},{"taxonomy":"post_tag","embeddable":true,"href":"https:\/\/www.welovecycling.com\/pl\/wp-json\/wp\/v2\/tags?post=11180"},{"taxonomy":"global-categories","embeddable":true,"href":"https:\/\/www.welovecycling.com\/pl\/wp-json\/wp\/v2\/global-categories?post=11180"}],"curies":[{"name":"wp","href":"https:\/\/api.w.org\/{rel}","templated":true}]}}