{"id":11163,"date":"2020-10-02T12:28:04","date_gmt":"2020-10-02T12:28:04","guid":{"rendered":"https:\/\/www.welovecycling.com\/pl\/?p=11163"},"modified":"2020-10-02T12:28:04","modified_gmt":"2020-10-02T12:28:04","slug":"kolarski-swiat-w-rozowych-barwach-startuje-giro-ditalia","status":"publish","type":"post","link":"https:\/\/www.welovecycling.com\/pl\/2020\/10\/02\/kolarski-swiat-w-rozowych-barwach-startuje-giro-ditalia\/","title":{"rendered":"Kolarski \u015bwiat w r\u00f3\u017cowych barwach&#8230; Startuje Giro d\u2019Italia!"},"content":{"rendered":"<p class=\"MsoNormal\"><strong>Kibice i zawodnicy jeszcze nie z\u0142apali oddechu po Tour de France, a ju\u017c nadje\u017cd\u017caj\u0105 kolejne emocje. W sobot\u0119 rozpoczyna si\u0119 Giro d\u2019Italia!<\/strong><\/p>\n<p class=\"MsoNormal\">W tym roku wielkie kolarskie wy\u015bcigi p\u0119dz\u0105 jak Tadej Pogacar po wygran\u0105 w Wielkiej P\u0119tli. Niespe\u0142na dwa tygodnie temu zako\u0144czy\u0142 si\u0119 Tour de France, a ju\u017c startuje drugi z najwi\u0119kszych wy\u015bcig\u00f3w na \u015bwiecie. A jakby tego by\u0142o ma\u0142o, to Vuelta a Espana rozpocznie si\u0119 za niespe\u0142na trzy tygodnie, czyli jeszcze w trakcie Giro d\u2019Italia (20 pa\u017adziernika)!<\/p>\n<p class=\"MsoNormal\">Na razie ca\u0142y kolarski \u015bwiat kieruje jednak oczy w stron\u0119 W\u0142och. A b\u0119dzie tam kogo i co ogl\u0105da\u0107, bo ekipy posy\u0142aj\u0105 do boju naprawd\u0119 mocne sk\u0142ady. Na kolejne wielkie emocje licz\u0105 polscy fani kolarstwa. Po historycznym wygraniu etapu Tour de France przez Micha\u0142a Kwiatkowskiego (Team Ineos), teraz Rafa\u0142 Majka (Bora-hansgrohe) powalczy o jak najwy\u017csze miejsce w klasyfikacji generalnej.<\/p>\n<div class=\"embed-controller-wrapper\">\n<blockquote class=\"twitter-tweet\" data-width=\"500\" data-dnt=\"true\">\n<p lang=\"it\" dir=\"ltr\">\ud83c\udf80 Corsa Rosa <br \/>\ud83c\uddee\ud83c\uddf9 <a href=\"https:\/\/twitter.com\/giroditalia?ref_src=twsrc%5Etfw\">@giroditalia<\/a><br \/>\ud83d\uddd3\ufe0f 3-25.10.2020<a href=\"https:\/\/twitter.com\/hashtag\/BORAhansgrohe?src=hash&amp;ref_src=twsrc%5Etfw\">#BORAhansgrohe<\/a> <a href=\"https:\/\/twitter.com\/hashtag\/BandofBrothers?src=hash&amp;ref_src=twsrc%5Etfw\">#BandofBrothers<\/a>  <a href=\"https:\/\/twitter.com\/hashtag\/Giro103?src=hash&amp;ref_src=twsrc%5Etfw\">#Giro103<\/a> <a href=\"https:\/\/t.co\/GRKsHFgsyA\">pic.twitter.com\/GRKsHFgsyA<\/a><\/p>\n<p>&mdash; Rafa\u0142 Majka (@majkaformal) <a href=\"https:\/\/twitter.com\/majkaformal\/status\/1311621570264264704?ref_src=twsrc%5Etfw\">October 1, 2020<\/a><\/p><\/blockquote>\n<p><script async data-src=\"https:\/\/platform.twitter.com\/widgets.js\" charset=\"utf-8\"><\/script><\/div>\n<p class=\"MsoNormal\">Specjalista od g\u00f3rskich etap\u00f3w ma prawo marzy\u0107 nawet o podium, bo ju\u017c kilka razy by\u0142 blisko pierwszej tr\u00f3jki Giro d\u2019Italia. Do tej pory w klasyfikacji generalnej tego wy\u015bcigu zdobywa\u0142 pi\u0105te, dwa razy sz\u00f3ste i raz si\u00f3dme miejsce. Majce b\u0119d\u0105 pomagali inni Polacy: Maciej Polja\u0144ski i Maciej Bodnar. Z kolei w ekipie CCC pojad\u0105 Kamil Gradek i Kamil Ma\u0142ecki.<\/p>\n<p class=\"MsoNormal\">We W\u0142oszech niepowodzenie podczas Tour de France b\u0119dzie chcia\u0142 powetowa\u0107 sobie kolega z zespo\u0142u Majki &#8211; Peter Sagan, kt\u00f3ry w Wielkiej P\u0119tli przegra\u0142 zielon\u0105 koszulk\u0119 najlepszego sprintera sponsorowan\u0105 przez \u0160kod\u0119.<\/p>\n<p class=\"MsoNormal\">W Giro d\u2019Italia \u0142zy spr\u00f3buj\u0105 otrze\u0107 te\u017c inni wielcy przegrani Tour de France, czyli zawodnicy Team Ineos. Tym razem bez Richarda Carapaza i Egana Bernala, ale z Geraintem Thomasem jako liderem spr\u00f3buj\u0105 zdominowa\u0107 wy\u015bcig. Walijczyk cel ma jeden \u2013 zdoby\u0107 r\u00f3\u017cow\u0105 koszulk\u0119 lidera klasyfikacji generalnej.<\/p>\n<div class=\"embed-controller-wrapper\">\n<blockquote class=\"twitter-tweet\" data-width=\"500\" data-dnt=\"true\">\n<p lang=\"en\" dir=\"ltr\">On Saturday the fight for the maglia rosa begins at the <a href=\"https:\/\/twitter.com\/hashtag\/Giro?src=hash&amp;ref_src=twsrc%5Etfw\">#Giro<\/a>. Here&#39;s how the INEOS Grenadiers will line up in Italy.<\/p>\n<p>Click below for the pre-race thoughts of team leader <a href=\"https:\/\/twitter.com\/GeraintThomas86?ref_src=twsrc%5Etfw\">@GeraintThomas86<\/a> and Sir Dave Brailsford.<\/p>\n<p>&mdash; INEOS Grenadiers (@INEOSGrenadiers) <a href=\"https:\/\/twitter.com\/INEOSGrenadiers\/status\/1311229470943125505?ref_src=twsrc%5Etfw\">September 30, 2020<\/a><\/p><\/blockquote>\n<p><script async data-src=\"https:\/\/platform.twitter.com\/widgets.js\" charset=\"utf-8\"><\/script><\/div>\n<p class=\"MsoNormal\">&#8211; Jestem podekscytowany, \u017ce zn\u00f3w b\u0119d\u0119 liderem zespo\u0142u podczas wy\u015bcigu we W\u0142oszech. Jestem na to gotowy. To dziwny sezon dla wszystkich, ale wspaniale mie\u0107 przed sob\u0105 tak wielki cel \u2013 przyznaje Thomas.<\/p>\n<p class=\"MsoNormal\">103. Giro d\u2019Itlaia rozpocznie si\u0119 w sobot\u0119 15-kilometrow\u0105 czas\u00f3wk\u0105 z Monreale do Palermo<\/p>\n<div class=\"embed-controller-wrapper\">\n<blockquote class=\"twitter-tweet\" data-width=\"500\" data-dnt=\"true\">\n<p lang=\"it\" dir=\"ltr\">Let&#39;s start today our journey through the beauties touched by the 2020 Giro d&#39;Italia. Stage 1 Monreale &#8211; Palermo. | Oggi iniziamo il viaggio tra le bellezze toccate dal Giro d&#39;Italia 2020. Tappa 1: Monreale &#8211; Palermo. <a href=\"https:\/\/twitter.com\/ENIT_italia?ref_src=twsrc%5Etfw\">@ENIT_italia<\/a> <a href=\"https:\/\/t.co\/wrlUYzFAY7\">pic.twitter.com\/wrlUYzFAY7<\/a><\/p>\n<p>&mdash; Giro d&#39;Italia (@giroditalia) <a href=\"https:\/\/twitter.com\/giroditalia\/status\/1305850107598905346?ref_src=twsrc%5Etfw\">September 15, 2020<\/a><\/p><\/blockquote>\n<p><script async data-src=\"https:\/\/platform.twitter.com\/widgets.js\" charset=\"utf-8\"><\/script><\/div>\n<p class=\"MsoNormal\">P\u00f3\u017aniej b\u0119dzie etap p\u0142aski, a w poniedzia\u0142ek kolarze rozpoczn\u0105 wspinaczk\u0119 na s\u0142ynny wulkan Etna. Wygl\u0105da na to, \u017ce t\u0119 tras\u0119 nie\u017ale opanowa\u0142 ju\u017c Rafa\u0142 Majka<\/p>\n<p>https:\/\/www.facebook.com\/rafalmajkaofficial\/posts\/3313938548695121<\/p>\n<p class=\"MsoNormal\">Dwa dni p\u00f3\u017aniej zawodnicy opuszcz\u0105 Sycyli\u0119 i pojad\u0105 najd\u0142u\u017cszy etap tegorocznego wy\u015bcigu \u2013 225 km z Mileto do Camigliatello Silano.<\/p>\n<p class=\"MsoNormal\">Pierwszy dzie\u0144 przerwy 12 pa\u017adziernika, a po nim skala trudno\u015bci ju\u017c tylko b\u0119dzie sz\u0142a w g\u00f3r\u0119.<span style=\"mso-spacerun: yes;\">\u00a0 <\/span>Kolejna czas\u00f3wka zostanie rozegrana na odcinku Conegliano \u2013 Valdobbiadene, a p\u00f3\u017aniej zacznie si\u0119 mordercza walka w g\u00f3rach, gdzie wiele si\u0119 rozstrzygnie.<\/p>\n<p class=\"MsoNormal\">Wszystko b\u0119dzie jasne jednak dopiero 25 pa\u017adziernika, po czas\u00f3wce z Cernusco sul Naviglio do Mediolanu.<\/p>\n<div class=\"embed-controller-wrapper\">\n<blockquote class=\"twitter-tweet\" data-width=\"500\" data-dnt=\"true\">\n<p lang=\"it\" dir=\"ltr\">The beauties of 2020 <a href=\"https:\/\/twitter.com\/hashtag\/Giro?src=hash&amp;ref_src=twsrc%5Etfw\">#Giro<\/a> d&#39;Italia. Stage 21: Cernusco sul Naviglio &#8211; Milano TISSOT ITT. | Le bellezze del <a href=\"https:\/\/twitter.com\/hashtag\/Giro?src=hash&amp;ref_src=twsrc%5Etfw\">#Giro<\/a> d&#39;Italia 2020. Tappa 21: Cernusco sul Naviglio &#8211; Milano TISSOT ITT. <a href=\"https:\/\/twitter.com\/ENIT_italia?ref_src=twsrc%5Etfw\">@ENIT_italia<\/a> <a href=\"https:\/\/t.co\/RN0xNbaAGL\">pic.twitter.com\/RN0xNbaAGL<\/a><\/p>\n<p>&mdash; Giro d&#39;Italia (@giroditalia) <a href=\"https:\/\/twitter.com\/giroditalia\/status\/1310851812895776768?ref_src=twsrc%5Etfw\">September 29, 2020<\/a><\/p><\/blockquote>\n<p><script async data-src=\"https:\/\/platform.twitter.com\/widgets.js\" charset=\"utf-8\"><\/script><\/div>\n<p class=\"MsoNormal\">Podczas Giro d\u2019Italia zawodnik\u00f3w czeka 21 etap\u00f3w i 3498 km do przejechania. Z kolei kibice licz\u0105 na wielkie emocje.<\/p>\n<p><span data-sheets-value=\"{&quot;1&quot;:2,&quot;2&quot;:&quot;Artyku\u0142 powsta\u0142 we wsp\u00f3\u0142pracy ze skoda-auto.pl&quot;}\" data-sheets-userformat=\"{&quot;2&quot;:1,&quot;3&quot;:{&quot;1&quot;:0}}\" data-sheets-hyperlink=\"http:\/\/www.skoda-auto.pl\/\"><a class=\"in-cell-link\" href=\"http:\/\/www.skoda-auto.pl\/\" target=\"_blank\" rel=\"noopener noreferrer\">Artyku\u0142 powsta\u0142 we wsp\u00f3\u0142pracy ze skoda-auto.pl<\/a><\/span><\/p>\n<p><a href=\"https:\/\/www.skoda-auto.pl\/modele\/karoq\">\u00a0<\/a><\/p>\n<p><a href=\"https:\/\/www.skoda-auto.pl\/modele\/karoq\"><img loading=\"lazy\" decoding=\"async\" class=\"aligncenter wp-image-9606 size-full\" src=\"https:\/\/d2p6e6u75xmxt8.cloudfront.net\/5\/2019\/08\/baner_WLC_640x350_1.png\" alt=\"\" width=\"640\" height=\"350\" srcset=\"https:\/\/d2p6e6u75xmxt8.cloudfront.net\/5\/2019\/08\/baner_WLC_640x350_1.png 640w, https:\/\/d2p6e6u75xmxt8.cloudfront.net\/5\/2019\/08\/baner_WLC_640x350_1-300x164.png 300w\" sizes=\"auto, (max-width: 640px) 100vw, 640px\" \/><\/a><\/p>\n<p>&nbsp;<\/p>\n","protected":false},"excerpt":{"rendered":"<p>Kibice i zawodnicy jeszcze nie z\u0142apali oddechu po Tour de France, a ju\u017c nadje\u017cd\u017caj\u0105 kolejne emocje. W sobot\u0119 rozpoczyna si\u0119 [&hellip;]<\/p>\n","protected":false},"author":125,"featured_media":11167,"comment_status":"open","ping_status":"open","sticky":false,"template":"","format":"standard","meta":{"footnotes":""},"categories":[336],"tags":[],"global-categories":[303],"class_list":["post-11163","post","type-post","status-publish","format-standard","has-post-thumbnail","hentry","category-giro-ditalia-2020","global-categories-cycling"],"yoast_head":"<!-- This site is optimized with the Yoast SEO Premium plugin v25.3 (Yoast SEO v25.9) - https:\/\/yoast.com\/wordpress\/plugins\/seo\/ -->\n<title>Kolarski \u015bwiat w r\u00f3\u017cowych barwach... Startuje Giro d\u2019Italia! - \u0160koda We Love Cycling - Poland<\/title>\n<meta name=\"description\" content=\"Kibice i zawodnicy jeszcze nie z\u0142apali oddechu po Tour de France, a ju\u017c nadje\u017cd\u017caj\u0105 kolejne emocje. W sobot\u0119 rozpoczyna si\u0119 Giro d\u2019Italia!\" \/>\n<meta name=\"robots\" content=\"index, follow, max-snippet:-1, max-image-preview:large, max-video-preview:-1\" \/>\n<link rel=\"canonical\" href=\"https:\/\/www.welovecycling.com\/pl\/2020\/10\/02\/kolarski-swiat-w-rozowych-barwach-startuje-giro-ditalia\/\" \/>\n<meta property=\"og:locale\" content=\"pl_PL\" \/>\n<meta property=\"og:type\" content=\"article\" \/>\n<meta property=\"og:title\" content=\"Kolarski \u015bwiat w r\u00f3\u017cowych barwach... Startuje Giro d\u2019Italia!\" \/>\n<meta property=\"og:description\" content=\"Kibice i zawodnicy jeszcze nie z\u0142apali oddechu po Tour de France, a ju\u017c nadje\u017cd\u017caj\u0105 kolejne emocje. W sobot\u0119 rozpoczyna si\u0119 Giro d\u2019Italia!\" \/>\n<meta property=\"og:url\" content=\"https:\/\/www.welovecycling.com\/pl\/2020\/10\/02\/kolarski-swiat-w-rozowych-barwach-startuje-giro-ditalia\/\" \/>\n<meta property=\"og:site_name\" content=\"\u0160koda We Love Cycling - Poland\" \/>\n<meta property=\"article:published_time\" content=\"2020-10-02T12:28:04+00:00\" \/>\n<meta property=\"og:image\" content=\"https:\/\/d2p6e6u75xmxt8.cloudfront.net\/5\/2020\/10\/uci-world-2020-profimedia-0559609302-CVR-1024x450-1.jpg\" \/>\n\t<meta property=\"og:image:width\" content=\"1024\" \/>\n\t<meta property=\"og:image:height\" content=\"450\" \/>\n\t<meta property=\"og:image:type\" content=\"image\/jpeg\" \/>\n<meta name=\"author\" content=\"oktawiamikulska\" \/>\n<meta name=\"twitter:card\" content=\"summary_large_image\" \/>\n<meta name=\"twitter:label1\" content=\"Written by\" \/>\n\t<meta name=\"twitter:data1\" content=\"Piotr Nowik\" \/>\n\t<meta name=\"twitter:label2\" content=\"Est. reading time\" \/>\n\t<meta name=\"twitter:data2\" content=\"3 minutes\" \/>\n<script type=\"application\/ld+json\" class=\"yoast-schema-graph\">{\"@context\":\"https:\/\/schema.org\",\"@graph\":[{\"@type\":\"WebPage\",\"@id\":\"https:\/\/www.welovecycling.com\/pl\/2020\/10\/02\/kolarski-swiat-w-rozowych-barwach-startuje-giro-ditalia\/\",\"url\":\"https:\/\/www.welovecycling.com\/pl\/2020\/10\/02\/kolarski-swiat-w-rozowych-barwach-startuje-giro-ditalia\/\",\"name\":\"Kolarski \u015bwiat w r\u00f3\u017cowych barwach... Startuje Giro d\u2019Italia! - \u0160koda We Love Cycling - Poland\",\"isPartOf\":{\"@id\":\"https:\/\/www.welovecycling.com\/pl\/#website\"},\"primaryImageOfPage\":{\"@id\":\"https:\/\/www.welovecycling.com\/pl\/2020\/10\/02\/kolarski-swiat-w-rozowych-barwach-startuje-giro-ditalia\/#primaryimage\"},\"image\":{\"@id\":\"https:\/\/www.welovecycling.com\/pl\/2020\/10\/02\/kolarski-swiat-w-rozowych-barwach-startuje-giro-ditalia\/#primaryimage\"},\"thumbnailUrl\":\"https:\/\/d2p6e6u75xmxt8.cloudfront.net\/5\/2020\/10\/uci-world-2020-profimedia-0559609302-CVR-1024x450-1.jpg\",\"datePublished\":\"2020-10-02T12:28:04+00:00\",\"author\":{\"@id\":\"https:\/\/www.welovecycling.com\/pl\/#\/schema\/person\/4a79bac7bd265aa6a35a1079d36648be\"},\"description\":\"Kibice i zawodnicy jeszcze nie z\u0142apali oddechu po Tour de France, a ju\u017c nadje\u017cd\u017caj\u0105 kolejne emocje. W sobot\u0119 rozpoczyna si\u0119 Giro d\u2019Italia!\",\"breadcrumb\":{\"@id\":\"https:\/\/www.welovecycling.com\/pl\/2020\/10\/02\/kolarski-swiat-w-rozowych-barwach-startuje-giro-ditalia\/#breadcrumb\"},\"inLanguage\":\"pl-PL\",\"potentialAction\":[{\"@type\":\"ReadAction\",\"target\":[\"https:\/\/www.welovecycling.com\/pl\/2020\/10\/02\/kolarski-swiat-w-rozowych-barwach-startuje-giro-ditalia\/\"]}]},{\"@type\":\"ImageObject\",\"inLanguage\":\"pl-PL\",\"@id\":\"https:\/\/www.welovecycling.com\/pl\/2020\/10\/02\/kolarski-swiat-w-rozowych-barwach-startuje-giro-ditalia\/#primaryimage\",\"url\":\"https:\/\/d2p6e6u75xmxt8.cloudfront.net\/5\/2020\/10\/uci-world-2020-profimedia-0559609302-CVR-1024x450-1.jpg\",\"contentUrl\":\"https:\/\/d2p6e6u75xmxt8.cloudfront.net\/5\/2020\/10\/uci-world-2020-profimedia-0559609302-CVR-1024x450-1.jpg\",\"width\":1024,\"height\":450},{\"@type\":\"BreadcrumbList\",\"@id\":\"https:\/\/www.welovecycling.com\/pl\/2020\/10\/02\/kolarski-swiat-w-rozowych-barwach-startuje-giro-ditalia\/#breadcrumb\",\"itemListElement\":[{\"@type\":\"ListItem\",\"position\":1,\"name\":\"Home\",\"item\":\"https:\/\/www.welovecycling.com\/pl\/\"},{\"@type\":\"ListItem\",\"position\":2,\"name\":\"Kolarski \u015bwiat w r\u00f3\u017cowych barwach&#8230; Startuje Giro d\u2019Italia!\"}]},{\"@type\":\"WebSite\",\"@id\":\"https:\/\/www.welovecycling.com\/pl\/#website\",\"url\":\"https:\/\/www.welovecycling.com\/pl\/\",\"name\":\"\u0160koda We Love Cycling - Poland\",\"description\":\"\",\"potentialAction\":[{\"@type\":\"SearchAction\",\"target\":{\"@type\":\"EntryPoint\",\"urlTemplate\":\"https:\/\/www.welovecycling.com\/pl\/?s={search_term_string}\"},\"query-input\":{\"@type\":\"PropertyValueSpecification\",\"valueRequired\":true,\"valueName\":\"search_term_string\"}}],\"inLanguage\":\"pl-PL\"},{\"@type\":\"Person\",\"@id\":\"https:\/\/www.welovecycling.com\/pl\/#\/schema\/person\/4a79bac7bd265aa6a35a1079d36648be\",\"name\":\"oktawiamikulska\",\"image\":{\"@type\":\"ImageObject\",\"inLanguage\":\"pl-PL\",\"@id\":\"https:\/\/www.welovecycling.com\/pl\/#\/schema\/person\/image\/\",\"url\":\"https:\/\/secure.gravatar.com\/avatar\/b97a3f44e2de6d2f8dd358975937e49823662e12cbd810b9d1a2bff1c149e8a7?s=96&d=mm&r=g\",\"contentUrl\":\"https:\/\/secure.gravatar.com\/avatar\/b97a3f44e2de6d2f8dd358975937e49823662e12cbd810b9d1a2bff1c149e8a7?s=96&d=mm&r=g\",\"caption\":\"oktawiamikulska\"},\"url\":\"https:\/\/www.welovecycling.com\/pl\/author\/oktawiamikulska\/\"}]}<\/script>\n<!-- \/ Yoast SEO Premium plugin. -->","yoast_head_json":{"title":"Kolarski \u015bwiat w r\u00f3\u017cowych barwach... Startuje Giro d\u2019Italia! - \u0160koda We Love Cycling - Poland","description":"Kibice i zawodnicy jeszcze nie z\u0142apali oddechu po Tour de France, a ju\u017c nadje\u017cd\u017caj\u0105 kolejne emocje. W sobot\u0119 rozpoczyna si\u0119 Giro d\u2019Italia!","robots":{"index":"index","follow":"follow","max-snippet":"max-snippet:-1","max-image-preview":"max-image-preview:large","max-video-preview":"max-video-preview:-1"},"canonical":"https:\/\/www.welovecycling.com\/pl\/2020\/10\/02\/kolarski-swiat-w-rozowych-barwach-startuje-giro-ditalia\/","og_locale":"pl_PL","og_type":"article","og_title":"Kolarski \u015bwiat w r\u00f3\u017cowych barwach... Startuje Giro d\u2019Italia!","og_description":"Kibice i zawodnicy jeszcze nie z\u0142apali oddechu po Tour de France, a ju\u017c nadje\u017cd\u017caj\u0105 kolejne emocje. W sobot\u0119 rozpoczyna si\u0119 Giro d\u2019Italia!","og_url":"https:\/\/www.welovecycling.com\/pl\/2020\/10\/02\/kolarski-swiat-w-rozowych-barwach-startuje-giro-ditalia\/","og_site_name":"\u0160koda We Love Cycling - Poland","article_published_time":"2020-10-02T12:28:04+00:00","og_image":[{"width":1024,"height":450,"url":"https:\/\/d2p6e6u75xmxt8.cloudfront.net\/5\/2020\/10\/uci-world-2020-profimedia-0559609302-CVR-1024x450-1.jpg","type":"image\/jpeg"}],"author":"oktawiamikulska","twitter_card":"summary_large_image","twitter_misc":{"Written by":"Piotr Nowik","Est. reading time":"3 minutes"},"schema":{"@context":"https:\/\/schema.org","@graph":[{"@type":"WebPage","@id":"https:\/\/www.welovecycling.com\/pl\/2020\/10\/02\/kolarski-swiat-w-rozowych-barwach-startuje-giro-ditalia\/","url":"https:\/\/www.welovecycling.com\/pl\/2020\/10\/02\/kolarski-swiat-w-rozowych-barwach-startuje-giro-ditalia\/","name":"Kolarski \u015bwiat w r\u00f3\u017cowych barwach... Startuje Giro d\u2019Italia! - \u0160koda We Love Cycling - Poland","isPartOf":{"@id":"https:\/\/www.welovecycling.com\/pl\/#website"},"primaryImageOfPage":{"@id":"https:\/\/www.welovecycling.com\/pl\/2020\/10\/02\/kolarski-swiat-w-rozowych-barwach-startuje-giro-ditalia\/#primaryimage"},"image":{"@id":"https:\/\/www.welovecycling.com\/pl\/2020\/10\/02\/kolarski-swiat-w-rozowych-barwach-startuje-giro-ditalia\/#primaryimage"},"thumbnailUrl":"https:\/\/d2p6e6u75xmxt8.cloudfront.net\/5\/2020\/10\/uci-world-2020-profimedia-0559609302-CVR-1024x450-1.jpg","datePublished":"2020-10-02T12:28:04+00:00","author":{"@id":"https:\/\/www.welovecycling.com\/pl\/#\/schema\/person\/4a79bac7bd265aa6a35a1079d36648be"},"description":"Kibice i zawodnicy jeszcze nie z\u0142apali oddechu po Tour de France, a ju\u017c nadje\u017cd\u017caj\u0105 kolejne emocje. W sobot\u0119 rozpoczyna si\u0119 Giro d\u2019Italia!","breadcrumb":{"@id":"https:\/\/www.welovecycling.com\/pl\/2020\/10\/02\/kolarski-swiat-w-rozowych-barwach-startuje-giro-ditalia\/#breadcrumb"},"inLanguage":"pl-PL","potentialAction":[{"@type":"ReadAction","target":["https:\/\/www.welovecycling.com\/pl\/2020\/10\/02\/kolarski-swiat-w-rozowych-barwach-startuje-giro-ditalia\/"]}]},{"@type":"ImageObject","inLanguage":"pl-PL","@id":"https:\/\/www.welovecycling.com\/pl\/2020\/10\/02\/kolarski-swiat-w-rozowych-barwach-startuje-giro-ditalia\/#primaryimage","url":"https:\/\/d2p6e6u75xmxt8.cloudfront.net\/5\/2020\/10\/uci-world-2020-profimedia-0559609302-CVR-1024x450-1.jpg","contentUrl":"https:\/\/d2p6e6u75xmxt8.cloudfront.net\/5\/2020\/10\/uci-world-2020-profimedia-0559609302-CVR-1024x450-1.jpg","width":1024,"height":450},{"@type":"BreadcrumbList","@id":"https:\/\/www.welovecycling.com\/pl\/2020\/10\/02\/kolarski-swiat-w-rozowych-barwach-startuje-giro-ditalia\/#breadcrumb","itemListElement":[{"@type":"ListItem","position":1,"name":"Home","item":"https:\/\/www.welovecycling.com\/pl\/"},{"@type":"ListItem","position":2,"name":"Kolarski \u015bwiat w r\u00f3\u017cowych barwach&#8230; Startuje Giro d\u2019Italia!"}]},{"@type":"WebSite","@id":"https:\/\/www.welovecycling.com\/pl\/#website","url":"https:\/\/www.welovecycling.com\/pl\/","name":"\u0160koda We Love Cycling - Poland","description":"","potentialAction":[{"@type":"SearchAction","target":{"@type":"EntryPoint","urlTemplate":"https:\/\/www.welovecycling.com\/pl\/?s={search_term_string}"},"query-input":{"@type":"PropertyValueSpecification","valueRequired":true,"valueName":"search_term_string"}}],"inLanguage":"pl-PL"},{"@type":"Person","@id":"https:\/\/www.welovecycling.com\/pl\/#\/schema\/person\/4a79bac7bd265aa6a35a1079d36648be","name":"oktawiamikulska","image":{"@type":"ImageObject","inLanguage":"pl-PL","@id":"https:\/\/www.welovecycling.com\/pl\/#\/schema\/person\/image\/","url":"https:\/\/secure.gravatar.com\/avatar\/b97a3f44e2de6d2f8dd358975937e49823662e12cbd810b9d1a2bff1c149e8a7?s=96&d=mm&r=g","contentUrl":"https:\/\/secure.gravatar.com\/avatar\/b97a3f44e2de6d2f8dd358975937e49823662e12cbd810b9d1a2bff1c149e8a7?s=96&d=mm&r=g","caption":"oktawiamikulska"},"url":"https:\/\/www.welovecycling.com\/pl\/author\/oktawiamikulska\/"}]}},"_links":{"self":[{"href":"https:\/\/www.welovecycling.com\/pl\/wp-json\/wp\/v2\/posts\/11163","targetHints":{"allow":["GET"]}}],"collection":[{"href":"https:\/\/www.welovecycling.com\/pl\/wp-json\/wp\/v2\/posts"}],"about":[{"href":"https:\/\/www.welovecycling.com\/pl\/wp-json\/wp\/v2\/types\/post"}],"author":[{"embeddable":true,"href":"https:\/\/www.welovecycling.com\/pl\/wp-json\/wp\/v2\/users\/125"}],"replies":[{"embeddable":true,"href":"https:\/\/www.welovecycling.com\/pl\/wp-json\/wp\/v2\/comments?post=11163"}],"version-history":[{"count":2,"href":"https:\/\/www.welovecycling.com\/pl\/wp-json\/wp\/v2\/posts\/11163\/revisions"}],"predecessor-version":[{"id":11171,"href":"https:\/\/www.welovecycling.com\/pl\/wp-json\/wp\/v2\/posts\/11163\/revisions\/11171"}],"wp:featuredmedia":[{"embeddable":true,"href":"https:\/\/www.welovecycling.com\/pl\/wp-json\/wp\/v2\/media\/11167"}],"wp:attachment":[{"href":"https:\/\/www.welovecycling.com\/pl\/wp-json\/wp\/v2\/media?parent=11163"}],"wp:term":[{"taxonomy":"category","embeddable":true,"href":"https:\/\/www.welovecycling.com\/pl\/wp-json\/wp\/v2\/categories?post=11163"},{"taxonomy":"post_tag","embeddable":true,"href":"https:\/\/www.welovecycling.com\/pl\/wp-json\/wp\/v2\/tags?post=11163"},{"taxonomy":"global-categories","embeddable":true,"href":"https:\/\/www.welovecycling.com\/pl\/wp-json\/wp\/v2\/global-categories?post=11163"}],"curies":[{"name":"wp","href":"https:\/\/api.w.org\/{rel}","templated":true}]}}