{"id":11152,"date":"2020-09-28T12:21:00","date_gmt":"2020-09-28T12:21:00","guid":{"rendered":"https:\/\/www.welovecycling.com\/pl\/?p=11152"},"modified":"2020-09-28T12:21:00","modified_gmt":"2020-09-28T12:21:00","slug":"rene-vietto-i-jego-najbardziej-szalone-poswiecenia-w-historii-profesjonalnego-kolarstwa","status":"publish","type":"post","link":"https:\/\/www.welovecycling.com\/pl\/2020\/09\/28\/rene-vietto-i-jego-najbardziej-szalone-poswiecenia-w-historii-profesjonalnego-kolarstwa\/","title":{"rendered":"Ren\u00e9 Vietto i jego najbardziej szalone po\u015bwi\u0119cenia w historii profesjonalnego kolarstwa"},"content":{"rendered":"<p><strong>Czy uwa\u017casz si\u0119 za lojalnego i zdeterminowanego rowerzyst\u0119? Je\u015bli tak, zastan\u00f3w si\u0119, na jakie po\u015bwi\u0119cenia by\u0142by\u015b got\u00f3w w sprawie, kt\u00f3r\u0105 uwa\u017casz za wa\u017cn\u0105 w swoim \u017cyciu. A teraz por\u00f3wnajmy to z po\u015bwi\u0119ceniem ze strony dw\u00f3ch Francuz\u00f3w: Apo Lazaridesa i Ren\u00e9 Vietta.<\/strong><\/p>\n<p>Jean-Ap\u00f4tre Lazarid\u00e8s (nazywany Apo) urodzi\u0142 si\u0119 w 1925 roku. Jazda na rowerze nie tylko sprawia\u0142a mu rado\u015b\u0107, ale odnalaz\u0142 tak\u017ce inne korzy\u015bci z niej p\u0142yn\u0105ce. Podczas niemieckiej okupacji Apo sta\u0142 si\u0119 jednym z rowerowych pos\u0142a\u0144c\u00f3w francuskiego ruchu oporu. My skupimy si\u0119 jednak na jego zawodowej karierze kolarskiej.<\/p>\n<p>M\u0142ody Apo zosta\u0142 protegowanym s\u0142ynnego francuskiego mistrza Ren\u00e9 Vietta, cz\u0142owieka znanego z po\u015bwi\u0119cenia swojej dru\u017cynie oraz d\u0105\u017cenia do zwyci\u0119stwa. W 1934 roku 20-letni obiecuj\u0105cy kolarz Vietto wspina\u0142 si\u0119 po pirenejskich stokach w Tour de France z \u017c\u00f3\u0142t\u0105 koszulk\u0105 na wyci\u0105gni\u0119cie r\u0119ki. To wtedy marsza\u0142ek na motocyklu poinformowa\u0142 go, \u017ce lider jego zespo\u0142u uleg\u0142 wypadkowi, uszkodzi\u0142 przednie ko\u0142o i nie mo\u017ce kontynuowa\u0107 wy\u015bcigu. Vietto zawr\u00f3ci\u0142, podjecha\u0142 do kolegi i odda\u0142 mu swoje przednie ko\u0142o. Zdj\u0119cie przedstawiaj\u0105ce go siedz\u0105cego na kamieniu, obserwuj\u0105cego wy\u015bcig i szlochaj\u0105cego sta\u0142o si\u0119 znane na ca\u0142ym \u015bwiecie.<\/p>\n<div id=\"gallery-3\" class=\"gallery galleryid-178846 gallery-columns-2 gallery-size-large\">\n<figure class=\"gallery-item\">\n<div class=\"gallery-icon landscape\"><a class=\"colorbox-initialized cboxElement\" href=\"https:\/\/d2p6e6u75xmxt8.cloudfront.net\/2\/2020\/08\/1934-vietto-rene-tdf-crying-official.jpg\"><img loading=\"lazy\" decoding=\"async\" class=\"attachment-large size-large istretcher-finished loading\" src=\"https:\/\/d2p6e6u75xmxt8.cloudfront.net\/2\/2020\/08\/1934-vietto-rene-tdf-crying-official.jpg\" sizes=\"auto, (max-width: 620px) 100vw, 620px\" srcset=\"https:\/\/d2p6e6u75xmxt8.cloudfront.net\/2\/2020\/08\/1934-vietto-rene-tdf-crying-official.jpg 620w, https:\/\/d2p6e6u75xmxt8.cloudfront.net\/2\/2020\/08\/1934-vietto-rene-tdf-crying-official-300x178.jpg 300w\" alt=\"\" width=\"620\" height=\"367\" aria-describedby=\"gallery-3-178848\" data-was-processed=\"true\" \/><\/a><\/div>\n<\/figure>\n<figure class=\"gallery-item\">\n<div class=\"gallery-icon landscape\"><a class=\"colorbox-initialized cboxElement\" href=\"https:\/\/d2p6e6u75xmxt8.cloudfront.net\/2\/2020\/08\/profimedia-0067986253.jpg\"><img loading=\"lazy\" decoding=\"async\" class=\"attachment-large size-large istretcher-finished loading\" src=\"https:\/\/d2p6e6u75xmxt8.cloudfront.net\/2\/2020\/08\/profimedia-0067986253-1024x666.jpg\" sizes=\"auto, (max-width: 1024px) 100vw, 1024px\" srcset=\"https:\/\/d2p6e6u75xmxt8.cloudfront.net\/2\/2020\/08\/profimedia-0067986253-1024x666.jpg 1024w, https:\/\/d2p6e6u75xmxt8.cloudfront.net\/2\/2020\/08\/profimedia-0067986253-300x195.jpg 300w, https:\/\/d2p6e6u75xmxt8.cloudfront.net\/2\/2020\/08\/profimedia-0067986253-768x500.jpg 768w, https:\/\/d2p6e6u75xmxt8.cloudfront.net\/2\/2020\/08\/profimedia-0067986253.jpg 1250w\" alt=\"\" width=\"1024\" height=\"666\" data-was-processed=\"true\" \/><\/a><\/div>\n<\/figure>\n<\/div>\n<figure id=\"attachment_178853\" class=\"wp-caption alignnone\" aria-describedby=\"caption-attachment-178853\">\n<p><figure id=\"attachment_178853\" aria-describedby=\"caption-attachment-178853\" style=\"width: 1250px\" class=\"wp-caption alignnone\"><img loading=\"lazy\" decoding=\"async\" class=\"loading wp-image-178853 size-full\" src=\"https:\/\/d2p6e6u75xmxt8.cloudfront.net\/2\/2020\/08\/Rene-Vietto-profimedia-0286569886.jpg\" sizes=\"auto, (max-width: 1250px) 100vw, 1250px\" srcset=\"https:\/\/d2p6e6u75xmxt8.cloudfront.net\/2\/2020\/08\/Rene-Vietto-profimedia-0286569886.jpg 1250w, https:\/\/d2p6e6u75xmxt8.cloudfront.net\/2\/2020\/08\/Rene-Vietto-profimedia-0286569886-300x215.jpg 300w, https:\/\/d2p6e6u75xmxt8.cloudfront.net\/2\/2020\/08\/Rene-Vietto-profimedia-0286569886-1024x734.jpg 1024w, https:\/\/d2p6e6u75xmxt8.cloudfront.net\/2\/2020\/08\/Rene-Vietto-profimedia-0286569886-768x551.jpg 768w\" alt=\"\" width=\"1250\" height=\"896\" data-was-processed=\"true\" \/><figcaption id=\"caption-attachment-178853\" class=\"wp-caption-text\">Ren\u00e9 Vietto w 1946 roku. \u00a9 Profimedia<\/figcaption><\/figure><figcaption id=\"caption-attachment-178853\" class=\"wp-caption-text\"><\/figcaption><\/figure>\n<p>Dzi\u0119ki temu Ren\u00e9 sta\u0142 si\u0119 idolem Francuz\u00f3w, ale by\u0142 jeszcze jeden \u201ewyczyn\u201d, z powodu kt\u00f3rego zosta\u0142 zapami\u0119tany. Po 12 latach, podczas Tour 1947, Ren\u00e9 mia\u0142 posocznic\u0119 w palcu, co oznacza\u0142o tylko jedno: tym razem nie da rady si\u0119 \u015bciga\u0107. Okaza\u0142o si\u0119 jednak, \u017ce nic nie mo\u017ce przeszkodzi\u0107 Viettowi w uczestnictwie w TdF, nawet jego w\u0142asny palec. Ren\u00e9 uda\u0142 si\u0119 do lekarza, kt\u00f3ry amputowa\u0142 mu palec u nogi. Nast\u0119pnego dnia Vietto wr\u00f3ci\u0142 na tras\u0119.<\/p>\n<p>Wr\u00f3\u0107my teraz do pierwszego bohatera naszej opowie\u015bci, odwa\u017cnego Apo. Jako ucze\u0144 s\u0142ynnego Vietta musia\u0142 przestrzega\u0107 swojego surowego i cz\u0119sto okrutnego programu treningowego. Obejmowa\u0142 on niejedzenie niczego lub jedzenie trawy, gdy by\u0142 g\u0142odny, oraz brak snu. Poniewa\u017c Vietto uwa\u017ca\u0142 sen za strat\u0119 czasu \u2013 Apo r\u00f3wnie\u017c. Pozosta\u0142a mu jednak jeszcze jedna sprawa, kt\u00f3rej nale\u017ca\u0142o si\u0119 podporz\u0105dkowa\u0107. Swoje oddanie dla kolarstwa udowodni\u0142, odcinaj\u0105c palec u nogi.<\/p>\n<figure id=\"attachment_178850\" aria-describedby=\"caption-attachment-178850\" style=\"width: 1250px\" class=\"wp-caption alignnone\"><img loading=\"lazy\" decoding=\"async\" class=\"loading wp-image-178850 size-full\" src=\"https:\/\/d2p6e6u75xmxt8.cloudfront.net\/2\/2020\/08\/Jean-Ap%C3%B4tre-Lazarid%C3%A8s-profimedia-0285825287.jpg\" alt=\"Jean-Ap\u00f4tre Lazarid\u00e8s\" width=\"1250\" height=\"897\" data-was-processed=\"true\" \/><figcaption id=\"caption-attachment-178850\" class=\"wp-caption-text\">Jean-Ap\u00f4tre Lazarides podczas wy\u015bcigu. \u00a9 Profimedia<\/figcaption><\/figure>\n<p>Tok rozumowania by\u0142 w tym przypadku nast\u0119puj\u0105cy: aby poj\u0105\u0107 b\u00f3l zawodowego kolarstwa i po\u015bwi\u0119cenie, jakie musz\u0105 ponie\u015b\u0107 kolarze podczas TdF, Apo powinien dor\u00f3wna\u0107 swojemu mistrzowi. I po raz kolejny Apo wzi\u0105\u0142 przyk\u0142ad z Vietta. Sp\u0119dzi\u0142 reszt\u0119 swojego \u017cycia, kulej\u0105c podczas chodzenia.<\/p>\n<p>Zostawmy jednak wszystkie os\u0105dy na boku i wr\u00f3\u0107my do pocz\u0105tku historii. Czy w\u0142a\u015bnie takie po\u015bwi\u0119cenia sobie wyobra\u017ca\u0142e\u015b?<\/p>\n<p>PS Ani Vietto, ani Apo nigdy nie wygrali Tour de France. Najlepszym wynikiem Vietta by\u0142o 2. miejsce w Tour w 1939 roku, Apo zaj\u0105\u0142 9. miejsce w 1949 roku.<\/p>\n<p><span data-sheets-value=\"{&quot;1&quot;:2,&quot;2&quot;:&quot;Artyku\u0142 powsta\u0142 we wsp\u00f3\u0142pracy ze skoda-auto.pl&quot;}\" data-sheets-userformat=\"{&quot;2&quot;:1,&quot;3&quot;:{&quot;1&quot;:0}}\" data-sheets-hyperlink=\"http:\/\/www.skoda-auto.pl\/\"><a class=\"in-cell-link\" href=\"http:\/\/www.skoda-auto.pl\/\" target=\"_blank\" rel=\"noopener noreferrer\">Artyku\u0142 powsta\u0142 we wsp\u00f3\u0142pracy ze skoda-auto.pl<\/a><\/span><\/p>\n<p><a href=\"https:\/\/www.skoda-auto.pl\/modele\/karoq\">\u00a0<\/a><\/p>\n<p><a href=\"https:\/\/www.skoda-auto.pl\/modele\/karoq\"><img loading=\"lazy\" decoding=\"async\" class=\"aligncenter wp-image-9606 size-full\" src=\"https:\/\/d2p6e6u75xmxt8.cloudfront.net\/5\/2019\/08\/baner_WLC_640x350_1.png\" alt=\"\" width=\"640\" height=\"350\" srcset=\"https:\/\/d2p6e6u75xmxt8.cloudfront.net\/5\/2019\/08\/baner_WLC_640x350_1.png 640w, https:\/\/d2p6e6u75xmxt8.cloudfront.net\/5\/2019\/08\/baner_WLC_640x350_1-300x164.png 300w\" sizes=\"auto, (max-width: 640px) 100vw, 640px\" \/><\/a><\/p>\n<p>&nbsp;<\/p>\n","protected":false},"excerpt":{"rendered":"<p>Czy uwa\u017casz si\u0119 za lojalnego i zdeterminowanego rowerzyst\u0119? Je\u015bli tak, zastan\u00f3w si\u0119, na jakie po\u015bwi\u0119cenia by\u0142by\u015b got\u00f3w w sprawie, kt\u00f3r\u0105 [&hellip;]<\/p>\n","protected":false},"author":125,"featured_media":11153,"comment_status":"open","ping_status":"open","sticky":false,"template":"","format":"standard","meta":{"footnotes":""},"categories":[6],"tags":[],"global-categories":[303],"class_list":["post-11152","post","type-post","status-publish","format-standard","has-post-thumbnail","hentry","category-kolarstwo-szosowe","global-categories-cycling"],"yoast_head":"<!-- This site is optimized with the Yoast SEO Premium plugin v25.3 (Yoast SEO v25.9) - https:\/\/yoast.com\/wordpress\/plugins\/seo\/ -->\n<title>Ren\u00e9 Vietto i jego najbardziej szalone po\u015bwi\u0119cenia w historii profesjonalnego kolarstwa - \u0160koda We Love Cycling - Poland<\/title>\n<meta name=\"description\" content=\"Czy uwa\u017casz si\u0119 za lojalnego i zdeterminowanego rowerzyst\u0119? Je\u015bli tak, zastan\u00f3w si\u0119, na jakie po\u015bwi\u0119cenia by\u0142by\u015b got\u00f3w w sprawie, kt\u00f3r\u0105 uwa\u017casz za wa\u017cn\u0105 w swoim \u017cyciu. A teraz por\u00f3wnajmy to z po\u015bwi\u0119ceniem ze strony dw\u00f3ch Francuz\u00f3w: Apo Lazaridesa i Ren\u00e9 Vietta.\" \/>\n<meta name=\"robots\" content=\"index, follow, max-snippet:-1, max-image-preview:large, max-video-preview:-1\" \/>\n<link rel=\"canonical\" href=\"https:\/\/www.welovecycling.com\/pl\/2020\/09\/28\/rene-vietto-i-jego-najbardziej-szalone-poswiecenia-w-historii-profesjonalnego-kolarstwa\/\" \/>\n<meta property=\"og:locale\" content=\"pl_PL\" \/>\n<meta property=\"og:type\" content=\"article\" \/>\n<meta property=\"og:title\" content=\"Ren\u00e9 Vietto i jego najbardziej szalone po\u015bwi\u0119cenia w historii profesjonalnego kolarstwa\" \/>\n<meta property=\"og:description\" content=\"Czy uwa\u017casz si\u0119 za lojalnego i zdeterminowanego rowerzyst\u0119? Je\u015bli tak, zastan\u00f3w si\u0119, na jakie po\u015bwi\u0119cenia by\u0142by\u015b got\u00f3w w sprawie, kt\u00f3r\u0105 uwa\u017casz za wa\u017cn\u0105 w swoim \u017cyciu. A teraz por\u00f3wnajmy to z po\u015bwi\u0119ceniem ze strony dw\u00f3ch Francuz\u00f3w: Apo Lazaridesa i Ren\u00e9 Vietta.\" \/>\n<meta property=\"og:url\" content=\"https:\/\/www.welovecycling.com\/pl\/2020\/09\/28\/rene-vietto-i-jego-najbardziej-szalone-poswiecenia-w-historii-profesjonalnego-kolarstwa\/\" \/>\n<meta property=\"og:site_name\" content=\"\u0160koda We Love Cycling - Poland\" \/>\n<meta property=\"article:published_time\" content=\"2020-09-28T12:21:00+00:00\" \/>\n<meta property=\"og:image\" content=\"https:\/\/d2p6e6u75xmxt8.cloudfront.net\/5\/2020\/09\/Rene-Vietto-CVR-profimedia-0067986218-2-1024x450-1.jpg\" \/>\n\t<meta property=\"og:image:width\" content=\"1024\" \/>\n\t<meta property=\"og:image:height\" content=\"450\" \/>\n\t<meta property=\"og:image:type\" content=\"image\/jpeg\" \/>\n<meta name=\"author\" content=\"oktawiamikulska\" \/>\n<meta name=\"twitter:card\" content=\"summary_large_image\" \/>\n<meta name=\"twitter:label1\" content=\"Written by\" \/>\n\t<meta name=\"twitter:data1\" content=\"Tereza Antonova\" \/>\n\t<meta name=\"twitter:label2\" content=\"Est. reading time\" \/>\n\t<meta name=\"twitter:data2\" content=\"3 minutes\" \/>\n<script type=\"application\/ld+json\" class=\"yoast-schema-graph\">{\"@context\":\"https:\/\/schema.org\",\"@graph\":[{\"@type\":\"WebPage\",\"@id\":\"https:\/\/www.welovecycling.com\/pl\/2020\/09\/28\/rene-vietto-i-jego-najbardziej-szalone-poswiecenia-w-historii-profesjonalnego-kolarstwa\/\",\"url\":\"https:\/\/www.welovecycling.com\/pl\/2020\/09\/28\/rene-vietto-i-jego-najbardziej-szalone-poswiecenia-w-historii-profesjonalnego-kolarstwa\/\",\"name\":\"Ren\u00e9 Vietto i jego najbardziej szalone po\u015bwi\u0119cenia w historii profesjonalnego kolarstwa - \u0160koda We Love Cycling - Poland\",\"isPartOf\":{\"@id\":\"https:\/\/www.welovecycling.com\/pl\/#website\"},\"primaryImageOfPage\":{\"@id\":\"https:\/\/www.welovecycling.com\/pl\/2020\/09\/28\/rene-vietto-i-jego-najbardziej-szalone-poswiecenia-w-historii-profesjonalnego-kolarstwa\/#primaryimage\"},\"image\":{\"@id\":\"https:\/\/www.welovecycling.com\/pl\/2020\/09\/28\/rene-vietto-i-jego-najbardziej-szalone-poswiecenia-w-historii-profesjonalnego-kolarstwa\/#primaryimage\"},\"thumbnailUrl\":\"https:\/\/d2p6e6u75xmxt8.cloudfront.net\/5\/2020\/09\/Rene-Vietto-CVR-profimedia-0067986218-2-1024x450-1.jpg\",\"datePublished\":\"2020-09-28T12:21:00+00:00\",\"author\":{\"@id\":\"https:\/\/www.welovecycling.com\/pl\/#\/schema\/person\/4a79bac7bd265aa6a35a1079d36648be\"},\"description\":\"Czy uwa\u017casz si\u0119 za lojalnego i zdeterminowanego rowerzyst\u0119? Je\u015bli tak, zastan\u00f3w si\u0119, na jakie po\u015bwi\u0119cenia by\u0142by\u015b got\u00f3w w sprawie, kt\u00f3r\u0105 uwa\u017casz za wa\u017cn\u0105 w swoim \u017cyciu. A teraz por\u00f3wnajmy to z po\u015bwi\u0119ceniem ze strony dw\u00f3ch Francuz\u00f3w: Apo Lazaridesa i Ren\u00e9 Vietta.\",\"breadcrumb\":{\"@id\":\"https:\/\/www.welovecycling.com\/pl\/2020\/09\/28\/rene-vietto-i-jego-najbardziej-szalone-poswiecenia-w-historii-profesjonalnego-kolarstwa\/#breadcrumb\"},\"inLanguage\":\"pl-PL\",\"potentialAction\":[{\"@type\":\"ReadAction\",\"target\":[\"https:\/\/www.welovecycling.com\/pl\/2020\/09\/28\/rene-vietto-i-jego-najbardziej-szalone-poswiecenia-w-historii-profesjonalnego-kolarstwa\/\"]}]},{\"@type\":\"ImageObject\",\"inLanguage\":\"pl-PL\",\"@id\":\"https:\/\/www.welovecycling.com\/pl\/2020\/09\/28\/rene-vietto-i-jego-najbardziej-szalone-poswiecenia-w-historii-profesjonalnego-kolarstwa\/#primaryimage\",\"url\":\"https:\/\/d2p6e6u75xmxt8.cloudfront.net\/5\/2020\/09\/Rene-Vietto-CVR-profimedia-0067986218-2-1024x450-1.jpg\",\"contentUrl\":\"https:\/\/d2p6e6u75xmxt8.cloudfront.net\/5\/2020\/09\/Rene-Vietto-CVR-profimedia-0067986218-2-1024x450-1.jpg\",\"width\":1024,\"height\":450},{\"@type\":\"BreadcrumbList\",\"@id\":\"https:\/\/www.welovecycling.com\/pl\/2020\/09\/28\/rene-vietto-i-jego-najbardziej-szalone-poswiecenia-w-historii-profesjonalnego-kolarstwa\/#breadcrumb\",\"itemListElement\":[{\"@type\":\"ListItem\",\"position\":1,\"name\":\"Home\",\"item\":\"https:\/\/www.welovecycling.com\/pl\/\"},{\"@type\":\"ListItem\",\"position\":2,\"name\":\"Ren\u00e9 Vietto i jego najbardziej szalone po\u015bwi\u0119cenia w historii profesjonalnego kolarstwa\"}]},{\"@type\":\"WebSite\",\"@id\":\"https:\/\/www.welovecycling.com\/pl\/#website\",\"url\":\"https:\/\/www.welovecycling.com\/pl\/\",\"name\":\"\u0160koda We Love Cycling - Poland\",\"description\":\"\",\"potentialAction\":[{\"@type\":\"SearchAction\",\"target\":{\"@type\":\"EntryPoint\",\"urlTemplate\":\"https:\/\/www.welovecycling.com\/pl\/?s={search_term_string}\"},\"query-input\":{\"@type\":\"PropertyValueSpecification\",\"valueRequired\":true,\"valueName\":\"search_term_string\"}}],\"inLanguage\":\"pl-PL\"},{\"@type\":\"Person\",\"@id\":\"https:\/\/www.welovecycling.com\/pl\/#\/schema\/person\/4a79bac7bd265aa6a35a1079d36648be\",\"name\":\"oktawiamikulska\",\"image\":{\"@type\":\"ImageObject\",\"inLanguage\":\"pl-PL\",\"@id\":\"https:\/\/www.welovecycling.com\/pl\/#\/schema\/person\/image\/\",\"url\":\"https:\/\/secure.gravatar.com\/avatar\/b97a3f44e2de6d2f8dd358975937e49823662e12cbd810b9d1a2bff1c149e8a7?s=96&d=mm&r=g\",\"contentUrl\":\"https:\/\/secure.gravatar.com\/avatar\/b97a3f44e2de6d2f8dd358975937e49823662e12cbd810b9d1a2bff1c149e8a7?s=96&d=mm&r=g\",\"caption\":\"oktawiamikulska\"},\"url\":\"https:\/\/www.welovecycling.com\/pl\/author\/oktawiamikulska\/\"}]}<\/script>\n<!-- \/ Yoast SEO Premium plugin. -->","yoast_head_json":{"title":"Ren\u00e9 Vietto i jego najbardziej szalone po\u015bwi\u0119cenia w historii profesjonalnego kolarstwa - \u0160koda We Love Cycling - Poland","description":"Czy uwa\u017casz si\u0119 za lojalnego i zdeterminowanego rowerzyst\u0119? Je\u015bli tak, zastan\u00f3w si\u0119, na jakie po\u015bwi\u0119cenia by\u0142by\u015b got\u00f3w w sprawie, kt\u00f3r\u0105 uwa\u017casz za wa\u017cn\u0105 w swoim \u017cyciu. A teraz por\u00f3wnajmy to z po\u015bwi\u0119ceniem ze strony dw\u00f3ch Francuz\u00f3w: Apo Lazaridesa i Ren\u00e9 Vietta.","robots":{"index":"index","follow":"follow","max-snippet":"max-snippet:-1","max-image-preview":"max-image-preview:large","max-video-preview":"max-video-preview:-1"},"canonical":"https:\/\/www.welovecycling.com\/pl\/2020\/09\/28\/rene-vietto-i-jego-najbardziej-szalone-poswiecenia-w-historii-profesjonalnego-kolarstwa\/","og_locale":"pl_PL","og_type":"article","og_title":"Ren\u00e9 Vietto i jego najbardziej szalone po\u015bwi\u0119cenia w historii profesjonalnego kolarstwa","og_description":"Czy uwa\u017casz si\u0119 za lojalnego i zdeterminowanego rowerzyst\u0119? Je\u015bli tak, zastan\u00f3w si\u0119, na jakie po\u015bwi\u0119cenia by\u0142by\u015b got\u00f3w w sprawie, kt\u00f3r\u0105 uwa\u017casz za wa\u017cn\u0105 w swoim \u017cyciu. A teraz por\u00f3wnajmy to z po\u015bwi\u0119ceniem ze strony dw\u00f3ch Francuz\u00f3w: Apo Lazaridesa i Ren\u00e9 Vietta.","og_url":"https:\/\/www.welovecycling.com\/pl\/2020\/09\/28\/rene-vietto-i-jego-najbardziej-szalone-poswiecenia-w-historii-profesjonalnego-kolarstwa\/","og_site_name":"\u0160koda We Love Cycling - Poland","article_published_time":"2020-09-28T12:21:00+00:00","og_image":[{"width":1024,"height":450,"url":"https:\/\/d2p6e6u75xmxt8.cloudfront.net\/5\/2020\/09\/Rene-Vietto-CVR-profimedia-0067986218-2-1024x450-1.jpg","type":"image\/jpeg"}],"author":"oktawiamikulska","twitter_card":"summary_large_image","twitter_misc":{"Written by":"Tereza Antonova","Est. reading time":"3 minutes"},"schema":{"@context":"https:\/\/schema.org","@graph":[{"@type":"WebPage","@id":"https:\/\/www.welovecycling.com\/pl\/2020\/09\/28\/rene-vietto-i-jego-najbardziej-szalone-poswiecenia-w-historii-profesjonalnego-kolarstwa\/","url":"https:\/\/www.welovecycling.com\/pl\/2020\/09\/28\/rene-vietto-i-jego-najbardziej-szalone-poswiecenia-w-historii-profesjonalnego-kolarstwa\/","name":"Ren\u00e9 Vietto i jego najbardziej szalone po\u015bwi\u0119cenia w historii profesjonalnego kolarstwa - \u0160koda We Love Cycling - Poland","isPartOf":{"@id":"https:\/\/www.welovecycling.com\/pl\/#website"},"primaryImageOfPage":{"@id":"https:\/\/www.welovecycling.com\/pl\/2020\/09\/28\/rene-vietto-i-jego-najbardziej-szalone-poswiecenia-w-historii-profesjonalnego-kolarstwa\/#primaryimage"},"image":{"@id":"https:\/\/www.welovecycling.com\/pl\/2020\/09\/28\/rene-vietto-i-jego-najbardziej-szalone-poswiecenia-w-historii-profesjonalnego-kolarstwa\/#primaryimage"},"thumbnailUrl":"https:\/\/d2p6e6u75xmxt8.cloudfront.net\/5\/2020\/09\/Rene-Vietto-CVR-profimedia-0067986218-2-1024x450-1.jpg","datePublished":"2020-09-28T12:21:00+00:00","author":{"@id":"https:\/\/www.welovecycling.com\/pl\/#\/schema\/person\/4a79bac7bd265aa6a35a1079d36648be"},"description":"Czy uwa\u017casz si\u0119 za lojalnego i zdeterminowanego rowerzyst\u0119? Je\u015bli tak, zastan\u00f3w si\u0119, na jakie po\u015bwi\u0119cenia by\u0142by\u015b got\u00f3w w sprawie, kt\u00f3r\u0105 uwa\u017casz za wa\u017cn\u0105 w swoim \u017cyciu. A teraz por\u00f3wnajmy to z po\u015bwi\u0119ceniem ze strony dw\u00f3ch Francuz\u00f3w: Apo Lazaridesa i Ren\u00e9 Vietta.","breadcrumb":{"@id":"https:\/\/www.welovecycling.com\/pl\/2020\/09\/28\/rene-vietto-i-jego-najbardziej-szalone-poswiecenia-w-historii-profesjonalnego-kolarstwa\/#breadcrumb"},"inLanguage":"pl-PL","potentialAction":[{"@type":"ReadAction","target":["https:\/\/www.welovecycling.com\/pl\/2020\/09\/28\/rene-vietto-i-jego-najbardziej-szalone-poswiecenia-w-historii-profesjonalnego-kolarstwa\/"]}]},{"@type":"ImageObject","inLanguage":"pl-PL","@id":"https:\/\/www.welovecycling.com\/pl\/2020\/09\/28\/rene-vietto-i-jego-najbardziej-szalone-poswiecenia-w-historii-profesjonalnego-kolarstwa\/#primaryimage","url":"https:\/\/d2p6e6u75xmxt8.cloudfront.net\/5\/2020\/09\/Rene-Vietto-CVR-profimedia-0067986218-2-1024x450-1.jpg","contentUrl":"https:\/\/d2p6e6u75xmxt8.cloudfront.net\/5\/2020\/09\/Rene-Vietto-CVR-profimedia-0067986218-2-1024x450-1.jpg","width":1024,"height":450},{"@type":"BreadcrumbList","@id":"https:\/\/www.welovecycling.com\/pl\/2020\/09\/28\/rene-vietto-i-jego-najbardziej-szalone-poswiecenia-w-historii-profesjonalnego-kolarstwa\/#breadcrumb","itemListElement":[{"@type":"ListItem","position":1,"name":"Home","item":"https:\/\/www.welovecycling.com\/pl\/"},{"@type":"ListItem","position":2,"name":"Ren\u00e9 Vietto i jego najbardziej szalone po\u015bwi\u0119cenia w historii profesjonalnego kolarstwa"}]},{"@type":"WebSite","@id":"https:\/\/www.welovecycling.com\/pl\/#website","url":"https:\/\/www.welovecycling.com\/pl\/","name":"\u0160koda We Love Cycling - Poland","description":"","potentialAction":[{"@type":"SearchAction","target":{"@type":"EntryPoint","urlTemplate":"https:\/\/www.welovecycling.com\/pl\/?s={search_term_string}"},"query-input":{"@type":"PropertyValueSpecification","valueRequired":true,"valueName":"search_term_string"}}],"inLanguage":"pl-PL"},{"@type":"Person","@id":"https:\/\/www.welovecycling.com\/pl\/#\/schema\/person\/4a79bac7bd265aa6a35a1079d36648be","name":"oktawiamikulska","image":{"@type":"ImageObject","inLanguage":"pl-PL","@id":"https:\/\/www.welovecycling.com\/pl\/#\/schema\/person\/image\/","url":"https:\/\/secure.gravatar.com\/avatar\/b97a3f44e2de6d2f8dd358975937e49823662e12cbd810b9d1a2bff1c149e8a7?s=96&d=mm&r=g","contentUrl":"https:\/\/secure.gravatar.com\/avatar\/b97a3f44e2de6d2f8dd358975937e49823662e12cbd810b9d1a2bff1c149e8a7?s=96&d=mm&r=g","caption":"oktawiamikulska"},"url":"https:\/\/www.welovecycling.com\/pl\/author\/oktawiamikulska\/"}]}},"_links":{"self":[{"href":"https:\/\/www.welovecycling.com\/pl\/wp-json\/wp\/v2\/posts\/11152","targetHints":{"allow":["GET"]}}],"collection":[{"href":"https:\/\/www.welovecycling.com\/pl\/wp-json\/wp\/v2\/posts"}],"about":[{"href":"https:\/\/www.welovecycling.com\/pl\/wp-json\/wp\/v2\/types\/post"}],"author":[{"embeddable":true,"href":"https:\/\/www.welovecycling.com\/pl\/wp-json\/wp\/v2\/users\/125"}],"replies":[{"embeddable":true,"href":"https:\/\/www.welovecycling.com\/pl\/wp-json\/wp\/v2\/comments?post=11152"}],"version-history":[{"count":1,"href":"https:\/\/www.welovecycling.com\/pl\/wp-json\/wp\/v2\/posts\/11152\/revisions"}],"predecessor-version":[{"id":11154,"href":"https:\/\/www.welovecycling.com\/pl\/wp-json\/wp\/v2\/posts\/11152\/revisions\/11154"}],"wp:featuredmedia":[{"embeddable":true,"href":"https:\/\/www.welovecycling.com\/pl\/wp-json\/wp\/v2\/media\/11153"}],"wp:attachment":[{"href":"https:\/\/www.welovecycling.com\/pl\/wp-json\/wp\/v2\/media?parent=11152"}],"wp:term":[{"taxonomy":"category","embeddable":true,"href":"https:\/\/www.welovecycling.com\/pl\/wp-json\/wp\/v2\/categories?post=11152"},{"taxonomy":"post_tag","embeddable":true,"href":"https:\/\/www.welovecycling.com\/pl\/wp-json\/wp\/v2\/tags?post=11152"},{"taxonomy":"global-categories","embeddable":true,"href":"https:\/\/www.welovecycling.com\/pl\/wp-json\/wp\/v2\/global-categories?post=11152"}],"curies":[{"name":"wp","href":"https:\/\/api.w.org\/{rel}","templated":true}]}}