{"id":11144,"date":"2020-09-23T09:00:59","date_gmt":"2020-09-23T09:00:59","guid":{"rendered":"https:\/\/www.welovecycling.com\/pl\/?p=11144"},"modified":"2020-09-22T12:35:31","modified_gmt":"2020-09-22T12:35:31","slug":"historia-zaginionego-przed-laty-roweru-zjedzonego-przez-drzewo","status":"publish","type":"post","link":"https:\/\/www.welovecycling.com\/pl\/2020\/09\/23\/historia-zaginionego-przed-laty-roweru-zjedzonego-przez-drzewo\/","title":{"rendered":"Historia zaginionego przed laty roweru \u201ezjedzonego\u201d przez drzewo"},"content":{"rendered":"<p><strong>Czasami ma\u0142e k\u0142amstwa obracaj\u0105 si\u0119 przeciwko nam w najbardziej nieoczekiwanych momentach. Zupe\u0142nie jakby czai\u0142y si\u0119 w ciemno\u015bci, czekaj\u0105c na odpowiedni\u0105 chwil\u0119, aby nas zdradzi\u0107 i zdemaskowa\u0107. Zwykle spodziewamy si\u0119, \u017ce stanie si\u0119 to w ci\u0105gu tygodni lub miesi\u0119cy, ale bywa i tak, \u017ce dopadn\u0105 nas znacznie p\u00f3\u017aniej, gdy ju\u017c na dobre o nich zapomnimy.<\/strong><\/p>\n<p>Don Puz dorasta\u0142 z rodzicami na wyspie Vashon w stanie Waszyngton. W 1954 roku jego ojciec zgin\u0105\u0142 w po\u017carze domu, wi\u0119c on i jego matka musieli przenie\u015b\u0107 si\u0119 w inne miejsce i zacz\u0105\u0107 wszystko od nowa. Lokalna spo\u0142eczno\u015b\u0107 zorganizowa\u0142a zbi\u00f3rk\u0119, kt\u00f3ra mia\u0142a wspom\u00f3c materialnie rodzin\u0119 Puz\u00f3w, i od tego wszystko si\u0119 zacz\u0119\u0142o\u2026<\/p>\n<p>Przegl\u0105daj\u0105c przekazane przedmioty, rodzina odkry\u0142a <u>dzieci\u0119cy rower<\/u>. Pi\u0119kny prezent, prawda? Ot\u00f3\u017c nie do ko\u0144ca. Chocia\u017c s\u0105siedzi z pewno\u015bci\u0105 mieli najlepsze intencje, to ma\u0142ego Dona on nie zachwyci\u0142.<\/p>\n<figure id=\"attachment_178982\" aria-describedby=\"caption-attachment-178982\" style=\"width: 1600px\" class=\"wp-caption alignnone\"><img loading=\"lazy\" decoding=\"async\" class=\"initial loaded wp-image-178982 size-full\" src=\"https:\/\/d2p6e6u75xmxt8.cloudfront.net\/2\/2020\/08\/Bicycle-Tree-Vashon.jpg\" sizes=\"auto, (max-width: 1600px) 100vw, 1600px\" srcset=\"https:\/\/d2p6e6u75xmxt8.cloudfront.net\/2\/2020\/08\/Bicycle-Tree-Vashon.jpg 1600w, https:\/\/d2p6e6u75xmxt8.cloudfront.net\/2\/2020\/08\/Bicycle-Tree-Vashon-300x225.jpg 300w, https:\/\/d2p6e6u75xmxt8.cloudfront.net\/2\/2020\/08\/Bicycle-Tree-Vashon-1024x768.jpg 1024w, https:\/\/d2p6e6u75xmxt8.cloudfront.net\/2\/2020\/08\/Bicycle-Tree-Vashon-768x576.jpg 768w, https:\/\/d2p6e6u75xmxt8.cloudfront.net\/2\/2020\/08\/Bicycle-Tree-Vashon-1536x1152.jpg 1536w\" alt=\"Bicycle in a Tree\" width=\"1600\" height=\"1200\" data-was-processed=\"true\" \/><figcaption id=\"caption-attachment-178982\" class=\"wp-caption-text\">Rower na drzewie na wyspie Vashon w stanie Waszyngton<\/figcaption><\/figure>\n<p>[podpis pod zdj\u0119ciem: ]<\/p>\n<p>Z jakiego powodu rower nie przypad\u0142 ch\u0142opcu do gustu? Zdania by\u0142y podzielone. Niekt\u00f3rzy m\u00f3wili, \u017ce by\u0142 zbyt dziewcz\u0119cy, inni wspominali o dziwnej kierownicy i tr\u00f3jko\u0142owym kszta\u0142cie. Bez wzgl\u0119du na powody Don naprawd\u0119 nie zapa\u0142a\u0142 uczuciem do podarowanego pojazdu. Nic dziwnego, \u017ce wkr\u00f3tce \u201eprzypadkowo zapomnia\u0142&#8221; o nim, gdy by\u0142 w lesie, po czym stwierdzi\u0142, \u017ce nie mo\u017ce go znale\u017a\u0107.<\/p>\n<p>Na szcz\u0119\u015bcie dla Dona pani Puz nie odes\u0142a\u0142a syna z powrotem do lasu z nakazem niewracania do domu bez roweru. Wkr\u00f3tce o ca\u0142ym incydencie zapomniano i \u017cycie toczy\u0142o si\u0119 dalej. Wielkie odkrycie nast\u0105pi\u0142o dopiero w 2012 roku, kiedy pani Puz sko\u0144czy\u0142a 99 lat. W gazecie natkn\u0119\u0142a si\u0119 na histori\u0119 o \u201ezjedzonym\u201d przez drzewo rowerze. Na zdj\u0119ciu widnia\u0142 podobny pojazd do tego, kt\u00f3ry kiedy\u015b zgubi\u0142 jej syn.<\/p>\n<p>Kiedy <u>odwiedzili to miejsce<\/u>, pani Puz i Don od razu byli pewni, \u017ce to, co zobaczyli, to niechciany prezent ch\u0142opca. Przez pi\u0119\u0107dziesi\u0105t lat drzewo zd\u0105\u017cy\u0142o \u201ezaadoptowa\u0107\u201d dwuko\u0142owy \u017celazny przedmiot. Obros\u0142o go, a nawet unios\u0142o w g\u00f3r\u0119, do nieba. co do jego pochodzenia. Czy Donowi w ko\u0144cu rower si\u0119 spodoba\u0142? Niekoniecznie, ale sceneria jest fascynuj\u0105ca, dlatego je\u015bli kiedykolwiek b\u0119dziesz na wyspie Vashon, koniecznie zobacz to na w\u0142asne oczy.<\/p>\n<p><span data-sheets-value=\"{&quot;1&quot;:2,&quot;2&quot;:&quot;Artyku\u0142 powsta\u0142 we wsp\u00f3\u0142pracy ze skoda-auto.pl&quot;}\" data-sheets-userformat=\"{&quot;2&quot;:1,&quot;3&quot;:{&quot;1&quot;:0}}\" data-sheets-hyperlink=\"http:\/\/www.skoda-auto.pl\/\"><a class=\"in-cell-link\" href=\"http:\/\/www.skoda-auto.pl\/\" target=\"_blank\" rel=\"noopener noreferrer\">Artyku\u0142 powsta\u0142 we wsp\u00f3\u0142pracy ze skoda-auto.pl<\/a><\/span><\/p>\n<p>&nbsp;<\/p>\n<p><a href=\"https:\/\/www.skoda-auto.pl\/modele\/karoq\"><img loading=\"lazy\" decoding=\"async\" class=\"aligncenter wp-image-9609 size-full loading\" src=\"https:\/\/d2p6e6u75xmxt8.cloudfront.net\/5\/2019\/08\/baner_WLC_640x350_4.png\" sizes=\"auto, (max-width: 640px) 100vw, 640px\" srcset=\"https:\/\/d2p6e6u75xmxt8.cloudfront.net\/5\/2019\/08\/baner_WLC_640x350_4.png 640w, https:\/\/d2p6e6u75xmxt8.cloudfront.net\/5\/2019\/08\/baner_WLC_640x350_4-300x164.png 300w\" alt=\"\" width=\"640\" height=\"350\" data-was-processed=\"true\" \/>\u00a0<\/a><\/p>\n","protected":false},"excerpt":{"rendered":"<p>Czasami ma\u0142e k\u0142amstwa obracaj\u0105 si\u0119 przeciwko nam w najbardziej nieoczekiwanych momentach. Zupe\u0142nie jakby czai\u0142y si\u0119 w ciemno\u015bci, czekaj\u0105c na odpowiedni\u0105 [&hellip;]<\/p>\n","protected":false},"author":125,"featured_media":11145,"comment_status":"open","ping_status":"open","sticky":false,"template":"","format":"standard","meta":{"footnotes":""},"categories":[1],"tags":[],"global-categories":[303],"class_list":["post-11144","post","type-post","status-publish","format-standard","has-post-thumbnail","hentry","category-uncategorized","global-categories-cycling"],"yoast_head":"<!-- This site is optimized with the Yoast SEO Premium plugin v25.3 (Yoast SEO v25.9) - https:\/\/yoast.com\/wordpress\/plugins\/seo\/ -->\n<title>Historia zaginionego przed laty roweru \u201ezjedzonego\u201d przez drzewo - \u0160koda We Love Cycling - Poland<\/title>\n<meta name=\"description\" content=\"Czasami ma\u0142e k\u0142amstwa obracaj\u0105 si\u0119 przeciwko nam w najbardziej nieoczekiwanych momentach. Zupe\u0142nie jakby czai\u0142y si\u0119 w ciemno\u015bci, czekaj\u0105c na odpowiedni\u0105 chwil\u0119, aby nas zdradzi\u0107 i zdemaskowa\u0107. Zwykle spodziewamy si\u0119, \u017ce stanie si\u0119 to w ci\u0105gu tygodni lub miesi\u0119cy, ale bywa i tak, \u017ce dopadn\u0105 nas znacznie p\u00f3\u017aniej, gdy ju\u017c na dobre o nich zapomnimy.\" \/>\n<meta name=\"robots\" content=\"index, follow, max-snippet:-1, max-image-preview:large, max-video-preview:-1\" \/>\n<link rel=\"canonical\" href=\"https:\/\/www.welovecycling.com\/pl\/2020\/09\/23\/historia-zaginionego-przed-laty-roweru-zjedzonego-przez-drzewo\/\" \/>\n<meta property=\"og:locale\" content=\"pl_PL\" \/>\n<meta property=\"og:type\" content=\"article\" \/>\n<meta property=\"og:title\" content=\"Historia zaginionego przed laty roweru \u201ezjedzonego\u201d przez drzewo\" \/>\n<meta property=\"og:description\" content=\"Czasami ma\u0142e k\u0142amstwa obracaj\u0105 si\u0119 przeciwko nam w najbardziej nieoczekiwanych momentach. Zupe\u0142nie jakby czai\u0142y si\u0119 w ciemno\u015bci, czekaj\u0105c na odpowiedni\u0105 chwil\u0119, aby nas zdradzi\u0107 i zdemaskowa\u0107. Zwykle spodziewamy si\u0119, \u017ce stanie si\u0119 to w ci\u0105gu tygodni lub miesi\u0119cy, ale bywa i tak, \u017ce dopadn\u0105 nas znacznie p\u00f3\u017aniej, gdy ju\u017c na dobre o nich zapomnimy.\" \/>\n<meta property=\"og:url\" content=\"https:\/\/www.welovecycling.com\/pl\/2020\/09\/23\/historia-zaginionego-przed-laty-roweru-zjedzonego-przez-drzewo\/\" \/>\n<meta property=\"og:site_name\" content=\"\u0160koda We Love Cycling - Poland\" \/>\n<meta property=\"article:published_time\" content=\"2020-09-23T09:00:59+00:00\" \/>\n<meta property=\"og:image\" content=\"https:\/\/d2p6e6u75xmxt8.cloudfront.net\/5\/2020\/09\/Bicycle-Tree-Vashon-CVR-1024x450-1.jpg\" \/>\n\t<meta property=\"og:image:width\" content=\"1024\" \/>\n\t<meta property=\"og:image:height\" content=\"450\" \/>\n\t<meta property=\"og:image:type\" content=\"image\/jpeg\" \/>\n<meta name=\"author\" content=\"oktawiamikulska\" \/>\n<meta name=\"twitter:card\" content=\"summary_large_image\" \/>\n<meta name=\"twitter:label1\" content=\"Written by\" \/>\n\t<meta name=\"twitter:data1\" content=\"Tereza Antonova\" \/>\n\t<meta name=\"twitter:label2\" content=\"Est. reading time\" \/>\n\t<meta name=\"twitter:data2\" content=\"2 minutes\" \/>\n<script type=\"application\/ld+json\" class=\"yoast-schema-graph\">{\"@context\":\"https:\/\/schema.org\",\"@graph\":[{\"@type\":\"WebPage\",\"@id\":\"https:\/\/www.welovecycling.com\/pl\/2020\/09\/23\/historia-zaginionego-przed-laty-roweru-zjedzonego-przez-drzewo\/\",\"url\":\"https:\/\/www.welovecycling.com\/pl\/2020\/09\/23\/historia-zaginionego-przed-laty-roweru-zjedzonego-przez-drzewo\/\",\"name\":\"Historia zaginionego przed laty roweru \u201ezjedzonego\u201d przez drzewo - \u0160koda We Love Cycling - Poland\",\"isPartOf\":{\"@id\":\"https:\/\/www.welovecycling.com\/pl\/#website\"},\"primaryImageOfPage\":{\"@id\":\"https:\/\/www.welovecycling.com\/pl\/2020\/09\/23\/historia-zaginionego-przed-laty-roweru-zjedzonego-przez-drzewo\/#primaryimage\"},\"image\":{\"@id\":\"https:\/\/www.welovecycling.com\/pl\/2020\/09\/23\/historia-zaginionego-przed-laty-roweru-zjedzonego-przez-drzewo\/#primaryimage\"},\"thumbnailUrl\":\"https:\/\/d2p6e6u75xmxt8.cloudfront.net\/5\/2020\/09\/Bicycle-Tree-Vashon-CVR-1024x450-1.jpg\",\"datePublished\":\"2020-09-23T09:00:59+00:00\",\"author\":{\"@id\":\"https:\/\/www.welovecycling.com\/pl\/#\/schema\/person\/4a79bac7bd265aa6a35a1079d36648be\"},\"description\":\"Czasami ma\u0142e k\u0142amstwa obracaj\u0105 si\u0119 przeciwko nam w najbardziej nieoczekiwanych momentach. Zupe\u0142nie jakby czai\u0142y si\u0119 w ciemno\u015bci, czekaj\u0105c na odpowiedni\u0105 chwil\u0119, aby nas zdradzi\u0107 i zdemaskowa\u0107. Zwykle spodziewamy si\u0119, \u017ce stanie si\u0119 to w ci\u0105gu tygodni lub miesi\u0119cy, ale bywa i tak, \u017ce dopadn\u0105 nas znacznie p\u00f3\u017aniej, gdy ju\u017c na dobre o nich zapomnimy.\",\"breadcrumb\":{\"@id\":\"https:\/\/www.welovecycling.com\/pl\/2020\/09\/23\/historia-zaginionego-przed-laty-roweru-zjedzonego-przez-drzewo\/#breadcrumb\"},\"inLanguage\":\"pl-PL\",\"potentialAction\":[{\"@type\":\"ReadAction\",\"target\":[\"https:\/\/www.welovecycling.com\/pl\/2020\/09\/23\/historia-zaginionego-przed-laty-roweru-zjedzonego-przez-drzewo\/\"]}]},{\"@type\":\"ImageObject\",\"inLanguage\":\"pl-PL\",\"@id\":\"https:\/\/www.welovecycling.com\/pl\/2020\/09\/23\/historia-zaginionego-przed-laty-roweru-zjedzonego-przez-drzewo\/#primaryimage\",\"url\":\"https:\/\/d2p6e6u75xmxt8.cloudfront.net\/5\/2020\/09\/Bicycle-Tree-Vashon-CVR-1024x450-1.jpg\",\"contentUrl\":\"https:\/\/d2p6e6u75xmxt8.cloudfront.net\/5\/2020\/09\/Bicycle-Tree-Vashon-CVR-1024x450-1.jpg\",\"width\":1024,\"height\":450},{\"@type\":\"BreadcrumbList\",\"@id\":\"https:\/\/www.welovecycling.com\/pl\/2020\/09\/23\/historia-zaginionego-przed-laty-roweru-zjedzonego-przez-drzewo\/#breadcrumb\",\"itemListElement\":[{\"@type\":\"ListItem\",\"position\":1,\"name\":\"Home\",\"item\":\"https:\/\/www.welovecycling.com\/pl\/\"},{\"@type\":\"ListItem\",\"position\":2,\"name\":\"Historia zaginionego przed laty roweru \u201ezjedzonego\u201d przez drzewo\"}]},{\"@type\":\"WebSite\",\"@id\":\"https:\/\/www.welovecycling.com\/pl\/#website\",\"url\":\"https:\/\/www.welovecycling.com\/pl\/\",\"name\":\"\u0160koda We Love Cycling - Poland\",\"description\":\"\",\"potentialAction\":[{\"@type\":\"SearchAction\",\"target\":{\"@type\":\"EntryPoint\",\"urlTemplate\":\"https:\/\/www.welovecycling.com\/pl\/?s={search_term_string}\"},\"query-input\":{\"@type\":\"PropertyValueSpecification\",\"valueRequired\":true,\"valueName\":\"search_term_string\"}}],\"inLanguage\":\"pl-PL\"},{\"@type\":\"Person\",\"@id\":\"https:\/\/www.welovecycling.com\/pl\/#\/schema\/person\/4a79bac7bd265aa6a35a1079d36648be\",\"name\":\"oktawiamikulska\",\"image\":{\"@type\":\"ImageObject\",\"inLanguage\":\"pl-PL\",\"@id\":\"https:\/\/www.welovecycling.com\/pl\/#\/schema\/person\/image\/\",\"url\":\"https:\/\/secure.gravatar.com\/avatar\/b97a3f44e2de6d2f8dd358975937e49823662e12cbd810b9d1a2bff1c149e8a7?s=96&d=mm&r=g\",\"contentUrl\":\"https:\/\/secure.gravatar.com\/avatar\/b97a3f44e2de6d2f8dd358975937e49823662e12cbd810b9d1a2bff1c149e8a7?s=96&d=mm&r=g\",\"caption\":\"oktawiamikulska\"},\"url\":\"https:\/\/www.welovecycling.com\/pl\/author\/oktawiamikulska\/\"}]}<\/script>\n<!-- \/ Yoast SEO Premium plugin. -->","yoast_head_json":{"title":"Historia zaginionego przed laty roweru \u201ezjedzonego\u201d przez drzewo - \u0160koda We Love Cycling - Poland","description":"Czasami ma\u0142e k\u0142amstwa obracaj\u0105 si\u0119 przeciwko nam w najbardziej nieoczekiwanych momentach. Zupe\u0142nie jakby czai\u0142y si\u0119 w ciemno\u015bci, czekaj\u0105c na odpowiedni\u0105 chwil\u0119, aby nas zdradzi\u0107 i zdemaskowa\u0107. Zwykle spodziewamy si\u0119, \u017ce stanie si\u0119 to w ci\u0105gu tygodni lub miesi\u0119cy, ale bywa i tak, \u017ce dopadn\u0105 nas znacznie p\u00f3\u017aniej, gdy ju\u017c na dobre o nich zapomnimy.","robots":{"index":"index","follow":"follow","max-snippet":"max-snippet:-1","max-image-preview":"max-image-preview:large","max-video-preview":"max-video-preview:-1"},"canonical":"https:\/\/www.welovecycling.com\/pl\/2020\/09\/23\/historia-zaginionego-przed-laty-roweru-zjedzonego-przez-drzewo\/","og_locale":"pl_PL","og_type":"article","og_title":"Historia zaginionego przed laty roweru \u201ezjedzonego\u201d przez drzewo","og_description":"Czasami ma\u0142e k\u0142amstwa obracaj\u0105 si\u0119 przeciwko nam w najbardziej nieoczekiwanych momentach. Zupe\u0142nie jakby czai\u0142y si\u0119 w ciemno\u015bci, czekaj\u0105c na odpowiedni\u0105 chwil\u0119, aby nas zdradzi\u0107 i zdemaskowa\u0107. Zwykle spodziewamy si\u0119, \u017ce stanie si\u0119 to w ci\u0105gu tygodni lub miesi\u0119cy, ale bywa i tak, \u017ce dopadn\u0105 nas znacznie p\u00f3\u017aniej, gdy ju\u017c na dobre o nich zapomnimy.","og_url":"https:\/\/www.welovecycling.com\/pl\/2020\/09\/23\/historia-zaginionego-przed-laty-roweru-zjedzonego-przez-drzewo\/","og_site_name":"\u0160koda We Love Cycling - Poland","article_published_time":"2020-09-23T09:00:59+00:00","og_image":[{"width":1024,"height":450,"url":"https:\/\/d2p6e6u75xmxt8.cloudfront.net\/5\/2020\/09\/Bicycle-Tree-Vashon-CVR-1024x450-1.jpg","type":"image\/jpeg"}],"author":"oktawiamikulska","twitter_card":"summary_large_image","twitter_misc":{"Written by":"Tereza Antonova","Est. reading time":"2 minutes"},"schema":{"@context":"https:\/\/schema.org","@graph":[{"@type":"WebPage","@id":"https:\/\/www.welovecycling.com\/pl\/2020\/09\/23\/historia-zaginionego-przed-laty-roweru-zjedzonego-przez-drzewo\/","url":"https:\/\/www.welovecycling.com\/pl\/2020\/09\/23\/historia-zaginionego-przed-laty-roweru-zjedzonego-przez-drzewo\/","name":"Historia zaginionego przed laty roweru \u201ezjedzonego\u201d przez drzewo - \u0160koda We Love Cycling - Poland","isPartOf":{"@id":"https:\/\/www.welovecycling.com\/pl\/#website"},"primaryImageOfPage":{"@id":"https:\/\/www.welovecycling.com\/pl\/2020\/09\/23\/historia-zaginionego-przed-laty-roweru-zjedzonego-przez-drzewo\/#primaryimage"},"image":{"@id":"https:\/\/www.welovecycling.com\/pl\/2020\/09\/23\/historia-zaginionego-przed-laty-roweru-zjedzonego-przez-drzewo\/#primaryimage"},"thumbnailUrl":"https:\/\/d2p6e6u75xmxt8.cloudfront.net\/5\/2020\/09\/Bicycle-Tree-Vashon-CVR-1024x450-1.jpg","datePublished":"2020-09-23T09:00:59+00:00","author":{"@id":"https:\/\/www.welovecycling.com\/pl\/#\/schema\/person\/4a79bac7bd265aa6a35a1079d36648be"},"description":"Czasami ma\u0142e k\u0142amstwa obracaj\u0105 si\u0119 przeciwko nam w najbardziej nieoczekiwanych momentach. Zupe\u0142nie jakby czai\u0142y si\u0119 w ciemno\u015bci, czekaj\u0105c na odpowiedni\u0105 chwil\u0119, aby nas zdradzi\u0107 i zdemaskowa\u0107. Zwykle spodziewamy si\u0119, \u017ce stanie si\u0119 to w ci\u0105gu tygodni lub miesi\u0119cy, ale bywa i tak, \u017ce dopadn\u0105 nas znacznie p\u00f3\u017aniej, gdy ju\u017c na dobre o nich zapomnimy.","breadcrumb":{"@id":"https:\/\/www.welovecycling.com\/pl\/2020\/09\/23\/historia-zaginionego-przed-laty-roweru-zjedzonego-przez-drzewo\/#breadcrumb"},"inLanguage":"pl-PL","potentialAction":[{"@type":"ReadAction","target":["https:\/\/www.welovecycling.com\/pl\/2020\/09\/23\/historia-zaginionego-przed-laty-roweru-zjedzonego-przez-drzewo\/"]}]},{"@type":"ImageObject","inLanguage":"pl-PL","@id":"https:\/\/www.welovecycling.com\/pl\/2020\/09\/23\/historia-zaginionego-przed-laty-roweru-zjedzonego-przez-drzewo\/#primaryimage","url":"https:\/\/d2p6e6u75xmxt8.cloudfront.net\/5\/2020\/09\/Bicycle-Tree-Vashon-CVR-1024x450-1.jpg","contentUrl":"https:\/\/d2p6e6u75xmxt8.cloudfront.net\/5\/2020\/09\/Bicycle-Tree-Vashon-CVR-1024x450-1.jpg","width":1024,"height":450},{"@type":"BreadcrumbList","@id":"https:\/\/www.welovecycling.com\/pl\/2020\/09\/23\/historia-zaginionego-przed-laty-roweru-zjedzonego-przez-drzewo\/#breadcrumb","itemListElement":[{"@type":"ListItem","position":1,"name":"Home","item":"https:\/\/www.welovecycling.com\/pl\/"},{"@type":"ListItem","position":2,"name":"Historia zaginionego przed laty roweru \u201ezjedzonego\u201d przez drzewo"}]},{"@type":"WebSite","@id":"https:\/\/www.welovecycling.com\/pl\/#website","url":"https:\/\/www.welovecycling.com\/pl\/","name":"\u0160koda We Love Cycling - Poland","description":"","potentialAction":[{"@type":"SearchAction","target":{"@type":"EntryPoint","urlTemplate":"https:\/\/www.welovecycling.com\/pl\/?s={search_term_string}"},"query-input":{"@type":"PropertyValueSpecification","valueRequired":true,"valueName":"search_term_string"}}],"inLanguage":"pl-PL"},{"@type":"Person","@id":"https:\/\/www.welovecycling.com\/pl\/#\/schema\/person\/4a79bac7bd265aa6a35a1079d36648be","name":"oktawiamikulska","image":{"@type":"ImageObject","inLanguage":"pl-PL","@id":"https:\/\/www.welovecycling.com\/pl\/#\/schema\/person\/image\/","url":"https:\/\/secure.gravatar.com\/avatar\/b97a3f44e2de6d2f8dd358975937e49823662e12cbd810b9d1a2bff1c149e8a7?s=96&d=mm&r=g","contentUrl":"https:\/\/secure.gravatar.com\/avatar\/b97a3f44e2de6d2f8dd358975937e49823662e12cbd810b9d1a2bff1c149e8a7?s=96&d=mm&r=g","caption":"oktawiamikulska"},"url":"https:\/\/www.welovecycling.com\/pl\/author\/oktawiamikulska\/"}]}},"_links":{"self":[{"href":"https:\/\/www.welovecycling.com\/pl\/wp-json\/wp\/v2\/posts\/11144","targetHints":{"allow":["GET"]}}],"collection":[{"href":"https:\/\/www.welovecycling.com\/pl\/wp-json\/wp\/v2\/posts"}],"about":[{"href":"https:\/\/www.welovecycling.com\/pl\/wp-json\/wp\/v2\/types\/post"}],"author":[{"embeddable":true,"href":"https:\/\/www.welovecycling.com\/pl\/wp-json\/wp\/v2\/users\/125"}],"replies":[{"embeddable":true,"href":"https:\/\/www.welovecycling.com\/pl\/wp-json\/wp\/v2\/comments?post=11144"}],"version-history":[{"count":1,"href":"https:\/\/www.welovecycling.com\/pl\/wp-json\/wp\/v2\/posts\/11144\/revisions"}],"predecessor-version":[{"id":11146,"href":"https:\/\/www.welovecycling.com\/pl\/wp-json\/wp\/v2\/posts\/11144\/revisions\/11146"}],"wp:featuredmedia":[{"embeddable":true,"href":"https:\/\/www.welovecycling.com\/pl\/wp-json\/wp\/v2\/media\/11145"}],"wp:attachment":[{"href":"https:\/\/www.welovecycling.com\/pl\/wp-json\/wp\/v2\/media?parent=11144"}],"wp:term":[{"taxonomy":"category","embeddable":true,"href":"https:\/\/www.welovecycling.com\/pl\/wp-json\/wp\/v2\/categories?post=11144"},{"taxonomy":"post_tag","embeddable":true,"href":"https:\/\/www.welovecycling.com\/pl\/wp-json\/wp\/v2\/tags?post=11144"},{"taxonomy":"global-categories","embeddable":true,"href":"https:\/\/www.welovecycling.com\/pl\/wp-json\/wp\/v2\/global-categories?post=11144"}],"curies":[{"name":"wp","href":"https:\/\/api.w.org\/{rel}","templated":true}]}}